{"id":992,"date":"2018-02-01T06:00:25","date_gmt":"2018-02-01T06:00:25","guid":{"rendered":"http:\/\/www.milar.es\/blog\/?p=992"},"modified":"2023-07-07T07:14:53","modified_gmt":"2023-07-07T07:14:53","slug":"guia-definitiva-de-como-instalar-un-lavavajillas-integrable-45-cm","status":"publish","type":"post","link":"https:\/\/www.milar.es\/blog\/guia-definitiva-de-como-instalar-un-lavavajillas-integrable-45-cm\/","title":{"rendered":"Gu\u00eda definitiva de c\u00f3mo instalar un lavavajillas integrable 45 cm"},"content":{"rendered":"\n<p>Cada vez son m\u00e1s las personas que optan por una cocina de <strong>tama\u00f1o reducido<\/strong>. Buscamos cocinas simples y manejables que nos hagan las tareas del hogar mucho m\u00e1s c\u00f3modas, con las que conseguimos ahorrar un poquito m\u00e1s y con las que se reducen nuestros esfuerzos. Buscamos simplicidad y sobretodo comodidad, y que mejor manera que adquiriendo un <a href=\"https:\/\/www.milar.es\/lavavajillas-integrables-cocina\/con-anchura-hasta-45-cm.html\"><strong>lavavajillas integrable 45<\/strong>&nbsp;<strong>cm<\/strong><\/a> de reducido tama\u00f1o. Desde <strong><a href=\"https:\/\/www.milar.es\/\">Milar<\/a><\/strong> te contamos todo lo que necesitas saber antes de escoger un <strong><a href=\"https:\/\/www.milar.es\/lavavajillas-cocina.html\">lavavajillas<\/a> integrable 45 cm<\/strong> para tu hogar.<\/p>\n\n\n<div class=\"wp-block-image\">\n<figure class=\"aligncenter size-large\"><img loading=\"lazy\" decoding=\"async\" width=\"700\" height=\"467\" src=\"https:\/\/www.milar.es\/blog\/wp-content\/uploads\/2022\/03\/lavavajillas-integrable-45-cm-700x467.jpg\" alt=\"lavavajillas integrable 45 cm\" class=\"wp-image-11775\" srcset=\"https:\/\/www.milar.es\/blog\/wp-content\/uploads\/2022\/03\/lavavajillas-integrable-45-cm-700x467.jpg 700w, https:\/\/www.milar.es\/blog\/wp-content\/uploads\/2022\/03\/lavavajillas-integrable-45-cm-250x167.jpg 250w, https:\/\/www.milar.es\/blog\/wp-content\/uploads\/2022\/03\/lavavajillas-integrable-45-cm-768x512.jpg 768w, https:\/\/www.milar.es\/blog\/wp-content\/uploads\/2022\/03\/lavavajillas-integrable-45-cm-120x80.jpg 120w, https:\/\/www.milar.es\/blog\/wp-content\/uploads\/2022\/03\/lavavajillas-integrable-45-cm.jpg 1200w\" sizes=\"auto, (max-width: 700px) 100vw, 700px\" \/><\/figure>\n<\/div>\n\n\n<h2 class=\"wp-block-heading has-text-align-center\"> \u00bfQu\u00e9 debes tener en cuenta sobre tu lavavajillas integrable peque\u00f1o?<\/h2>\n\n\n\n<p>Todos los modelos de <strong>lavavajillas integrables de 45 cm<\/strong> cuentan con la gran ventaja de que podremos camuflarlo tras el mueble, para un espacio mucho m\u00e1s limpio y elegante. Sin lugar a dudas, es la mejor opci\u00f3n decorativa para tu cocina. Actualmente podemos encontrar multitud de modelos de <strong>lavavajillas integrables&nbsp;45 cm baratos&nbsp;<\/strong>y que nos ofrecen muy buenas prestaciones. Si por algo se caracterizan estos lavavajillas es por ofrecernos la posibilidad de aprovechar cualquier hueco de nuestra cocina y lo mejor, pasando totalmente desapercibidos.<\/p>\n\n\n\n<p>Para instalar de la <strong>mejor&nbsp;manera un&nbsp;lavavajillas integrable 45 cm&nbsp;<\/strong>podemos recurrir a nosotros mismos sin necesidad de realizar ninguna obra y ahorr\u00e1ndonos de esta manera algo de dinerito. En primer lugar necesitaremos el hueco con las medidas exactas para colocar nuestro lavavajillas integrable y enlazar las tomas del fregadero con las del nuevo lavavajillas.<\/p>\n\n\n\n<p>Adem\u00e1s de colocar el panel de la puerta y comprobar su perfecta movilidad, tendr\u00e1s que asegurarte de que los tonillos no rayen el panel est\u00e9tico. El segundo paso es enganchar la T a la manguera de desag\u00fce del lavavajillas siguiendo las recomendaciones del manual de instrucciones. Por lo general, se suele sujetar con abrazaderas la manguera dentro de la estructura.<\/p>\n\n\n\n<p>En cuanto a los <strong>lavavajillas integrables&nbsp;45 y sus precios<\/strong>, son muy variados. Todo ello depender\u00e1 de su etiqueta energ\u00e9tica, de su n\u00famero de servicios y del n\u00famero de funciones que incorpore.<\/p>\n\n\n\n<p>Un <strong>lavavajillas integrable<\/strong> puedes instalarlo como mejor se adapte a tu cocina. Las <strong>opiniones lavavajillas integrable 45&nbsp;<\/strong>son muy variadas pero las maneras m\u00e1s comunes son instalar este tipo de lavavajillas bajo la encimera o incluso colocarlos a lo alto para no tener que agacharnos. Para ello puedes adquirir un lavavajillas de 45 cm o un lavavajillas compacto. El poder instalarlos de esta manera supone que la altura de trabajo est\u00e9 ergon\u00f3micamente situada justo al nivel de la vista. A la hora de instalar un lavavajillas integrable deberemos tener en cuenta que no tengan en su parte superior ninguna placa para evitar sobrecalentamiento o condensaci\u00f3n.<\/p>\n\n\n\n<p>Cuando recibas tu lavavajillas no te asustes, nada m\u00e1s verlo parecer\u00e1 como que est\u00e1 desnudo o le falta algo. La raz\u00f3n es porque este tipo de electrodom\u00e9sticos est\u00e1n pensados para colocarse dentro del mueble con un panel frontal que tenga el mismo dise\u00f1o que los mismos muebles de la cocina. A continuaci\u00f3n, lleva el cable a la caja el\u00e9ctrica del lavavajillas integrable y usa empalmes de pl\u00e1stico para conectar los cables. Coloca el lavavajillas en el hueco y aj\u00fastalo a la parte inferior de tu mueble. Para ello, usa los tornillos que vienen en \u00e9l para atornillar el soporte.<\/p>\n\n\n\n<h2 class=\"wp-block-heading has-text-align-center\">Modelos de lavavajillas integrables 45 cm<\/h2>\n\n\n\n<p class=\"has-text-align-center\"><strong><a href=\"https:\/\/www.milar.es\/lavavajillas-integrables-balay-3vt4010na-aplus.html\">Lavavajillas Integrables Balay 3VT4010NA F<\/a><\/strong><\/p>\n\n\n\n<p>Este <strong><strong>lavavajillas Integrables <a href=\"https:\/\/www.milar.es\/balay.html\">Balay<\/a> 3VT4010NA F<\/strong><\/strong> es totalmente integrable con una puerta blanca brillante. Es de reducido tama\u00f1o pero incorpora grandes funcionalidades y programas especiales. Por ejemplo con el programa de 1 hora, tendr\u00e1s tu vajilla limpia y seca en tan solo 60 minutos. \u00bfNo has llenado todo el lavavajillas? No pasar\u00eda nada ya que podr\u00e1s utilizar el <strong><a href=\"https:\/\/www.milar.es\/lavavajillas-integrables-cocina\/de-balay\/con-anchura-hasta-45-cm.html\">lavavajillas integrable Balay<\/a><\/strong> a media carga en cualquiera de sus cestas.<\/p>\n\n\n<div class=\"wp-block-image\">\n<figure class=\"aligncenter size-large\"><a href=\"https:\/\/www.milar.es\/lavavajillas-integrables-balay-3vt4010na-aplus.html\"><img loading=\"lazy\" decoding=\"async\" width=\"700\" height=\"256\" src=\"https:\/\/www.milar.es\/blog\/wp-content\/uploads\/2022\/03\/lavavajillas-integrables-balay-3vt4010na-f-700x256.jpg\" alt=\"Lavavajillas Integrables Balay 3VT4010NA F\" class=\"wp-image-11778\" srcset=\"https:\/\/www.milar.es\/blog\/wp-content\/uploads\/2022\/03\/lavavajillas-integrables-balay-3vt4010na-f-700x256.jpg 700w, https:\/\/www.milar.es\/blog\/wp-content\/uploads\/2022\/03\/lavavajillas-integrables-balay-3vt4010na-f-250x91.jpg 250w, https:\/\/www.milar.es\/blog\/wp-content\/uploads\/2022\/03\/lavavajillas-integrables-balay-3vt4010na-f-768x281.jpg 768w, https:\/\/www.milar.es\/blog\/wp-content\/uploads\/2022\/03\/lavavajillas-integrables-balay-3vt4010na-f-120x44.jpg 120w, https:\/\/www.milar.es\/blog\/wp-content\/uploads\/2022\/03\/lavavajillas-integrables-balay-3vt4010na-f.jpg 1200w\" sizes=\"auto, (max-width: 700px) 100vw, 700px\" \/><\/a><\/figure>\n<\/div>\n\n\n<p class=\"has-text-align-center\"><strong><a href=\"https:\/\/www.milar.es\/lavavajillas-integrables-siemens-sr65zx11me-aplusplusplus.html\">Lavavajillas Integrables Siemens SR65ZX11ME C<\/a><\/strong><\/p>\n\n\n\n<p>Con este <strong>lavavajillas Integrables <a href=\"https:\/\/www.milar.es\/siemens.html\">Siemens<\/a> SR65ZX11ME C<\/strong> vas a mantener el estilo de tu cocina aportando un <strong>toque extra de personalidad y dise\u00f1o<\/strong>. Gracias al acabado de tu <strong>lavavajillas Siemens<\/strong> de <strong>color negro y acero<\/strong> podr\u00e1s lavar en un solo ciclo de <strong>lavado hasta 10 cubiertos<\/strong>. Adem\u00e1s, al ser un <strong><a href=\"https:\/\/www.milar.es\/blog\/lavavajillas-con-3-bandejas-gran-capacidad-de-los-lavavajillas-balay\/\">lavavajillas con 3 bandejas,<\/a><\/strong> podr\u00e1s introducir todos los cubiertos y peque\u00f1as tazas en la bandeja superior y contar a\u00fan con otras dos cestas para lo dem\u00e1s. Por eso, podr\u00e1s convertirte en el anfitri\u00f3n de todas comidas familiares. \u00a1No lo pienses m\u00e1s y elige tu <strong><a href=\"https:\/\/www.milar.es\/lavavajillas-integrables-cocina\/de-siemens\/con-anchura-hasta-45-cm.html\">frigor\u00edfico Siemens de 45 cm<\/a><\/strong>!<\/p>\n\n\n<div class=\"wp-block-image\">\n<figure class=\"aligncenter size-large\"><a href=\"https:\/\/www.milar.es\/lavavajillas-integrables-siemens-sr65zx11me-aplusplusplus.html\"><img loading=\"lazy\" decoding=\"async\" width=\"700\" height=\"256\" src=\"https:\/\/www.milar.es\/blog\/wp-content\/uploads\/2022\/03\/lavavajillas-integrables-siemens-sr65zx11me-c-700x256.jpg\" alt=\"Lavavajillas Integrables Siemens SR65ZX11ME C\" class=\"wp-image-11779\" srcset=\"https:\/\/www.milar.es\/blog\/wp-content\/uploads\/2022\/03\/lavavajillas-integrables-siemens-sr65zx11me-c-700x256.jpg 700w, https:\/\/www.milar.es\/blog\/wp-content\/uploads\/2022\/03\/lavavajillas-integrables-siemens-sr65zx11me-c-250x91.jpg 250w, https:\/\/www.milar.es\/blog\/wp-content\/uploads\/2022\/03\/lavavajillas-integrables-siemens-sr65zx11me-c-768x281.jpg 768w, https:\/\/www.milar.es\/blog\/wp-content\/uploads\/2022\/03\/lavavajillas-integrables-siemens-sr65zx11me-c-120x44.jpg 120w, https:\/\/www.milar.es\/blog\/wp-content\/uploads\/2022\/03\/lavavajillas-integrables-siemens-sr65zx11me-c.jpg 1200w\" sizes=\"auto, (max-width: 700px) 100vw, 700px\" \/><\/a><\/figure>\n<\/div>\n\n\n<p class=\"has-text-align-center\"><strong><a href=\"https:\/\/www.milar.es\/lavavajillas-integrables-bosch-srv2hkx41e.html\">Lavavajillas Integrables Bosch SRV2HKX41E<\/a><\/strong><\/p>\n\n\n\n<p>Con este <strong><a href=\"https:\/\/www.milar.es\/lavavajillas-integrables-cocina\/de-bosch\/con-anchura-hasta-45-cm.html\">lavavajillas Integrables Bosch<\/a> SRV2HKX41E<\/strong> de<strong> 448 mm de anchura<\/strong>, vas atener un estilo de lo m\u00e1s innovador en tu cocina. Este <strong>lavavajillas <a href=\"https:\/\/www.milar.es\/bosch.html\">Bosch<\/a> <\/strong>te mostrar\u00e1 el estado de cada uno de sus ciclos gracias a su pantalla. Cuenta con la <strong>funci\u00f3n inicio diferido<\/strong> podr\u00e1s ser t\u00fa el que decida cuando quieres tener lista la vajilla. Lo mejor de todo es que cuenta con diferentes programas especiales de lavado para que sea el tipo de vajilla que sea, se lave a la perfecci\u00f3n.<\/p>\n\n\n<div class=\"wp-block-image\">\n<figure class=\"aligncenter size-large\"><a href=\"https:\/\/www.milar.es\/lavavajillas-integrables-bosch-srv2hkx41e.html\"><img loading=\"lazy\" decoding=\"async\" width=\"700\" height=\"256\" src=\"https:\/\/www.milar.es\/blog\/wp-content\/uploads\/2022\/03\/lavavajillas-integrables-bosch-srv2hkx41e-700x256.jpg\" alt=\"Lavavajillas Integrables Bosch SRV2HKX41E \" class=\"wp-image-11780\" srcset=\"https:\/\/www.milar.es\/blog\/wp-content\/uploads\/2022\/03\/lavavajillas-integrables-bosch-srv2hkx41e-700x256.jpg 700w, https:\/\/www.milar.es\/blog\/wp-content\/uploads\/2022\/03\/lavavajillas-integrables-bosch-srv2hkx41e-250x91.jpg 250w, https:\/\/www.milar.es\/blog\/wp-content\/uploads\/2022\/03\/lavavajillas-integrables-bosch-srv2hkx41e-768x281.jpg 768w, https:\/\/www.milar.es\/blog\/wp-content\/uploads\/2022\/03\/lavavajillas-integrables-bosch-srv2hkx41e-120x44.jpg 120w, https:\/\/www.milar.es\/blog\/wp-content\/uploads\/2022\/03\/lavavajillas-integrables-bosch-srv2hkx41e.jpg 1200w\" sizes=\"auto, (max-width: 700px) 100vw, 700px\" \/><\/a><\/figure>\n<\/div>\n\n\n<p>Si est\u00e1s pensando e adquirir uno de ellos, en <strong>Milar<\/strong>&nbsp;te ofrecemos una gran variedad de modelos de las mejores marcas. <strong>Lavavajillas integrable 45 inoxidable<\/strong>, lavavajillas integrables de color blanco, incluso con dise\u00f1os en madera. Diferentes dise\u00f1os para todo tipo de cocinas.<\/p>\n\n\n\n<p>Os dejamos estos art\u00edculos que pueden interesarte:<\/p>\n\n\n\n<p><a href=\"https:\/\/www.milar.es\/blog\/descubre-todas-las-caracteristicas-los-lavavajillas-bosch-hacerte-tuyo\/\"><strong>Descubre todas las caracter\u00edsticas de los lavavajillas Bosch antes de hacerte con el tuyo<\/strong><\/a><\/p>\n\n\n\n<p><strong><a href=\"https:\/\/www.milar.es\/blog\/lavavajillas-rapidos-comparativa-las-marcas-lavavajillas-mas-rapidas-del-mercado\/\">Lavavajillas r\u00e1pidos. Comparativa de las marcas de lavavajillas m\u00e1s r\u00e1pidas del mercado<\/a><\/strong><\/p>\n\n\n\n<p><a href=\"https:\/\/www.milar.es\/blog\/cuales-son-los-lavavajillas-mas-silenciosos\/\"><strong>\u00bfCu\u00e1les son los&nbsp;lavavajillas&nbsp;m\u00e1s silenciosos?<\/strong><\/a><\/p>\n","protected":false},"excerpt":{"rendered":"Cada vez son m\u00e1s las personas que optan por una cocina de tama\u00f1o reducido. Buscamos cocinas simples y manejables que nos hagan las tareas del hogar mucho m\u00e1s c\u00f3modas, con las que conseguimos ahorrar un poquito m\u00e1s y con las que se reducen nuestros esfuerzos. Buscamos simplicidad y sobretodo comodidad,&#8230; <a class=\"view-article\" href=\"https:\/\/www.milar.es\/blog\/guia-definitiva-de-como-instalar-un-lavavajillas-integrable-45-cm\/\">Ver art\u00edculo<\/a>","protected":false},"author":1,"featured_media":11775,"comment_status":"closed","ping_status":"closed","sticky":false,"template":"","format":"standard","meta":{"footnotes":""},"categories":[2,12],"tags":[],"class_list":["post-992","post","type-post","status-publish","format-standard","has-post-thumbnail","hentry","category-electrodomesticos","category-lavavajillas"],"yoast_head":"<!-- This site is optimized with the Yoast SEO plugin v27.5 - https:\/\/yoast.com\/product\/yoast-seo-wordpress\/ -->\n<title>Gu\u00eda definitiva de c\u00f3mo instalar un lavavajillas integrable 45 cm - Milar Tendencias de electrodom\u00e9sticos<\/title>\n<meta name=\"description\" content=\"\u00bfBuscando un lavavajillas integrable 45 cm para tu peque\u00f1a cocina? Desde Milar te aconsejamos algunos modelos que puedes llevar a tu hogar.\" \/>\n<meta name=\"robots\" content=\"index, follow, max-snippet:-1, max-image-preview:large, max-video-preview:-1\" \/>\n<link rel=\"canonical\" href=\"https:\/\/www.milar.es\/blog\/guia-definitiva-de-como-instalar-un-lavavajillas-integrable-45-cm\/\" \/>\n<meta property=\"og:locale\" content=\"es_ES\" \/>\n<meta property=\"og:type\" content=\"article\" \/>\n<meta property=\"og:title\" content=\"Gu\u00eda definitiva de c\u00f3mo instalar un lavavajillas integrable 45 cm - Milar Tendencias de electrodom\u00e9sticos\" \/>\n<meta property=\"og:description\" content=\"\u00bfBuscando un lavavajillas integrable 45 cm para tu peque\u00f1a cocina? Desde Milar te aconsejamos algunos modelos que puedes llevar a tu hogar.\" \/>\n<meta property=\"og:url\" content=\"https:\/\/www.milar.es\/blog\/guia-definitiva-de-como-instalar-un-lavavajillas-integrable-45-cm\/\" \/>\n<meta property=\"og:site_name\" content=\"Milar Tendencias de electrodom\u00e9sticos\" \/>\n<meta property=\"article:published_time\" content=\"2018-02-01T06:00:25+00:00\" \/>\n<meta property=\"article:modified_time\" content=\"2023-07-07T07:14:53+00:00\" \/>\n<meta property=\"og:image\" content=\"https:\/\/www.milar.es\/blog\/wp-content\/uploads\/2022\/03\/lavavajillas-integrable-45-cm.jpg\" \/>\n\t<meta property=\"og:image:width\" content=\"1200\" \/>\n\t<meta property=\"og:image:height\" content=\"800\" \/>\n\t<meta property=\"og:image:type\" content=\"image\/jpeg\" \/>\n<meta name=\"author\" content=\"Milar\" \/>\n<meta name=\"twitter:card\" content=\"summary_large_image\" \/>\n<meta name=\"twitter:label1\" content=\"Escrito por\" \/>\n\t<meta name=\"twitter:data1\" content=\"Milar\" \/>\n\t<meta name=\"twitter:label2\" content=\"Tiempo de lectura\" \/>\n\t<meta name=\"twitter:data2\" content=\"5 minutos\" \/>\n<script type=\"application\/ld+json\" class=\"yoast-schema-graph\">{\"@context\":\"https:\\\/\\\/schema.org\",\"@graph\":[{\"@type\":\"Article\",\"@id\":\"https:\\\/\\\/www.milar.es\\\/blog\\\/guia-definitiva-de-como-instalar-un-lavavajillas-integrable-45-cm\\\/#article\",\"isPartOf\":{\"@id\":\"https:\\\/\\\/www.milar.es\\\/blog\\\/guia-definitiva-de-como-instalar-un-lavavajillas-integrable-45-cm\\\/\"},\"author\":{\"name\":\"Milar\",\"@id\":\"https:\\\/\\\/www.milar.es\\\/blog\\\/#\\\/schema\\\/person\\\/a63c4965e2d32a22be88aabb90c4f11f\"},\"headline\":\"Gu\u00eda definitiva de c\u00f3mo instalar un lavavajillas integrable 45 cm\",\"datePublished\":\"2018-02-01T06:00:25+00:00\",\"dateModified\":\"2023-07-07T07:14:53+00:00\",\"mainEntityOfPage\":{\"@id\":\"https:\\\/\\\/www.milar.es\\\/blog\\\/guia-definitiva-de-como-instalar-un-lavavajillas-integrable-45-cm\\\/\"},\"wordCount\":958,\"image\":{\"@id\":\"https:\\\/\\\/www.milar.es\\\/blog\\\/guia-definitiva-de-como-instalar-un-lavavajillas-integrable-45-cm\\\/#primaryimage\"},\"thumbnailUrl\":\"https:\\\/\\\/www.milar.es\\\/blog\\\/wp-content\\\/uploads\\\/2022\\\/03\\\/lavavajillas-integrable-45-cm.jpg\",\"articleSection\":[\"Electrodom\u00e9sticos\",\"Lavavajillas\"],\"inLanguage\":\"es\"},{\"@type\":\"WebPage\",\"@id\":\"https:\\\/\\\/www.milar.es\\\/blog\\\/guia-definitiva-de-como-instalar-un-lavavajillas-integrable-45-cm\\\/\",\"url\":\"https:\\\/\\\/www.milar.es\\\/blog\\\/guia-definitiva-de-como-instalar-un-lavavajillas-integrable-45-cm\\\/\",\"name\":\"Gu\u00eda definitiva de c\u00f3mo instalar un lavavajillas integrable 45 cm - Milar Tendencias de electrodom\u00e9sticos\",\"isPartOf\":{\"@id\":\"https:\\\/\\\/www.milar.es\\\/blog\\\/#website\"},\"primaryImageOfPage\":{\"@id\":\"https:\\\/\\\/www.milar.es\\\/blog\\\/guia-definitiva-de-como-instalar-un-lavavajillas-integrable-45-cm\\\/#primaryimage\"},\"image\":{\"@id\":\"https:\\\/\\\/www.milar.es\\\/blog\\\/guia-definitiva-de-como-instalar-un-lavavajillas-integrable-45-cm\\\/#primaryimage\"},\"thumbnailUrl\":\"https:\\\/\\\/www.milar.es\\\/blog\\\/wp-content\\\/uploads\\\/2022\\\/03\\\/lavavajillas-integrable-45-cm.jpg\",\"datePublished\":\"2018-02-01T06:00:25+00:00\",\"dateModified\":\"2023-07-07T07:14:53+00:00\",\"author\":{\"@id\":\"https:\\\/\\\/www.milar.es\\\/blog\\\/#\\\/schema\\\/person\\\/a63c4965e2d32a22be88aabb90c4f11f\"},\"description\":\"\u00bfBuscando un lavavajillas integrable 45 cm para tu peque\u00f1a cocina? Desde Milar te aconsejamos algunos modelos que puedes llevar a tu hogar.\",\"breadcrumb\":{\"@id\":\"https:\\\/\\\/www.milar.es\\\/blog\\\/guia-definitiva-de-como-instalar-un-lavavajillas-integrable-45-cm\\\/#breadcrumb\"},\"inLanguage\":\"es\",\"potentialAction\":[{\"@type\":\"ReadAction\",\"target\":[\"https:\\\/\\\/www.milar.es\\\/blog\\\/guia-definitiva-de-como-instalar-un-lavavajillas-integrable-45-cm\\\/\"]}]},{\"@type\":\"ImageObject\",\"inLanguage\":\"es\",\"@id\":\"https:\\\/\\\/www.milar.es\\\/blog\\\/guia-definitiva-de-como-instalar-un-lavavajillas-integrable-45-cm\\\/#primaryimage\",\"url\":\"https:\\\/\\\/www.milar.es\\\/blog\\\/wp-content\\\/uploads\\\/2022\\\/03\\\/lavavajillas-integrable-45-cm.jpg\",\"contentUrl\":\"https:\\\/\\\/www.milar.es\\\/blog\\\/wp-content\\\/uploads\\\/2022\\\/03\\\/lavavajillas-integrable-45-cm.jpg\",\"width\":1200,\"height\":800,\"caption\":\"lavavajillas integrable 45 cm\"},{\"@type\":\"BreadcrumbList\",\"@id\":\"https:\\\/\\\/www.milar.es\\\/blog\\\/guia-definitiva-de-como-instalar-un-lavavajillas-integrable-45-cm\\\/#breadcrumb\",\"itemListElement\":[{\"@type\":\"ListItem\",\"position\":1,\"name\":\"Home\",\"item\":\"https:\\\/\\\/www.milar.es\\\/blog\\\/\"},{\"@type\":\"ListItem\",\"position\":2,\"name\":\"Gu\u00eda definitiva de c\u00f3mo instalar un lavavajillas integrable 45 cm\"}]},{\"@type\":\"WebSite\",\"@id\":\"https:\\\/\\\/www.milar.es\\\/blog\\\/#website\",\"url\":\"https:\\\/\\\/www.milar.es\\\/blog\\\/\",\"name\":\"Milar Tendencias de electrodom\u00e9sticos\",\"description\":\"\",\"potentialAction\":[{\"@type\":\"SearchAction\",\"target\":{\"@type\":\"EntryPoint\",\"urlTemplate\":\"https:\\\/\\\/www.milar.es\\\/blog\\\/?s={search_term_string}\"},\"query-input\":{\"@type\":\"PropertyValueSpecification\",\"valueRequired\":true,\"valueName\":\"search_term_string\"}}],\"inLanguage\":\"es\"},{\"@type\":\"Person\",\"@id\":\"https:\\\/\\\/www.milar.es\\\/blog\\\/#\\\/schema\\\/person\\\/a63c4965e2d32a22be88aabb90c4f11f\",\"name\":\"Milar\",\"image\":{\"@type\":\"ImageObject\",\"inLanguage\":\"es\",\"@id\":\"https:\\\/\\\/secure.gravatar.com\\\/avatar\\\/1ff5211459d04644acdbe2d949c2a8626dc0f1e355d4830331235d147f36505a?s=96&d=mm&r=g\",\"url\":\"https:\\\/\\\/secure.gravatar.com\\\/avatar\\\/1ff5211459d04644acdbe2d949c2a8626dc0f1e355d4830331235d147f36505a?s=96&d=mm&r=g\",\"contentUrl\":\"https:\\\/\\\/secure.gravatar.com\\\/avatar\\\/1ff5211459d04644acdbe2d949c2a8626dc0f1e355d4830331235d147f36505a?s=96&d=mm&r=g\",\"caption\":\"Milar\"}}]}<\/script>\n<!-- \/ Yoast SEO plugin. -->","yoast_head_json":{"title":"Gu\u00eda definitiva de c\u00f3mo instalar un lavavajillas integrable 45 cm - Milar Tendencias de electrodom\u00e9sticos","description":"\u00bfBuscando un lavavajillas integrable 45 cm para tu peque\u00f1a cocina? Desde Milar te aconsejamos algunos modelos que puedes llevar a tu hogar.","robots":{"index":"index","follow":"follow","max-snippet":"max-snippet:-1","max-image-preview":"max-image-preview:large","max-video-preview":"max-video-preview:-1"},"canonical":"https:\/\/www.milar.es\/blog\/guia-definitiva-de-como-instalar-un-lavavajillas-integrable-45-cm\/","og_locale":"es_ES","og_type":"article","og_title":"Gu\u00eda definitiva de c\u00f3mo instalar un lavavajillas integrable 45 cm - Milar Tendencias de electrodom\u00e9sticos","og_description":"\u00bfBuscando un lavavajillas integrable 45 cm para tu peque\u00f1a cocina? Desde Milar te aconsejamos algunos modelos que puedes llevar a tu hogar.","og_url":"https:\/\/www.milar.es\/blog\/guia-definitiva-de-como-instalar-un-lavavajillas-integrable-45-cm\/","og_site_name":"Milar Tendencias de electrodom\u00e9sticos","article_published_time":"2018-02-01T06:00:25+00:00","article_modified_time":"2023-07-07T07:14:53+00:00","og_image":[{"width":1200,"height":800,"url":"https:\/\/www.milar.es\/blog\/wp-content\/uploads\/2022\/03\/lavavajillas-integrable-45-cm.jpg","type":"image\/jpeg"}],"author":"Milar","twitter_card":"summary_large_image","twitter_misc":{"Escrito por":"Milar","Tiempo de lectura":"5 minutos"},"schema":{"@context":"https:\/\/schema.org","@graph":[{"@type":"Article","@id":"https:\/\/www.milar.es\/blog\/guia-definitiva-de-como-instalar-un-lavavajillas-integrable-45-cm\/#article","isPartOf":{"@id":"https:\/\/www.milar.es\/blog\/guia-definitiva-de-como-instalar-un-lavavajillas-integrable-45-cm\/"},"author":{"name":"Milar","@id":"https:\/\/www.milar.es\/blog\/#\/schema\/person\/a63c4965e2d32a22be88aabb90c4f11f"},"headline":"Gu\u00eda definitiva de c\u00f3mo instalar un lavavajillas integrable 45 cm","datePublished":"2018-02-01T06:00:25+00:00","dateModified":"2023-07-07T07:14:53+00:00","mainEntityOfPage":{"@id":"https:\/\/www.milar.es\/blog\/guia-definitiva-de-como-instalar-un-lavavajillas-integrable-45-cm\/"},"wordCount":958,"image":{"@id":"https:\/\/www.milar.es\/blog\/guia-definitiva-de-como-instalar-un-lavavajillas-integrable-45-cm\/#primaryimage"},"thumbnailUrl":"https:\/\/www.milar.es\/blog\/wp-content\/uploads\/2022\/03\/lavavajillas-integrable-45-cm.jpg","articleSection":["Electrodom\u00e9sticos","Lavavajillas"],"inLanguage":"es"},{"@type":"WebPage","@id":"https:\/\/www.milar.es\/blog\/guia-definitiva-de-como-instalar-un-lavavajillas-integrable-45-cm\/","url":"https:\/\/www.milar.es\/blog\/guia-definitiva-de-como-instalar-un-lavavajillas-integrable-45-cm\/","name":"Gu\u00eda definitiva de c\u00f3mo instalar un lavavajillas integrable 45 cm - Milar Tendencias de electrodom\u00e9sticos","isPartOf":{"@id":"https:\/\/www.milar.es\/blog\/#website"},"primaryImageOfPage":{"@id":"https:\/\/www.milar.es\/blog\/guia-definitiva-de-como-instalar-un-lavavajillas-integrable-45-cm\/#primaryimage"},"image":{"@id":"https:\/\/www.milar.es\/blog\/guia-definitiva-de-como-instalar-un-lavavajillas-integrable-45-cm\/#primaryimage"},"thumbnailUrl":"https:\/\/www.milar.es\/blog\/wp-content\/uploads\/2022\/03\/lavavajillas-integrable-45-cm.jpg","datePublished":"2018-02-01T06:00:25+00:00","dateModified":"2023-07-07T07:14:53+00:00","author":{"@id":"https:\/\/www.milar.es\/blog\/#\/schema\/person\/a63c4965e2d32a22be88aabb90c4f11f"},"description":"\u00bfBuscando un lavavajillas integrable 45 cm para tu peque\u00f1a cocina? Desde Milar te aconsejamos algunos modelos que puedes llevar a tu hogar.","breadcrumb":{"@id":"https:\/\/www.milar.es\/blog\/guia-definitiva-de-como-instalar-un-lavavajillas-integrable-45-cm\/#breadcrumb"},"inLanguage":"es","potentialAction":[{"@type":"ReadAction","target":["https:\/\/www.milar.es\/blog\/guia-definitiva-de-como-instalar-un-lavavajillas-integrable-45-cm\/"]}]},{"@type":"ImageObject","inLanguage":"es","@id":"https:\/\/www.milar.es\/blog\/guia-definitiva-de-como-instalar-un-lavavajillas-integrable-45-cm\/#primaryimage","url":"https:\/\/www.milar.es\/blog\/wp-content\/uploads\/2022\/03\/lavavajillas-integrable-45-cm.jpg","contentUrl":"https:\/\/www.milar.es\/blog\/wp-content\/uploads\/2022\/03\/lavavajillas-integrable-45-cm.jpg","width":1200,"height":800,"caption":"lavavajillas integrable 45 cm"},{"@type":"BreadcrumbList","@id":"https:\/\/www.milar.es\/blog\/guia-definitiva-de-como-instalar-un-lavavajillas-integrable-45-cm\/#breadcrumb","itemListElement":[{"@type":"ListItem","position":1,"name":"Home","item":"https:\/\/www.milar.es\/blog\/"},{"@type":"ListItem","position":2,"name":"Gu\u00eda definitiva de c\u00f3mo instalar un lavavajillas integrable 45 cm"}]},{"@type":"WebSite","@id":"https:\/\/www.milar.es\/blog\/#website","url":"https:\/\/www.milar.es\/blog\/","name":"Milar Tendencias de electrodom\u00e9sticos","description":"","potentialAction":[{"@type":"SearchAction","target":{"@type":"EntryPoint","urlTemplate":"https:\/\/www.milar.es\/blog\/?s={search_term_string}"},"query-input":{"@type":"PropertyValueSpecification","valueRequired":true,"valueName":"search_term_string"}}],"inLanguage":"es"},{"@type":"Person","@id":"https:\/\/www.milar.es\/blog\/#\/schema\/person\/a63c4965e2d32a22be88aabb90c4f11f","name":"Milar","image":{"@type":"ImageObject","inLanguage":"es","@id":"https:\/\/secure.gravatar.com\/avatar\/1ff5211459d04644acdbe2d949c2a8626dc0f1e355d4830331235d147f36505a?s=96&d=mm&r=g","url":"https:\/\/secure.gravatar.com\/avatar\/1ff5211459d04644acdbe2d949c2a8626dc0f1e355d4830331235d147f36505a?s=96&d=mm&r=g","contentUrl":"https:\/\/secure.gravatar.com\/avatar\/1ff5211459d04644acdbe2d949c2a8626dc0f1e355d4830331235d147f36505a?s=96&d=mm&r=g","caption":"Milar"}}]}},"_links":{"self":[{"href":"https:\/\/www.milar.es\/blog\/wp-json\/wp\/v2\/posts\/992","targetHints":{"allow":["GET"]}}],"collection":[{"href":"https:\/\/www.milar.es\/blog\/wp-json\/wp\/v2\/posts"}],"about":[{"href":"https:\/\/www.milar.es\/blog\/wp-json\/wp\/v2\/types\/post"}],"author":[{"embeddable":true,"href":"https:\/\/www.milar.es\/blog\/wp-json\/wp\/v2\/users\/1"}],"replies":[{"embeddable":true,"href":"https:\/\/www.milar.es\/blog\/wp-json\/wp\/v2\/comments?post=992"}],"version-history":[{"count":8,"href":"https:\/\/www.milar.es\/blog\/wp-json\/wp\/v2\/posts\/992\/revisions"}],"predecessor-version":[{"id":13514,"href":"https:\/\/www.milar.es\/blog\/wp-json\/wp\/v2\/posts\/992\/revisions\/13514"}],"wp:featuredmedia":[{"embeddable":true,"href":"https:\/\/www.milar.es\/blog\/wp-json\/wp\/v2\/media\/11775"}],"wp:attachment":[{"href":"https:\/\/www.milar.es\/blog\/wp-json\/wp\/v2\/media?parent=992"}],"wp:term":[{"taxonomy":"category","embeddable":true,"href":"https:\/\/www.milar.es\/blog\/wp-json\/wp\/v2\/categories?post=992"},{"taxonomy":"post_tag","embeddable":true,"href":"https:\/\/www.milar.es\/blog\/wp-json\/wp\/v2\/tags?post=992"}],"curies":[{"name":"wp","href":"https:\/\/api.w.org\/{rel}","templated":true}]}}