{"id":9804,"date":"2022-05-02T11:09:00","date_gmt":"2022-05-02T11:09:00","guid":{"rendered":"https:\/\/www.milar.es\/blog\/?p=9804"},"modified":"2025-05-30T07:30:20","modified_gmt":"2025-05-30T07:30:20","slug":"nuevos-frigorificos-bespoke-de-samsung-lo-ultimo-en-diseno","status":"publish","type":"post","link":"https:\/\/www.milar.es\/blog\/nuevos-frigorificos-bespoke-de-samsung-lo-ultimo-en-diseno\/","title":{"rendered":"Nuevos frigor\u00edficos Bespoke de Samsung, lo \u00faltimo en dise\u00f1o"},"content":{"rendered":"\n<p>La cocina es uno de los espacios centrales del hogar: all\u00ed se re\u00fane la familia para comentar lo sucedido en el d\u00eda, se prepara comida, se hacen deberes, etc. Como es un espacio compartido, \u00a1qu\u00e9 mejor que instalar <strong><a href=\"https:\/\/www.milar.es\/gran-electrodomestico-cocina.html\" target=\"_blank\" rel=\"noreferrer noopener\">grandes electrodom\u00e9sticos<\/a><\/strong> que hagan nuestro tiempo en esta estancia muy agradable! Los <strong><a href=\"https:\/\/www.milar.es\/frigorificos-cocina.html\" target=\"_blank\" rel=\"noreferrer noopener\">frigor\u00edficos<\/a> <\/strong>son uno de los aparatos que m\u00e1s usamos y cada cierto tiempo los fabricantes innovan con modelos m\u00e1s modernos, ya sea incorporando nuevas prestaciones o acabados muy estilosos. \u00bfY si te digo que los <strong>nuevos frigor\u00edficos Bespoke de Samsung <\/strong>te van a proporcionar tanto dise\u00f1o como \u00faltima tecnolog\u00eda? En este post de <strong><a href=\"https:\/\/www.milar.es\/\" target=\"_blank\" rel=\"noreferrer noopener\">Milar<\/a><\/strong> te contamos todo sobre los \u00faltimos modelos de <strong>frigor\u00edficos Samsung<\/strong>. <\/p>\n\n\n<div class=\"wp-block-image\">\n<figure class=\"aligncenter size-large\"><img loading=\"lazy\" decoding=\"async\" width=\"700\" height=\"467\" src=\"https:\/\/www.milar.es\/blog\/wp-content\/uploads\/2021\/08\/frigorificos-bespoke-700x467.jpg\" alt=\"\" class=\"wp-image-9806\" srcset=\"https:\/\/www.milar.es\/blog\/wp-content\/uploads\/2021\/08\/frigorificos-bespoke-700x467.jpg 700w, https:\/\/www.milar.es\/blog\/wp-content\/uploads\/2021\/08\/frigorificos-bespoke-250x167.jpg 250w, https:\/\/www.milar.es\/blog\/wp-content\/uploads\/2021\/08\/frigorificos-bespoke-768x512.jpg 768w, https:\/\/www.milar.es\/blog\/wp-content\/uploads\/2021\/08\/frigorificos-bespoke-120x80.jpg 120w, https:\/\/www.milar.es\/blog\/wp-content\/uploads\/2021\/08\/frigorificos-bespoke.jpg 1200w\" sizes=\"auto, (max-width: 700px) 100vw, 700px\" \/><\/figure>\n<\/div>\n\n\n<h2 class=\"wp-block-heading has-text-align-center\">\u00bfC\u00f3mo instalar un nuevo frigor\u00edfico Bespoke de Samsung?<\/h2>\n\n\n\n<p>Quiz\u00e1s sea una de las primeras preguntas que te hagas cuando est\u00e9s buscando un nuevo frigor\u00edfico. Pues bien, con los <strong>frigor\u00edficos Bespoke de Samsung <\/strong>ser\u00e1 el aparato quien se adapte a tu espacio y no al rev\u00e9s. S\u00ed, lo que lees. Y es que esta gama de<strong> <a href=\"https:\/\/www.milar.es\/frigorificos-cocina\/de-samsung.html\" target=\"_blank\" rel=\"noreferrer noopener\">frigor\u00edficos Samsung<\/a><\/strong> cuenta con un menor grosor en sus paredes debido a la <strong>tecnolog\u00eda SpaceMax<\/strong>. As\u00ed, se pueden llegar a alcanzar capacidades interiores de hasta<strong> 390 litros<\/strong>. Eso s\u00ed, la <strong>profundidad <\/strong>no se ver\u00e1 afectada, siendo la m\u00e1xima de <strong>600 mm<\/strong>. Por ello, este modelo siempre estar\u00e1 alineado con nuestros muebles. <\/p>\n\n\n\n<p>Es decir, sea como sea el dise\u00f1o de tu cocina y el tama\u00f1o de tu familia encontrar\u00e1s tus necesidades cubiertas con estos <strong>frigor\u00edficos Bespoke<\/strong>. Disponibles en<strong> 185 mm de altura<\/strong> y<strong> 200 mm de altura<\/strong>, estos modelos <strong>Samsung <\/strong>se encuentran en cuatro colores diferentes. Si el dise\u00f1o de tu cocina es m\u00e1s bien cl\u00e1sico y no quieres innovar mucho, podr\u00e1s escoger su acabado <strong>blanco<\/strong> o<strong> stainless real<\/strong> <strong>inox<\/strong>. \u00bfBuscas algo m\u00e1s innovador? Elige cualquier modelo Bespoke <strong>sating beige<\/strong> o <strong>glam naive<\/strong>. \u00a1T\u00fa decides! <\/p>\n\n\n\n<h2 class=\"wp-block-heading has-text-align-center\">El dise\u00f1o, aspecto clave en los frigor\u00edficos Bespoke Samsung<\/h2>\n\n\n\n<p>Todos estos electrodom\u00e9sticos pueden combinarse entre s\u00ed, por lo que las posibilidades de creaci\u00f3n son casi infinitas. Por ejemplo podr\u00e1s combinar un <strong>frigor\u00edfico Bespoke blanco<\/strong> con un <strong>frigor\u00edfico Bespoke glam naive<\/strong>. Lo \u00fanico que tendr\u00e1s que tener en cuenta es la <strong>altura<\/strong>. \u00bfNecesitas m\u00e1s capacidad? No hay problema. Con <strong>Bespoke <\/strong>tambi\u00e9n podr\u00e1s a\u00f1adir un <strong><a href=\"https:\/\/www.milar.es\/congeladores-cocina.html\" target=\"_blank\" rel=\"noreferrer noopener\">congelador<\/a><\/strong> extra y suplir esa falta de espacio.  <\/p>\n\n\n\n<p>Pero, adem\u00e1s de todas estas innovaciones la nueva gama Bespoke va m\u00e1s all\u00e1. Y es que consigue alcanzar la <strong>m\u00e1xima eficiencia energ\u00e9tica<\/strong> del mercado dentro del <strong><a href=\"https:\/\/www.milar.es\/blog\/conoce-etiquetado-energetico-los-electrodomesticos-detalle\/\">etiquetado energ\u00e9tico en los electrodom\u00e9sticos<\/a><\/strong>. Es decir, no solamente lograr\u00e1s una gran capacidad y un dise\u00f1o muy vers\u00e1til, tambi\u00e9n obtendr\u00e1s en tu hogar un aparato muy eficiente. \u00bfLo mejor? Los <strong>paneles <\/strong>de estos <strong>frigor\u00edficos Samsung <\/strong>son <strong>intercambiables<\/strong> y modulares. Esto viene bien, por ejemplo, cuando nos mudamos o cambiamos el dise\u00f1o de nuestra cocina, extendiendo la<strong> durabilidad<\/strong> del electrodom\u00e9stico.<\/p>\n\n\n\n<h2 class=\"wp-block-heading has-text-align-center\">Prestaciones adicionales en estos modelos Samsung <\/h2>\n\n\n\n<p>Para que siempre conserves los alimentos de la mejor manera posible, la <strong>tecnolog\u00eda Metal Cooling <\/strong>de estos modelos Samsung ayudar\u00e1 a reducir la dispersi\u00f3n del fr\u00edo y que el <strong>reparto de aire<\/strong> sea <strong>homog\u00e9neo<\/strong>. Hasta el \u00faltimo rinc\u00f3n del frigor\u00edfico Bespoke obtendr\u00e1 la misma circulaci\u00f3n de aire, consiguiendo una mayor vida \u00fatil en los ingredientes.  <\/p>\n\n\n\n<p>La <strong>versatilidad <\/strong>de los frigor\u00edficos Bespoke no solo recae en el dise\u00f1o exterior, en el <strong>interior <\/strong>tambi\u00e9n podr\u00e1s hacer uso de una gran flexibilidad y que as\u00ed siempre se aproveche al m\u00e1ximo el espacio. Por ejemplo, gracias a su <strong>balda plegable <\/strong>podr\u00e1s colocar tuppers o botellas de manera vertical sin problema. <\/p>\n\n\n\n<p>Adem\u00e1s, estos modelos Samsung incluyen el caj\u00f3n <strong>Optimal Fresh<\/strong>, que puedes dividirlo en <strong>dos zonas<\/strong>, una para la verdura y fruta y otra para la carne y pescado. Cada una tendr\u00e1 una <strong>temperatura <\/strong>y <strong>humedad diferente<\/strong>, por lo que la conservaci\u00f3n no puede ser mejor en estos aparatos Samsung. <\/p>\n\n\n\n<p>Que no te preocupe que&nbsp;<strong>frigor\u00edfico Bespoke comprar&nbsp;<\/strong>aqu\u00ed, en&nbsp;<strong>Milar<\/strong>, os ense\u00f1amos algunos de los modelos, para que elijas el que m\u00e1s se adapta a ti y a tu cocina. <\/p>\n\n\n\n<h2 class=\"wp-block-heading has-text-align-center\">Conoce algunos modelos de frigor\u00edficos Bespoke <\/h2>\n\n\n\n<p>El primer modelo que queremos mostrar es este <strong>frigor\u00edfico Samsung Bespoke RB38A7B6AS9 de acero inoxidable<\/strong>. Gracias al <strong>sistema Twin Cooling Plus<\/strong> de este modelo Samsung el frigor\u00edfico y congelador cuentan con un sistema de<strong> refrigeraci\u00f3n independiente<\/strong>. Es decir, nunca se mezclar\u00e1n ni los olores ni los sabores entre ambos compartimentos y podremos elegir la temperatura acorde a cada uno. En concreto, podr\u00e1s elegir el congelador entre sus<strong> 6 modos<\/strong>: fr\u00edo, fresco, congelador suave y congelador. Suena bien, \u00bfno?<\/p>\n\n\n<div class=\"wp-block-image\">\n<figure class=\"aligncenter size-large\"><img loading=\"lazy\" decoding=\"async\" width=\"700\" height=\"256\" src=\"https:\/\/www.milar.es\/blog\/wp-content\/uploads\/2021\/08\/BANNER-NUEVO-2021-08-10T141525.525-700x256.jpg\" alt=\" frigor\u00edfico Samsung Bespoke RB38A7B6AS9 de acero inoxidable\" class=\"wp-image-9816\" srcset=\"https:\/\/www.milar.es\/blog\/wp-content\/uploads\/2021\/08\/BANNER-NUEVO-2021-08-10T141525.525-700x256.jpg 700w, https:\/\/www.milar.es\/blog\/wp-content\/uploads\/2021\/08\/BANNER-NUEVO-2021-08-10T141525.525-250x91.jpg 250w, https:\/\/www.milar.es\/blog\/wp-content\/uploads\/2021\/08\/BANNER-NUEVO-2021-08-10T141525.525-768x281.jpg 768w, https:\/\/www.milar.es\/blog\/wp-content\/uploads\/2021\/08\/BANNER-NUEVO-2021-08-10T141525.525-120x44.jpg 120w, https:\/\/www.milar.es\/blog\/wp-content\/uploads\/2021\/08\/BANNER-NUEVO-2021-08-10T141525.525.jpg 1200w\" sizes=\"auto, (max-width: 700px) 100vw, 700px\" \/><\/figure>\n<\/div>\n\n\n<p>Si prefieres un modelo con un acabado m\u00e1s moderno, siempre puedes optar por este <strong>frigor\u00edfico Samsung Bespoke RB34A7B5D39 Satin Beige<\/strong>. Nunca m\u00e1s tendr\u00e1s que descongelar este modelo <strong>Samsung <\/strong>gracias a su <strong>tecnolog\u00eda No Frost<\/strong>, que te proporciona una temperatura constante que previene la formaci\u00f3n de hielo y escarcha en sus paredes. \u00bfNecesitas congelar o enfriar alg\u00fan alimento en tiempo r\u00e9cord? Con tan solo pulsar un bot\u00f3n podr\u00e1s hacerlo con el&nbsp;<strong>Power Cool y el Power Freez<\/strong>. <\/p>\n\n\n<div class=\"wp-block-image\">\n<figure class=\"aligncenter size-large\"><img loading=\"lazy\" decoding=\"async\" width=\"700\" height=\"256\" src=\"https:\/\/www.milar.es\/blog\/wp-content\/uploads\/2021\/08\/BANNER-NUEVO-2021-08-10T142229.807-700x256.jpg\" alt=\"Frigor\u00edfico Samsung Bespoke RB34A7B5D39 Satin Beige\" class=\"wp-image-9817\" srcset=\"https:\/\/www.milar.es\/blog\/wp-content\/uploads\/2021\/08\/BANNER-NUEVO-2021-08-10T142229.807-700x256.jpg 700w, https:\/\/www.milar.es\/blog\/wp-content\/uploads\/2021\/08\/BANNER-NUEVO-2021-08-10T142229.807-250x91.jpg 250w, https:\/\/www.milar.es\/blog\/wp-content\/uploads\/2021\/08\/BANNER-NUEVO-2021-08-10T142229.807-768x281.jpg 768w, https:\/\/www.milar.es\/blog\/wp-content\/uploads\/2021\/08\/BANNER-NUEVO-2021-08-10T142229.807-120x44.jpg 120w, https:\/\/www.milar.es\/blog\/wp-content\/uploads\/2021\/08\/BANNER-NUEVO-2021-08-10T142229.807.jpg 1200w\" sizes=\"auto, (max-width: 700px) 100vw, 700px\" \/><\/figure>\n<\/div>\n\n\n<h2 class=\"wp-block-heading has-text-align-center\">Otros modelos Samsung con las \u00faltimas tecnolog\u00edas <\/h2>\n\n\n\n<p>Si no cuentas con tanto presupuesto, pero no quieres prescindir de las <strong>\u00faltimas tecnolog\u00edas<\/strong> de estos frigor\u00edficos Samsung, \u00a1no te preocupes! En <strong>Milar <\/strong>contamos con algunos modelos que te dejar\u00e1n boquiabierto. <\/p>\n\n\n\n<p>Este <strong><a href=\"https:\/\/www.milar.es\/frigorifico-samsung-rb38t674cs9-ef-aplusplusplus.html\" target=\"_blank\" rel=\"noreferrer noopener\">frigor\u00edfico Samsung RB38T674CS9\/EF C<\/a><\/strong> cuenta con muy buenas opiniones. \u00bfPor qu\u00e9? Pues porque incorpora el <strong>compresor Digital Inverter<\/strong>, que ajustar\u00e1 autom\u00e1ticamente el nivel de temperatura y potencia que necesita este aparato seg\u00fan la propia demanda de refrigeraci\u00f3n. Es decir, se trata de un modelo <strong>Samsung <\/strong>muy <strong>eficiente <\/strong>y, adem\u00e1s, <strong>silencioso<\/strong>, pues solamente emite <strong>35dB<\/strong>. La limpieza ser\u00e1 muy f\u00e1cil debido a su acabado, incluso en su parte trasera. <\/p>\n\n\n<div class=\"wp-block-image\">\n<figure class=\"aligncenter size-large\"><a href=\"https:\/\/www.milar.es\/frigorifico-samsung-rb38t674cs9-ef-aplusplusplus.html\"><img loading=\"lazy\" decoding=\"async\" width=\"700\" height=\"256\" src=\"https:\/\/www.milar.es\/blog\/wp-content\/uploads\/2021\/08\/BANNER-NUEVO-2021-08-10T142826.460-700x256.jpg\" alt=\"Frigor\u00edfico Samsung RB38T674CS9\/EF C\n\" class=\"wp-image-9818\" srcset=\"https:\/\/www.milar.es\/blog\/wp-content\/uploads\/2021\/08\/BANNER-NUEVO-2021-08-10T142826.460-700x256.jpg 700w, https:\/\/www.milar.es\/blog\/wp-content\/uploads\/2021\/08\/BANNER-NUEVO-2021-08-10T142826.460-250x91.jpg 250w, https:\/\/www.milar.es\/blog\/wp-content\/uploads\/2021\/08\/BANNER-NUEVO-2021-08-10T142826.460-768x281.jpg 768w, https:\/\/www.milar.es\/blog\/wp-content\/uploads\/2021\/08\/BANNER-NUEVO-2021-08-10T142826.460-120x44.jpg 120w, https:\/\/www.milar.es\/blog\/wp-content\/uploads\/2021\/08\/BANNER-NUEVO-2021-08-10T142826.460.jpg 1200w\" sizes=\"auto, (max-width: 700px) 100vw, 700px\" \/><\/a><\/figure>\n<\/div>\n\n\n<p>No podemos dejar pasar por alto este <strong><a href=\"https:\/\/www.milar.es\/frigorifico-samsung-rr39m7565ww-es-aplusplus.html\" target=\"_blank\" rel=\"noreferrer noopener\">frigor\u00edfico 1 puerta Samsung RR39M7565WW\/ES E<\/a><\/strong>. Cuenta con <strong>iluminaci\u00f3n LED<\/strong> en su interior, tanto en su parte frontal como lateral. Gracias a esto conseguiremos encontrar hasta el \u00faltimo alimento del fondo de este frigor\u00edfico Samsung y nunca m\u00e1s lo echaremos a perder. \u00bfQuieres saber m\u00e1s? Podr\u00e1s cambiar la disposici\u00f3n de apertura seg\u00fan el dise\u00f1o de tu cocina debido a sus <strong>puertas reversibles<\/strong> y enfriar de la mejor manera este modelo debido al <strong>All-Around Cooling<\/strong>, consiguiendo alimentos frescos por m\u00e1s tiempo. <\/p>\n\n\n<div class=\"wp-block-image\">\n<figure class=\"aligncenter size-large\"><a href=\"https:\/\/www.milar.es\/frigorifico-samsung-rr39m7565ww-es-aplusplus.html\"><img loading=\"lazy\" decoding=\"async\" width=\"700\" height=\"256\" src=\"https:\/\/www.milar.es\/blog\/wp-content\/uploads\/2021\/08\/BANNER-NUEVO-2021-08-10T143849.937-700x256.jpg\" alt=\"Frigor\u00edfico 1 puerta Samsung RR39M7565WW\/ES E\n\" class=\"wp-image-9819\" srcset=\"https:\/\/www.milar.es\/blog\/wp-content\/uploads\/2021\/08\/BANNER-NUEVO-2021-08-10T143849.937-700x256.jpg 700w, https:\/\/www.milar.es\/blog\/wp-content\/uploads\/2021\/08\/BANNER-NUEVO-2021-08-10T143849.937-250x91.jpg 250w, https:\/\/www.milar.es\/blog\/wp-content\/uploads\/2021\/08\/BANNER-NUEVO-2021-08-10T143849.937-768x281.jpg 768w, https:\/\/www.milar.es\/blog\/wp-content\/uploads\/2021\/08\/BANNER-NUEVO-2021-08-10T143849.937-120x44.jpg 120w, https:\/\/www.milar.es\/blog\/wp-content\/uploads\/2021\/08\/BANNER-NUEVO-2021-08-10T143849.937.jpg 1200w\" sizes=\"auto, (max-width: 700px) 100vw, 700px\" \/><\/a><\/figure>\n<\/div>\n\n\n<p>Como ves, optar por un nuevo <strong>frigor\u00edfico Bespoke de Samsung <\/strong>te va a proporcionar funcionalidad  dise\u00f1o a partes iguales en tu cocina. \u00bfA qu\u00e9 esperas para hacerte con uno? Conf\u00eda en <strong>Milar <\/strong>y encontrar\u00e1s modelos de <strong>frigor\u00edficos <\/strong>de \u00faltima generaci\u00f3n y de un tama\u00f1o especial como son los <strong><a href=\"https:\/\/www.milar.es\/blog\/frigorificos-70-cm-caracteristicas-varios-modelos\/\" target=\"_blank\" rel=\"noreferrer noopener\">frigor\u00edficos de 70 cm ancho<\/a><\/strong>, al mejor precio y calidad posible. <\/p>\n\n\n\n<p>Te dejamos estos art\u00edculos que pueden interesarte. \u00a1Nos vemos en la pr\u00f3xima! <\/p>\n\n\n\n<p><strong><a href=\"https:\/\/www.milar.es\/blog\/nuevos-frigorificos-samsung-descubre-los-mejores-modelos\/\" target=\"_blank\" rel=\"noreferrer noopener\">Nuevos frigor\u00edficos Samsung, descubre los mejores modelos<\/a><\/strong><\/p>\n\n\n\n<p><strong><a href=\"https:\/\/www.milar.es\/blog\/frigorificos-eficientes-comparativa-entre-los-modelos-de-menor-consumo\/\" target=\"_blank\" rel=\"noreferrer noopener\">Frigor\u00edficos eficientes, comparativa entre los modelos de menor consumo<\/a><\/strong><\/p>\n\n\n\n<p><strong><a href=\"https:\/\/www.milar.es\/blog\/frigorifico-sin-congelador-los-mejores-modelos-cocina\/\" target=\"_blank\" rel=\"noreferrer noopener\">Frigor\u00edfico sin congelador, los mejores modelos para tu cocina<\/a><\/strong><\/p>\n","protected":false},"excerpt":{"rendered":"La cocina es uno de los espacios centrales del hogar: all\u00ed se re\u00fane la familia para comentar lo sucedido en el d\u00eda, se prepara comida, se hacen deberes, etc. Como es un espacio compartido, \u00a1qu\u00e9 mejor que instalar grandes electrodom\u00e9sticos que hagan nuestro tiempo en esta estancia muy agradable! Los&#8230; <a class=\"view-article\" href=\"https:\/\/www.milar.es\/blog\/nuevos-frigorificos-bespoke-de-samsung-lo-ultimo-en-diseno\/\">Ver art\u00edculo<\/a>","protected":false},"author":1,"featured_media":9806,"comment_status":"closed","ping_status":"closed","sticky":false,"template":"","format":"standard","meta":{"footnotes":""},"categories":[2,13],"tags":[],"class_list":["post-9804","post","type-post","status-publish","format-standard","has-post-thumbnail","hentry","category-electrodomesticos","category-frigorificos"],"yoast_head":"<!-- This site is optimized with the Yoast SEO plugin v27.5 - https:\/\/yoast.com\/product\/yoast-seo-wordpress\/ -->\n<title>Nuevos frigor\u00edficos Bespoke de Samsung, lo \u00faltimo en dise\u00f1o - Milar Tendencias de electrodom\u00e9sticos<\/title>\n<meta name=\"description\" content=\"M\u00e1s espacio y un dise\u00f1o exterior muy vers\u00e1til. Estas solo son unas de las singularidades de los frigor\u00edficos Bespoke. \u00bfQuieres conocer m\u00e1s?\" \/>\n<meta name=\"robots\" content=\"index, follow, max-snippet:-1, max-image-preview:large, max-video-preview:-1\" \/>\n<link rel=\"canonical\" href=\"https:\/\/www.milar.es\/blog\/nuevos-frigorificos-bespoke-de-samsung-lo-ultimo-en-diseno\/\" \/>\n<meta property=\"og:locale\" content=\"es_ES\" \/>\n<meta property=\"og:type\" content=\"article\" \/>\n<meta property=\"og:title\" content=\"Nuevos frigor\u00edficos Bespoke de Samsung, lo \u00faltimo en dise\u00f1o - Milar Tendencias de electrodom\u00e9sticos\" \/>\n<meta property=\"og:description\" content=\"M\u00e1s espacio y un dise\u00f1o exterior muy vers\u00e1til. Estas solo son unas de las singularidades de los frigor\u00edficos Bespoke. \u00bfQuieres conocer m\u00e1s?\" \/>\n<meta property=\"og:url\" content=\"https:\/\/www.milar.es\/blog\/nuevos-frigorificos-bespoke-de-samsung-lo-ultimo-en-diseno\/\" \/>\n<meta property=\"og:site_name\" content=\"Milar Tendencias de electrodom\u00e9sticos\" \/>\n<meta property=\"article:published_time\" content=\"2022-05-02T11:09:00+00:00\" \/>\n<meta property=\"article:modified_time\" content=\"2025-05-30T07:30:20+00:00\" \/>\n<meta property=\"og:image\" content=\"https:\/\/www.milar.es\/blog\/wp-content\/uploads\/2021\/08\/frigorificos-bespoke.jpg\" \/>\n\t<meta property=\"og:image:width\" content=\"1200\" \/>\n\t<meta property=\"og:image:height\" content=\"800\" \/>\n\t<meta property=\"og:image:type\" content=\"image\/jpeg\" \/>\n<meta name=\"author\" content=\"Milar\" \/>\n<meta name=\"twitter:card\" content=\"summary_large_image\" \/>\n<meta name=\"twitter:label1\" content=\"Escrito por\" \/>\n\t<meta name=\"twitter:data1\" content=\"Milar\" \/>\n\t<meta name=\"twitter:label2\" content=\"Tiempo de lectura\" \/>\n\t<meta name=\"twitter:data2\" content=\"7 minutos\" \/>\n<script type=\"application\/ld+json\" class=\"yoast-schema-graph\">{\"@context\":\"https:\\\/\\\/schema.org\",\"@graph\":[{\"@type\":\"Article\",\"@id\":\"https:\\\/\\\/www.milar.es\\\/blog\\\/nuevos-frigorificos-bespoke-de-samsung-lo-ultimo-en-diseno\\\/#article\",\"isPartOf\":{\"@id\":\"https:\\\/\\\/www.milar.es\\\/blog\\\/nuevos-frigorificos-bespoke-de-samsung-lo-ultimo-en-diseno\\\/\"},\"author\":{\"name\":\"Milar\",\"@id\":\"https:\\\/\\\/www.milar.es\\\/blog\\\/#\\\/schema\\\/person\\\/a63c4965e2d32a22be88aabb90c4f11f\"},\"headline\":\"Nuevos frigor\u00edficos Bespoke de Samsung, lo \u00faltimo en dise\u00f1o\",\"datePublished\":\"2022-05-02T11:09:00+00:00\",\"dateModified\":\"2025-05-30T07:30:20+00:00\",\"mainEntityOfPage\":{\"@id\":\"https:\\\/\\\/www.milar.es\\\/blog\\\/nuevos-frigorificos-bespoke-de-samsung-lo-ultimo-en-diseno\\\/\"},\"wordCount\":1245,\"image\":{\"@id\":\"https:\\\/\\\/www.milar.es\\\/blog\\\/nuevos-frigorificos-bespoke-de-samsung-lo-ultimo-en-diseno\\\/#primaryimage\"},\"thumbnailUrl\":\"https:\\\/\\\/www.milar.es\\\/blog\\\/wp-content\\\/uploads\\\/2021\\\/08\\\/frigorificos-bespoke.jpg\",\"articleSection\":[\"Electrodom\u00e9sticos\",\"Frigor\u00edficos\"],\"inLanguage\":\"es\"},{\"@type\":\"WebPage\",\"@id\":\"https:\\\/\\\/www.milar.es\\\/blog\\\/nuevos-frigorificos-bespoke-de-samsung-lo-ultimo-en-diseno\\\/\",\"url\":\"https:\\\/\\\/www.milar.es\\\/blog\\\/nuevos-frigorificos-bespoke-de-samsung-lo-ultimo-en-diseno\\\/\",\"name\":\"Nuevos frigor\u00edficos Bespoke de Samsung, lo \u00faltimo en dise\u00f1o - Milar Tendencias de electrodom\u00e9sticos\",\"isPartOf\":{\"@id\":\"https:\\\/\\\/www.milar.es\\\/blog\\\/#website\"},\"primaryImageOfPage\":{\"@id\":\"https:\\\/\\\/www.milar.es\\\/blog\\\/nuevos-frigorificos-bespoke-de-samsung-lo-ultimo-en-diseno\\\/#primaryimage\"},\"image\":{\"@id\":\"https:\\\/\\\/www.milar.es\\\/blog\\\/nuevos-frigorificos-bespoke-de-samsung-lo-ultimo-en-diseno\\\/#primaryimage\"},\"thumbnailUrl\":\"https:\\\/\\\/www.milar.es\\\/blog\\\/wp-content\\\/uploads\\\/2021\\\/08\\\/frigorificos-bespoke.jpg\",\"datePublished\":\"2022-05-02T11:09:00+00:00\",\"dateModified\":\"2025-05-30T07:30:20+00:00\",\"author\":{\"@id\":\"https:\\\/\\\/www.milar.es\\\/blog\\\/#\\\/schema\\\/person\\\/a63c4965e2d32a22be88aabb90c4f11f\"},\"description\":\"M\u00e1s espacio y un dise\u00f1o exterior muy vers\u00e1til. Estas solo son unas de las singularidades de los frigor\u00edficos Bespoke. \u00bfQuieres conocer m\u00e1s?\",\"breadcrumb\":{\"@id\":\"https:\\\/\\\/www.milar.es\\\/blog\\\/nuevos-frigorificos-bespoke-de-samsung-lo-ultimo-en-diseno\\\/#breadcrumb\"},\"inLanguage\":\"es\",\"potentialAction\":[{\"@type\":\"ReadAction\",\"target\":[\"https:\\\/\\\/www.milar.es\\\/blog\\\/nuevos-frigorificos-bespoke-de-samsung-lo-ultimo-en-diseno\\\/\"]}]},{\"@type\":\"ImageObject\",\"inLanguage\":\"es\",\"@id\":\"https:\\\/\\\/www.milar.es\\\/blog\\\/nuevos-frigorificos-bespoke-de-samsung-lo-ultimo-en-diseno\\\/#primaryimage\",\"url\":\"https:\\\/\\\/www.milar.es\\\/blog\\\/wp-content\\\/uploads\\\/2021\\\/08\\\/frigorificos-bespoke.jpg\",\"contentUrl\":\"https:\\\/\\\/www.milar.es\\\/blog\\\/wp-content\\\/uploads\\\/2021\\\/08\\\/frigorificos-bespoke.jpg\",\"width\":1200,\"height\":800},{\"@type\":\"BreadcrumbList\",\"@id\":\"https:\\\/\\\/www.milar.es\\\/blog\\\/nuevos-frigorificos-bespoke-de-samsung-lo-ultimo-en-diseno\\\/#breadcrumb\",\"itemListElement\":[{\"@type\":\"ListItem\",\"position\":1,\"name\":\"Home\",\"item\":\"https:\\\/\\\/www.milar.es\\\/blog\\\/\"},{\"@type\":\"ListItem\",\"position\":2,\"name\":\"Nuevos frigor\u00edficos Bespoke de Samsung, lo \u00faltimo en dise\u00f1o\"}]},{\"@type\":\"WebSite\",\"@id\":\"https:\\\/\\\/www.milar.es\\\/blog\\\/#website\",\"url\":\"https:\\\/\\\/www.milar.es\\\/blog\\\/\",\"name\":\"Milar Tendencias de electrodom\u00e9sticos\",\"description\":\"\",\"potentialAction\":[{\"@type\":\"SearchAction\",\"target\":{\"@type\":\"EntryPoint\",\"urlTemplate\":\"https:\\\/\\\/www.milar.es\\\/blog\\\/?s={search_term_string}\"},\"query-input\":{\"@type\":\"PropertyValueSpecification\",\"valueRequired\":true,\"valueName\":\"search_term_string\"}}],\"inLanguage\":\"es\"},{\"@type\":\"Person\",\"@id\":\"https:\\\/\\\/www.milar.es\\\/blog\\\/#\\\/schema\\\/person\\\/a63c4965e2d32a22be88aabb90c4f11f\",\"name\":\"Milar\",\"image\":{\"@type\":\"ImageObject\",\"inLanguage\":\"es\",\"@id\":\"https:\\\/\\\/secure.gravatar.com\\\/avatar\\\/1ff5211459d04644acdbe2d949c2a8626dc0f1e355d4830331235d147f36505a?s=96&d=mm&r=g\",\"url\":\"https:\\\/\\\/secure.gravatar.com\\\/avatar\\\/1ff5211459d04644acdbe2d949c2a8626dc0f1e355d4830331235d147f36505a?s=96&d=mm&r=g\",\"contentUrl\":\"https:\\\/\\\/secure.gravatar.com\\\/avatar\\\/1ff5211459d04644acdbe2d949c2a8626dc0f1e355d4830331235d147f36505a?s=96&d=mm&r=g\",\"caption\":\"Milar\"}}]}<\/script>\n<!-- \/ Yoast SEO plugin. -->","yoast_head_json":{"title":"Nuevos frigor\u00edficos Bespoke de Samsung, lo \u00faltimo en dise\u00f1o - Milar Tendencias de electrodom\u00e9sticos","description":"M\u00e1s espacio y un dise\u00f1o exterior muy vers\u00e1til. Estas solo son unas de las singularidades de los frigor\u00edficos Bespoke. \u00bfQuieres conocer m\u00e1s?","robots":{"index":"index","follow":"follow","max-snippet":"max-snippet:-1","max-image-preview":"max-image-preview:large","max-video-preview":"max-video-preview:-1"},"canonical":"https:\/\/www.milar.es\/blog\/nuevos-frigorificos-bespoke-de-samsung-lo-ultimo-en-diseno\/","og_locale":"es_ES","og_type":"article","og_title":"Nuevos frigor\u00edficos Bespoke de Samsung, lo \u00faltimo en dise\u00f1o - Milar Tendencias de electrodom\u00e9sticos","og_description":"M\u00e1s espacio y un dise\u00f1o exterior muy vers\u00e1til. Estas solo son unas de las singularidades de los frigor\u00edficos Bespoke. \u00bfQuieres conocer m\u00e1s?","og_url":"https:\/\/www.milar.es\/blog\/nuevos-frigorificos-bespoke-de-samsung-lo-ultimo-en-diseno\/","og_site_name":"Milar Tendencias de electrodom\u00e9sticos","article_published_time":"2022-05-02T11:09:00+00:00","article_modified_time":"2025-05-30T07:30:20+00:00","og_image":[{"width":1200,"height":800,"url":"https:\/\/www.milar.es\/blog\/wp-content\/uploads\/2021\/08\/frigorificos-bespoke.jpg","type":"image\/jpeg"}],"author":"Milar","twitter_card":"summary_large_image","twitter_misc":{"Escrito por":"Milar","Tiempo de lectura":"7 minutos"},"schema":{"@context":"https:\/\/schema.org","@graph":[{"@type":"Article","@id":"https:\/\/www.milar.es\/blog\/nuevos-frigorificos-bespoke-de-samsung-lo-ultimo-en-diseno\/#article","isPartOf":{"@id":"https:\/\/www.milar.es\/blog\/nuevos-frigorificos-bespoke-de-samsung-lo-ultimo-en-diseno\/"},"author":{"name":"Milar","@id":"https:\/\/www.milar.es\/blog\/#\/schema\/person\/a63c4965e2d32a22be88aabb90c4f11f"},"headline":"Nuevos frigor\u00edficos Bespoke de Samsung, lo \u00faltimo en dise\u00f1o","datePublished":"2022-05-02T11:09:00+00:00","dateModified":"2025-05-30T07:30:20+00:00","mainEntityOfPage":{"@id":"https:\/\/www.milar.es\/blog\/nuevos-frigorificos-bespoke-de-samsung-lo-ultimo-en-diseno\/"},"wordCount":1245,"image":{"@id":"https:\/\/www.milar.es\/blog\/nuevos-frigorificos-bespoke-de-samsung-lo-ultimo-en-diseno\/#primaryimage"},"thumbnailUrl":"https:\/\/www.milar.es\/blog\/wp-content\/uploads\/2021\/08\/frigorificos-bespoke.jpg","articleSection":["Electrodom\u00e9sticos","Frigor\u00edficos"],"inLanguage":"es"},{"@type":"WebPage","@id":"https:\/\/www.milar.es\/blog\/nuevos-frigorificos-bespoke-de-samsung-lo-ultimo-en-diseno\/","url":"https:\/\/www.milar.es\/blog\/nuevos-frigorificos-bespoke-de-samsung-lo-ultimo-en-diseno\/","name":"Nuevos frigor\u00edficos Bespoke de Samsung, lo \u00faltimo en dise\u00f1o - Milar Tendencias de electrodom\u00e9sticos","isPartOf":{"@id":"https:\/\/www.milar.es\/blog\/#website"},"primaryImageOfPage":{"@id":"https:\/\/www.milar.es\/blog\/nuevos-frigorificos-bespoke-de-samsung-lo-ultimo-en-diseno\/#primaryimage"},"image":{"@id":"https:\/\/www.milar.es\/blog\/nuevos-frigorificos-bespoke-de-samsung-lo-ultimo-en-diseno\/#primaryimage"},"thumbnailUrl":"https:\/\/www.milar.es\/blog\/wp-content\/uploads\/2021\/08\/frigorificos-bespoke.jpg","datePublished":"2022-05-02T11:09:00+00:00","dateModified":"2025-05-30T07:30:20+00:00","author":{"@id":"https:\/\/www.milar.es\/blog\/#\/schema\/person\/a63c4965e2d32a22be88aabb90c4f11f"},"description":"M\u00e1s espacio y un dise\u00f1o exterior muy vers\u00e1til. Estas solo son unas de las singularidades de los frigor\u00edficos Bespoke. \u00bfQuieres conocer m\u00e1s?","breadcrumb":{"@id":"https:\/\/www.milar.es\/blog\/nuevos-frigorificos-bespoke-de-samsung-lo-ultimo-en-diseno\/#breadcrumb"},"inLanguage":"es","potentialAction":[{"@type":"ReadAction","target":["https:\/\/www.milar.es\/blog\/nuevos-frigorificos-bespoke-de-samsung-lo-ultimo-en-diseno\/"]}]},{"@type":"ImageObject","inLanguage":"es","@id":"https:\/\/www.milar.es\/blog\/nuevos-frigorificos-bespoke-de-samsung-lo-ultimo-en-diseno\/#primaryimage","url":"https:\/\/www.milar.es\/blog\/wp-content\/uploads\/2021\/08\/frigorificos-bespoke.jpg","contentUrl":"https:\/\/www.milar.es\/blog\/wp-content\/uploads\/2021\/08\/frigorificos-bespoke.jpg","width":1200,"height":800},{"@type":"BreadcrumbList","@id":"https:\/\/www.milar.es\/blog\/nuevos-frigorificos-bespoke-de-samsung-lo-ultimo-en-diseno\/#breadcrumb","itemListElement":[{"@type":"ListItem","position":1,"name":"Home","item":"https:\/\/www.milar.es\/blog\/"},{"@type":"ListItem","position":2,"name":"Nuevos frigor\u00edficos Bespoke de Samsung, lo \u00faltimo en dise\u00f1o"}]},{"@type":"WebSite","@id":"https:\/\/www.milar.es\/blog\/#website","url":"https:\/\/www.milar.es\/blog\/","name":"Milar Tendencias de electrodom\u00e9sticos","description":"","potentialAction":[{"@type":"SearchAction","target":{"@type":"EntryPoint","urlTemplate":"https:\/\/www.milar.es\/blog\/?s={search_term_string}"},"query-input":{"@type":"PropertyValueSpecification","valueRequired":true,"valueName":"search_term_string"}}],"inLanguage":"es"},{"@type":"Person","@id":"https:\/\/www.milar.es\/blog\/#\/schema\/person\/a63c4965e2d32a22be88aabb90c4f11f","name":"Milar","image":{"@type":"ImageObject","inLanguage":"es","@id":"https:\/\/secure.gravatar.com\/avatar\/1ff5211459d04644acdbe2d949c2a8626dc0f1e355d4830331235d147f36505a?s=96&d=mm&r=g","url":"https:\/\/secure.gravatar.com\/avatar\/1ff5211459d04644acdbe2d949c2a8626dc0f1e355d4830331235d147f36505a?s=96&d=mm&r=g","contentUrl":"https:\/\/secure.gravatar.com\/avatar\/1ff5211459d04644acdbe2d949c2a8626dc0f1e355d4830331235d147f36505a?s=96&d=mm&r=g","caption":"Milar"}}]}},"_links":{"self":[{"href":"https:\/\/www.milar.es\/blog\/wp-json\/wp\/v2\/posts\/9804","targetHints":{"allow":["GET"]}}],"collection":[{"href":"https:\/\/www.milar.es\/blog\/wp-json\/wp\/v2\/posts"}],"about":[{"href":"https:\/\/www.milar.es\/blog\/wp-json\/wp\/v2\/types\/post"}],"author":[{"embeddable":true,"href":"https:\/\/www.milar.es\/blog\/wp-json\/wp\/v2\/users\/1"}],"replies":[{"embeddable":true,"href":"https:\/\/www.milar.es\/blog\/wp-json\/wp\/v2\/comments?post=9804"}],"version-history":[{"count":15,"href":"https:\/\/www.milar.es\/blog\/wp-json\/wp\/v2\/posts\/9804\/revisions"}],"predecessor-version":[{"id":14754,"href":"https:\/\/www.milar.es\/blog\/wp-json\/wp\/v2\/posts\/9804\/revisions\/14754"}],"wp:featuredmedia":[{"embeddable":true,"href":"https:\/\/www.milar.es\/blog\/wp-json\/wp\/v2\/media\/9806"}],"wp:attachment":[{"href":"https:\/\/www.milar.es\/blog\/wp-json\/wp\/v2\/media?parent=9804"}],"wp:term":[{"taxonomy":"category","embeddable":true,"href":"https:\/\/www.milar.es\/blog\/wp-json\/wp\/v2\/categories?post=9804"},{"taxonomy":"post_tag","embeddable":true,"href":"https:\/\/www.milar.es\/blog\/wp-json\/wp\/v2\/tags?post=9804"}],"curies":[{"name":"wp","href":"https:\/\/api.w.org\/{rel}","templated":true}]}}