{"id":9750,"date":"2021-08-04T11:30:00","date_gmt":"2021-08-04T11:30:00","guid":{"rendered":"https:\/\/www.milar.es\/blog\/?p=9750"},"modified":"2024-07-31T07:11:27","modified_gmt":"2024-07-31T07:11:27","slug":"como-instalar-o-activar-el-windows-365-en-varios-ordenadores","status":"publish","type":"post","link":"https:\/\/www.milar.es\/blog\/como-instalar-o-activar-el-windows-365-en-varios-ordenadores\/","title":{"rendered":"\u00bfC\u00f3mo instalar o activar el Windows 365 en varios ordenadores?"},"content":{"rendered":"\n<p>\u00a1Ya est\u00e1 aqu\u00ed! El esperad\u00edsimo <strong>Windows 365<\/strong> ha llegado para revolucionar la <strong><a href=\"https:\/\/www.milar.es\/categoria-informatica.html\" target=\"_blank\" rel=\"noreferrer noopener\">inform\u00e1tica<\/a><\/strong> como nunca antes lo hab\u00edamos experimentado. \u00bfQuieres conocer c\u00f3mo funciona este sistema novedoso? En <strong><a href=\"https:\/\/www.milar.es\/\" target=\"_blank\" rel=\"noreferrer noopener\">Milar<\/a><\/strong> os vamos a contar todo sobre este nuevo sistema operativo de Microsoft, <strong>Windows 365<\/strong>, para que descubras todas las ventajas que puede ofrecerte en tu d\u00eda a d\u00eda. \u00bfEmpezamos? <\/p>\n\n\n<div class=\"wp-block-image\">\n<figure class=\"aligncenter size-large\"><img loading=\"lazy\" decoding=\"async\" width=\"700\" height=\"467\" src=\"https:\/\/www.milar.es\/blog\/wp-content\/uploads\/2021\/08\/windows-365-700x467.jpg\" alt=\"windows 365\" class=\"wp-image-9752\" srcset=\"https:\/\/www.milar.es\/blog\/wp-content\/uploads\/2021\/08\/windows-365-700x467.jpg 700w, https:\/\/www.milar.es\/blog\/wp-content\/uploads\/2021\/08\/windows-365-250x167.jpg 250w, https:\/\/www.milar.es\/blog\/wp-content\/uploads\/2021\/08\/windows-365-768x512.jpg 768w, https:\/\/www.milar.es\/blog\/wp-content\/uploads\/2021\/08\/windows-365-120x80.jpg 120w, https:\/\/www.milar.es\/blog\/wp-content\/uploads\/2021\/08\/windows-365.jpg 1200w\" sizes=\"auto, (max-width: 700px) 100vw, 700px\" \/><\/figure>\n<\/div>\n\n\n<h2 class=\"wp-block-heading has-text-align-center\">\u00bfQu\u00e9 es Windows 365?<\/h2>\n\n\n\n<p>Desde que el coronavirus llego a nuestras vidas han sido muchas las empresas que han tenido que reinventarse. Ya sea con un modelo de teletrabajo o un modelo h\u00edbrido, lo cierto es que sabemos que las cosas hasta el momento no volver\u00e1n a ser iguales en lo que a la presencialidad se refiere. Es por eso que<strong> Microsoft <\/strong>ha querido dar un pasito m\u00e1s en lo relativo a que los empleados de una organizaci\u00f3n, para que siempre est\u00e9n conectados de una manera muy intuitiva a la vez que segura.<\/p>\n\n\n\n<p>Una de las grandes ventajas que ofrece este sistema es que no importa el <strong>dispositivo <\/strong>que se est\u00e9 usando. Es decir podremos estar haciendo uso de un port\u00e1til, de un ordenador de sobremesa e incluso de una tablet y que el mismo sistema est\u00e9 interconectando. Eso significa que siempre tendremos a mano los archivos, las aplicaciones y lo que necesites a mano. Es decir, con <strong>Windows 365<\/strong> podr\u00e1s, por ejemplo, tu comprobar tu <strong>correo <\/strong>desde diferentes aparatos simult\u00e1neos. \u00bfCu\u00e1l es el \u00fanico requisito? Que siempre deber\u00e1s contar con conexi\u00f3n a Internet. Es decir, el <strong>sistema Windows 365 <\/strong>es <strong>online<\/strong>. <\/p>\n\n\n\n<h2 class=\"wp-block-heading has-text-align-center\">\u00bfC\u00f3mo funciona Windows 365?<\/h2>\n\n\n\n<p>Con Windows 365 podr\u00e1s organizarte como mejor te convenga cada d\u00eda. Solamente tendr\u00e1s que acceder desde el navegador de cualquier dispositivo y acceder a todas las ventajas que te ofrece Windows 365 tras iniciar sesi\u00f3n. As\u00ed de f\u00e1cil. <\/p>\n\n\n\n<p>Por el momento, Windows 365 solo est\u00e1 disponible para <strong>Windows 10<\/strong>. Pero, como sab\u00e9is, Microsoft est\u00e1 a punto de lanzar <strong>Windows 11<\/strong>. Por ello, cuando est\u00e9 disponible a finales de este a\u00f1o tambi\u00e9n se podr\u00e1 utilizar Windows 365 con Windows 11.<\/p>\n\n\n\n<p>Como hemos se\u00f1alado, <strong>Microsoft <\/strong>ha lanzado este sistema operativo personalizado a empresas, para sacar mayor partido al modelo de trabajo h\u00edbrido, pudiendo trabajar con el mismo sistema tanto si encuentran en su puesto de trabajo presencial como en su casa. Pero tambi\u00e9n se puede usar <strong>Windows 365<\/strong> de <strong>manera personal<\/strong>. S\u00ed, lo que lees. Aqu\u00ed abajo te contamos un poco m\u00e1s acerca del precio y los diferentes paquetes de Windows 365. <\/p>\n\n\n\n<h2 class=\"wp-block-heading has-text-align-center\">\u00bfCu\u00e1l es el precio de Windows 365?<\/h2>\n\n\n\n<p>Como existen empresas de diferentes tama\u00f1os y necesidades, Windows 365 ha presentado dos versiones de Windows 365 para organizaciones. Por una parte, <strong>Windows 365 Empresa<\/strong>, para aquellas que busquen tener ordenadores en la nube con un m\u00e1ximo de 300 usuarios. \u00bfSe queda corto el n\u00famero de usuarios? Tambi\u00e9n existe <strong>Windows 365 Enterprise<\/strong>, para empresas m\u00e1s grandes que tambi\u00e9n busquen hacer uso de otros servicios de Microsoft y cuya cantidad de usuarios es limitada. <\/p>\n\n\n\n<p>Dentro de estos planes se pueden a\u00f1adir mayor n\u00famero de procesadores, memoria RAM y espacio de almacenamiento disponible, que determinar\u00e1 el<strong> precio<\/strong> final del <strong>Windows 365<\/strong>. Por ejemplo, en <strong>Microsoft 365 Empresa<\/strong> podemos encontrar precios que oscilan desde los<strong> 21,90 euros al mes<\/strong> por cada usuario, hasta los <strong>147 euros al mes <\/strong>por usuario. Entre estos dos precios encontramos otras 10 opciones. <\/p>\n\n\n\n<p>Al igual que con <strong>Office 365<\/strong>, tambi\u00e9n podemos elegir un <strong>plan familiar <\/strong>que sea f\u00e1cil de usar y que nos proporcione un entorno de ciberseguridad y <strong><a href=\"https:\/\/www.milar.es\/blog\/antivirus-pc-disfruta-de-una-total-seguridad\/\">antivirus<\/a><\/strong> nunca antes visto. Para una familia media, de m\u00e1ximo seis personas, se puede optar por el<strong> plan Microsoft 365 Familia<\/strong>, cuyo precio es de<strong> 99 euros al a\u00f1o<\/strong>. Si solamente va a hacer uso de este sistema una \u00fanica persona tambi\u00e9n se puede contratar el <strong>plan Microsoft 365 Personal<\/strong> por <strong>69 euros al a\u00f1o<\/strong>.<\/p>\n\n\n\n<p>Entonces, \u00bfno podr\u00e9 usar <strong>Windows 365 gratis<\/strong>? Microsoft, como ya hizo con Office 365, proporciona <strong>Windows 365 para estudiantes<\/strong> una soluci\u00f3n muy \u00fatil tanto para <strong>estudiantes <\/strong>como para <strong>instituciones educativas<\/strong>. \u00a1Qu\u00e9 mejor que este sistema para conseguir un buen aprendizaje remoto! <\/p>\n\n\n\n<h2 class=\"wp-block-heading has-text-align-center\">\u00bfQu\u00e9 dispositivo compro para instalar Windows 365?<\/h2>\n\n\n\n<p>Como hemos apuntado anteriormente son muchos los <strong>dispositivos <\/strong>con los que se pueden utilizar las grandes <strong>ventajas <\/strong>que ofrece esta nueva forma de experimentar el poder de la nube.<\/p>\n\n\n\n<p>Empezando por las <strong><a href=\"https:\/\/www.milar.es\/tablets-android-ios.html\" target=\"_blank\" rel=\"noreferrer noopener\">tablets<\/a><\/strong>, en <strong>Milar<\/strong> pod\u00e9is optar por esta <strong><a href=\"https:\/\/www.milar.es\/tablet-samsung-sm-t505nzaaeub-264.html\" target=\"_blank\" rel=\"noreferrer noopener\">tablet Samsung SM-T505NZAAEUB de 26.4 cm de diagonal de pantalla<\/a><\/strong>. Este modelo <strong><a href=\"https:\/\/www.milar.es\/samsung.html\" target=\"_blank\" rel=\"noreferrer noopener\">Samsung<\/a> <\/strong>destaca por su gran <strong>capacidad de almacenaje de 32 GB<\/strong>, que podr\u00e1s ampliar con una <strong>tarjeta microSD <\/strong>para obtener a\u00fan m\u00e1s almacenamiento. Gracias a esto guardar todos los documentos del trabajo de la nube al almacenamiento interno no ser\u00e1 ning\u00fan problema. Adem\u00e1s, para que no te moleste la cabeza despu\u00e9s de horas utilizando esta <strong><a href=\"https:\/\/www.milar.es\/tablets-android-ios\/de-samsung.html\" target=\"_blank\" rel=\"noreferrer noopener\">tablet Samsung<\/a><\/strong> cuenta con la opci\u00f3n de <strong>modo oscuro<\/strong>, con el que podr\u00e1s reducir considerablemente toda fatiga visual. <\/p>\n\n\n<div class=\"wp-block-image\">\n<figure class=\"aligncenter size-large\"><a href=\"https:\/\/www.milar.es\/tablet-samsung-sm-t505nzaaeub-264.html\"><img loading=\"lazy\" decoding=\"async\" width=\"700\" height=\"256\" src=\"https:\/\/www.milar.es\/blog\/wp-content\/uploads\/2021\/08\/BANNER-NUEVO-2021-08-04T131133.000-700x256.jpg\" alt=\"Tablet Samsung SM-T505NZAAEUB 26.4\n\" class=\"wp-image-9770\" srcset=\"https:\/\/www.milar.es\/blog\/wp-content\/uploads\/2021\/08\/BANNER-NUEVO-2021-08-04T131133.000-700x256.jpg 700w, https:\/\/www.milar.es\/blog\/wp-content\/uploads\/2021\/08\/BANNER-NUEVO-2021-08-04T131133.000-250x91.jpg 250w, https:\/\/www.milar.es\/blog\/wp-content\/uploads\/2021\/08\/BANNER-NUEVO-2021-08-04T131133.000-768x281.jpg 768w, https:\/\/www.milar.es\/blog\/wp-content\/uploads\/2021\/08\/BANNER-NUEVO-2021-08-04T131133.000-120x44.jpg 120w, https:\/\/www.milar.es\/blog\/wp-content\/uploads\/2021\/08\/BANNER-NUEVO-2021-08-04T131133.000.jpg 1200w\" sizes=\"auto, (max-width: 700px) 100vw, 700px\" \/><\/a><\/figure>\n<\/div>\n\n\n<p>\u00bfEres de aquellos que se lleva el <strong><a href=\"https:\/\/www.milar.es\/ordenadores-portatiles.html\" target=\"_blank\" rel=\"noreferrer noopener\">port\u00e1til<\/a><\/strong> a cualquier lugar? Con este <strong><a href=\"https:\/\/www.milar.es\/ord-hp-14s-dq1018ns-i7-8gb-256gb-ssd.html\" target=\"_blank\" rel=\"noreferrer noopener\">port\u00e1til HP 14S-DQ1018NS Intel Core i7\/8GB\/256GB SSD<\/a><\/strong> nunca m\u00e1s tendr\u00e1s problemas de bater\u00eda. \u00bfPor qu\u00e9? Pues porque su autonom\u00eda es muy grande y gracias al <strong>modo Carga R\u00e1pida HP,<\/strong> podr\u00e1s cargar este modelo <strong><a href=\"https:\/\/www.milar.es\/hp.html\" target=\"_blank\" rel=\"noreferrer noopener\">HP<\/a> <\/strong>hasta el 50% en tan solo <strong>45 minutos<\/strong>. Gracias a esto podr\u00e1s compartir todo tipo de archivos en la nube con rapidez desde el alba hasta el ocaso. Tambi\u00e9n es de destacar que este <strong><a href=\"https:\/\/www.milar.es\/ordenadores-portatiles\/de-hp.html\" target=\"_blank\" rel=\"noreferrer noopener\">port\u00e1til HP<\/a><\/strong> cuenta con un peso muy ligero, de<strong> 1,46 kg<\/strong>, por lo que podr\u00e1s transportarlo a cualquier lugar de manera muy f\u00e1cil. <\/p>\n\n\n<div class=\"wp-block-image\">\n<figure class=\"aligncenter size-large\"><a href=\"https:\/\/www.milar.es\/ord-hp-14s-dq1018ns-i7-8gb-256gb-ssd.html\"><img loading=\"lazy\" decoding=\"async\" width=\"700\" height=\"256\" src=\"https:\/\/www.milar.es\/blog\/wp-content\/uploads\/2021\/08\/BANNER-NUEVO-2021-08-04T131840.613-700x256.jpg\" alt=\"Port\u00e1til HP 14S-DQ1018NS Intel Core i7\/8GB\/256GB SSD\n\" class=\"wp-image-9772\" srcset=\"https:\/\/www.milar.es\/blog\/wp-content\/uploads\/2021\/08\/BANNER-NUEVO-2021-08-04T131840.613-700x256.jpg 700w, https:\/\/www.milar.es\/blog\/wp-content\/uploads\/2021\/08\/BANNER-NUEVO-2021-08-04T131840.613-250x91.jpg 250w, https:\/\/www.milar.es\/blog\/wp-content\/uploads\/2021\/08\/BANNER-NUEVO-2021-08-04T131840.613-768x281.jpg 768w, https:\/\/www.milar.es\/blog\/wp-content\/uploads\/2021\/08\/BANNER-NUEVO-2021-08-04T131840.613-120x44.jpg 120w, https:\/\/www.milar.es\/blog\/wp-content\/uploads\/2021\/08\/BANNER-NUEVO-2021-08-04T131840.613.jpg 1200w\" sizes=\"auto, (max-width: 700px) 100vw, 700px\" \/><\/a><\/figure>\n<\/div>\n\n\n<p>Si eres de los que prefieren trabajar con un ordenador de los de toda la vida, es decir con un <strong><a href=\"https:\/\/www.milar.es\/informatica-sobremesa.html\" target=\"_blank\" rel=\"noreferrer noopener\">ordenador de sobremesa<\/a><\/strong>, no puedes perderte todas las prestaciones que te ofrece el <strong><a href=\"https:\/\/www.milar.es\/ordenador-smeg-208l1ea.html\" target=\"_blank\" rel=\"noreferrer noopener\">ordenador de sobremesa HP 24-K0028NS intel Core I5\/8GB\/512GB SSD<\/a><\/strong>. Gracias a sus <strong>24 pulgadas<\/strong> y a su <strong>resoluci\u00f3n Full HD<\/strong> podr\u00e1s afrontar desde cualquier proyecto laboral hasta disfrutar de tus series favoritas. Con un procesador Intel Core de 10 generaci\u00f3n este <strong><a href=\"https:\/\/www.milar.es\/informatica-sobremesa\/de-hp.html\" target=\"_blank\" rel=\"noreferrer noopener\">ordenador de sobremesa HP<\/a><\/strong> se adapta muy bien a tus ritmos y podr\u00e1s realizar tus tareas sin interrupci\u00f3n alguna. <\/p>\n\n\n<div class=\"wp-block-image\">\n<figure class=\"aligncenter size-large\"><a href=\"https:\/\/www.milar.es\/ordenador-smeg-208l1ea.html\"><img loading=\"lazy\" decoding=\"async\" width=\"700\" height=\"256\" src=\"https:\/\/www.milar.es\/blog\/wp-content\/uploads\/2021\/08\/BANNER-NUEVO-2021-08-04T132756.375-700x256.jpg\" alt=\"Ordenador de sobremesa HP 24-K0028NS intel Core I5\/8GB\/512GB SSD\n\" class=\"wp-image-9774\" srcset=\"https:\/\/www.milar.es\/blog\/wp-content\/uploads\/2021\/08\/BANNER-NUEVO-2021-08-04T132756.375-700x256.jpg 700w, https:\/\/www.milar.es\/blog\/wp-content\/uploads\/2021\/08\/BANNER-NUEVO-2021-08-04T132756.375-250x91.jpg 250w, https:\/\/www.milar.es\/blog\/wp-content\/uploads\/2021\/08\/BANNER-NUEVO-2021-08-04T132756.375-768x281.jpg 768w, https:\/\/www.milar.es\/blog\/wp-content\/uploads\/2021\/08\/BANNER-NUEVO-2021-08-04T132756.375-120x44.jpg 120w, https:\/\/www.milar.es\/blog\/wp-content\/uploads\/2021\/08\/BANNER-NUEVO-2021-08-04T132756.375.jpg 1200w\" sizes=\"auto, (max-width: 700px) 100vw, 700px\" \/><\/a><\/figure>\n<\/div>\n\n\n<p>Hasta el momento, las<strong> reviews de windows 365<\/strong> est\u00e1n siendo muy positivas. \u00bfQu\u00e9 mejor que experimentar este nuevo sistema con los mejores dispositivos disponibles en <strong>Milar<\/strong>? No te lo pienses m\u00e1s y p\u00e1sate a la aut\u00e9ntica tecnolog\u00eda del futuro. Nosotros estaremos siempre a tu lado, inform\u00e1ndote de todo y respondiendo cualquier duda que te pueda surgir.<\/p>\n\n\n\n<p>Te dejamos otros art\u00edculos que pueden ser de tu inter\u00e9s. \u00a1Nos vemos en la pr\u00f3xima! <\/p>\n\n\n\n<p><strong><a href=\"https:\/\/www.milar.es\/blog\/ordenador-o-tablet-que-es-mejor-para-estudiar\/\" target=\"_blank\" rel=\"noreferrer noopener\">Ordenador o tablet \u00bfqu\u00e9 es mejor para estudiar?<\/a><\/strong><\/p>\n\n\n\n<p><strong><a href=\"https:\/\/www.milar.es\/blog\/comparativa-ordenadores-portatiles-toshiba-hp-trabajar-milar-electrodomesticos\/\" target=\"_blank\" rel=\"noreferrer noopener\">Comparativa entre ordenadores port\u00e1tiles de Toshiba o HP para trabajar<\/a><\/strong><\/p>\n\n\n\n<p><strong><a href=\"https:\/\/www.milar.es\/blog\/nuevos-portatiles-conoce-sus-prestaciones\/\" target=\"_blank\" rel=\"noreferrer noopener\">Nuevos port\u00e1tiles de 2021, conoce sus prestaciones<\/a><\/strong><\/p>\n","protected":false},"excerpt":{"rendered":"\u00a1Ya est\u00e1 aqu\u00ed! El esperad\u00edsimo Windows 365 ha llegado para revolucionar la inform\u00e1tica como nunca antes lo hab\u00edamos experimentado. \u00bfQuieres conocer c\u00f3mo funciona este sistema novedoso? En Milar os vamos a contar todo sobre este nuevo sistema operativo de Microsoft, Windows 365, para que descubras todas las ventajas que puede&#8230; <a class=\"view-article\" href=\"https:\/\/www.milar.es\/blog\/como-instalar-o-activar-el-windows-365-en-varios-ordenadores\/\">Ver art\u00edculo<\/a>","protected":false},"author":1,"featured_media":9752,"comment_status":"closed","ping_status":"closed","sticky":false,"template":"","format":"standard","meta":{"footnotes":""},"categories":[10],"tags":[],"class_list":["post-9750","post","type-post","status-publish","format-standard","has-post-thumbnail","hentry","category-informatica"],"yoast_head":"<!-- This site is optimized with the Yoast SEO plugin v27.5 - https:\/\/yoast.com\/product\/yoast-seo-wordpress\/ -->\n<title>\u00bfC\u00f3mo instalar o activar el Windows 365 en varios ordenadores? - Milar Tendencias de electrodom\u00e9sticos<\/title>\n<meta name=\"description\" content=\"Conoce todo sobre el nuevo sistema operativo de Microsoft, Windows 365, y descubre todas las ventajas que puede ofrecerte en tu d\u00eda a d\u00eda.\" \/>\n<meta name=\"robots\" content=\"index, follow, max-snippet:-1, max-image-preview:large, max-video-preview:-1\" \/>\n<link rel=\"canonical\" href=\"https:\/\/www.milar.es\/blog\/como-instalar-o-activar-el-windows-365-en-varios-ordenadores\/\" \/>\n<meta property=\"og:locale\" content=\"es_ES\" \/>\n<meta property=\"og:type\" content=\"article\" \/>\n<meta property=\"og:title\" content=\"\u00bfC\u00f3mo instalar o activar el Windows 365 en varios ordenadores? - Milar Tendencias de electrodom\u00e9sticos\" \/>\n<meta property=\"og:description\" content=\"Conoce todo sobre el nuevo sistema operativo de Microsoft, Windows 365, y descubre todas las ventajas que puede ofrecerte en tu d\u00eda a d\u00eda.\" \/>\n<meta property=\"og:url\" content=\"https:\/\/www.milar.es\/blog\/como-instalar-o-activar-el-windows-365-en-varios-ordenadores\/\" \/>\n<meta property=\"og:site_name\" content=\"Milar Tendencias de electrodom\u00e9sticos\" \/>\n<meta property=\"article:published_time\" content=\"2021-08-04T11:30:00+00:00\" \/>\n<meta property=\"article:modified_time\" content=\"2024-07-31T07:11:27+00:00\" \/>\n<meta property=\"og:image\" content=\"https:\/\/www.milar.es\/blog\/wp-content\/uploads\/2021\/08\/windows-365.jpg\" \/>\n\t<meta property=\"og:image:width\" content=\"1200\" \/>\n\t<meta property=\"og:image:height\" content=\"800\" \/>\n\t<meta property=\"og:image:type\" content=\"image\/jpeg\" \/>\n<meta name=\"author\" content=\"Milar\" \/>\n<meta name=\"twitter:card\" content=\"summary_large_image\" \/>\n<meta name=\"twitter:label1\" content=\"Escrito por\" \/>\n\t<meta name=\"twitter:data1\" content=\"Milar\" \/>\n\t<meta name=\"twitter:label2\" content=\"Tiempo de lectura\" \/>\n\t<meta name=\"twitter:data2\" content=\"7 minutos\" \/>\n<script type=\"application\/ld+json\" class=\"yoast-schema-graph\">{\"@context\":\"https:\\\/\\\/schema.org\",\"@graph\":[{\"@type\":\"Article\",\"@id\":\"https:\\\/\\\/www.milar.es\\\/blog\\\/como-instalar-o-activar-el-windows-365-en-varios-ordenadores\\\/#article\",\"isPartOf\":{\"@id\":\"https:\\\/\\\/www.milar.es\\\/blog\\\/como-instalar-o-activar-el-windows-365-en-varios-ordenadores\\\/\"},\"author\":{\"name\":\"Milar\",\"@id\":\"https:\\\/\\\/www.milar.es\\\/blog\\\/#\\\/schema\\\/person\\\/a63c4965e2d32a22be88aabb90c4f11f\"},\"headline\":\"\u00bfC\u00f3mo instalar o activar el Windows 365 en varios ordenadores?\",\"datePublished\":\"2021-08-04T11:30:00+00:00\",\"dateModified\":\"2024-07-31T07:11:27+00:00\",\"mainEntityOfPage\":{\"@id\":\"https:\\\/\\\/www.milar.es\\\/blog\\\/como-instalar-o-activar-el-windows-365-en-varios-ordenadores\\\/\"},\"wordCount\":1148,\"image\":{\"@id\":\"https:\\\/\\\/www.milar.es\\\/blog\\\/como-instalar-o-activar-el-windows-365-en-varios-ordenadores\\\/#primaryimage\"},\"thumbnailUrl\":\"https:\\\/\\\/www.milar.es\\\/blog\\\/wp-content\\\/uploads\\\/2021\\\/08\\\/windows-365.jpg\",\"articleSection\":[\"Inform\u00e1tica\"],\"inLanguage\":\"es\"},{\"@type\":\"WebPage\",\"@id\":\"https:\\\/\\\/www.milar.es\\\/blog\\\/como-instalar-o-activar-el-windows-365-en-varios-ordenadores\\\/\",\"url\":\"https:\\\/\\\/www.milar.es\\\/blog\\\/como-instalar-o-activar-el-windows-365-en-varios-ordenadores\\\/\",\"name\":\"\u00bfC\u00f3mo instalar o activar el Windows 365 en varios ordenadores? - Milar Tendencias de electrodom\u00e9sticos\",\"isPartOf\":{\"@id\":\"https:\\\/\\\/www.milar.es\\\/blog\\\/#website\"},\"primaryImageOfPage\":{\"@id\":\"https:\\\/\\\/www.milar.es\\\/blog\\\/como-instalar-o-activar-el-windows-365-en-varios-ordenadores\\\/#primaryimage\"},\"image\":{\"@id\":\"https:\\\/\\\/www.milar.es\\\/blog\\\/como-instalar-o-activar-el-windows-365-en-varios-ordenadores\\\/#primaryimage\"},\"thumbnailUrl\":\"https:\\\/\\\/www.milar.es\\\/blog\\\/wp-content\\\/uploads\\\/2021\\\/08\\\/windows-365.jpg\",\"datePublished\":\"2021-08-04T11:30:00+00:00\",\"dateModified\":\"2024-07-31T07:11:27+00:00\",\"author\":{\"@id\":\"https:\\\/\\\/www.milar.es\\\/blog\\\/#\\\/schema\\\/person\\\/a63c4965e2d32a22be88aabb90c4f11f\"},\"description\":\"Conoce todo sobre el nuevo sistema operativo de Microsoft, Windows 365, y descubre todas las ventajas que puede ofrecerte en tu d\u00eda a d\u00eda.\",\"breadcrumb\":{\"@id\":\"https:\\\/\\\/www.milar.es\\\/blog\\\/como-instalar-o-activar-el-windows-365-en-varios-ordenadores\\\/#breadcrumb\"},\"inLanguage\":\"es\",\"potentialAction\":[{\"@type\":\"ReadAction\",\"target\":[\"https:\\\/\\\/www.milar.es\\\/blog\\\/como-instalar-o-activar-el-windows-365-en-varios-ordenadores\\\/\"]}]},{\"@type\":\"ImageObject\",\"inLanguage\":\"es\",\"@id\":\"https:\\\/\\\/www.milar.es\\\/blog\\\/como-instalar-o-activar-el-windows-365-en-varios-ordenadores\\\/#primaryimage\",\"url\":\"https:\\\/\\\/www.milar.es\\\/blog\\\/wp-content\\\/uploads\\\/2021\\\/08\\\/windows-365.jpg\",\"contentUrl\":\"https:\\\/\\\/www.milar.es\\\/blog\\\/wp-content\\\/uploads\\\/2021\\\/08\\\/windows-365.jpg\",\"width\":1200,\"height\":800,\"caption\":\"windows 365\"},{\"@type\":\"BreadcrumbList\",\"@id\":\"https:\\\/\\\/www.milar.es\\\/blog\\\/como-instalar-o-activar-el-windows-365-en-varios-ordenadores\\\/#breadcrumb\",\"itemListElement\":[{\"@type\":\"ListItem\",\"position\":1,\"name\":\"Home\",\"item\":\"https:\\\/\\\/www.milar.es\\\/blog\\\/\"},{\"@type\":\"ListItem\",\"position\":2,\"name\":\"\u00bfC\u00f3mo instalar o activar el Windows 365 en varios ordenadores?\"}]},{\"@type\":\"WebSite\",\"@id\":\"https:\\\/\\\/www.milar.es\\\/blog\\\/#website\",\"url\":\"https:\\\/\\\/www.milar.es\\\/blog\\\/\",\"name\":\"Milar Tendencias de electrodom\u00e9sticos\",\"description\":\"\",\"potentialAction\":[{\"@type\":\"SearchAction\",\"target\":{\"@type\":\"EntryPoint\",\"urlTemplate\":\"https:\\\/\\\/www.milar.es\\\/blog\\\/?s={search_term_string}\"},\"query-input\":{\"@type\":\"PropertyValueSpecification\",\"valueRequired\":true,\"valueName\":\"search_term_string\"}}],\"inLanguage\":\"es\"},{\"@type\":\"Person\",\"@id\":\"https:\\\/\\\/www.milar.es\\\/blog\\\/#\\\/schema\\\/person\\\/a63c4965e2d32a22be88aabb90c4f11f\",\"name\":\"Milar\",\"image\":{\"@type\":\"ImageObject\",\"inLanguage\":\"es\",\"@id\":\"https:\\\/\\\/secure.gravatar.com\\\/avatar\\\/1ff5211459d04644acdbe2d949c2a8626dc0f1e355d4830331235d147f36505a?s=96&d=mm&r=g\",\"url\":\"https:\\\/\\\/secure.gravatar.com\\\/avatar\\\/1ff5211459d04644acdbe2d949c2a8626dc0f1e355d4830331235d147f36505a?s=96&d=mm&r=g\",\"contentUrl\":\"https:\\\/\\\/secure.gravatar.com\\\/avatar\\\/1ff5211459d04644acdbe2d949c2a8626dc0f1e355d4830331235d147f36505a?s=96&d=mm&r=g\",\"caption\":\"Milar\"}}]}<\/script>\n<!-- \/ Yoast SEO plugin. -->","yoast_head_json":{"title":"\u00bfC\u00f3mo instalar o activar el Windows 365 en varios ordenadores? - Milar Tendencias de electrodom\u00e9sticos","description":"Conoce todo sobre el nuevo sistema operativo de Microsoft, Windows 365, y descubre todas las ventajas que puede ofrecerte en tu d\u00eda a d\u00eda.","robots":{"index":"index","follow":"follow","max-snippet":"max-snippet:-1","max-image-preview":"max-image-preview:large","max-video-preview":"max-video-preview:-1"},"canonical":"https:\/\/www.milar.es\/blog\/como-instalar-o-activar-el-windows-365-en-varios-ordenadores\/","og_locale":"es_ES","og_type":"article","og_title":"\u00bfC\u00f3mo instalar o activar el Windows 365 en varios ordenadores? - Milar Tendencias de electrodom\u00e9sticos","og_description":"Conoce todo sobre el nuevo sistema operativo de Microsoft, Windows 365, y descubre todas las ventajas que puede ofrecerte en tu d\u00eda a d\u00eda.","og_url":"https:\/\/www.milar.es\/blog\/como-instalar-o-activar-el-windows-365-en-varios-ordenadores\/","og_site_name":"Milar Tendencias de electrodom\u00e9sticos","article_published_time":"2021-08-04T11:30:00+00:00","article_modified_time":"2024-07-31T07:11:27+00:00","og_image":[{"width":1200,"height":800,"url":"https:\/\/www.milar.es\/blog\/wp-content\/uploads\/2021\/08\/windows-365.jpg","type":"image\/jpeg"}],"author":"Milar","twitter_card":"summary_large_image","twitter_misc":{"Escrito por":"Milar","Tiempo de lectura":"7 minutos"},"schema":{"@context":"https:\/\/schema.org","@graph":[{"@type":"Article","@id":"https:\/\/www.milar.es\/blog\/como-instalar-o-activar-el-windows-365-en-varios-ordenadores\/#article","isPartOf":{"@id":"https:\/\/www.milar.es\/blog\/como-instalar-o-activar-el-windows-365-en-varios-ordenadores\/"},"author":{"name":"Milar","@id":"https:\/\/www.milar.es\/blog\/#\/schema\/person\/a63c4965e2d32a22be88aabb90c4f11f"},"headline":"\u00bfC\u00f3mo instalar o activar el Windows 365 en varios ordenadores?","datePublished":"2021-08-04T11:30:00+00:00","dateModified":"2024-07-31T07:11:27+00:00","mainEntityOfPage":{"@id":"https:\/\/www.milar.es\/blog\/como-instalar-o-activar-el-windows-365-en-varios-ordenadores\/"},"wordCount":1148,"image":{"@id":"https:\/\/www.milar.es\/blog\/como-instalar-o-activar-el-windows-365-en-varios-ordenadores\/#primaryimage"},"thumbnailUrl":"https:\/\/www.milar.es\/blog\/wp-content\/uploads\/2021\/08\/windows-365.jpg","articleSection":["Inform\u00e1tica"],"inLanguage":"es"},{"@type":"WebPage","@id":"https:\/\/www.milar.es\/blog\/como-instalar-o-activar-el-windows-365-en-varios-ordenadores\/","url":"https:\/\/www.milar.es\/blog\/como-instalar-o-activar-el-windows-365-en-varios-ordenadores\/","name":"\u00bfC\u00f3mo instalar o activar el Windows 365 en varios ordenadores? - Milar Tendencias de electrodom\u00e9sticos","isPartOf":{"@id":"https:\/\/www.milar.es\/blog\/#website"},"primaryImageOfPage":{"@id":"https:\/\/www.milar.es\/blog\/como-instalar-o-activar-el-windows-365-en-varios-ordenadores\/#primaryimage"},"image":{"@id":"https:\/\/www.milar.es\/blog\/como-instalar-o-activar-el-windows-365-en-varios-ordenadores\/#primaryimage"},"thumbnailUrl":"https:\/\/www.milar.es\/blog\/wp-content\/uploads\/2021\/08\/windows-365.jpg","datePublished":"2021-08-04T11:30:00+00:00","dateModified":"2024-07-31T07:11:27+00:00","author":{"@id":"https:\/\/www.milar.es\/blog\/#\/schema\/person\/a63c4965e2d32a22be88aabb90c4f11f"},"description":"Conoce todo sobre el nuevo sistema operativo de Microsoft, Windows 365, y descubre todas las ventajas que puede ofrecerte en tu d\u00eda a d\u00eda.","breadcrumb":{"@id":"https:\/\/www.milar.es\/blog\/como-instalar-o-activar-el-windows-365-en-varios-ordenadores\/#breadcrumb"},"inLanguage":"es","potentialAction":[{"@type":"ReadAction","target":["https:\/\/www.milar.es\/blog\/como-instalar-o-activar-el-windows-365-en-varios-ordenadores\/"]}]},{"@type":"ImageObject","inLanguage":"es","@id":"https:\/\/www.milar.es\/blog\/como-instalar-o-activar-el-windows-365-en-varios-ordenadores\/#primaryimage","url":"https:\/\/www.milar.es\/blog\/wp-content\/uploads\/2021\/08\/windows-365.jpg","contentUrl":"https:\/\/www.milar.es\/blog\/wp-content\/uploads\/2021\/08\/windows-365.jpg","width":1200,"height":800,"caption":"windows 365"},{"@type":"BreadcrumbList","@id":"https:\/\/www.milar.es\/blog\/como-instalar-o-activar-el-windows-365-en-varios-ordenadores\/#breadcrumb","itemListElement":[{"@type":"ListItem","position":1,"name":"Home","item":"https:\/\/www.milar.es\/blog\/"},{"@type":"ListItem","position":2,"name":"\u00bfC\u00f3mo instalar o activar el Windows 365 en varios ordenadores?"}]},{"@type":"WebSite","@id":"https:\/\/www.milar.es\/blog\/#website","url":"https:\/\/www.milar.es\/blog\/","name":"Milar Tendencias de electrodom\u00e9sticos","description":"","potentialAction":[{"@type":"SearchAction","target":{"@type":"EntryPoint","urlTemplate":"https:\/\/www.milar.es\/blog\/?s={search_term_string}"},"query-input":{"@type":"PropertyValueSpecification","valueRequired":true,"valueName":"search_term_string"}}],"inLanguage":"es"},{"@type":"Person","@id":"https:\/\/www.milar.es\/blog\/#\/schema\/person\/a63c4965e2d32a22be88aabb90c4f11f","name":"Milar","image":{"@type":"ImageObject","inLanguage":"es","@id":"https:\/\/secure.gravatar.com\/avatar\/1ff5211459d04644acdbe2d949c2a8626dc0f1e355d4830331235d147f36505a?s=96&d=mm&r=g","url":"https:\/\/secure.gravatar.com\/avatar\/1ff5211459d04644acdbe2d949c2a8626dc0f1e355d4830331235d147f36505a?s=96&d=mm&r=g","contentUrl":"https:\/\/secure.gravatar.com\/avatar\/1ff5211459d04644acdbe2d949c2a8626dc0f1e355d4830331235d147f36505a?s=96&d=mm&r=g","caption":"Milar"}}]}},"_links":{"self":[{"href":"https:\/\/www.milar.es\/blog\/wp-json\/wp\/v2\/posts\/9750","targetHints":{"allow":["GET"]}}],"collection":[{"href":"https:\/\/www.milar.es\/blog\/wp-json\/wp\/v2\/posts"}],"about":[{"href":"https:\/\/www.milar.es\/blog\/wp-json\/wp\/v2\/types\/post"}],"author":[{"embeddable":true,"href":"https:\/\/www.milar.es\/blog\/wp-json\/wp\/v2\/users\/1"}],"replies":[{"embeddable":true,"href":"https:\/\/www.milar.es\/blog\/wp-json\/wp\/v2\/comments?post=9750"}],"version-history":[{"count":19,"href":"https:\/\/www.milar.es\/blog\/wp-json\/wp\/v2\/posts\/9750\/revisions"}],"predecessor-version":[{"id":14215,"href":"https:\/\/www.milar.es\/blog\/wp-json\/wp\/v2\/posts\/9750\/revisions\/14215"}],"wp:featuredmedia":[{"embeddable":true,"href":"https:\/\/www.milar.es\/blog\/wp-json\/wp\/v2\/media\/9752"}],"wp:attachment":[{"href":"https:\/\/www.milar.es\/blog\/wp-json\/wp\/v2\/media?parent=9750"}],"wp:term":[{"taxonomy":"category","embeddable":true,"href":"https:\/\/www.milar.es\/blog\/wp-json\/wp\/v2\/categories?post=9750"},{"taxonomy":"post_tag","embeddable":true,"href":"https:\/\/www.milar.es\/blog\/wp-json\/wp\/v2\/tags?post=9750"}],"curies":[{"name":"wp","href":"https:\/\/api.w.org\/{rel}","templated":true}]}}