{"id":8948,"date":"2021-03-20T21:00:00","date_gmt":"2021-03-20T21:00:00","guid":{"rendered":"https:\/\/www.milar.es\/blog\/?p=8948"},"modified":"2025-04-24T07:33:52","modified_gmt":"2025-04-24T07:33:52","slug":"comparativa-altavoces-guia-de-compra","status":"publish","type":"post","link":"https:\/\/www.milar.es\/blog\/comparativa-altavoces-guia-de-compra\/","title":{"rendered":"Comparativa altavoces, gu\u00eda de compra"},"content":{"rendered":"\n<p>En estos \u00faltimos a\u00f1os los <strong><a href=\"https:\/\/www.milar.es\/accesorios-altavoces.html\" target=\"_blank\" rel=\"noreferrer noopener\">altavoces<\/a> <\/strong>han evolucionado a un ritmo fren\u00e9tico. Y es que cada vez son m\u00e1s los usuarios que buscan la mayor calidad a la hora de escuchar m\u00fasica o su programa de <strong><a href=\"https:\/\/www.milar.es\/blog\/nuevas-radios-todo-lo-que-necesitas-saber\/\">nueva radio<\/a><\/strong> favorito. Como existen infinidad de marcas, desde <strong><a href=\"https:\/\/www.milar.es\/\" target=\"_blank\" rel=\"noreferrer noopener\">Milar<\/a> <\/strong>os hemos preparado una peque\u00f1a gu\u00eda de <strong>comparativa altavoces<\/strong>. \u00a1Coge papel y boli y no te pierdas ninguna de las prestaciones incorporadas en los <strong><a href=\"https:\/\/www.milar.es\/blog\/nuevos-altavoces-de-2021-todo-lo-que-necesitas-saber\/\" target=\"_blank\" rel=\"noreferrer noopener\">nuevos altavoces<\/a><\/strong>! \u00bfEmpezamos?<\/p>\n\n\n<div class=\"wp-block-image\">\n<figure class=\"aligncenter size-large\"><img loading=\"lazy\" decoding=\"async\" width=\"700\" height=\"467\" src=\"https:\/\/www.milar.es\/blog\/wp-content\/uploads\/2021\/06\/comparativa-altavoces-700x467.jpg\" alt=\"Comparativa altavoces\" class=\"wp-image-8950\" srcset=\"https:\/\/www.milar.es\/blog\/wp-content\/uploads\/2021\/06\/comparativa-altavoces-700x467.jpg 700w, https:\/\/www.milar.es\/blog\/wp-content\/uploads\/2021\/06\/comparativa-altavoces-250x167.jpg 250w, https:\/\/www.milar.es\/blog\/wp-content\/uploads\/2021\/06\/comparativa-altavoces-768x513.jpg 768w, https:\/\/www.milar.es\/blog\/wp-content\/uploads\/2021\/06\/comparativa-altavoces-120x80.jpg 120w, https:\/\/www.milar.es\/blog\/wp-content\/uploads\/2021\/06\/comparativa-altavoces.jpg 1200w\" sizes=\"auto, (max-width: 700px) 100vw, 700px\" \/><\/figure>\n<\/div>\n\n\n<h2 class=\"wp-block-heading has-text-align-center\">\u00bfQu\u00e9 tener en cuenta a la hora de comprar un altavoz? <\/h2>\n\n\n\n<p>Si lo que est\u00e1s buscando es comodidad por encima de todo, los altavoces m\u00e1s potentes prescinden de los cables. Es decir, al contrario que algunos <strong><a href=\"https:\/\/www.milar.es\/accesorios-auriculares.html\" target=\"_blank\" rel=\"noreferrer noopener\">auriculares<\/a><\/strong>, los altavoces se conectan v\u00eda <strong>Bluetooth<\/strong>&nbsp;y, as\u00ed, logramos la libertad musical que buscamos en nuestro d\u00eda a d\u00eda.<\/p>\n\n\n\n<p>Por un lado, hay que tener en cuenta los diferentes <strong>tipos de altavoces<\/strong> del mercado. Los <strong>altavoces de estanter\u00eda<\/strong>, muy compactos y econ\u00f3micos, son unos de los modelos m\u00e1s demandados gracias a su gran compatibilidad con dispositivos. Los <strong>altavoces de suelo<\/strong>, o <strong>altavoces de torre<\/strong>, son muy \u00f3ptimos en lo relativo a <strong>calidad de sonido<\/strong>. Los <strong>altavoces inal\u00e1mbricos<\/strong> que se convertir\u00e1n en un aliado m\u00e1s en tu d\u00eda a d\u00eda pues con estos aparatos, adem\u00e1s de escuchar m\u00fasica, podremos conocer la informaci\u00f3n meteorol\u00f3gica o llamar gracias a su manos libre incorporado. <\/p>\n\n\n\n<p>Por otro lado, es interesante buscar un <strong>altavoz <\/strong>con una <strong>potencia <\/strong>acorde al uso que le vayas a dar y que se trate de un <strong><a href=\"https:\/\/www.milar.es\/blog\/altavoz-amplificado-guia-definitiva-para-conseguir-una-gran-calidad-de-sonido\/\">altavoz amplificado<\/a><\/strong> o no. \u00bfPor qu\u00e9? Pues porque de nada sirve adquirir un altavoz con un dise\u00f1o puntero sin fijarte si te va a proporcionar un sonido amplificado y de calidad. En <strong>Milar <\/strong>contamos con distintas potencias. \u00a1Podr\u00e1s elegir desde los altavoces compactos de <strong>10 W de potencia <\/strong>hasta los altavoces de<strong> 100 W de potencia<\/strong>.<\/p>\n\n\n\n<h2 class=\"wp-block-heading has-text-align-center\"><strong>Tipos de altavoces que puedes encontrar en el mercado<\/strong><\/h2>\n\n\n\n<p>Tambi\u00e9n es interesante contar con un<strong> altavoz con wifi<\/strong>. Gracias a esto conseguiremos un plus pues estos <strong><a href=\"https:\/\/www.milar.es\/blog\/accesorios-de-musica-los-indispensables\/\">accesorios de m\u00fasica<\/a><\/strong> podr\u00e1n conectarse a Spotify, Apple Music o cualquier otra plataforma de m\u00fasica. Estos modelos de altavoces potentes tambi\u00e9n pueden funcionar con<strong>&nbsp;asistentes de voz&nbsp;<\/strong>como Google o Amazon Alexa. \u00bfA qu\u00e9 suena genial?<\/p>\n\n\n\n<p>Dentro de la <strong>comparativa de altavoces<\/strong> tambi\u00e9n deberemos echar un ojo a la <strong>autonom\u00eda de los altavoces inal\u00e1mbricos<\/strong>, para no tener que ir de un lugar a otro con el cargador.  Los modelos m\u00e1s modernos aguantar\u00e1n pr\u00e1cticamente todo el d\u00eda sin tener que cargarse, por lo que no habr\u00e1 problema alguno. <\/p>\n\n\n\n<p>Cuando quer\u00e1is hacer una <strong>comparativa de altavoces <\/strong>es importante saber que lleva de serie, para ver el potencial que puede tener a llegar ese aparato. Por ejemplo, deberemos fijarnos si un altavoz incorpora <strong>tecnolog\u00eda de mejora de sonido<\/strong>. Gracias a esto podremos reducir distorsiones a tiempo real e incluso reproducir los <strong>graves <\/strong>con una profundidad sin igual. As\u00ed, conseguiremos una<strong> experiencia ac\u00fastica<\/strong> mucho m\u00e1s realista. <\/p>\n\n\n\n<p>Que no te preocupe <strong>que altavoz comprar<\/strong>, aqu\u00ed debajo tienes una gran variedad, con precios que se adaptan a todos los bolsillos. En <strong>Milar <\/strong>contamos con <strong>altavoces <a href=\"https:\/\/www.milar.es\/grundig.html\" target=\"_blank\" rel=\"noreferrer noopener\">Grundig<\/a><\/strong>, <strong>altavoces <a href=\"https:\/\/www.milar.es\/lg.html\" target=\"_blank\" rel=\"noreferrer noopener\">LG<\/a><\/strong> e incluso <strong>altavoces <a href=\"https:\/\/www.milar.es\/nevir.html\" target=\"_blank\" rel=\"noreferrer noopener\">Nevir<\/a><\/strong>, entre otras m\u00e1s marcas, <\/p>\n\n\n\n<h2 class=\"wp-block-heading has-text-align-center\"><strong>Comparativa de modelos de altavoces<\/strong><\/h2>\n\n\n\n<p>En&nbsp;<strong>Milar<\/strong>&nbsp;recomendamos este<strong> <a href=\"https:\/\/www.milar.es\/altavoz-sony-srs-xb23b-12-h.html\" target=\"_blank\" rel=\"noreferrer noopener\">altavoz Sony SRS XB23B con 12 h de autonom\u00eda<\/a><\/strong>. Con este modelo <strong>Sony <\/strong>conseguiremos unos graves muy definidos debido a sus radiadores pasivos laterales. \u00bfQuieres saber m\u00e1s? Gracias a su <strong>innovador<\/strong> <strong>dise\u00f1o <\/strong>podr\u00e1s colocarlo de manera horizontal e incluso vertical. \u00bfA qu\u00e9 suena genial? Consigue la calidad de sonido que te mereces gracias a este <strong>altavoz <a href=\"https:\/\/www.milar.es\/sony.html\" target=\"_blank\" rel=\"noreferrer noopener\">Sony<\/a><\/strong>. <\/p>\n\n\n<div class=\"wp-block-image\">\n<figure class=\"aligncenter size-large\"><a href=\"https:\/\/www.milar.es\/altavoz-sony-srs-xb23b-12-h.html\"><img loading=\"lazy\" decoding=\"async\" width=\"694\" height=\"254\" src=\"https:\/\/www.milar.es\/blog\/wp-content\/uploads\/2021\/06\/Banner-Blog-Milar-2021-05-05T133838.142-min.jpg.jpg\" alt=\"Altavoz Sony SRS XB23B 12 h\n\" class=\"wp-image-8970\" srcset=\"https:\/\/www.milar.es\/blog\/wp-content\/uploads\/2021\/06\/Banner-Blog-Milar-2021-05-05T133838.142-min.jpg.jpg 694w, https:\/\/www.milar.es\/blog\/wp-content\/uploads\/2021\/06\/Banner-Blog-Milar-2021-05-05T133838.142-min.jpg-250x91.jpg 250w, https:\/\/www.milar.es\/blog\/wp-content\/uploads\/2021\/06\/Banner-Blog-Milar-2021-05-05T133838.142-min.jpg-120x44.jpg 120w\" sizes=\"auto, (max-width: 694px) 100vw, 694px\" \/><\/a><\/figure>\n<\/div>\n\n\n<p>Este <strong><a href=\"https:\/\/www.milar.es\/altavoz-philips-bt3900b-00-8-h.html\" target=\"_blank\" rel=\"noreferrer noopener\">altavoz Philips BT3900B\/00 de 8 horas de autonom\u00eda<\/a> <\/strong>es tambi\u00e9n una opci\u00f3n muy recomendable gracias a su dise\u00f1o moderno y elegante. De <strong>Philips<\/strong>, incorpora una <strong>correa para USB<\/strong> y un Bluetooth de largo alcance. \u00bfQuieres saber m\u00e1s? Su <strong>material DuraFit<\/strong> de alto rendimiento es muy resistente, tanto a ara\u00f1azos como al polvo. Consigue este <strong>altavoz <a href=\"https:\/\/www.milar.es\/philips.html\">Philips<\/a> <\/strong>a un precio incre\u00edble solo en <strong>Milar<\/strong>. <\/p>\n\n\n<div class=\"wp-block-image\">\n<figure class=\"aligncenter size-large\"><a href=\"https:\/\/www.milar.es\/altavoz-philips-bt3900b-00-8-h.html\"><img loading=\"lazy\" decoding=\"async\" width=\"700\" height=\"256\" src=\"https:\/\/www.milar.es\/blog\/wp-content\/uploads\/2021\/06\/Banner-Blog-Milar-2021-06-22T104823.863-700x256.jpg\" alt=\"Altavoz Philips BT3900B\/00 8 h\" class=\"wp-image-8973\" srcset=\"https:\/\/www.milar.es\/blog\/wp-content\/uploads\/2021\/06\/Banner-Blog-Milar-2021-06-22T104823.863-700x256.jpg 700w, https:\/\/www.milar.es\/blog\/wp-content\/uploads\/2021\/06\/Banner-Blog-Milar-2021-06-22T104823.863-250x91.jpg 250w, https:\/\/www.milar.es\/blog\/wp-content\/uploads\/2021\/06\/Banner-Blog-Milar-2021-06-22T104823.863-768x281.jpg 768w, https:\/\/www.milar.es\/blog\/wp-content\/uploads\/2021\/06\/Banner-Blog-Milar-2021-06-22T104823.863-120x44.jpg 120w, https:\/\/www.milar.es\/blog\/wp-content\/uploads\/2021\/06\/Banner-Blog-Milar-2021-06-22T104823.863.jpg 1200w\" sizes=\"auto, (max-width: 700px) 100vw, 700px\" \/><\/a><\/figure>\n<\/div>\n\n\n<p>Por \u00faltimo, tambi\u00e9n puedes optar por el <strong><a href=\"https:\/\/www.milar.es\/altavoz-samsung-level-box-slim-blue-8.html\" target=\"_blank\" rel=\"noreferrer noopener\">altavoz Samsung Level Box Slim Blue de 8 W de potencia<\/a><\/strong> pues cuenta con muy buenas opiniones. \u00bfQuieres saber por qu\u00e9? Pues porque este modelo&nbsp;<strong>Samsung <\/strong>incorpora la \u00faltima tecnolog\u00eda en lo relativo a aparatos de sonido. Y es que puede funcionar tambi\u00e9n como una <strong>bater\u00eda port\u00e1til <\/strong>y, as\u00ed, mantener a tu dispositivo cargando para que escuches durante muchas m\u00e1s horas tu m\u00fasica favorita. En definitiva, este <strong>altavoz <a href=\"https:\/\/www.milar.es\/samsung.html\" target=\"_blank\" rel=\"noreferrer noopener\">Samsung<\/a><\/strong> es un aparato de lo m\u00e1s&nbsp;<strong>intuitivo&nbsp;<\/strong>y se adaptar\u00e1 a tu d\u00eda a d\u00eda.<\/p>\n\n\n<div class=\"wp-block-image\">\n<figure class=\"aligncenter size-large\"><a href=\"https:\/\/www.milar.es\/altavoz-samsung-level-box-slim-blue-8.html\"><img loading=\"lazy\" decoding=\"async\" width=\"700\" height=\"256\" src=\"https:\/\/www.milar.es\/blog\/wp-content\/uploads\/2021\/06\/Banner-Blog-Milar-2021-06-22T110001.103-700x256.jpg\" alt=\"Altavoz Samsung LEVEL BOX SLIM BLUE 8\" class=\"wp-image-8976\" srcset=\"https:\/\/www.milar.es\/blog\/wp-content\/uploads\/2021\/06\/Banner-Blog-Milar-2021-06-22T110001.103-700x256.jpg 700w, https:\/\/www.milar.es\/blog\/wp-content\/uploads\/2021\/06\/Banner-Blog-Milar-2021-06-22T110001.103-250x91.jpg 250w, https:\/\/www.milar.es\/blog\/wp-content\/uploads\/2021\/06\/Banner-Blog-Milar-2021-06-22T110001.103-768x281.jpg 768w, https:\/\/www.milar.es\/blog\/wp-content\/uploads\/2021\/06\/Banner-Blog-Milar-2021-06-22T110001.103-120x44.jpg 120w, https:\/\/www.milar.es\/blog\/wp-content\/uploads\/2021\/06\/Banner-Blog-Milar-2021-06-22T110001.103.jpg 1200w\" sizes=\"auto, (max-width: 700px) 100vw, 700px\" \/><\/a><\/figure>\n<\/div>\n\n\n<p>Ahora que ya has le\u00eddo esta <strong>comparativa de altavoces<\/strong>, \u00bfa qu\u00e9 esperas a hacerte con uno? En&nbsp;<strong>Milar&nbsp;<\/strong>puedes hacerte con el altavoz<strong>&nbsp;<\/strong>que m\u00e1s se ajusta a tus necesidades, siempre con las mejores prestaciones y precio.<\/p>\n\n\n\n<p>Os recomendamos, adem\u00e1s, estos art\u00edculos relacionados de&nbsp;<strong>aparatos de sonido<\/strong>&nbsp;que pueden ser de vuestro inter\u00e9s. \u00a1Hasta la pr\u00f3xima! <\/p>\n\n\n\n<p><strong><a href=\"https:\/\/www.milar.es\/blog\/altavoces-inalambricos-transportarlos-sin-problemas\/\" target=\"_blank\" rel=\"noreferrer noopener\">Altavoces inal\u00e1mbricos para transportarlos sin problemas<\/a><\/strong><\/p>\n\n\n\n<p><strong><a href=\"https:\/\/www.milar.es\/blog\/torre-de-sonido-que-dispositivos-se-pueden-conectar-a-una-torre-de-sonido\/\" target=\"_blank\" rel=\"noreferrer noopener\">Torre de sonido: \u00bfQu\u00e9 dispositivos se pueden conectar a una torre de sonido?<\/a><\/strong><\/p>\n","protected":false},"excerpt":{"rendered":"En estos \u00faltimos a\u00f1os los altavoces han evolucionado a un ritmo fren\u00e9tico. Y es que cada vez son m\u00e1s los usuarios que buscan la mayor calidad a la hora de escuchar m\u00fasica o su programa de nueva radio favorito. Como existen infinidad de marcas, desde Milar os hemos preparado una&#8230; <a class=\"view-article\" href=\"https:\/\/www.milar.es\/blog\/comparativa-altavoces-guia-de-compra\/\">Ver art\u00edculo<\/a>","protected":false},"author":1,"featured_media":0,"comment_status":"closed","ping_status":"closed","sticky":false,"template":"","format":"standard","meta":{"footnotes":""},"categories":[39,7],"tags":[],"class_list":["post-8948","post","type-post","status-publish","format-standard","hentry","category-comparativas","category-imagen-y-sonido"],"yoast_head":"<!-- This site is optimized with the Yoast SEO plugin v27.5 - https:\/\/yoast.com\/product\/yoast-seo-wordpress\/ -->\n<title>Comparativa altavoces, gu\u00eda de compra - Milar Tendencias de electrodom\u00e9sticos<\/title>\n<meta name=\"description\" content=\"Que no te preocupe que altavoz comprar, en Milar hemos preparado una comparativa de altavoces para que conozcas todas sus prestaciones.\" \/>\n<meta name=\"robots\" content=\"index, follow, max-snippet:-1, max-image-preview:large, max-video-preview:-1\" \/>\n<link rel=\"canonical\" href=\"https:\/\/www.milar.es\/blog\/comparativa-altavoces-guia-de-compra\/\" \/>\n<meta property=\"og:locale\" content=\"es_ES\" \/>\n<meta property=\"og:type\" content=\"article\" \/>\n<meta property=\"og:title\" content=\"Comparativa altavoces, gu\u00eda de compra - Milar Tendencias de electrodom\u00e9sticos\" \/>\n<meta property=\"og:description\" content=\"Que no te preocupe que altavoz comprar, en Milar hemos preparado una comparativa de altavoces para que conozcas todas sus prestaciones.\" \/>\n<meta property=\"og:url\" content=\"https:\/\/www.milar.es\/blog\/comparativa-altavoces-guia-de-compra\/\" \/>\n<meta property=\"og:site_name\" content=\"Milar Tendencias de electrodom\u00e9sticos\" \/>\n<meta property=\"article:published_time\" content=\"2021-03-20T21:00:00+00:00\" \/>\n<meta property=\"article:modified_time\" content=\"2025-04-24T07:33:52+00:00\" \/>\n<meta property=\"og:image\" content=\"https:\/\/www.milar.es\/blog\/wp-content\/uploads\/2021\/06\/comparativa-altavoces-700x467.jpg\" \/>\n<meta name=\"author\" content=\"Milar\" \/>\n<meta name=\"twitter:card\" content=\"summary_large_image\" \/>\n<meta name=\"twitter:label1\" content=\"Escrito por\" \/>\n\t<meta name=\"twitter:data1\" content=\"Milar\" \/>\n\t<meta name=\"twitter:label2\" content=\"Tiempo de lectura\" \/>\n\t<meta name=\"twitter:data2\" content=\"5 minutos\" \/>\n<script type=\"application\/ld+json\" class=\"yoast-schema-graph\">{\"@context\":\"https:\\\/\\\/schema.org\",\"@graph\":[{\"@type\":\"Article\",\"@id\":\"https:\\\/\\\/www.milar.es\\\/blog\\\/comparativa-altavoces-guia-de-compra\\\/#article\",\"isPartOf\":{\"@id\":\"https:\\\/\\\/www.milar.es\\\/blog\\\/comparativa-altavoces-guia-de-compra\\\/\"},\"author\":{\"name\":\"Milar\",\"@id\":\"https:\\\/\\\/www.milar.es\\\/blog\\\/#\\\/schema\\\/person\\\/a63c4965e2d32a22be88aabb90c4f11f\"},\"headline\":\"Comparativa altavoces, gu\u00eda de compra\",\"datePublished\":\"2021-03-20T21:00:00+00:00\",\"dateModified\":\"2025-04-24T07:33:52+00:00\",\"mainEntityOfPage\":{\"@id\":\"https:\\\/\\\/www.milar.es\\\/blog\\\/comparativa-altavoces-guia-de-compra\\\/\"},\"wordCount\":899,\"image\":{\"@id\":\"https:\\\/\\\/www.milar.es\\\/blog\\\/comparativa-altavoces-guia-de-compra\\\/#primaryimage\"},\"thumbnailUrl\":\"https:\\\/\\\/www.milar.es\\\/blog\\\/wp-content\\\/uploads\\\/2021\\\/06\\\/comparativa-altavoces-700x467.jpg\",\"articleSection\":[\"Comparativas\",\"Imagen y sonido\"],\"inLanguage\":\"es\"},{\"@type\":\"WebPage\",\"@id\":\"https:\\\/\\\/www.milar.es\\\/blog\\\/comparativa-altavoces-guia-de-compra\\\/\",\"url\":\"https:\\\/\\\/www.milar.es\\\/blog\\\/comparativa-altavoces-guia-de-compra\\\/\",\"name\":\"Comparativa altavoces, gu\u00eda de compra - Milar Tendencias de electrodom\u00e9sticos\",\"isPartOf\":{\"@id\":\"https:\\\/\\\/www.milar.es\\\/blog\\\/#website\"},\"primaryImageOfPage\":{\"@id\":\"https:\\\/\\\/www.milar.es\\\/blog\\\/comparativa-altavoces-guia-de-compra\\\/#primaryimage\"},\"image\":{\"@id\":\"https:\\\/\\\/www.milar.es\\\/blog\\\/comparativa-altavoces-guia-de-compra\\\/#primaryimage\"},\"thumbnailUrl\":\"https:\\\/\\\/www.milar.es\\\/blog\\\/wp-content\\\/uploads\\\/2021\\\/06\\\/comparativa-altavoces-700x467.jpg\",\"datePublished\":\"2021-03-20T21:00:00+00:00\",\"dateModified\":\"2025-04-24T07:33:52+00:00\",\"author\":{\"@id\":\"https:\\\/\\\/www.milar.es\\\/blog\\\/#\\\/schema\\\/person\\\/a63c4965e2d32a22be88aabb90c4f11f\"},\"description\":\"Que no te preocupe que altavoz comprar, en Milar hemos preparado una comparativa de altavoces para que conozcas todas sus prestaciones.\",\"breadcrumb\":{\"@id\":\"https:\\\/\\\/www.milar.es\\\/blog\\\/comparativa-altavoces-guia-de-compra\\\/#breadcrumb\"},\"inLanguage\":\"es\",\"potentialAction\":[{\"@type\":\"ReadAction\",\"target\":[\"https:\\\/\\\/www.milar.es\\\/blog\\\/comparativa-altavoces-guia-de-compra\\\/\"]}]},{\"@type\":\"ImageObject\",\"inLanguage\":\"es\",\"@id\":\"https:\\\/\\\/www.milar.es\\\/blog\\\/comparativa-altavoces-guia-de-compra\\\/#primaryimage\",\"url\":\"https:\\\/\\\/www.milar.es\\\/blog\\\/wp-content\\\/uploads\\\/2021\\\/06\\\/comparativa-altavoces.jpg\",\"contentUrl\":\"https:\\\/\\\/www.milar.es\\\/blog\\\/wp-content\\\/uploads\\\/2021\\\/06\\\/comparativa-altavoces.jpg\",\"width\":1200,\"height\":801,\"caption\":\"Comparativa altavoces\"},{\"@type\":\"BreadcrumbList\",\"@id\":\"https:\\\/\\\/www.milar.es\\\/blog\\\/comparativa-altavoces-guia-de-compra\\\/#breadcrumb\",\"itemListElement\":[{\"@type\":\"ListItem\",\"position\":1,\"name\":\"Home\",\"item\":\"https:\\\/\\\/www.milar.es\\\/blog\\\/\"},{\"@type\":\"ListItem\",\"position\":2,\"name\":\"Comparativa altavoces, gu\u00eda de compra\"}]},{\"@type\":\"WebSite\",\"@id\":\"https:\\\/\\\/www.milar.es\\\/blog\\\/#website\",\"url\":\"https:\\\/\\\/www.milar.es\\\/blog\\\/\",\"name\":\"Milar Tendencias de electrodom\u00e9sticos\",\"description\":\"\",\"potentialAction\":[{\"@type\":\"SearchAction\",\"target\":{\"@type\":\"EntryPoint\",\"urlTemplate\":\"https:\\\/\\\/www.milar.es\\\/blog\\\/?s={search_term_string}\"},\"query-input\":{\"@type\":\"PropertyValueSpecification\",\"valueRequired\":true,\"valueName\":\"search_term_string\"}}],\"inLanguage\":\"es\"},{\"@type\":\"Person\",\"@id\":\"https:\\\/\\\/www.milar.es\\\/blog\\\/#\\\/schema\\\/person\\\/a63c4965e2d32a22be88aabb90c4f11f\",\"name\":\"Milar\",\"image\":{\"@type\":\"ImageObject\",\"inLanguage\":\"es\",\"@id\":\"https:\\\/\\\/secure.gravatar.com\\\/avatar\\\/1ff5211459d04644acdbe2d949c2a8626dc0f1e355d4830331235d147f36505a?s=96&d=mm&r=g\",\"url\":\"https:\\\/\\\/secure.gravatar.com\\\/avatar\\\/1ff5211459d04644acdbe2d949c2a8626dc0f1e355d4830331235d147f36505a?s=96&d=mm&r=g\",\"contentUrl\":\"https:\\\/\\\/secure.gravatar.com\\\/avatar\\\/1ff5211459d04644acdbe2d949c2a8626dc0f1e355d4830331235d147f36505a?s=96&d=mm&r=g\",\"caption\":\"Milar\"}}]}<\/script>\n<!-- \/ Yoast SEO plugin. -->","yoast_head_json":{"title":"Comparativa altavoces, gu\u00eda de compra - Milar Tendencias de electrodom\u00e9sticos","description":"Que no te preocupe que altavoz comprar, en Milar hemos preparado una comparativa de altavoces para que conozcas todas sus prestaciones.","robots":{"index":"index","follow":"follow","max-snippet":"max-snippet:-1","max-image-preview":"max-image-preview:large","max-video-preview":"max-video-preview:-1"},"canonical":"https:\/\/www.milar.es\/blog\/comparativa-altavoces-guia-de-compra\/","og_locale":"es_ES","og_type":"article","og_title":"Comparativa altavoces, gu\u00eda de compra - Milar Tendencias de electrodom\u00e9sticos","og_description":"Que no te preocupe que altavoz comprar, en Milar hemos preparado una comparativa de altavoces para que conozcas todas sus prestaciones.","og_url":"https:\/\/www.milar.es\/blog\/comparativa-altavoces-guia-de-compra\/","og_site_name":"Milar Tendencias de electrodom\u00e9sticos","article_published_time":"2021-03-20T21:00:00+00:00","article_modified_time":"2025-04-24T07:33:52+00:00","og_image":[{"url":"https:\/\/www.milar.es\/blog\/wp-content\/uploads\/2021\/06\/comparativa-altavoces-700x467.jpg","type":"","width":"","height":""}],"author":"Milar","twitter_card":"summary_large_image","twitter_misc":{"Escrito por":"Milar","Tiempo de lectura":"5 minutos"},"schema":{"@context":"https:\/\/schema.org","@graph":[{"@type":"Article","@id":"https:\/\/www.milar.es\/blog\/comparativa-altavoces-guia-de-compra\/#article","isPartOf":{"@id":"https:\/\/www.milar.es\/blog\/comparativa-altavoces-guia-de-compra\/"},"author":{"name":"Milar","@id":"https:\/\/www.milar.es\/blog\/#\/schema\/person\/a63c4965e2d32a22be88aabb90c4f11f"},"headline":"Comparativa altavoces, gu\u00eda de compra","datePublished":"2021-03-20T21:00:00+00:00","dateModified":"2025-04-24T07:33:52+00:00","mainEntityOfPage":{"@id":"https:\/\/www.milar.es\/blog\/comparativa-altavoces-guia-de-compra\/"},"wordCount":899,"image":{"@id":"https:\/\/www.milar.es\/blog\/comparativa-altavoces-guia-de-compra\/#primaryimage"},"thumbnailUrl":"https:\/\/www.milar.es\/blog\/wp-content\/uploads\/2021\/06\/comparativa-altavoces-700x467.jpg","articleSection":["Comparativas","Imagen y sonido"],"inLanguage":"es"},{"@type":"WebPage","@id":"https:\/\/www.milar.es\/blog\/comparativa-altavoces-guia-de-compra\/","url":"https:\/\/www.milar.es\/blog\/comparativa-altavoces-guia-de-compra\/","name":"Comparativa altavoces, gu\u00eda de compra - Milar Tendencias de electrodom\u00e9sticos","isPartOf":{"@id":"https:\/\/www.milar.es\/blog\/#website"},"primaryImageOfPage":{"@id":"https:\/\/www.milar.es\/blog\/comparativa-altavoces-guia-de-compra\/#primaryimage"},"image":{"@id":"https:\/\/www.milar.es\/blog\/comparativa-altavoces-guia-de-compra\/#primaryimage"},"thumbnailUrl":"https:\/\/www.milar.es\/blog\/wp-content\/uploads\/2021\/06\/comparativa-altavoces-700x467.jpg","datePublished":"2021-03-20T21:00:00+00:00","dateModified":"2025-04-24T07:33:52+00:00","author":{"@id":"https:\/\/www.milar.es\/blog\/#\/schema\/person\/a63c4965e2d32a22be88aabb90c4f11f"},"description":"Que no te preocupe que altavoz comprar, en Milar hemos preparado una comparativa de altavoces para que conozcas todas sus prestaciones.","breadcrumb":{"@id":"https:\/\/www.milar.es\/blog\/comparativa-altavoces-guia-de-compra\/#breadcrumb"},"inLanguage":"es","potentialAction":[{"@type":"ReadAction","target":["https:\/\/www.milar.es\/blog\/comparativa-altavoces-guia-de-compra\/"]}]},{"@type":"ImageObject","inLanguage":"es","@id":"https:\/\/www.milar.es\/blog\/comparativa-altavoces-guia-de-compra\/#primaryimage","url":"https:\/\/www.milar.es\/blog\/wp-content\/uploads\/2021\/06\/comparativa-altavoces.jpg","contentUrl":"https:\/\/www.milar.es\/blog\/wp-content\/uploads\/2021\/06\/comparativa-altavoces.jpg","width":1200,"height":801,"caption":"Comparativa altavoces"},{"@type":"BreadcrumbList","@id":"https:\/\/www.milar.es\/blog\/comparativa-altavoces-guia-de-compra\/#breadcrumb","itemListElement":[{"@type":"ListItem","position":1,"name":"Home","item":"https:\/\/www.milar.es\/blog\/"},{"@type":"ListItem","position":2,"name":"Comparativa altavoces, gu\u00eda de compra"}]},{"@type":"WebSite","@id":"https:\/\/www.milar.es\/blog\/#website","url":"https:\/\/www.milar.es\/blog\/","name":"Milar Tendencias de electrodom\u00e9sticos","description":"","potentialAction":[{"@type":"SearchAction","target":{"@type":"EntryPoint","urlTemplate":"https:\/\/www.milar.es\/blog\/?s={search_term_string}"},"query-input":{"@type":"PropertyValueSpecification","valueRequired":true,"valueName":"search_term_string"}}],"inLanguage":"es"},{"@type":"Person","@id":"https:\/\/www.milar.es\/blog\/#\/schema\/person\/a63c4965e2d32a22be88aabb90c4f11f","name":"Milar","image":{"@type":"ImageObject","inLanguage":"es","@id":"https:\/\/secure.gravatar.com\/avatar\/1ff5211459d04644acdbe2d949c2a8626dc0f1e355d4830331235d147f36505a?s=96&d=mm&r=g","url":"https:\/\/secure.gravatar.com\/avatar\/1ff5211459d04644acdbe2d949c2a8626dc0f1e355d4830331235d147f36505a?s=96&d=mm&r=g","contentUrl":"https:\/\/secure.gravatar.com\/avatar\/1ff5211459d04644acdbe2d949c2a8626dc0f1e355d4830331235d147f36505a?s=96&d=mm&r=g","caption":"Milar"}}]}},"_links":{"self":[{"href":"https:\/\/www.milar.es\/blog\/wp-json\/wp\/v2\/posts\/8948","targetHints":{"allow":["GET"]}}],"collection":[{"href":"https:\/\/www.milar.es\/blog\/wp-json\/wp\/v2\/posts"}],"about":[{"href":"https:\/\/www.milar.es\/blog\/wp-json\/wp\/v2\/types\/post"}],"author":[{"embeddable":true,"href":"https:\/\/www.milar.es\/blog\/wp-json\/wp\/v2\/users\/1"}],"replies":[{"embeddable":true,"href":"https:\/\/www.milar.es\/blog\/wp-json\/wp\/v2\/comments?post=8948"}],"version-history":[{"count":24,"href":"https:\/\/www.milar.es\/blog\/wp-json\/wp\/v2\/posts\/8948\/revisions"}],"predecessor-version":[{"id":14691,"href":"https:\/\/www.milar.es\/blog\/wp-json\/wp\/v2\/posts\/8948\/revisions\/14691"}],"wp:attachment":[{"href":"https:\/\/www.milar.es\/blog\/wp-json\/wp\/v2\/media?parent=8948"}],"wp:term":[{"taxonomy":"category","embeddable":true,"href":"https:\/\/www.milar.es\/blog\/wp-json\/wp\/v2\/categories?post=8948"},{"taxonomy":"post_tag","embeddable":true,"href":"https:\/\/www.milar.es\/blog\/wp-json\/wp\/v2\/tags?post=8948"}],"curies":[{"name":"wp","href":"https:\/\/api.w.org\/{rel}","templated":true}]}}