{"id":8697,"date":"2023-09-28T05:00:00","date_gmt":"2023-09-28T05:00:00","guid":{"rendered":"https:\/\/www.milar.es\/blog\/?p=8697"},"modified":"2025-08-25T12:31:52","modified_gmt":"2025-08-25T12:31:52","slug":"comparativa-cafeteras-superautomaticas-prepara-los-mejores-cafes","status":"publish","type":"post","link":"https:\/\/www.milar.es\/blog\/comparativa-cafeteras-superautomaticas-prepara-los-mejores-cafes\/","title":{"rendered":"Comparativa cafeteras superautom\u00e1ticas, prepara los mejores caf\u00e9s"},"content":{"rendered":"\n<p>El tomar una taza de caf\u00e9 es uno de los momentos m\u00e1s satisfactorios del d\u00eda. Por ello, no debes conformarte con cualquier m\u00e1quina. Dentro de las <strong><a href=\"https:\/\/www.milar.es\/blog\/novedades-cafeteras-guia-de-compra\/\" target=\"_blank\" rel=\"noreferrer noopener\">novedades de cafeteras<\/a><\/strong> del mercado, una de las m\u00e1s potentes son las <strong><a href=\"https:\/\/www.milar.es\/cafeteras-superautomaticas-cocina.html\" target=\"_blank\" rel=\"noreferrer noopener\">cafeteras superautom\u00e1ticas<\/a><\/strong>. \u00bfQuieres saber m\u00e1s sobre estos modelos? En este post de <strong><a href=\"https:\/\/www.milar.es\/\" target=\"_blank\" rel=\"noreferrer noopener\">Milar<\/a><\/strong> te contamos todo sobre estos aparatos y realizamos una <strong><a href=\"https:\/\/www.milar.es\/blog\/comparativa-cafeteras-cual-se-adapta-mas-a-mi\/\">comparativa de cafeteras<\/a> superautom\u00e1ticas<\/strong>. \u00bfEmpezamos?<\/p>\n\n\n<div class=\"wp-block-image\">\n<figure class=\"aligncenter size-large\"><img loading=\"lazy\" decoding=\"async\" width=\"700\" height=\"525\" src=\"https:\/\/www.milar.es\/blog\/wp-content\/uploads\/2021\/06\/Comparativa-cafeteras-superautomaticas-700x525.jpg\" alt=\"Comparativa cafeteras superautom\u00e1ticas\" class=\"wp-image-8698\" srcset=\"https:\/\/www.milar.es\/blog\/wp-content\/uploads\/2021\/06\/Comparativa-cafeteras-superautomaticas-700x525.jpg 700w, https:\/\/www.milar.es\/blog\/wp-content\/uploads\/2021\/06\/Comparativa-cafeteras-superautomaticas-250x188.jpg 250w, https:\/\/www.milar.es\/blog\/wp-content\/uploads\/2021\/06\/Comparativa-cafeteras-superautomaticas-768x576.jpg 768w, https:\/\/www.milar.es\/blog\/wp-content\/uploads\/2021\/06\/Comparativa-cafeteras-superautomaticas-120x90.jpg 120w, https:\/\/www.milar.es\/blog\/wp-content\/uploads\/2021\/06\/Comparativa-cafeteras-superautomaticas.jpg 1200w\" sizes=\"auto, (max-width: 700px) 100vw, 700px\" \/><\/figure>\n<\/div>\n\n\n<h2 class=\"wp-block-heading has-text-align-center\">\u00bfPor qu\u00e9 comprar una cafetera superautom\u00e1tica?<\/h2>\n\n\n\n<p>Con una <strong>cafetera superautom\u00e1tica<\/strong> conseguiremos justo el caf\u00e9 como queremos. \u00bfPor qu\u00e9? Pues porque estas <strong><a href=\"https:\/\/www.milar.es\/cafeteras-cocina.html\">cafeteras<\/a> <\/strong>incorporan muchos bares de presi\u00f3n, por lo que conseguiremos un caf\u00e9 con mucho cuerpo y la espuma que tanto gusta en este tipo de bebidas. <\/p>\n\n\n\n<p>Adem\u00e1s, algunos modelos de <strong>cafeteras superautom\u00e1ticas<\/strong> cuentan con <strong>funci\u00f3n vapor <\/strong>con los que se consigue leche espumosa al instante. Gracias al vaporizador estos modelos tendremos una cremosidad taza a taza. Suena bien, \u00bfno? Si os gustan los caf\u00e9s cremosos, os recomendamos haceros con una <strong>cafetera superautom\u00e1tica<\/strong> de, m\u00ednimo <strong>18 bares<\/strong> o incluso<strong> 20 bares<\/strong>.<\/p>\n\n\n\n<p>Otra de las prestaciones a tener en cuenta es la capacidad de la <strong>cafetera superautom\u00e1tica<\/strong>. Si en casa sois muy cafeteros, entonces tendr\u00e9is que optar por alg\u00fan modelo de m\u00e1s de <strong>1 litro de capacidad<\/strong> e incluso de<strong> 1.5 litros<\/strong>. El tama\u00f1o es muy importante, pues te proporcionar\u00e1 el preparar varias tazas de caf\u00e9 sin tener que rellenar el dep\u00f3sito. De hecho, los modelos m\u00e1s punteros de <strong>cafeteras superautom\u00e1ticas<\/strong> cuentan con tecnolog\u00edas punteras con las que podr\u00e1s preparar <strong>dos tazas de caf\u00e9 simult\u00e1neamente<\/strong>. <\/p>\n\n\n\n<p>Es interesante optar por una<strong> <a href=\"https:\/\/www.milar.es\/blog\/que-funciones-y-ventajas-te-aporta-una-cafetera-superautomatica-inteligente\/\">cafetera inteligente <\/a>silenciosa<\/strong>, para poder preparar caf\u00e9 e incluso infusiones a cualquier hora del d\u00eda sin molestar a los tuyos. Por otra parte, existen modelos potentes de <strong>cafeteras superautom\u00e1ticas con desconexi\u00f3n autom\u00e1tica<\/strong>, por lo que en este sentido no tendr\u00e1s que preocuparte. <\/p>\n\n\n\n<h2 class=\"wp-block-heading has-text-align-center\">\u00bfQu\u00e9 cafetera superautom\u00e1tica comprar?<\/h2>\n\n\n\n<p>Tambi\u00e9n podemos encontrar <strong><a href=\"https:\/\/www.milar.es\/blog\/que-funciones-y-ventajas-te-aporta-una-cafetera-superautomatica-inteligente\/\" target=\"_blank\" rel=\"noreferrer noopener\">cafeteras superautom\u00e1ticas inteligentes<\/a><\/strong>. \u00bfC\u00f3mo funcionan? Estos aparatos pueden ser conectados junto a nuestros smartphones y tablets. As\u00ed, podr\u00e1s preparar tu taza de caf\u00e9 perfecta sin moverte de la cama, por ejemplo. Tambi\u00e9n, con las <strong>cafeteras superautom\u00e1ticas inteligentes <\/strong>podemos obtener un autodiagn\u00f3stico del aparato, para saber si est\u00e1 realizando las funciones para las que le hemos programado correctamente e incluso personalizar tu bebida favorita, para que siempre te la prepare a tu gusto. Suena bien, \u00bfno?<\/p>\n\n\n\n<p>\u00bfTe da pereza limpiar tu cafetera? No te preocupes. Existen <strong>cafeteras autom\u00e1ticas con autolimpieza<\/strong>. Gracias a esta funci\u00f3n conseguir\u00e1s una comodidad en tu d\u00eda a d\u00eda sin igual. Adem\u00e1s, algunos <strong>modelos de cafeteras autom\u00e1ticas<\/strong> pueden introducir sus dep\u00f3sitos de agua y leche en el lavavajillas. <\/p>\n\n\n\n<p>Que no te preocupe que <strong>cafetera superautom\u00e1tica comprar<\/strong>, aqu\u00ed debajo tienes una gran variedad, con precios que se adaptan a todos los bolsillos. Eso s\u00ed, cuando quer\u00e1is hacer una <strong>comparativa cafeteras superautom\u00e1ticas <\/strong>es importante saber que lleva de serie. Es decir, como hemos comentado antes, si tom\u00e1is caf\u00e9 habitualmente varios miembros de la familia tendr\u00e9is que optar por un modelo con una gran capacidad y viceversa. En <strong>Milar <\/strong>contamos con <strong>cafeteras superautom\u00e1ticas Cecotec<\/strong> o <strong>cafeteras superautom\u00e1ticas Siemens<\/strong>, entre otras marcas. <\/p>\n\n\n\n<h2 class=\"wp-block-heading has-text-align-center\">Comparativa de cafeteras superautom\u00e1ticas<\/h2>\n\n\n\n<p>En <strong>Milar <\/strong>contamos con esta <strong><a href=\"https:\/\/www.milar.es\/cafetera-superautomatica-delonghi-etam29513wb.html\">cafetera DeLonghi ETAM 29.513.WB de 1450 W de potencia<\/a><\/strong>. Este modelo <strong><a href=\"https:\/\/www.milar.es\/delonghi.html\" target=\"_blank\" rel=\"noreferrer noopener\">DeLonghi<\/a> <\/strong>cuenta con muy buenas opiniones. Y es que su calidad-precio es excepcional. Gracias a su<strong> tecnolog\u00eda de molienda <\/strong>se consigue un caf\u00e9 totalmente fresco. Incluso esta tecnolog\u00eda permite ajustar la frescura de los granos en funci\u00f3n del sabor que m\u00e1s te guste. \u00bfA qu\u00e9 suena genial? Adem\u00e1s, esta <a href=\"https:\/\/www.milar.es\/cafeteras-cocina\/de-delonghi.html\">cafetera Delonghi<\/a> incorpora un <strong>sistema Thermoblock<\/strong> con el que solamente se calentar\u00e1 el agua para cada bebida y, as\u00ed, conseguiremos ahorrar energ\u00eda cada vez que nos preparemos una taza de caf\u00e9. <\/p>\n\n\n<div class=\"carrusel\"><ul class=\"recomendacion\"><li class=\"producto\"><div class=\"wrapProducto\"><a class=\"imagen\" href=\"https:\/\/www.milar.es\/mando-a-distancia-dcu-tecnologic-universal-30902050.html\"><img decoding=\"async\" src=\"https:\/\/www.milar.es\/estaticos\/extras\/fotos\/productos\/00\/00\/25\/47\/86\/8436556992766.jpg\"><\/a><h3><a href=\"https:\/\/www.milar.es\/mando-a-distancia-dcu-tecnologic-universal-30902050.html\">Mando a distancia Dcu tecnologic UNIVERSAL 30902050 <\/a><\/h3><div class=\"bloquePrecio\"><div class=\"precioProducto\">6.90 EUR<\/div><\/div><\/div><\/li><\/ul><\/div>\n\n\n\n<p>Tambi\u00e9n puedes optar por la <strong>cafetera Siemens TQ505R09 de 1500 W de potencia<\/strong>. Este modelo <strong><a href=\"https:\/\/www.milar.es\/siemens.html\" target=\"_blank\" rel=\"noreferrer noopener\">Siemens<\/a><\/strong> es muy vers\u00e1til y podremos preparar dos tazas simult\u00e1neamente gracias a su sistema <strong>OneTouch DoubleCup<\/strong>. \u00bfQuieres saber m\u00e1s? Con la <strong>funci\u00f3n Aroma Double Shot<\/strong> conseguiremos unos granos de caf\u00e9 de calidad en cada taza gracias a su proceso de doble molienda. Consigue esta <strong><a href=\"https:\/\/www.milar.es\/cafeteras-cocina\/de-siemens.html\">cafetera Siemens<\/a> <\/strong>a un precio incre\u00edble solo en <strong>Milar<\/strong>. <\/p>\n\n\n\n<p>Por \u00faltimo, no pod\u00edamos olvidarnos de la <strong>cafetera superautom\u00e1tica Cecotec Power Matic-ccino 8000 Touch Negra de 1400 W de potencia<\/strong>. Este modelo <strong><a href=\"https:\/\/www.milar.es\/cecotec.html\" target=\"_blank\" rel=\"noreferrer noopener\">Cecotec<\/a><\/strong> te proporcionar\u00e1 una comodidad sin igual en tu d\u00eda a d\u00eda. \u00bfPor qu\u00e9?&nbsp;Pues porque&nbsp;cuenta con el <strong>sistema AllCapuccino<\/strong>, con el que podr\u00e1s preparar caf\u00e9 y leche espumosa para aquellos cappuccinos y lattes. Adem\u00e1s, esta <a href=\"https:\/\/www.milar.es\/cafeteras-cocina\/de-cecotec.html\">cafetera Cecotec<\/a> incorpora la <strong>tecnolog\u00eda Custom4you<\/strong>, que te permite personalizar los par\u00e1metros que desees para conseguir tu caf\u00e9 perfecto.<\/p>\n\n\n\n<p>Tambi\u00e9n puedes hacerte con una cafetera superautom\u00e1tica m\u00e1s sencilla que no cuente con molinillo incorporado y la combines con un buen <strong><a href=\"https:\/\/www.milar.es\/blog\/utiliza-molinillo-cafe-electrico-disfrutar-buen-desayuno\/\">molinillo el\u00e9ctrico caf\u00e9<\/a><\/strong>.<\/p>\n\n\n\n<p>Ahora que ya conoces la\u00a0<strong>comparativa\u00a0<\/strong>de algunas <strong>cafeteras superautom\u00e1ticas<\/strong>, solamente te queda elegir el modelo que m\u00e1s se adec\u00fae a ti y a tus tuyos. Si quieres seguir inform\u00e1ndote con nosotros, te invitamos a descubrir las <a href=\"https:\/\/www.milar.es\/blog\/cafe-y-te-diferencias\/\">diferencias entre caf\u00e9 y t\u00e9<\/a>, por si te interesa darle una oportunidad a otra bebida. \u00bfA qu\u00e9 esperas? Tambi\u00e9n puedes echar un ojo a los dem\u00e1s <strong><a href=\"https:\/\/www.milar.es\/pequeno-electrodomestico-cocina.html\" target=\"_blank\" rel=\"noreferrer noopener\">peque\u00f1os electrodom\u00e9sticos<\/a><\/strong>\u00a0que disponemos en\u00a0<strong>Milar<\/strong>. Te garantizamos la mejor calidad y el mejor precio.<\/p>\n","protected":false},"excerpt":{"rendered":"El tomar una taza de caf\u00e9 es uno de los momentos m\u00e1s satisfactorios del d\u00eda. Por ello, no debes conformarte con cualquier m\u00e1quina. Dentro de las novedades de cafeteras del mercado, una de las m\u00e1s potentes son las cafeteras superautom\u00e1ticas. \u00bfQuieres saber m\u00e1s sobre estos modelos? En este post de&#8230; <a class=\"view-article\" href=\"https:\/\/www.milar.es\/blog\/comparativa-cafeteras-superautomaticas-prepara-los-mejores-cafes\/\">Ver art\u00edculo<\/a>","protected":false},"author":1,"featured_media":8698,"comment_status":"closed","ping_status":"closed","sticky":false,"template":"","format":"standard","meta":{"footnotes":""},"categories":[20,39],"tags":[],"class_list":["post-8697","post","type-post","status-publish","format-standard","has-post-thumbnail","hentry","category-cocina","category-comparativas"],"yoast_head":"<!-- This site is optimized with the Yoast SEO plugin v27.5 - https:\/\/yoast.com\/product\/yoast-seo-wordpress\/ -->\n<title>Comparativa cafeteras superautom\u00e1ticas, prepara los mejores caf\u00e9s - Milar Tendencias de electrodom\u00e9sticos<\/title>\n<meta name=\"description\" content=\"\u00bfQuieres comprar una cafetera y no sabes c\u00f3mo empezar a mirar? Qu\u00e9date en Milar y descubre esta comparativa de cafeteras superautom\u00e1ticas.\" \/>\n<meta name=\"robots\" content=\"index, follow, max-snippet:-1, max-image-preview:large, max-video-preview:-1\" \/>\n<link rel=\"canonical\" href=\"https:\/\/www.milar.es\/blog\/comparativa-cafeteras-superautomaticas-prepara-los-mejores-cafes\/\" \/>\n<meta property=\"og:locale\" content=\"es_ES\" \/>\n<meta property=\"og:type\" content=\"article\" \/>\n<meta property=\"og:title\" content=\"Comparativa cafeteras superautom\u00e1ticas, prepara los mejores caf\u00e9s - Milar Tendencias de electrodom\u00e9sticos\" \/>\n<meta property=\"og:description\" content=\"\u00bfQuieres comprar una cafetera y no sabes c\u00f3mo empezar a mirar? Qu\u00e9date en Milar y descubre esta comparativa de cafeteras superautom\u00e1ticas.\" \/>\n<meta property=\"og:url\" content=\"https:\/\/www.milar.es\/blog\/comparativa-cafeteras-superautomaticas-prepara-los-mejores-cafes\/\" \/>\n<meta property=\"og:site_name\" content=\"Milar Tendencias de electrodom\u00e9sticos\" \/>\n<meta property=\"article:published_time\" content=\"2023-09-28T05:00:00+00:00\" \/>\n<meta property=\"article:modified_time\" content=\"2025-08-25T12:31:52+00:00\" \/>\n<meta property=\"og:image\" content=\"https:\/\/www.milar.es\/blog\/wp-content\/uploads\/2021\/06\/Comparativa-cafeteras-superautomaticas.jpg\" \/>\n\t<meta property=\"og:image:width\" content=\"1200\" \/>\n\t<meta property=\"og:image:height\" content=\"900\" \/>\n\t<meta property=\"og:image:type\" content=\"image\/jpeg\" \/>\n<meta name=\"author\" content=\"Milar\" \/>\n<meta name=\"twitter:card\" content=\"summary_large_image\" \/>\n<meta name=\"twitter:label1\" content=\"Escrito por\" \/>\n\t<meta name=\"twitter:data1\" content=\"Milar\" \/>\n\t<meta name=\"twitter:label2\" content=\"Tiempo de lectura\" \/>\n\t<meta name=\"twitter:data2\" content=\"5 minutos\" \/>\n<script type=\"application\/ld+json\" class=\"yoast-schema-graph\">{\"@context\":\"https:\\\/\\\/schema.org\",\"@graph\":[{\"@type\":\"Article\",\"@id\":\"https:\\\/\\\/www.milar.es\\\/blog\\\/comparativa-cafeteras-superautomaticas-prepara-los-mejores-cafes\\\/#article\",\"isPartOf\":{\"@id\":\"https:\\\/\\\/www.milar.es\\\/blog\\\/comparativa-cafeteras-superautomaticas-prepara-los-mejores-cafes\\\/\"},\"author\":{\"name\":\"Milar\",\"@id\":\"https:\\\/\\\/www.milar.es\\\/blog\\\/#\\\/schema\\\/person\\\/a63c4965e2d32a22be88aabb90c4f11f\"},\"headline\":\"Comparativa cafeteras superautom\u00e1ticas, prepara los mejores caf\u00e9s\",\"datePublished\":\"2023-09-28T05:00:00+00:00\",\"dateModified\":\"2025-08-25T12:31:52+00:00\",\"mainEntityOfPage\":{\"@id\":\"https:\\\/\\\/www.milar.es\\\/blog\\\/comparativa-cafeteras-superautomaticas-prepara-los-mejores-cafes\\\/\"},\"wordCount\":947,\"image\":{\"@id\":\"https:\\\/\\\/www.milar.es\\\/blog\\\/comparativa-cafeteras-superautomaticas-prepara-los-mejores-cafes\\\/#primaryimage\"},\"thumbnailUrl\":\"https:\\\/\\\/www.milar.es\\\/blog\\\/wp-content\\\/uploads\\\/2021\\\/06\\\/Comparativa-cafeteras-superautomaticas.jpg\",\"articleSection\":[\"Cocina\",\"Comparativas\"],\"inLanguage\":\"es\"},{\"@type\":\"WebPage\",\"@id\":\"https:\\\/\\\/www.milar.es\\\/blog\\\/comparativa-cafeteras-superautomaticas-prepara-los-mejores-cafes\\\/\",\"url\":\"https:\\\/\\\/www.milar.es\\\/blog\\\/comparativa-cafeteras-superautomaticas-prepara-los-mejores-cafes\\\/\",\"name\":\"Comparativa cafeteras superautom\u00e1ticas, prepara los mejores caf\u00e9s - Milar Tendencias de electrodom\u00e9sticos\",\"isPartOf\":{\"@id\":\"https:\\\/\\\/www.milar.es\\\/blog\\\/#website\"},\"primaryImageOfPage\":{\"@id\":\"https:\\\/\\\/www.milar.es\\\/blog\\\/comparativa-cafeteras-superautomaticas-prepara-los-mejores-cafes\\\/#primaryimage\"},\"image\":{\"@id\":\"https:\\\/\\\/www.milar.es\\\/blog\\\/comparativa-cafeteras-superautomaticas-prepara-los-mejores-cafes\\\/#primaryimage\"},\"thumbnailUrl\":\"https:\\\/\\\/www.milar.es\\\/blog\\\/wp-content\\\/uploads\\\/2021\\\/06\\\/Comparativa-cafeteras-superautomaticas.jpg\",\"datePublished\":\"2023-09-28T05:00:00+00:00\",\"dateModified\":\"2025-08-25T12:31:52+00:00\",\"author\":{\"@id\":\"https:\\\/\\\/www.milar.es\\\/blog\\\/#\\\/schema\\\/person\\\/a63c4965e2d32a22be88aabb90c4f11f\"},\"description\":\"\u00bfQuieres comprar una cafetera y no sabes c\u00f3mo empezar a mirar? Qu\u00e9date en Milar y descubre esta comparativa de cafeteras superautom\u00e1ticas.\",\"breadcrumb\":{\"@id\":\"https:\\\/\\\/www.milar.es\\\/blog\\\/comparativa-cafeteras-superautomaticas-prepara-los-mejores-cafes\\\/#breadcrumb\"},\"inLanguage\":\"es\",\"potentialAction\":[{\"@type\":\"ReadAction\",\"target\":[\"https:\\\/\\\/www.milar.es\\\/blog\\\/comparativa-cafeteras-superautomaticas-prepara-los-mejores-cafes\\\/\"]}]},{\"@type\":\"ImageObject\",\"inLanguage\":\"es\",\"@id\":\"https:\\\/\\\/www.milar.es\\\/blog\\\/comparativa-cafeteras-superautomaticas-prepara-los-mejores-cafes\\\/#primaryimage\",\"url\":\"https:\\\/\\\/www.milar.es\\\/blog\\\/wp-content\\\/uploads\\\/2021\\\/06\\\/Comparativa-cafeteras-superautomaticas.jpg\",\"contentUrl\":\"https:\\\/\\\/www.milar.es\\\/blog\\\/wp-content\\\/uploads\\\/2021\\\/06\\\/Comparativa-cafeteras-superautomaticas.jpg\",\"width\":1200,\"height\":900,\"caption\":\"Comparativa cafeteras superautom\u00e1ticas\"},{\"@type\":\"BreadcrumbList\",\"@id\":\"https:\\\/\\\/www.milar.es\\\/blog\\\/comparativa-cafeteras-superautomaticas-prepara-los-mejores-cafes\\\/#breadcrumb\",\"itemListElement\":[{\"@type\":\"ListItem\",\"position\":1,\"name\":\"Home\",\"item\":\"https:\\\/\\\/www.milar.es\\\/blog\\\/\"},{\"@type\":\"ListItem\",\"position\":2,\"name\":\"Comparativa cafeteras superautom\u00e1ticas, prepara los mejores caf\u00e9s\"}]},{\"@type\":\"WebSite\",\"@id\":\"https:\\\/\\\/www.milar.es\\\/blog\\\/#website\",\"url\":\"https:\\\/\\\/www.milar.es\\\/blog\\\/\",\"name\":\"Milar Tendencias de electrodom\u00e9sticos\",\"description\":\"\",\"potentialAction\":[{\"@type\":\"SearchAction\",\"target\":{\"@type\":\"EntryPoint\",\"urlTemplate\":\"https:\\\/\\\/www.milar.es\\\/blog\\\/?s={search_term_string}\"},\"query-input\":{\"@type\":\"PropertyValueSpecification\",\"valueRequired\":true,\"valueName\":\"search_term_string\"}}],\"inLanguage\":\"es\"},{\"@type\":\"Person\",\"@id\":\"https:\\\/\\\/www.milar.es\\\/blog\\\/#\\\/schema\\\/person\\\/a63c4965e2d32a22be88aabb90c4f11f\",\"name\":\"Milar\",\"image\":{\"@type\":\"ImageObject\",\"inLanguage\":\"es\",\"@id\":\"https:\\\/\\\/secure.gravatar.com\\\/avatar\\\/1ff5211459d04644acdbe2d949c2a8626dc0f1e355d4830331235d147f36505a?s=96&d=mm&r=g\",\"url\":\"https:\\\/\\\/secure.gravatar.com\\\/avatar\\\/1ff5211459d04644acdbe2d949c2a8626dc0f1e355d4830331235d147f36505a?s=96&d=mm&r=g\",\"contentUrl\":\"https:\\\/\\\/secure.gravatar.com\\\/avatar\\\/1ff5211459d04644acdbe2d949c2a8626dc0f1e355d4830331235d147f36505a?s=96&d=mm&r=g\",\"caption\":\"Milar\"}}]}<\/script>\n<!-- \/ Yoast SEO plugin. -->","yoast_head_json":{"title":"Comparativa cafeteras superautom\u00e1ticas, prepara los mejores caf\u00e9s - Milar Tendencias de electrodom\u00e9sticos","description":"\u00bfQuieres comprar una cafetera y no sabes c\u00f3mo empezar a mirar? Qu\u00e9date en Milar y descubre esta comparativa de cafeteras superautom\u00e1ticas.","robots":{"index":"index","follow":"follow","max-snippet":"max-snippet:-1","max-image-preview":"max-image-preview:large","max-video-preview":"max-video-preview:-1"},"canonical":"https:\/\/www.milar.es\/blog\/comparativa-cafeteras-superautomaticas-prepara-los-mejores-cafes\/","og_locale":"es_ES","og_type":"article","og_title":"Comparativa cafeteras superautom\u00e1ticas, prepara los mejores caf\u00e9s - Milar Tendencias de electrodom\u00e9sticos","og_description":"\u00bfQuieres comprar una cafetera y no sabes c\u00f3mo empezar a mirar? Qu\u00e9date en Milar y descubre esta comparativa de cafeteras superautom\u00e1ticas.","og_url":"https:\/\/www.milar.es\/blog\/comparativa-cafeteras-superautomaticas-prepara-los-mejores-cafes\/","og_site_name":"Milar Tendencias de electrodom\u00e9sticos","article_published_time":"2023-09-28T05:00:00+00:00","article_modified_time":"2025-08-25T12:31:52+00:00","og_image":[{"width":1200,"height":900,"url":"https:\/\/www.milar.es\/blog\/wp-content\/uploads\/2021\/06\/Comparativa-cafeteras-superautomaticas.jpg","type":"image\/jpeg"}],"author":"Milar","twitter_card":"summary_large_image","twitter_misc":{"Escrito por":"Milar","Tiempo de lectura":"5 minutos"},"schema":{"@context":"https:\/\/schema.org","@graph":[{"@type":"Article","@id":"https:\/\/www.milar.es\/blog\/comparativa-cafeteras-superautomaticas-prepara-los-mejores-cafes\/#article","isPartOf":{"@id":"https:\/\/www.milar.es\/blog\/comparativa-cafeteras-superautomaticas-prepara-los-mejores-cafes\/"},"author":{"name":"Milar","@id":"https:\/\/www.milar.es\/blog\/#\/schema\/person\/a63c4965e2d32a22be88aabb90c4f11f"},"headline":"Comparativa cafeteras superautom\u00e1ticas, prepara los mejores caf\u00e9s","datePublished":"2023-09-28T05:00:00+00:00","dateModified":"2025-08-25T12:31:52+00:00","mainEntityOfPage":{"@id":"https:\/\/www.milar.es\/blog\/comparativa-cafeteras-superautomaticas-prepara-los-mejores-cafes\/"},"wordCount":947,"image":{"@id":"https:\/\/www.milar.es\/blog\/comparativa-cafeteras-superautomaticas-prepara-los-mejores-cafes\/#primaryimage"},"thumbnailUrl":"https:\/\/www.milar.es\/blog\/wp-content\/uploads\/2021\/06\/Comparativa-cafeteras-superautomaticas.jpg","articleSection":["Cocina","Comparativas"],"inLanguage":"es"},{"@type":"WebPage","@id":"https:\/\/www.milar.es\/blog\/comparativa-cafeteras-superautomaticas-prepara-los-mejores-cafes\/","url":"https:\/\/www.milar.es\/blog\/comparativa-cafeteras-superautomaticas-prepara-los-mejores-cafes\/","name":"Comparativa cafeteras superautom\u00e1ticas, prepara los mejores caf\u00e9s - Milar Tendencias de electrodom\u00e9sticos","isPartOf":{"@id":"https:\/\/www.milar.es\/blog\/#website"},"primaryImageOfPage":{"@id":"https:\/\/www.milar.es\/blog\/comparativa-cafeteras-superautomaticas-prepara-los-mejores-cafes\/#primaryimage"},"image":{"@id":"https:\/\/www.milar.es\/blog\/comparativa-cafeteras-superautomaticas-prepara-los-mejores-cafes\/#primaryimage"},"thumbnailUrl":"https:\/\/www.milar.es\/blog\/wp-content\/uploads\/2021\/06\/Comparativa-cafeteras-superautomaticas.jpg","datePublished":"2023-09-28T05:00:00+00:00","dateModified":"2025-08-25T12:31:52+00:00","author":{"@id":"https:\/\/www.milar.es\/blog\/#\/schema\/person\/a63c4965e2d32a22be88aabb90c4f11f"},"description":"\u00bfQuieres comprar una cafetera y no sabes c\u00f3mo empezar a mirar? Qu\u00e9date en Milar y descubre esta comparativa de cafeteras superautom\u00e1ticas.","breadcrumb":{"@id":"https:\/\/www.milar.es\/blog\/comparativa-cafeteras-superautomaticas-prepara-los-mejores-cafes\/#breadcrumb"},"inLanguage":"es","potentialAction":[{"@type":"ReadAction","target":["https:\/\/www.milar.es\/blog\/comparativa-cafeteras-superautomaticas-prepara-los-mejores-cafes\/"]}]},{"@type":"ImageObject","inLanguage":"es","@id":"https:\/\/www.milar.es\/blog\/comparativa-cafeteras-superautomaticas-prepara-los-mejores-cafes\/#primaryimage","url":"https:\/\/www.milar.es\/blog\/wp-content\/uploads\/2021\/06\/Comparativa-cafeteras-superautomaticas.jpg","contentUrl":"https:\/\/www.milar.es\/blog\/wp-content\/uploads\/2021\/06\/Comparativa-cafeteras-superautomaticas.jpg","width":1200,"height":900,"caption":"Comparativa cafeteras superautom\u00e1ticas"},{"@type":"BreadcrumbList","@id":"https:\/\/www.milar.es\/blog\/comparativa-cafeteras-superautomaticas-prepara-los-mejores-cafes\/#breadcrumb","itemListElement":[{"@type":"ListItem","position":1,"name":"Home","item":"https:\/\/www.milar.es\/blog\/"},{"@type":"ListItem","position":2,"name":"Comparativa cafeteras superautom\u00e1ticas, prepara los mejores caf\u00e9s"}]},{"@type":"WebSite","@id":"https:\/\/www.milar.es\/blog\/#website","url":"https:\/\/www.milar.es\/blog\/","name":"Milar Tendencias de electrodom\u00e9sticos","description":"","potentialAction":[{"@type":"SearchAction","target":{"@type":"EntryPoint","urlTemplate":"https:\/\/www.milar.es\/blog\/?s={search_term_string}"},"query-input":{"@type":"PropertyValueSpecification","valueRequired":true,"valueName":"search_term_string"}}],"inLanguage":"es"},{"@type":"Person","@id":"https:\/\/www.milar.es\/blog\/#\/schema\/person\/a63c4965e2d32a22be88aabb90c4f11f","name":"Milar","image":{"@type":"ImageObject","inLanguage":"es","@id":"https:\/\/secure.gravatar.com\/avatar\/1ff5211459d04644acdbe2d949c2a8626dc0f1e355d4830331235d147f36505a?s=96&d=mm&r=g","url":"https:\/\/secure.gravatar.com\/avatar\/1ff5211459d04644acdbe2d949c2a8626dc0f1e355d4830331235d147f36505a?s=96&d=mm&r=g","contentUrl":"https:\/\/secure.gravatar.com\/avatar\/1ff5211459d04644acdbe2d949c2a8626dc0f1e355d4830331235d147f36505a?s=96&d=mm&r=g","caption":"Milar"}}]}},"_links":{"self":[{"href":"https:\/\/www.milar.es\/blog\/wp-json\/wp\/v2\/posts\/8697","targetHints":{"allow":["GET"]}}],"collection":[{"href":"https:\/\/www.milar.es\/blog\/wp-json\/wp\/v2\/posts"}],"about":[{"href":"https:\/\/www.milar.es\/blog\/wp-json\/wp\/v2\/types\/post"}],"author":[{"embeddable":true,"href":"https:\/\/www.milar.es\/blog\/wp-json\/wp\/v2\/users\/1"}],"replies":[{"embeddable":true,"href":"https:\/\/www.milar.es\/blog\/wp-json\/wp\/v2\/comments?post=8697"}],"version-history":[{"count":24,"href":"https:\/\/www.milar.es\/blog\/wp-json\/wp\/v2\/posts\/8697\/revisions"}],"predecessor-version":[{"id":14985,"href":"https:\/\/www.milar.es\/blog\/wp-json\/wp\/v2\/posts\/8697\/revisions\/14985"}],"wp:featuredmedia":[{"embeddable":true,"href":"https:\/\/www.milar.es\/blog\/wp-json\/wp\/v2\/media\/8698"}],"wp:attachment":[{"href":"https:\/\/www.milar.es\/blog\/wp-json\/wp\/v2\/media?parent=8697"}],"wp:term":[{"taxonomy":"category","embeddable":true,"href":"https:\/\/www.milar.es\/blog\/wp-json\/wp\/v2\/categories?post=8697"},{"taxonomy":"post_tag","embeddable":true,"href":"https:\/\/www.milar.es\/blog\/wp-json\/wp\/v2\/tags?post=8697"}],"curies":[{"name":"wp","href":"https:\/\/api.w.org\/{rel}","templated":true}]}}