{"id":7562,"date":"2021-01-23T07:00:00","date_gmt":"2021-01-23T07:00:00","guid":{"rendered":"https:\/\/www.milar.es\/blog\/?p=7562"},"modified":"2023-03-07T08:23:22","modified_gmt":"2023-03-07T08:23:22","slug":"nuevas-afeitadoras-braun-conoce-los-modelos","status":"publish","type":"post","link":"https:\/\/www.milar.es\/blog\/nuevas-afeitadoras-braun-conoce-los-modelos\/","title":{"rendered":"Nuevas afeitadoras Braun de 2021, conoce los modelos"},"content":{"rendered":"\n<p>\u00bfTu <strong><a href=\"https:\/\/www.milar.es\/afeitadoras-electricas.html\" target=\"_blank\" rel=\"noreferrer noopener\">afeitadora<\/a><\/strong> no rasura como antes? Acaba con el pelo m\u00e1s rebelde de una sola pasada con las <strong>nuevas <a href=\"https:\/\/www.milar.es\/afeitadoras-electricas\/de-braun-cuidado-personal.html\" target=\"_blank\" rel=\"noreferrer noopener\">afeitadoras Braun<\/a><\/strong>. En este post de\u00a0<strong><a href=\"https:\/\/www.milar.es\/\" target=\"_blank\" rel=\"noreferrer noopener\">Milar<\/a><\/strong>\u00a0os contamos las prestaciones de las <strong>nuevas afeitadoras <a href=\"https:\/\/www.milar.es\/braun-cuidado-personal.html\" target=\"_blank\" rel=\"noreferrer noopener\">Braun<\/a><\/strong>\u00a0del mercado, empezando por su incre\u00edble relaci\u00f3n\u00a0<strong>calidad-precio<\/strong>\u00a0y siguiendo por un\u00a0<strong>dise\u00f1o\u00a0<\/strong>muy vers\u00e1til.<\/p>\n\n\n\n<div class=\"wp-block-image\"><figure class=\"aligncenter size-large\"><img loading=\"lazy\" decoding=\"async\" width=\"700\" height=\"467\" src=\"https:\/\/www.milar.es\/blog\/wp-content\/uploads\/2021\/05\/nuevas-afeitadoras-braun-700x467.jpg\" alt=\"nuevas afeitadoras braun\" class=\"wp-image-7572\" srcset=\"https:\/\/www.milar.es\/blog\/wp-content\/uploads\/2021\/05\/nuevas-afeitadoras-braun-700x467.jpg 700w, https:\/\/www.milar.es\/blog\/wp-content\/uploads\/2021\/05\/nuevas-afeitadoras-braun-250x167.jpg 250w, https:\/\/www.milar.es\/blog\/wp-content\/uploads\/2021\/05\/nuevas-afeitadoras-braun-768x512.jpg 768w, https:\/\/www.milar.es\/blog\/wp-content\/uploads\/2021\/05\/nuevas-afeitadoras-braun-120x80.jpg 120w, https:\/\/www.milar.es\/blog\/wp-content\/uploads\/2021\/05\/nuevas-afeitadoras-braun.jpg 1200w\" sizes=\"auto, (max-width: 700px) 100vw, 700px\" \/><\/figure><\/div>\n\n\n\n<h2 class=\"has-text-align-center wp-block-heading\">Prestaciones de las nuevas afeitadoras Braun<\/h2>\n\n\n\n<p>Quiz\u00e1s te est\u00e9s preguntando que tipo de&nbsp;<strong>afeitadora Braun&nbsp;<\/strong>es mejor. No existe una respuesta concreta, pues depender\u00e1 de tus preferencias en cuanto al&nbsp;<strong>dise\u00f1o<\/strong>&nbsp;y al tipo de&nbsp;<strong>cuchillas<\/strong>&nbsp;que deseas que tenga tu<strong>&nbsp;nueva afeitadora Braun<\/strong>.<\/p>\n\n\n\n<p>As\u00ed, existe una gran variedad de&nbsp;<strong>afeitadoras Braun&nbsp;<\/strong>en el mercado. Las <strong>afeitadoras de l\u00e1minas Braun <\/strong>un afeitado muy preciso, sea cual sea el tipo de tu cabeza. Dentro de la estos modelos es importante que incluya varios cabezales, para que nos sintamos a\u00fan m\u00e1s c\u00f3modos rasurando el vello facial.<\/p>\n\n\n\n<p>Si lo que prefieres es una <strong>nueva afeitadora rotativa Braun<\/strong>, deciros que son muy punteras. En estos aparatos se incluyen varias <strong>cuchillas<\/strong>, tambi\u00e9n llamadas <strong>discos<\/strong>, que realizan movimientos en direcciones distintas. \u00a1Podr\u00e1s realizar un afeitado penetrante y conseguir resultados en el menor tiempo posible con estos <strong>modelos Braun<\/strong>!<\/p>\n\n\n\n<h3 class=\"wp-block-heading\">\u00bfSon las nuevas afeitadoras Braun port\u00e1tiles?<\/h3>\n\n\n\n<p>Tambi\u00e9n podemos encontrar, dentro de los productos de <strong><a href=\"https:\/\/www.milar.es\/afeitado-depilacion.html\" target=\"_blank\" rel=\"noreferrer noopener\">afeitado y depilaci\u00f3n<\/a><\/strong>, <strong>barberos el\u00e9ctricos y afeitadoras corporales Braun<\/strong>. Estos modelos son muy pr\u00e1cticos, pues nos proporcionar\u00e1n una mayor versatilidad al poder rasurar desde la barba hasta el vello de las rodillas, por ejemplo. <\/p>\n\n\n\n<p>Otra de las caracter\u00edsticas que hay que fijarse a la hora de comprar una <strong>afeitadora Braun <\/strong>es su&nbsp;<strong>autonom\u00eda<\/strong>, pues necesitamos un modelo que aguante durante todo el proceso de afeitado. \u00a1Y es que no hay nada m\u00e1s molesto que quedarte con media cara sin afeitar! Por suerte, las <strong>nuevas afeitadoras Braun&nbsp;<\/strong>cuentan con una gran durabilidad en su&nbsp;<strong>bater\u00eda<\/strong>. \u00bfNecesitas afeitarte en tiempo r\u00e9cord? No te preocupes. Las nuevas afeitadoras Braun cuentan con el<strong> sistema de carga r\u00e1pida<\/strong>. Es decir, en tan solo <strong>cinco minutos<\/strong> cargar\u00e1s la m\u00e1quina y te durar\u00e1 para afeitarte de una sola pasada. Suena bien, \u00bfno?<\/p>\n\n\n\n<h3 class=\"wp-block-heading\">\u00bfC\u00f3mo limpiar una nueva afeitadora Braun?<\/h3>\n\n\n\n<p>A veces, una de las tareas m\u00e1s tediosas despu\u00e9s de afeitarnos es lavar el aparato. Sin embargo, con las<strong> nuevas afeitadoras Braun <\/strong>la limpieza ser\u00e1 como coser y cantar. \u00bfPor qu\u00e9? Pues porque todos los <strong>modelos Braun <\/strong>se pueden enjuagar r\u00e1pidamente con agua tibia. Y si quieres una<strong> limpieza profunda<\/strong>, solamente tendr\u00e1s que echar un poquito de jab\u00f3n l\u00edquido al aparato. As\u00ed de f\u00e1cil. <\/p>\n\n\n\n<p>\u00bfQui\u00e9n dijo que una<strong> afeitadora Braun<\/strong> compacta no ten\u00eda por qu\u00e9 ser potente? Las <strong>nuevas afeitadoras Braun <\/strong>incorporan potencias y varias velocidades para conseguir un afeitado de <strong>calidad<\/strong> cada d\u00eda. En <strong>Milar <\/strong>contamos con <strong>afeitadoras Braun de 50 W<\/strong> e incluso de m\u00e1s de <strong>100 W<\/strong>. Depender\u00e1 de tus necesidades como usuario el elegir una mayor potencia en tu&nbsp;<strong>afeitadora Braun&nbsp;<\/strong>o una menor potencia.<\/p>\n\n\n\n<p>Sea cual sea tu necesidad, podr\u00e1s adquirir tu&nbsp;<strong>nueva afeitadora Braun barata<\/strong>&nbsp;en&nbsp;<strong>Milar&nbsp;<\/strong>por lo que estate muy atento a todas nuestras ofertas.<\/p>\n\n\n\n<h2 class=\"has-text-align-center wp-block-heading\">Comparativa de modelos de nuevas afeitadoras Braun<\/h2>\n\n\n\n<p>En <strong>Milar <\/strong>recomendamos optar por esta <strong><a href=\"https:\/\/www.milar.es\/afeitadora-facial-braun-3020s-serie-3-proskin-negro.html\" target=\"_blank\" rel=\"noreferrer noopener\">afeitadora facial Braun 3020\u202fs serie 3 ProSkin en color blanca\/negra<\/a><\/strong>. \u00bfC\u00f3mo funciona? Este aparato es muy vers\u00e1til, pues incorpora la <strong>tecnolog\u00eda MicroComb<\/strong> para conseguir un afeitado preciso en el menor tiempo posible. Con este sistema y sus d<strong>os finas ranuras<\/strong> especiales conseguiremos atrapar el pelo de una sola pasada. \u00bfA qu\u00e9 suena genial? <\/p>\n\n\n\n<div class=\"wp-block-image\"><figure class=\"aligncenter size-large\"><a href=\"https:\/\/www.milar.es\/afeitadora-facial-braun-3020s-serie-3-proskin-negro.html\"><img loading=\"lazy\" decoding=\"async\" width=\"700\" height=\"256\" src=\"https:\/\/www.milar.es\/blog\/wp-content\/uploads\/2021\/05\/Banner-Blog-Milar-2021-05-19T224441.838-700x256.jpg\" alt=\"Afeitadora Facial Braun 3020s Serie 3 ProSkin Blanca\/Negra\" class=\"wp-image-7564\" srcset=\"https:\/\/www.milar.es\/blog\/wp-content\/uploads\/2021\/05\/Banner-Blog-Milar-2021-05-19T224441.838-700x256.jpg 700w, https:\/\/www.milar.es\/blog\/wp-content\/uploads\/2021\/05\/Banner-Blog-Milar-2021-05-19T224441.838-250x91.jpg 250w, https:\/\/www.milar.es\/blog\/wp-content\/uploads\/2021\/05\/Banner-Blog-Milar-2021-05-19T224441.838-768x281.jpg 768w, https:\/\/www.milar.es\/blog\/wp-content\/uploads\/2021\/05\/Banner-Blog-Milar-2021-05-19T224441.838-120x44.jpg 120w, https:\/\/www.milar.es\/blog\/wp-content\/uploads\/2021\/05\/Banner-Blog-Milar-2021-05-19T224441.838.jpg 1200w\" sizes=\"auto, (max-width: 700px) 100vw, 700px\" \/><\/a><\/figure><\/div>\n\n\n\n<p>\u00bfBuscas un modelo que te cuide afeitado tras afeitado? Entonces te recomendamos la <strong><a href=\"https:\/\/www.milar.es\/afeitadora-facial-braun-cuidado-personal-300bt-green-box-verde-negro.html\" target=\"_blank\" rel=\"noreferrer noopener\">afeitadora facial Braun cuidado personal 300BT GREEN BOX de color verde, negro<\/a><\/strong>. Este aparato sirve tanto para afeitar, como para recortar e incluso perfilar la barba. Y es que incorpora <strong>diferentes cabezales<\/strong> para conseguir un afeitado mucho m\u00e1s <strong>preciso <\/strong>y <strong>suave<\/strong>.  \u00a1Consigue este <strong>modelo Braun barato<\/strong> en <strong>Milar<\/strong>!<\/p>\n\n\n\n<div class=\"wp-block-image\"><figure class=\"aligncenter size-large\"><a href=\"https:\/\/www.milar.es\/afeitadora-facial-braun-cuidado-personal-300bt-green-box-verde-negro.html\"><img loading=\"lazy\" decoding=\"async\" width=\"700\" height=\"256\" src=\"https:\/\/www.milar.es\/blog\/wp-content\/uploads\/2021\/05\/Banner-Blog-Milar-2021-05-19T224813.236-700x256.jpg\" alt=\"Afeitadora Facial Braun Cuidado personal 300BT GREEN BOX Verde, Negro\" class=\"wp-image-7566\" srcset=\"https:\/\/www.milar.es\/blog\/wp-content\/uploads\/2021\/05\/Banner-Blog-Milar-2021-05-19T224813.236-700x256.jpg 700w, https:\/\/www.milar.es\/blog\/wp-content\/uploads\/2021\/05\/Banner-Blog-Milar-2021-05-19T224813.236-250x91.jpg 250w, https:\/\/www.milar.es\/blog\/wp-content\/uploads\/2021\/05\/Banner-Blog-Milar-2021-05-19T224813.236-768x281.jpg 768w, https:\/\/www.milar.es\/blog\/wp-content\/uploads\/2021\/05\/Banner-Blog-Milar-2021-05-19T224813.236-120x44.jpg 120w, https:\/\/www.milar.es\/blog\/wp-content\/uploads\/2021\/05\/Banner-Blog-Milar-2021-05-19T224813.236.jpg 1200w\" sizes=\"auto, (max-width: 700px) 100vw, 700px\" \/><\/a><\/figure><\/div>\n\n\n\n<p>Si est\u00e1s buscando un modelo m\u00e1s <strong>econ\u00f3mico<\/strong>, pero que consiga recortar toda tu barba en muy poco tiempo entonces puedes optar por la <strong><a href=\"https:\/\/www.milar.es\/afeitadora-braun-serie-3-300s-negro.html\" target=\"_blank\" rel=\"noreferrer noopener\">afeitadora facial Braun cuidado personal Serie 3 300S de color negro<\/a><\/strong>. Incorpora una bater\u00eda <strong>Ni-MH recargable<\/strong> de larga duraci\u00f3n. Opta por cargarla solamente durante <strong>5 minutos<\/strong> y af\u00e9itate de la manera m\u00e1s r\u00e1pida posible, sin que se acabe la <strong>autonom\u00eda<\/strong>. Opta por esta <strong>nueva afeitadora Braun barata <\/strong>a un precio de <strong>46,90 \u20ac<\/strong>, solo en el cat\u00e1logo de <strong>Milar<\/strong>. <\/p>\n\n\n\n<div class=\"wp-block-image\"><figure class=\"aligncenter size-large\"><a href=\"https:\/\/www.milar.es\/afeitadora-braun-serie-3-300s-negro.html\"><img loading=\"lazy\" decoding=\"async\" width=\"700\" height=\"256\" src=\"https:\/\/www.milar.es\/blog\/wp-content\/uploads\/2021\/05\/Banner-Blog-Milar-2021-05-19T225110.392-700x256.jpg\" alt=\"Afeitadora Facial Braun Cuidado personal Serie 3 300S Negro\" class=\"wp-image-7568\" srcset=\"https:\/\/www.milar.es\/blog\/wp-content\/uploads\/2021\/05\/Banner-Blog-Milar-2021-05-19T225110.392-700x256.jpg 700w, https:\/\/www.milar.es\/blog\/wp-content\/uploads\/2021\/05\/Banner-Blog-Milar-2021-05-19T225110.392-250x91.jpg 250w, https:\/\/www.milar.es\/blog\/wp-content\/uploads\/2021\/05\/Banner-Blog-Milar-2021-05-19T225110.392-768x281.jpg 768w, https:\/\/www.milar.es\/blog\/wp-content\/uploads\/2021\/05\/Banner-Blog-Milar-2021-05-19T225110.392-120x44.jpg 120w, https:\/\/www.milar.es\/blog\/wp-content\/uploads\/2021\/05\/Banner-Blog-Milar-2021-05-19T225110.392.jpg 1200w\" sizes=\"auto, (max-width: 700px) 100vw, 700px\" \/><\/a><\/figure><\/div>\n\n\n\n<p>Tambi\u00e9n pod\u00e9is elegir esta <strong><a href=\"https:\/\/www.milar.es\/afeitadora-facial-braun-serie-5-5140s-negro-azul.html\" target=\"_blank\" rel=\"noreferrer noopener\">afeitadora facial Braun Serie 5 5140s de color negro y azul<\/a><\/strong> para conseguir rasurar el pelo facial de una sola pasada. Este modelo Braun incorpora las \u00faltimas <strong>tecnolog\u00edas <\/strong>para que tu afeitado sea uno de los mejores momentos del d\u00eda. \u00bfNecesitas limpiar la afeitadora? Podr\u00e1s hacerlo <strong>sin retirar su cabezal<\/strong>. Solamente tendr\u00e1s que echarle un poco de agua tibia al aparato y se eliminar\u00e1n los restos. <\/p>\n\n\n\n<div class=\"wp-block-image\"><figure class=\"aligncenter size-large\"><a href=\"https:\/\/www.milar.es\/afeitadora-facial-braun-serie-5-5140s-negro-azul.html\"><img loading=\"lazy\" decoding=\"async\" width=\"700\" height=\"256\" src=\"https:\/\/www.milar.es\/blog\/wp-content\/uploads\/2021\/05\/Banner-Blog-Milar-2021-05-19T225420.779-700x256.jpg\" alt=\"Afeitadora facial Braun Serie 5 5140s Negro y azul\" class=\"wp-image-7570\" srcset=\"https:\/\/www.milar.es\/blog\/wp-content\/uploads\/2021\/05\/Banner-Blog-Milar-2021-05-19T225420.779-700x256.jpg 700w, https:\/\/www.milar.es\/blog\/wp-content\/uploads\/2021\/05\/Banner-Blog-Milar-2021-05-19T225420.779-250x91.jpg 250w, https:\/\/www.milar.es\/blog\/wp-content\/uploads\/2021\/05\/Banner-Blog-Milar-2021-05-19T225420.779-768x281.jpg 768w, https:\/\/www.milar.es\/blog\/wp-content\/uploads\/2021\/05\/Banner-Blog-Milar-2021-05-19T225420.779-120x44.jpg 120w, https:\/\/www.milar.es\/blog\/wp-content\/uploads\/2021\/05\/Banner-Blog-Milar-2021-05-19T225420.779.jpg 1200w\" sizes=\"auto, (max-width: 700px) 100vw, 700px\" \/><\/a><\/figure><\/div>\n\n\n\n<p>Tras esta <strong>review <\/strong>sobre <strong>nuevas afeitadoras Braun<\/strong>, solamente te queda elegir la <strong>nueva afeitadora Braun<\/strong> que m\u00e1s se adapta a ti y a tus necesidades y empezar a disfrutar de la comodidad que necesitas.<\/p>\n\n\n\n<p>Te dejamos, adem\u00e1s, otros art\u00edculos de<strong> <a href=\"https:\/\/www.milar.es\/cuidado-personal-belleza.html\" target=\"_blank\" rel=\"noreferrer noopener\">cuidado personal<\/a><\/strong> que pueden ser de tu inter\u00e9s. \u00a1No te los pierdas!<\/p>\n\n\n\n<p><strong><a href=\"https:\/\/www.milar.es\/blog\/philips-oneblade-pro-y-otras-maquinas-de-afeitar-para-regalar-en-el-dia-del-padre\/\" target=\"_blank\" rel=\"noreferrer noopener\">Philips Oneblade Pro y otras m\u00e1quinas de afeitar para regalar en el D\u00eda del Padre<\/a><\/strong><\/p>\n\n\n\n<p><strong><a href=\"https:\/\/www.milar.es\/blog\/cortapelos-hombre-comparativa-de-los-mejores-modelos\/\" target=\"_blank\" rel=\"noreferrer noopener\">Cortapelos hombre: comparativa de los mejores modelos<\/a><\/strong><\/p>\n\n\n\n<p><strong><a href=\"https:\/\/www.milar.es\/blog\/como-usar-depiladora-ipl-comparativa-entre-los-mejores-modelos\/\" target=\"_blank\" rel=\"noreferrer noopener\">\u00bfC\u00f3mo usar depiladora IPL? Comparativa entre los mejores modelos<\/a><\/strong><\/p>\n","protected":false},"excerpt":{"rendered":"\u00bfTu afeitadora no rasura como antes? Acaba con el pelo m\u00e1s rebelde de una sola pasada con las nuevas afeitadoras Braun. En este post de\u00a0Milar\u00a0os contamos las prestaciones de las nuevas afeitadoras Braun\u00a0del mercado, empezando por su incre\u00edble relaci\u00f3n\u00a0calidad-precio\u00a0y siguiendo por un\u00a0dise\u00f1o\u00a0muy vers\u00e1til. Prestaciones de las nuevas afeitadoras Braun Quiz\u00e1s&#8230; <a class=\"view-article\" href=\"https:\/\/www.milar.es\/blog\/nuevas-afeitadoras-braun-conoce-los-modelos\/\">Ver art\u00edculo<\/a>","protected":false},"author":1,"featured_media":7572,"comment_status":"closed","ping_status":"closed","sticky":false,"template":"","format":"standard","meta":{"footnotes":""},"categories":[22,38],"tags":[],"class_list":["post-7562","post","type-post","status-publish","format-standard","has-post-thumbnail","hentry","category-afeitado-y-depilacion","category-novedades"],"yoast_head":"<!-- This site is optimized with the Yoast SEO plugin v27.5 - https:\/\/yoast.com\/product\/yoast-seo-wordpress\/ -->\n<title>Nuevas afeitadoras Braun de 2021, conoce los modelos - Milar Tendencias de electrodom\u00e9sticos<\/title>\n<meta name=\"description\" content=\"Consigue el afeitado que te mereces en tu d\u00eda a d\u00eda con las nuevas afeitadoras Braun. En Milar contamos con productos , \u00a1no te las pierdas!\" \/>\n<meta name=\"robots\" content=\"index, follow, max-snippet:-1, max-image-preview:large, max-video-preview:-1\" \/>\n<link rel=\"canonical\" href=\"https:\/\/www.milar.es\/blog\/nuevas-afeitadoras-braun-conoce-los-modelos\/\" \/>\n<meta property=\"og:locale\" content=\"es_ES\" \/>\n<meta property=\"og:type\" content=\"article\" \/>\n<meta property=\"og:title\" content=\"Nuevas afeitadoras Braun de 2021, conoce los modelos - Milar Tendencias de electrodom\u00e9sticos\" \/>\n<meta property=\"og:description\" content=\"Consigue el afeitado que te mereces en tu d\u00eda a d\u00eda con las nuevas afeitadoras Braun. En Milar contamos con productos , \u00a1no te las pierdas!\" \/>\n<meta property=\"og:url\" content=\"https:\/\/www.milar.es\/blog\/nuevas-afeitadoras-braun-conoce-los-modelos\/\" \/>\n<meta property=\"og:site_name\" content=\"Milar Tendencias de electrodom\u00e9sticos\" \/>\n<meta property=\"article:published_time\" content=\"2021-01-23T07:00:00+00:00\" \/>\n<meta property=\"article:modified_time\" content=\"2023-03-07T08:23:22+00:00\" \/>\n<meta property=\"og:image\" content=\"https:\/\/www.milar.es\/blog\/wp-content\/uploads\/2021\/05\/nuevas-afeitadoras-braun.jpg\" \/>\n\t<meta property=\"og:image:width\" content=\"1200\" \/>\n\t<meta property=\"og:image:height\" content=\"800\" \/>\n\t<meta property=\"og:image:type\" content=\"image\/jpeg\" \/>\n<meta name=\"author\" content=\"Milar\" \/>\n<meta name=\"twitter:card\" content=\"summary_large_image\" \/>\n<meta name=\"twitter:label1\" content=\"Escrito por\" \/>\n\t<meta name=\"twitter:data1\" content=\"Milar\" \/>\n\t<meta name=\"twitter:label2\" content=\"Tiempo de lectura\" \/>\n\t<meta name=\"twitter:data2\" content=\"5 minutos\" \/>\n<script type=\"application\/ld+json\" class=\"yoast-schema-graph\">{\"@context\":\"https:\\\/\\\/schema.org\",\"@graph\":[{\"@type\":\"Article\",\"@id\":\"https:\\\/\\\/www.milar.es\\\/blog\\\/nuevas-afeitadoras-braun-conoce-los-modelos\\\/#article\",\"isPartOf\":{\"@id\":\"https:\\\/\\\/www.milar.es\\\/blog\\\/nuevas-afeitadoras-braun-conoce-los-modelos\\\/\"},\"author\":{\"name\":\"Milar\",\"@id\":\"https:\\\/\\\/www.milar.es\\\/blog\\\/#\\\/schema\\\/person\\\/a63c4965e2d32a22be88aabb90c4f11f\"},\"headline\":\"Nuevas afeitadoras Braun de 2021, conoce los modelos\",\"datePublished\":\"2021-01-23T07:00:00+00:00\",\"dateModified\":\"2023-03-07T08:23:22+00:00\",\"mainEntityOfPage\":{\"@id\":\"https:\\\/\\\/www.milar.es\\\/blog\\\/nuevas-afeitadoras-braun-conoce-los-modelos\\\/\"},\"wordCount\":949,\"image\":{\"@id\":\"https:\\\/\\\/www.milar.es\\\/blog\\\/nuevas-afeitadoras-braun-conoce-los-modelos\\\/#primaryimage\"},\"thumbnailUrl\":\"https:\\\/\\\/www.milar.es\\\/blog\\\/wp-content\\\/uploads\\\/2021\\\/05\\\/nuevas-afeitadoras-braun.jpg\",\"articleSection\":[\"Afeitado y depilaci\u00f3n\",\"Novedades\"],\"inLanguage\":\"es\"},{\"@type\":\"WebPage\",\"@id\":\"https:\\\/\\\/www.milar.es\\\/blog\\\/nuevas-afeitadoras-braun-conoce-los-modelos\\\/\",\"url\":\"https:\\\/\\\/www.milar.es\\\/blog\\\/nuevas-afeitadoras-braun-conoce-los-modelos\\\/\",\"name\":\"Nuevas afeitadoras Braun de 2021, conoce los modelos - Milar Tendencias de electrodom\u00e9sticos\",\"isPartOf\":{\"@id\":\"https:\\\/\\\/www.milar.es\\\/blog\\\/#website\"},\"primaryImageOfPage\":{\"@id\":\"https:\\\/\\\/www.milar.es\\\/blog\\\/nuevas-afeitadoras-braun-conoce-los-modelos\\\/#primaryimage\"},\"image\":{\"@id\":\"https:\\\/\\\/www.milar.es\\\/blog\\\/nuevas-afeitadoras-braun-conoce-los-modelos\\\/#primaryimage\"},\"thumbnailUrl\":\"https:\\\/\\\/www.milar.es\\\/blog\\\/wp-content\\\/uploads\\\/2021\\\/05\\\/nuevas-afeitadoras-braun.jpg\",\"datePublished\":\"2021-01-23T07:00:00+00:00\",\"dateModified\":\"2023-03-07T08:23:22+00:00\",\"author\":{\"@id\":\"https:\\\/\\\/www.milar.es\\\/blog\\\/#\\\/schema\\\/person\\\/a63c4965e2d32a22be88aabb90c4f11f\"},\"description\":\"Consigue el afeitado que te mereces en tu d\u00eda a d\u00eda con las nuevas afeitadoras Braun. En Milar contamos con productos , \u00a1no te las pierdas!\",\"breadcrumb\":{\"@id\":\"https:\\\/\\\/www.milar.es\\\/blog\\\/nuevas-afeitadoras-braun-conoce-los-modelos\\\/#breadcrumb\"},\"inLanguage\":\"es\",\"potentialAction\":[{\"@type\":\"ReadAction\",\"target\":[\"https:\\\/\\\/www.milar.es\\\/blog\\\/nuevas-afeitadoras-braun-conoce-los-modelos\\\/\"]}]},{\"@type\":\"ImageObject\",\"inLanguage\":\"es\",\"@id\":\"https:\\\/\\\/www.milar.es\\\/blog\\\/nuevas-afeitadoras-braun-conoce-los-modelos\\\/#primaryimage\",\"url\":\"https:\\\/\\\/www.milar.es\\\/blog\\\/wp-content\\\/uploads\\\/2021\\\/05\\\/nuevas-afeitadoras-braun.jpg\",\"contentUrl\":\"https:\\\/\\\/www.milar.es\\\/blog\\\/wp-content\\\/uploads\\\/2021\\\/05\\\/nuevas-afeitadoras-braun.jpg\",\"width\":1200,\"height\":800,\"caption\":\"nuevas afeitadoras braun\"},{\"@type\":\"BreadcrumbList\",\"@id\":\"https:\\\/\\\/www.milar.es\\\/blog\\\/nuevas-afeitadoras-braun-conoce-los-modelos\\\/#breadcrumb\",\"itemListElement\":[{\"@type\":\"ListItem\",\"position\":1,\"name\":\"Home\",\"item\":\"https:\\\/\\\/www.milar.es\\\/blog\\\/\"},{\"@type\":\"ListItem\",\"position\":2,\"name\":\"Nuevas afeitadoras Braun de 2021, conoce los modelos\"}]},{\"@type\":\"WebSite\",\"@id\":\"https:\\\/\\\/www.milar.es\\\/blog\\\/#website\",\"url\":\"https:\\\/\\\/www.milar.es\\\/blog\\\/\",\"name\":\"Milar Tendencias de electrodom\u00e9sticos\",\"description\":\"\",\"potentialAction\":[{\"@type\":\"SearchAction\",\"target\":{\"@type\":\"EntryPoint\",\"urlTemplate\":\"https:\\\/\\\/www.milar.es\\\/blog\\\/?s={search_term_string}\"},\"query-input\":{\"@type\":\"PropertyValueSpecification\",\"valueRequired\":true,\"valueName\":\"search_term_string\"}}],\"inLanguage\":\"es\"},{\"@type\":\"Person\",\"@id\":\"https:\\\/\\\/www.milar.es\\\/blog\\\/#\\\/schema\\\/person\\\/a63c4965e2d32a22be88aabb90c4f11f\",\"name\":\"Milar\",\"image\":{\"@type\":\"ImageObject\",\"inLanguage\":\"es\",\"@id\":\"https:\\\/\\\/secure.gravatar.com\\\/avatar\\\/1ff5211459d04644acdbe2d949c2a8626dc0f1e355d4830331235d147f36505a?s=96&d=mm&r=g\",\"url\":\"https:\\\/\\\/secure.gravatar.com\\\/avatar\\\/1ff5211459d04644acdbe2d949c2a8626dc0f1e355d4830331235d147f36505a?s=96&d=mm&r=g\",\"contentUrl\":\"https:\\\/\\\/secure.gravatar.com\\\/avatar\\\/1ff5211459d04644acdbe2d949c2a8626dc0f1e355d4830331235d147f36505a?s=96&d=mm&r=g\",\"caption\":\"Milar\"}}]}<\/script>\n<!-- \/ Yoast SEO plugin. -->","yoast_head_json":{"title":"Nuevas afeitadoras Braun de 2021, conoce los modelos - Milar Tendencias de electrodom\u00e9sticos","description":"Consigue el afeitado que te mereces en tu d\u00eda a d\u00eda con las nuevas afeitadoras Braun. En Milar contamos con productos , \u00a1no te las pierdas!","robots":{"index":"index","follow":"follow","max-snippet":"max-snippet:-1","max-image-preview":"max-image-preview:large","max-video-preview":"max-video-preview:-1"},"canonical":"https:\/\/www.milar.es\/blog\/nuevas-afeitadoras-braun-conoce-los-modelos\/","og_locale":"es_ES","og_type":"article","og_title":"Nuevas afeitadoras Braun de 2021, conoce los modelos - Milar Tendencias de electrodom\u00e9sticos","og_description":"Consigue el afeitado que te mereces en tu d\u00eda a d\u00eda con las nuevas afeitadoras Braun. En Milar contamos con productos , \u00a1no te las pierdas!","og_url":"https:\/\/www.milar.es\/blog\/nuevas-afeitadoras-braun-conoce-los-modelos\/","og_site_name":"Milar Tendencias de electrodom\u00e9sticos","article_published_time":"2021-01-23T07:00:00+00:00","article_modified_time":"2023-03-07T08:23:22+00:00","og_image":[{"width":1200,"height":800,"url":"https:\/\/www.milar.es\/blog\/wp-content\/uploads\/2021\/05\/nuevas-afeitadoras-braun.jpg","type":"image\/jpeg"}],"author":"Milar","twitter_card":"summary_large_image","twitter_misc":{"Escrito por":"Milar","Tiempo de lectura":"5 minutos"},"schema":{"@context":"https:\/\/schema.org","@graph":[{"@type":"Article","@id":"https:\/\/www.milar.es\/blog\/nuevas-afeitadoras-braun-conoce-los-modelos\/#article","isPartOf":{"@id":"https:\/\/www.milar.es\/blog\/nuevas-afeitadoras-braun-conoce-los-modelos\/"},"author":{"name":"Milar","@id":"https:\/\/www.milar.es\/blog\/#\/schema\/person\/a63c4965e2d32a22be88aabb90c4f11f"},"headline":"Nuevas afeitadoras Braun de 2021, conoce los modelos","datePublished":"2021-01-23T07:00:00+00:00","dateModified":"2023-03-07T08:23:22+00:00","mainEntityOfPage":{"@id":"https:\/\/www.milar.es\/blog\/nuevas-afeitadoras-braun-conoce-los-modelos\/"},"wordCount":949,"image":{"@id":"https:\/\/www.milar.es\/blog\/nuevas-afeitadoras-braun-conoce-los-modelos\/#primaryimage"},"thumbnailUrl":"https:\/\/www.milar.es\/blog\/wp-content\/uploads\/2021\/05\/nuevas-afeitadoras-braun.jpg","articleSection":["Afeitado y depilaci\u00f3n","Novedades"],"inLanguage":"es"},{"@type":"WebPage","@id":"https:\/\/www.milar.es\/blog\/nuevas-afeitadoras-braun-conoce-los-modelos\/","url":"https:\/\/www.milar.es\/blog\/nuevas-afeitadoras-braun-conoce-los-modelos\/","name":"Nuevas afeitadoras Braun de 2021, conoce los modelos - Milar Tendencias de electrodom\u00e9sticos","isPartOf":{"@id":"https:\/\/www.milar.es\/blog\/#website"},"primaryImageOfPage":{"@id":"https:\/\/www.milar.es\/blog\/nuevas-afeitadoras-braun-conoce-los-modelos\/#primaryimage"},"image":{"@id":"https:\/\/www.milar.es\/blog\/nuevas-afeitadoras-braun-conoce-los-modelos\/#primaryimage"},"thumbnailUrl":"https:\/\/www.milar.es\/blog\/wp-content\/uploads\/2021\/05\/nuevas-afeitadoras-braun.jpg","datePublished":"2021-01-23T07:00:00+00:00","dateModified":"2023-03-07T08:23:22+00:00","author":{"@id":"https:\/\/www.milar.es\/blog\/#\/schema\/person\/a63c4965e2d32a22be88aabb90c4f11f"},"description":"Consigue el afeitado que te mereces en tu d\u00eda a d\u00eda con las nuevas afeitadoras Braun. En Milar contamos con productos , \u00a1no te las pierdas!","breadcrumb":{"@id":"https:\/\/www.milar.es\/blog\/nuevas-afeitadoras-braun-conoce-los-modelos\/#breadcrumb"},"inLanguage":"es","potentialAction":[{"@type":"ReadAction","target":["https:\/\/www.milar.es\/blog\/nuevas-afeitadoras-braun-conoce-los-modelos\/"]}]},{"@type":"ImageObject","inLanguage":"es","@id":"https:\/\/www.milar.es\/blog\/nuevas-afeitadoras-braun-conoce-los-modelos\/#primaryimage","url":"https:\/\/www.milar.es\/blog\/wp-content\/uploads\/2021\/05\/nuevas-afeitadoras-braun.jpg","contentUrl":"https:\/\/www.milar.es\/blog\/wp-content\/uploads\/2021\/05\/nuevas-afeitadoras-braun.jpg","width":1200,"height":800,"caption":"nuevas afeitadoras braun"},{"@type":"BreadcrumbList","@id":"https:\/\/www.milar.es\/blog\/nuevas-afeitadoras-braun-conoce-los-modelos\/#breadcrumb","itemListElement":[{"@type":"ListItem","position":1,"name":"Home","item":"https:\/\/www.milar.es\/blog\/"},{"@type":"ListItem","position":2,"name":"Nuevas afeitadoras Braun de 2021, conoce los modelos"}]},{"@type":"WebSite","@id":"https:\/\/www.milar.es\/blog\/#website","url":"https:\/\/www.milar.es\/blog\/","name":"Milar Tendencias de electrodom\u00e9sticos","description":"","potentialAction":[{"@type":"SearchAction","target":{"@type":"EntryPoint","urlTemplate":"https:\/\/www.milar.es\/blog\/?s={search_term_string}"},"query-input":{"@type":"PropertyValueSpecification","valueRequired":true,"valueName":"search_term_string"}}],"inLanguage":"es"},{"@type":"Person","@id":"https:\/\/www.milar.es\/blog\/#\/schema\/person\/a63c4965e2d32a22be88aabb90c4f11f","name":"Milar","image":{"@type":"ImageObject","inLanguage":"es","@id":"https:\/\/secure.gravatar.com\/avatar\/1ff5211459d04644acdbe2d949c2a8626dc0f1e355d4830331235d147f36505a?s=96&d=mm&r=g","url":"https:\/\/secure.gravatar.com\/avatar\/1ff5211459d04644acdbe2d949c2a8626dc0f1e355d4830331235d147f36505a?s=96&d=mm&r=g","contentUrl":"https:\/\/secure.gravatar.com\/avatar\/1ff5211459d04644acdbe2d949c2a8626dc0f1e355d4830331235d147f36505a?s=96&d=mm&r=g","caption":"Milar"}}]}},"_links":{"self":[{"href":"https:\/\/www.milar.es\/blog\/wp-json\/wp\/v2\/posts\/7562","targetHints":{"allow":["GET"]}}],"collection":[{"href":"https:\/\/www.milar.es\/blog\/wp-json\/wp\/v2\/posts"}],"about":[{"href":"https:\/\/www.milar.es\/blog\/wp-json\/wp\/v2\/types\/post"}],"author":[{"embeddable":true,"href":"https:\/\/www.milar.es\/blog\/wp-json\/wp\/v2\/users\/1"}],"replies":[{"embeddable":true,"href":"https:\/\/www.milar.es\/blog\/wp-json\/wp\/v2\/comments?post=7562"}],"version-history":[{"count":28,"href":"https:\/\/www.milar.es\/blog\/wp-json\/wp\/v2\/posts\/7562\/revisions"}],"predecessor-version":[{"id":13180,"href":"https:\/\/www.milar.es\/blog\/wp-json\/wp\/v2\/posts\/7562\/revisions\/13180"}],"wp:featuredmedia":[{"embeddable":true,"href":"https:\/\/www.milar.es\/blog\/wp-json\/wp\/v2\/media\/7572"}],"wp:attachment":[{"href":"https:\/\/www.milar.es\/blog\/wp-json\/wp\/v2\/media?parent=7562"}],"wp:term":[{"taxonomy":"category","embeddable":true,"href":"https:\/\/www.milar.es\/blog\/wp-json\/wp\/v2\/categories?post=7562"},{"taxonomy":"post_tag","embeddable":true,"href":"https:\/\/www.milar.es\/blog\/wp-json\/wp\/v2\/tags?post=7562"}],"curies":[{"name":"wp","href":"https:\/\/api.w.org\/{rel}","templated":true}]}}