{"id":7529,"date":"2021-01-23T15:00:19","date_gmt":"2021-01-23T15:00:19","guid":{"rendered":"https:\/\/www.milar.es\/blog\/?p=7529"},"modified":"2021-06-01T15:00:22","modified_gmt":"2021-06-01T15:00:22","slug":"nuevas-afeitadoras-philips-guia-de-compra","status":"publish","type":"post","link":"https:\/\/www.milar.es\/blog\/nuevas-afeitadoras-philips-guia-de-compra\/","title":{"rendered":"Nuevas afeitadoras Philips de 2021, gu\u00eda de compra"},"content":{"rendered":"\n<p>\u00bfBuscas recortar tu pelo de la mejor manera posible y sin irritaciones despu\u00e9s? Con las <strong>nuevas <a href=\"https:\/\/www.milar.es\/afeitadoras-electricas.html\">afeitadoras<\/a> Philips<\/strong> este problema se ha acabado. Descubre todo lo que te ofrecen las <strong>afeitadoras <a href=\"https:\/\/www.milar.es\/philips.html\" target=\"_blank\" rel=\"noreferrer noopener\">Philips<\/a><\/strong> en esta gu\u00eda de compra que hemos preparado para ti en <strong><a href=\"https:\/\/www.milar.es\/\" target=\"_blank\" rel=\"noreferrer noopener\">Milar<\/a><\/strong>. <\/p>\n\n\n\n<div class=\"wp-block-image\"><figure class=\"aligncenter size-large\"><img loading=\"lazy\" decoding=\"async\" width=\"700\" height=\"467\" src=\"https:\/\/www.milar.es\/blog\/wp-content\/uploads\/2021\/05\/nuevas-afeitadoras-philips-700x467.jpg\" alt=\"nuevas afeitadoras philips\" class=\"wp-image-7531\" srcset=\"https:\/\/www.milar.es\/blog\/wp-content\/uploads\/2021\/05\/nuevas-afeitadoras-philips-700x467.jpg 700w, https:\/\/www.milar.es\/blog\/wp-content\/uploads\/2021\/05\/nuevas-afeitadoras-philips-250x167.jpg 250w, https:\/\/www.milar.es\/blog\/wp-content\/uploads\/2021\/05\/nuevas-afeitadoras-philips-768x512.jpg 768w, https:\/\/www.milar.es\/blog\/wp-content\/uploads\/2021\/05\/nuevas-afeitadoras-philips-120x80.jpg 120w, https:\/\/www.milar.es\/blog\/wp-content\/uploads\/2021\/05\/nuevas-afeitadoras-philips.jpg 1200w\" sizes=\"auto, (max-width: 700px) 100vw, 700px\" \/><\/figure><\/div>\n\n\n\n<h2 class=\"has-text-align-center wp-block-heading\">Caracter\u00edsticas de las nuevas afeitadoras Philips<\/h2>\n\n\n\n<p>El <strong>cuidado facial <\/strong>es una rutina diaria a la que un hombre dedica gran parte del d\u00eda. Y es que aunque a veces acudamos a un centro de belleza o peluquer\u00eda para <strong>recortar <\/strong>o <strong>afeitar <\/strong>la barba, es frecuente realizar esta tarea en casa, con productos espec\u00edficos para ello. <\/p>\n\n\n\n<p>Como cada persona cuenta con un tipo diferente de pelo, piel y sensibilidad, las <strong>nuevas <a href=\"https:\/\/www.milar.es\/afeitadoras-electricas\/de-philips.html\">afeitadoras Philips<\/a><\/strong> incorporan versatilidad y precisi\u00f3n a partes iguales. <\/p>\n\n\n\n<h3 class=\"wp-block-heading\">\u00bfQu\u00e9 tipos de nuevas afeitadoras Philips puedo encontrar en el mercado?<\/h3>\n\n\n\n<ul class=\"wp-block-list\"><li><strong>Afeitadora de l\u00e1minas Philips<\/strong>. Por un lado, existen <strong>afeitadoras de l\u00e1minas Philips<\/strong>. Estos aparatos funcionan como unas <strong>m\u00e1quina de afeitar manual<\/strong>, pero de manera el\u00e9ctrica. Es decir, las con una afeitadora de l\u00e1minas las cuchillas o l\u00e1minas se entrecruzar\u00e1n entre s\u00ed mediante un movimiento de vaiv\u00e9n. As\u00ed, se recortar\u00e1 el pelo de filo. Este tipo de <strong>afeitadora facial<\/strong> Philips es muy adecuada la barbilla o el cuello, por ejemplo, adem\u00e1s de zonas en las que el vello es fino o crece en una misma direcci\u00f3n<\/li><\/ul>\n\n\n\n<ul class=\"wp-block-list\"><li><strong>Afeitadora rotativa Philips<\/strong>. Tambi\u00e9n podemos encontrar <strong>afeitadoras rotativas Philips<\/strong>. \u00bfC\u00f3mo funcionan? Estos modelos de <strong>afeitadoras Philips<\/strong> suelen incorporar desde <strong>tres discos<\/strong> hasta <strong>cinco discos<\/strong>. Cada uno suele girar en una direcci\u00f3n distinta, por lo que conseguiremos rasurar hasta el pelo m\u00e1s dif\u00edcil y rebelde. Al igual que los m\u00e1s largos y gruesos. Al contar con tanto discos, estos<strong> modelos Philips<\/strong> se suelen adaptar mejor a nuestra cara, sea cual sea su forma. <\/li><\/ul>\n\n\n\n<h3 class=\"wp-block-heading\">Entonces, \u00bfcu\u00e1l es la diferencia entre una afeitadora rotativa y afeitadora de l\u00e1minas?<\/h3>\n\n\n\n<p>La principal diferencia entre las&nbsp;<strong>afeitadoras rotativas <\/strong>y las <strong>afeitadoras de l\u00e1minas<\/strong> es su m\u00e9todo a la hora de rasurar el vello mediante sus cuchillas. Eso s\u00ed, todas las <strong>nuevas afeitadoras Philips<\/strong> te proporcionar\u00e1n un resultado muy <strong>preciso <\/strong>en el menor tiempo posible. <\/p>\n\n\n\n<p>Tambi\u00e9n puedes optar por una <strong>recortadora de barba y cuerpo<\/strong> <strong>Philips<\/strong>. Es un<strong> aparato dos en uno<\/strong>, pues podr\u00e1s desde perfilar tu barba hasta acabar con todo tipo de vello corporal.  Estos productos tambi\u00e9n son conocidos como <strong><a href=\"https:\/\/www.milar.es\/afeitado-barberos.html\" target=\"_blank\" rel=\"noreferrer noopener\">barberos<\/a><\/strong>. En <strong>Milar <\/strong>contamos con una gran variedad de <strong>barberos Philips<\/strong>, por lo que no dudes en echar un ojo a nuestro extenso cat\u00e1logo. <\/p>\n\n\n\n<p>En cuanto a la <strong>potencia<\/strong>, deciros que las <strong>nuevas afeitadoras Philips<\/strong> incorporan una potencia adecuada y que se adapta a cada situaci\u00f3n. Relacionado con esto, encontramos que incorporan varias <strong>velocidades <\/strong>por lo que tu mismo podr\u00e1s ajustar estos par\u00e1metros dependiendo de la longitud del vello y del tiempo del que dispongas para rasurarlo. <\/p>\n\n\n\n<p>Otro aspecto que debes valorar es optar por una afeitadora con gran <strong>autonom\u00eda<\/strong>. Y es que, \u00a1no hay nada m\u00e1s molesto que un aparato se quede sin <strong>bater\u00eda <\/strong>mientras la estemos usando! Por suerte, las <strong>nuevas afeitadoras Philips<\/strong> cuentan con una gran <strong>durabilidad<\/strong>. Adem\u00e1s, algunos de los modelos m\u00e1s punteros <strong>Philips<\/strong> incorporan la opci\u00f3n de <strong>carga r\u00e1pida<\/strong>. Es decir, en solamente unos pocos minutos enchufada podr\u00e1s llev\u00e1rtela a todas partes sin problemas. <\/p>\n\n\n\n<h3 class=\"wp-block-heading\">\u00bfC\u00f3mo limpiar una afeitadora Philips?<\/h3>\n\n\n\n<p>La <strong>limpieza <\/strong>tambi\u00e9n es una caracter\u00edstica muy importante, pues a mayor limpieza conseguiremos una mayor durabilidad. Todos los <strong>modelos de afeitadoras Philips<\/strong> incorporan varios cabezales, para intercambiarlo seg\u00fan la longitud de tu vello. Adem\u00e1s, son <strong>desmontables <\/strong>para limpiarlos debajo del grillo. \u00bfA qu\u00e9 suena genial? Solamente tendr\u00e1s que aplicar agua tibia a la <strong>afeitadora Philips <\/strong>y quedar\u00e1 como nueva. <\/p>\n\n\n\n<p>Por \u00faltimo, deciros que las <strong>nuevas afeitadoras Philips<\/strong> destacan por ser <strong>ergon\u00f3micas <\/strong>y por ser <strong>resistentes al agua<\/strong>. Es decir, si preferimos <strong>afeitarnos en h\u00famedo <\/strong>o con productos que ayudan a rasurar el pelo, como espumas, podremos con estos aparatos. <\/p>\n\n\n\n<p>Ya has visto que hacerte con una <strong>nueva afeitadora Philips<\/strong> puede ser una elecci\u00f3n estupenda, y si no te recomendamos leer las&nbsp;<strong>opiniones sobre afeitadoras Philips<\/strong>&nbsp;de nuestros clientes.<\/p>\n\n\n\n<h2 class=\"has-text-align-center wp-block-heading\">Comparativa de modelos de nuevas afeitadoras Philips<\/h2>\n\n\n\n<p>Con esta <strong><a href=\"https:\/\/www.milar.es\/cuidado-personal-philips-s1333-41.html\" target=\"_blank\" rel=\"noreferrer noopener\">afeitadora facial Philips S1333\/41 de color negro\/rojo<\/a><\/strong> conseguir\u00e1s afeitado limpio y casi instant\u00e1neo. Este modelo <strong>Philips <\/strong>es <strong>resistente al agua <\/strong>y cuenta con un <strong>mango ergon\u00f3mico <\/strong>para un manejo muy c\u00f3modo. \u00bfQuieres saber m\u00e1s? Incorpora un <strong>recortador <\/strong>para recortar las patillas y el bigote. <\/p>\n\n\n\n<div class=\"wp-block-image\"><figure class=\"aligncenter size-large\"><a href=\"https:\/\/www.milar.es\/cuidado-personal-philips-s1333-41.html\"><img loading=\"lazy\" decoding=\"async\" width=\"700\" height=\"256\" src=\"https:\/\/www.milar.es\/blog\/wp-content\/uploads\/2021\/05\/Banner-Blog-Milar-2021-05-19T140620.898-700x256.jpg\" alt=\"Afeitadora Facial Philips S1333\/41 Negro\/Rojo\" class=\"wp-image-7539\" srcset=\"https:\/\/www.milar.es\/blog\/wp-content\/uploads\/2021\/05\/Banner-Blog-Milar-2021-05-19T140620.898-700x256.jpg 700w, https:\/\/www.milar.es\/blog\/wp-content\/uploads\/2021\/05\/Banner-Blog-Milar-2021-05-19T140620.898-250x91.jpg 250w, https:\/\/www.milar.es\/blog\/wp-content\/uploads\/2021\/05\/Banner-Blog-Milar-2021-05-19T140620.898-768x281.jpg 768w, https:\/\/www.milar.es\/blog\/wp-content\/uploads\/2021\/05\/Banner-Blog-Milar-2021-05-19T140620.898-120x44.jpg 120w, https:\/\/www.milar.es\/blog\/wp-content\/uploads\/2021\/05\/Banner-Blog-Milar-2021-05-19T140620.898.jpg 1200w\" sizes=\"auto, (max-width: 700px) 100vw, 700px\" \/><\/a><\/figure><\/div>\n\n\n\n<p>En <strong>Milar<\/strong> tambi\u00e9n recomendamos esta <strong><a href=\"https:\/\/www.milar.es\/philips-afeitadora-s5082-64plus-recortador.html\" target=\"_blank\" rel=\"noreferrer noopener\">afeitadora facial Philips S5082\/64 con recortador<\/a><\/strong>. \u00bfPor qu\u00e9? Pues porque conseguir\u00e1s un aparato muy funcional a la hora de repasar tu barba. Su sistema de <strong>cuchillas ComfortCut <\/strong>cuenta con <strong>cabezales de perfil redondeado<\/strong>. As\u00ed, podremos deslizar el producto muy suavemente por la piel. Tambi\u00e9n incorpora puna intuitiva pantalla con la que podremos saber toda la informaci\u00f3n relevante e incluso obtener un mejor rendimiento de esta<strong> afeitadora facial Philips<\/strong>. <\/p>\n\n\n\n<div class=\"wp-block-image\"><figure class=\"aligncenter size-large\"><a href=\"https:\/\/www.milar.es\/philips-afeitadora-s5082-64plus-recortador.html\"><img loading=\"lazy\" decoding=\"async\" width=\"700\" height=\"256\" src=\"https:\/\/www.milar.es\/blog\/wp-content\/uploads\/2021\/05\/Banner-Blog-Milar-2021-05-19T140815.212-700x256.jpg\" alt=\"\" class=\"wp-image-7541\" srcset=\"https:\/\/www.milar.es\/blog\/wp-content\/uploads\/2021\/05\/Banner-Blog-Milar-2021-05-19T140815.212-700x256.jpg 700w, https:\/\/www.milar.es\/blog\/wp-content\/uploads\/2021\/05\/Banner-Blog-Milar-2021-05-19T140815.212-250x91.jpg 250w, https:\/\/www.milar.es\/blog\/wp-content\/uploads\/2021\/05\/Banner-Blog-Milar-2021-05-19T140815.212-768x281.jpg 768w, https:\/\/www.milar.es\/blog\/wp-content\/uploads\/2021\/05\/Banner-Blog-Milar-2021-05-19T140815.212-120x44.jpg 120w, https:\/\/www.milar.es\/blog\/wp-content\/uploads\/2021\/05\/Banner-Blog-Milar-2021-05-19T140815.212.jpg 1200w\" sizes=\"auto, (max-width: 700px) 100vw, 700px\" \/><\/a><\/figure><\/div>\n\n\n\n<p>La <strong><a href=\"https:\/\/www.milar.es\/afeitadora-facial-philips-s3133-51.html\" target=\"_blank\" rel=\"noreferrer noopener\">afeitadora Facial Philips S3133\/51 de color negro\/azul<\/a> <\/strong>destaca por incorporar en su cuerpo sujeci\u00f3n de goma, para un c\u00f3modo agarre antideslizante. Este modelo <strong>Philips<\/strong>, adem\u00e1s, cuenta con una <strong>tapa protectora<\/strong> que mantendr\u00e1 el cabezal del aparato limpio cuando tengamos que guardarlo entre afeitados. \u00bfA qu\u00e9 suena genial? Consigue eliminar tu vello facial de manera muy pr\u00e1ctica con esta <strong>afeitadora facial Philips barata<\/strong> disponible en <strong>Milar<\/strong>. <\/p>\n\n\n\n<div class=\"wp-block-image\"><figure class=\"aligncenter size-large\"><a href=\"https:\/\/www.milar.es\/afeitadora-facial-philips-s3133-51.html\"><img loading=\"lazy\" decoding=\"async\" width=\"700\" height=\"256\" src=\"https:\/\/www.milar.es\/blog\/wp-content\/uploads\/2021\/05\/Banner-Blog-Milar-2021-05-19T141009.772-700x256.jpg\" alt=\"\" class=\"wp-image-7542\" srcset=\"https:\/\/www.milar.es\/blog\/wp-content\/uploads\/2021\/05\/Banner-Blog-Milar-2021-05-19T141009.772-700x256.jpg 700w, https:\/\/www.milar.es\/blog\/wp-content\/uploads\/2021\/05\/Banner-Blog-Milar-2021-05-19T141009.772-250x91.jpg 250w, https:\/\/www.milar.es\/blog\/wp-content\/uploads\/2021\/05\/Banner-Blog-Milar-2021-05-19T141009.772-768x281.jpg 768w, https:\/\/www.milar.es\/blog\/wp-content\/uploads\/2021\/05\/Banner-Blog-Milar-2021-05-19T141009.772-120x44.jpg 120w, https:\/\/www.milar.es\/blog\/wp-content\/uploads\/2021\/05\/Banner-Blog-Milar-2021-05-19T141009.772.jpg 1200w\" sizes=\"auto, (max-width: 700px) 100vw, 700px\" \/><\/a><\/figure><\/div>\n\n\n\n<p>Por \u00faltimo, tambi\u00e9n puedes optar por esta <strong><a href=\"https:\/\/www.milar.es\/afeitadora-facial-philips-s5420-06-azul-gris.html\" target=\"_blank\" rel=\"noreferrer noopener\">afeitadora facial Philips S5420\/06 de color azul\/gris<\/a><\/strong>. Sus <strong>cabezales flex<\/strong> se mueven hasta en<strong> 5 direcciones<\/strong> para conseguir un afeitado preciso. Este <strong>modelo Philips <\/strong>se puede usar en h\u00famedo y en seco gracias a su <strong>tecnolog\u00eda Aquatec Wet &amp; Dry<\/strong>. \u00a1Hasta podr\u00e1s afeitarte con gel o espuma, pues es un modelo <strong>resistente al agua<\/strong>! <\/p>\n\n\n\n<div class=\"wp-block-image\"><figure class=\"aligncenter size-large\"><a href=\"https:\/\/www.milar.es\/afeitadora-facial-philips-s5420-06-azul-gris.html\"><img loading=\"lazy\" decoding=\"async\" width=\"700\" height=\"256\" src=\"https:\/\/www.milar.es\/blog\/wp-content\/uploads\/2021\/05\/Banner-Blog-Milar-2021-05-19T141220.650-700x256.jpg\" alt=\"\" class=\"wp-image-7543\" srcset=\"https:\/\/www.milar.es\/blog\/wp-content\/uploads\/2021\/05\/Banner-Blog-Milar-2021-05-19T141220.650-700x256.jpg 700w, https:\/\/www.milar.es\/blog\/wp-content\/uploads\/2021\/05\/Banner-Blog-Milar-2021-05-19T141220.650-250x91.jpg 250w, https:\/\/www.milar.es\/blog\/wp-content\/uploads\/2021\/05\/Banner-Blog-Milar-2021-05-19T141220.650-768x281.jpg 768w, https:\/\/www.milar.es\/blog\/wp-content\/uploads\/2021\/05\/Banner-Blog-Milar-2021-05-19T141220.650-120x44.jpg 120w, https:\/\/www.milar.es\/blog\/wp-content\/uploads\/2021\/05\/Banner-Blog-Milar-2021-05-19T141220.650.jpg 1200w\" sizes=\"auto, (max-width: 700px) 100vw, 700px\" \/><\/a><\/figure><\/div>\n\n\n\n<p>Ahora que ya lo sabes todo sobre las <strong>nuevas afeitadoras Philips<\/strong>, solamente queda elegir el aparato que m\u00e1s se adapte a ti a tus necesidades. \u00bfA qu\u00e9 esperas para conseguir ese afeitado del que tanto tiempo llevas so\u00f1ando? En <strong>Milar <\/strong>contamos con <strong>afeitadoras Philips<\/strong> aptas para todos los bolsillos. Te garantizamos la mejor calidad. <\/p>\n\n\n\n<p>Te dejamos, adem\u00e1s, otros art\u00edculos sobre <strong><a href=\"https:\/\/www.milar.es\/cuidado-personal-belleza.html\" target=\"_blank\" rel=\"noreferrer noopener\">cuidado personal<\/a><\/strong> que pueden ser de tu inter\u00e9s. \u00a1Hasta la pr\u00f3xima! <\/p>\n\n\n\n<p><strong><a href=\"https:\/\/www.milar.es\/blog\/afeitadora-facial-guia-definitiva-eliminar-vello-mejor-regalo-estas-navidades\/\" target=\"_blank\" rel=\"noreferrer noopener\">Afeitadora facial: gu\u00eda definitiva para eliminar el vello. El mejor regalo para estas navidades<\/a><\/strong><\/p>\n\n\n\n<p><strong><a href=\"https:\/\/www.milar.es\/blog\/maquina-depilar-los-mejores-modelos-no-pasar-dolor\/\" target=\"_blank\" rel=\"noreferrer noopener\">M\u00e1quina depilar, los mejores modelos para no pasar dolor<\/a><\/strong><\/p>\n\n\n\n<p><strong><a href=\"https:\/\/www.milar.es\/blog\/cortapelos-hombre-comparativa-de-los-mejores-modelos\/\" target=\"_blank\" rel=\"noreferrer noopener\">Cortapelos hombre: comparativa de los mejores modelos<\/a><\/strong><\/p>\n","protected":false},"excerpt":{"rendered":"\u00bfBuscas recortar tu pelo de la mejor manera posible y sin irritaciones despu\u00e9s? Con las nuevas afeitadoras Philips este problema se ha acabado. Descubre todo lo que te ofrecen las afeitadoras Philips en esta gu\u00eda de compra que hemos preparado para ti en Milar. Caracter\u00edsticas de las nuevas afeitadoras Philips&#8230; <a class=\"view-article\" href=\"https:\/\/www.milar.es\/blog\/nuevas-afeitadoras-philips-guia-de-compra\/\">Ver art\u00edculo<\/a>","protected":false},"author":1,"featured_media":7531,"comment_status":"closed","ping_status":"closed","sticky":false,"template":"","format":"standard","meta":{"footnotes":""},"categories":[22,38],"tags":[],"class_list":["post-7529","post","type-post","status-publish","format-standard","has-post-thumbnail","hentry","category-afeitado-y-depilacion","category-novedades"],"yoast_head":"<!-- This site is optimized with the Yoast SEO plugin v27.5 - https:\/\/yoast.com\/product\/yoast-seo-wordpress\/ -->\n<title>Nuevas afeitadoras Philips de 2021, gu\u00eda de compra - Milar Tendencias de electrodom\u00e9sticos<\/title>\n<meta name=\"description\" content=\"Recorta todo tipo de vello con las nuevas afeitadoras Philips. Toma nota y escoge el modelo que m\u00e1s se adapta a ti al mejor precio, en Milar.\" \/>\n<meta name=\"robots\" content=\"index, follow, max-snippet:-1, max-image-preview:large, max-video-preview:-1\" \/>\n<link rel=\"canonical\" href=\"https:\/\/www.milar.es\/blog\/nuevas-afeitadoras-philips-guia-de-compra\/\" \/>\n<meta property=\"og:locale\" content=\"es_ES\" \/>\n<meta property=\"og:type\" content=\"article\" \/>\n<meta property=\"og:title\" content=\"Nuevas afeitadoras Philips de 2021, gu\u00eda de compra - Milar Tendencias de electrodom\u00e9sticos\" \/>\n<meta property=\"og:description\" content=\"Recorta todo tipo de vello con las nuevas afeitadoras Philips. Toma nota y escoge el modelo que m\u00e1s se adapta a ti al mejor precio, en Milar.\" \/>\n<meta property=\"og:url\" content=\"https:\/\/www.milar.es\/blog\/nuevas-afeitadoras-philips-guia-de-compra\/\" \/>\n<meta property=\"og:site_name\" content=\"Milar Tendencias de electrodom\u00e9sticos\" \/>\n<meta property=\"article:published_time\" content=\"2021-01-23T15:00:19+00:00\" \/>\n<meta property=\"article:modified_time\" content=\"2021-06-01T15:00:22+00:00\" \/>\n<meta property=\"og:image\" content=\"https:\/\/www.milar.es\/blog\/wp-content\/uploads\/2021\/05\/nuevas-afeitadoras-philips.jpg\" \/>\n\t<meta property=\"og:image:width\" content=\"1200\" \/>\n\t<meta property=\"og:image:height\" content=\"800\" \/>\n\t<meta property=\"og:image:type\" content=\"image\/jpeg\" \/>\n<meta name=\"author\" content=\"Milar\" \/>\n<meta name=\"twitter:card\" content=\"summary_large_image\" \/>\n<meta name=\"twitter:label1\" content=\"Escrito por\" \/>\n\t<meta name=\"twitter:data1\" content=\"Milar\" \/>\n\t<meta name=\"twitter:label2\" content=\"Tiempo de lectura\" \/>\n\t<meta name=\"twitter:data2\" content=\"6 minutos\" \/>\n<script type=\"application\/ld+json\" class=\"yoast-schema-graph\">{\"@context\":\"https:\\\/\\\/schema.org\",\"@graph\":[{\"@type\":\"Article\",\"@id\":\"https:\\\/\\\/www.milar.es\\\/blog\\\/nuevas-afeitadoras-philips-guia-de-compra\\\/#article\",\"isPartOf\":{\"@id\":\"https:\\\/\\\/www.milar.es\\\/blog\\\/nuevas-afeitadoras-philips-guia-de-compra\\\/\"},\"author\":{\"name\":\"Milar\",\"@id\":\"https:\\\/\\\/www.milar.es\\\/blog\\\/#\\\/schema\\\/person\\\/a63c4965e2d32a22be88aabb90c4f11f\"},\"headline\":\"Nuevas afeitadoras Philips de 2021, gu\u00eda de compra\",\"datePublished\":\"2021-01-23T15:00:19+00:00\",\"dateModified\":\"2021-06-01T15:00:22+00:00\",\"mainEntityOfPage\":{\"@id\":\"https:\\\/\\\/www.milar.es\\\/blog\\\/nuevas-afeitadoras-philips-guia-de-compra\\\/\"},\"wordCount\":1111,\"image\":{\"@id\":\"https:\\\/\\\/www.milar.es\\\/blog\\\/nuevas-afeitadoras-philips-guia-de-compra\\\/#primaryimage\"},\"thumbnailUrl\":\"https:\\\/\\\/www.milar.es\\\/blog\\\/wp-content\\\/uploads\\\/2021\\\/05\\\/nuevas-afeitadoras-philips.jpg\",\"articleSection\":[\"Afeitado y depilaci\u00f3n\",\"Novedades\"],\"inLanguage\":\"es\"},{\"@type\":\"WebPage\",\"@id\":\"https:\\\/\\\/www.milar.es\\\/blog\\\/nuevas-afeitadoras-philips-guia-de-compra\\\/\",\"url\":\"https:\\\/\\\/www.milar.es\\\/blog\\\/nuevas-afeitadoras-philips-guia-de-compra\\\/\",\"name\":\"Nuevas afeitadoras Philips de 2021, gu\u00eda de compra - Milar Tendencias de electrodom\u00e9sticos\",\"isPartOf\":{\"@id\":\"https:\\\/\\\/www.milar.es\\\/blog\\\/#website\"},\"primaryImageOfPage\":{\"@id\":\"https:\\\/\\\/www.milar.es\\\/blog\\\/nuevas-afeitadoras-philips-guia-de-compra\\\/#primaryimage\"},\"image\":{\"@id\":\"https:\\\/\\\/www.milar.es\\\/blog\\\/nuevas-afeitadoras-philips-guia-de-compra\\\/#primaryimage\"},\"thumbnailUrl\":\"https:\\\/\\\/www.milar.es\\\/blog\\\/wp-content\\\/uploads\\\/2021\\\/05\\\/nuevas-afeitadoras-philips.jpg\",\"datePublished\":\"2021-01-23T15:00:19+00:00\",\"dateModified\":\"2021-06-01T15:00:22+00:00\",\"author\":{\"@id\":\"https:\\\/\\\/www.milar.es\\\/blog\\\/#\\\/schema\\\/person\\\/a63c4965e2d32a22be88aabb90c4f11f\"},\"description\":\"Recorta todo tipo de vello con las nuevas afeitadoras Philips. Toma nota y escoge el modelo que m\u00e1s se adapta a ti al mejor precio, en Milar.\",\"breadcrumb\":{\"@id\":\"https:\\\/\\\/www.milar.es\\\/blog\\\/nuevas-afeitadoras-philips-guia-de-compra\\\/#breadcrumb\"},\"inLanguage\":\"es\",\"potentialAction\":[{\"@type\":\"ReadAction\",\"target\":[\"https:\\\/\\\/www.milar.es\\\/blog\\\/nuevas-afeitadoras-philips-guia-de-compra\\\/\"]}]},{\"@type\":\"ImageObject\",\"inLanguage\":\"es\",\"@id\":\"https:\\\/\\\/www.milar.es\\\/blog\\\/nuevas-afeitadoras-philips-guia-de-compra\\\/#primaryimage\",\"url\":\"https:\\\/\\\/www.milar.es\\\/blog\\\/wp-content\\\/uploads\\\/2021\\\/05\\\/nuevas-afeitadoras-philips.jpg\",\"contentUrl\":\"https:\\\/\\\/www.milar.es\\\/blog\\\/wp-content\\\/uploads\\\/2021\\\/05\\\/nuevas-afeitadoras-philips.jpg\",\"width\":1200,\"height\":800,\"caption\":\"nuevas afeitadoras philips\"},{\"@type\":\"BreadcrumbList\",\"@id\":\"https:\\\/\\\/www.milar.es\\\/blog\\\/nuevas-afeitadoras-philips-guia-de-compra\\\/#breadcrumb\",\"itemListElement\":[{\"@type\":\"ListItem\",\"position\":1,\"name\":\"Home\",\"item\":\"https:\\\/\\\/www.milar.es\\\/blog\\\/\"},{\"@type\":\"ListItem\",\"position\":2,\"name\":\"Nuevas afeitadoras Philips de 2021, gu\u00eda de compra\"}]},{\"@type\":\"WebSite\",\"@id\":\"https:\\\/\\\/www.milar.es\\\/blog\\\/#website\",\"url\":\"https:\\\/\\\/www.milar.es\\\/blog\\\/\",\"name\":\"Milar Tendencias de electrodom\u00e9sticos\",\"description\":\"\",\"potentialAction\":[{\"@type\":\"SearchAction\",\"target\":{\"@type\":\"EntryPoint\",\"urlTemplate\":\"https:\\\/\\\/www.milar.es\\\/blog\\\/?s={search_term_string}\"},\"query-input\":{\"@type\":\"PropertyValueSpecification\",\"valueRequired\":true,\"valueName\":\"search_term_string\"}}],\"inLanguage\":\"es\"},{\"@type\":\"Person\",\"@id\":\"https:\\\/\\\/www.milar.es\\\/blog\\\/#\\\/schema\\\/person\\\/a63c4965e2d32a22be88aabb90c4f11f\",\"name\":\"Milar\",\"image\":{\"@type\":\"ImageObject\",\"inLanguage\":\"es\",\"@id\":\"https:\\\/\\\/secure.gravatar.com\\\/avatar\\\/1ff5211459d04644acdbe2d949c2a8626dc0f1e355d4830331235d147f36505a?s=96&d=mm&r=g\",\"url\":\"https:\\\/\\\/secure.gravatar.com\\\/avatar\\\/1ff5211459d04644acdbe2d949c2a8626dc0f1e355d4830331235d147f36505a?s=96&d=mm&r=g\",\"contentUrl\":\"https:\\\/\\\/secure.gravatar.com\\\/avatar\\\/1ff5211459d04644acdbe2d949c2a8626dc0f1e355d4830331235d147f36505a?s=96&d=mm&r=g\",\"caption\":\"Milar\"}}]}<\/script>\n<!-- \/ Yoast SEO plugin. -->","yoast_head_json":{"title":"Nuevas afeitadoras Philips de 2021, gu\u00eda de compra - Milar Tendencias de electrodom\u00e9sticos","description":"Recorta todo tipo de vello con las nuevas afeitadoras Philips. Toma nota y escoge el modelo que m\u00e1s se adapta a ti al mejor precio, en Milar.","robots":{"index":"index","follow":"follow","max-snippet":"max-snippet:-1","max-image-preview":"max-image-preview:large","max-video-preview":"max-video-preview:-1"},"canonical":"https:\/\/www.milar.es\/blog\/nuevas-afeitadoras-philips-guia-de-compra\/","og_locale":"es_ES","og_type":"article","og_title":"Nuevas afeitadoras Philips de 2021, gu\u00eda de compra - Milar Tendencias de electrodom\u00e9sticos","og_description":"Recorta todo tipo de vello con las nuevas afeitadoras Philips. Toma nota y escoge el modelo que m\u00e1s se adapta a ti al mejor precio, en Milar.","og_url":"https:\/\/www.milar.es\/blog\/nuevas-afeitadoras-philips-guia-de-compra\/","og_site_name":"Milar Tendencias de electrodom\u00e9sticos","article_published_time":"2021-01-23T15:00:19+00:00","article_modified_time":"2021-06-01T15:00:22+00:00","og_image":[{"width":1200,"height":800,"url":"https:\/\/www.milar.es\/blog\/wp-content\/uploads\/2021\/05\/nuevas-afeitadoras-philips.jpg","type":"image\/jpeg"}],"author":"Milar","twitter_card":"summary_large_image","twitter_misc":{"Escrito por":"Milar","Tiempo de lectura":"6 minutos"},"schema":{"@context":"https:\/\/schema.org","@graph":[{"@type":"Article","@id":"https:\/\/www.milar.es\/blog\/nuevas-afeitadoras-philips-guia-de-compra\/#article","isPartOf":{"@id":"https:\/\/www.milar.es\/blog\/nuevas-afeitadoras-philips-guia-de-compra\/"},"author":{"name":"Milar","@id":"https:\/\/www.milar.es\/blog\/#\/schema\/person\/a63c4965e2d32a22be88aabb90c4f11f"},"headline":"Nuevas afeitadoras Philips de 2021, gu\u00eda de compra","datePublished":"2021-01-23T15:00:19+00:00","dateModified":"2021-06-01T15:00:22+00:00","mainEntityOfPage":{"@id":"https:\/\/www.milar.es\/blog\/nuevas-afeitadoras-philips-guia-de-compra\/"},"wordCount":1111,"image":{"@id":"https:\/\/www.milar.es\/blog\/nuevas-afeitadoras-philips-guia-de-compra\/#primaryimage"},"thumbnailUrl":"https:\/\/www.milar.es\/blog\/wp-content\/uploads\/2021\/05\/nuevas-afeitadoras-philips.jpg","articleSection":["Afeitado y depilaci\u00f3n","Novedades"],"inLanguage":"es"},{"@type":"WebPage","@id":"https:\/\/www.milar.es\/blog\/nuevas-afeitadoras-philips-guia-de-compra\/","url":"https:\/\/www.milar.es\/blog\/nuevas-afeitadoras-philips-guia-de-compra\/","name":"Nuevas afeitadoras Philips de 2021, gu\u00eda de compra - Milar Tendencias de electrodom\u00e9sticos","isPartOf":{"@id":"https:\/\/www.milar.es\/blog\/#website"},"primaryImageOfPage":{"@id":"https:\/\/www.milar.es\/blog\/nuevas-afeitadoras-philips-guia-de-compra\/#primaryimage"},"image":{"@id":"https:\/\/www.milar.es\/blog\/nuevas-afeitadoras-philips-guia-de-compra\/#primaryimage"},"thumbnailUrl":"https:\/\/www.milar.es\/blog\/wp-content\/uploads\/2021\/05\/nuevas-afeitadoras-philips.jpg","datePublished":"2021-01-23T15:00:19+00:00","dateModified":"2021-06-01T15:00:22+00:00","author":{"@id":"https:\/\/www.milar.es\/blog\/#\/schema\/person\/a63c4965e2d32a22be88aabb90c4f11f"},"description":"Recorta todo tipo de vello con las nuevas afeitadoras Philips. Toma nota y escoge el modelo que m\u00e1s se adapta a ti al mejor precio, en Milar.","breadcrumb":{"@id":"https:\/\/www.milar.es\/blog\/nuevas-afeitadoras-philips-guia-de-compra\/#breadcrumb"},"inLanguage":"es","potentialAction":[{"@type":"ReadAction","target":["https:\/\/www.milar.es\/blog\/nuevas-afeitadoras-philips-guia-de-compra\/"]}]},{"@type":"ImageObject","inLanguage":"es","@id":"https:\/\/www.milar.es\/blog\/nuevas-afeitadoras-philips-guia-de-compra\/#primaryimage","url":"https:\/\/www.milar.es\/blog\/wp-content\/uploads\/2021\/05\/nuevas-afeitadoras-philips.jpg","contentUrl":"https:\/\/www.milar.es\/blog\/wp-content\/uploads\/2021\/05\/nuevas-afeitadoras-philips.jpg","width":1200,"height":800,"caption":"nuevas afeitadoras philips"},{"@type":"BreadcrumbList","@id":"https:\/\/www.milar.es\/blog\/nuevas-afeitadoras-philips-guia-de-compra\/#breadcrumb","itemListElement":[{"@type":"ListItem","position":1,"name":"Home","item":"https:\/\/www.milar.es\/blog\/"},{"@type":"ListItem","position":2,"name":"Nuevas afeitadoras Philips de 2021, gu\u00eda de compra"}]},{"@type":"WebSite","@id":"https:\/\/www.milar.es\/blog\/#website","url":"https:\/\/www.milar.es\/blog\/","name":"Milar Tendencias de electrodom\u00e9sticos","description":"","potentialAction":[{"@type":"SearchAction","target":{"@type":"EntryPoint","urlTemplate":"https:\/\/www.milar.es\/blog\/?s={search_term_string}"},"query-input":{"@type":"PropertyValueSpecification","valueRequired":true,"valueName":"search_term_string"}}],"inLanguage":"es"},{"@type":"Person","@id":"https:\/\/www.milar.es\/blog\/#\/schema\/person\/a63c4965e2d32a22be88aabb90c4f11f","name":"Milar","image":{"@type":"ImageObject","inLanguage":"es","@id":"https:\/\/secure.gravatar.com\/avatar\/1ff5211459d04644acdbe2d949c2a8626dc0f1e355d4830331235d147f36505a?s=96&d=mm&r=g","url":"https:\/\/secure.gravatar.com\/avatar\/1ff5211459d04644acdbe2d949c2a8626dc0f1e355d4830331235d147f36505a?s=96&d=mm&r=g","contentUrl":"https:\/\/secure.gravatar.com\/avatar\/1ff5211459d04644acdbe2d949c2a8626dc0f1e355d4830331235d147f36505a?s=96&d=mm&r=g","caption":"Milar"}}]}},"_links":{"self":[{"href":"https:\/\/www.milar.es\/blog\/wp-json\/wp\/v2\/posts\/7529","targetHints":{"allow":["GET"]}}],"collection":[{"href":"https:\/\/www.milar.es\/blog\/wp-json\/wp\/v2\/posts"}],"about":[{"href":"https:\/\/www.milar.es\/blog\/wp-json\/wp\/v2\/types\/post"}],"author":[{"embeddable":true,"href":"https:\/\/www.milar.es\/blog\/wp-json\/wp\/v2\/users\/1"}],"replies":[{"embeddable":true,"href":"https:\/\/www.milar.es\/blog\/wp-json\/wp\/v2\/comments?post=7529"}],"version-history":[{"count":25,"href":"https:\/\/www.milar.es\/blog\/wp-json\/wp\/v2\/posts\/7529\/revisions"}],"predecessor-version":[{"id":7737,"href":"https:\/\/www.milar.es\/blog\/wp-json\/wp\/v2\/posts\/7529\/revisions\/7737"}],"wp:featuredmedia":[{"embeddable":true,"href":"https:\/\/www.milar.es\/blog\/wp-json\/wp\/v2\/media\/7531"}],"wp:attachment":[{"href":"https:\/\/www.milar.es\/blog\/wp-json\/wp\/v2\/media?parent=7529"}],"wp:term":[{"taxonomy":"category","embeddable":true,"href":"https:\/\/www.milar.es\/blog\/wp-json\/wp\/v2\/categories?post=7529"},{"taxonomy":"post_tag","embeddable":true,"href":"https:\/\/www.milar.es\/blog\/wp-json\/wp\/v2\/tags?post=7529"}],"curies":[{"name":"wp","href":"https:\/\/api.w.org\/{rel}","templated":true}]}}