{"id":7109,"date":"2021-01-06T21:00:00","date_gmt":"2021-01-06T21:00:00","guid":{"rendered":"https:\/\/www.milar.es\/blog\/?p=7109"},"modified":"2024-07-08T11:30:21","modified_gmt":"2024-07-08T11:30:21","slug":"nuevos-altavoces-sony-guia-de-compra","status":"publish","type":"post","link":"https:\/\/www.milar.es\/blog\/nuevos-altavoces-sony-guia-de-compra\/","title":{"rendered":"Nuevos altavoces Sony, gu\u00eda de compra"},"content":{"rendered":"\n<p>\u00bfBuscas un <strong><a href=\"https:\/\/www.milar.es\/blog\/accesorios-de-musica-los-indispensables\/\">accesorio de m\u00fasica<\/a><\/strong> que te proporcione un sonido envolvente incre\u00edble? Los <strong><a href=\"https:\/\/www.milar.es\/blog\/nuevos-altavoces-de-2021-todo-lo-que-necesitas-saber\/\">nuevos altavoces<\/a> <a href=\"https:\/\/www.milar.es\/sony.html\" target=\"_blank\" rel=\"noreferrer noopener\">Sony<\/a><\/strong> cuentan con una gran variedad de&nbsp;<strong>funcionalidades<\/strong>&nbsp;y&nbsp;<strong>caracter\u00edsticas&nbsp;<\/strong>que estamos seguros de que te van a conquistar. En este art\u00edculo de&nbsp;<strong><a href=\"https:\/\/www.milar.es\/\" target=\"_blank\" rel=\"noreferrer noopener\">Milar<\/a>&nbsp;<\/strong>te mostramos todo sobre los&nbsp;<strong>nuevos altavoces Sony<\/strong>, empezando por su incre\u00edble relaci\u00f3n&nbsp;<strong>calidad-precio<\/strong>&nbsp;y siguiendo por un&nbsp;<strong>dise\u00f1o&nbsp;<\/strong>muy vers\u00e1til.<\/p>\n\n\n<div class=\"wp-block-image\">\n<figure class=\"aligncenter size-large\"><img loading=\"lazy\" decoding=\"async\" width=\"700\" height=\"467\" src=\"https:\/\/www.milar.es\/blog\/wp-content\/uploads\/2021\/11\/nuevos-altavoces-sony-700x467.jpg\" alt=\"nuevos altavoces sony\" class=\"wp-image-11067\" srcset=\"https:\/\/www.milar.es\/blog\/wp-content\/uploads\/2021\/11\/nuevos-altavoces-sony-700x467.jpg 700w, https:\/\/www.milar.es\/blog\/wp-content\/uploads\/2021\/11\/nuevos-altavoces-sony-250x167.jpg 250w, https:\/\/www.milar.es\/blog\/wp-content\/uploads\/2021\/11\/nuevos-altavoces-sony-768x512.jpg 768w, https:\/\/www.milar.es\/blog\/wp-content\/uploads\/2021\/11\/nuevos-altavoces-sony-120x80.jpg 120w, https:\/\/www.milar.es\/blog\/wp-content\/uploads\/2021\/11\/nuevos-altavoces-sony.jpg 1200w\" sizes=\"auto, (max-width: 700px) 100vw, 700px\" \/><\/figure>\n<\/div>\n\n\n<h2 class=\"wp-block-heading has-text-align-center\">Comparativa de nuevos modelos de  altavoces <\/h2>\n\n\n\n<p>En&nbsp;<strong>Milar<\/strong>&nbsp;recomendamos este <strong><a href=\"https:\/\/www.milar.es\/altavoz-sony-srs-xb12r-16-h.html\" target=\"_blank\" rel=\"noreferrer noopener\">altavoz Sony SRS-XB12R con 16 horas de autonom\u00eda<\/a><\/strong>. Con este modelo <strong>Sony <\/strong>conseguiremos un <strong>sonido muy potente y con su c\u00f3moda correa<\/strong> podr\u00e1s llevar muy f\u00e1cilmente el aparato a cualquier lugar. Adem\u00e1s, gracias a su funcionalidad <strong>Party Connect <\/strong>podr\u00e1s conectar hasta 100 altavoces compatibles. \u00a1Podr\u00e1s sincronizar la m\u00fasica y escuchar una canci\u00f3n de habitaci\u00f3n en habitaci\u00f3n!<\/p>\n\n\n<div class=\"wp-block-image\">\n<figure class=\"aligncenter size-large\"><a href=\"https:\/\/www.milar.es\/altavoz-sony-srs-xb12r-16-h.html\"><img loading=\"lazy\" decoding=\"async\" width=\"700\" height=\"256\" src=\"https:\/\/www.milar.es\/blog\/wp-content\/uploads\/2021\/11\/altavoz-sony-srs-xb12r-16-h-700x256.jpg\" alt=\"Altavoz Sony SRS-XB12R 16 h\" class=\"wp-image-11069\" srcset=\"https:\/\/www.milar.es\/blog\/wp-content\/uploads\/2021\/11\/altavoz-sony-srs-xb12r-16-h-700x256.jpg 700w, https:\/\/www.milar.es\/blog\/wp-content\/uploads\/2021\/11\/altavoz-sony-srs-xb12r-16-h-250x91.jpg 250w, https:\/\/www.milar.es\/blog\/wp-content\/uploads\/2021\/11\/altavoz-sony-srs-xb12r-16-h-768x281.jpg 768w, https:\/\/www.milar.es\/blog\/wp-content\/uploads\/2021\/11\/altavoz-sony-srs-xb12r-16-h-120x44.jpg 120w, https:\/\/www.milar.es\/blog\/wp-content\/uploads\/2021\/11\/altavoz-sony-srs-xb12r-16-h.jpg 1200w\" sizes=\"auto, (max-width: 700px) 100vw, 700px\" \/><\/a><\/figure>\n<\/div>\n\n\n<p>Un modelo de calidad es este <strong><a href=\"https:\/\/www.milar.es\/altavoz-sony-srs-xb13c.html\">altavoz Sony SRS XB13C 16 h<\/a><\/strong> disponible en color gris. Este altavoz destaca por su durabilidad y seguridad, pues es <strong>resistente al agua<\/strong> y al <strong>polvo<\/strong>. \u00bfQuieres saber m\u00e1s? Se trata de un modelo ligero, que podr\u00e1s llevar a todas partes sin problema alguno. Adem\u00e1s tiene una <strong>distancia m\u00e1xima de funcionamiento de 10 metros<\/strong>.<\/p>\n\n\n<div class=\"wp-block-image\">\n<figure class=\"aligncenter size-large\"><a href=\"https:\/\/www.milar.es\/altavoz-sony-srs-xb13c.html\"><img loading=\"lazy\" decoding=\"async\" width=\"700\" height=\"256\" src=\"https:\/\/www.milar.es\/blog\/wp-content\/uploads\/2021\/11\/altavoz-sony-srs-xb13c-16-h-700x256.jpg\" alt=\"Altavoz Sony SRS XB13C 16 h\" class=\"wp-image-11070\" srcset=\"https:\/\/www.milar.es\/blog\/wp-content\/uploads\/2021\/11\/altavoz-sony-srs-xb13c-16-h-700x256.jpg 700w, https:\/\/www.milar.es\/blog\/wp-content\/uploads\/2021\/11\/altavoz-sony-srs-xb13c-16-h-250x91.jpg 250w, https:\/\/www.milar.es\/blog\/wp-content\/uploads\/2021\/11\/altavoz-sony-srs-xb13c-16-h-768x281.jpg 768w, https:\/\/www.milar.es\/blog\/wp-content\/uploads\/2021\/11\/altavoz-sony-srs-xb13c-16-h-120x44.jpg 120w, https:\/\/www.milar.es\/blog\/wp-content\/uploads\/2021\/11\/altavoz-sony-srs-xb13c-16-h.jpg 1200w\" sizes=\"auto, (max-width: 700px) 100vw, 700px\" \/><\/a><\/figure>\n<\/div>\n\n\n<p>Por otro lado, un modelo de la misma marca, con mayor autonom\u00eda de 12 horas, es este <strong><a href=\"https:\/\/www.milar.es\/altavoz-sony-srs-xb23l-12-h.html\">altavoz Sony SRS-XB23L 12 h <\/a><\/strong>. Este dise\u00f1o es muy vers\u00e1til y podr\u00e1s colocarlo tanto de <strong>manera horizontal<\/strong> como de <strong>manera vertical<\/strong>, \u00a1t\u00fa decides! Adem\u00e1s, gracias a este <strong>altavoz Sony de color azul<\/strong> y sus radiadores pasivos laterales, conseguir\u00e1s reproducir un sonido de graves mucho m\u00e1s claro que en otros altavoces. <\/p>\n\n\n<div class=\"wp-block-image\">\n<figure class=\"aligncenter size-large\"><a href=\"https:\/\/www.milar.es\/altavoz-sony-srs-xb23l-12-h.html\"><img loading=\"lazy\" decoding=\"async\" width=\"700\" height=\"256\" src=\"https:\/\/www.milar.es\/blog\/wp-content\/uploads\/2021\/11\/altavoz-sony-srs-xb23l-12-h-700x256.jpg\" alt=\"Altavoz Sony SRS-XB23L 12 h\" class=\"wp-image-11071\" srcset=\"https:\/\/www.milar.es\/blog\/wp-content\/uploads\/2021\/11\/altavoz-sony-srs-xb23l-12-h-700x256.jpg 700w, https:\/\/www.milar.es\/blog\/wp-content\/uploads\/2021\/11\/altavoz-sony-srs-xb23l-12-h-250x91.jpg 250w, https:\/\/www.milar.es\/blog\/wp-content\/uploads\/2021\/11\/altavoz-sony-srs-xb23l-12-h-768x281.jpg 768w, https:\/\/www.milar.es\/blog\/wp-content\/uploads\/2021\/11\/altavoz-sony-srs-xb23l-12-h-120x44.jpg 120w, https:\/\/www.milar.es\/blog\/wp-content\/uploads\/2021\/11\/altavoz-sony-srs-xb23l-12-h.jpg 1200w\" sizes=\"auto, (max-width: 700px) 100vw, 700px\" \/><\/a><\/figure>\n<\/div>\n\n\n<h2 class=\"wp-block-heading has-text-align-center\">Prestaciones de los nuevos altavoces Sony<\/h2>\n\n\n\n<p>Quiz\u00e1s te est\u00e9s preguntando que tipo de&nbsp;<strong>altavoz Sony <\/strong>es mejor. No existe una respuesta concreta, pues depender\u00e1 de tus preferencias en cuanto al&nbsp;<strong>dise\u00f1o<\/strong>&nbsp;y al tipo de&nbsp;<strong>conectividad<\/strong>&nbsp;que deseas que tenga tu<strong>&nbsp;nuevo altavoz Sony<\/strong>.<\/p>\n\n\n\n<p>As\u00ed, existe una gran variedad de&nbsp;<strong>altavoces Sony <\/strong>en el mercado. Los&nbsp;<strong>altavoces con Bluetooth<\/strong> son uno de los modelos m\u00e1s demandados, pues conseguir\u00e1s una gran apreciaci\u00f3n de todas las melod\u00edas. Dentro de la conectividad de nuestro <strong>altavoz Sony con Bluetooth<\/strong> es importante que admita varios dispositivos enlazados al mismo tiempo. <\/p>\n\n\n\n<p>Si lo que prefieres es un <strong>altavoz Sony con wifi<\/strong>, deciros que son muy punteros. En estos aparatos adem\u00e1s del sonido, tambi\u00e9n se intercambian otro tipo de datos que convierten los altavoces en un<strong> aparato multifuncional<\/strong>. Con los <strong>altavoces inteligentes de<\/strong> <strong>Sony<\/strong> podremos convertir los aparatos de m\u00fasica en un asistente para tu d\u00eda a d\u00eda. Realiza llamadas gracias al <strong>manos libres<\/strong>, con\u00e9ctate a <strong>Spotify<\/strong> y realiza funciones variadas gracias a su conectividad con asistentes de voz<strong>&nbsp;<\/strong>como Google o Amazon Alexa. \u00bfA qu\u00e9 suena genial? <\/p>\n\n\n\n<h3 class=\"wp-block-heading has-text-align-center\">\u00bfSon los altavoces Sony inteligentes?<\/h3>\n\n\n\n<p>Tambi\u00e9n podemos encontrar <strong>altavoces Sony Hi-Fi<\/strong>. Conocidos como <strong>altavoces de estanter\u00eda<\/strong>, este aparato es incorpora dise\u00f1os muy sofisticados. Adem\u00e1s, con el sonido de estos altavoces conseguir\u00e1s sonidos muy claros y sin ning\u00fan tipo de distorsi\u00f3n.<\/p>\n\n\n\n<p>Otra de las caracter\u00edsticas que hay que fijarse a la hora de comprar un altavoz Sony es su&nbsp;<strong>autonom\u00eda<\/strong>, pues necesitamos un modelo que aguante durante todo el d\u00eda sin necesidad de estar llevando nuestro cargador a todas partes. Por suerte, con los&nbsp;<strong>nuevos altavoces  <\/strong>cuentan con una gran durabilidad en su&nbsp;<strong>bater\u00eda<\/strong>.<\/p>\n\n\n\n<p>Entre las funcionalidades m\u00e1s innovadoras de los<strong> altavoces Sony <\/strong>se encuentra el <strong>extra bass<\/strong>. \u00bfEn qu\u00e9 consiste? Estos altavoces hacen uso de una tecnolog\u00eda de refuerzo de graves, para reproducir el audio con voces n\u00edtidas y bajos muy din\u00e1micos. <\/p>\n\n\n\n<p>\u00bfQui\u00e9n dijo que un<strong> altavoz Sony peque\u00f1o<\/strong> no ten\u00eda por qu\u00e9 ser potente? Los <strong>nuevos altavoces Sony<\/strong> incorporan <strong>potencias <\/strong>con las que conseguir\u00e1s un sonido amplificado y de calidad en cada canci\u00f3n. En&nbsp;<strong>Milar&nbsp;<\/strong>contamos con <strong>altavoces Sony de 3 <\/strong>e incluso <strong>altavoces Sony<\/strong> de m\u00e1s de <strong>100 W<\/strong>. Depender\u00e1 de tus necesidades como usuario el elegir una mayor potencia en tu <strong>altavoz Sony <\/strong>o una menor potencia. <\/p>\n\n\n\n<p>Sea cual sea tu necesidad, podr\u00e1s adquirir tu\u00a0<strong><a href=\"https:\/\/www.milar.es\/blog\/altavoz-amplificado-guia-definitiva-para-conseguir-una-gran-calidad-de-sonido\/\">altavoz amplificado<\/a> Sony<\/strong>\u00a0en\u00a0<strong>Milar\u00a0<\/strong>por lo que estate muy atento a todas nuestras ofertas.<\/p>\n\n\n\n<p>Ahora que ya conoces algunos de los modelos de los&nbsp;<strong>nuevos altavoces de Sony<\/strong>, \u00bfa qu\u00e9 esperas para hacerte con unos? En&nbsp;<strong>Milar&nbsp;<\/strong>puedes hacerte con los<strong>&nbsp;altavoces Sony <\/strong>que m\u00e1s se ajustan a tus necesidades, siempre con las mejores prestaciones y precio.<\/p>\n\n\n\n<p>Esperamos haberos resuelto todas vuestras dudas despu\u00e9s de leer esta&nbsp;<strong>review<\/strong>&nbsp;sobre&nbsp;<strong>nuevos altavoces Sony<\/strong>. Os recomendamos, adem\u00e1s, estos art\u00edculos relacionados que pueden ser de vuestro inter\u00e9s:<\/p>\n\n\n\n<p><strong><a href=\"https:\/\/www.milar.es\/blog\/altavoces-inalambricos-transportarlos-sin-problemas\/\" target=\"_blank\" rel=\"noreferrer noopener\">Altavoces inal\u00e1mbricos para transportarlos sin problemas<\/a><\/strong><\/p>\n\n\n\n<p><a href=\"https:\/\/www.milar.es\/blog\/altavoz-con-microfono-lo-mas-nuevo-para-montar-las-mejores-fiestas\/\"><strong>Altavoz con micr\u00f3fono: lo m\u00e1s nuevo para montar las mejores fiestas<\/strong><\/a><\/p>\n","protected":false},"excerpt":{"rendered":"\u00bfBuscas un accesorio de m\u00fasica que te proporcione un sonido envolvente incre\u00edble? Los nuevos altavoces Sony cuentan con una gran variedad de&nbsp;funcionalidades&nbsp;y&nbsp;caracter\u00edsticas&nbsp;que estamos seguros de que te van a conquistar. En este art\u00edculo de&nbsp;Milar&nbsp;te mostramos todo sobre los&nbsp;nuevos altavoces Sony, empezando por su incre\u00edble relaci\u00f3n&nbsp;calidad-precio&nbsp;y siguiendo por un&nbsp;dise\u00f1o&nbsp;muy vers\u00e1til. Comparativa&#8230; <a class=\"view-article\" href=\"https:\/\/www.milar.es\/blog\/nuevos-altavoces-sony-guia-de-compra\/\">Ver art\u00edculo<\/a>","protected":false},"author":1,"featured_media":11067,"comment_status":"closed","ping_status":"closed","sticky":false,"template":"","format":"standard","meta":{"footnotes":""},"categories":[7,38],"tags":[],"class_list":["post-7109","post","type-post","status-publish","format-standard","has-post-thumbnail","hentry","category-imagen-y-sonido","category-novedades"],"yoast_head":"<!-- This site is optimized with the Yoast SEO plugin v27.5 - https:\/\/yoast.com\/product\/yoast-seo-wordpress\/ -->\n<title>Nuevos altavoces Sony, gu\u00eda de compra - Milar Tendencias de electrodom\u00e9sticos<\/title>\n<meta name=\"description\" content=\"Conoce todas las caracter\u00edsticas de los nuevos altavoces Sony y cons\u00edguelos al mejor precio, con una gran calidad y acabados, solo en Milar.\" \/>\n<meta name=\"robots\" content=\"index, follow, max-snippet:-1, max-image-preview:large, max-video-preview:-1\" \/>\n<link rel=\"canonical\" href=\"https:\/\/www.milar.es\/blog\/nuevos-altavoces-sony-guia-de-compra\/\" \/>\n<meta property=\"og:locale\" content=\"es_ES\" \/>\n<meta property=\"og:type\" content=\"article\" \/>\n<meta property=\"og:title\" content=\"Nuevos altavoces Sony, gu\u00eda de compra - Milar Tendencias de electrodom\u00e9sticos\" \/>\n<meta property=\"og:description\" content=\"Conoce todas las caracter\u00edsticas de los nuevos altavoces Sony y cons\u00edguelos al mejor precio, con una gran calidad y acabados, solo en Milar.\" \/>\n<meta property=\"og:url\" content=\"https:\/\/www.milar.es\/blog\/nuevos-altavoces-sony-guia-de-compra\/\" \/>\n<meta property=\"og:site_name\" content=\"Milar Tendencias de electrodom\u00e9sticos\" \/>\n<meta property=\"article:published_time\" content=\"2021-01-06T21:00:00+00:00\" \/>\n<meta property=\"article:modified_time\" content=\"2024-07-08T11:30:21+00:00\" \/>\n<meta property=\"og:image\" content=\"https:\/\/www.milar.es\/blog\/wp-content\/uploads\/2021\/11\/nuevos-altavoces-sony.jpg\" \/>\n\t<meta property=\"og:image:width\" content=\"1200\" \/>\n\t<meta property=\"og:image:height\" content=\"800\" \/>\n\t<meta property=\"og:image:type\" content=\"image\/jpeg\" \/>\n<meta name=\"author\" content=\"Milar\" \/>\n<meta name=\"twitter:card\" content=\"summary_large_image\" \/>\n<meta name=\"twitter:label1\" content=\"Escrito por\" \/>\n\t<meta name=\"twitter:data1\" content=\"Milar\" \/>\n\t<meta name=\"twitter:label2\" content=\"Tiempo de lectura\" \/>\n\t<meta name=\"twitter:data2\" content=\"5 minutos\" \/>\n<script type=\"application\/ld+json\" class=\"yoast-schema-graph\">{\"@context\":\"https:\\\/\\\/schema.org\",\"@graph\":[{\"@type\":\"Article\",\"@id\":\"https:\\\/\\\/www.milar.es\\\/blog\\\/nuevos-altavoces-sony-guia-de-compra\\\/#article\",\"isPartOf\":{\"@id\":\"https:\\\/\\\/www.milar.es\\\/blog\\\/nuevos-altavoces-sony-guia-de-compra\\\/\"},\"author\":{\"name\":\"Milar\",\"@id\":\"https:\\\/\\\/www.milar.es\\\/blog\\\/#\\\/schema\\\/person\\\/a63c4965e2d32a22be88aabb90c4f11f\"},\"headline\":\"Nuevos altavoces Sony, gu\u00eda de compra\",\"datePublished\":\"2021-01-06T21:00:00+00:00\",\"dateModified\":\"2024-07-08T11:30:21+00:00\",\"mainEntityOfPage\":{\"@id\":\"https:\\\/\\\/www.milar.es\\\/blog\\\/nuevos-altavoces-sony-guia-de-compra\\\/\"},\"wordCount\":853,\"image\":{\"@id\":\"https:\\\/\\\/www.milar.es\\\/blog\\\/nuevos-altavoces-sony-guia-de-compra\\\/#primaryimage\"},\"thumbnailUrl\":\"https:\\\/\\\/www.milar.es\\\/blog\\\/wp-content\\\/uploads\\\/2021\\\/11\\\/nuevos-altavoces-sony.jpg\",\"articleSection\":[\"Imagen y sonido\",\"Novedades\"],\"inLanguage\":\"es\"},{\"@type\":\"WebPage\",\"@id\":\"https:\\\/\\\/www.milar.es\\\/blog\\\/nuevos-altavoces-sony-guia-de-compra\\\/\",\"url\":\"https:\\\/\\\/www.milar.es\\\/blog\\\/nuevos-altavoces-sony-guia-de-compra\\\/\",\"name\":\"Nuevos altavoces Sony, gu\u00eda de compra - Milar Tendencias de electrodom\u00e9sticos\",\"isPartOf\":{\"@id\":\"https:\\\/\\\/www.milar.es\\\/blog\\\/#website\"},\"primaryImageOfPage\":{\"@id\":\"https:\\\/\\\/www.milar.es\\\/blog\\\/nuevos-altavoces-sony-guia-de-compra\\\/#primaryimage\"},\"image\":{\"@id\":\"https:\\\/\\\/www.milar.es\\\/blog\\\/nuevos-altavoces-sony-guia-de-compra\\\/#primaryimage\"},\"thumbnailUrl\":\"https:\\\/\\\/www.milar.es\\\/blog\\\/wp-content\\\/uploads\\\/2021\\\/11\\\/nuevos-altavoces-sony.jpg\",\"datePublished\":\"2021-01-06T21:00:00+00:00\",\"dateModified\":\"2024-07-08T11:30:21+00:00\",\"author\":{\"@id\":\"https:\\\/\\\/www.milar.es\\\/blog\\\/#\\\/schema\\\/person\\\/a63c4965e2d32a22be88aabb90c4f11f\"},\"description\":\"Conoce todas las caracter\u00edsticas de los nuevos altavoces Sony y cons\u00edguelos al mejor precio, con una gran calidad y acabados, solo en Milar.\",\"breadcrumb\":{\"@id\":\"https:\\\/\\\/www.milar.es\\\/blog\\\/nuevos-altavoces-sony-guia-de-compra\\\/#breadcrumb\"},\"inLanguage\":\"es\",\"potentialAction\":[{\"@type\":\"ReadAction\",\"target\":[\"https:\\\/\\\/www.milar.es\\\/blog\\\/nuevos-altavoces-sony-guia-de-compra\\\/\"]}]},{\"@type\":\"ImageObject\",\"inLanguage\":\"es\",\"@id\":\"https:\\\/\\\/www.milar.es\\\/blog\\\/nuevos-altavoces-sony-guia-de-compra\\\/#primaryimage\",\"url\":\"https:\\\/\\\/www.milar.es\\\/blog\\\/wp-content\\\/uploads\\\/2021\\\/11\\\/nuevos-altavoces-sony.jpg\",\"contentUrl\":\"https:\\\/\\\/www.milar.es\\\/blog\\\/wp-content\\\/uploads\\\/2021\\\/11\\\/nuevos-altavoces-sony.jpg\",\"width\":1200,\"height\":800,\"caption\":\"nuevos altavoces sony\"},{\"@type\":\"BreadcrumbList\",\"@id\":\"https:\\\/\\\/www.milar.es\\\/blog\\\/nuevos-altavoces-sony-guia-de-compra\\\/#breadcrumb\",\"itemListElement\":[{\"@type\":\"ListItem\",\"position\":1,\"name\":\"Home\",\"item\":\"https:\\\/\\\/www.milar.es\\\/blog\\\/\"},{\"@type\":\"ListItem\",\"position\":2,\"name\":\"Nuevos altavoces Sony, gu\u00eda de compra\"}]},{\"@type\":\"WebSite\",\"@id\":\"https:\\\/\\\/www.milar.es\\\/blog\\\/#website\",\"url\":\"https:\\\/\\\/www.milar.es\\\/blog\\\/\",\"name\":\"Milar Tendencias de electrodom\u00e9sticos\",\"description\":\"\",\"potentialAction\":[{\"@type\":\"SearchAction\",\"target\":{\"@type\":\"EntryPoint\",\"urlTemplate\":\"https:\\\/\\\/www.milar.es\\\/blog\\\/?s={search_term_string}\"},\"query-input\":{\"@type\":\"PropertyValueSpecification\",\"valueRequired\":true,\"valueName\":\"search_term_string\"}}],\"inLanguage\":\"es\"},{\"@type\":\"Person\",\"@id\":\"https:\\\/\\\/www.milar.es\\\/blog\\\/#\\\/schema\\\/person\\\/a63c4965e2d32a22be88aabb90c4f11f\",\"name\":\"Milar\",\"image\":{\"@type\":\"ImageObject\",\"inLanguage\":\"es\",\"@id\":\"https:\\\/\\\/secure.gravatar.com\\\/avatar\\\/1ff5211459d04644acdbe2d949c2a8626dc0f1e355d4830331235d147f36505a?s=96&d=mm&r=g\",\"url\":\"https:\\\/\\\/secure.gravatar.com\\\/avatar\\\/1ff5211459d04644acdbe2d949c2a8626dc0f1e355d4830331235d147f36505a?s=96&d=mm&r=g\",\"contentUrl\":\"https:\\\/\\\/secure.gravatar.com\\\/avatar\\\/1ff5211459d04644acdbe2d949c2a8626dc0f1e355d4830331235d147f36505a?s=96&d=mm&r=g\",\"caption\":\"Milar\"}}]}<\/script>\n<!-- \/ Yoast SEO plugin. -->","yoast_head_json":{"title":"Nuevos altavoces Sony, gu\u00eda de compra - Milar Tendencias de electrodom\u00e9sticos","description":"Conoce todas las caracter\u00edsticas de los nuevos altavoces Sony y cons\u00edguelos al mejor precio, con una gran calidad y acabados, solo en Milar.","robots":{"index":"index","follow":"follow","max-snippet":"max-snippet:-1","max-image-preview":"max-image-preview:large","max-video-preview":"max-video-preview:-1"},"canonical":"https:\/\/www.milar.es\/blog\/nuevos-altavoces-sony-guia-de-compra\/","og_locale":"es_ES","og_type":"article","og_title":"Nuevos altavoces Sony, gu\u00eda de compra - Milar Tendencias de electrodom\u00e9sticos","og_description":"Conoce todas las caracter\u00edsticas de los nuevos altavoces Sony y cons\u00edguelos al mejor precio, con una gran calidad y acabados, solo en Milar.","og_url":"https:\/\/www.milar.es\/blog\/nuevos-altavoces-sony-guia-de-compra\/","og_site_name":"Milar Tendencias de electrodom\u00e9sticos","article_published_time":"2021-01-06T21:00:00+00:00","article_modified_time":"2024-07-08T11:30:21+00:00","og_image":[{"width":1200,"height":800,"url":"https:\/\/www.milar.es\/blog\/wp-content\/uploads\/2021\/11\/nuevos-altavoces-sony.jpg","type":"image\/jpeg"}],"author":"Milar","twitter_card":"summary_large_image","twitter_misc":{"Escrito por":"Milar","Tiempo de lectura":"5 minutos"},"schema":{"@context":"https:\/\/schema.org","@graph":[{"@type":"Article","@id":"https:\/\/www.milar.es\/blog\/nuevos-altavoces-sony-guia-de-compra\/#article","isPartOf":{"@id":"https:\/\/www.milar.es\/blog\/nuevos-altavoces-sony-guia-de-compra\/"},"author":{"name":"Milar","@id":"https:\/\/www.milar.es\/blog\/#\/schema\/person\/a63c4965e2d32a22be88aabb90c4f11f"},"headline":"Nuevos altavoces Sony, gu\u00eda de compra","datePublished":"2021-01-06T21:00:00+00:00","dateModified":"2024-07-08T11:30:21+00:00","mainEntityOfPage":{"@id":"https:\/\/www.milar.es\/blog\/nuevos-altavoces-sony-guia-de-compra\/"},"wordCount":853,"image":{"@id":"https:\/\/www.milar.es\/blog\/nuevos-altavoces-sony-guia-de-compra\/#primaryimage"},"thumbnailUrl":"https:\/\/www.milar.es\/blog\/wp-content\/uploads\/2021\/11\/nuevos-altavoces-sony.jpg","articleSection":["Imagen y sonido","Novedades"],"inLanguage":"es"},{"@type":"WebPage","@id":"https:\/\/www.milar.es\/blog\/nuevos-altavoces-sony-guia-de-compra\/","url":"https:\/\/www.milar.es\/blog\/nuevos-altavoces-sony-guia-de-compra\/","name":"Nuevos altavoces Sony, gu\u00eda de compra - Milar Tendencias de electrodom\u00e9sticos","isPartOf":{"@id":"https:\/\/www.milar.es\/blog\/#website"},"primaryImageOfPage":{"@id":"https:\/\/www.milar.es\/blog\/nuevos-altavoces-sony-guia-de-compra\/#primaryimage"},"image":{"@id":"https:\/\/www.milar.es\/blog\/nuevos-altavoces-sony-guia-de-compra\/#primaryimage"},"thumbnailUrl":"https:\/\/www.milar.es\/blog\/wp-content\/uploads\/2021\/11\/nuevos-altavoces-sony.jpg","datePublished":"2021-01-06T21:00:00+00:00","dateModified":"2024-07-08T11:30:21+00:00","author":{"@id":"https:\/\/www.milar.es\/blog\/#\/schema\/person\/a63c4965e2d32a22be88aabb90c4f11f"},"description":"Conoce todas las caracter\u00edsticas de los nuevos altavoces Sony y cons\u00edguelos al mejor precio, con una gran calidad y acabados, solo en Milar.","breadcrumb":{"@id":"https:\/\/www.milar.es\/blog\/nuevos-altavoces-sony-guia-de-compra\/#breadcrumb"},"inLanguage":"es","potentialAction":[{"@type":"ReadAction","target":["https:\/\/www.milar.es\/blog\/nuevos-altavoces-sony-guia-de-compra\/"]}]},{"@type":"ImageObject","inLanguage":"es","@id":"https:\/\/www.milar.es\/blog\/nuevos-altavoces-sony-guia-de-compra\/#primaryimage","url":"https:\/\/www.milar.es\/blog\/wp-content\/uploads\/2021\/11\/nuevos-altavoces-sony.jpg","contentUrl":"https:\/\/www.milar.es\/blog\/wp-content\/uploads\/2021\/11\/nuevos-altavoces-sony.jpg","width":1200,"height":800,"caption":"nuevos altavoces sony"},{"@type":"BreadcrumbList","@id":"https:\/\/www.milar.es\/blog\/nuevos-altavoces-sony-guia-de-compra\/#breadcrumb","itemListElement":[{"@type":"ListItem","position":1,"name":"Home","item":"https:\/\/www.milar.es\/blog\/"},{"@type":"ListItem","position":2,"name":"Nuevos altavoces Sony, gu\u00eda de compra"}]},{"@type":"WebSite","@id":"https:\/\/www.milar.es\/blog\/#website","url":"https:\/\/www.milar.es\/blog\/","name":"Milar Tendencias de electrodom\u00e9sticos","description":"","potentialAction":[{"@type":"SearchAction","target":{"@type":"EntryPoint","urlTemplate":"https:\/\/www.milar.es\/blog\/?s={search_term_string}"},"query-input":{"@type":"PropertyValueSpecification","valueRequired":true,"valueName":"search_term_string"}}],"inLanguage":"es"},{"@type":"Person","@id":"https:\/\/www.milar.es\/blog\/#\/schema\/person\/a63c4965e2d32a22be88aabb90c4f11f","name":"Milar","image":{"@type":"ImageObject","inLanguage":"es","@id":"https:\/\/secure.gravatar.com\/avatar\/1ff5211459d04644acdbe2d949c2a8626dc0f1e355d4830331235d147f36505a?s=96&d=mm&r=g","url":"https:\/\/secure.gravatar.com\/avatar\/1ff5211459d04644acdbe2d949c2a8626dc0f1e355d4830331235d147f36505a?s=96&d=mm&r=g","contentUrl":"https:\/\/secure.gravatar.com\/avatar\/1ff5211459d04644acdbe2d949c2a8626dc0f1e355d4830331235d147f36505a?s=96&d=mm&r=g","caption":"Milar"}}]}},"_links":{"self":[{"href":"https:\/\/www.milar.es\/blog\/wp-json\/wp\/v2\/posts\/7109","targetHints":{"allow":["GET"]}}],"collection":[{"href":"https:\/\/www.milar.es\/blog\/wp-json\/wp\/v2\/posts"}],"about":[{"href":"https:\/\/www.milar.es\/blog\/wp-json\/wp\/v2\/types\/post"}],"author":[{"embeddable":true,"href":"https:\/\/www.milar.es\/blog\/wp-json\/wp\/v2\/users\/1"}],"replies":[{"embeddable":true,"href":"https:\/\/www.milar.es\/blog\/wp-json\/wp\/v2\/comments?post=7109"}],"version-history":[{"count":19,"href":"https:\/\/www.milar.es\/blog\/wp-json\/wp\/v2\/posts\/7109\/revisions"}],"predecessor-version":[{"id":14160,"href":"https:\/\/www.milar.es\/blog\/wp-json\/wp\/v2\/posts\/7109\/revisions\/14160"}],"wp:featuredmedia":[{"embeddable":true,"href":"https:\/\/www.milar.es\/blog\/wp-json\/wp\/v2\/media\/11067"}],"wp:attachment":[{"href":"https:\/\/www.milar.es\/blog\/wp-json\/wp\/v2\/media?parent=7109"}],"wp:term":[{"taxonomy":"category","embeddable":true,"href":"https:\/\/www.milar.es\/blog\/wp-json\/wp\/v2\/categories?post=7109"},{"taxonomy":"post_tag","embeddable":true,"href":"https:\/\/www.milar.es\/blog\/wp-json\/wp\/v2\/tags?post=7109"}],"curies":[{"name":"wp","href":"https:\/\/api.w.org\/{rel}","templated":true}]}}