{"id":7088,"date":"2021-01-06T11:00:00","date_gmt":"2021-01-06T11:00:00","guid":{"rendered":"https:\/\/www.milar.es\/blog\/?p=7088"},"modified":"2025-04-24T07:35:19","modified_gmt":"2025-04-24T07:35:19","slug":"nuevos-altavoces-de-2021-todo-lo-que-necesitas-saber","status":"publish","type":"post","link":"https:\/\/www.milar.es\/blog\/nuevos-altavoces-de-2021-todo-lo-que-necesitas-saber\/","title":{"rendered":"Nuevos altavoces de 2021, todo lo que necesitas saber"},"content":{"rendered":"\n<p>\u00bfEst\u00e1s pensando en comprar un <strong>altavoz<\/strong>? Los <strong>nuevos altavoces <\/strong>del mercado incorporan funciones incre\u00edbles con las que conseguir\u00e1s una experiencia de audio mayor. En este post de <strong><a href=\"https:\/\/www.milar.es\/\" target=\"_blank\" rel=\"noreferrer noopener\">Milar<\/a><\/strong> hemos preparado una gu\u00eda de compra de los <strong>nuevos altavoces<\/strong>, as\u00ed que coge papel y boli para apuntar las caracter\u00edsticas m\u00e1s destacadas de cada modelo. <\/p>\n\n\n<div class=\"wp-block-image\">\n<figure class=\"aligncenter size-large\"><img loading=\"lazy\" decoding=\"async\" width=\"700\" height=\"467\" src=\"https:\/\/www.milar.es\/blog\/wp-content\/uploads\/2021\/11\/nuevos-altavoces-700x467.jpg\" alt=\"\" class=\"wp-image-11259\" srcset=\"https:\/\/www.milar.es\/blog\/wp-content\/uploads\/2021\/11\/nuevos-altavoces-700x467.jpg 700w, https:\/\/www.milar.es\/blog\/wp-content\/uploads\/2021\/11\/nuevos-altavoces-250x167.jpg 250w, https:\/\/www.milar.es\/blog\/wp-content\/uploads\/2021\/11\/nuevos-altavoces-768x512.jpg 768w, https:\/\/www.milar.es\/blog\/wp-content\/uploads\/2021\/11\/nuevos-altavoces-120x80.jpg 120w, https:\/\/www.milar.es\/blog\/wp-content\/uploads\/2021\/11\/nuevos-altavoces.jpg 1200w\" sizes=\"auto, (max-width: 700px) 100vw, 700px\" \/><\/figure>\n<\/div>\n\n\n<h2 class=\"wp-block-heading has-text-align-center\">Comparativa de nuevos altavoces<\/h2>\n\n\n\n<p>En&nbsp;<strong>Milar<\/strong>&nbsp;recomendamos este <strong><a href=\"https:\/\/www.milar.es\/altavoz-sony-srs-xb23l-12-h.html\" target=\"_blank\" rel=\"noreferrer noopener\">altavoz Sony SRS-XB23L de 12 h de autonom\u00eda<\/a><\/strong>. El dise\u00f1o de este <strong>altavoz <a href=\"https:\/\/www.milar.es\/sony.html\" target=\"_blank\" rel=\"noreferrer noopener\">Sony<\/a><\/strong> es muy ligero adem\u00e1s de resistente, pues no se da\u00f1ar\u00e1 si cae agua sobre \u00e9l o si hay polvo en su superficie. \u00bfA qu\u00e9 suena genial? Adem\u00e1s, podr\u00e1s controlar este modelo desde tu m\u00f3vil con la <strong>aplicaci\u00f3n Sony Music Center<\/strong> y elegir la siguiente canci\u00f3n, crear una lista de reproducci\u00f3n e incluso cambiar los modos de sonido. <\/p>\n\n\n<div class=\"wp-block-image\">\n<figure class=\"aligncenter size-large\"><a href=\"https:\/\/www.milar.es\/altavoz-sony-srs-xb23l-12-h.html\"><img loading=\"lazy\" decoding=\"async\" width=\"700\" height=\"256\" src=\"https:\/\/www.milar.es\/blog\/wp-content\/uploads\/2021\/11\/altavoz-sony-srs-xb23l-12-h-1-700x256.jpg\" alt=\"Altavoz Sony SRS-XB23L 12 h\" class=\"wp-image-11260\" srcset=\"https:\/\/www.milar.es\/blog\/wp-content\/uploads\/2021\/11\/altavoz-sony-srs-xb23l-12-h-1-700x256.jpg 700w, https:\/\/www.milar.es\/blog\/wp-content\/uploads\/2021\/11\/altavoz-sony-srs-xb23l-12-h-1-250x91.jpg 250w, https:\/\/www.milar.es\/blog\/wp-content\/uploads\/2021\/11\/altavoz-sony-srs-xb23l-12-h-1-768x281.jpg 768w, https:\/\/www.milar.es\/blog\/wp-content\/uploads\/2021\/11\/altavoz-sony-srs-xb23l-12-h-1-120x44.jpg 120w, https:\/\/www.milar.es\/blog\/wp-content\/uploads\/2021\/11\/altavoz-sony-srs-xb23l-12-h-1.jpg 1200w\" sizes=\"auto, (max-width: 700px) 100vw, 700px\" \/><\/a><\/figure>\n<\/div>\n\n\n<p>Tambi\u00e9n, en&nbsp;<strong>Milar<\/strong>, contamos con modelos de <strong><a href=\"https:\/\/www.milar.es\/blog\/accesorios-de-musica-los-indispensables\/\">accesorios de m\u00fasica<\/a><\/strong> m\u00e1s econ\u00f3micos&nbsp;como este <strong><a href=\"https:\/\/www.milar.es\/altavoz-grundig-glr7746-jam-black-negro.html\" target=\"_blank\" rel=\"noreferrer noopener\">altavoz Grundig GLR7746 JAM BLACK de color negro<\/a><\/strong>. Con una distancia de funcionamiento m\u00e1ximo de <strong>30 metros<\/strong>, este <strong>modelo <a href=\"https:\/\/www.milar.es\/grundig.html\" target=\"_blank\" rel=\"noreferrer noopener\">Grundig<\/a><\/strong> es ideal para transportar a cualquier lugar de la manera m\u00e1s segura pues incorpora una <strong>correa<\/strong>. \u00bfQuieres saber m\u00e1s? Con una sola carga podr\u00e1s usar este altavoz durante m\u00e1s de <strong>20 horas<\/strong>. <\/p>\n\n\n<div class=\"wp-block-image\">\n<figure class=\"aligncenter size-large\"><a href=\"https:\/\/www.milar.es\/altavoz-grundig-glr7746-jam-black-negro.html\"><img loading=\"lazy\" decoding=\"async\" width=\"700\" height=\"256\" src=\"https:\/\/www.milar.es\/blog\/wp-content\/uploads\/2021\/11\/altavoz-grundig-glr7746jam-black-negro-700x256.jpg\" alt=\"Altavoz Grundig GLR7746 JAM BLACK Negro\" class=\"wp-image-11261\" srcset=\"https:\/\/www.milar.es\/blog\/wp-content\/uploads\/2021\/11\/altavoz-grundig-glr7746jam-black-negro-700x256.jpg 700w, https:\/\/www.milar.es\/blog\/wp-content\/uploads\/2021\/11\/altavoz-grundig-glr7746jam-black-negro-250x91.jpg 250w, https:\/\/www.milar.es\/blog\/wp-content\/uploads\/2021\/11\/altavoz-grundig-glr7746jam-black-negro-768x281.jpg 768w, https:\/\/www.milar.es\/blog\/wp-content\/uploads\/2021\/11\/altavoz-grundig-glr7746jam-black-negro-120x44.jpg 120w, https:\/\/www.milar.es\/blog\/wp-content\/uploads\/2021\/11\/altavoz-grundig-glr7746jam-black-negro.jpg 1200w\" sizes=\"auto, (max-width: 700px) 100vw, 700px\" \/><\/a><\/figure>\n<\/div>\n\n\n<p>Una de las marcas por excelencia de sonido, <strong><a href=\"https:\/\/www.milar.es\/samsung.html\" target=\"_blank\" rel=\"noreferrer noopener\">Samsung<\/a><\/strong>, ha desarrollado el&nbsp;<strong><a href=\"https:\/\/www.milar.es\/altavoz-samsung-level-box-slim-red-8.html\" target=\"_blank\" rel=\"noreferrer noopener\">altavoz Samsung LEVEL BOX SLIM RED de 8 W de potencia<\/a><\/strong>. Este modelo incorpora una <strong>autonom\u00eda de 30 horas<\/strong>, por lo que podr\u00e1s usarlo durante un d\u00eda entero sin problema. Adem\u00e1s, tiene cuatro sencillos e intuitivos botones con los que podr\u00e1s realizar<strong> todo tipo de funciones<\/strong> como reproducir la canci\u00f3n, controlar el volumen e incluso rechazar alguna llamada gracias a su <strong>sistema de manos libres<\/strong>. <\/p>\n\n\n<div class=\"wp-block-image\">\n<figure class=\"aligncenter size-large\"><a href=\"https:\/\/www.milar.es\/altavoz-samsung-level-box-slim-red-8.html\"><img loading=\"lazy\" decoding=\"async\" width=\"700\" height=\"256\" src=\"https:\/\/www.milar.es\/blog\/wp-content\/uploads\/2021\/11\/altavoz-samsung-level-box-slim-red-8-700x256.jpg\" alt=\"Altavoz Samsung LEVEL BOX SLIM RED 8 \" class=\"wp-image-11262\" srcset=\"https:\/\/www.milar.es\/blog\/wp-content\/uploads\/2021\/11\/altavoz-samsung-level-box-slim-red-8-700x256.jpg 700w, https:\/\/www.milar.es\/blog\/wp-content\/uploads\/2021\/11\/altavoz-samsung-level-box-slim-red-8-250x91.jpg 250w, https:\/\/www.milar.es\/blog\/wp-content\/uploads\/2021\/11\/altavoz-samsung-level-box-slim-red-8-768x281.jpg 768w, https:\/\/www.milar.es\/blog\/wp-content\/uploads\/2021\/11\/altavoz-samsung-level-box-slim-red-8-120x44.jpg 120w, https:\/\/www.milar.es\/blog\/wp-content\/uploads\/2021\/11\/altavoz-samsung-level-box-slim-red-8.jpg 1200w\" sizes=\"auto, (max-width: 700px) 100vw, 700px\" \/><\/a><\/figure>\n<\/div>\n\n\n<p>Incluso puedes optar por alg\u00fan modelo de altavoz de tipo torre como el <strong><a href=\"https:\/\/www.milar.es\/altavoz-lg-xboom-on5deusllk-500.html\">altavoz LG XBOOM ON5.DEUSLLK 500<\/a><\/strong>. Este <strong>altavoz <a href=\"https:\/\/www.milar.es\/lg.html\">LG<\/a><\/strong> cuenta con <strong>mando a distancia<\/strong>, para poder controlar el aparato sin tener que acercarte a este. Adem\u00e1s de escuchar la m\u00fasica de tu smartphone o tablet incorpora <strong>radio FM.<\/strong> Tambi\u00e9n incorpora la <strong>funci\u00f3n de karaoke<\/strong> \u00a1Con este dispositivo el aburrimiento no es una opci\u00f3n! <\/p>\n\n\n<div class=\"wp-block-image\">\n<figure class=\"aligncenter size-large\"><a href=\"https:\/\/www.milar.es\/altavoz-lg-xboom-on5deusllk-500.html\"><img loading=\"lazy\" decoding=\"async\" width=\"700\" height=\"256\" src=\"https:\/\/www.milar.es\/blog\/wp-content\/uploads\/2021\/11\/altavoz-lg-xboom-on5-deusllk-500-700x256.jpg\" alt=\"Altavoz LG XBOOM ON5.DEUSLLK 500\" class=\"wp-image-11263\" srcset=\"https:\/\/www.milar.es\/blog\/wp-content\/uploads\/2021\/11\/altavoz-lg-xboom-on5-deusllk-500-700x256.jpg 700w, https:\/\/www.milar.es\/blog\/wp-content\/uploads\/2021\/11\/altavoz-lg-xboom-on5-deusllk-500-250x91.jpg 250w, https:\/\/www.milar.es\/blog\/wp-content\/uploads\/2021\/11\/altavoz-lg-xboom-on5-deusllk-500-768x281.jpg 768w, https:\/\/www.milar.es\/blog\/wp-content\/uploads\/2021\/11\/altavoz-lg-xboom-on5-deusllk-500-120x44.jpg 120w, https:\/\/www.milar.es\/blog\/wp-content\/uploads\/2021\/11\/altavoz-lg-xboom-on5-deusllk-500.jpg 1200w\" sizes=\"auto, (max-width: 700px) 100vw, 700px\" \/><\/a><\/figure>\n<\/div>\n\n\n<p>Sea cual sea tu necesidad, podr\u00e1s adquirir <strong>nuevos&nbsp;altavoces&nbsp;<\/strong>en&nbsp;<strong>Milar&nbsp;<\/strong>por lo que estate muy atento a todas nuestras ofertas. Contamos con una gran variedad de las mejores marcas, por lo que podr\u00e1s encontrar <strong>nuevos altavoces de<a href=\"https:\/\/www.milar.es\/spc-internet.html\"> SPC<\/a> <\/strong>o <strong>nuevos altavoces de <a href=\"https:\/\/www.milar.es\/nevir.html\" target=\"_blank\" rel=\"noreferrer noopener\">Nevir<\/a>, <\/strong>entre otras. <\/p>\n\n\n\n<h2 class=\"wp-block-heading has-text-align-center\">\u00bfCu\u00e1les son los <strong>tipos de altavoces<\/strong> del mercado?<\/h2>\n\n\n\n<p>Con un altavoz disfrutar\u00e1s de un <strong>sonido de calidad<\/strong> desde cualquier parte, pues la mayor\u00eda de <strong>nuevos altavoces<\/strong> son <strong>port\u00e1tiles<\/strong>. Con este dispositivo de sonido se consigue reproducir diferentes formatos musicales<strong> sin cables<\/strong> y con una conexi\u00f3n incre\u00edble. Y es que en contraposici\u00f3n con algunos <strong>auriculares<\/strong>, los <strong>altavoces <\/strong>se conectan mediante<strong> Bluetooth<\/strong> y, as\u00ed, conseguir la libertad musical que buscamos en nuestro d\u00eda a d\u00eda.  <\/p>\n\n\n\n<ul class=\"wp-block-list\">\n<li><strong>Altavoces de estanter\u00eda<\/strong>. Los <strong>altavoces de estanter\u00eda<\/strong> destacan por su tama\u00f1o compacto y su precio econ\u00f3mico, adem\u00e1s cuentan con varias conexiones por lo que son v\u00e1lidos en todo tipo de dispositivos. Una adaptaci\u00f3n de este aparato, es la <strong>barra de sonido<\/strong> con la que se consigue una experiencia de sonido muy funcional en las <strong>Smart TV<\/strong>.<\/li>\n<\/ul>\n\n\n\n<ul class=\"wp-block-list\">\n<li><strong>Altavoces de suelo<\/strong>. Tambi\u00e9n existen <strong>altavoces de suelo<\/strong>, tambi\u00e9n conocidos como <strong>torres de sonido<\/strong>. Su tama\u00f1o es m\u00e1s grandes y algunos de los modelos m\u00e1s punteros incluyen funcionalidades como <strong><a href=\"https:\/\/www.milar.es\/blog\/nuevas-radios-todo-lo-que-necesitas-saber\/\">nueva radio<\/a> FM<\/strong>, <strong>CD<\/strong> e incluso <strong>conexiones USB<\/strong> para incluir otros dispositivos perif\u00e9ricos. Tambi\u00e9n puedes encontrar modelos de <strong><a href=\"https:\/\/www.milar.es\/blog\/altavoz-amplificado-guia-definitiva-para-conseguir-una-gran-calidad-de-sonido\/\">altavoces amplificados<\/a><\/strong>, es decir, que ya incluyen amplificador integrado.<\/li>\n<\/ul>\n\n\n\n<ul class=\"wp-block-list\">\n<li><strong>Altavoces inal\u00e1mbricos<\/strong>. Un <strong>altavoz inal\u00e1mbrico <\/strong>es el dispositivo de sonido m\u00e1s vendido. \u00bfPor qu\u00e9? Pues porque cuentan con <strong>precios muy competitivos<\/strong> e incluyen funcionalidades muy variadas, como la posibilidad de rechazar llamadas gracias al <strong>manos libres<\/strong>. Adem\u00e1s, el dise\u00f1o de estos aparatos es muy llamativo y suelen contar con variedad de colores. <\/li>\n<\/ul>\n\n\n\n<h3 class=\"wp-block-heading has-text-align-center\">\u00bfQu\u00e9 debes tener en cuenta antes de comprar un altavoz?<\/h3>\n\n\n\n<p>Ahora que ya sabes los <strong>tipos de altavoces<\/strong> del mercado, podemos centrarnos en las <strong>caracter\u00edsticas <\/strong>de estos aparatos. Es importante fijarse en la <strong>potencia<\/strong> del dispositivo, pues a mayor potencia conseguiremos un sonido m\u00e1s amplificado y de calidad. En <strong>Milar <\/strong>contamos con altavoces de <strong>5 W<\/strong>, muy <strong>compactos<\/strong>, e incluso altavoces de <strong>100 W<\/strong>. Depender\u00e1 de tus necesidades como usuario el elegir una mayor potencia o menor. <\/p>\n\n\n\n<p>Adem\u00e1s, para conseguir una experiencia inmersiva en nuestro sonido es necesario contar con la mejor <strong>tecnolog\u00eda<\/strong>. Los <strong>nuevos altavoces<\/strong> incorporan <strong>wifi<\/strong>, para poder conectarse a Spotify, Apple Music o cualquier otra plataforma de m\u00fasica. Pero, los nuevos altavoces van un paso m\u00e1s adelante y pueden funcionar con<strong> asistentes de voz <\/strong>como Google o Amazon Alexa. \u00bfA qu\u00e9 suena genial?<\/p>\n\n\n\n<p>Si lo que deseas es conseguir un<strong> sonido envolvente<\/strong> en la estancia donde vayas a colocar el <strong>nuevo auricular<\/strong> entonces deber\u00e1s hacerte con un modelo que integre <strong>Dolby Atmos<\/strong>. Con este sistema el altavoz reproducir\u00e1 el audio en 360 grados, mientras amplifica todas las voces n\u00edtidas y los bajos din\u00e1micos. \u00a1Conseguir\u00e1s el sonido de una sala de cine gracias a este aparato compacto! <\/p>\n\n\n\n<p>Tras este post&nbsp;sobre&nbsp;<strong>nuevos modelos de altavoces de 2021<\/strong>, esperamos que ya no tengas dudas y  hagas clic en&nbsp;<strong>Milar&nbsp;<\/strong>y consigas el&nbsp;<strong>altavoz <\/strong>que mejor se adapte a ti. \u00bfA qu\u00e9 esper\u00e1is?<\/p>\n\n\n\n<p>\u00bfQuieres saber m\u00e1s? En los&nbsp;<strong>siguientes art\u00edculos relacionados<\/strong>&nbsp;te dejamos informaci\u00f3n sobre diferentes sistemas de sonido:<\/p>\n\n\n\n<p><strong><a href=\"https:\/\/www.milar.es\/blog\/altavoces-inalambricos-transportarlos-sin-problemas\/\" target=\"_blank\" rel=\"noreferrer noopener\">Altavoces inal\u00e1mbricos para transportarlos sin problemas<\/a><\/strong><\/p>\n\n\n\n<p><a href=\"https:\/\/www.milar.es\/blog\/altavoz-con-microfono-lo-mas-nuevo-para-montar-las-mejores-fiestas\/\"><strong>Altavoz con micr\u00f3fono: lo m\u00e1s nuevo para montar las mejores fiestas<\/strong><\/a><\/p>\n","protected":false},"excerpt":{"rendered":"\u00bfEst\u00e1s pensando en comprar un altavoz? Los nuevos altavoces del mercado incorporan funciones incre\u00edbles con las que conseguir\u00e1s una experiencia de audio mayor. En este post de Milar hemos preparado una gu\u00eda de compra de los nuevos altavoces, as\u00ed que coge papel y boli para apuntar las caracter\u00edsticas m\u00e1s destacadas&#8230; <a class=\"view-article\" href=\"https:\/\/www.milar.es\/blog\/nuevos-altavoces-de-2021-todo-lo-que-necesitas-saber\/\">Ver art\u00edculo<\/a>","protected":false},"author":1,"featured_media":11259,"comment_status":"closed","ping_status":"closed","sticky":false,"template":"","format":"standard","meta":{"footnotes":""},"categories":[7,38],"tags":[],"class_list":["post-7088","post","type-post","status-publish","format-standard","has-post-thumbnail","hentry","category-imagen-y-sonido","category-novedades"],"yoast_head":"<!-- This site is optimized with the Yoast SEO plugin v27.5 - https:\/\/yoast.com\/product\/yoast-seo-wordpress\/ -->\n<title>Nuevos altavoces de 2021, todo lo que necesitas saber - Milar Tendencias de electrodom\u00e9sticos<\/title>\n<meta name=\"description\" content=\"\u00bfTodav\u00eda te lo est\u00e1s pensado? Deja de darle tantas vueltas y hazte con los nuevos altavoces dispones al mejor precio, solo en Milar.\" \/>\n<meta name=\"robots\" content=\"index, follow, max-snippet:-1, max-image-preview:large, max-video-preview:-1\" \/>\n<link rel=\"canonical\" href=\"https:\/\/www.milar.es\/blog\/nuevos-altavoces-de-2021-todo-lo-que-necesitas-saber\/\" \/>\n<meta property=\"og:locale\" content=\"es_ES\" \/>\n<meta property=\"og:type\" content=\"article\" \/>\n<meta property=\"og:title\" content=\"Nuevos altavoces de 2021, todo lo que necesitas saber - Milar Tendencias de electrodom\u00e9sticos\" \/>\n<meta property=\"og:description\" content=\"\u00bfTodav\u00eda te lo est\u00e1s pensado? Deja de darle tantas vueltas y hazte con los nuevos altavoces dispones al mejor precio, solo en Milar.\" \/>\n<meta property=\"og:url\" content=\"https:\/\/www.milar.es\/blog\/nuevos-altavoces-de-2021-todo-lo-que-necesitas-saber\/\" \/>\n<meta property=\"og:site_name\" content=\"Milar Tendencias de electrodom\u00e9sticos\" \/>\n<meta property=\"article:published_time\" content=\"2021-01-06T11:00:00+00:00\" \/>\n<meta property=\"article:modified_time\" content=\"2025-04-24T07:35:19+00:00\" \/>\n<meta property=\"og:image\" content=\"https:\/\/www.milar.es\/blog\/wp-content\/uploads\/2021\/11\/nuevos-altavoces.jpg\" \/>\n\t<meta property=\"og:image:width\" content=\"1200\" \/>\n\t<meta property=\"og:image:height\" content=\"800\" \/>\n\t<meta property=\"og:image:type\" content=\"image\/jpeg\" \/>\n<meta name=\"author\" content=\"Milar\" \/>\n<meta name=\"twitter:card\" content=\"summary_large_image\" \/>\n<meta name=\"twitter:label1\" content=\"Escrito por\" \/>\n\t<meta name=\"twitter:data1\" content=\"Milar\" \/>\n\t<meta name=\"twitter:label2\" content=\"Tiempo de lectura\" \/>\n\t<meta name=\"twitter:data2\" content=\"6 minutos\" \/>\n<script type=\"application\/ld+json\" class=\"yoast-schema-graph\">{\"@context\":\"https:\\\/\\\/schema.org\",\"@graph\":[{\"@type\":\"Article\",\"@id\":\"https:\\\/\\\/www.milar.es\\\/blog\\\/nuevos-altavoces-de-2021-todo-lo-que-necesitas-saber\\\/#article\",\"isPartOf\":{\"@id\":\"https:\\\/\\\/www.milar.es\\\/blog\\\/nuevos-altavoces-de-2021-todo-lo-que-necesitas-saber\\\/\"},\"author\":{\"name\":\"Milar\",\"@id\":\"https:\\\/\\\/www.milar.es\\\/blog\\\/#\\\/schema\\\/person\\\/a63c4965e2d32a22be88aabb90c4f11f\"},\"headline\":\"Nuevos altavoces de 2021, todo lo que necesitas saber\",\"datePublished\":\"2021-01-06T11:00:00+00:00\",\"dateModified\":\"2025-04-24T07:35:19+00:00\",\"mainEntityOfPage\":{\"@id\":\"https:\\\/\\\/www.milar.es\\\/blog\\\/nuevos-altavoces-de-2021-todo-lo-que-necesitas-saber\\\/\"},\"wordCount\":989,\"image\":{\"@id\":\"https:\\\/\\\/www.milar.es\\\/blog\\\/nuevos-altavoces-de-2021-todo-lo-que-necesitas-saber\\\/#primaryimage\"},\"thumbnailUrl\":\"https:\\\/\\\/www.milar.es\\\/blog\\\/wp-content\\\/uploads\\\/2021\\\/11\\\/nuevos-altavoces.jpg\",\"articleSection\":[\"Imagen y sonido\",\"Novedades\"],\"inLanguage\":\"es\"},{\"@type\":\"WebPage\",\"@id\":\"https:\\\/\\\/www.milar.es\\\/blog\\\/nuevos-altavoces-de-2021-todo-lo-que-necesitas-saber\\\/\",\"url\":\"https:\\\/\\\/www.milar.es\\\/blog\\\/nuevos-altavoces-de-2021-todo-lo-que-necesitas-saber\\\/\",\"name\":\"Nuevos altavoces de 2021, todo lo que necesitas saber - Milar Tendencias de electrodom\u00e9sticos\",\"isPartOf\":{\"@id\":\"https:\\\/\\\/www.milar.es\\\/blog\\\/#website\"},\"primaryImageOfPage\":{\"@id\":\"https:\\\/\\\/www.milar.es\\\/blog\\\/nuevos-altavoces-de-2021-todo-lo-que-necesitas-saber\\\/#primaryimage\"},\"image\":{\"@id\":\"https:\\\/\\\/www.milar.es\\\/blog\\\/nuevos-altavoces-de-2021-todo-lo-que-necesitas-saber\\\/#primaryimage\"},\"thumbnailUrl\":\"https:\\\/\\\/www.milar.es\\\/blog\\\/wp-content\\\/uploads\\\/2021\\\/11\\\/nuevos-altavoces.jpg\",\"datePublished\":\"2021-01-06T11:00:00+00:00\",\"dateModified\":\"2025-04-24T07:35:19+00:00\",\"author\":{\"@id\":\"https:\\\/\\\/www.milar.es\\\/blog\\\/#\\\/schema\\\/person\\\/a63c4965e2d32a22be88aabb90c4f11f\"},\"description\":\"\u00bfTodav\u00eda te lo est\u00e1s pensado? Deja de darle tantas vueltas y hazte con los nuevos altavoces dispones al mejor precio, solo en Milar.\",\"breadcrumb\":{\"@id\":\"https:\\\/\\\/www.milar.es\\\/blog\\\/nuevos-altavoces-de-2021-todo-lo-que-necesitas-saber\\\/#breadcrumb\"},\"inLanguage\":\"es\",\"potentialAction\":[{\"@type\":\"ReadAction\",\"target\":[\"https:\\\/\\\/www.milar.es\\\/blog\\\/nuevos-altavoces-de-2021-todo-lo-que-necesitas-saber\\\/\"]}]},{\"@type\":\"ImageObject\",\"inLanguage\":\"es\",\"@id\":\"https:\\\/\\\/www.milar.es\\\/blog\\\/nuevos-altavoces-de-2021-todo-lo-que-necesitas-saber\\\/#primaryimage\",\"url\":\"https:\\\/\\\/www.milar.es\\\/blog\\\/wp-content\\\/uploads\\\/2021\\\/11\\\/nuevos-altavoces.jpg\",\"contentUrl\":\"https:\\\/\\\/www.milar.es\\\/blog\\\/wp-content\\\/uploads\\\/2021\\\/11\\\/nuevos-altavoces.jpg\",\"width\":1200,\"height\":800,\"caption\":\"nuevos altavoces\"},{\"@type\":\"BreadcrumbList\",\"@id\":\"https:\\\/\\\/www.milar.es\\\/blog\\\/nuevos-altavoces-de-2021-todo-lo-que-necesitas-saber\\\/#breadcrumb\",\"itemListElement\":[{\"@type\":\"ListItem\",\"position\":1,\"name\":\"Home\",\"item\":\"https:\\\/\\\/www.milar.es\\\/blog\\\/\"},{\"@type\":\"ListItem\",\"position\":2,\"name\":\"Nuevos altavoces de 2021, todo lo que necesitas saber\"}]},{\"@type\":\"WebSite\",\"@id\":\"https:\\\/\\\/www.milar.es\\\/blog\\\/#website\",\"url\":\"https:\\\/\\\/www.milar.es\\\/blog\\\/\",\"name\":\"Milar Tendencias de electrodom\u00e9sticos\",\"description\":\"\",\"potentialAction\":[{\"@type\":\"SearchAction\",\"target\":{\"@type\":\"EntryPoint\",\"urlTemplate\":\"https:\\\/\\\/www.milar.es\\\/blog\\\/?s={search_term_string}\"},\"query-input\":{\"@type\":\"PropertyValueSpecification\",\"valueRequired\":true,\"valueName\":\"search_term_string\"}}],\"inLanguage\":\"es\"},{\"@type\":\"Person\",\"@id\":\"https:\\\/\\\/www.milar.es\\\/blog\\\/#\\\/schema\\\/person\\\/a63c4965e2d32a22be88aabb90c4f11f\",\"name\":\"Milar\",\"image\":{\"@type\":\"ImageObject\",\"inLanguage\":\"es\",\"@id\":\"https:\\\/\\\/secure.gravatar.com\\\/avatar\\\/1ff5211459d04644acdbe2d949c2a8626dc0f1e355d4830331235d147f36505a?s=96&d=mm&r=g\",\"url\":\"https:\\\/\\\/secure.gravatar.com\\\/avatar\\\/1ff5211459d04644acdbe2d949c2a8626dc0f1e355d4830331235d147f36505a?s=96&d=mm&r=g\",\"contentUrl\":\"https:\\\/\\\/secure.gravatar.com\\\/avatar\\\/1ff5211459d04644acdbe2d949c2a8626dc0f1e355d4830331235d147f36505a?s=96&d=mm&r=g\",\"caption\":\"Milar\"}}]}<\/script>\n<!-- \/ Yoast SEO plugin. -->","yoast_head_json":{"title":"Nuevos altavoces de 2021, todo lo que necesitas saber - Milar Tendencias de electrodom\u00e9sticos","description":"\u00bfTodav\u00eda te lo est\u00e1s pensado? Deja de darle tantas vueltas y hazte con los nuevos altavoces dispones al mejor precio, solo en Milar.","robots":{"index":"index","follow":"follow","max-snippet":"max-snippet:-1","max-image-preview":"max-image-preview:large","max-video-preview":"max-video-preview:-1"},"canonical":"https:\/\/www.milar.es\/blog\/nuevos-altavoces-de-2021-todo-lo-que-necesitas-saber\/","og_locale":"es_ES","og_type":"article","og_title":"Nuevos altavoces de 2021, todo lo que necesitas saber - Milar Tendencias de electrodom\u00e9sticos","og_description":"\u00bfTodav\u00eda te lo est\u00e1s pensado? Deja de darle tantas vueltas y hazte con los nuevos altavoces dispones al mejor precio, solo en Milar.","og_url":"https:\/\/www.milar.es\/blog\/nuevos-altavoces-de-2021-todo-lo-que-necesitas-saber\/","og_site_name":"Milar Tendencias de electrodom\u00e9sticos","article_published_time":"2021-01-06T11:00:00+00:00","article_modified_time":"2025-04-24T07:35:19+00:00","og_image":[{"width":1200,"height":800,"url":"https:\/\/www.milar.es\/blog\/wp-content\/uploads\/2021\/11\/nuevos-altavoces.jpg","type":"image\/jpeg"}],"author":"Milar","twitter_card":"summary_large_image","twitter_misc":{"Escrito por":"Milar","Tiempo de lectura":"6 minutos"},"schema":{"@context":"https:\/\/schema.org","@graph":[{"@type":"Article","@id":"https:\/\/www.milar.es\/blog\/nuevos-altavoces-de-2021-todo-lo-que-necesitas-saber\/#article","isPartOf":{"@id":"https:\/\/www.milar.es\/blog\/nuevos-altavoces-de-2021-todo-lo-que-necesitas-saber\/"},"author":{"name":"Milar","@id":"https:\/\/www.milar.es\/blog\/#\/schema\/person\/a63c4965e2d32a22be88aabb90c4f11f"},"headline":"Nuevos altavoces de 2021, todo lo que necesitas saber","datePublished":"2021-01-06T11:00:00+00:00","dateModified":"2025-04-24T07:35:19+00:00","mainEntityOfPage":{"@id":"https:\/\/www.milar.es\/blog\/nuevos-altavoces-de-2021-todo-lo-que-necesitas-saber\/"},"wordCount":989,"image":{"@id":"https:\/\/www.milar.es\/blog\/nuevos-altavoces-de-2021-todo-lo-que-necesitas-saber\/#primaryimage"},"thumbnailUrl":"https:\/\/www.milar.es\/blog\/wp-content\/uploads\/2021\/11\/nuevos-altavoces.jpg","articleSection":["Imagen y sonido","Novedades"],"inLanguage":"es"},{"@type":"WebPage","@id":"https:\/\/www.milar.es\/blog\/nuevos-altavoces-de-2021-todo-lo-que-necesitas-saber\/","url":"https:\/\/www.milar.es\/blog\/nuevos-altavoces-de-2021-todo-lo-que-necesitas-saber\/","name":"Nuevos altavoces de 2021, todo lo que necesitas saber - Milar Tendencias de electrodom\u00e9sticos","isPartOf":{"@id":"https:\/\/www.milar.es\/blog\/#website"},"primaryImageOfPage":{"@id":"https:\/\/www.milar.es\/blog\/nuevos-altavoces-de-2021-todo-lo-que-necesitas-saber\/#primaryimage"},"image":{"@id":"https:\/\/www.milar.es\/blog\/nuevos-altavoces-de-2021-todo-lo-que-necesitas-saber\/#primaryimage"},"thumbnailUrl":"https:\/\/www.milar.es\/blog\/wp-content\/uploads\/2021\/11\/nuevos-altavoces.jpg","datePublished":"2021-01-06T11:00:00+00:00","dateModified":"2025-04-24T07:35:19+00:00","author":{"@id":"https:\/\/www.milar.es\/blog\/#\/schema\/person\/a63c4965e2d32a22be88aabb90c4f11f"},"description":"\u00bfTodav\u00eda te lo est\u00e1s pensado? Deja de darle tantas vueltas y hazte con los nuevos altavoces dispones al mejor precio, solo en Milar.","breadcrumb":{"@id":"https:\/\/www.milar.es\/blog\/nuevos-altavoces-de-2021-todo-lo-que-necesitas-saber\/#breadcrumb"},"inLanguage":"es","potentialAction":[{"@type":"ReadAction","target":["https:\/\/www.milar.es\/blog\/nuevos-altavoces-de-2021-todo-lo-que-necesitas-saber\/"]}]},{"@type":"ImageObject","inLanguage":"es","@id":"https:\/\/www.milar.es\/blog\/nuevos-altavoces-de-2021-todo-lo-que-necesitas-saber\/#primaryimage","url":"https:\/\/www.milar.es\/blog\/wp-content\/uploads\/2021\/11\/nuevos-altavoces.jpg","contentUrl":"https:\/\/www.milar.es\/blog\/wp-content\/uploads\/2021\/11\/nuevos-altavoces.jpg","width":1200,"height":800,"caption":"nuevos altavoces"},{"@type":"BreadcrumbList","@id":"https:\/\/www.milar.es\/blog\/nuevos-altavoces-de-2021-todo-lo-que-necesitas-saber\/#breadcrumb","itemListElement":[{"@type":"ListItem","position":1,"name":"Home","item":"https:\/\/www.milar.es\/blog\/"},{"@type":"ListItem","position":2,"name":"Nuevos altavoces de 2021, todo lo que necesitas saber"}]},{"@type":"WebSite","@id":"https:\/\/www.milar.es\/blog\/#website","url":"https:\/\/www.milar.es\/blog\/","name":"Milar Tendencias de electrodom\u00e9sticos","description":"","potentialAction":[{"@type":"SearchAction","target":{"@type":"EntryPoint","urlTemplate":"https:\/\/www.milar.es\/blog\/?s={search_term_string}"},"query-input":{"@type":"PropertyValueSpecification","valueRequired":true,"valueName":"search_term_string"}}],"inLanguage":"es"},{"@type":"Person","@id":"https:\/\/www.milar.es\/blog\/#\/schema\/person\/a63c4965e2d32a22be88aabb90c4f11f","name":"Milar","image":{"@type":"ImageObject","inLanguage":"es","@id":"https:\/\/secure.gravatar.com\/avatar\/1ff5211459d04644acdbe2d949c2a8626dc0f1e355d4830331235d147f36505a?s=96&d=mm&r=g","url":"https:\/\/secure.gravatar.com\/avatar\/1ff5211459d04644acdbe2d949c2a8626dc0f1e355d4830331235d147f36505a?s=96&d=mm&r=g","contentUrl":"https:\/\/secure.gravatar.com\/avatar\/1ff5211459d04644acdbe2d949c2a8626dc0f1e355d4830331235d147f36505a?s=96&d=mm&r=g","caption":"Milar"}}]}},"_links":{"self":[{"href":"https:\/\/www.milar.es\/blog\/wp-json\/wp\/v2\/posts\/7088","targetHints":{"allow":["GET"]}}],"collection":[{"href":"https:\/\/www.milar.es\/blog\/wp-json\/wp\/v2\/posts"}],"about":[{"href":"https:\/\/www.milar.es\/blog\/wp-json\/wp\/v2\/types\/post"}],"author":[{"embeddable":true,"href":"https:\/\/www.milar.es\/blog\/wp-json\/wp\/v2\/users\/1"}],"replies":[{"embeddable":true,"href":"https:\/\/www.milar.es\/blog\/wp-json\/wp\/v2\/comments?post=7088"}],"version-history":[{"count":18,"href":"https:\/\/www.milar.es\/blog\/wp-json\/wp\/v2\/posts\/7088\/revisions"}],"predecessor-version":[{"id":14692,"href":"https:\/\/www.milar.es\/blog\/wp-json\/wp\/v2\/posts\/7088\/revisions\/14692"}],"wp:featuredmedia":[{"embeddable":true,"href":"https:\/\/www.milar.es\/blog\/wp-json\/wp\/v2\/media\/11259"}],"wp:attachment":[{"href":"https:\/\/www.milar.es\/blog\/wp-json\/wp\/v2\/media?parent=7088"}],"wp:term":[{"taxonomy":"category","embeddable":true,"href":"https:\/\/www.milar.es\/blog\/wp-json\/wp\/v2\/categories?post=7088"},{"taxonomy":"post_tag","embeddable":true,"href":"https:\/\/www.milar.es\/blog\/wp-json\/wp\/v2\/tags?post=7088"}],"curies":[{"name":"wp","href":"https:\/\/api.w.org\/{rel}","templated":true}]}}