{"id":6221,"date":"2021-01-02T07:06:12","date_gmt":"2021-01-02T07:06:12","guid":{"rendered":"https:\/\/www.milar.es\/blog\/?p=6221"},"modified":"2024-08-29T07:07:19","modified_gmt":"2024-08-29T07:07:19","slug":"nuevos-frigorificos-caracteristicas-y-modelos","status":"publish","type":"post","link":"https:\/\/www.milar.es\/blog\/nuevos-frigorificos-caracteristicas-y-modelos\/","title":{"rendered":"Nuevos frigor\u00edficos de 2021, caracter\u00edsticas y modelos"},"content":{"rendered":"\n<p>Quiz\u00e1s has pensado en cambiar tu antiguo frigor\u00edfico por un <strong>nuevo frigor\u00edfico<\/strong>. Si te encuentras en esta tesitura, seguro que te est\u00e1s preguntando qu\u00e9 tipo de frigor\u00edfico instalar en tu hogar, pues el abanico de posibilidades es enorme. Existen <strong><a href=\"https:\/\/www.milar.es\/frigorificos-cocina.html\" target=\"_blank\" rel=\"noreferrer noopener\">frigor\u00edficos<\/a><\/strong> de diferentes tama\u00f1os, acabados y opciones. Desde <strong><a href=\"https:\/\/www.milar.es\/\" target=\"_blank\" rel=\"noreferrer noopener\">Milar<\/a> <\/strong>queremos hac\u00e9rtelo m\u00e1s f\u00e1cil y te presentamos una <strong>gu\u00eda de compra<\/strong> de <strong>nuevos frigor\u00edficos<\/strong> para saber cu\u00e1l es el que mejor se adapta a tu casa. <\/p>\n\n\n<div class=\"wp-block-image\">\n<figure class=\"aligncenter size-large\"><img loading=\"lazy\" decoding=\"async\" width=\"700\" height=\"467\" src=\"https:\/\/www.milar.es\/blog\/wp-content\/uploads\/2021\/04\/Frigorificos-min-700x467.jpg\" alt=\"nuevos frigor\u00edficos\" class=\"wp-image-6222\" srcset=\"https:\/\/www.milar.es\/blog\/wp-content\/uploads\/2021\/04\/Frigorificos-min-700x467.jpg 700w, https:\/\/www.milar.es\/blog\/wp-content\/uploads\/2021\/04\/Frigorificos-min-250x167.jpg 250w, https:\/\/www.milar.es\/blog\/wp-content\/uploads\/2021\/04\/Frigorificos-min-768x512.jpg 768w, https:\/\/www.milar.es\/blog\/wp-content\/uploads\/2021\/04\/Frigorificos-min-120x80.jpg 120w, https:\/\/www.milar.es\/blog\/wp-content\/uploads\/2021\/04\/Frigorificos-min.jpg 900w\" sizes=\"auto, (max-width: 700px) 100vw, 700px\" \/><\/figure>\n<\/div>\n\n\n<h2 class=\"wp-block-heading has-text-align-center\">Nuevos frigor\u00edficos combi, comparativa entre modelos<\/h2>\n\n\n\n<p>El nuevo <strong><a href=\"https:\/\/www.milar.es\/frigorifico-balay-3kfe563mi-aplusplus.html\" target=\"_blank\" rel=\"noreferrer noopener\">frigor\u00edfico Balay 3KFE563MI E con acabado acero mate<\/a><\/strong> es perfecto para aquellos que buscan la <strong>eficiencia<\/strong> en un frigor\u00edfico. \u00bfC\u00f3mo funciona? Imag\u00ednate que hay un fallo el\u00e9ctrico o una p\u00e9rdida de corriente por cualquier motivo en tu casa. Gracias a su <strong>autonom\u00eda sin corriente el\u00e9ctrica<\/strong> podr\u00e1s conservar en las mejores condiciones tus alimentos <strong>hasta 16 horas<\/strong>. Adem\u00e1s, este frigor\u00edfico <a href=\"https:\/\/www.milar.es\/balay.html\">Balay<\/a> incorpora <strong>luces LED<\/strong>, con las que podr\u00e1s visualizar hasta el \u00faltimo rinc\u00f3n del electrodom\u00e9stico. <\/p>\n\n\n<div class=\"wp-block-image\">\n<figure class=\"aligncenter size-large\"><a href=\"https:\/\/www.milar.es\/frigorifico-balay-3kfe563mi-aplusplus.html\"><img loading=\"lazy\" decoding=\"async\" width=\"700\" height=\"256\" src=\"https:\/\/www.milar.es\/blog\/wp-content\/uploads\/2021\/08\/BANNER-NUEVO-2021-08-04T073153.726-700x256.jpg\" alt=\"Frigor\u00edfico Balay 3KFE563MI E\n\" class=\"wp-image-9703\" srcset=\"https:\/\/www.milar.es\/blog\/wp-content\/uploads\/2021\/08\/BANNER-NUEVO-2021-08-04T073153.726-700x256.jpg 700w, https:\/\/www.milar.es\/blog\/wp-content\/uploads\/2021\/08\/BANNER-NUEVO-2021-08-04T073153.726-250x91.jpg 250w, https:\/\/www.milar.es\/blog\/wp-content\/uploads\/2021\/08\/BANNER-NUEVO-2021-08-04T073153.726-768x281.jpg 768w, https:\/\/www.milar.es\/blog\/wp-content\/uploads\/2021\/08\/BANNER-NUEVO-2021-08-04T073153.726-120x44.jpg 120w, https:\/\/www.milar.es\/blog\/wp-content\/uploads\/2021\/08\/BANNER-NUEVO-2021-08-04T073153.726.jpg 1200w\" sizes=\"auto, (max-width: 700px) 100vw, 700px\" \/><\/a><\/figure>\n<\/div>\n\n\n<p>De la misma marca, tambi\u00e9n podemos encontrar este <strong><a href=\"https:\/\/www.milar.es\/frigorifico-balay-3kfe768wi-aplusplus.html\" target=\"_blank\" rel=\"noreferrer noopener\">frigor\u00edfico Balay 3KFE768WI E<\/a><\/strong>. En este <strong><a href=\"https:\/\/www.milar.es\/frigorificos-cocina\/de-balay.html\" target=\"_blank\" rel=\"noreferrer noopener\">frigor\u00edfico Balay<\/a> <\/strong>podr\u00e1s seleccionar f\u00e1cilmente la temperatura y controlar todo de un vistazo gracias a su <strong>electr\u00f3nica exterior LCD<\/strong>. Adem\u00e1s, su dise\u00f1o no va a dejarte indiferente pues pertenece a la <strong>serie Cristal de Balay<\/strong>, por lo que conseguir\u00e1s un aparato muy elegante y f\u00e1cil de limpiar. <\/p>\n\n\n<div class=\"wp-block-image\">\n<figure class=\"aligncenter size-large\"><a href=\"https:\/\/www.milar.es\/frigorifico-balay-3kfe768wi-aplusplus.html\"><img loading=\"lazy\" decoding=\"async\" width=\"700\" height=\"256\" src=\"https:\/\/www.milar.es\/blog\/wp-content\/uploads\/2021\/08\/BANNER-NUEVO-2021-08-04T073549.301-700x256.jpg\" alt=\"\" class=\"wp-image-9705\" srcset=\"https:\/\/www.milar.es\/blog\/wp-content\/uploads\/2021\/08\/BANNER-NUEVO-2021-08-04T073549.301-700x256.jpg 700w, https:\/\/www.milar.es\/blog\/wp-content\/uploads\/2021\/08\/BANNER-NUEVO-2021-08-04T073549.301-250x91.jpg 250w, https:\/\/www.milar.es\/blog\/wp-content\/uploads\/2021\/08\/BANNER-NUEVO-2021-08-04T073549.301-768x281.jpg 768w, https:\/\/www.milar.es\/blog\/wp-content\/uploads\/2021\/08\/BANNER-NUEVO-2021-08-04T073549.301-120x44.jpg 120w, https:\/\/www.milar.es\/blog\/wp-content\/uploads\/2021\/08\/BANNER-NUEVO-2021-08-04T073549.301.jpg 1200w\" sizes=\"auto, (max-width: 700px) 100vw, 700px\" \/><\/a><\/figure>\n<\/div>\n\n\n<p>\u00a1Consigue una conservaci\u00f3n \u00f3ptima para cualquier tipo de alimento con este <strong><a href=\"https:\/\/www.milar.es\/frigorifico-lg-gbp61swpfn-aplusplusplus.html\" target=\"_blank\" rel=\"noreferrer noopener\">frigor\u00edfico LG GBP61SWPFN de color blanco<\/a><\/strong>! Su sistema <strong>No Frost<\/strong> evita la formaci\u00f3n de hielo y escarcha en el interior del electrodom\u00e9stico <strong><a href=\"https:\/\/www.milar.es\/lg.html\" target=\"_blank\" rel=\"noreferrer noopener\">LG<\/a><\/strong>. No tendr\u00e1s que descongelar el frigor\u00edfico cada poco tiempo al mantenerse unos niveles \u00f3ptimos de humedad y temperatura. Adem\u00e1s, este <strong><a href=\"https:\/\/www.milar.es\/frigorificos-cocina\/de-lg.html\" target=\"_blank\" rel=\"noreferrer noopener\">frigor\u00edfico de LG<\/a> <\/strong>cuenta con una <strong>capacidad neta de 234 L<\/strong>, por lo que podr\u00e1s conservar de manera eficiente toda tu compra.   <\/p>\n\n\n<div class=\"wp-block-image\">\n<figure class=\"aligncenter size-large\"><a href=\"https:\/\/www.milar.es\/frigorifico-lg-gbp61swpfn-aplusplusplus.html\"><img loading=\"lazy\" decoding=\"async\" width=\"700\" height=\"256\" src=\"https:\/\/www.milar.es\/blog\/wp-content\/uploads\/2021\/08\/BANNER-NUEVO-2021-08-04T074156.573-700x256.jpg\" alt=\"Frigor\u00edfico LG GBP61SWPFN D\n\" class=\"wp-image-9706\" srcset=\"https:\/\/www.milar.es\/blog\/wp-content\/uploads\/2021\/08\/BANNER-NUEVO-2021-08-04T074156.573-700x256.jpg 700w, https:\/\/www.milar.es\/blog\/wp-content\/uploads\/2021\/08\/BANNER-NUEVO-2021-08-04T074156.573-250x91.jpg 250w, https:\/\/www.milar.es\/blog\/wp-content\/uploads\/2021\/08\/BANNER-NUEVO-2021-08-04T074156.573-768x281.jpg 768w, https:\/\/www.milar.es\/blog\/wp-content\/uploads\/2021\/08\/BANNER-NUEVO-2021-08-04T074156.573-120x44.jpg 120w, https:\/\/www.milar.es\/blog\/wp-content\/uploads\/2021\/08\/BANNER-NUEVO-2021-08-04T074156.573.jpg 1200w\" sizes=\"auto, (max-width: 700px) 100vw, 700px\" \/><\/a><\/figure>\n<\/div>\n\n\n<h2 class=\"wp-block-heading has-text-align-center\">Nuevos frigor\u00edficos americano, descubre los mejores modelos<\/h2>\n\n\n\n<p>Si lo que est\u00e1s buscando es un <strong>nuevo frigor\u00edfico americano barato<\/strong>, \u00a1esta es una de las mejores opciones del mercado! El <strong><a href=\"https:\/\/www.milar.es\/frigorifico-lg-gsj361didv-sistema-no-frost.html\" target=\"_blank\" rel=\"noreferrer noopener\">frigor\u00edfico LG GSJ361DIDV Sistema No Frost F<\/a><\/strong> es perfecto gracias a su capacidad de hasta <strong>600 litros<\/strong>. \u00a1Disfruta de una mejor organizaci\u00f3n en tu d\u00eda a d\u00eda con un electrodom\u00e9stico silencioso de <strong>39 decibelios<\/strong> de potencia sonora! <\/p>\n\n\n<div class=\"wp-block-image\">\n<figure class=\"aligncenter size-large\"><a href=\"https:\/\/www.milar.es\/frigorifico-lg-gsj361didv-sistema-no-frost.html\"><img loading=\"lazy\" decoding=\"async\" width=\"700\" height=\"256\" src=\"https:\/\/www.milar.es\/blog\/wp-content\/uploads\/2021\/08\/BANNER-NUEVO-2021-08-04T075051.750-700x256.jpg\" alt=\"Frigor\u00edfico LG GSJ361DIDV Sistema No Frost\n\" class=\"wp-image-9711\" srcset=\"https:\/\/www.milar.es\/blog\/wp-content\/uploads\/2021\/08\/BANNER-NUEVO-2021-08-04T075051.750-700x256.jpg 700w, https:\/\/www.milar.es\/blog\/wp-content\/uploads\/2021\/08\/BANNER-NUEVO-2021-08-04T075051.750-250x91.jpg 250w, https:\/\/www.milar.es\/blog\/wp-content\/uploads\/2021\/08\/BANNER-NUEVO-2021-08-04T075051.750-768x281.jpg 768w, https:\/\/www.milar.es\/blog\/wp-content\/uploads\/2021\/08\/BANNER-NUEVO-2021-08-04T075051.750-120x44.jpg 120w, https:\/\/www.milar.es\/blog\/wp-content\/uploads\/2021\/08\/BANNER-NUEVO-2021-08-04T075051.750.jpg 1200w\" sizes=\"auto, (max-width: 700px) 100vw, 700px\" \/><\/a><\/figure>\n<\/div>\n\n\n<p>Tambi\u00e9n puedes optar por este <strong><a href=\"https:\/\/www.milar.es\/frigorifico-samsung-rs54n3013sa-es-sistema-no-frost.html\" target=\"_blank\" rel=\"noreferrer noopener\">frigor\u00edfico Samsung RS54N3013SA\/ES con sistema No Frost<\/a><\/strong>. La falta de espacio nunca ser\u00e1 una opci\u00f3n en este modelo <strong><a href=\"https:\/\/www.milar.es\/samsung.html\" target=\"_blank\" rel=\"noreferrer noopener\">Samsung<\/a><\/strong>, pues cuenta con una <strong>capacidad <\/strong>total de <strong>566 litros<\/strong>. Suena bien, \u00bfno? Adem\u00e1s, gracias al sistema <strong>Multi-flow<\/strong> conseguir\u00e1s que el aire fr\u00edo se distribuya de forma homog\u00e9nea en todo el <strong><a href=\"https:\/\/www.milar.es\/frigorificos-cocina\/de-samsung.html\" target=\"_blank\" rel=\"noreferrer noopener\">frigor\u00edfico Samsung<\/a><\/strong>, ya sea en las estanter\u00edas como en el botellero. <\/p>\n\n\n<div class=\"wp-block-image\">\n<figure class=\"aligncenter size-large\"><a href=\"https:\/\/www.milar.es\/frigorifico-samsung-rs54n3013sa-es-sistema-no-frost.html\"><img loading=\"lazy\" decoding=\"async\" width=\"700\" height=\"256\" src=\"https:\/\/www.milar.es\/blog\/wp-content\/uploads\/2021\/08\/BANNER-NUEVO-2021-08-04T074614.737-700x256.jpg\" alt=\"Frigor\u00edfico Samsung RS54N3013SA\/ES Sistema No Frost\n\" class=\"wp-image-9709\" srcset=\"https:\/\/www.milar.es\/blog\/wp-content\/uploads\/2021\/08\/BANNER-NUEVO-2021-08-04T074614.737-700x256.jpg 700w, https:\/\/www.milar.es\/blog\/wp-content\/uploads\/2021\/08\/BANNER-NUEVO-2021-08-04T074614.737-250x91.jpg 250w, https:\/\/www.milar.es\/blog\/wp-content\/uploads\/2021\/08\/BANNER-NUEVO-2021-08-04T074614.737-768x281.jpg 768w, https:\/\/www.milar.es\/blog\/wp-content\/uploads\/2021\/08\/BANNER-NUEVO-2021-08-04T074614.737-120x44.jpg 120w, https:\/\/www.milar.es\/blog\/wp-content\/uploads\/2021\/08\/BANNER-NUEVO-2021-08-04T074614.737.jpg 1200w\" sizes=\"auto, (max-width: 700px) 100vw, 700px\" \/><\/a><\/figure>\n<\/div>\n\n\n<h2 class=\"wp-block-heading has-text-align-center\">Nuevos frigor\u00edficos una puerta, conoce sus prestaciones<\/h2>\n\n\n\n<p>Con este <strong><a href=\"https:\/\/www.milar.es\/frigorifico-beko-rsse445k31xbn-aplus.html\" target=\"_blank\" rel=\"noreferrer noopener\">frigor\u00edfico Beko RSSE445K31XBN F de 1850 mm<\/a><\/strong> te olvidar\u00e1s de los problemas de espacio a la hora de organizar todos tus alimentos, al disponer de <strong>6 bandejas y 2 cajones<\/strong>. Adem\u00e1s, sus <strong>estantes de cristal<\/strong> templado soportan hasta los <strong>25\u202fkg de peso<\/strong> introducidos en este modelo <strong><a href=\"https:\/\/www.milar.es\/frigorificos-cocina\/de-beko.html\" target=\"_blank\" rel=\"noreferrer noopener\">Beko<\/a><\/strong>. Este vidrio de seguridad resiste especialmente a las grietas y los ara\u00f1azos. Guarda todos tus alimentos con esta seguridad de calidad y eficiencia en este <strong><a href=\"https:\/\/www.milar.es\/frigorificos-cocina\/de-beko.html\" target=\"_blank\" rel=\"noreferrer noopener\">frigor\u00edfico Beko<\/a><\/strong>. <\/p>\n\n\n<div class=\"wp-block-image\">\n<figure class=\"aligncenter size-large\"><a href=\"https:\/\/www.milar.es\/frigorifico-beko-rsse445k31xbn-aplus.html\"><img loading=\"lazy\" decoding=\"async\" width=\"700\" height=\"256\" src=\"https:\/\/www.milar.es\/blog\/wp-content\/uploads\/2021\/08\/BANNER-NUEVO-2021-08-04T075256.727-700x256.jpg\" alt=\"Frigorifico Beko RSSE445K31XBN F\n\" class=\"wp-image-9713\" srcset=\"https:\/\/www.milar.es\/blog\/wp-content\/uploads\/2021\/08\/BANNER-NUEVO-2021-08-04T075256.727-700x256.jpg 700w, https:\/\/www.milar.es\/blog\/wp-content\/uploads\/2021\/08\/BANNER-NUEVO-2021-08-04T075256.727-250x91.jpg 250w, https:\/\/www.milar.es\/blog\/wp-content\/uploads\/2021\/08\/BANNER-NUEVO-2021-08-04T075256.727-768x281.jpg 768w, https:\/\/www.milar.es\/blog\/wp-content\/uploads\/2021\/08\/BANNER-NUEVO-2021-08-04T075256.727-120x44.jpg 120w, https:\/\/www.milar.es\/blog\/wp-content\/uploads\/2021\/08\/BANNER-NUEVO-2021-08-04T075256.727.jpg 1200w\" sizes=\"auto, (max-width: 700px) 100vw, 700px\" \/><\/a><\/figure>\n<\/div>\n\n\n<p>\u00bfPrefieres un modelo en color blanco? \u00a1Lo tenemos! Opta por este <strong><a href=\"https:\/\/www.milar.es\/frigorifico-aeg-rkb638e5mw-aplusplus.html\" target=\"_blank\" rel=\"noreferrer noopener\">frigor\u00edfico AEG RKB638E5MW E<\/a><\/strong> y organiza tu compra como mejor te convenga gracias al <strong>sistema Customflex<\/strong>. \u00a1Podr\u00e1s desplazar y reorganizar f\u00e1cilmente el espacio de almacenamiento del <strong><a href=\"https:\/\/www.milar.es\/frigorificos-cocina\/de-aeg.html\" target=\"_blank\" rel=\"noreferrer noopener\">frigor\u00edfico AEG<\/a><\/strong> y adaptarlo a tus necesidades! Este modelo <strong><a href=\"https:\/\/www.milar.es\/aeg.html\" target=\"_blank\" rel=\"noreferrer noopener\">AEG<\/a><\/strong>, adem\u00e1s, cuenta con puertas reversibles, para poder cambiar su disposici\u00f3n de manera muy f\u00e1cil. <\/p>\n\n\n<div class=\"wp-block-image\">\n<figure class=\"aligncenter size-large\"><a href=\"https:\/\/www.milar.es\/frigorifico-aeg-rkb638e5mw-aplusplus.html\"><img loading=\"lazy\" decoding=\"async\" width=\"700\" height=\"256\" src=\"https:\/\/www.milar.es\/blog\/wp-content\/uploads\/2021\/08\/BANNER-NUEVO-2021-08-04T075419.515-700x256.jpg\" alt=\"Frigorifico AEG RKB638E5MW E\n\" class=\"wp-image-9714\" srcset=\"https:\/\/www.milar.es\/blog\/wp-content\/uploads\/2021\/08\/BANNER-NUEVO-2021-08-04T075419.515-700x256.jpg 700w, https:\/\/www.milar.es\/blog\/wp-content\/uploads\/2021\/08\/BANNER-NUEVO-2021-08-04T075419.515-250x91.jpg 250w, https:\/\/www.milar.es\/blog\/wp-content\/uploads\/2021\/08\/BANNER-NUEVO-2021-08-04T075419.515-768x281.jpg 768w, https:\/\/www.milar.es\/blog\/wp-content\/uploads\/2021\/08\/BANNER-NUEVO-2021-08-04T075419.515-120x44.jpg 120w, https:\/\/www.milar.es\/blog\/wp-content\/uploads\/2021\/08\/BANNER-NUEVO-2021-08-04T075419.515.jpg 1200w\" sizes=\"auto, (max-width: 700px) 100vw, 700px\" \/><\/a><\/figure>\n<\/div>\n\n\n<h2 class=\"wp-block-heading has-text-align-center\">Nuevos frigor\u00edficos dos puertas, conoce los modelos m\u00e1s punteros<\/h2>\n\n\n\n<p>Si lo que prefieres es un <strong>nuevo frigor\u00edfico de dos puertas<\/strong>, decirte que este <strong><a href=\"https:\/\/www.milar.es\/frigorifico-teka-ftm240-aplus.html\" target=\"_blank\" rel=\"noreferrer noopener\">frigor\u00edfico Teka FTM240 F de color blanco<\/a><\/strong> cuenta con especificaciones muy punteras. Activando el <strong>modo ECO<\/strong> en este <strong><a href=\"https:\/\/www.milar.es\/frigorificos-cocina\/de-teka.html\" target=\"_blank\" rel=\"noreferrer noopener\">frigor\u00edfico Teka<\/a><\/strong>, conseguir\u00e1s hacer un uso respetuoso del electrodom\u00e9stico con el medio ambiente. Adem\u00e1s, dispone de cuatro <strong>bandejas de cristal<\/strong> regulables y un caj\u00f3n de gran capacidad, el caj\u00f3n <strong>FreshBox de <a href=\"https:\/\/www.milar.es\/teka.html\">Teka<\/a>,<\/strong> con el que mantendr\u00e1s en perfecto estado las frutas y verduras. <\/p>\n\n\n<div class=\"wp-block-image\">\n<figure class=\"aligncenter size-large\"><a href=\"https:\/\/www.milar.es\/frigorifico-teka-ftm240-aplus.html\"><img loading=\"lazy\" decoding=\"async\" width=\"700\" height=\"256\" src=\"https:\/\/www.milar.es\/blog\/wp-content\/uploads\/2021\/08\/BANNER-NUEVO-2021-08-04T080037.395-700x256.jpg\" alt=\"Frigorifico Teka FTM240 F\n\" class=\"wp-image-9717\" srcset=\"https:\/\/www.milar.es\/blog\/wp-content\/uploads\/2021\/08\/BANNER-NUEVO-2021-08-04T080037.395-700x256.jpg 700w, https:\/\/www.milar.es\/blog\/wp-content\/uploads\/2021\/08\/BANNER-NUEVO-2021-08-04T080037.395-250x91.jpg 250w, https:\/\/www.milar.es\/blog\/wp-content\/uploads\/2021\/08\/BANNER-NUEVO-2021-08-04T080037.395-768x281.jpg 768w, https:\/\/www.milar.es\/blog\/wp-content\/uploads\/2021\/08\/BANNER-NUEVO-2021-08-04T080037.395-120x44.jpg 120w, https:\/\/www.milar.es\/blog\/wp-content\/uploads\/2021\/08\/BANNER-NUEVO-2021-08-04T080037.395.jpg 1200w\" sizes=\"auto, (max-width: 700px) 100vw, 700px\" \/><\/a><\/figure>\n<\/div>\n\n\n<p>En Milar tambi\u00e9n contamos con este <strong><a href=\"https:\/\/www.milar.es\/frigorifico-indesit-i55tm4110x1-1440.html\" target=\"_blank\" rel=\"noreferrer noopener\">frigor\u00edfico Indesit I55TM4110X1 de 1440 mm de altura<\/a><\/strong>. Al ser de <strong>acero inoxidable<\/strong> es un modelo <strong><a href=\"https:\/\/www.milar.es\/indesit.html\" target=\"_blank\" rel=\"noreferrer noopener\">Indesit<\/a> <\/strong>muy f\u00e1cil de limpiar. Tambi\u00e9n es de destacar que este <strong><a href=\"https:\/\/www.milar.es\/frigorificos-cocina\/de-indesit.html\" target=\"_blank\" rel=\"noreferrer noopener\">frigor\u00edfico Indesit<\/a><\/strong> incorpora el compartimento <strong>Big Crisper<\/strong>, con el que podr\u00e1s almacenar tus frutas y verduras de una manera muy precisa y con un ciclo de humedad constante, para que se conserven lo m\u00e1ximo posible. <\/p>\n\n\n<div class=\"wp-block-image\">\n<figure class=\"aligncenter size-large\"><a href=\"https:\/\/www.milar.es\/frigorifico-indesit-i55tm4110x1-1440.html\"><img loading=\"lazy\" decoding=\"async\" width=\"700\" height=\"256\" src=\"https:\/\/www.milar.es\/blog\/wp-content\/uploads\/2021\/08\/BANNER-NUEVO-2021-08-04T080457.167-700x256.jpg\" alt=\"Frigorifico Indesit I55TM4110X1 1440\n\" class=\"wp-image-9718\" srcset=\"https:\/\/www.milar.es\/blog\/wp-content\/uploads\/2021\/08\/BANNER-NUEVO-2021-08-04T080457.167-700x256.jpg 700w, https:\/\/www.milar.es\/blog\/wp-content\/uploads\/2021\/08\/BANNER-NUEVO-2021-08-04T080457.167-250x91.jpg 250w, https:\/\/www.milar.es\/blog\/wp-content\/uploads\/2021\/08\/BANNER-NUEVO-2021-08-04T080457.167-768x281.jpg 768w, https:\/\/www.milar.es\/blog\/wp-content\/uploads\/2021\/08\/BANNER-NUEVO-2021-08-04T080457.167-120x44.jpg 120w, https:\/\/www.milar.es\/blog\/wp-content\/uploads\/2021\/08\/BANNER-NUEVO-2021-08-04T080457.167.jpg 1200w\" sizes=\"auto, (max-width: 700px) 100vw, 700px\" \/><\/a><\/figure>\n<\/div>\n\n\n<h2 class=\"wp-block-heading has-text-align-center\">Nuevos minifrigor\u00edficos, el electrodom\u00e9stico compacto para tu d\u00eda a d\u00eda<\/h2>\n\n\n\n<p>Este <strong><a href=\"https:\/\/www.milar.es\/mini-frigorifico-orbegozo-mini-nve-4600-430.html\" target=\"_blank\" rel=\"noreferrer noopener\">mini-frigor\u00edfico Orbegozo NVE 4600 de color blanco<\/a><\/strong> es perfecto para aquellos que quieran un <strong>bajo consumo energ\u00e9tico<\/strong>. Controla todos tus alimentos en condiciones \u00f3ptimas con su rango de temperatura de entre <strong>5 a 12 \u00b0C<\/strong>. Adem\u00e1s, con su capacidad de <strong>38 L<\/strong> podr\u00e1s introducir una cantidad considerable de comida y bebida en este modelo de <strong><a href=\"https:\/\/www.milar.es\/orbegozo.html\" target=\"_blank\" rel=\"noreferrer noopener\">Orbegozo<\/a><\/strong>. <\/p>\n\n\n<div class=\"wp-block-image\">\n<figure class=\"aligncenter size-large\"><a href=\"https:\/\/www.milar.es\/mini-frigorifico-orbegozo-mini-nve-4600-430.html\"><img loading=\"lazy\" decoding=\"async\" width=\"700\" height=\"256\" src=\"https:\/\/www.milar.es\/blog\/wp-content\/uploads\/2021\/08\/BANNER-NUEVO-2021-08-04T080958.959-700x256.jpg\" alt=\"Mini-Frigorifico Orbegozo NVE 4600\n\" class=\"wp-image-9720\" srcset=\"https:\/\/www.milar.es\/blog\/wp-content\/uploads\/2021\/08\/BANNER-NUEVO-2021-08-04T080958.959-700x256.jpg 700w, https:\/\/www.milar.es\/blog\/wp-content\/uploads\/2021\/08\/BANNER-NUEVO-2021-08-04T080958.959-250x91.jpg 250w, https:\/\/www.milar.es\/blog\/wp-content\/uploads\/2021\/08\/BANNER-NUEVO-2021-08-04T080958.959-768x281.jpg 768w, https:\/\/www.milar.es\/blog\/wp-content\/uploads\/2021\/08\/BANNER-NUEVO-2021-08-04T080958.959-120x44.jpg 120w, https:\/\/www.milar.es\/blog\/wp-content\/uploads\/2021\/08\/BANNER-NUEVO-2021-08-04T080958.959.jpg 1200w\" sizes=\"auto, (max-width: 700px) 100vw, 700px\" \/><\/a><\/figure>\n<\/div>\n\n\n<h2 class=\"wp-block-heading has-text-align-center\">Caracter\u00edsticas de los nuevos frigor\u00edficos<\/h2>\n\n\n\n<p>Hay varios aspectos generales a tener en cuenta antes de hacerse con un <strong>nuevo frigor\u00edfico.<\/strong> Uno de ellos, quiz\u00e1s el m\u00e1s importante, es el tama\u00f1o del frigor\u00edfico y el hueco de la cocina en el que instalar\u00e1s el electrodom\u00e9stico. \u00bfPor qu\u00e9? Pues porque existen frigor\u00edficos m\u00e1s peque\u00f1os y frigor\u00edficos m\u00e1s grandes. <\/p>\n\n\n\n<p>Aunque no existe una <strong>medida est\u00e1ndar<\/strong> de frigor\u00edficos, pues depende del fabricante y del modelo de frigor\u00edfico, s\u00ed que se pueden definir una serie de tama\u00f1os que suelen tener la mayor\u00eda de <strong>nuevos frigor\u00edficos<\/strong>. <\/p>\n\n\n\n<h3 class=\"wp-block-heading\">El frigor\u00edfico m\u00e1s habitual en los hogares<\/h3>\n\n\n\n<p>Lo m\u00e1s habitual es instalar en nuestras casas un <strong><a href=\"https:\/\/www.milar.es\/frigorificos-combi-cocina.html\" target=\"_blank\" rel=\"noreferrer noopener\">frigor\u00edfico combi<\/a><\/strong>. Estos frigor\u00edficos son aquellos que, como su nombre indica incorporan <strong>nevera y congelador<\/strong> en un \u00fanico electrodom\u00e9stico. Los <strong>frigor\u00edficos de tipo combi<\/strong> es una opci\u00f3n para aquellos hogares que disponen de espacio reducido. Sus medidas suelen oscilar entre los <strong>60 y 70 cm de anchura<\/strong>, aunque existen algunos modelos m\u00e1s reducidos, de unos <strong>50 cm<\/strong>. <\/p>\n\n\n\n<h3 class=\"wp-block-heading\">El frigor\u00edfico de mayor capacidad<\/h3>\n\n\n\n<p>Por el contrario, los <strong><a href=\"https:\/\/www.milar.es\/frigorifico-americano-cocina.html\" target=\"_blank\" rel=\"noreferrer noopener\">frigor\u00edficos americanos<\/a><\/strong> son aquellos que cuentan con <strong>dos puertas verticales<\/strong> y diferencian la zona de refrigeraci\u00f3n con la del congelador. Los nuevos frigor\u00edficos americanos suelen ser <strong>m\u00e1s anchos<\/strong> que los nuevos frigor\u00edficos de tipo combi. Los m\u00e1s frecuentes son los frigor\u00edficos americanos de <strong>80 cm de anchura<\/strong>, aunque tambi\u00e9n puedes encontrar algunos de <strong>70 cm <\/strong>e incluso algunos de m\u00e1s de <strong>90 cm<\/strong>. <\/p>\n\n\n\n<h3 class=\"wp-block-heading\">El frigor\u00edfico con solamente nevera<\/h3>\n\n\n\n<p>Tambi\u00e9n existen <strong>nuevos frigor\u00edficos de una puerta<\/strong>. Son aquellos que solo cuentan con<strong> nevera <\/strong>en el electrodom\u00e9stico. Es una opci\u00f3n perfecta para aquellos que no hacen uso del congelador o para aquellos que necesitan incorporar otra nevera en su cocina. Estos <strong><a href=\"https:\/\/www.milar.es\/frigorificos-1-puerta-cocina.html\" target=\"_blank\" rel=\"noreferrer noopener\">frigor\u00edficos 1 puerta<\/a><\/strong> suelen contar con una <strong>anchura est\u00e1ndar de 60 cm <\/strong>y unas prestaciones adicionales que har\u00e1n tu d\u00eda a d\u00eda m\u00e1s f\u00e1cil. <\/p>\n\n\n\n<h3 class=\"wp-block-heading\">El frigor\u00edfico con congelador y nevera<\/h3>\n\n\n\n<p>Los <strong>nuevos frigor\u00edficos de dos puertas<\/strong> s\u00ed incorporan <strong>congelador <\/strong>en el electrodom\u00e9stico. El congelador se encuentra arriba y el refrigerador abajo. Sin embargo, esta \u00faltima zona es la que ocupa la mayor parte del electrodom\u00e9stico. En cuanto a las medidas, podemos encontrar&nbsp;<strong><a href=\"https:\/\/www.milar.es\/frigorificos-2-puertas-cocina.html\" target=\"_blank\" rel=\"noreferrer noopener\">nuevos frigor\u00edficos 2 puertas<\/a> <\/strong>de unos <strong>60 a 70 cm de anchura<\/strong>, aproximadamente. <\/p>\n\n\n\n<h3 class=\"wp-block-heading\">El frigor\u00edfico de medidas reducidas<\/h3>\n\n\n\n<p>Los <strong>nuevos minifrigor\u00edficos<\/strong>, gracias a su espacio compacto, son perfectos para cocinas peque\u00f1as o segundas residencias. La mayor\u00eda de los <strong><a href=\"https:\/\/www.milar.es\/frigorificos-mini-frigorifico-cocina.html\" target=\"_blank\" rel=\"noreferrer noopener\">minifrigor\u00edficos<\/a><\/strong> oscilan entre los <strong>50 y los 60\u202fcm de anchura<\/strong>, por lo que es un buen recurso para ocupar peque\u00f1os recovecos sin aprovechar y conservar todo tipo de alimentos. <\/p>\n\n\n\n<h3 class=\"wp-block-heading\">El frigor\u00edfico para almacenar vinos<\/h3>\n\n\n\n<p>Por \u00faltimo, y no por ello menos importante, si eres <strong>amante del vino <\/strong>quiz\u00e1s est\u00e9s pensando en hacerte con una <strong><a href=\"https:\/\/www.milar.es\/frigorificos-vinotecas-cocina.html\" target=\"_blank\" rel=\"noreferrer noopener\">vinoteca<\/a><\/strong>. Las <strong>nuevas <a href=\"https:\/\/www.milar.es\/blog\/vinoteca-para-cocina-analisis-sobre-sus-caracteristicas\/\">vinotecas para casa<\/a><\/strong> son\u00a0f\u00e1cilmente ubicables\u00a0en cualquier lugar de nuestra casa con unas medidas que oscilan entre los <strong>25 y 35 cm de anchura<\/strong>.<\/p>\n\n\n\n<p>Al igual que otros electrodom\u00e9sticos, los modelos m\u00e1s punteros de <strong>nuevos frigor\u00edficos<\/strong> incluyen <strong>wifi <\/strong>para poder controlar el funcionamiento desde el m\u00f3vil. Gracias a esta conectividad, podr\u00e1s sacarle el m\u00e1ximo partido a tu <strong>frigor\u00edfico <\/strong>y realizarle un autodiagn\u00f3stico para comprobar si tu <strong>nuevo frigor\u00edfico<\/strong> funciona correctamente. Suena bien, \u00bfno?<\/p>\n\n\n\n<p>Ahora que ya conoces la review de algunos de los modelos de los <strong>nuevos frigor\u00edficos<\/strong> del mercado, ya no tendr\u00e1s que preocuparte por mantener todos tus alimentos fr\u00edos y conservarlos en buen estado durante el mayor tiempo posible. No dudes en visitar la p\u00e1gina web de&nbsp;<strong>Milar&nbsp;<\/strong>para hacerte con el <strong>frigor\u00edfico <\/strong>que m\u00e1s se adapta a tus intereses, pudiendo escoger entre <strong><a href=\"https:\/\/www.milar.es\/blog\/frigorificos-de-colores-llega-la-gama-variostyle-de-bosch-para-alegrar-tu-cocina\/\">frigor\u00edficos de colores<\/a><\/strong> para decorar al mismo tiempo tu cocina. \u00a1Encuentra la mejor en nuestras tiendas!<\/p>\n\n\n\n<p>Te ofrecemos algunos art\u00edculos relacionados que pueden ser de inter\u00e9s:<\/p>\n\n\n\n<p><strong><a href=\"https:\/\/www.milar.es\/blog\/que-temperatura-del-congelador-es-optima-para-mantener-tus-alimentos-con-todas-sus-propiedades\/\" target=\"_blank\" rel=\"noreferrer noopener\">\u00bfQu\u00e9 temperatura del congelador es \u00f3ptima para mantener tus alimentos con todas sus propiedades?<\/a><\/strong><\/p>\n\n\n\n<p><strong><a href=\"https:\/\/www.milar.es\/blog\/frigorifico-sin-congelador-los-mejores-modelos-cocina\/\" target=\"_blank\" rel=\"noreferrer noopener\">Frigor\u00edfico sin congelador, los mejores modelos para tu cocina<\/a><\/strong><\/p>\n\n\n\n<p><strong><a href=\"https:\/\/www.milar.es\/blog\/frigorifico-con-puerta-francesa-descubre-todas-sus-caracteristicas\/\" target=\"_blank\" rel=\"noreferrer noopener\">Frigor\u00edfico con puerta francesa, descubre todas sus caracter\u00edsticas<\/a><\/strong><\/p>\n","protected":false},"excerpt":{"rendered":"Quiz\u00e1s has pensado en cambiar tu antiguo frigor\u00edfico por un nuevo frigor\u00edfico. Si te encuentras en esta tesitura, seguro que te est\u00e1s preguntando qu\u00e9 tipo de frigor\u00edfico instalar en tu hogar, pues el abanico de posibilidades es enorme. Existen frigor\u00edficos de diferentes tama\u00f1os, acabados y opciones. Desde Milar queremos hac\u00e9rtelo&#8230; <a class=\"view-article\" href=\"https:\/\/www.milar.es\/blog\/nuevos-frigorificos-caracteristicas-y-modelos\/\">Ver art\u00edculo<\/a>","protected":false},"author":1,"featured_media":6222,"comment_status":"closed","ping_status":"closed","sticky":false,"template":"","format":"standard","meta":{"footnotes":""},"categories":[2,13,38],"tags":[],"class_list":["post-6221","post","type-post","status-publish","format-standard","has-post-thumbnail","hentry","category-electrodomesticos","category-frigorificos","category-novedades"],"yoast_head":"<!-- This site is optimized with the Yoast SEO plugin v27.5 - https:\/\/yoast.com\/product\/yoast-seo-wordpress\/ -->\n<title>Nuevos frigor\u00edficos de 2021, caracter\u00edsticas y modelos - Milar Tendencias de electrodom\u00e9sticos<\/title>\n<meta name=\"description\" content=\"\u00bfQuieres saber todo sobre los nuevos frigor\u00edficos del mercado? Coge papel y boli y elige el frigor\u00edfico que m\u00e1s se adapta a ti en Milar.\" \/>\n<meta name=\"robots\" content=\"index, follow, max-snippet:-1, max-image-preview:large, max-video-preview:-1\" \/>\n<link rel=\"canonical\" href=\"https:\/\/www.milar.es\/blog\/nuevos-frigorificos-caracteristicas-y-modelos\/\" \/>\n<meta property=\"og:locale\" content=\"es_ES\" \/>\n<meta property=\"og:type\" content=\"article\" \/>\n<meta property=\"og:title\" content=\"Nuevos frigor\u00edficos de 2021, caracter\u00edsticas y modelos - Milar Tendencias de electrodom\u00e9sticos\" \/>\n<meta property=\"og:description\" content=\"\u00bfQuieres saber todo sobre los nuevos frigor\u00edficos del mercado? Coge papel y boli y elige el frigor\u00edfico que m\u00e1s se adapta a ti en Milar.\" \/>\n<meta property=\"og:url\" content=\"https:\/\/www.milar.es\/blog\/nuevos-frigorificos-caracteristicas-y-modelos\/\" \/>\n<meta property=\"og:site_name\" content=\"Milar Tendencias de electrodom\u00e9sticos\" \/>\n<meta property=\"article:published_time\" content=\"2021-01-02T07:06:12+00:00\" \/>\n<meta property=\"article:modified_time\" content=\"2024-08-29T07:07:19+00:00\" \/>\n<meta property=\"og:image\" content=\"https:\/\/www.milar.es\/blog\/wp-content\/uploads\/2021\/04\/Frigorificos-min.jpg\" \/>\n\t<meta property=\"og:image:width\" content=\"900\" \/>\n\t<meta property=\"og:image:height\" content=\"600\" \/>\n\t<meta property=\"og:image:type\" content=\"image\/jpeg\" \/>\n<meta name=\"author\" content=\"Milar\" \/>\n<meta name=\"twitter:card\" content=\"summary_large_image\" \/>\n<meta name=\"twitter:label1\" content=\"Escrito por\" \/>\n\t<meta name=\"twitter:data1\" content=\"Milar\" \/>\n\t<meta name=\"twitter:label2\" content=\"Tiempo de lectura\" \/>\n\t<meta name=\"twitter:data2\" content=\"9 minutos\" \/>\n<script type=\"application\/ld+json\" class=\"yoast-schema-graph\">{\"@context\":\"https:\\\/\\\/schema.org\",\"@graph\":[{\"@type\":\"Article\",\"@id\":\"https:\\\/\\\/www.milar.es\\\/blog\\\/nuevos-frigorificos-caracteristicas-y-modelos\\\/#article\",\"isPartOf\":{\"@id\":\"https:\\\/\\\/www.milar.es\\\/blog\\\/nuevos-frigorificos-caracteristicas-y-modelos\\\/\"},\"author\":{\"name\":\"Milar\",\"@id\":\"https:\\\/\\\/www.milar.es\\\/blog\\\/#\\\/schema\\\/person\\\/a63c4965e2d32a22be88aabb90c4f11f\"},\"headline\":\"Nuevos frigor\u00edficos de 2021, caracter\u00edsticas y modelos\",\"datePublished\":\"2021-01-02T07:06:12+00:00\",\"dateModified\":\"2024-08-29T07:07:19+00:00\",\"mainEntityOfPage\":{\"@id\":\"https:\\\/\\\/www.milar.es\\\/blog\\\/nuevos-frigorificos-caracteristicas-y-modelos\\\/\"},\"wordCount\":1614,\"image\":{\"@id\":\"https:\\\/\\\/www.milar.es\\\/blog\\\/nuevos-frigorificos-caracteristicas-y-modelos\\\/#primaryimage\"},\"thumbnailUrl\":\"https:\\\/\\\/www.milar.es\\\/blog\\\/wp-content\\\/uploads\\\/2021\\\/04\\\/Frigorificos-min.jpg\",\"articleSection\":[\"Electrodom\u00e9sticos\",\"Frigor\u00edficos\",\"Novedades\"],\"inLanguage\":\"es\"},{\"@type\":\"WebPage\",\"@id\":\"https:\\\/\\\/www.milar.es\\\/blog\\\/nuevos-frigorificos-caracteristicas-y-modelos\\\/\",\"url\":\"https:\\\/\\\/www.milar.es\\\/blog\\\/nuevos-frigorificos-caracteristicas-y-modelos\\\/\",\"name\":\"Nuevos frigor\u00edficos de 2021, caracter\u00edsticas y modelos - Milar Tendencias de electrodom\u00e9sticos\",\"isPartOf\":{\"@id\":\"https:\\\/\\\/www.milar.es\\\/blog\\\/#website\"},\"primaryImageOfPage\":{\"@id\":\"https:\\\/\\\/www.milar.es\\\/blog\\\/nuevos-frigorificos-caracteristicas-y-modelos\\\/#primaryimage\"},\"image\":{\"@id\":\"https:\\\/\\\/www.milar.es\\\/blog\\\/nuevos-frigorificos-caracteristicas-y-modelos\\\/#primaryimage\"},\"thumbnailUrl\":\"https:\\\/\\\/www.milar.es\\\/blog\\\/wp-content\\\/uploads\\\/2021\\\/04\\\/Frigorificos-min.jpg\",\"datePublished\":\"2021-01-02T07:06:12+00:00\",\"dateModified\":\"2024-08-29T07:07:19+00:00\",\"author\":{\"@id\":\"https:\\\/\\\/www.milar.es\\\/blog\\\/#\\\/schema\\\/person\\\/a63c4965e2d32a22be88aabb90c4f11f\"},\"description\":\"\u00bfQuieres saber todo sobre los nuevos frigor\u00edficos del mercado? Coge papel y boli y elige el frigor\u00edfico que m\u00e1s se adapta a ti en Milar.\",\"breadcrumb\":{\"@id\":\"https:\\\/\\\/www.milar.es\\\/blog\\\/nuevos-frigorificos-caracteristicas-y-modelos\\\/#breadcrumb\"},\"inLanguage\":\"es\",\"potentialAction\":[{\"@type\":\"ReadAction\",\"target\":[\"https:\\\/\\\/www.milar.es\\\/blog\\\/nuevos-frigorificos-caracteristicas-y-modelos\\\/\"]}]},{\"@type\":\"ImageObject\",\"inLanguage\":\"es\",\"@id\":\"https:\\\/\\\/www.milar.es\\\/blog\\\/nuevos-frigorificos-caracteristicas-y-modelos\\\/#primaryimage\",\"url\":\"https:\\\/\\\/www.milar.es\\\/blog\\\/wp-content\\\/uploads\\\/2021\\\/04\\\/Frigorificos-min.jpg\",\"contentUrl\":\"https:\\\/\\\/www.milar.es\\\/blog\\\/wp-content\\\/uploads\\\/2021\\\/04\\\/Frigorificos-min.jpg\",\"width\":900,\"height\":600,\"caption\":\"nuevos frigor\u00edficos\"},{\"@type\":\"BreadcrumbList\",\"@id\":\"https:\\\/\\\/www.milar.es\\\/blog\\\/nuevos-frigorificos-caracteristicas-y-modelos\\\/#breadcrumb\",\"itemListElement\":[{\"@type\":\"ListItem\",\"position\":1,\"name\":\"Home\",\"item\":\"https:\\\/\\\/www.milar.es\\\/blog\\\/\"},{\"@type\":\"ListItem\",\"position\":2,\"name\":\"Nuevos frigor\u00edficos de 2021, caracter\u00edsticas y modelos\"}]},{\"@type\":\"WebSite\",\"@id\":\"https:\\\/\\\/www.milar.es\\\/blog\\\/#website\",\"url\":\"https:\\\/\\\/www.milar.es\\\/blog\\\/\",\"name\":\"Milar Tendencias de electrodom\u00e9sticos\",\"description\":\"\",\"potentialAction\":[{\"@type\":\"SearchAction\",\"target\":{\"@type\":\"EntryPoint\",\"urlTemplate\":\"https:\\\/\\\/www.milar.es\\\/blog\\\/?s={search_term_string}\"},\"query-input\":{\"@type\":\"PropertyValueSpecification\",\"valueRequired\":true,\"valueName\":\"search_term_string\"}}],\"inLanguage\":\"es\"},{\"@type\":\"Person\",\"@id\":\"https:\\\/\\\/www.milar.es\\\/blog\\\/#\\\/schema\\\/person\\\/a63c4965e2d32a22be88aabb90c4f11f\",\"name\":\"Milar\",\"image\":{\"@type\":\"ImageObject\",\"inLanguage\":\"es\",\"@id\":\"https:\\\/\\\/secure.gravatar.com\\\/avatar\\\/1ff5211459d04644acdbe2d949c2a8626dc0f1e355d4830331235d147f36505a?s=96&d=mm&r=g\",\"url\":\"https:\\\/\\\/secure.gravatar.com\\\/avatar\\\/1ff5211459d04644acdbe2d949c2a8626dc0f1e355d4830331235d147f36505a?s=96&d=mm&r=g\",\"contentUrl\":\"https:\\\/\\\/secure.gravatar.com\\\/avatar\\\/1ff5211459d04644acdbe2d949c2a8626dc0f1e355d4830331235d147f36505a?s=96&d=mm&r=g\",\"caption\":\"Milar\"}}]}<\/script>\n<!-- \/ Yoast SEO plugin. -->","yoast_head_json":{"title":"Nuevos frigor\u00edficos de 2021, caracter\u00edsticas y modelos - Milar Tendencias de electrodom\u00e9sticos","description":"\u00bfQuieres saber todo sobre los nuevos frigor\u00edficos del mercado? Coge papel y boli y elige el frigor\u00edfico que m\u00e1s se adapta a ti en Milar.","robots":{"index":"index","follow":"follow","max-snippet":"max-snippet:-1","max-image-preview":"max-image-preview:large","max-video-preview":"max-video-preview:-1"},"canonical":"https:\/\/www.milar.es\/blog\/nuevos-frigorificos-caracteristicas-y-modelos\/","og_locale":"es_ES","og_type":"article","og_title":"Nuevos frigor\u00edficos de 2021, caracter\u00edsticas y modelos - Milar Tendencias de electrodom\u00e9sticos","og_description":"\u00bfQuieres saber todo sobre los nuevos frigor\u00edficos del mercado? Coge papel y boli y elige el frigor\u00edfico que m\u00e1s se adapta a ti en Milar.","og_url":"https:\/\/www.milar.es\/blog\/nuevos-frigorificos-caracteristicas-y-modelos\/","og_site_name":"Milar Tendencias de electrodom\u00e9sticos","article_published_time":"2021-01-02T07:06:12+00:00","article_modified_time":"2024-08-29T07:07:19+00:00","og_image":[{"width":900,"height":600,"url":"https:\/\/www.milar.es\/blog\/wp-content\/uploads\/2021\/04\/Frigorificos-min.jpg","type":"image\/jpeg"}],"author":"Milar","twitter_card":"summary_large_image","twitter_misc":{"Escrito por":"Milar","Tiempo de lectura":"9 minutos"},"schema":{"@context":"https:\/\/schema.org","@graph":[{"@type":"Article","@id":"https:\/\/www.milar.es\/blog\/nuevos-frigorificos-caracteristicas-y-modelos\/#article","isPartOf":{"@id":"https:\/\/www.milar.es\/blog\/nuevos-frigorificos-caracteristicas-y-modelos\/"},"author":{"name":"Milar","@id":"https:\/\/www.milar.es\/blog\/#\/schema\/person\/a63c4965e2d32a22be88aabb90c4f11f"},"headline":"Nuevos frigor\u00edficos de 2021, caracter\u00edsticas y modelos","datePublished":"2021-01-02T07:06:12+00:00","dateModified":"2024-08-29T07:07:19+00:00","mainEntityOfPage":{"@id":"https:\/\/www.milar.es\/blog\/nuevos-frigorificos-caracteristicas-y-modelos\/"},"wordCount":1614,"image":{"@id":"https:\/\/www.milar.es\/blog\/nuevos-frigorificos-caracteristicas-y-modelos\/#primaryimage"},"thumbnailUrl":"https:\/\/www.milar.es\/blog\/wp-content\/uploads\/2021\/04\/Frigorificos-min.jpg","articleSection":["Electrodom\u00e9sticos","Frigor\u00edficos","Novedades"],"inLanguage":"es"},{"@type":"WebPage","@id":"https:\/\/www.milar.es\/blog\/nuevos-frigorificos-caracteristicas-y-modelos\/","url":"https:\/\/www.milar.es\/blog\/nuevos-frigorificos-caracteristicas-y-modelos\/","name":"Nuevos frigor\u00edficos de 2021, caracter\u00edsticas y modelos - Milar Tendencias de electrodom\u00e9sticos","isPartOf":{"@id":"https:\/\/www.milar.es\/blog\/#website"},"primaryImageOfPage":{"@id":"https:\/\/www.milar.es\/blog\/nuevos-frigorificos-caracteristicas-y-modelos\/#primaryimage"},"image":{"@id":"https:\/\/www.milar.es\/blog\/nuevos-frigorificos-caracteristicas-y-modelos\/#primaryimage"},"thumbnailUrl":"https:\/\/www.milar.es\/blog\/wp-content\/uploads\/2021\/04\/Frigorificos-min.jpg","datePublished":"2021-01-02T07:06:12+00:00","dateModified":"2024-08-29T07:07:19+00:00","author":{"@id":"https:\/\/www.milar.es\/blog\/#\/schema\/person\/a63c4965e2d32a22be88aabb90c4f11f"},"description":"\u00bfQuieres saber todo sobre los nuevos frigor\u00edficos del mercado? Coge papel y boli y elige el frigor\u00edfico que m\u00e1s se adapta a ti en Milar.","breadcrumb":{"@id":"https:\/\/www.milar.es\/blog\/nuevos-frigorificos-caracteristicas-y-modelos\/#breadcrumb"},"inLanguage":"es","potentialAction":[{"@type":"ReadAction","target":["https:\/\/www.milar.es\/blog\/nuevos-frigorificos-caracteristicas-y-modelos\/"]}]},{"@type":"ImageObject","inLanguage":"es","@id":"https:\/\/www.milar.es\/blog\/nuevos-frigorificos-caracteristicas-y-modelos\/#primaryimage","url":"https:\/\/www.milar.es\/blog\/wp-content\/uploads\/2021\/04\/Frigorificos-min.jpg","contentUrl":"https:\/\/www.milar.es\/blog\/wp-content\/uploads\/2021\/04\/Frigorificos-min.jpg","width":900,"height":600,"caption":"nuevos frigor\u00edficos"},{"@type":"BreadcrumbList","@id":"https:\/\/www.milar.es\/blog\/nuevos-frigorificos-caracteristicas-y-modelos\/#breadcrumb","itemListElement":[{"@type":"ListItem","position":1,"name":"Home","item":"https:\/\/www.milar.es\/blog\/"},{"@type":"ListItem","position":2,"name":"Nuevos frigor\u00edficos de 2021, caracter\u00edsticas y modelos"}]},{"@type":"WebSite","@id":"https:\/\/www.milar.es\/blog\/#website","url":"https:\/\/www.milar.es\/blog\/","name":"Milar Tendencias de electrodom\u00e9sticos","description":"","potentialAction":[{"@type":"SearchAction","target":{"@type":"EntryPoint","urlTemplate":"https:\/\/www.milar.es\/blog\/?s={search_term_string}"},"query-input":{"@type":"PropertyValueSpecification","valueRequired":true,"valueName":"search_term_string"}}],"inLanguage":"es"},{"@type":"Person","@id":"https:\/\/www.milar.es\/blog\/#\/schema\/person\/a63c4965e2d32a22be88aabb90c4f11f","name":"Milar","image":{"@type":"ImageObject","inLanguage":"es","@id":"https:\/\/secure.gravatar.com\/avatar\/1ff5211459d04644acdbe2d949c2a8626dc0f1e355d4830331235d147f36505a?s=96&d=mm&r=g","url":"https:\/\/secure.gravatar.com\/avatar\/1ff5211459d04644acdbe2d949c2a8626dc0f1e355d4830331235d147f36505a?s=96&d=mm&r=g","contentUrl":"https:\/\/secure.gravatar.com\/avatar\/1ff5211459d04644acdbe2d949c2a8626dc0f1e355d4830331235d147f36505a?s=96&d=mm&r=g","caption":"Milar"}}]}},"_links":{"self":[{"href":"https:\/\/www.milar.es\/blog\/wp-json\/wp\/v2\/posts\/6221","targetHints":{"allow":["GET"]}}],"collection":[{"href":"https:\/\/www.milar.es\/blog\/wp-json\/wp\/v2\/posts"}],"about":[{"href":"https:\/\/www.milar.es\/blog\/wp-json\/wp\/v2\/types\/post"}],"author":[{"embeddable":true,"href":"https:\/\/www.milar.es\/blog\/wp-json\/wp\/v2\/users\/1"}],"replies":[{"embeddable":true,"href":"https:\/\/www.milar.es\/blog\/wp-json\/wp\/v2\/comments?post=6221"}],"version-history":[{"count":19,"href":"https:\/\/www.milar.es\/blog\/wp-json\/wp\/v2\/posts\/6221\/revisions"}],"predecessor-version":[{"id":14300,"href":"https:\/\/www.milar.es\/blog\/wp-json\/wp\/v2\/posts\/6221\/revisions\/14300"}],"wp:featuredmedia":[{"embeddable":true,"href":"https:\/\/www.milar.es\/blog\/wp-json\/wp\/v2\/media\/6222"}],"wp:attachment":[{"href":"https:\/\/www.milar.es\/blog\/wp-json\/wp\/v2\/media?parent=6221"}],"wp:term":[{"taxonomy":"category","embeddable":true,"href":"https:\/\/www.milar.es\/blog\/wp-json\/wp\/v2\/categories?post=6221"},{"taxonomy":"post_tag","embeddable":true,"href":"https:\/\/www.milar.es\/blog\/wp-json\/wp\/v2\/tags?post=6221"}],"curies":[{"name":"wp","href":"https:\/\/api.w.org\/{rel}","templated":true}]}}