{"id":6173,"date":"2021-01-02T14:21:00","date_gmt":"2021-01-02T14:21:00","guid":{"rendered":"https:\/\/www.milar.es\/blog\/?p=6173"},"modified":"2023-06-08T09:05:25","modified_gmt":"2023-06-08T09:05:25","slug":"nuevos-frigorificos-balay-conoce-todos-los-modelos","status":"publish","type":"post","link":"https:\/\/www.milar.es\/blog\/nuevos-frigorificos-balay-conoce-todos-los-modelos\/","title":{"rendered":"Nuevos frigor\u00edficos Balay, conoce todos los modelos"},"content":{"rendered":"\n<p>Si a la hora de comprar un <strong><a href=\"https:\/\/www.milar.es\/frigorificos-cocina.html\" target=\"_blank\" rel=\"noreferrer noopener\">frigor\u00edfico<\/a><\/strong>, uno de los requisitos indispensables es que sea capaz de conservar los alimentos durante el mayor tiempo posible, te recomendamos los <strong>nuevos frigor\u00edficos Balay<\/strong>. En este post de <strong><a href=\"https:\/\/www.milar.es\/\" target=\"_blank\" rel=\"noreferrer noopener\">Milar<\/a><\/strong> te contamos todo lo que tienes que saber sobre los<strong> nuevos modelos de frigor\u00edficos <a href=\"https:\/\/www.milar.es\/balay.html\" target=\"_blank\" rel=\"noreferrer noopener\">Balay<\/a><\/strong>, desde sus caracter\u00edsticas hasta los mejores modelos del mercado. \u00bfQuieres saber m\u00e1s? Sigue leyendo.<\/p>\n\n\n<div class=\"wp-block-image\">\n<figure class=\"aligncenter size-large\"><img loading=\"lazy\" decoding=\"async\" width=\"700\" height=\"467\" src=\"https:\/\/www.milar.es\/blog\/wp-content\/uploads\/2021\/03\/FrigoBalay-min-700x467.jpg\" alt=\"nuevos frigorificos balay\" class=\"wp-image-6174\" srcset=\"https:\/\/www.milar.es\/blog\/wp-content\/uploads\/2021\/03\/FrigoBalay-min-700x467.jpg 700w, https:\/\/www.milar.es\/blog\/wp-content\/uploads\/2021\/03\/FrigoBalay-min-250x167.jpg 250w, https:\/\/www.milar.es\/blog\/wp-content\/uploads\/2021\/03\/FrigoBalay-min-768x512.jpg 768w, https:\/\/www.milar.es\/blog\/wp-content\/uploads\/2021\/03\/FrigoBalay-min-120x80.jpg 120w, https:\/\/www.milar.es\/blog\/wp-content\/uploads\/2021\/03\/FrigoBalay-min.jpg 900w\" sizes=\"auto, (max-width: 700px) 100vw, 700px\" \/><\/figure>\n<\/div>\n\n\n<h2 class=\"wp-block-heading has-text-align-center\">Nuevos frigor\u00edficos combi Balay, comparativa de los mejores modelos<\/h2>\n\n\n\n<p>Este <strong><a href=\"https:\/\/www.milar.es\/frigorifico-balay-3kfe563mi-aplusplus.html\" target=\"_blank\" rel=\"noreferrer noopener\">frigor\u00edfico Balay 3KFE563MI E con acabado acero mate<\/a><\/strong> lleva incorporado el <strong>motor Inverter<\/strong>. \u00bfC\u00f3mo funciona? Este motor prescinde de las escobillas y correas de los motores tradicionales. As\u00ed, se consigue un frigor\u00edfico m\u00e1s silencioso. \u00bfQuieres saber m\u00e1s sobre este <strong>nuevo frigor\u00edfico combi Balay<\/strong>? Cuenta con una capacidad de <strong>237 litros<\/strong>, adem\u00e1s de un <strong>botellero y huevera<\/strong>. \u00a1Organiza todos tus alimentos gracias a al amplio espacio de almacenaje de este frigor\u00edfico!<\/p>\n\n\n<div class=\"wp-block-image\">\n<figure class=\"aligncenter size-large\"><a href=\"https:\/\/www.milar.es\/frigorifico-balay-3kfe563mi-aplusplus.html\"><img loading=\"lazy\" decoding=\"async\" width=\"700\" height=\"256\" src=\"https:\/\/www.milar.es\/blog\/wp-content\/uploads\/2021\/09\/BANNER-NUEVO-2021-09-09T174713.332-700x256.jpg\" alt=\"Frigor\u00edfico Balay 3KFE563MI E\" class=\"wp-image-10383\" srcset=\"https:\/\/www.milar.es\/blog\/wp-content\/uploads\/2021\/09\/BANNER-NUEVO-2021-09-09T174713.332-700x256.jpg 700w, https:\/\/www.milar.es\/blog\/wp-content\/uploads\/2021\/09\/BANNER-NUEVO-2021-09-09T174713.332-250x91.jpg 250w, https:\/\/www.milar.es\/blog\/wp-content\/uploads\/2021\/09\/BANNER-NUEVO-2021-09-09T174713.332-768x281.jpg 768w, https:\/\/www.milar.es\/blog\/wp-content\/uploads\/2021\/09\/BANNER-NUEVO-2021-09-09T174713.332-120x44.jpg 120w, https:\/\/www.milar.es\/blog\/wp-content\/uploads\/2021\/09\/BANNER-NUEVO-2021-09-09T174713.332.jpg 1200w\" sizes=\"auto, (max-width: 700px) 100vw, 700px\" \/><\/a><\/figure>\n<\/div>\n\n\n<p>El <strong><a href=\"https:\/\/www.milar.es\/frigorifico-balay-3kfd566wi-aplusplusplus.html\" target=\"_blank\" rel=\"noreferrer noopener\">frigor\u00edfico Balay 3KFD566WI D<\/a> <\/strong>es tambi\u00e9n una opci\u00f3n recomendable para organizar y conservar todos vuestros alimentos. Cuenta con un caj\u00f3n espec\u00edfico para frutas y verduras, el caj\u00f3n <strong>ExtraFresh<\/strong>, y otro para carnes y pescados, el caj\u00f3n <strong>ExtraCold 0\u00b0C<\/strong>. \u00a1Mant\u00e9n de una forma m\u00e1s f\u00e1cil todos tus ingredientes con estos compartimentos! Adem\u00e1s, este <strong>frigor\u00edfico combi Balay<\/strong> tiene <strong>luces LED<\/strong> en su interior, que consumen hasta 10 veces menos que una bombilla convencional. \u00a1Ahorra energ\u00eda y disfruta de las mejores prestaciones con este <strong>nuevo frigor\u00edfico Balay<\/strong>!<\/p>\n\n\n<div class=\"wp-block-image\">\n<figure class=\"aligncenter size-large\"><a href=\"https:\/\/www.milar.es\/frigorifico-balay-3kfd566wi-aplusplusplus.html\"><img loading=\"lazy\" decoding=\"async\" width=\"700\" height=\"256\" src=\"https:\/\/www.milar.es\/blog\/wp-content\/uploads\/2021\/09\/BANNER-NUEVO-2021-09-09T174833.275-700x256.jpg\" alt=\"Frigor\u00edfico Balay 3KFD566WI D\" class=\"wp-image-10384\" srcset=\"https:\/\/www.milar.es\/blog\/wp-content\/uploads\/2021\/09\/BANNER-NUEVO-2021-09-09T174833.275-700x256.jpg 700w, https:\/\/www.milar.es\/blog\/wp-content\/uploads\/2021\/09\/BANNER-NUEVO-2021-09-09T174833.275-250x91.jpg 250w, https:\/\/www.milar.es\/blog\/wp-content\/uploads\/2021\/09\/BANNER-NUEVO-2021-09-09T174833.275-768x281.jpg 768w, https:\/\/www.milar.es\/blog\/wp-content\/uploads\/2021\/09\/BANNER-NUEVO-2021-09-09T174833.275-120x44.jpg 120w, https:\/\/www.milar.es\/blog\/wp-content\/uploads\/2021\/09\/BANNER-NUEVO-2021-09-09T174833.275.jpg 1200w\" sizes=\"auto, (max-width: 700px) 100vw, 700px\" \/><\/a><\/figure>\n<\/div>\n\n\n<p>\u00bfPrefieres un modelo en color blanco? \u00a1Lo tenemos! Este <strong><a href=\"https:\/\/www.milar.es\/frigorifico-balay-3kfe763wi-aplusplus.html\" target=\"_blank\" rel=\"noreferrer noopener\">frigor\u00edfico Balay 3KFE763WI E<\/a><\/strong> es uno de los mejores modelos del mercado. Este modelo Balay cuenta con una <strong>alarma de puerta abierta<\/strong>. \u00bfC\u00f3mo funciona? Cuando la puerta lleve m\u00e1s tiempo del necesario abierta, el frigor\u00edfico emitir\u00e1 un sonido para que cierres puerta de la nevera y congelador y, as\u00ed, los alimentos podr\u00e1n&nbsp;<strong>conservarse un mayor tiempo<\/strong>.&nbsp;Es decir, con este <strong>frigor\u00edfico Balay<\/strong> siempre vas a conseguir hacer tu d\u00eda a d\u00eda m\u00e1s c\u00f3modo. <\/p>\n\n\n<div class=\"wp-block-image\">\n<figure class=\"aligncenter size-large\"><a href=\"https:\/\/www.milar.es\/frigorifico-balay-3kfe763wi-aplusplus.html\"><img loading=\"lazy\" decoding=\"async\" width=\"700\" height=\"256\" src=\"https:\/\/www.milar.es\/blog\/wp-content\/uploads\/2021\/09\/BANNER-NUEVO-2021-09-09T175101.235-700x256.jpg\" alt=\"Frigor\u00edfico Balay 3KFE763WI E\" class=\"wp-image-10385\" srcset=\"https:\/\/www.milar.es\/blog\/wp-content\/uploads\/2021\/09\/BANNER-NUEVO-2021-09-09T175101.235-700x256.jpg 700w, https:\/\/www.milar.es\/blog\/wp-content\/uploads\/2021\/09\/BANNER-NUEVO-2021-09-09T175101.235-250x91.jpg 250w, https:\/\/www.milar.es\/blog\/wp-content\/uploads\/2021\/09\/BANNER-NUEVO-2021-09-09T175101.235-768x281.jpg 768w, https:\/\/www.milar.es\/blog\/wp-content\/uploads\/2021\/09\/BANNER-NUEVO-2021-09-09T175101.235-120x44.jpg 120w, https:\/\/www.milar.es\/blog\/wp-content\/uploads\/2021\/09\/BANNER-NUEVO-2021-09-09T175101.235.jpg 1200w\" sizes=\"auto, (max-width: 700px) 100vw, 700px\" \/><\/a><\/figure>\n<\/div>\n\n\n<h2 class=\"wp-block-heading has-text-align-center\">Nuevos frigor\u00edficos americanos Balay, conoce los modelos m\u00e1s punteros<\/h2>\n\n\n\n<p>Con el <a href=\"https:\/\/www.milar.es\/frigorifico-balay-3faf492xe-sistema-no-frost.html\" target=\"_blank\" rel=\"noreferrer noopener\"><strong>frigor\u00edfico Balay 3FAF492XE Sistema No Frost<\/strong> <strong>de 616 litros de capacidad<\/strong><\/a><strong> <\/strong>podr\u00e1s conservar todos tus alimentos en las mejores condiciones. Una de las prestaciones de este frigor\u00edfico de tipo americano es su <strong>autonom\u00eda sin corriente el\u00e9ctrica<\/strong>. Si sufrimos un corte de luz en nuestro hogar, nuestra comida se mantendr\u00e1 en buen estado de conservaci\u00f3n <strong>hasta 12 h<\/strong>. Suena bien, \u00bfno?<\/p>\n\n\n<div class=\"wp-block-image\">\n<figure class=\"aligncenter size-large\"><a href=\"https:\/\/www.milar.es\/frigorifico-balay-3faf492xe-sistema-no-frost.html\"><img loading=\"lazy\" decoding=\"async\" width=\"700\" height=\"256\" src=\"https:\/\/www.milar.es\/blog\/wp-content\/uploads\/2021\/09\/BANNER-NUEVO-2021-09-09T175700.795-700x256.jpg\" alt=\"Frigor\u00edfico Balay 3FAF492XE Sistema No Frost\" class=\"wp-image-10388\" srcset=\"https:\/\/www.milar.es\/blog\/wp-content\/uploads\/2021\/09\/BANNER-NUEVO-2021-09-09T175700.795-700x256.jpg 700w, https:\/\/www.milar.es\/blog\/wp-content\/uploads\/2021\/09\/BANNER-NUEVO-2021-09-09T175700.795-250x91.jpg 250w, https:\/\/www.milar.es\/blog\/wp-content\/uploads\/2021\/09\/BANNER-NUEVO-2021-09-09T175700.795-768x281.jpg 768w, https:\/\/www.milar.es\/blog\/wp-content\/uploads\/2021\/09\/BANNER-NUEVO-2021-09-09T175700.795-120x44.jpg 120w, https:\/\/www.milar.es\/blog\/wp-content\/uploads\/2021\/09\/BANNER-NUEVO-2021-09-09T175700.795.jpg 1200w\" sizes=\"auto, (max-width: 700px) 100vw, 700px\" \/><\/a><\/figure>\n<\/div>\n\n\n<h2 class=\"wp-block-heading has-text-align-center\">Nuevos frigor\u00edficos de una puerta de Balay, conoce sus prestaciones<\/h2>\n\n\n\n<p>Este <strong><a href=\"https:\/\/www.milar.es\/frigorifico-balay-3fce563xe-aplusplus.html\" target=\"_blank\" rel=\"noreferrer noopener\">frigorifico Balay 3FCE563XE E<\/a><\/strong> siempre estar\u00e1 en un estado impecable. \u00bfPor qu\u00e9? Pues porque cuenta con un <strong>recubrimiento de antihuellas<\/strong>, que protege la superficie del electrodom\u00e9stico de cualquier mancha o rasgu\u00f1o. Adem\u00e1s, este frigor\u00edfico cuenta con <strong>puertas reversibles<\/strong>. Esto te permitir\u00e1 colocar tu <strong>nuevo frigor\u00edfico Balay<\/strong> donde sea, sin importar la distribuci\u00f3n de tu cocina<\/p>\n\n\n<div class=\"wp-block-image\">\n<figure class=\"aligncenter size-large\"><a href=\"https:\/\/www.milar.es\/frigorifico-balay-3fce563xe-aplusplus.html\"><img loading=\"lazy\" decoding=\"async\" width=\"700\" height=\"256\" src=\"https:\/\/www.milar.es\/blog\/wp-content\/uploads\/2021\/09\/BANNER-NUEVO-2021-09-09T175850.578-700x256.jpg\" alt=\"Frigorifico Balay 3FCE563XE E\" class=\"wp-image-10389\" srcset=\"https:\/\/www.milar.es\/blog\/wp-content\/uploads\/2021\/09\/BANNER-NUEVO-2021-09-09T175850.578-700x256.jpg 700w, https:\/\/www.milar.es\/blog\/wp-content\/uploads\/2021\/09\/BANNER-NUEVO-2021-09-09T175850.578-250x91.jpg 250w, https:\/\/www.milar.es\/blog\/wp-content\/uploads\/2021\/09\/BANNER-NUEVO-2021-09-09T175850.578-768x281.jpg 768w, https:\/\/www.milar.es\/blog\/wp-content\/uploads\/2021\/09\/BANNER-NUEVO-2021-09-09T175850.578-120x44.jpg 120w, https:\/\/www.milar.es\/blog\/wp-content\/uploads\/2021\/09\/BANNER-NUEVO-2021-09-09T175850.578.jpg 1200w\" sizes=\"auto, (max-width: 700px) 100vw, 700px\" \/><\/a><\/figure>\n<\/div>\n\n\n<p>Tambi\u00e9n puedes elegir este <strong><a href=\"https:\/\/www.milar.es\/frigorifico-balay-3fce563we-aplusplus.html\" target=\"_blank\" rel=\"noreferrer noopener\">frigor\u00edfico Balay 3FCE563WE E<\/a><\/strong>. De color blanco, este modelo Balay cuenta con un <strong>tirador <\/strong>muy <strong>ergon\u00f3mico<\/strong>, para que siempre abras la puerta con un sencillo movimiento. \u00bfQuieres saber m\u00e1s? Podr\u00e1s ver todos los alimentos introducidos gracias a su interior con <strong>iluminaci\u00f3n LED<\/strong>, un sistema de iluminaci\u00f3n muy eficiente. <\/p>\n\n\n<div class=\"wp-block-image\">\n<figure class=\"aligncenter size-large\"><a href=\"https:\/\/www.milar.es\/frigorifico-balay-3fce563we-aplusplus.html\"><img loading=\"lazy\" decoding=\"async\" width=\"700\" height=\"256\" src=\"https:\/\/www.milar.es\/blog\/wp-content\/uploads\/2021\/09\/BANNER-NUEVO-2021-09-09T180132.290-700x256.jpg\" alt=\"Frigorifico Balay 3FCE563WE E\" class=\"wp-image-10390\" srcset=\"https:\/\/www.milar.es\/blog\/wp-content\/uploads\/2021\/09\/BANNER-NUEVO-2021-09-09T180132.290-700x256.jpg 700w, https:\/\/www.milar.es\/blog\/wp-content\/uploads\/2021\/09\/BANNER-NUEVO-2021-09-09T180132.290-250x91.jpg 250w, https:\/\/www.milar.es\/blog\/wp-content\/uploads\/2021\/09\/BANNER-NUEVO-2021-09-09T180132.290-768x281.jpg 768w, https:\/\/www.milar.es\/blog\/wp-content\/uploads\/2021\/09\/BANNER-NUEVO-2021-09-09T180132.290-120x44.jpg 120w, https:\/\/www.milar.es\/blog\/wp-content\/uploads\/2021\/09\/BANNER-NUEVO-2021-09-09T180132.290.jpg 1200w\" sizes=\"auto, (max-width: 700px) 100vw, 700px\" \/><\/a><\/figure>\n<\/div>\n\n\n<h2 class=\"wp-block-heading has-text-align-center\">Nuevos frigor\u00edficos Balay, caracter\u00edsticas y prestaciones<\/h2>\n\n\n\n<p>Hay varios aspectos generales que debes saber a la hora de elegir un <strong>nuevo frigor\u00edfico de Balay<\/strong>. Los <strong>frigor\u00edficos Balay <\/strong>presentan una serie de prestaciones que hacen distinguirlos de los dem\u00e1s modelos de frigor\u00edficos del mercado. <\/p>\n\n\n\n<p>Decidir qu\u00e9 frigor\u00edfico comprar para tu cocina debe ser una decisi\u00f3n meditada. Antes de comprar un <strong>nuevo frigor\u00edfico Balay<\/strong> tendr\u00e1s que responder a estas preguntas: \u00bfCu\u00e1l es el <strong>espacio <\/strong>del que dispongo para colocar un <strong>nuevo frigor\u00edfico Balay<\/strong>? \u00bfCu\u00e1nta <strong>capacidad<\/strong> de almacenaje quiero que tenga mi <strong>nuevo frigor\u00edfico Balay<\/strong>? \u00bfPrefiero un <strong>nuevo frigor\u00edfico combi<\/strong> o un <strong>nuevo frigor\u00edfico de tipo americano<\/strong>?<\/p>\n\n\n\n<h2 class=\"wp-block-heading has-text-align-center\">\u00bfQu\u00e9 modelo de nuevos frigor\u00edficos Balay es el m\u00e1s habitual de instalar?<\/h2>\n\n\n\n<p>Lo m\u00e1s habitual es instalar en los hogares un <strong><a href=\"https:\/\/www.milar.es\/frigorificos-combi-cocina.html\" target=\"_blank\" rel=\"noreferrer noopener\">frigor\u00edfico combi<\/a><\/strong>. Los nuevos <strong>frigor\u00edficos de tipo combi Balay <\/strong>cuentan con<strong> opiniones muy favorables<\/strong>. \u00bfPor qu\u00e9? Pues porque al integrar nevera y congelador en un mismo electrodom\u00e9stico ahorras un mont\u00f3n de espacio en tu cocina. La anchura de estos <strong>frigor\u00edficos combi Balay<\/strong> oscilan entre los <strong>60-70 cm<\/strong> dependiendo del modelo. Consulta nuestro cat\u00e1logo de <strong><a href=\"https:\/\/www.milar.es\/blog\/frigorificos-70-cm-caracteristicas-varios-modelos\/\" target=\"_blank\" rel=\"noreferrer noopener\">frigor\u00edficos de 70 cm de ancho<\/a><\/strong> y escoge el ideal para tu hogar.<\/p>\n\n\n\n<p>Estos nuevos frigor\u00edficos de tipo combi Balay pueden ser tanto integrables como de libre instalaci\u00f3n. Los <strong>frigor\u00edficos integrables <\/strong>son aquellos que, como su nombre indica, se integran en el propio mobiliario de la cocina. Los <strong>frigor\u00edficos de libre instalaci\u00f3n<\/strong>, en cambio, son aquellos que est\u00e1n a la vista en la cocina. \u00a1Elige el <strong>nuevo frigor\u00edfico Balay combinado<\/strong> que m\u00e1s se adapte a ti entre <strong><a href=\"https:\/\/www.milar.es\/blog\/frigorificos-de-colores-llega-la-gama-variostyle-de-bosch-para-alegrar-tu-cocina\/\">frigor\u00edficos de colores<\/a><\/strong>! <\/p>\n\n\n\n<p>Tambi\u00e9n existen<strong> <a href=\"https:\/\/www.milar.es\/frigorificos-1-puerta-cocina.html\" target=\"_blank\" rel=\"noreferrer noopener\">frigor\u00edficos de una puerta<\/a><\/strong>, es decir, solo cuentan con <strong>nevera<\/strong> en el electrodom\u00e9stico. Es perfecto para aquellos que no hacen uso del congelador o para aquellos que, por falta de espacio, necesiten incorporar otra nevera a su cocina. Los<strong> nuevos frigor\u00edficos de una puerta de Balay<\/strong> suelen contar con una <strong>anchura de 60 cm <\/strong>y unas prestaciones adicionales que har\u00e1n tu d\u00eda a d\u00eda m\u00e1s f\u00e1cil. <\/p>\n\n\n\n<p>Si necesitases un mayor espacio para almacenar y refrigerar todos tus alimentos, entonces tu electrodom\u00e9stico es el <strong><a href=\"https:\/\/www.milar.es\/frigorifico-americano-cocina.html\" target=\"_blank\" rel=\"noreferrer noopener\">frigor\u00edfico americano<\/a><\/strong>. Los <strong>nuevos frigor\u00edficos americanos de Balay,<\/strong> suelen tener un ancho de <strong>90 cm<\/strong>. \u00a1No tendr\u00e1s problemas de espacio con este gran electrodom\u00e9stico de <strong>Balay<\/strong>!<\/p>\n\n\n\n<p>Por \u00faltimo, tambi\u00e9n tenemos en el <strong>mercado <a href=\"https:\/\/www.milar.es\/frigorificos-2-puertas-cocina.html\" target=\"_blank\" rel=\"noreferrer noopener\">frigor\u00edficos de 2 puertas<\/a><\/strong>. Los <strong>nuevos frigor\u00edficos de 2 puertas de Balay<\/strong> son una opci\u00f3n muy recomendable para aquellos que no hacen un uso muy frecuente del congelador. En estos frigor\u00edficos el congelador se encuentra arriba y el refrigerador abajo. Esta \u00faltima zona ocupa la mayor parte del electrodom\u00e9stico. En cuanto a las medidas, podemos encontrar <strong>nuevos frigor\u00edficos de 2 puertas de Balay <\/strong>de entre <strong>60 a 70 cm.<\/strong> <\/p>\n\n\n\n<h2 class=\"wp-block-heading has-text-align-center\">Extras de los nuevos frigor\u00edficos Balay<\/h2>\n\n\n\n<p>Por \u00faltimo, y no por ello menos importante, os diremos que los <strong>nuevos frigor\u00edficos de Balay<\/strong> han incorporado a algunos de sus modelos prestaciones novedosas que, entre otras, son el sistema <strong>NoFrost Full Skin Condenser<\/strong>, que cambia la ubicaci\u00f3n de los refrigeradores de la parte trasera del frigor\u00edfico a los laterales. Tambi\u00e9n cuentan con una <strong>alarma de puerta abierta<\/strong>, con la que conseguir\u00e1s que no se pierdan las condiciones clim\u00e1ticas del interior del <strong>nuevo frigor\u00edfico Balay<\/strong>.<\/p>\n\n\n\n<p>Ya has visto que hacerte con un <strong>nuevo frigor\u00edfico Balay<\/strong> puede ser una elecci\u00f3n estupenda. \u00a1Consigue el modelo de <strong>nuevo frigor\u00edfico Balay<\/strong> que m\u00e1s se adapte a tus necesidades! En <strong>Milar <\/strong>tenemos los precios m\u00e1s baratos de <strong>nuevos frigor\u00edficos Balay<\/strong>. \u00bfA qu\u00e9 esperas para comprarlo?<\/p>\n\n\n\n<p>Esperamos haberte resuelto las dudas sobre las caracter\u00edsticas de los <strong>nuevos frigor\u00edficos de Balay<\/strong>. Aqu\u00ed te dejamos algunos art\u00edculos relacionados que pueden ser de tu inter\u00e9s: <\/p>\n\n\n\n<p><strong><a href=\"https:\/\/www.milar.es\/blog\/que-temperatura-del-congelador-es-optima-para-mantener-tus-alimentos-con-todas-sus-propiedades\/\" target=\"_blank\" rel=\"noreferrer noopener\">\u00bfQu\u00e9 temperatura del congelador es \u00f3ptima para mantener tus alimentos con todas sus propiedades?<\/a><\/strong><\/p>\n\n\n\n<p><strong><a href=\"https:\/\/www.milar.es\/blog\/frigorifico-sin-congelador-los-mejores-modelos-cocina\/\" target=\"_blank\" rel=\"noreferrer noopener\">Frigor\u00edfico sin congelador, los mejores modelos para tu cocina<\/a><\/strong><\/p>\n\n\n\n<p><strong><a href=\"https:\/\/www.milar.es\/blog\/frigorifico-con-puerta-francesa-descubre-todas-sus-caracteristicas\/\" target=\"_blank\" rel=\"noreferrer noopener\">Frigor\u00edfico con puerta francesa, descubre todas sus caracter\u00edsticas<\/a><\/strong><\/p>\n","protected":false},"excerpt":{"rendered":"Si a la hora de comprar un frigor\u00edfico, uno de los requisitos indispensables es que sea capaz de conservar los alimentos durante el mayor tiempo posible, te recomendamos los nuevos frigor\u00edficos Balay. En este post de Milar te contamos todo lo que tienes que saber sobre los nuevos modelos de&#8230; <a class=\"view-article\" href=\"https:\/\/www.milar.es\/blog\/nuevos-frigorificos-balay-conoce-todos-los-modelos\/\">Ver art\u00edculo<\/a>","protected":false},"author":1,"featured_media":6174,"comment_status":"closed","ping_status":"closed","sticky":false,"template":"","format":"standard","meta":{"footnotes":""},"categories":[2,13,38],"tags":[],"class_list":["post-6173","post","type-post","status-publish","format-standard","has-post-thumbnail","hentry","category-electrodomesticos","category-frigorificos","category-novedades"],"yoast_head":"<!-- This site is optimized with the Yoast SEO plugin v27.5 - https:\/\/yoast.com\/product\/yoast-seo-wordpress\/ -->\n<title>Nuevos frigor\u00edficos Balay, conoce todos los modelos - Milar Tendencias de electrodom\u00e9sticos<\/title>\n<meta name=\"description\" content=\"\u00a1Consigue los nuevos frigor\u00edficos Balay que m\u00e1s se adapten a ti en Milar! Tenemos los precios m\u00e1s baratos, \u00bfa qu\u00e9 esperas para hacer clic?\" \/>\n<meta name=\"robots\" content=\"index, follow, max-snippet:-1, max-image-preview:large, max-video-preview:-1\" \/>\n<link rel=\"canonical\" href=\"https:\/\/www.milar.es\/blog\/nuevos-frigorificos-balay-conoce-todos-los-modelos\/\" \/>\n<meta property=\"og:locale\" content=\"es_ES\" \/>\n<meta property=\"og:type\" content=\"article\" \/>\n<meta property=\"og:title\" content=\"Nuevos frigor\u00edficos Balay, conoce todos los modelos - Milar Tendencias de electrodom\u00e9sticos\" \/>\n<meta property=\"og:description\" content=\"\u00a1Consigue los nuevos frigor\u00edficos Balay que m\u00e1s se adapten a ti en Milar! Tenemos los precios m\u00e1s baratos, \u00bfa qu\u00e9 esperas para hacer clic?\" \/>\n<meta property=\"og:url\" content=\"https:\/\/www.milar.es\/blog\/nuevos-frigorificos-balay-conoce-todos-los-modelos\/\" \/>\n<meta property=\"og:site_name\" content=\"Milar Tendencias de electrodom\u00e9sticos\" \/>\n<meta property=\"article:published_time\" content=\"2021-01-02T14:21:00+00:00\" \/>\n<meta property=\"article:modified_time\" content=\"2023-06-08T09:05:25+00:00\" \/>\n<meta property=\"og:image\" content=\"https:\/\/www.milar.es\/blog\/wp-content\/uploads\/2021\/03\/FrigoBalay-min.jpg\" \/>\n\t<meta property=\"og:image:width\" content=\"900\" \/>\n\t<meta property=\"og:image:height\" content=\"600\" \/>\n\t<meta property=\"og:image:type\" content=\"image\/jpeg\" \/>\n<meta name=\"author\" content=\"Milar\" \/>\n<meta name=\"twitter:card\" content=\"summary_large_image\" \/>\n<meta name=\"twitter:label1\" content=\"Escrito por\" \/>\n\t<meta name=\"twitter:data1\" content=\"Milar\" \/>\n\t<meta name=\"twitter:label2\" content=\"Tiempo de lectura\" \/>\n\t<meta name=\"twitter:data2\" content=\"7 minutos\" \/>\n<script type=\"application\/ld+json\" class=\"yoast-schema-graph\">{\"@context\":\"https:\\\/\\\/schema.org\",\"@graph\":[{\"@type\":\"Article\",\"@id\":\"https:\\\/\\\/www.milar.es\\\/blog\\\/nuevos-frigorificos-balay-conoce-todos-los-modelos\\\/#article\",\"isPartOf\":{\"@id\":\"https:\\\/\\\/www.milar.es\\\/blog\\\/nuevos-frigorificos-balay-conoce-todos-los-modelos\\\/\"},\"author\":{\"name\":\"Milar\",\"@id\":\"https:\\\/\\\/www.milar.es\\\/blog\\\/#\\\/schema\\\/person\\\/a63c4965e2d32a22be88aabb90c4f11f\"},\"headline\":\"Nuevos frigor\u00edficos Balay, conoce todos los modelos\",\"datePublished\":\"2021-01-02T14:21:00+00:00\",\"dateModified\":\"2023-06-08T09:05:25+00:00\",\"mainEntityOfPage\":{\"@id\":\"https:\\\/\\\/www.milar.es\\\/blog\\\/nuevos-frigorificos-balay-conoce-todos-los-modelos\\\/\"},\"wordCount\":1272,\"image\":{\"@id\":\"https:\\\/\\\/www.milar.es\\\/blog\\\/nuevos-frigorificos-balay-conoce-todos-los-modelos\\\/#primaryimage\"},\"thumbnailUrl\":\"https:\\\/\\\/www.milar.es\\\/blog\\\/wp-content\\\/uploads\\\/2021\\\/03\\\/FrigoBalay-min.jpg\",\"articleSection\":[\"Electrodom\u00e9sticos\",\"Frigor\u00edficos\",\"Novedades\"],\"inLanguage\":\"es\"},{\"@type\":\"WebPage\",\"@id\":\"https:\\\/\\\/www.milar.es\\\/blog\\\/nuevos-frigorificos-balay-conoce-todos-los-modelos\\\/\",\"url\":\"https:\\\/\\\/www.milar.es\\\/blog\\\/nuevos-frigorificos-balay-conoce-todos-los-modelos\\\/\",\"name\":\"Nuevos frigor\u00edficos Balay, conoce todos los modelos - Milar Tendencias de electrodom\u00e9sticos\",\"isPartOf\":{\"@id\":\"https:\\\/\\\/www.milar.es\\\/blog\\\/#website\"},\"primaryImageOfPage\":{\"@id\":\"https:\\\/\\\/www.milar.es\\\/blog\\\/nuevos-frigorificos-balay-conoce-todos-los-modelos\\\/#primaryimage\"},\"image\":{\"@id\":\"https:\\\/\\\/www.milar.es\\\/blog\\\/nuevos-frigorificos-balay-conoce-todos-los-modelos\\\/#primaryimage\"},\"thumbnailUrl\":\"https:\\\/\\\/www.milar.es\\\/blog\\\/wp-content\\\/uploads\\\/2021\\\/03\\\/FrigoBalay-min.jpg\",\"datePublished\":\"2021-01-02T14:21:00+00:00\",\"dateModified\":\"2023-06-08T09:05:25+00:00\",\"author\":{\"@id\":\"https:\\\/\\\/www.milar.es\\\/blog\\\/#\\\/schema\\\/person\\\/a63c4965e2d32a22be88aabb90c4f11f\"},\"description\":\"\u00a1Consigue los nuevos frigor\u00edficos Balay que m\u00e1s se adapten a ti en Milar! Tenemos los precios m\u00e1s baratos, \u00bfa qu\u00e9 esperas para hacer clic?\",\"breadcrumb\":{\"@id\":\"https:\\\/\\\/www.milar.es\\\/blog\\\/nuevos-frigorificos-balay-conoce-todos-los-modelos\\\/#breadcrumb\"},\"inLanguage\":\"es\",\"potentialAction\":[{\"@type\":\"ReadAction\",\"target\":[\"https:\\\/\\\/www.milar.es\\\/blog\\\/nuevos-frigorificos-balay-conoce-todos-los-modelos\\\/\"]}]},{\"@type\":\"ImageObject\",\"inLanguage\":\"es\",\"@id\":\"https:\\\/\\\/www.milar.es\\\/blog\\\/nuevos-frigorificos-balay-conoce-todos-los-modelos\\\/#primaryimage\",\"url\":\"https:\\\/\\\/www.milar.es\\\/blog\\\/wp-content\\\/uploads\\\/2021\\\/03\\\/FrigoBalay-min.jpg\",\"contentUrl\":\"https:\\\/\\\/www.milar.es\\\/blog\\\/wp-content\\\/uploads\\\/2021\\\/03\\\/FrigoBalay-min.jpg\",\"width\":900,\"height\":600,\"caption\":\"nuevos frigorificos balay\"},{\"@type\":\"BreadcrumbList\",\"@id\":\"https:\\\/\\\/www.milar.es\\\/blog\\\/nuevos-frigorificos-balay-conoce-todos-los-modelos\\\/#breadcrumb\",\"itemListElement\":[{\"@type\":\"ListItem\",\"position\":1,\"name\":\"Home\",\"item\":\"https:\\\/\\\/www.milar.es\\\/blog\\\/\"},{\"@type\":\"ListItem\",\"position\":2,\"name\":\"Nuevos frigor\u00edficos Balay, conoce todos los modelos\"}]},{\"@type\":\"WebSite\",\"@id\":\"https:\\\/\\\/www.milar.es\\\/blog\\\/#website\",\"url\":\"https:\\\/\\\/www.milar.es\\\/blog\\\/\",\"name\":\"Milar Tendencias de electrodom\u00e9sticos\",\"description\":\"\",\"potentialAction\":[{\"@type\":\"SearchAction\",\"target\":{\"@type\":\"EntryPoint\",\"urlTemplate\":\"https:\\\/\\\/www.milar.es\\\/blog\\\/?s={search_term_string}\"},\"query-input\":{\"@type\":\"PropertyValueSpecification\",\"valueRequired\":true,\"valueName\":\"search_term_string\"}}],\"inLanguage\":\"es\"},{\"@type\":\"Person\",\"@id\":\"https:\\\/\\\/www.milar.es\\\/blog\\\/#\\\/schema\\\/person\\\/a63c4965e2d32a22be88aabb90c4f11f\",\"name\":\"Milar\",\"image\":{\"@type\":\"ImageObject\",\"inLanguage\":\"es\",\"@id\":\"https:\\\/\\\/secure.gravatar.com\\\/avatar\\\/1ff5211459d04644acdbe2d949c2a8626dc0f1e355d4830331235d147f36505a?s=96&d=mm&r=g\",\"url\":\"https:\\\/\\\/secure.gravatar.com\\\/avatar\\\/1ff5211459d04644acdbe2d949c2a8626dc0f1e355d4830331235d147f36505a?s=96&d=mm&r=g\",\"contentUrl\":\"https:\\\/\\\/secure.gravatar.com\\\/avatar\\\/1ff5211459d04644acdbe2d949c2a8626dc0f1e355d4830331235d147f36505a?s=96&d=mm&r=g\",\"caption\":\"Milar\"}}]}<\/script>\n<!-- \/ Yoast SEO plugin. -->","yoast_head_json":{"title":"Nuevos frigor\u00edficos Balay, conoce todos los modelos - Milar Tendencias de electrodom\u00e9sticos","description":"\u00a1Consigue los nuevos frigor\u00edficos Balay que m\u00e1s se adapten a ti en Milar! Tenemos los precios m\u00e1s baratos, \u00bfa qu\u00e9 esperas para hacer clic?","robots":{"index":"index","follow":"follow","max-snippet":"max-snippet:-1","max-image-preview":"max-image-preview:large","max-video-preview":"max-video-preview:-1"},"canonical":"https:\/\/www.milar.es\/blog\/nuevos-frigorificos-balay-conoce-todos-los-modelos\/","og_locale":"es_ES","og_type":"article","og_title":"Nuevos frigor\u00edficos Balay, conoce todos los modelos - Milar Tendencias de electrodom\u00e9sticos","og_description":"\u00a1Consigue los nuevos frigor\u00edficos Balay que m\u00e1s se adapten a ti en Milar! Tenemos los precios m\u00e1s baratos, \u00bfa qu\u00e9 esperas para hacer clic?","og_url":"https:\/\/www.milar.es\/blog\/nuevos-frigorificos-balay-conoce-todos-los-modelos\/","og_site_name":"Milar Tendencias de electrodom\u00e9sticos","article_published_time":"2021-01-02T14:21:00+00:00","article_modified_time":"2023-06-08T09:05:25+00:00","og_image":[{"width":900,"height":600,"url":"https:\/\/www.milar.es\/blog\/wp-content\/uploads\/2021\/03\/FrigoBalay-min.jpg","type":"image\/jpeg"}],"author":"Milar","twitter_card":"summary_large_image","twitter_misc":{"Escrito por":"Milar","Tiempo de lectura":"7 minutos"},"schema":{"@context":"https:\/\/schema.org","@graph":[{"@type":"Article","@id":"https:\/\/www.milar.es\/blog\/nuevos-frigorificos-balay-conoce-todos-los-modelos\/#article","isPartOf":{"@id":"https:\/\/www.milar.es\/blog\/nuevos-frigorificos-balay-conoce-todos-los-modelos\/"},"author":{"name":"Milar","@id":"https:\/\/www.milar.es\/blog\/#\/schema\/person\/a63c4965e2d32a22be88aabb90c4f11f"},"headline":"Nuevos frigor\u00edficos Balay, conoce todos los modelos","datePublished":"2021-01-02T14:21:00+00:00","dateModified":"2023-06-08T09:05:25+00:00","mainEntityOfPage":{"@id":"https:\/\/www.milar.es\/blog\/nuevos-frigorificos-balay-conoce-todos-los-modelos\/"},"wordCount":1272,"image":{"@id":"https:\/\/www.milar.es\/blog\/nuevos-frigorificos-balay-conoce-todos-los-modelos\/#primaryimage"},"thumbnailUrl":"https:\/\/www.milar.es\/blog\/wp-content\/uploads\/2021\/03\/FrigoBalay-min.jpg","articleSection":["Electrodom\u00e9sticos","Frigor\u00edficos","Novedades"],"inLanguage":"es"},{"@type":"WebPage","@id":"https:\/\/www.milar.es\/blog\/nuevos-frigorificos-balay-conoce-todos-los-modelos\/","url":"https:\/\/www.milar.es\/blog\/nuevos-frigorificos-balay-conoce-todos-los-modelos\/","name":"Nuevos frigor\u00edficos Balay, conoce todos los modelos - Milar Tendencias de electrodom\u00e9sticos","isPartOf":{"@id":"https:\/\/www.milar.es\/blog\/#website"},"primaryImageOfPage":{"@id":"https:\/\/www.milar.es\/blog\/nuevos-frigorificos-balay-conoce-todos-los-modelos\/#primaryimage"},"image":{"@id":"https:\/\/www.milar.es\/blog\/nuevos-frigorificos-balay-conoce-todos-los-modelos\/#primaryimage"},"thumbnailUrl":"https:\/\/www.milar.es\/blog\/wp-content\/uploads\/2021\/03\/FrigoBalay-min.jpg","datePublished":"2021-01-02T14:21:00+00:00","dateModified":"2023-06-08T09:05:25+00:00","author":{"@id":"https:\/\/www.milar.es\/blog\/#\/schema\/person\/a63c4965e2d32a22be88aabb90c4f11f"},"description":"\u00a1Consigue los nuevos frigor\u00edficos Balay que m\u00e1s se adapten a ti en Milar! Tenemos los precios m\u00e1s baratos, \u00bfa qu\u00e9 esperas para hacer clic?","breadcrumb":{"@id":"https:\/\/www.milar.es\/blog\/nuevos-frigorificos-balay-conoce-todos-los-modelos\/#breadcrumb"},"inLanguage":"es","potentialAction":[{"@type":"ReadAction","target":["https:\/\/www.milar.es\/blog\/nuevos-frigorificos-balay-conoce-todos-los-modelos\/"]}]},{"@type":"ImageObject","inLanguage":"es","@id":"https:\/\/www.milar.es\/blog\/nuevos-frigorificos-balay-conoce-todos-los-modelos\/#primaryimage","url":"https:\/\/www.milar.es\/blog\/wp-content\/uploads\/2021\/03\/FrigoBalay-min.jpg","contentUrl":"https:\/\/www.milar.es\/blog\/wp-content\/uploads\/2021\/03\/FrigoBalay-min.jpg","width":900,"height":600,"caption":"nuevos frigorificos balay"},{"@type":"BreadcrumbList","@id":"https:\/\/www.milar.es\/blog\/nuevos-frigorificos-balay-conoce-todos-los-modelos\/#breadcrumb","itemListElement":[{"@type":"ListItem","position":1,"name":"Home","item":"https:\/\/www.milar.es\/blog\/"},{"@type":"ListItem","position":2,"name":"Nuevos frigor\u00edficos Balay, conoce todos los modelos"}]},{"@type":"WebSite","@id":"https:\/\/www.milar.es\/blog\/#website","url":"https:\/\/www.milar.es\/blog\/","name":"Milar Tendencias de electrodom\u00e9sticos","description":"","potentialAction":[{"@type":"SearchAction","target":{"@type":"EntryPoint","urlTemplate":"https:\/\/www.milar.es\/blog\/?s={search_term_string}"},"query-input":{"@type":"PropertyValueSpecification","valueRequired":true,"valueName":"search_term_string"}}],"inLanguage":"es"},{"@type":"Person","@id":"https:\/\/www.milar.es\/blog\/#\/schema\/person\/a63c4965e2d32a22be88aabb90c4f11f","name":"Milar","image":{"@type":"ImageObject","inLanguage":"es","@id":"https:\/\/secure.gravatar.com\/avatar\/1ff5211459d04644acdbe2d949c2a8626dc0f1e355d4830331235d147f36505a?s=96&d=mm&r=g","url":"https:\/\/secure.gravatar.com\/avatar\/1ff5211459d04644acdbe2d949c2a8626dc0f1e355d4830331235d147f36505a?s=96&d=mm&r=g","contentUrl":"https:\/\/secure.gravatar.com\/avatar\/1ff5211459d04644acdbe2d949c2a8626dc0f1e355d4830331235d147f36505a?s=96&d=mm&r=g","caption":"Milar"}}]}},"_links":{"self":[{"href":"https:\/\/www.milar.es\/blog\/wp-json\/wp\/v2\/posts\/6173","targetHints":{"allow":["GET"]}}],"collection":[{"href":"https:\/\/www.milar.es\/blog\/wp-json\/wp\/v2\/posts"}],"about":[{"href":"https:\/\/www.milar.es\/blog\/wp-json\/wp\/v2\/types\/post"}],"author":[{"embeddable":true,"href":"https:\/\/www.milar.es\/blog\/wp-json\/wp\/v2\/users\/1"}],"replies":[{"embeddable":true,"href":"https:\/\/www.milar.es\/blog\/wp-json\/wp\/v2\/comments?post=6173"}],"version-history":[{"count":13,"href":"https:\/\/www.milar.es\/blog\/wp-json\/wp\/v2\/posts\/6173\/revisions"}],"predecessor-version":[{"id":13469,"href":"https:\/\/www.milar.es\/blog\/wp-json\/wp\/v2\/posts\/6173\/revisions\/13469"}],"wp:featuredmedia":[{"embeddable":true,"href":"https:\/\/www.milar.es\/blog\/wp-json\/wp\/v2\/media\/6174"}],"wp:attachment":[{"href":"https:\/\/www.milar.es\/blog\/wp-json\/wp\/v2\/media?parent=6173"}],"wp:term":[{"taxonomy":"category","embeddable":true,"href":"https:\/\/www.milar.es\/blog\/wp-json\/wp\/v2\/categories?post=6173"},{"taxonomy":"post_tag","embeddable":true,"href":"https:\/\/www.milar.es\/blog\/wp-json\/wp\/v2\/tags?post=6173"}],"curies":[{"name":"wp","href":"https:\/\/api.w.org\/{rel}","templated":true}]}}