{"id":6148,"date":"2021-01-01T08:52:22","date_gmt":"2021-01-01T08:52:22","guid":{"rendered":"https:\/\/www.milar.es\/blog\/?p=6148"},"modified":"2021-04-09T08:59:50","modified_gmt":"2021-04-09T08:59:50","slug":"nuevos-frigorificos-lg-guia-definitiva","status":"publish","type":"post","link":"https:\/\/www.milar.es\/blog\/nuevos-frigorificos-lg-guia-definitiva\/","title":{"rendered":"Nuevos frigor\u00edficos LG, gu\u00eda definitiva"},"content":{"rendered":"\n<p>\u00bfSientes que a tu antiguo <strong><a href=\"https:\/\/www.milar.es\/frigorificos-cocina.html\" target=\"_blank\" rel=\"noreferrer noopener\">frigor\u00edfico<\/a><\/strong> le falta capacidad de almacenaje? Hazte con uno de los modelos de los nuevos frigor\u00edficos LG y disfruta de una comodidad absoluta a la hora de conservar alimentos. En <strong><a href=\"https:\/\/www.milar.es\/\" target=\"_blank\" rel=\"noreferrer noopener\">Milar<\/a><\/strong>, te contamos las prestaciones de los <strong>nuevos frigor\u00edficos <a href=\"https:\/\/www.milar.es\/lg.html\">LG<\/a><\/strong>, que har\u00e1n que tus alimentos se conserven como el primer d\u00eda. &nbsp; <\/p>\n\n\n\n<div class=\"wp-block-image\"><figure class=\"aligncenter size-large\"><img loading=\"lazy\" decoding=\"async\" width=\"700\" height=\"467\" src=\"https:\/\/www.milar.es\/blog\/wp-content\/uploads\/2021\/03\/frigoLG-1-min-700x467.jpg\" alt=\"nuevos frigor\u00edficos LG\" class=\"wp-image-6150\" srcset=\"https:\/\/www.milar.es\/blog\/wp-content\/uploads\/2021\/03\/frigoLG-1-min-700x467.jpg 700w, https:\/\/www.milar.es\/blog\/wp-content\/uploads\/2021\/03\/frigoLG-1-min-250x167.jpg 250w, https:\/\/www.milar.es\/blog\/wp-content\/uploads\/2021\/03\/frigoLG-1-min-768x512.jpg 768w, https:\/\/www.milar.es\/blog\/wp-content\/uploads\/2021\/03\/frigoLG-1-min-120x80.jpg 120w, https:\/\/www.milar.es\/blog\/wp-content\/uploads\/2021\/03\/frigoLG-1-min.jpg 900w\" sizes=\"auto, (max-width: 700px) 100vw, 700px\" \/><\/figure><\/div>\n\n\n\n<h2 class=\"has-text-align-center wp-block-heading\">Caracter\u00edsticas de los nuevos frigor\u00edficos LG<\/h2>\n\n\n\n<p>Lo primero es lo primero. Antes de comprar un <strong>nuevo frigor\u00edfico LG<\/strong>, tienes que fijarte muy bien en las medidas del hueco de la cocina. A veces, por unos pocos cent\u00edmetros, puede no entrar la nevera en el espacio que ten\u00edas reservado para ella. Sin embargo, los <strong>nuevos frigor\u00edficos LG<\/strong> cuentan con una versatilidad enorme de tama\u00f1os, por lo que no tendr\u00e1s este problema. <\/p>\n\n\n\n<p>Los <strong>nuevos frigor\u00edficos combi LG<\/strong> o <strong><a href=\"https:\/\/www.milar.es\/frigorificos-combi-cocina.html\" target=\"_blank\" rel=\"noreferrer noopener\">frigor\u00edficos combinados<\/a><\/strong> se caracterizan por tener el frigor\u00edfico en la parte superior del electrodom\u00e9stico y el congelador debajo. Estos modelos, de unos <strong>60-70 cm<\/strong> de ancho, son muy populares en los hogares espa\u00f1oles. \u00bfPor qu\u00e9? Pues porque al integrar en un electrodom\u00e9stico la nevera y el congelador ahorras espacio. <\/p>\n\n\n\n<p>Existen <strong>nuevos frigor\u00edficos combi LG integrables<\/strong> o de <strong>libre instalaci\u00f3n<\/strong>. En los <strong>frigor\u00edficos integrables<\/strong>, el electrodom\u00e9stico se adapta y esconde en nuestro mueble. Con los frigor\u00edficos de <strong>libre instalaci\u00f3n<\/strong>, por el contrario, no estar\u00e1s tan condicionado y podr\u00e1s instalar el nuevo frigor\u00edfico LG en cualquier sitio de tu cocina, siempre que cuentes con corriente el\u00e9ctrica al lado. <\/p>\n\n\n\n<p>Tambi\u00e9n existen <strong>nuevos frigor\u00edficos LG de tipo americano<\/strong>. Los <strong><a href=\"https:\/\/www.milar.es\/frigorifico-americano-cocina.html\" target=\"_blank\" rel=\"noreferrer noopener\">frigor\u00edficos americano<\/a><\/strong> son perfectos para las familias numerosas o para aquellas cocinas espaciosas. Cuentan con <strong>dos puertas verticales<\/strong> que diferencian la zona de refrigeraci\u00f3n de la zona del congelador. Estos frigor\u00edficos son m\u00e1s bajos que los frigor\u00edficos de tipo combi, pero cuentan con una <strong>gran anchura<\/strong>, de unos <strong>90 cm<\/strong> aproximadamente. <\/p>\n\n\n\n<p>Por \u00faltimo, LG cuenta con <strong><a href=\"https:\/\/www.milar.es\/frigorificos-2-puertas-cocina.html\" target=\"_blank\" rel=\"noreferrer noopener\">frigor\u00edficos de dos puertas<\/a><\/strong>. En estos nuevos frigor\u00edficos de dos puertas de LG, el congelador se ubica en la parte superior y la nevera en la parte de abajo. Al ser <strong>dos puertas independientes<\/strong>, puedes abrirlas seg\u00fan tus necesidades.  Si bien es cierto que la zona de refrigeraci\u00f3n ocupa la mayor parte del electrodom\u00e9stico convirti\u00e9ndose en la principal del frigor\u00edfico. La zona del congelador es m\u00e1s peque\u00f1a que la de la nevera, siendo esta \u00faltima la principal. En cuanto a las medidas, suelen contar con unos <strong>70 cm de ancho<\/strong>. <\/p>\n\n\n\n<p>Los <strong>nuevos frigor\u00edficos de LG<\/strong> cuentan con <strong>funcionalidades <\/strong>varias, que har\u00e1n tu d\u00eda a d\u00eda m\u00e1s f\u00e1cil. Por ejemplo, alguno de los modelos LG incorporan a sus frigor\u00edficos la <strong>alarma de puerta abierta<\/strong>. \u00bfC\u00f3mo funciona? Cuando la puerta de la nevera  lleve m\u00e1s tiempo del necesario, el propio electrodom\u00e9stico emitir\u00e1 un sonido para avisar de la <strong>p\u00e9rdida del flujo<\/strong> de aire fresco. As\u00ed, tus alimentos se conservar\u00e1n durante m\u00e1s tiempo, al procurar que no sufra una mayor alteraci\u00f3n en su conservaci\u00f3n. <\/p>\n\n\n\n<p>Adem\u00e1s, gracias a la aplicaci\u00f3n<strong> Smart Diagnosis<\/strong>, incorporada en los <strong>nuevos frigor\u00edficos LG<\/strong>, podr\u00e1s obtener un autodiagn\u00f3stico completo de tu frigor\u00edfico LG en tan solo unos segundos. En caso de aver\u00eda, el propio m\u00f3vil emitir\u00e1 un aviso al <strong>sistema t\u00e9cnico LG<\/strong>. Suena bien, \u00bfno? Adem\u00e1s, con esta funci\u00f3n podr\u00e1s enterarte de c\u00f3mo sacar el m\u00e1ximo partido a tu frigor\u00edfico LG. <\/p>\n\n\n\n<h2 class=\"has-text-align-center wp-block-heading\">Nuevos frigor\u00edficos LG de tipo combi, conoce los mejores modelos<\/h2>\n\n\n\n<p>El <strong><a href=\"https:\/\/www.milar.es\/frigorifico-lg-gbb71pzdmn-sistema-no-frost.html\" target=\"_blank\" rel=\"noreferrer noopener\">frigor\u00edfico LG GBB71PZDMN Sistema No Frost de acero inoxidable<\/a><\/strong> convertir\u00e1 tu rutina diaria en algo mucho m\u00e1s sencillo. \u00bfPor qu\u00e9? Pues porque gracias al sistema <strong>Door Cooling+<\/strong> conseguir\u00e1s enfriar tus alimentos hasta un 32% m\u00e1s r\u00e1pido de manera uniforme. Adem\u00e1s, este <strong>nuevo frigor\u00edfico de libre instalaci\u00f3n LG<\/strong> incorpora un <strong>botellero<\/strong> y una <strong>balda plegables<\/strong>, con el que podr\u00e1s organizar el almacenamiento de todos tus alimentos dependiendo de la necesidad del momento. <\/p>\n\n\n\n<div class=\"wp-block-image\"><figure class=\"aligncenter size-large is-resized\"><a href=\"https:\/\/www.milar.es\/frigorifico-lg-gbb71pzdmn-sistema-no-frost.html\"><img loading=\"lazy\" decoding=\"async\" src=\"https:\/\/www.milar.es\/blog\/wp-content\/uploads\/2021\/03\/Banner-Blog-Milar-85-min.jpg\" alt=\"nuevos frigor\u00edficos lg\" class=\"wp-image-6158\" width=\"694\" height=\"254\" srcset=\"https:\/\/www.milar.es\/blog\/wp-content\/uploads\/2021\/03\/Banner-Blog-Milar-85-min.jpg 694w, https:\/\/www.milar.es\/blog\/wp-content\/uploads\/2021\/03\/Banner-Blog-Milar-85-min-250x91.jpg 250w, https:\/\/www.milar.es\/blog\/wp-content\/uploads\/2021\/03\/Banner-Blog-Milar-85-min-120x44.jpg 120w\" sizes=\"auto, (max-width: 694px) 100vw, 694px\" \/><\/a><\/figure><\/div>\n\n\n\n<p>Este <strong>frigor\u00edfico LG <\/strong>cuenta con buenas <strong>opiniones<\/strong>. \u00bfQuieres saber por qu\u00e9? El <strong><a href=\"https:\/\/www.milar.es\/frigorifico-lg-gbp31dslzn-aplusplus.html\" target=\"_blank\" rel=\"noreferrer noopener\">frigor\u00edfico LG GBP31DSLZN E de 1860 mm de altura<\/a><\/strong> incorpora la \u00faltima tecnolog\u00eda para conseguir un rendimiento \u00f3ptimo. El <strong>motor Inverter<\/strong> prescinde de las tradicionales escobillas y, sin vibraciones ni desgaste alguno, se consigue un menor nivel de ruido, <strong>de 36 dB<\/strong>, y una mayor vida \u00fatil en este electrodom\u00e9stico. \u00a1Consigue todas las funcionalidades de este <strong>nuevo frigor\u00edfico barato LG<\/strong> en <strong>Milar<\/strong>!<\/p>\n\n\n\n<div class=\"wp-block-image\"><figure class=\"aligncenter size-large\"><a href=\"https:\/\/www.milar.es\/frigorifico-lg-gbp31dslzn-aplusplus.html\"><img loading=\"lazy\" decoding=\"async\" width=\"694\" height=\"254\" src=\"https:\/\/www.milar.es\/blog\/wp-content\/uploads\/2021\/03\/Banner-Blog-Milar-86.jpg\" alt=\"nuevos frigor\u00edficos lg\" class=\"wp-image-6160\" srcset=\"https:\/\/www.milar.es\/blog\/wp-content\/uploads\/2021\/03\/Banner-Blog-Milar-86.jpg 694w, https:\/\/www.milar.es\/blog\/wp-content\/uploads\/2021\/03\/Banner-Blog-Milar-86-250x91.jpg 250w, https:\/\/www.milar.es\/blog\/wp-content\/uploads\/2021\/03\/Banner-Blog-Milar-86-120x44.jpg 120w\" sizes=\"auto, (max-width: 694px) 100vw, 694px\" \/><\/a><\/figure><\/div>\n\n\n\n<h2 class=\"has-text-align-center wp-block-heading\">Nuevos frigor\u00edficos LG de tipo americano, comparativa de modelos<\/h2>\n\n\n\n<p>Si lo que necesitas en tu hogar es un frigor\u00edfico de gran tama\u00f1o, tu nuevo frigor\u00edfico LG es el <strong><a href=\"https:\/\/www.milar.es\/frigorifico-lg-gsl760pzuz-aplusplus.html\" target=\"_blank\" rel=\"noreferrer noopener\">frigor\u00edfico LG GSL760PZUZ F<\/a><\/strong>. Con este electrodom\u00e9stico, puedes almacenar hasta <strong>601 litros<\/strong>, por lo que no tendr\u00e1s problemas a la hora de organizar todos tus alimentos. \u00bfQuieres saber m\u00e1s? Este <strong>frigor\u00edfico americano LG<\/strong> cuenta con un compartimento especial para frutas y verduras. Llamado <strong>Magic Crisper<\/strong>, conservar\u00e1 tus frutas y verduras  como el primer d\u00eda manteniendo un nivel \u00f3ptimo de humedad. <\/p>\n\n\n\n<div class=\"wp-block-image\"><figure class=\"aligncenter size-large\"><a href=\"https:\/\/www.milar.es\/frigorifico-lg-gsl760pzuz-aplusplus.html\"><img loading=\"lazy\" decoding=\"async\" width=\"694\" height=\"254\" src=\"https:\/\/www.milar.es\/blog\/wp-content\/uploads\/2021\/03\/Banner-Blog-Milar-87.jpg\" alt=\"\" class=\"wp-image-6161\" srcset=\"https:\/\/www.milar.es\/blog\/wp-content\/uploads\/2021\/03\/Banner-Blog-Milar-87.jpg 694w, https:\/\/www.milar.es\/blog\/wp-content\/uploads\/2021\/03\/Banner-Blog-Milar-87-250x91.jpg 250w, https:\/\/www.milar.es\/blog\/wp-content\/uploads\/2021\/03\/Banner-Blog-Milar-87-120x44.jpg 120w\" sizes=\"auto, (max-width: 694px) 100vw, 694px\" \/><\/a><\/figure><\/div>\n\n\n\n<p>Otro de los <strong>nuevos frigor\u00edficos americanos de LG <\/strong>que te recomendamos es el <strong><a href=\"https:\/\/www.milar.es\/frigorifico-lg-gsj361didv-sistema-no-frost.html\" target=\"_blank\" rel=\"noreferrer noopener\">frigor\u00edfico LG GSJ361DIDV Sistema No Frost<\/a><\/strong>. Con <strong>600 litros de capacidad<\/strong>, cuenta con un dep\u00f3sito de agua de <strong>4 litros<\/strong>. \u00a1Podr\u00e1s servirte agua f\u00e1cilmente sin tener que abrir la puerta de la nevera! Adem\u00e1s, gracias a la puerta adicional <strong>Door-in-Door<\/strong> podr\u00e1s acceder f\u00e1cilmente a tus bebidas y comidas favoritas sin necesidad de abrir el refrigerador entero. <\/p>\n\n\n\n<div class=\"wp-block-image\"><figure class=\"aligncenter size-large\"><a href=\"https:\/\/www.milar.es\/frigorifico-lg-gsj361didv-sistema-no-frost.html\"><img loading=\"lazy\" decoding=\"async\" width=\"694\" height=\"254\" src=\"https:\/\/www.milar.es\/blog\/wp-content\/uploads\/2021\/03\/Banner-Blog-Milar-84.jpg\" alt=\"nuevos frigor\u00edficos lg\" class=\"wp-image-6159\" srcset=\"https:\/\/www.milar.es\/blog\/wp-content\/uploads\/2021\/03\/Banner-Blog-Milar-84.jpg 694w, https:\/\/www.milar.es\/blog\/wp-content\/uploads\/2021\/03\/Banner-Blog-Milar-84-250x91.jpg 250w, https:\/\/www.milar.es\/blog\/wp-content\/uploads\/2021\/03\/Banner-Blog-Milar-84-120x44.jpg 120w\" sizes=\"auto, (max-width: 694px) 100vw, 694px\" \/><\/a><\/figure><\/div>\n\n\n\n<p>Visita la p\u00e1gina web de <strong>Milar <\/strong>para ver el amplio surtido de nuevos <strong>frigor\u00edficos LG baratos<\/strong> que tenemos en cat\u00e1logo. Tenemos <strong>nuevos frigor\u00edficos LG<\/strong> para todos los gustos, para todo tipo de espacios y para todo tipo de necesidades. \u00bfA qu\u00e9 esperas para hacerte con un <strong>nuevo frigor\u00edfico de LG<\/strong>?<\/p>\n\n\n\n<p>Ahora que ya conoces la <strong>review<\/strong> de los <strong>nuevos frigor\u00edficos LG<\/strong>, solo queda que eches un vistazo a estos art\u00edculos relacionados  de <strong>Milar <\/strong>que pueden ser de inter\u00e9s:<\/p>\n\n\n\n<p><strong><a href=\"https:\/\/www.milar.es\/blog\/cuanto-consume-un-frigorifico-de-media-en-una-vivienda\/\" target=\"_blank\" rel=\"noreferrer noopener\">\u00bfCu\u00e1nto consume un frigor\u00edfico de media en una vivienda?<\/a><\/strong><\/p>\n\n\n\n<p><strong><a href=\"https:\/\/www.milar.es\/blog\/frigorificos-y-lavadoras-ecoeficientes-de-lg\/\" target=\"_blank\" rel=\"noreferrer noopener\">Frigor\u00edficos y lavadoras ecoeficientes de LG<\/a><\/strong><\/p>\n\n\n\n<p><strong><a href=\"https:\/\/www.milar.es\/blog\/limpiar-la-nevera-guia-definitiva-sobre-como-eliminar-toda-suciedad\/\" target=\"_blank\" rel=\"noreferrer noopener\">Limpiar la nevera, gu\u00eda definitiva sobre c\u00f3mo eliminar toda suciedad<\/a><\/strong><\/p>\n","protected":false},"excerpt":{"rendered":"\u00bfSientes que a tu antiguo frigor\u00edfico le falta capacidad de almacenaje? Hazte con uno de los modelos de los nuevos frigor\u00edficos LG y disfruta de una comodidad absoluta a la hora de conservar alimentos. En Milar, te contamos las prestaciones de los nuevos frigor\u00edficos LG, que har\u00e1n que tus alimentos&#8230; <a class=\"view-article\" href=\"https:\/\/www.milar.es\/blog\/nuevos-frigorificos-lg-guia-definitiva\/\">Ver art\u00edculo<\/a>","protected":false},"author":1,"featured_media":6150,"comment_status":"closed","ping_status":"closed","sticky":false,"template":"","format":"standard","meta":{"footnotes":""},"categories":[2,13,38],"tags":[],"class_list":["post-6148","post","type-post","status-publish","format-standard","has-post-thumbnail","hentry","category-electrodomesticos","category-frigorificos","category-novedades"],"yoast_head":"<!-- This site is optimized with the Yoast SEO plugin v27.5 - https:\/\/yoast.com\/product\/yoast-seo-wordpress\/ -->\n<title>Nuevos frigor\u00edficos LG, gu\u00eda definitiva - Milar Tendencias de electrodom\u00e9sticos<\/title>\n<meta name=\"description\" content=\"Haz tu vida mucho m\u00e1s f\u00e1cil con los nuevos frigor\u00edficos LG. Cons\u00edguelos a un precio barato en Milar. \u00bfA que esperas para hacer clic?\" \/>\n<meta name=\"robots\" content=\"index, follow, max-snippet:-1, max-image-preview:large, max-video-preview:-1\" \/>\n<link rel=\"canonical\" href=\"https:\/\/www.milar.es\/blog\/nuevos-frigorificos-lg-guia-definitiva\/\" \/>\n<meta property=\"og:locale\" content=\"es_ES\" \/>\n<meta property=\"og:type\" content=\"article\" \/>\n<meta property=\"og:title\" content=\"Nuevos frigor\u00edficos LG, gu\u00eda definitiva - Milar Tendencias de electrodom\u00e9sticos\" \/>\n<meta property=\"og:description\" content=\"Haz tu vida mucho m\u00e1s f\u00e1cil con los nuevos frigor\u00edficos LG. Cons\u00edguelos a un precio barato en Milar. \u00bfA que esperas para hacer clic?\" \/>\n<meta property=\"og:url\" content=\"https:\/\/www.milar.es\/blog\/nuevos-frigorificos-lg-guia-definitiva\/\" \/>\n<meta property=\"og:site_name\" content=\"Milar Tendencias de electrodom\u00e9sticos\" \/>\n<meta property=\"article:published_time\" content=\"2021-01-01T08:52:22+00:00\" \/>\n<meta property=\"article:modified_time\" content=\"2021-04-09T08:59:50+00:00\" \/>\n<meta property=\"og:image\" content=\"https:\/\/www.milar.es\/blog\/wp-content\/uploads\/2021\/03\/frigoLG-1-min.jpg\" \/>\n\t<meta property=\"og:image:width\" content=\"900\" \/>\n\t<meta property=\"og:image:height\" content=\"600\" \/>\n\t<meta property=\"og:image:type\" content=\"image\/jpeg\" \/>\n<meta name=\"author\" content=\"Milar\" \/>\n<meta name=\"twitter:card\" content=\"summary_large_image\" \/>\n<meta name=\"twitter:label1\" content=\"Escrito por\" \/>\n\t<meta name=\"twitter:data1\" content=\"Milar\" \/>\n\t<meta name=\"twitter:label2\" content=\"Tiempo de lectura\" \/>\n\t<meta name=\"twitter:data2\" content=\"6 minutos\" \/>\n<script type=\"application\/ld+json\" class=\"yoast-schema-graph\">{\"@context\":\"https:\\\/\\\/schema.org\",\"@graph\":[{\"@type\":\"Article\",\"@id\":\"https:\\\/\\\/www.milar.es\\\/blog\\\/nuevos-frigorificos-lg-guia-definitiva\\\/#article\",\"isPartOf\":{\"@id\":\"https:\\\/\\\/www.milar.es\\\/blog\\\/nuevos-frigorificos-lg-guia-definitiva\\\/\"},\"author\":{\"name\":\"Milar\",\"@id\":\"https:\\\/\\\/www.milar.es\\\/blog\\\/#\\\/schema\\\/person\\\/a63c4965e2d32a22be88aabb90c4f11f\"},\"headline\":\"Nuevos frigor\u00edficos LG, gu\u00eda definitiva\",\"datePublished\":\"2021-01-01T08:52:22+00:00\",\"dateModified\":\"2021-04-09T08:59:50+00:00\",\"mainEntityOfPage\":{\"@id\":\"https:\\\/\\\/www.milar.es\\\/blog\\\/nuevos-frigorificos-lg-guia-definitiva\\\/\"},\"wordCount\":1075,\"image\":{\"@id\":\"https:\\\/\\\/www.milar.es\\\/blog\\\/nuevos-frigorificos-lg-guia-definitiva\\\/#primaryimage\"},\"thumbnailUrl\":\"https:\\\/\\\/www.milar.es\\\/blog\\\/wp-content\\\/uploads\\\/2021\\\/03\\\/frigoLG-1-min.jpg\",\"articleSection\":[\"Electrodom\u00e9sticos\",\"Frigor\u00edficos\",\"Novedades\"],\"inLanguage\":\"es\"},{\"@type\":\"WebPage\",\"@id\":\"https:\\\/\\\/www.milar.es\\\/blog\\\/nuevos-frigorificos-lg-guia-definitiva\\\/\",\"url\":\"https:\\\/\\\/www.milar.es\\\/blog\\\/nuevos-frigorificos-lg-guia-definitiva\\\/\",\"name\":\"Nuevos frigor\u00edficos LG, gu\u00eda definitiva - Milar Tendencias de electrodom\u00e9sticos\",\"isPartOf\":{\"@id\":\"https:\\\/\\\/www.milar.es\\\/blog\\\/#website\"},\"primaryImageOfPage\":{\"@id\":\"https:\\\/\\\/www.milar.es\\\/blog\\\/nuevos-frigorificos-lg-guia-definitiva\\\/#primaryimage\"},\"image\":{\"@id\":\"https:\\\/\\\/www.milar.es\\\/blog\\\/nuevos-frigorificos-lg-guia-definitiva\\\/#primaryimage\"},\"thumbnailUrl\":\"https:\\\/\\\/www.milar.es\\\/blog\\\/wp-content\\\/uploads\\\/2021\\\/03\\\/frigoLG-1-min.jpg\",\"datePublished\":\"2021-01-01T08:52:22+00:00\",\"dateModified\":\"2021-04-09T08:59:50+00:00\",\"author\":{\"@id\":\"https:\\\/\\\/www.milar.es\\\/blog\\\/#\\\/schema\\\/person\\\/a63c4965e2d32a22be88aabb90c4f11f\"},\"description\":\"Haz tu vida mucho m\u00e1s f\u00e1cil con los nuevos frigor\u00edficos LG. Cons\u00edguelos a un precio barato en Milar. \u00bfA que esperas para hacer clic?\",\"breadcrumb\":{\"@id\":\"https:\\\/\\\/www.milar.es\\\/blog\\\/nuevos-frigorificos-lg-guia-definitiva\\\/#breadcrumb\"},\"inLanguage\":\"es\",\"potentialAction\":[{\"@type\":\"ReadAction\",\"target\":[\"https:\\\/\\\/www.milar.es\\\/blog\\\/nuevos-frigorificos-lg-guia-definitiva\\\/\"]}]},{\"@type\":\"ImageObject\",\"inLanguage\":\"es\",\"@id\":\"https:\\\/\\\/www.milar.es\\\/blog\\\/nuevos-frigorificos-lg-guia-definitiva\\\/#primaryimage\",\"url\":\"https:\\\/\\\/www.milar.es\\\/blog\\\/wp-content\\\/uploads\\\/2021\\\/03\\\/frigoLG-1-min.jpg\",\"contentUrl\":\"https:\\\/\\\/www.milar.es\\\/blog\\\/wp-content\\\/uploads\\\/2021\\\/03\\\/frigoLG-1-min.jpg\",\"width\":900,\"height\":600,\"caption\":\"nuevos frigor\u00edficos LG\"},{\"@type\":\"BreadcrumbList\",\"@id\":\"https:\\\/\\\/www.milar.es\\\/blog\\\/nuevos-frigorificos-lg-guia-definitiva\\\/#breadcrumb\",\"itemListElement\":[{\"@type\":\"ListItem\",\"position\":1,\"name\":\"Home\",\"item\":\"https:\\\/\\\/www.milar.es\\\/blog\\\/\"},{\"@type\":\"ListItem\",\"position\":2,\"name\":\"Nuevos frigor\u00edficos LG, gu\u00eda definitiva\"}]},{\"@type\":\"WebSite\",\"@id\":\"https:\\\/\\\/www.milar.es\\\/blog\\\/#website\",\"url\":\"https:\\\/\\\/www.milar.es\\\/blog\\\/\",\"name\":\"Milar Tendencias de electrodom\u00e9sticos\",\"description\":\"\",\"potentialAction\":[{\"@type\":\"SearchAction\",\"target\":{\"@type\":\"EntryPoint\",\"urlTemplate\":\"https:\\\/\\\/www.milar.es\\\/blog\\\/?s={search_term_string}\"},\"query-input\":{\"@type\":\"PropertyValueSpecification\",\"valueRequired\":true,\"valueName\":\"search_term_string\"}}],\"inLanguage\":\"es\"},{\"@type\":\"Person\",\"@id\":\"https:\\\/\\\/www.milar.es\\\/blog\\\/#\\\/schema\\\/person\\\/a63c4965e2d32a22be88aabb90c4f11f\",\"name\":\"Milar\",\"image\":{\"@type\":\"ImageObject\",\"inLanguage\":\"es\",\"@id\":\"https:\\\/\\\/secure.gravatar.com\\\/avatar\\\/1ff5211459d04644acdbe2d949c2a8626dc0f1e355d4830331235d147f36505a?s=96&d=mm&r=g\",\"url\":\"https:\\\/\\\/secure.gravatar.com\\\/avatar\\\/1ff5211459d04644acdbe2d949c2a8626dc0f1e355d4830331235d147f36505a?s=96&d=mm&r=g\",\"contentUrl\":\"https:\\\/\\\/secure.gravatar.com\\\/avatar\\\/1ff5211459d04644acdbe2d949c2a8626dc0f1e355d4830331235d147f36505a?s=96&d=mm&r=g\",\"caption\":\"Milar\"}}]}<\/script>\n<!-- \/ Yoast SEO plugin. -->","yoast_head_json":{"title":"Nuevos frigor\u00edficos LG, gu\u00eda definitiva - Milar Tendencias de electrodom\u00e9sticos","description":"Haz tu vida mucho m\u00e1s f\u00e1cil con los nuevos frigor\u00edficos LG. Cons\u00edguelos a un precio barato en Milar. \u00bfA que esperas para hacer clic?","robots":{"index":"index","follow":"follow","max-snippet":"max-snippet:-1","max-image-preview":"max-image-preview:large","max-video-preview":"max-video-preview:-1"},"canonical":"https:\/\/www.milar.es\/blog\/nuevos-frigorificos-lg-guia-definitiva\/","og_locale":"es_ES","og_type":"article","og_title":"Nuevos frigor\u00edficos LG, gu\u00eda definitiva - Milar Tendencias de electrodom\u00e9sticos","og_description":"Haz tu vida mucho m\u00e1s f\u00e1cil con los nuevos frigor\u00edficos LG. Cons\u00edguelos a un precio barato en Milar. \u00bfA que esperas para hacer clic?","og_url":"https:\/\/www.milar.es\/blog\/nuevos-frigorificos-lg-guia-definitiva\/","og_site_name":"Milar Tendencias de electrodom\u00e9sticos","article_published_time":"2021-01-01T08:52:22+00:00","article_modified_time":"2021-04-09T08:59:50+00:00","og_image":[{"width":900,"height":600,"url":"https:\/\/www.milar.es\/blog\/wp-content\/uploads\/2021\/03\/frigoLG-1-min.jpg","type":"image\/jpeg"}],"author":"Milar","twitter_card":"summary_large_image","twitter_misc":{"Escrito por":"Milar","Tiempo de lectura":"6 minutos"},"schema":{"@context":"https:\/\/schema.org","@graph":[{"@type":"Article","@id":"https:\/\/www.milar.es\/blog\/nuevos-frigorificos-lg-guia-definitiva\/#article","isPartOf":{"@id":"https:\/\/www.milar.es\/blog\/nuevos-frigorificos-lg-guia-definitiva\/"},"author":{"name":"Milar","@id":"https:\/\/www.milar.es\/blog\/#\/schema\/person\/a63c4965e2d32a22be88aabb90c4f11f"},"headline":"Nuevos frigor\u00edficos LG, gu\u00eda definitiva","datePublished":"2021-01-01T08:52:22+00:00","dateModified":"2021-04-09T08:59:50+00:00","mainEntityOfPage":{"@id":"https:\/\/www.milar.es\/blog\/nuevos-frigorificos-lg-guia-definitiva\/"},"wordCount":1075,"image":{"@id":"https:\/\/www.milar.es\/blog\/nuevos-frigorificos-lg-guia-definitiva\/#primaryimage"},"thumbnailUrl":"https:\/\/www.milar.es\/blog\/wp-content\/uploads\/2021\/03\/frigoLG-1-min.jpg","articleSection":["Electrodom\u00e9sticos","Frigor\u00edficos","Novedades"],"inLanguage":"es"},{"@type":"WebPage","@id":"https:\/\/www.milar.es\/blog\/nuevos-frigorificos-lg-guia-definitiva\/","url":"https:\/\/www.milar.es\/blog\/nuevos-frigorificos-lg-guia-definitiva\/","name":"Nuevos frigor\u00edficos LG, gu\u00eda definitiva - Milar Tendencias de electrodom\u00e9sticos","isPartOf":{"@id":"https:\/\/www.milar.es\/blog\/#website"},"primaryImageOfPage":{"@id":"https:\/\/www.milar.es\/blog\/nuevos-frigorificos-lg-guia-definitiva\/#primaryimage"},"image":{"@id":"https:\/\/www.milar.es\/blog\/nuevos-frigorificos-lg-guia-definitiva\/#primaryimage"},"thumbnailUrl":"https:\/\/www.milar.es\/blog\/wp-content\/uploads\/2021\/03\/frigoLG-1-min.jpg","datePublished":"2021-01-01T08:52:22+00:00","dateModified":"2021-04-09T08:59:50+00:00","author":{"@id":"https:\/\/www.milar.es\/blog\/#\/schema\/person\/a63c4965e2d32a22be88aabb90c4f11f"},"description":"Haz tu vida mucho m\u00e1s f\u00e1cil con los nuevos frigor\u00edficos LG. Cons\u00edguelos a un precio barato en Milar. \u00bfA que esperas para hacer clic?","breadcrumb":{"@id":"https:\/\/www.milar.es\/blog\/nuevos-frigorificos-lg-guia-definitiva\/#breadcrumb"},"inLanguage":"es","potentialAction":[{"@type":"ReadAction","target":["https:\/\/www.milar.es\/blog\/nuevos-frigorificos-lg-guia-definitiva\/"]}]},{"@type":"ImageObject","inLanguage":"es","@id":"https:\/\/www.milar.es\/blog\/nuevos-frigorificos-lg-guia-definitiva\/#primaryimage","url":"https:\/\/www.milar.es\/blog\/wp-content\/uploads\/2021\/03\/frigoLG-1-min.jpg","contentUrl":"https:\/\/www.milar.es\/blog\/wp-content\/uploads\/2021\/03\/frigoLG-1-min.jpg","width":900,"height":600,"caption":"nuevos frigor\u00edficos LG"},{"@type":"BreadcrumbList","@id":"https:\/\/www.milar.es\/blog\/nuevos-frigorificos-lg-guia-definitiva\/#breadcrumb","itemListElement":[{"@type":"ListItem","position":1,"name":"Home","item":"https:\/\/www.milar.es\/blog\/"},{"@type":"ListItem","position":2,"name":"Nuevos frigor\u00edficos LG, gu\u00eda definitiva"}]},{"@type":"WebSite","@id":"https:\/\/www.milar.es\/blog\/#website","url":"https:\/\/www.milar.es\/blog\/","name":"Milar Tendencias de electrodom\u00e9sticos","description":"","potentialAction":[{"@type":"SearchAction","target":{"@type":"EntryPoint","urlTemplate":"https:\/\/www.milar.es\/blog\/?s={search_term_string}"},"query-input":{"@type":"PropertyValueSpecification","valueRequired":true,"valueName":"search_term_string"}}],"inLanguage":"es"},{"@type":"Person","@id":"https:\/\/www.milar.es\/blog\/#\/schema\/person\/a63c4965e2d32a22be88aabb90c4f11f","name":"Milar","image":{"@type":"ImageObject","inLanguage":"es","@id":"https:\/\/secure.gravatar.com\/avatar\/1ff5211459d04644acdbe2d949c2a8626dc0f1e355d4830331235d147f36505a?s=96&d=mm&r=g","url":"https:\/\/secure.gravatar.com\/avatar\/1ff5211459d04644acdbe2d949c2a8626dc0f1e355d4830331235d147f36505a?s=96&d=mm&r=g","contentUrl":"https:\/\/secure.gravatar.com\/avatar\/1ff5211459d04644acdbe2d949c2a8626dc0f1e355d4830331235d147f36505a?s=96&d=mm&r=g","caption":"Milar"}}]}},"_links":{"self":[{"href":"https:\/\/www.milar.es\/blog\/wp-json\/wp\/v2\/posts\/6148","targetHints":{"allow":["GET"]}}],"collection":[{"href":"https:\/\/www.milar.es\/blog\/wp-json\/wp\/v2\/posts"}],"about":[{"href":"https:\/\/www.milar.es\/blog\/wp-json\/wp\/v2\/types\/post"}],"author":[{"embeddable":true,"href":"https:\/\/www.milar.es\/blog\/wp-json\/wp\/v2\/users\/1"}],"replies":[{"embeddable":true,"href":"https:\/\/www.milar.es\/blog\/wp-json\/wp\/v2\/comments?post=6148"}],"version-history":[{"count":9,"href":"https:\/\/www.milar.es\/blog\/wp-json\/wp\/v2\/posts\/6148\/revisions"}],"predecessor-version":[{"id":6216,"href":"https:\/\/www.milar.es\/blog\/wp-json\/wp\/v2\/posts\/6148\/revisions\/6216"}],"wp:featuredmedia":[{"embeddable":true,"href":"https:\/\/www.milar.es\/blog\/wp-json\/wp\/v2\/media\/6150"}],"wp:attachment":[{"href":"https:\/\/www.milar.es\/blog\/wp-json\/wp\/v2\/media?parent=6148"}],"wp:term":[{"taxonomy":"category","embeddable":true,"href":"https:\/\/www.milar.es\/blog\/wp-json\/wp\/v2\/categories?post=6148"},{"taxonomy":"post_tag","embeddable":true,"href":"https:\/\/www.milar.es\/blog\/wp-json\/wp\/v2\/tags?post=6148"}],"curies":[{"name":"wp","href":"https:\/\/api.w.org\/{rel}","templated":true}]}}