{"id":5680,"date":"2021-03-10T12:00:00","date_gmt":"2021-03-10T12:00:00","guid":{"rendered":"https:\/\/www.milar.es\/blog\/?p=5680"},"modified":"2025-04-02T11:02:10","modified_gmt":"2025-04-02T11:02:10","slug":"congelador-vertical-bajo-encimera-analisis-de-los-mejores-modelos","status":"publish","type":"post","link":"https:\/\/www.milar.es\/blog\/congelador-vertical-bajo-encimera-analisis-de-los-mejores-modelos\/","title":{"rendered":"Congelador vertical bajo encimera: an\u00e1lisis de los mejores modelos"},"content":{"rendered":"\n<p><strong>\u00a0<\/strong>\u00bfEl frigor\u00edfico combi de tu cocina se te ha quedado peque\u00f1o para la conservaci\u00f3n de tus alimentos congelados? \u00bfTu refrigerador no dispone de apartado de\u00a0<a href=\"https:\/\/www.milar.es\/congeladores-cocina.html\" target=\"_blank\" rel=\"noreferrer noopener\"><strong>congelador<\/strong><\/a>? Para solucionar cualquiera de estos problemas, la mejor opci\u00f3n es instalar en tu cocina un\u00a0<strong>congelador vertical bajo encimera.\u00a0<\/strong>Se trata de un electrodom\u00e9stico auxiliar que ser\u00e1 perfecto para aportarte ese extra de espacio de congelaci\u00f3n sin quitarte demasiado espacio en tu cocina. Hoy en<strong>\u00a0<\/strong><a href=\"https:\/\/www.milar.es\/\" target=\"_blank\" rel=\"noreferrer noopener\"><strong>Milar<\/strong><\/a>\u00a0te contamos todo lo que necesitas saber sobre los <strong><a href=\"https:\/\/www.milar.es\/blog\/nuevos-congeladores\/\">congeladores nuevos<\/a> verticales bajo encimera<\/strong> para que puedas escoger el modelo que mejor se adapte a tus necesidades.\u00a0<\/p>\n\n\n<div class=\"wp-block-image\">\n<figure class=\"aligncenter size-large\"><img loading=\"lazy\" decoding=\"async\" width=\"700\" height=\"467\" src=\"https:\/\/www.milar.es\/blog\/wp-content\/uploads\/2021\/09\/comparativa-congeladores-verticales-700x467.jpg\" alt=\"comparativa congeladores verticales\" class=\"wp-image-10212\" srcset=\"https:\/\/www.milar.es\/blog\/wp-content\/uploads\/2021\/09\/comparativa-congeladores-verticales-700x467.jpg 700w, https:\/\/www.milar.es\/blog\/wp-content\/uploads\/2021\/09\/comparativa-congeladores-verticales-250x167.jpg 250w, https:\/\/www.milar.es\/blog\/wp-content\/uploads\/2021\/09\/comparativa-congeladores-verticales-768x512.jpg 768w, https:\/\/www.milar.es\/blog\/wp-content\/uploads\/2021\/09\/comparativa-congeladores-verticales-120x80.jpg 120w, https:\/\/www.milar.es\/blog\/wp-content\/uploads\/2021\/09\/comparativa-congeladores-verticales.jpg 1200w\" sizes=\"auto, (max-width: 700px) 100vw, 700px\" \/><\/figure>\n<\/div>\n\n\n<h2 class=\"wp-block-heading has-text-align-center\">\u00bfPor qu\u00e9 comprar un congelador vertical bajo encimera?&nbsp;<\/h2>\n\n\n\n<p>Este electrodom\u00e9stico auxiliar te ser\u00e1 de gran ayuda para aumentar el espacio de congelaci\u00f3n para la conservaci\u00f3n de tus alimentos. Si sois muchos en casa,&nbsp;pero no dispones de gran espacio en la cocina, un<strong>&nbsp;congelador vertical bajo encimera<\/strong>&nbsp;ser\u00e1 la mejor opci\u00f3n para cumplir con tus necesidades sin quitarte tanto espacio.&nbsp;<\/p>\n\n\n\n<p>Adem\u00e1s, si quieres agregar este electrodom\u00e9stico a tu cocina,&nbsp;pero no quieres que se muestre por completo para mantener esa armon\u00eda de estilo y decoraci\u00f3n que has logrado en la estancia, podr\u00e1s hacerte con modelo de&nbsp;<strong>congelador vertical bajo encimera panelable.&nbsp;<\/strong>Este tipo de productos quedan parcialmente ocultos tras el tipo de panel que elijas. As\u00ed, podr\u00e1s mantener perfectamente la l\u00ednea de decoraci\u00f3n que sigues en tu cocina con el resto de muebles y electrodom\u00e9sticos sin que tu nuevo congelador llame demasiado la atenci\u00f3n.&nbsp;<\/p>\n\n\n\n<h2 class=\"wp-block-heading has-text-align-center\">\u00bfCu\u00e1l es el congelador vertical bajo encimera m\u00e1s resistente?<\/h2>\n\n\n\n<p>Pero, por supuesto, tambi\u00e9n puedes optar por la opci\u00f3n contraria. Si, por ejemplo, todos los electrodom\u00e9sticos de la estancia donde lo quieras colocar presentan una&nbsp;superficie de acero inoxidable, solo tendr\u00e1s que elegir tu&nbsp;<strong>congelador vertical bajo&nbsp;<\/strong><strong>encimera acero inoxidable<\/strong>&nbsp;para mantener el mismo estilo unificado con tu nueva adquisici\u00f3n. Adem\u00e1s, este tipo de material es m\u00e1s resistente y duradero, as\u00ed como f\u00e1cil de limpiar.&nbsp;<\/p>\n\n\n\n<p>Adem\u00e1s de la apariencia exterior, es importante que tengas en cuenta las innovaciones tecnol\u00f3gicas del modelo que escojas para equipar tu cocina. Para no tener que preocuparte por la descongelaci\u00f3n manual, ni por la formaci\u00f3n de escarcha, moho y malos olores, lo mejor&nbsp;ser\u00e1 que compres un&nbsp;<strong>congelador vertical bajo encimera No&nbsp;Frost.&nbsp;<\/strong>En estos modelos, el aire fr\u00edo se repartir\u00e1 de forma homog\u00e9nea por todo el espacio interior. As\u00ed, todos tus alimentos se conservar\u00e1n por igual, sin escarcha y de forma eficaz.&nbsp;<\/p>\n\n\n\n<h2 class=\"wp-block-heading has-text-align-center\">&nbsp;\u00bfQu\u00e9 modelo de congeladores verticales bajo encimera comprar?&nbsp;<\/h2>\n\n\n\n<p>Para ayudarte a que te hagas con el&nbsp;<strong>mejor congelador vertical bajo encimera&nbsp;<\/strong>para tu hogar, a continuaci\u00f3n,&nbsp;te mostramos nuestros mejores modelos disponibles para ti en la tienda online de&nbsp;<strong>Milar<\/strong>.&nbsp;<\/p>\n\n\n\n<p>El primer modelo del que queremos informarte es este&nbsp;<a href=\"https:\/\/www.milar.es\/congelador-electrolux-lyt3nf8w0-aplus.html\" target=\"_blank\" rel=\"noreferrer noopener\"><strong>congelador Electrolux LYT3NF8W0 F<\/strong><\/a><strong>.&nbsp;<\/strong>Este es un&nbsp;<strong>congelador vertical bajo encimera No Frost<\/strong>, para que no tengas nunca que preocuparte por nada y tengas asegurada la mejor conservaci\u00f3n de todos tus alimentos. Adem\u00e1s, este&nbsp;modelo <a href=\"https:\/\/www.milar.es\/electrolux.html\" target=\"_blank\" rel=\"noreferrer noopener\"><strong>Electrolux<\/strong><\/a>,&nbsp;tiene instalada la&nbsp;<strong>funci\u00f3n especial de&nbsp;ActionFreeze.<\/strong>&nbsp;Con ella, podr\u00e1s congelar una gran cantidad de alimentos m\u00e1s r\u00e1pidamente, ya que&nbsp;tu <strong><a href=\"https:\/\/www.milar.es\/congeladores-cocina\/de-electrolux.html\" target=\"_blank\" rel=\"noreferrer noopener\">congelador Electrolux<\/a><\/strong>&nbsp;alcanzar\u00e1&nbsp;la temperatura que desees en tan solo unos minutos.&nbsp;<\/p>\n\n\n<div class=\"wp-block-image\">\n<figure class=\"aligncenter size-large\"><a href=\"https:\/\/www.milar.es\/congelador-electrolux-lyt3nf8w0-aplus.html\"><img loading=\"lazy\" decoding=\"async\" width=\"700\" height=\"256\" src=\"https:\/\/www.milar.es\/blog\/wp-content\/uploads\/2021\/09\/BANNER-NUEVO-2021-09-06T150339.521-700x256.jpg\" alt=\"Congelador Electrolux LYT3NF8W0 F\" class=\"wp-image-10214\" srcset=\"https:\/\/www.milar.es\/blog\/wp-content\/uploads\/2021\/09\/BANNER-NUEVO-2021-09-06T150339.521-700x256.jpg 700w, https:\/\/www.milar.es\/blog\/wp-content\/uploads\/2021\/09\/BANNER-NUEVO-2021-09-06T150339.521-250x91.jpg 250w, https:\/\/www.milar.es\/blog\/wp-content\/uploads\/2021\/09\/BANNER-NUEVO-2021-09-06T150339.521-768x281.jpg 768w, https:\/\/www.milar.es\/blog\/wp-content\/uploads\/2021\/09\/BANNER-NUEVO-2021-09-06T150339.521-120x44.jpg 120w, https:\/\/www.milar.es\/blog\/wp-content\/uploads\/2021\/09\/BANNER-NUEVO-2021-09-06T150339.521.jpg 1200w\" sizes=\"auto, (max-width: 700px) 100vw, 700px\" \/><\/a><\/figure>\n<\/div>\n\n\n<p>Otra opci\u00f3n perfecta para ti es este <strong><a href=\"https:\/\/www.milar.es\/congelador-liebherr-gp-1213-e.html\" target=\"_blank\" rel=\"noreferrer noopener\">congelador Liebherr GP 1213 E<\/a><\/strong>. Este es un modelo que incluye<strong> tres grandes cajones<\/strong>, con todo el espacio que necesites para guardar incluso recipientes o alimentos de gran tama\u00f1o. Adem\u00e1s, con su&nbsp;<strong>tecnolog\u00eda&nbsp;FrostSafe,&nbsp;<\/strong>te asegurar\u00e1s&nbsp;de&nbsp;que el fr\u00edo no se escape nunca. Todos los cajones de este&nbsp;<strong>modelo <\/strong><a href=\"https:\/\/www.milar.es\/liebherr.html\" target=\"_blank\" rel=\"noreferrer noopener\"><strong>Liebherr<\/strong><\/a><strong>,&nbsp;<\/strong>est\u00e1n cerrados totalmente por los cuatro costados. De esta forma, cada vez que abras el <strong><a href=\"https:\/\/www.milar.es\/congeladores-cocina\/de-liebherr.html\" target=\"_blank\" rel=\"noreferrer noopener\">congelador Lieberr<\/a><\/strong> para introducir o sacar alimentos, te asegurar\u00e1s de que el fr\u00edo no se escapa y tu comida se sigue manteniendo perfecta.&nbsp;<\/p>\n\n\n<div class=\"wp-block-image\">\n<figure class=\"aligncenter size-large\"><a href=\"https:\/\/www.milar.es\/congelador-liebherr-gp-1213-e.html\"><img loading=\"lazy\" decoding=\"async\" width=\"700\" height=\"256\" src=\"https:\/\/www.milar.es\/blog\/wp-content\/uploads\/2021\/09\/BANNER-NUEVO-2021-09-06T150459.753-700x256.jpg\" alt=\"Congelador Liebherr GP 1213 E\" class=\"wp-image-10215\" srcset=\"https:\/\/www.milar.es\/blog\/wp-content\/uploads\/2021\/09\/BANNER-NUEVO-2021-09-06T150459.753-700x256.jpg 700w, https:\/\/www.milar.es\/blog\/wp-content\/uploads\/2021\/09\/BANNER-NUEVO-2021-09-06T150459.753-250x91.jpg 250w, https:\/\/www.milar.es\/blog\/wp-content\/uploads\/2021\/09\/BANNER-NUEVO-2021-09-06T150459.753-768x281.jpg 768w, https:\/\/www.milar.es\/blog\/wp-content\/uploads\/2021\/09\/BANNER-NUEVO-2021-09-06T150459.753-120x44.jpg 120w, https:\/\/www.milar.es\/blog\/wp-content\/uploads\/2021\/09\/BANNER-NUEVO-2021-09-06T150459.753.jpg 1200w\" sizes=\"auto, (max-width: 700px) 100vw, 700px\" \/><\/a><\/figure>\n<\/div>\n\n\n<p>Con este <strong><a href=\"https:\/\/www.milar.es\/congelador-beko-fne1073n-aplus.html\" target=\"_blank\" rel=\"noreferrer noopener\">congelador Beko FNE1073N F<\/a><\/strong> vas a aprovechar al m\u00e1ximo todo el espacio que te ofrece con una gran flexibilidad.&nbsp;Cuenta con&nbsp;<strong>autonom\u00eda sin corriente el\u00e9ctrica de hasta 10 horas<\/strong>. Es decir, el&nbsp;adecuado ambiente clim\u00e1tico y las condiciones de conservaci\u00f3n no se ver\u00e1n afectadas durante horas aunque el este modelo <strong><a href=\"https:\/\/www.milar.es\/beko.html\" target=\"_blank\" rel=\"noreferrer noopener\">Beko<\/a><\/strong> no est\u00e9 conectado a la corriente.&nbsp;Tambi\u00e9n es de destacar que este <strong><a href=\"https:\/\/www.milar.es\/congeladores-cocina\/de-beko.html\" target=\"_blank\" rel=\"noreferrer noopener\">congelador Beko<\/a><\/strong> tiene <strong>puertas reversibles<\/strong>, por lo que si te cambias de residencia o remodelas la cocina no tendr\u00e1s problema alguno.&nbsp;<\/p>\n\n\n<div class=\"wp-block-image\">\n<figure class=\"aligncenter size-large\"><a href=\"https:\/\/www.milar.es\/congelador-beko-fne1073n-aplus.html\"><img loading=\"lazy\" decoding=\"async\" width=\"700\" height=\"256\" src=\"https:\/\/www.milar.es\/blog\/wp-content\/uploads\/2021\/09\/BANNER-NUEVO-2021-09-06T150950.264-700x256.jpg\" alt=\"Congelador Beko FNE1073N F\" class=\"wp-image-10218\" srcset=\"https:\/\/www.milar.es\/blog\/wp-content\/uploads\/2021\/09\/BANNER-NUEVO-2021-09-06T150950.264-700x256.jpg 700w, https:\/\/www.milar.es\/blog\/wp-content\/uploads\/2021\/09\/BANNER-NUEVO-2021-09-06T150950.264-250x91.jpg 250w, https:\/\/www.milar.es\/blog\/wp-content\/uploads\/2021\/09\/BANNER-NUEVO-2021-09-06T150950.264-768x281.jpg 768w, https:\/\/www.milar.es\/blog\/wp-content\/uploads\/2021\/09\/BANNER-NUEVO-2021-09-06T150950.264-120x44.jpg 120w, https:\/\/www.milar.es\/blog\/wp-content\/uploads\/2021\/09\/BANNER-NUEVO-2021-09-06T150950.264.jpg 1200w\" sizes=\"auto, (max-width: 700px) 100vw, 700px\" \/><\/a><\/figure>\n<\/div>\n\n\n<p>Por su parte, este <strong><a href=\"https:\/\/www.milar.es\/congelador-balay-3guf233s-aplus.html\" target=\"_blank\" rel=\"noreferrer noopener\">congelador Balay 3GUF233S F<\/a><\/strong> cuenta con muy buenas opiniones. Con tan solo <strong>38 dB<\/strong>, este modelo <strong><a href=\"https:\/\/www.milar.es\/balay.html\" target=\"_blank\" rel=\"noreferrer noopener\">Balay<\/a><\/strong> es muy <strong>silencioso <\/strong>y apenas notar\u00e1s que se encuentra en funcionamiento. Adem\u00e1s, conservar\u00e1s de forma muy eficiente los alimentos introducidos en este <strong><a href=\"https:\/\/www.milar.es\/congeladores-cocina\/de-balay.html\" target=\"_blank\" rel=\"noreferrer noopener\">congelador Balay<\/a><\/strong> debido a su <strong>autonom\u00eda sin corriente el\u00e9ctrica de 10 h<\/strong> y a su <strong>cubitera<\/strong>, que te van a proporcionar un plus de comodidad. <\/p>\n\n\n<div class=\"wp-block-image\">\n<figure class=\"aligncenter size-large\"><a href=\"https:\/\/www.milar.es\/congelador-balay-3guf233s-aplus.html\"><img loading=\"lazy\" decoding=\"async\" width=\"700\" height=\"256\" src=\"https:\/\/www.milar.es\/blog\/wp-content\/uploads\/2021\/09\/BANNER-NUEVO-2021-09-06T152019.152-700x256.jpg\" alt=\"Congelador Balay 3GUF233S F\" class=\"wp-image-10219\" srcset=\"https:\/\/www.milar.es\/blog\/wp-content\/uploads\/2021\/09\/BANNER-NUEVO-2021-09-06T152019.152-700x256.jpg 700w, https:\/\/www.milar.es\/blog\/wp-content\/uploads\/2021\/09\/BANNER-NUEVO-2021-09-06T152019.152-250x91.jpg 250w, https:\/\/www.milar.es\/blog\/wp-content\/uploads\/2021\/09\/BANNER-NUEVO-2021-09-06T152019.152-768x281.jpg 768w, https:\/\/www.milar.es\/blog\/wp-content\/uploads\/2021\/09\/BANNER-NUEVO-2021-09-06T152019.152-120x44.jpg 120w, https:\/\/www.milar.es\/blog\/wp-content\/uploads\/2021\/09\/BANNER-NUEVO-2021-09-06T152019.152.jpg 1200w\" sizes=\"auto, (max-width: 700px) 100vw, 700px\" \/><\/a><\/figure>\n<\/div>\n\n\n<p>Como ves, lograr un extra de espacio de congelaci\u00f3n en tu hogar te resultar\u00e1 muy sencillo y c\u00f3modo instalando un&nbsp;<strong><a href=\"https:\/\/www.milar.es\/congeladores-pequenos.html\">congelador  vertical<\/a><\/strong> <strong>bajo encimera.&nbsp;<\/strong>Se trata de un electrodom\u00e9stico peque\u00f1o auxiliar que solucionar\u00e1 tus problemas de espacio y te ser\u00e1 de gran utilidad.&nbsp;Tambi\u00e9n puedes optar por un <strong><a href=\"https:\/\/www.milar.es\/blog\/motivos-para-comprar-un-arcon-congelador-horizontal\/\">arc\u00f3n congelador horizontal<\/a><\/strong> si requieres m\u00e1s capacidad y cuentas con m\u00e1s espacio. Solo tienes que escoger el modelo con las prestaciones que consideres m\u00e1s \u00fatiles para tu cocina. En <strong>Milar <\/strong>contamos con congeladores baratos, para todas las necesidades.&nbsp;<\/p>\n\n\n\n<p>Si tienes m\u00e1s dudas, siempre puedes informarte bien en&nbsp;<strong>Milar&nbsp;<\/strong>de todo lo que necesites para elegir&nbsp;en todo momento&nbsp;la opci\u00f3n ideal para equipar tu hogar.&nbsp;Consulta el cat\u00e1logo de peque\u00f1os electrodom\u00e9sticos como <strong><a href=\"https:\/\/www.milar.es\/blog\/tostador-pequeno-para-cocinas-con-espacio-reducido\/\" target=\"_blank\" rel=\"noreferrer noopener\">tostador peque\u00f1o<\/a><\/strong> disponible en Milar para escoger el modelo perfecto para ti.<\/p>\n\n\n\n<p>Si&nbsp;quieres saber m\u00e1s&nbsp;sobre congeladores&nbsp;y diversos sistemas de refrigeraci\u00f3n, solo tienes que seguir leyendo otros de nuestros art\u00edculos.<\/p>\n\n\n\n<p><strong><a href=\"https:\/\/www.milar.es\/blog\/congelador-pequeno-los-5-mejores-congeladores-espacios-reducidos\/\" target=\"_blank\" rel=\"noreferrer noopener\">Congeladores peque\u00f1os. Los 5 mejores congeladores para espacios reducidos<\/a><\/strong><\/p>\n\n\n\n<p><strong><a href=\"https:\/\/www.milar.es\/blog\/que-temperatura-del-congelador-es-optima-para-mantener-tus-alimentos-con-todas-sus-propiedades\/\" target=\"_blank\" rel=\"noreferrer noopener\">\u00bfQu\u00e9 temperatura del congelador es \u00f3ptima para mantener tus alimentos con todas sus propiedades?<\/a><\/strong><\/p>\n","protected":false},"excerpt":{"rendered":"\u00a0\u00bfEl frigor\u00edfico combi de tu cocina se te ha quedado peque\u00f1o para la conservaci\u00f3n de tus alimentos congelados? \u00bfTu refrigerador no dispone de apartado de\u00a0congelador? Para solucionar cualquiera de estos problemas, la mejor opci\u00f3n es instalar en tu cocina un\u00a0congelador vertical bajo encimera.\u00a0Se trata de un electrodom\u00e9stico auxiliar que ser\u00e1&#8230; <a class=\"view-article\" href=\"https:\/\/www.milar.es\/blog\/congelador-vertical-bajo-encimera-analisis-de-los-mejores-modelos\/\">Ver art\u00edculo<\/a>","protected":false},"author":1,"featured_media":10212,"comment_status":"closed","ping_status":"closed","sticky":false,"template":"","format":"standard","meta":{"footnotes":""},"categories":[20,2],"tags":[],"class_list":["post-5680","post","type-post","status-publish","format-standard","has-post-thumbnail","hentry","category-cocina","category-electrodomesticos"],"yoast_head":"<!-- This site is optimized with the Yoast SEO plugin v27.5 - https:\/\/yoast.com\/product\/yoast-seo-wordpress\/ -->\n<title>Congelador vertical bajo encimera: an\u00e1lisis de los mejores modelos - Milar Tendencias de electrodom\u00e9sticos<\/title>\n<meta name=\"description\" content=\"No te pierdas nuestro an\u00e1lisis sobre los modelos de congelador vertical bajo encimera y descubre cu\u00e1les son los mejores modelos del mercado.\" \/>\n<meta name=\"robots\" content=\"index, follow, max-snippet:-1, max-image-preview:large, max-video-preview:-1\" \/>\n<link rel=\"canonical\" href=\"https:\/\/www.milar.es\/blog\/congelador-vertical-bajo-encimera-analisis-de-los-mejores-modelos\/\" \/>\n<meta property=\"og:locale\" content=\"es_ES\" \/>\n<meta property=\"og:type\" content=\"article\" \/>\n<meta property=\"og:title\" content=\"Congelador vertical bajo encimera: an\u00e1lisis de los mejores modelos - Milar Tendencias de electrodom\u00e9sticos\" \/>\n<meta property=\"og:description\" content=\"No te pierdas nuestro an\u00e1lisis sobre los modelos de congelador vertical bajo encimera y descubre cu\u00e1les son los mejores modelos del mercado.\" \/>\n<meta property=\"og:url\" content=\"https:\/\/www.milar.es\/blog\/congelador-vertical-bajo-encimera-analisis-de-los-mejores-modelos\/\" \/>\n<meta property=\"og:site_name\" content=\"Milar Tendencias de electrodom\u00e9sticos\" \/>\n<meta property=\"article:published_time\" content=\"2021-03-10T12:00:00+00:00\" \/>\n<meta property=\"article:modified_time\" content=\"2025-04-02T11:02:10+00:00\" \/>\n<meta property=\"og:image\" content=\"https:\/\/www.milar.es\/blog\/wp-content\/uploads\/2021\/09\/comparativa-congeladores-verticales.jpg\" \/>\n\t<meta property=\"og:image:width\" content=\"1200\" \/>\n\t<meta property=\"og:image:height\" content=\"800\" \/>\n\t<meta property=\"og:image:type\" content=\"image\/jpeg\" \/>\n<meta name=\"author\" content=\"Milar\" \/>\n<meta name=\"twitter:card\" content=\"summary_large_image\" \/>\n<meta name=\"twitter:label1\" content=\"Escrito por\" \/>\n\t<meta name=\"twitter:data1\" content=\"Milar\" \/>\n\t<meta name=\"twitter:label2\" content=\"Tiempo de lectura\" \/>\n\t<meta name=\"twitter:data2\" content=\"6 minutos\" \/>\n<script type=\"application\/ld+json\" class=\"yoast-schema-graph\">{\"@context\":\"https:\\\/\\\/schema.org\",\"@graph\":[{\"@type\":\"Article\",\"@id\":\"https:\\\/\\\/www.milar.es\\\/blog\\\/congelador-vertical-bajo-encimera-analisis-de-los-mejores-modelos\\\/#article\",\"isPartOf\":{\"@id\":\"https:\\\/\\\/www.milar.es\\\/blog\\\/congelador-vertical-bajo-encimera-analisis-de-los-mejores-modelos\\\/\"},\"author\":{\"name\":\"Milar\",\"@id\":\"https:\\\/\\\/www.milar.es\\\/blog\\\/#\\\/schema\\\/person\\\/a63c4965e2d32a22be88aabb90c4f11f\"},\"headline\":\"Congelador vertical bajo encimera: an\u00e1lisis de los mejores modelos\",\"datePublished\":\"2021-03-10T12:00:00+00:00\",\"dateModified\":\"2025-04-02T11:02:10+00:00\",\"mainEntityOfPage\":{\"@id\":\"https:\\\/\\\/www.milar.es\\\/blog\\\/congelador-vertical-bajo-encimera-analisis-de-los-mejores-modelos\\\/\"},\"wordCount\":1100,\"image\":{\"@id\":\"https:\\\/\\\/www.milar.es\\\/blog\\\/congelador-vertical-bajo-encimera-analisis-de-los-mejores-modelos\\\/#primaryimage\"},\"thumbnailUrl\":\"https:\\\/\\\/www.milar.es\\\/blog\\\/wp-content\\\/uploads\\\/2021\\\/09\\\/comparativa-congeladores-verticales.jpg\",\"articleSection\":[\"Cocina\",\"Electrodom\u00e9sticos\"],\"inLanguage\":\"es\"},{\"@type\":\"WebPage\",\"@id\":\"https:\\\/\\\/www.milar.es\\\/blog\\\/congelador-vertical-bajo-encimera-analisis-de-los-mejores-modelos\\\/\",\"url\":\"https:\\\/\\\/www.milar.es\\\/blog\\\/congelador-vertical-bajo-encimera-analisis-de-los-mejores-modelos\\\/\",\"name\":\"Congelador vertical bajo encimera: an\u00e1lisis de los mejores modelos - Milar Tendencias de electrodom\u00e9sticos\",\"isPartOf\":{\"@id\":\"https:\\\/\\\/www.milar.es\\\/blog\\\/#website\"},\"primaryImageOfPage\":{\"@id\":\"https:\\\/\\\/www.milar.es\\\/blog\\\/congelador-vertical-bajo-encimera-analisis-de-los-mejores-modelos\\\/#primaryimage\"},\"image\":{\"@id\":\"https:\\\/\\\/www.milar.es\\\/blog\\\/congelador-vertical-bajo-encimera-analisis-de-los-mejores-modelos\\\/#primaryimage\"},\"thumbnailUrl\":\"https:\\\/\\\/www.milar.es\\\/blog\\\/wp-content\\\/uploads\\\/2021\\\/09\\\/comparativa-congeladores-verticales.jpg\",\"datePublished\":\"2021-03-10T12:00:00+00:00\",\"dateModified\":\"2025-04-02T11:02:10+00:00\",\"author\":{\"@id\":\"https:\\\/\\\/www.milar.es\\\/blog\\\/#\\\/schema\\\/person\\\/a63c4965e2d32a22be88aabb90c4f11f\"},\"description\":\"No te pierdas nuestro an\u00e1lisis sobre los modelos de congelador vertical bajo encimera y descubre cu\u00e1les son los mejores modelos del mercado.\",\"breadcrumb\":{\"@id\":\"https:\\\/\\\/www.milar.es\\\/blog\\\/congelador-vertical-bajo-encimera-analisis-de-los-mejores-modelos\\\/#breadcrumb\"},\"inLanguage\":\"es\",\"potentialAction\":[{\"@type\":\"ReadAction\",\"target\":[\"https:\\\/\\\/www.milar.es\\\/blog\\\/congelador-vertical-bajo-encimera-analisis-de-los-mejores-modelos\\\/\"]}]},{\"@type\":\"ImageObject\",\"inLanguage\":\"es\",\"@id\":\"https:\\\/\\\/www.milar.es\\\/blog\\\/congelador-vertical-bajo-encimera-analisis-de-los-mejores-modelos\\\/#primaryimage\",\"url\":\"https:\\\/\\\/www.milar.es\\\/blog\\\/wp-content\\\/uploads\\\/2021\\\/09\\\/comparativa-congeladores-verticales.jpg\",\"contentUrl\":\"https:\\\/\\\/www.milar.es\\\/blog\\\/wp-content\\\/uploads\\\/2021\\\/09\\\/comparativa-congeladores-verticales.jpg\",\"width\":1200,\"height\":800,\"caption\":\"comparativa congeladores verticales\"},{\"@type\":\"BreadcrumbList\",\"@id\":\"https:\\\/\\\/www.milar.es\\\/blog\\\/congelador-vertical-bajo-encimera-analisis-de-los-mejores-modelos\\\/#breadcrumb\",\"itemListElement\":[{\"@type\":\"ListItem\",\"position\":1,\"name\":\"Home\",\"item\":\"https:\\\/\\\/www.milar.es\\\/blog\\\/\"},{\"@type\":\"ListItem\",\"position\":2,\"name\":\"Congelador vertical bajo encimera: an\u00e1lisis de los mejores modelos\"}]},{\"@type\":\"WebSite\",\"@id\":\"https:\\\/\\\/www.milar.es\\\/blog\\\/#website\",\"url\":\"https:\\\/\\\/www.milar.es\\\/blog\\\/\",\"name\":\"Milar Tendencias de electrodom\u00e9sticos\",\"description\":\"\",\"potentialAction\":[{\"@type\":\"SearchAction\",\"target\":{\"@type\":\"EntryPoint\",\"urlTemplate\":\"https:\\\/\\\/www.milar.es\\\/blog\\\/?s={search_term_string}\"},\"query-input\":{\"@type\":\"PropertyValueSpecification\",\"valueRequired\":true,\"valueName\":\"search_term_string\"}}],\"inLanguage\":\"es\"},{\"@type\":\"Person\",\"@id\":\"https:\\\/\\\/www.milar.es\\\/blog\\\/#\\\/schema\\\/person\\\/a63c4965e2d32a22be88aabb90c4f11f\",\"name\":\"Milar\",\"image\":{\"@type\":\"ImageObject\",\"inLanguage\":\"es\",\"@id\":\"https:\\\/\\\/secure.gravatar.com\\\/avatar\\\/1ff5211459d04644acdbe2d949c2a8626dc0f1e355d4830331235d147f36505a?s=96&d=mm&r=g\",\"url\":\"https:\\\/\\\/secure.gravatar.com\\\/avatar\\\/1ff5211459d04644acdbe2d949c2a8626dc0f1e355d4830331235d147f36505a?s=96&d=mm&r=g\",\"contentUrl\":\"https:\\\/\\\/secure.gravatar.com\\\/avatar\\\/1ff5211459d04644acdbe2d949c2a8626dc0f1e355d4830331235d147f36505a?s=96&d=mm&r=g\",\"caption\":\"Milar\"}}]}<\/script>\n<!-- \/ Yoast SEO plugin. -->","yoast_head_json":{"title":"Congelador vertical bajo encimera: an\u00e1lisis de los mejores modelos - Milar Tendencias de electrodom\u00e9sticos","description":"No te pierdas nuestro an\u00e1lisis sobre los modelos de congelador vertical bajo encimera y descubre cu\u00e1les son los mejores modelos del mercado.","robots":{"index":"index","follow":"follow","max-snippet":"max-snippet:-1","max-image-preview":"max-image-preview:large","max-video-preview":"max-video-preview:-1"},"canonical":"https:\/\/www.milar.es\/blog\/congelador-vertical-bajo-encimera-analisis-de-los-mejores-modelos\/","og_locale":"es_ES","og_type":"article","og_title":"Congelador vertical bajo encimera: an\u00e1lisis de los mejores modelos - Milar Tendencias de electrodom\u00e9sticos","og_description":"No te pierdas nuestro an\u00e1lisis sobre los modelos de congelador vertical bajo encimera y descubre cu\u00e1les son los mejores modelos del mercado.","og_url":"https:\/\/www.milar.es\/blog\/congelador-vertical-bajo-encimera-analisis-de-los-mejores-modelos\/","og_site_name":"Milar Tendencias de electrodom\u00e9sticos","article_published_time":"2021-03-10T12:00:00+00:00","article_modified_time":"2025-04-02T11:02:10+00:00","og_image":[{"width":1200,"height":800,"url":"https:\/\/www.milar.es\/blog\/wp-content\/uploads\/2021\/09\/comparativa-congeladores-verticales.jpg","type":"image\/jpeg"}],"author":"Milar","twitter_card":"summary_large_image","twitter_misc":{"Escrito por":"Milar","Tiempo de lectura":"6 minutos"},"schema":{"@context":"https:\/\/schema.org","@graph":[{"@type":"Article","@id":"https:\/\/www.milar.es\/blog\/congelador-vertical-bajo-encimera-analisis-de-los-mejores-modelos\/#article","isPartOf":{"@id":"https:\/\/www.milar.es\/blog\/congelador-vertical-bajo-encimera-analisis-de-los-mejores-modelos\/"},"author":{"name":"Milar","@id":"https:\/\/www.milar.es\/blog\/#\/schema\/person\/a63c4965e2d32a22be88aabb90c4f11f"},"headline":"Congelador vertical bajo encimera: an\u00e1lisis de los mejores modelos","datePublished":"2021-03-10T12:00:00+00:00","dateModified":"2025-04-02T11:02:10+00:00","mainEntityOfPage":{"@id":"https:\/\/www.milar.es\/blog\/congelador-vertical-bajo-encimera-analisis-de-los-mejores-modelos\/"},"wordCount":1100,"image":{"@id":"https:\/\/www.milar.es\/blog\/congelador-vertical-bajo-encimera-analisis-de-los-mejores-modelos\/#primaryimage"},"thumbnailUrl":"https:\/\/www.milar.es\/blog\/wp-content\/uploads\/2021\/09\/comparativa-congeladores-verticales.jpg","articleSection":["Cocina","Electrodom\u00e9sticos"],"inLanguage":"es"},{"@type":"WebPage","@id":"https:\/\/www.milar.es\/blog\/congelador-vertical-bajo-encimera-analisis-de-los-mejores-modelos\/","url":"https:\/\/www.milar.es\/blog\/congelador-vertical-bajo-encimera-analisis-de-los-mejores-modelos\/","name":"Congelador vertical bajo encimera: an\u00e1lisis de los mejores modelos - Milar Tendencias de electrodom\u00e9sticos","isPartOf":{"@id":"https:\/\/www.milar.es\/blog\/#website"},"primaryImageOfPage":{"@id":"https:\/\/www.milar.es\/blog\/congelador-vertical-bajo-encimera-analisis-de-los-mejores-modelos\/#primaryimage"},"image":{"@id":"https:\/\/www.milar.es\/blog\/congelador-vertical-bajo-encimera-analisis-de-los-mejores-modelos\/#primaryimage"},"thumbnailUrl":"https:\/\/www.milar.es\/blog\/wp-content\/uploads\/2021\/09\/comparativa-congeladores-verticales.jpg","datePublished":"2021-03-10T12:00:00+00:00","dateModified":"2025-04-02T11:02:10+00:00","author":{"@id":"https:\/\/www.milar.es\/blog\/#\/schema\/person\/a63c4965e2d32a22be88aabb90c4f11f"},"description":"No te pierdas nuestro an\u00e1lisis sobre los modelos de congelador vertical bajo encimera y descubre cu\u00e1les son los mejores modelos del mercado.","breadcrumb":{"@id":"https:\/\/www.milar.es\/blog\/congelador-vertical-bajo-encimera-analisis-de-los-mejores-modelos\/#breadcrumb"},"inLanguage":"es","potentialAction":[{"@type":"ReadAction","target":["https:\/\/www.milar.es\/blog\/congelador-vertical-bajo-encimera-analisis-de-los-mejores-modelos\/"]}]},{"@type":"ImageObject","inLanguage":"es","@id":"https:\/\/www.milar.es\/blog\/congelador-vertical-bajo-encimera-analisis-de-los-mejores-modelos\/#primaryimage","url":"https:\/\/www.milar.es\/blog\/wp-content\/uploads\/2021\/09\/comparativa-congeladores-verticales.jpg","contentUrl":"https:\/\/www.milar.es\/blog\/wp-content\/uploads\/2021\/09\/comparativa-congeladores-verticales.jpg","width":1200,"height":800,"caption":"comparativa congeladores verticales"},{"@type":"BreadcrumbList","@id":"https:\/\/www.milar.es\/blog\/congelador-vertical-bajo-encimera-analisis-de-los-mejores-modelos\/#breadcrumb","itemListElement":[{"@type":"ListItem","position":1,"name":"Home","item":"https:\/\/www.milar.es\/blog\/"},{"@type":"ListItem","position":2,"name":"Congelador vertical bajo encimera: an\u00e1lisis de los mejores modelos"}]},{"@type":"WebSite","@id":"https:\/\/www.milar.es\/blog\/#website","url":"https:\/\/www.milar.es\/blog\/","name":"Milar Tendencias de electrodom\u00e9sticos","description":"","potentialAction":[{"@type":"SearchAction","target":{"@type":"EntryPoint","urlTemplate":"https:\/\/www.milar.es\/blog\/?s={search_term_string}"},"query-input":{"@type":"PropertyValueSpecification","valueRequired":true,"valueName":"search_term_string"}}],"inLanguage":"es"},{"@type":"Person","@id":"https:\/\/www.milar.es\/blog\/#\/schema\/person\/a63c4965e2d32a22be88aabb90c4f11f","name":"Milar","image":{"@type":"ImageObject","inLanguage":"es","@id":"https:\/\/secure.gravatar.com\/avatar\/1ff5211459d04644acdbe2d949c2a8626dc0f1e355d4830331235d147f36505a?s=96&d=mm&r=g","url":"https:\/\/secure.gravatar.com\/avatar\/1ff5211459d04644acdbe2d949c2a8626dc0f1e355d4830331235d147f36505a?s=96&d=mm&r=g","contentUrl":"https:\/\/secure.gravatar.com\/avatar\/1ff5211459d04644acdbe2d949c2a8626dc0f1e355d4830331235d147f36505a?s=96&d=mm&r=g","caption":"Milar"}}]}},"_links":{"self":[{"href":"https:\/\/www.milar.es\/blog\/wp-json\/wp\/v2\/posts\/5680","targetHints":{"allow":["GET"]}}],"collection":[{"href":"https:\/\/www.milar.es\/blog\/wp-json\/wp\/v2\/posts"}],"about":[{"href":"https:\/\/www.milar.es\/blog\/wp-json\/wp\/v2\/types\/post"}],"author":[{"embeddable":true,"href":"https:\/\/www.milar.es\/blog\/wp-json\/wp\/v2\/users\/1"}],"replies":[{"embeddable":true,"href":"https:\/\/www.milar.es\/blog\/wp-json\/wp\/v2\/comments?post=5680"}],"version-history":[{"count":13,"href":"https:\/\/www.milar.es\/blog\/wp-json\/wp\/v2\/posts\/5680\/revisions"}],"predecessor-version":[{"id":14652,"href":"https:\/\/www.milar.es\/blog\/wp-json\/wp\/v2\/posts\/5680\/revisions\/14652"}],"wp:featuredmedia":[{"embeddable":true,"href":"https:\/\/www.milar.es\/blog\/wp-json\/wp\/v2\/media\/10212"}],"wp:attachment":[{"href":"https:\/\/www.milar.es\/blog\/wp-json\/wp\/v2\/media?parent=5680"}],"wp:term":[{"taxonomy":"category","embeddable":true,"href":"https:\/\/www.milar.es\/blog\/wp-json\/wp\/v2\/categories?post=5680"},{"taxonomy":"post_tag","embeddable":true,"href":"https:\/\/www.milar.es\/blog\/wp-json\/wp\/v2\/tags?post=5680"}],"curies":[{"name":"wp","href":"https:\/\/api.w.org\/{rel}","templated":true}]}}