{"id":5537,"date":"2021-01-11T10:00:00","date_gmt":"2021-01-11T10:00:00","guid":{"rendered":"https:\/\/www.milar.es\/blog\/?p=5537"},"modified":"2024-06-24T09:51:15","modified_gmt":"2024-06-24T09:51:15","slug":"guia-definitiva-sobre-como-instalar-un-microondas-integrable","status":"publish","type":"post","link":"https:\/\/www.milar.es\/blog\/guia-definitiva-sobre-como-instalar-un-microondas-integrable\/","title":{"rendered":"Gu\u00eda definitiva sobre c\u00f3mo instalar un microondas integrable"},"content":{"rendered":"\n<p>Un&nbsp;<strong>microondas integrable<\/strong>&nbsp;se adapta perfectamente a la disposici\u00f3n y dise\u00f1o de tu cocina. Este tipo de&nbsp;<a rel=\"noreferrer noopener\" href=\"https:\/\/www.milar.es\/microondas-cocina.html\" target=\"_blank\">microondas<\/a>&nbsp;se colocan encastrados en un mueble de cocina&nbsp;en vez de apoyarse en la encimera como ocurre con los microondas de libre instalaci\u00f3n. As\u00ed obtienes un dise\u00f1o m\u00e1s elegante y atractivo&nbsp;en tu cocina y dispones de mayor espacio para preparar tus alimentos.&nbsp;Si necesitar ayuda para instalar tu<strong>&nbsp;microondas integrable<\/strong>, a&nbsp;continuaci\u00f3n&nbsp;te damos varios trucos. No olvides que en&nbsp;<a rel=\"noreferrer noopener\" href=\"https:\/\/www.milar.es\/\" target=\"_blank\"><strong>Milar<\/strong><\/a><strong>&nbsp;<\/strong>tenemos para ti numerosos modelos de&nbsp;<a rel=\"noreferrer noopener\" href=\"https:\/\/www.milar.es\/microondas-integrables-cocina.html\" target=\"_blank\"><strong>microondas&nbsp;integrables<\/strong><\/a><strong>&nbsp;<\/strong>de diversas marcas y distintas prestaciones para que escojas el&nbsp;<strong>microondas integrable&nbsp;<\/strong>perfecto para ti.<strong>&nbsp;<\/strong>&nbsp;<\/p>\n\n\n\n<figure class=\"wp-block-image size-large\"><img loading=\"lazy\" decoding=\"async\" width=\"900\" height=\"600\" src=\"https:\/\/www.milar.es\/blog\/wp-content\/uploads\/2021\/01\/instalar-microondas-integrable-min.jpg\" alt=\"instalar microondas integrable\" class=\"wp-image-5538\"\/><\/figure>\n\n\n\n<h2 class=\"wp-block-heading has-text-align-center\"><strong>\u00bfC\u00f3mo instalar un microondas integrable?<\/strong>&nbsp;<\/h2>\n\n\n\n<p>Instalar un microondas integrable en tu cocina es muy sencillo y podr\u00e1s hacerlo t\u00fa mismo sin ninguna complicaci\u00f3n.&nbsp;<\/p>\n\n\n\n<ul class=\"wp-block-list\">\n<li>Antes que nada, ten claras las medidas del espacio prefijado donde vas a colocar tu microondas, as\u00ed como las <strong><a href=\"https:\/\/www.milar.es\/blog\/microondas-pequenos-para-todo-tipo-de-estancias-conoce-sus-medidas\/\">medidas de un microondas<\/a><\/strong> que todo encaje perfectamente.\u00a0<\/li>\n<\/ul>\n\n\n\n<ul class=\"wp-block-list\">\n<li>El&nbsp;<strong>montaje de un microondas integrable&nbsp;<\/strong>es una tarea que podr\u00e1 hacer de manera s\u00faper f\u00e1cil. Primero tienes que colocar las cuatro patas fijas en la parte inferior del microondas. Se instalan sin necesidad de tornillos, solo tienes que ajustarlas manualmente.&nbsp;<\/li>\n\n\n\n<li>Algunos<strong>&nbsp;microondas integrables&nbsp;<\/strong>incorporan una pieza en el caso de que la balda donde vayas a colocarlo sea estrecha. Esta pieza permitir\u00e1 que el tornillo se fije correctamente al mueble.&nbsp;<\/li>\n\n\n\n<li>Tambi\u00e9n deber\u00e1s ajustar otra pieza en la parte superior que tiene la funci\u00f3n de fijar correctamente el microondas a la parte alta del mueble.&nbsp;<\/li>\n\n\n\n<li>Despu\u00e9s tienes que colocar el marco. Muchos microondas incorporan un sistema de&nbsp;clipajepara que poner el marco no necesite ninguna herramienta extra. Solo tendr\u00e1s que empujar el marco hasta escuchar el \u00a1clic! Y listo.&nbsp;<\/li>\n\n\n\n<li>Por \u00faltimo, solo tienes que introducir tu microondas en el espacio de encastre y enchufarlo a la red el\u00e9ctrica. Aseg\u00farate de que est\u00e1 bien centrado. Ahora s\u00ed, solo tienes que atornillar el tornillo hasta que est\u00e9 perfectamente fijado. \u00a1Ya puedes utilizar tu&nbsp;<strong>microondas integrable!<\/strong>&nbsp;<\/li>\n<\/ul>\n\n\n\n<p><strong>Para instalar un microondas integrable sin marco&nbsp;<\/strong>solo tendr\u00e1s que realizar algunos pasos distintos.&nbsp;<\/p>\n\n\n\n<ul class=\"wp-block-list\">\n<li>Tras tener controladas todas las medidas, deber\u00e1s atornillar una peque\u00f1a pieza en el lateral del mueble donde vas a colocarlo.&nbsp;<\/li>\n\n\n\n<li>Dependiendo del modelo de<strong>&nbsp;microondas integrable<\/strong>, este incluir\u00e1 unas peque\u00f1as pesta\u00f1as en un lateral para que en funci\u00f3n de cu\u00e1ntas de estas pesta\u00f1as dobles, obtengas un mayor espacio entre el mueble y el microondas.&nbsp;<\/li>\n\n\n\n<li>Despu\u00e9s solo tendr\u00e1s&nbsp;que colocar en el espacio tu microondas y encajarlo bien con la pieza que has colocado al principio&nbsp;y colocar los tornillos correspondientes seg\u00fan tu modelo.&nbsp;<\/li>\n<\/ul>\n\n\n\n<h2 class=\"wp-block-heading has-text-align-center\"><strong>Comparativa de microondas integrables<\/strong>&nbsp;<\/h2>\n\n\n\n<p>Si no sabes qu\u00e9 modelo de&nbsp;<strong>microondas integrable<\/strong>&nbsp;es el m\u00e1s adecuado para tus necesidades, aqu\u00ed te dejamos algunos de los modelos que os recomendamos.&nbsp;<\/p>\n\n\n\n<p>Cocinar con este&nbsp;<strong><a href=\"https:\/\/www.milar.es\/microondas-bosch-bel554mw0-con-grill.html\">Microondas Bosch BEL554MW0 con grill<\/a>&nbsp;<\/strong>te ser\u00e1 muy sencillo gracias a sus&nbsp;<strong>recetas&nbsp;pre-programadas.&nbsp;<\/strong>Con estas funciones, solo tendr\u00e1s que introducir los alimentos correspondientes y este<strong>&nbsp;microondas integrable<\/strong>&nbsp;de&nbsp;<a rel=\"noreferrer noopener\" href=\"https:\/\/www.milar.es\/bosch.html\" target=\"_blank\"><strong>Bosch<\/strong><\/a>&nbsp;los cocinar\u00e1 de la mejor manera y en su punto justo. Adem\u00e1s, al&nbsp;<strong>instalar este microondas integrable de Bosch&nbsp;<\/strong>en tu cocina&nbsp;podr\u00e1s controlar perfectamente los tiempos de cocci\u00f3n con su&nbsp;<strong>reloj integrado digital.<\/strong>&nbsp;<\/p>\n\n\n\n<figure class=\"wp-block-image size-large\"><a href=\"https:\/\/www.milar.es\/microondas-bosch-bel554mw0-con-grill.html\"><img loading=\"lazy\" decoding=\"async\" width=\"694\" height=\"254\" src=\"https:\/\/www.milar.es\/blog\/wp-content\/uploads\/2021\/01\/MICROONDAS-BOSCH-BEL554MW0-min.jpg\" alt=\"Microondas Bosch BEL554MW0 con grill\" class=\"wp-image-5539\"\/><\/a><\/figure>\n\n\n\n<p>No te arrepentir\u00e1s si te decides por<strong>&nbsp;instalar este microondas integrable de Balay<\/strong>. Este modelo de&nbsp;<a rel=\"noreferrer noopener\" href=\"https:\/\/www.milar.es\/microondas-balay-3cg5172b0-800w.html\" target=\"_blank\"><strong>Microondas Balay 3CG5172B0<\/strong><\/a><strong>&nbsp;<\/strong>incorpora&nbsp;<strong>mandos deslizantes<\/strong>&nbsp;muy intuitivos y sencillos de utilizar.&nbsp;Adem\u00e1s, con su funci\u00f3n de limpieza por&nbsp;<strong>Aqualisis&nbsp;<\/strong>podr\u00e1s limpiar todo el interior del microondas empleando poco tiempo y esfuerzo. Solo&nbsp;tendr\u00e1s que vaciar este microondas de<a rel=\"noreferrer noopener\" href=\"https:\/\/www.milar.es\/balay.html\" target=\"_blank\"><strong>Balay<\/strong><\/a>, colocar un poco de agua con jab\u00f3n y activar la funci\u00f3n. Es tambi\u00e9n un sistema muy ecol\u00f3gico.&nbsp;<\/p>\n\n\n\n<figure class=\"wp-block-image size-large\"><a href=\"https:\/\/www.milar.es\/microondas-balay-3cg5172b0-800w.html\"><img loading=\"lazy\" decoding=\"async\" width=\"694\" height=\"254\" src=\"https:\/\/www.milar.es\/blog\/wp-content\/uploads\/2021\/01\/MICROONDAS-BALAY-3CG5172B0-min.jpg\" alt=\"Microondas Balay 3CG5172B0\" class=\"wp-image-5540\"\/><\/a><\/figure>\n\n\n\n<p>Si escoges este&nbsp;<a rel=\"noreferrer noopener\" href=\"https:\/\/www.milar.es\/microondas-siemens-be525lms0-grill.html\" target=\"_blank\"><strong>Microondas Siemens BE525LMS0<\/strong><\/a><strong>&nbsp;<\/strong>podr\u00e1s obtener comidas gratinadas y crujientes gracias a su&nbsp;<strong>funci\u00f3n grill.<\/strong>&nbsp;No necesitar\u00e1s horno para que tus pizzas queden perfectas. Si el dise\u00f1o y estilo de tu cocina es un punto importante a la hora de tomar una decisi\u00f3n, debes <strong>instalar este microondas integrable de Siemens&nbsp;<\/strong>en tu casa. Este microondas de<strong>&nbsp;<a rel=\"noreferrer noopener\" href=\"https:\/\/www.milar.es\/siemens.html\" target=\"_blank\">Siemens<\/a><\/strong> presenta un dise\u00f1o moderno y elegante en color negro que al no tener marco logra una apariencia sencilla pero sobria.&nbsp;<\/p>\n\n\n\n<figure class=\"wp-block-image size-large\"><a href=\"https:\/\/www.milar.es\/microondas-siemens-be525lms0-grill.html\"><img loading=\"lazy\" decoding=\"async\" width=\"694\" height=\"254\" src=\"https:\/\/www.milar.es\/blog\/wp-content\/uploads\/2021\/01\/MICROONDAS-SIEMENS-BE525LMS0-min.jpg\" alt=\"Microondas Siemens BE525LMS0\" class=\"wp-image-5541\"\/><\/a><\/figure>\n\n\n\n<p>Definitivamente, equipar tu hogar con un&nbsp;<strong>microondas integrable<\/strong>&nbsp;es una opci\u00f3n estupenda. Como has visto, son muy sencillos de instalar, quedan perfectamente integrados en tu cocina dej\u00e1ndote m\u00e1s espacio&nbsp;para cocinar y aportando un estilo elegante, o incluso un estilo retro si escoges tu <strong><a href=\"https:\/\/www.milar.es\/blog\/microondas-vintage-los-mejores-microondas-retro-para-tu-cocina\/\">microondas vintage<\/a><\/strong>.&nbsp;Entra en la tienda online de <strong>Milar&nbsp;<\/strong>y comprueba t\u00fa mismo las grandes prestaciones de los modelos de <strong><a href=\"https:\/\/www.milar.es\/blog\/microondas-sin-plato-giratorio-conoce-todas-sus-ventajas\/\">microondas sin plato giratorio<\/a><\/strong> que tenemos en nuestras tiendas. Si quieres saber m\u00e1s sobre microondas, sus tipos y formas de instalaci\u00f3n, no te pierdas&nbsp;los siguientes art\u00edculos:&nbsp;<\/p>\n\n\n\n<p><a href=\"https:\/\/www.milar.es\/blog\/microondas-de-acero-inoxidable-descubre-los-ultimos-disenos-inox\/\">Microondas de acero inoxidable, descubre los \u00faltimos dise\u00f1os inox<\/a><\/p>\n\n\n\n<p><a href=\"https:\/\/www.milar.es\/blog\/recetas-en-microondas-cocina-rapidamente-y-sin-esfuerzos\/\">Recetas en microondas: cocina r\u00e1pidamente y sin esfuerzos<\/a><\/p>\n\n\n\n<p><a href=\"https:\/\/www.milar.es\/blog\/microondas-inverter-comparativa-entre-los-mejores-modelos\/\">Microondas Inverter: comparativa entre los mejores modelos<\/a><\/p>\n","protected":false},"excerpt":{"rendered":"Un&nbsp;microondas integrable&nbsp;se adapta perfectamente a la disposici\u00f3n y dise\u00f1o de tu cocina. Este tipo de&nbsp;microondas&nbsp;se colocan encastrados en un mueble de cocina&nbsp;en vez de apoyarse en la encimera como ocurre con los microondas de libre instalaci\u00f3n. As\u00ed obtienes un dise\u00f1o m\u00e1s elegante y atractivo&nbsp;en tu cocina y dispones de mayor&#8230; <a class=\"view-article\" href=\"https:\/\/www.milar.es\/blog\/guia-definitiva-sobre-como-instalar-un-microondas-integrable\/\">Ver art\u00edculo<\/a>","protected":false},"author":1,"featured_media":5538,"comment_status":"closed","ping_status":"closed","sticky":false,"template":"","format":"standard","meta":{"footnotes":""},"categories":[20,2,15,16],"tags":[],"class_list":["post-5537","post","type-post","status-publish","format-standard","has-post-thumbnail","hentry","category-cocina","category-electrodomesticos","category-hogar","category-microondas"],"yoast_head":"<!-- This site is optimized with the Yoast SEO plugin v27.5 - https:\/\/yoast.com\/product\/yoast-seo-wordpress\/ -->\n<title>Gu\u00eda definitiva sobre c\u00f3mo instalar un microondas integrable - Milar Tendencias de electrodom\u00e9sticos<\/title>\n<meta name=\"description\" content=\"No te pierdas la gu\u00eda definitiva sobre c\u00f3mo instalar un microondas integrable. Descubre todos los pasos para una instalaci\u00f3n mucho m\u00e1s sencilla.\" \/>\n<meta name=\"robots\" content=\"index, follow, max-snippet:-1, max-image-preview:large, max-video-preview:-1\" \/>\n<link rel=\"canonical\" href=\"https:\/\/www.milar.es\/blog\/guia-definitiva-sobre-como-instalar-un-microondas-integrable\/\" \/>\n<meta property=\"og:locale\" content=\"es_ES\" \/>\n<meta property=\"og:type\" content=\"article\" \/>\n<meta property=\"og:title\" content=\"Gu\u00eda definitiva sobre c\u00f3mo instalar un microondas integrable - Milar Tendencias de electrodom\u00e9sticos\" \/>\n<meta property=\"og:description\" content=\"No te pierdas la gu\u00eda definitiva sobre c\u00f3mo instalar un microondas integrable. Descubre todos los pasos para una instalaci\u00f3n mucho m\u00e1s sencilla.\" \/>\n<meta property=\"og:url\" content=\"https:\/\/www.milar.es\/blog\/guia-definitiva-sobre-como-instalar-un-microondas-integrable\/\" \/>\n<meta property=\"og:site_name\" content=\"Milar Tendencias de electrodom\u00e9sticos\" \/>\n<meta property=\"article:published_time\" content=\"2021-01-11T10:00:00+00:00\" \/>\n<meta property=\"article:modified_time\" content=\"2024-06-24T09:51:15+00:00\" \/>\n<meta property=\"og:image\" content=\"https:\/\/www.milar.es\/blog\/wp-content\/uploads\/2021\/01\/instalar-microondas-integrable-min.jpg\" \/>\n\t<meta property=\"og:image:width\" content=\"900\" \/>\n\t<meta property=\"og:image:height\" content=\"600\" \/>\n\t<meta property=\"og:image:type\" content=\"image\/jpeg\" \/>\n<meta name=\"author\" content=\"Milar\" \/>\n<meta name=\"twitter:card\" content=\"summary_large_image\" \/>\n<meta name=\"twitter:label1\" content=\"Escrito por\" \/>\n\t<meta name=\"twitter:data1\" content=\"Milar\" \/>\n\t<meta name=\"twitter:label2\" content=\"Tiempo de lectura\" \/>\n\t<meta name=\"twitter:data2\" content=\"5 minutos\" \/>\n<script type=\"application\/ld+json\" class=\"yoast-schema-graph\">{\"@context\":\"https:\\\/\\\/schema.org\",\"@graph\":[{\"@type\":\"Article\",\"@id\":\"https:\\\/\\\/www.milar.es\\\/blog\\\/guia-definitiva-sobre-como-instalar-un-microondas-integrable\\\/#article\",\"isPartOf\":{\"@id\":\"https:\\\/\\\/www.milar.es\\\/blog\\\/guia-definitiva-sobre-como-instalar-un-microondas-integrable\\\/\"},\"author\":{\"name\":\"Milar\",\"@id\":\"https:\\\/\\\/www.milar.es\\\/blog\\\/#\\\/schema\\\/person\\\/a63c4965e2d32a22be88aabb90c4f11f\"},\"headline\":\"Gu\u00eda definitiva sobre c\u00f3mo instalar un microondas integrable\",\"datePublished\":\"2021-01-11T10:00:00+00:00\",\"dateModified\":\"2024-06-24T09:51:15+00:00\",\"mainEntityOfPage\":{\"@id\":\"https:\\\/\\\/www.milar.es\\\/blog\\\/guia-definitiva-sobre-como-instalar-un-microondas-integrable\\\/\"},\"wordCount\":938,\"image\":{\"@id\":\"https:\\\/\\\/www.milar.es\\\/blog\\\/guia-definitiva-sobre-como-instalar-un-microondas-integrable\\\/#primaryimage\"},\"thumbnailUrl\":\"https:\\\/\\\/www.milar.es\\\/blog\\\/wp-content\\\/uploads\\\/2021\\\/01\\\/instalar-microondas-integrable-min.jpg\",\"articleSection\":[\"Cocina\",\"Electrodom\u00e9sticos\",\"Hogar\",\"Microondas\"],\"inLanguage\":\"es\"},{\"@type\":\"WebPage\",\"@id\":\"https:\\\/\\\/www.milar.es\\\/blog\\\/guia-definitiva-sobre-como-instalar-un-microondas-integrable\\\/\",\"url\":\"https:\\\/\\\/www.milar.es\\\/blog\\\/guia-definitiva-sobre-como-instalar-un-microondas-integrable\\\/\",\"name\":\"Gu\u00eda definitiva sobre c\u00f3mo instalar un microondas integrable - Milar Tendencias de electrodom\u00e9sticos\",\"isPartOf\":{\"@id\":\"https:\\\/\\\/www.milar.es\\\/blog\\\/#website\"},\"primaryImageOfPage\":{\"@id\":\"https:\\\/\\\/www.milar.es\\\/blog\\\/guia-definitiva-sobre-como-instalar-un-microondas-integrable\\\/#primaryimage\"},\"image\":{\"@id\":\"https:\\\/\\\/www.milar.es\\\/blog\\\/guia-definitiva-sobre-como-instalar-un-microondas-integrable\\\/#primaryimage\"},\"thumbnailUrl\":\"https:\\\/\\\/www.milar.es\\\/blog\\\/wp-content\\\/uploads\\\/2021\\\/01\\\/instalar-microondas-integrable-min.jpg\",\"datePublished\":\"2021-01-11T10:00:00+00:00\",\"dateModified\":\"2024-06-24T09:51:15+00:00\",\"author\":{\"@id\":\"https:\\\/\\\/www.milar.es\\\/blog\\\/#\\\/schema\\\/person\\\/a63c4965e2d32a22be88aabb90c4f11f\"},\"description\":\"No te pierdas la gu\u00eda definitiva sobre c\u00f3mo instalar un microondas integrable. Descubre todos los pasos para una instalaci\u00f3n mucho m\u00e1s sencilla.\",\"breadcrumb\":{\"@id\":\"https:\\\/\\\/www.milar.es\\\/blog\\\/guia-definitiva-sobre-como-instalar-un-microondas-integrable\\\/#breadcrumb\"},\"inLanguage\":\"es\",\"potentialAction\":[{\"@type\":\"ReadAction\",\"target\":[\"https:\\\/\\\/www.milar.es\\\/blog\\\/guia-definitiva-sobre-como-instalar-un-microondas-integrable\\\/\"]}]},{\"@type\":\"ImageObject\",\"inLanguage\":\"es\",\"@id\":\"https:\\\/\\\/www.milar.es\\\/blog\\\/guia-definitiva-sobre-como-instalar-un-microondas-integrable\\\/#primaryimage\",\"url\":\"https:\\\/\\\/www.milar.es\\\/blog\\\/wp-content\\\/uploads\\\/2021\\\/01\\\/instalar-microondas-integrable-min.jpg\",\"contentUrl\":\"https:\\\/\\\/www.milar.es\\\/blog\\\/wp-content\\\/uploads\\\/2021\\\/01\\\/instalar-microondas-integrable-min.jpg\",\"width\":900,\"height\":600,\"caption\":\"instalar microondas integrable\"},{\"@type\":\"BreadcrumbList\",\"@id\":\"https:\\\/\\\/www.milar.es\\\/blog\\\/guia-definitiva-sobre-como-instalar-un-microondas-integrable\\\/#breadcrumb\",\"itemListElement\":[{\"@type\":\"ListItem\",\"position\":1,\"name\":\"Home\",\"item\":\"https:\\\/\\\/www.milar.es\\\/blog\\\/\"},{\"@type\":\"ListItem\",\"position\":2,\"name\":\"Gu\u00eda definitiva sobre c\u00f3mo instalar un microondas integrable\"}]},{\"@type\":\"WebSite\",\"@id\":\"https:\\\/\\\/www.milar.es\\\/blog\\\/#website\",\"url\":\"https:\\\/\\\/www.milar.es\\\/blog\\\/\",\"name\":\"Milar Tendencias de electrodom\u00e9sticos\",\"description\":\"\",\"potentialAction\":[{\"@type\":\"SearchAction\",\"target\":{\"@type\":\"EntryPoint\",\"urlTemplate\":\"https:\\\/\\\/www.milar.es\\\/blog\\\/?s={search_term_string}\"},\"query-input\":{\"@type\":\"PropertyValueSpecification\",\"valueRequired\":true,\"valueName\":\"search_term_string\"}}],\"inLanguage\":\"es\"},{\"@type\":\"Person\",\"@id\":\"https:\\\/\\\/www.milar.es\\\/blog\\\/#\\\/schema\\\/person\\\/a63c4965e2d32a22be88aabb90c4f11f\",\"name\":\"Milar\",\"image\":{\"@type\":\"ImageObject\",\"inLanguage\":\"es\",\"@id\":\"https:\\\/\\\/secure.gravatar.com\\\/avatar\\\/1ff5211459d04644acdbe2d949c2a8626dc0f1e355d4830331235d147f36505a?s=96&d=mm&r=g\",\"url\":\"https:\\\/\\\/secure.gravatar.com\\\/avatar\\\/1ff5211459d04644acdbe2d949c2a8626dc0f1e355d4830331235d147f36505a?s=96&d=mm&r=g\",\"contentUrl\":\"https:\\\/\\\/secure.gravatar.com\\\/avatar\\\/1ff5211459d04644acdbe2d949c2a8626dc0f1e355d4830331235d147f36505a?s=96&d=mm&r=g\",\"caption\":\"Milar\"}}]}<\/script>\n<!-- \/ Yoast SEO plugin. -->","yoast_head_json":{"title":"Gu\u00eda definitiva sobre c\u00f3mo instalar un microondas integrable - Milar Tendencias de electrodom\u00e9sticos","description":"No te pierdas la gu\u00eda definitiva sobre c\u00f3mo instalar un microondas integrable. Descubre todos los pasos para una instalaci\u00f3n mucho m\u00e1s sencilla.","robots":{"index":"index","follow":"follow","max-snippet":"max-snippet:-1","max-image-preview":"max-image-preview:large","max-video-preview":"max-video-preview:-1"},"canonical":"https:\/\/www.milar.es\/blog\/guia-definitiva-sobre-como-instalar-un-microondas-integrable\/","og_locale":"es_ES","og_type":"article","og_title":"Gu\u00eda definitiva sobre c\u00f3mo instalar un microondas integrable - Milar Tendencias de electrodom\u00e9sticos","og_description":"No te pierdas la gu\u00eda definitiva sobre c\u00f3mo instalar un microondas integrable. Descubre todos los pasos para una instalaci\u00f3n mucho m\u00e1s sencilla.","og_url":"https:\/\/www.milar.es\/blog\/guia-definitiva-sobre-como-instalar-un-microondas-integrable\/","og_site_name":"Milar Tendencias de electrodom\u00e9sticos","article_published_time":"2021-01-11T10:00:00+00:00","article_modified_time":"2024-06-24T09:51:15+00:00","og_image":[{"width":900,"height":600,"url":"https:\/\/www.milar.es\/blog\/wp-content\/uploads\/2021\/01\/instalar-microondas-integrable-min.jpg","type":"image\/jpeg"}],"author":"Milar","twitter_card":"summary_large_image","twitter_misc":{"Escrito por":"Milar","Tiempo de lectura":"5 minutos"},"schema":{"@context":"https:\/\/schema.org","@graph":[{"@type":"Article","@id":"https:\/\/www.milar.es\/blog\/guia-definitiva-sobre-como-instalar-un-microondas-integrable\/#article","isPartOf":{"@id":"https:\/\/www.milar.es\/blog\/guia-definitiva-sobre-como-instalar-un-microondas-integrable\/"},"author":{"name":"Milar","@id":"https:\/\/www.milar.es\/blog\/#\/schema\/person\/a63c4965e2d32a22be88aabb90c4f11f"},"headline":"Gu\u00eda definitiva sobre c\u00f3mo instalar un microondas integrable","datePublished":"2021-01-11T10:00:00+00:00","dateModified":"2024-06-24T09:51:15+00:00","mainEntityOfPage":{"@id":"https:\/\/www.milar.es\/blog\/guia-definitiva-sobre-como-instalar-un-microondas-integrable\/"},"wordCount":938,"image":{"@id":"https:\/\/www.milar.es\/blog\/guia-definitiva-sobre-como-instalar-un-microondas-integrable\/#primaryimage"},"thumbnailUrl":"https:\/\/www.milar.es\/blog\/wp-content\/uploads\/2021\/01\/instalar-microondas-integrable-min.jpg","articleSection":["Cocina","Electrodom\u00e9sticos","Hogar","Microondas"],"inLanguage":"es"},{"@type":"WebPage","@id":"https:\/\/www.milar.es\/blog\/guia-definitiva-sobre-como-instalar-un-microondas-integrable\/","url":"https:\/\/www.milar.es\/blog\/guia-definitiva-sobre-como-instalar-un-microondas-integrable\/","name":"Gu\u00eda definitiva sobre c\u00f3mo instalar un microondas integrable - Milar Tendencias de electrodom\u00e9sticos","isPartOf":{"@id":"https:\/\/www.milar.es\/blog\/#website"},"primaryImageOfPage":{"@id":"https:\/\/www.milar.es\/blog\/guia-definitiva-sobre-como-instalar-un-microondas-integrable\/#primaryimage"},"image":{"@id":"https:\/\/www.milar.es\/blog\/guia-definitiva-sobre-como-instalar-un-microondas-integrable\/#primaryimage"},"thumbnailUrl":"https:\/\/www.milar.es\/blog\/wp-content\/uploads\/2021\/01\/instalar-microondas-integrable-min.jpg","datePublished":"2021-01-11T10:00:00+00:00","dateModified":"2024-06-24T09:51:15+00:00","author":{"@id":"https:\/\/www.milar.es\/blog\/#\/schema\/person\/a63c4965e2d32a22be88aabb90c4f11f"},"description":"No te pierdas la gu\u00eda definitiva sobre c\u00f3mo instalar un microondas integrable. Descubre todos los pasos para una instalaci\u00f3n mucho m\u00e1s sencilla.","breadcrumb":{"@id":"https:\/\/www.milar.es\/blog\/guia-definitiva-sobre-como-instalar-un-microondas-integrable\/#breadcrumb"},"inLanguage":"es","potentialAction":[{"@type":"ReadAction","target":["https:\/\/www.milar.es\/blog\/guia-definitiva-sobre-como-instalar-un-microondas-integrable\/"]}]},{"@type":"ImageObject","inLanguage":"es","@id":"https:\/\/www.milar.es\/blog\/guia-definitiva-sobre-como-instalar-un-microondas-integrable\/#primaryimage","url":"https:\/\/www.milar.es\/blog\/wp-content\/uploads\/2021\/01\/instalar-microondas-integrable-min.jpg","contentUrl":"https:\/\/www.milar.es\/blog\/wp-content\/uploads\/2021\/01\/instalar-microondas-integrable-min.jpg","width":900,"height":600,"caption":"instalar microondas integrable"},{"@type":"BreadcrumbList","@id":"https:\/\/www.milar.es\/blog\/guia-definitiva-sobre-como-instalar-un-microondas-integrable\/#breadcrumb","itemListElement":[{"@type":"ListItem","position":1,"name":"Home","item":"https:\/\/www.milar.es\/blog\/"},{"@type":"ListItem","position":2,"name":"Gu\u00eda definitiva sobre c\u00f3mo instalar un microondas integrable"}]},{"@type":"WebSite","@id":"https:\/\/www.milar.es\/blog\/#website","url":"https:\/\/www.milar.es\/blog\/","name":"Milar Tendencias de electrodom\u00e9sticos","description":"","potentialAction":[{"@type":"SearchAction","target":{"@type":"EntryPoint","urlTemplate":"https:\/\/www.milar.es\/blog\/?s={search_term_string}"},"query-input":{"@type":"PropertyValueSpecification","valueRequired":true,"valueName":"search_term_string"}}],"inLanguage":"es"},{"@type":"Person","@id":"https:\/\/www.milar.es\/blog\/#\/schema\/person\/a63c4965e2d32a22be88aabb90c4f11f","name":"Milar","image":{"@type":"ImageObject","inLanguage":"es","@id":"https:\/\/secure.gravatar.com\/avatar\/1ff5211459d04644acdbe2d949c2a8626dc0f1e355d4830331235d147f36505a?s=96&d=mm&r=g","url":"https:\/\/secure.gravatar.com\/avatar\/1ff5211459d04644acdbe2d949c2a8626dc0f1e355d4830331235d147f36505a?s=96&d=mm&r=g","contentUrl":"https:\/\/secure.gravatar.com\/avatar\/1ff5211459d04644acdbe2d949c2a8626dc0f1e355d4830331235d147f36505a?s=96&d=mm&r=g","caption":"Milar"}}]}},"_links":{"self":[{"href":"https:\/\/www.milar.es\/blog\/wp-json\/wp\/v2\/posts\/5537","targetHints":{"allow":["GET"]}}],"collection":[{"href":"https:\/\/www.milar.es\/blog\/wp-json\/wp\/v2\/posts"}],"about":[{"href":"https:\/\/www.milar.es\/blog\/wp-json\/wp\/v2\/types\/post"}],"author":[{"embeddable":true,"href":"https:\/\/www.milar.es\/blog\/wp-json\/wp\/v2\/users\/1"}],"replies":[{"embeddable":true,"href":"https:\/\/www.milar.es\/blog\/wp-json\/wp\/v2\/comments?post=5537"}],"version-history":[{"count":4,"href":"https:\/\/www.milar.es\/blog\/wp-json\/wp\/v2\/posts\/5537\/revisions"}],"predecessor-version":[{"id":13905,"href":"https:\/\/www.milar.es\/blog\/wp-json\/wp\/v2\/posts\/5537\/revisions\/13905"}],"wp:featuredmedia":[{"embeddable":true,"href":"https:\/\/www.milar.es\/blog\/wp-json\/wp\/v2\/media\/5538"}],"wp:attachment":[{"href":"https:\/\/www.milar.es\/blog\/wp-json\/wp\/v2\/media?parent=5537"}],"wp:term":[{"taxonomy":"category","embeddable":true,"href":"https:\/\/www.milar.es\/blog\/wp-json\/wp\/v2\/categories?post=5537"},{"taxonomy":"post_tag","embeddable":true,"href":"https:\/\/www.milar.es\/blog\/wp-json\/wp\/v2\/tags?post=5537"}],"curies":[{"name":"wp","href":"https:\/\/api.w.org\/{rel}","templated":true}]}}