{"id":5529,"date":"2020-11-29T08:00:00","date_gmt":"2020-11-29T08:00:00","guid":{"rendered":"https:\/\/www.milar.es\/blog\/?p=5529"},"modified":"2023-07-07T07:05:07","modified_gmt":"2023-07-07T07:05:07","slug":"diferencias-entre-un-lavavajillas-integrable-y-un-panelable","status":"publish","type":"post","link":"https:\/\/www.milar.es\/blog\/diferencias-entre-un-lavavajillas-integrable-y-un-panelable\/","title":{"rendered":"Diferencias entre un lavavajillas integrable y un panelable"},"content":{"rendered":"\n<p>\u00bfEst\u00e1s cansado de lavar tus platos a mano? Si est\u00e1s buscando un nuevo <a href=\"https:\/\/www.milar.es\/lavavajillas-cocina.html\">lavavajillas<\/a> para tu cocina o est\u00e1s pensando en instalar un lavavajillas, debes conocer todo sobre los diferentes tipos. En <a href=\"https:\/\/www.milar.es\/\">Milar<\/a> te contamos qu\u00e9 diferencias hay entre un <a href=\"https:\/\/www.milar.es\/lavavajillas-integrables-cocina.html\">lavavajillas integrable<\/a> y un panelable para que puedas disfrutar de la \u00faltima tecnolog\u00eda para lavar tu vajilla mientras tu cocina cuenta con el \u00faltimo dise\u00f1o.&nbsp;<\/p>\n\n\n\n<figure class=\"wp-block-image size-large\"><img loading=\"lazy\" decoding=\"async\" width=\"900\" height=\"600\" src=\"https:\/\/www.milar.es\/blog\/wp-content\/uploads\/2021\/01\/lavavajillas-integrable-y-panelable.jpg\" alt=\"lavavajillas integrable y panelable\" class=\"wp-image-5530\"\/><\/figure>\n\n\n\n<h2 class=\"wp-block-heading has-text-align-center\"><strong>Principales diferencias entre un lavavajillas integrable y un panelable<\/strong><\/h2>\n\n\n\n<p>Si los electrodom\u00e9sticos de tu cocina est\u00e1n totalmente introducidos en el mueble, quiere decir que se tratan de electrodom\u00e9sticos integrables o paleblables. En el caso de estar buscando un lavavajillas con el que disfrutar de una vajilla limpia y cuidada de forma r\u00e1pida, tambi\u00e9n deber\u00e1s optar por un modelo integrable o panelable. Sobre todo porque si el dise\u00f1o de los muebles de tu cocina solo permite la instalaci\u00f3n de electrodom\u00e9sticos integrables o panelables, solo podr\u00e1s optar por la compra de este tipo de electrodom\u00e9sticos.&nbsp;<\/p>\n\n\n\n<p>Para resolver tus dudas sobre las diferencias de un lavavajillas integrable y panelable, debes saber que el lavavajillas integrable se instala en el interior del mueble de la cocina. Por lo que el lavavajillas queda totalmente oculto en el mueble. La mayor\u00eda de lavavajillas integrables se adaptan perfectamente al mobiliario.<\/p>\n\n\n\n<p>Por otro lado, los lavavajillas panelables cuentan con paneles adheridos a la puerta, quedando cubierto de forma parcial. En el caso de los lavavajillas panelable no se cubren por completo, a diferencia de lo que ocurre con los lavavajillas integrables. De esta manera el cuadro de mandos queda visible en los lavavajillas panelables, mientras que en los modelos integrables quedan totalmente cubiertos por el mobiliario.&nbsp;<\/p>\n\n\n\n<p>Otra de las diferencias entre ambos modelos, es que el lavavajillas integrable suelen estar instalado a una mayor altura ya que los modelos de lavavajillas panelables suelen colocarse debajo de la encimera de la cocina.&nbsp;<\/p>\n\n\n\n<p>Con estos dise\u00f1os minimalistas de cocina se consigue que los electrodom\u00e9sticos queden totalmente ocultos a la vista humana, lo que da una sensaci\u00f3n de mayor amplitud y limpieza. As\u00ed que si te gusta lo minimalista, solo debes optar por electrodom\u00e9sticos integrables o panelables, ya que aportan una decoraci\u00f3n totalmente uniforme.&nbsp;<\/p>\n\n\n\n<h2 class=\"wp-block-heading has-text-align-center\"><strong>Comparativa entre los mejores modelos de lavavajillas integrables<\/strong><\/h2>\n\n\n\n<p>Ahora que ya conoces las diferencias, puedes saber si lo necesitas un lavavajillas integrable o encastrable para tu cocina minimalista. En Milar puedes encontrar los mejores modelos de lavavajillas con las \u00faltimas tecnolog\u00edas. Para que te resulte mucho m\u00e1s sencilla la elecci\u00f3n, tan solo debes tener en cuenta la siguiente comparativa para escoger el lavavajillas que mejor se ajusten a tus necesidades.&nbsp;<\/p>\n\n\n\n<p>El <a href=\"https:\/\/www.milar.es\/lavavajillas-integrables-balay-3vt304na-aplus.html\">lavavajillas Balay 3VT904NA A+<\/a> es perfecto para cocinas minimalistas de peque\u00f1o tama\u00f1o. Este lavavajillas integrable <a href=\"https:\/\/www.milar.es\/balay.html\">Balay<\/a> cuenta con una capacidad para 9 servicios, por lo que ofrece el espacio necesario para poder introducir la vajilla sucia de peque\u00f1os hogares. Gracias a los 4 programas de lavado que nos ofrece, tan solo deber\u00e1s escoger el que mejor se ajuste a la vajilla introducida. Es m\u00e1s, gracias a su programa de 1 hora podr\u00e1s disfrutar de una vajilla limpia y seca en tan solo 60 minutos.&nbsp;<\/p>\n\n\n\n<figure class=\"wp-block-image size-large\"><a href=\"https:\/\/www.milar.es\/lavavajillas-integrables-balay-3vt304na-aplus.html\"><img loading=\"lazy\" decoding=\"async\" width=\"694\" height=\"254\" src=\"https:\/\/www.milar.es\/blog\/wp-content\/uploads\/2021\/01\/LAVAVAJILLAS-BALAY-3VT304NA.jpg\" alt=\"lavavajillas Balay 3VT904NA A+\" class=\"wp-image-5531\"\/><\/a><\/figure>\n\n\n\n<p>Si lo que necesitas es un modelo con gran capacidad, el <a href=\"https:\/\/www.milar.es\/lavavajillas-integrables-teka-dfi-46900-wh-aplusplus.html\">lavavajillas integrable Teka DFI 46900 WH A++<\/a> cuenta con una capacidad hasta para 14 servicios. Adem\u00e1s, su consumo de 9,5 litros por lavado hace que el gasto de agua y luz sean m\u00ednimos. Por lo que si te interesa ahorrar en las facturas de la luz, este modelo es ideal para ti. Su tecnolog\u00eda Smart Sensor de <a href=\"https:\/\/www.milar.es\/teka.html\">Teka<\/a> es capaz de ajustar la temperatura, la duraci\u00f3n del ciclo o cualquier par\u00e1metro de lavado en funci\u00f3n del nivel de suciedad detectado. De esta forma se proporciona un lavado mucho m\u00e1s eficiente y eficaz.&nbsp;<\/p>\n\n\n\n<figure class=\"wp-block-image size-large\"><a href=\"https:\/\/www.milar.es\/lavavajillas-integrables-teka-dfi-46900-wh-aplusplus.html\"><img loading=\"lazy\" decoding=\"async\" width=\"694\" height=\"254\" src=\"https:\/\/www.milar.es\/blog\/wp-content\/uploads\/2021\/01\/LAVAVAJILLAS-TEKA-DFI-46900-WH.jpg\" alt=\"lavavajillas integrable Teka DFI 46900 WH A++\" class=\"wp-image-5532\"\/><\/a><\/figure>\n\n\n\n<p>Por \u00faltimo, otro modelo de gran capacidad es el <a href=\"https:\/\/www.milar.es\/lavavajillas-bosch-smv41d10eu-aplusplus.html\">lavavajillas integrable Bosch SMV41D10EU A++<\/a>. Con este lavavajillas <a href=\"https:\/\/www.milar.es\/bosch.html\">Bosch<\/a> vas a poder disfrutar de una gran capacidad de 12 servicios para introducir grandes cantidades de vajilla en cada uno de los ciclos de lavado. Su sistema InfoLight protecta luz sobre el suelo para indicar que el ciclo de lavado ha terminado, una de las funciones m\u00e1s pr\u00e1cticas con las que puede contar un lavavajillas integrable. Adem\u00e1s, su tecnolog\u00eda GlassProtect es capaz de proteger las copas y vajilla m\u00e1s delicada durante todo el ciclo de lavado.&nbsp;<\/p>\n\n\n\n<figure class=\"wp-block-image size-large\"><a href=\"https:\/\/www.milar.es\/lavavajillas-bosch-smv41d10eu-aplusplus.html\"><img loading=\"lazy\" decoding=\"async\" width=\"694\" height=\"254\" src=\"https:\/\/www.milar.es\/blog\/wp-content\/uploads\/2021\/01\/LAVAVAJILLAS-BOSCH-SMV41D10EU.jpg\" alt=\"lavavajillas integrable Bosch SMV41D10EU A++\" class=\"wp-image-5533\"\/><\/a><\/figure>\n\n\n\n<p>Consigue el <strong><a href=\"https:\/\/www.milar.es\/lavavajillas-pequenos.html\">lavavajillas peque\u00f1o<\/a><\/strong> o de tama\u00f1o normal que mejor se ajuste a tus necesidades, incluso entre <strong><a href=\"https:\/\/www.milar.es\/blog\/lavavajillas-con-3-bandejas-gran-capacidad-de-los-lavavajillas-balay\/\">lavavajillas con 3 bandejas<\/a><\/strong>, y el que mejor se adapte a la decoraci\u00f3n de tu cocina. Disfruta de una decoraci\u00f3n minimalista gracias a la instalaci\u00f3n de cualquiera de estos lavavajillas integrables. Adem\u00e1s, en Milar contamos con todo tipo de electrodom\u00e9sticos para que puedas disfrutar de las \u00faltimas tecnolog\u00edas de las mejores marcas del mercado. <\/p>\n\n\n\n<p>Descubre mucho m\u00e1s sobre los electrodom\u00e9sticos de las cocinas m\u00e1s modernas en los siguientes art\u00edculos:<\/p>\n\n\n\n<p><a href=\"https:\/\/www.milar.es\/blog\/cuales-son-los-lavavajillas-mas-silenciosos\/\">\u00bfCu\u00e1les son los&nbsp;lavavajillas&nbsp;m\u00e1s silenciosos?<\/a><\/p>\n\n\n\n<p><a href=\"https:\/\/www.milar.es\/blog\/programas-de-un-lavavajillas-aeg-conoce-todas-sus-funciones\/\">Programas de Lavavajillas AEG, conoce todas sus funciones<\/a><\/p>\n\n\n\n<p><a href=\"https:\/\/www.milar.es\/blog\/limpiar-el-filtro-del-lavavajillas-conoce-todos-los-pasos\/\">Limpiar el filtro del lavavajillas, conoce todos los pasos<\/a><\/p>\n","protected":false},"excerpt":{"rendered":"\u00bfEst\u00e1s cansado de lavar tus platos a mano? Si est\u00e1s buscando un nuevo lavavajillas para tu cocina o est\u00e1s pensando en instalar un lavavajillas, debes conocer todo sobre los diferentes tipos. En Milar te contamos qu\u00e9 diferencias hay entre un lavavajillas integrable y un panelable para que puedas disfrutar de&#8230; <a class=\"view-article\" href=\"https:\/\/www.milar.es\/blog\/diferencias-entre-un-lavavajillas-integrable-y-un-panelable\/\">Ver art\u00edculo<\/a>","protected":false},"author":1,"featured_media":5530,"comment_status":"closed","ping_status":"closed","sticky":false,"template":"","format":"standard","meta":{"footnotes":""},"categories":[20,2,15,12],"tags":[],"class_list":["post-5529","post","type-post","status-publish","format-standard","has-post-thumbnail","hentry","category-cocina","category-electrodomesticos","category-hogar","category-lavavajillas"],"yoast_head":"<!-- This site is optimized with the Yoast SEO plugin v27.5 - https:\/\/yoast.com\/product\/yoast-seo-wordpress\/ -->\n<title>Diferencias entre un lavavajillas integrable y un panelable - Milar Tendencias de electrodom\u00e9sticos<\/title>\n<meta name=\"description\" content=\"Descubre las principales diferencias entre un lavavajillas integrable y un panelable. No te pierdas la caracter\u00edsticas que diferencian a estos lavavajillas.\" \/>\n<meta name=\"robots\" content=\"index, follow, max-snippet:-1, max-image-preview:large, max-video-preview:-1\" \/>\n<link rel=\"canonical\" href=\"https:\/\/www.milar.es\/blog\/diferencias-entre-un-lavavajillas-integrable-y-un-panelable\/\" \/>\n<meta property=\"og:locale\" content=\"es_ES\" \/>\n<meta property=\"og:type\" content=\"article\" \/>\n<meta property=\"og:title\" content=\"Diferencias entre un lavavajillas integrable y un panelable - Milar Tendencias de electrodom\u00e9sticos\" \/>\n<meta property=\"og:description\" content=\"Descubre las principales diferencias entre un lavavajillas integrable y un panelable. No te pierdas la caracter\u00edsticas que diferencian a estos lavavajillas.\" \/>\n<meta property=\"og:url\" content=\"https:\/\/www.milar.es\/blog\/diferencias-entre-un-lavavajillas-integrable-y-un-panelable\/\" \/>\n<meta property=\"og:site_name\" content=\"Milar Tendencias de electrodom\u00e9sticos\" \/>\n<meta property=\"article:published_time\" content=\"2020-11-29T08:00:00+00:00\" \/>\n<meta property=\"article:modified_time\" content=\"2023-07-07T07:05:07+00:00\" \/>\n<meta property=\"og:image\" content=\"https:\/\/www.milar.es\/blog\/wp-content\/uploads\/2021\/01\/lavavajillas-integrable-y-panelable.jpg\" \/>\n\t<meta property=\"og:image:width\" content=\"900\" \/>\n\t<meta property=\"og:image:height\" content=\"600\" \/>\n\t<meta property=\"og:image:type\" content=\"image\/jpeg\" \/>\n<meta name=\"author\" content=\"Milar\" \/>\n<meta name=\"twitter:card\" content=\"summary_large_image\" \/>\n<meta name=\"twitter:label1\" content=\"Escrito por\" \/>\n\t<meta name=\"twitter:data1\" content=\"Milar\" \/>\n\t<meta name=\"twitter:label2\" content=\"Tiempo de lectura\" \/>\n\t<meta name=\"twitter:data2\" content=\"5 minutos\" \/>\n<script type=\"application\/ld+json\" class=\"yoast-schema-graph\">{\"@context\":\"https:\\\/\\\/schema.org\",\"@graph\":[{\"@type\":\"Article\",\"@id\":\"https:\\\/\\\/www.milar.es\\\/blog\\\/diferencias-entre-un-lavavajillas-integrable-y-un-panelable\\\/#article\",\"isPartOf\":{\"@id\":\"https:\\\/\\\/www.milar.es\\\/blog\\\/diferencias-entre-un-lavavajillas-integrable-y-un-panelable\\\/\"},\"author\":{\"name\":\"Milar\",\"@id\":\"https:\\\/\\\/www.milar.es\\\/blog\\\/#\\\/schema\\\/person\\\/a63c4965e2d32a22be88aabb90c4f11f\"},\"headline\":\"Diferencias entre un lavavajillas integrable y un panelable\",\"datePublished\":\"2020-11-29T08:00:00+00:00\",\"dateModified\":\"2023-07-07T07:05:07+00:00\",\"mainEntityOfPage\":{\"@id\":\"https:\\\/\\\/www.milar.es\\\/blog\\\/diferencias-entre-un-lavavajillas-integrable-y-un-panelable\\\/\"},\"wordCount\":889,\"image\":{\"@id\":\"https:\\\/\\\/www.milar.es\\\/blog\\\/diferencias-entre-un-lavavajillas-integrable-y-un-panelable\\\/#primaryimage\"},\"thumbnailUrl\":\"https:\\\/\\\/www.milar.es\\\/blog\\\/wp-content\\\/uploads\\\/2021\\\/01\\\/lavavajillas-integrable-y-panelable.jpg\",\"articleSection\":[\"Cocina\",\"Electrodom\u00e9sticos\",\"Hogar\",\"Lavavajillas\"],\"inLanguage\":\"es\"},{\"@type\":\"WebPage\",\"@id\":\"https:\\\/\\\/www.milar.es\\\/blog\\\/diferencias-entre-un-lavavajillas-integrable-y-un-panelable\\\/\",\"url\":\"https:\\\/\\\/www.milar.es\\\/blog\\\/diferencias-entre-un-lavavajillas-integrable-y-un-panelable\\\/\",\"name\":\"Diferencias entre un lavavajillas integrable y un panelable - Milar Tendencias de electrodom\u00e9sticos\",\"isPartOf\":{\"@id\":\"https:\\\/\\\/www.milar.es\\\/blog\\\/#website\"},\"primaryImageOfPage\":{\"@id\":\"https:\\\/\\\/www.milar.es\\\/blog\\\/diferencias-entre-un-lavavajillas-integrable-y-un-panelable\\\/#primaryimage\"},\"image\":{\"@id\":\"https:\\\/\\\/www.milar.es\\\/blog\\\/diferencias-entre-un-lavavajillas-integrable-y-un-panelable\\\/#primaryimage\"},\"thumbnailUrl\":\"https:\\\/\\\/www.milar.es\\\/blog\\\/wp-content\\\/uploads\\\/2021\\\/01\\\/lavavajillas-integrable-y-panelable.jpg\",\"datePublished\":\"2020-11-29T08:00:00+00:00\",\"dateModified\":\"2023-07-07T07:05:07+00:00\",\"author\":{\"@id\":\"https:\\\/\\\/www.milar.es\\\/blog\\\/#\\\/schema\\\/person\\\/a63c4965e2d32a22be88aabb90c4f11f\"},\"description\":\"Descubre las principales diferencias entre un lavavajillas integrable y un panelable. No te pierdas la caracter\u00edsticas que diferencian a estos lavavajillas.\",\"breadcrumb\":{\"@id\":\"https:\\\/\\\/www.milar.es\\\/blog\\\/diferencias-entre-un-lavavajillas-integrable-y-un-panelable\\\/#breadcrumb\"},\"inLanguage\":\"es\",\"potentialAction\":[{\"@type\":\"ReadAction\",\"target\":[\"https:\\\/\\\/www.milar.es\\\/blog\\\/diferencias-entre-un-lavavajillas-integrable-y-un-panelable\\\/\"]}]},{\"@type\":\"ImageObject\",\"inLanguage\":\"es\",\"@id\":\"https:\\\/\\\/www.milar.es\\\/blog\\\/diferencias-entre-un-lavavajillas-integrable-y-un-panelable\\\/#primaryimage\",\"url\":\"https:\\\/\\\/www.milar.es\\\/blog\\\/wp-content\\\/uploads\\\/2021\\\/01\\\/lavavajillas-integrable-y-panelable.jpg\",\"contentUrl\":\"https:\\\/\\\/www.milar.es\\\/blog\\\/wp-content\\\/uploads\\\/2021\\\/01\\\/lavavajillas-integrable-y-panelable.jpg\",\"width\":900,\"height\":600,\"caption\":\"lavavajillas integrable y panelable\"},{\"@type\":\"BreadcrumbList\",\"@id\":\"https:\\\/\\\/www.milar.es\\\/blog\\\/diferencias-entre-un-lavavajillas-integrable-y-un-panelable\\\/#breadcrumb\",\"itemListElement\":[{\"@type\":\"ListItem\",\"position\":1,\"name\":\"Home\",\"item\":\"https:\\\/\\\/www.milar.es\\\/blog\\\/\"},{\"@type\":\"ListItem\",\"position\":2,\"name\":\"Diferencias entre un lavavajillas integrable y un panelable\"}]},{\"@type\":\"WebSite\",\"@id\":\"https:\\\/\\\/www.milar.es\\\/blog\\\/#website\",\"url\":\"https:\\\/\\\/www.milar.es\\\/blog\\\/\",\"name\":\"Milar Tendencias de electrodom\u00e9sticos\",\"description\":\"\",\"potentialAction\":[{\"@type\":\"SearchAction\",\"target\":{\"@type\":\"EntryPoint\",\"urlTemplate\":\"https:\\\/\\\/www.milar.es\\\/blog\\\/?s={search_term_string}\"},\"query-input\":{\"@type\":\"PropertyValueSpecification\",\"valueRequired\":true,\"valueName\":\"search_term_string\"}}],\"inLanguage\":\"es\"},{\"@type\":\"Person\",\"@id\":\"https:\\\/\\\/www.milar.es\\\/blog\\\/#\\\/schema\\\/person\\\/a63c4965e2d32a22be88aabb90c4f11f\",\"name\":\"Milar\",\"image\":{\"@type\":\"ImageObject\",\"inLanguage\":\"es\",\"@id\":\"https:\\\/\\\/secure.gravatar.com\\\/avatar\\\/1ff5211459d04644acdbe2d949c2a8626dc0f1e355d4830331235d147f36505a?s=96&d=mm&r=g\",\"url\":\"https:\\\/\\\/secure.gravatar.com\\\/avatar\\\/1ff5211459d04644acdbe2d949c2a8626dc0f1e355d4830331235d147f36505a?s=96&d=mm&r=g\",\"contentUrl\":\"https:\\\/\\\/secure.gravatar.com\\\/avatar\\\/1ff5211459d04644acdbe2d949c2a8626dc0f1e355d4830331235d147f36505a?s=96&d=mm&r=g\",\"caption\":\"Milar\"}}]}<\/script>\n<!-- \/ Yoast SEO plugin. -->","yoast_head_json":{"title":"Diferencias entre un lavavajillas integrable y un panelable - Milar Tendencias de electrodom\u00e9sticos","description":"Descubre las principales diferencias entre un lavavajillas integrable y un panelable. No te pierdas la caracter\u00edsticas que diferencian a estos lavavajillas.","robots":{"index":"index","follow":"follow","max-snippet":"max-snippet:-1","max-image-preview":"max-image-preview:large","max-video-preview":"max-video-preview:-1"},"canonical":"https:\/\/www.milar.es\/blog\/diferencias-entre-un-lavavajillas-integrable-y-un-panelable\/","og_locale":"es_ES","og_type":"article","og_title":"Diferencias entre un lavavajillas integrable y un panelable - Milar Tendencias de electrodom\u00e9sticos","og_description":"Descubre las principales diferencias entre un lavavajillas integrable y un panelable. No te pierdas la caracter\u00edsticas que diferencian a estos lavavajillas.","og_url":"https:\/\/www.milar.es\/blog\/diferencias-entre-un-lavavajillas-integrable-y-un-panelable\/","og_site_name":"Milar Tendencias de electrodom\u00e9sticos","article_published_time":"2020-11-29T08:00:00+00:00","article_modified_time":"2023-07-07T07:05:07+00:00","og_image":[{"width":900,"height":600,"url":"https:\/\/www.milar.es\/blog\/wp-content\/uploads\/2021\/01\/lavavajillas-integrable-y-panelable.jpg","type":"image\/jpeg"}],"author":"Milar","twitter_card":"summary_large_image","twitter_misc":{"Escrito por":"Milar","Tiempo de lectura":"5 minutos"},"schema":{"@context":"https:\/\/schema.org","@graph":[{"@type":"Article","@id":"https:\/\/www.milar.es\/blog\/diferencias-entre-un-lavavajillas-integrable-y-un-panelable\/#article","isPartOf":{"@id":"https:\/\/www.milar.es\/blog\/diferencias-entre-un-lavavajillas-integrable-y-un-panelable\/"},"author":{"name":"Milar","@id":"https:\/\/www.milar.es\/blog\/#\/schema\/person\/a63c4965e2d32a22be88aabb90c4f11f"},"headline":"Diferencias entre un lavavajillas integrable y un panelable","datePublished":"2020-11-29T08:00:00+00:00","dateModified":"2023-07-07T07:05:07+00:00","mainEntityOfPage":{"@id":"https:\/\/www.milar.es\/blog\/diferencias-entre-un-lavavajillas-integrable-y-un-panelable\/"},"wordCount":889,"image":{"@id":"https:\/\/www.milar.es\/blog\/diferencias-entre-un-lavavajillas-integrable-y-un-panelable\/#primaryimage"},"thumbnailUrl":"https:\/\/www.milar.es\/blog\/wp-content\/uploads\/2021\/01\/lavavajillas-integrable-y-panelable.jpg","articleSection":["Cocina","Electrodom\u00e9sticos","Hogar","Lavavajillas"],"inLanguage":"es"},{"@type":"WebPage","@id":"https:\/\/www.milar.es\/blog\/diferencias-entre-un-lavavajillas-integrable-y-un-panelable\/","url":"https:\/\/www.milar.es\/blog\/diferencias-entre-un-lavavajillas-integrable-y-un-panelable\/","name":"Diferencias entre un lavavajillas integrable y un panelable - Milar Tendencias de electrodom\u00e9sticos","isPartOf":{"@id":"https:\/\/www.milar.es\/blog\/#website"},"primaryImageOfPage":{"@id":"https:\/\/www.milar.es\/blog\/diferencias-entre-un-lavavajillas-integrable-y-un-panelable\/#primaryimage"},"image":{"@id":"https:\/\/www.milar.es\/blog\/diferencias-entre-un-lavavajillas-integrable-y-un-panelable\/#primaryimage"},"thumbnailUrl":"https:\/\/www.milar.es\/blog\/wp-content\/uploads\/2021\/01\/lavavajillas-integrable-y-panelable.jpg","datePublished":"2020-11-29T08:00:00+00:00","dateModified":"2023-07-07T07:05:07+00:00","author":{"@id":"https:\/\/www.milar.es\/blog\/#\/schema\/person\/a63c4965e2d32a22be88aabb90c4f11f"},"description":"Descubre las principales diferencias entre un lavavajillas integrable y un panelable. No te pierdas la caracter\u00edsticas que diferencian a estos lavavajillas.","breadcrumb":{"@id":"https:\/\/www.milar.es\/blog\/diferencias-entre-un-lavavajillas-integrable-y-un-panelable\/#breadcrumb"},"inLanguage":"es","potentialAction":[{"@type":"ReadAction","target":["https:\/\/www.milar.es\/blog\/diferencias-entre-un-lavavajillas-integrable-y-un-panelable\/"]}]},{"@type":"ImageObject","inLanguage":"es","@id":"https:\/\/www.milar.es\/blog\/diferencias-entre-un-lavavajillas-integrable-y-un-panelable\/#primaryimage","url":"https:\/\/www.milar.es\/blog\/wp-content\/uploads\/2021\/01\/lavavajillas-integrable-y-panelable.jpg","contentUrl":"https:\/\/www.milar.es\/blog\/wp-content\/uploads\/2021\/01\/lavavajillas-integrable-y-panelable.jpg","width":900,"height":600,"caption":"lavavajillas integrable y panelable"},{"@type":"BreadcrumbList","@id":"https:\/\/www.milar.es\/blog\/diferencias-entre-un-lavavajillas-integrable-y-un-panelable\/#breadcrumb","itemListElement":[{"@type":"ListItem","position":1,"name":"Home","item":"https:\/\/www.milar.es\/blog\/"},{"@type":"ListItem","position":2,"name":"Diferencias entre un lavavajillas integrable y un panelable"}]},{"@type":"WebSite","@id":"https:\/\/www.milar.es\/blog\/#website","url":"https:\/\/www.milar.es\/blog\/","name":"Milar Tendencias de electrodom\u00e9sticos","description":"","potentialAction":[{"@type":"SearchAction","target":{"@type":"EntryPoint","urlTemplate":"https:\/\/www.milar.es\/blog\/?s={search_term_string}"},"query-input":{"@type":"PropertyValueSpecification","valueRequired":true,"valueName":"search_term_string"}}],"inLanguage":"es"},{"@type":"Person","@id":"https:\/\/www.milar.es\/blog\/#\/schema\/person\/a63c4965e2d32a22be88aabb90c4f11f","name":"Milar","image":{"@type":"ImageObject","inLanguage":"es","@id":"https:\/\/secure.gravatar.com\/avatar\/1ff5211459d04644acdbe2d949c2a8626dc0f1e355d4830331235d147f36505a?s=96&d=mm&r=g","url":"https:\/\/secure.gravatar.com\/avatar\/1ff5211459d04644acdbe2d949c2a8626dc0f1e355d4830331235d147f36505a?s=96&d=mm&r=g","contentUrl":"https:\/\/secure.gravatar.com\/avatar\/1ff5211459d04644acdbe2d949c2a8626dc0f1e355d4830331235d147f36505a?s=96&d=mm&r=g","caption":"Milar"}}]}},"_links":{"self":[{"href":"https:\/\/www.milar.es\/blog\/wp-json\/wp\/v2\/posts\/5529","targetHints":{"allow":["GET"]}}],"collection":[{"href":"https:\/\/www.milar.es\/blog\/wp-json\/wp\/v2\/posts"}],"about":[{"href":"https:\/\/www.milar.es\/blog\/wp-json\/wp\/v2\/types\/post"}],"author":[{"embeddable":true,"href":"https:\/\/www.milar.es\/blog\/wp-json\/wp\/v2\/users\/1"}],"replies":[{"embeddable":true,"href":"https:\/\/www.milar.es\/blog\/wp-json\/wp\/v2\/comments?post=5529"}],"version-history":[{"count":4,"href":"https:\/\/www.milar.es\/blog\/wp-json\/wp\/v2\/posts\/5529\/revisions"}],"predecessor-version":[{"id":13508,"href":"https:\/\/www.milar.es\/blog\/wp-json\/wp\/v2\/posts\/5529\/revisions\/13508"}],"wp:featuredmedia":[{"embeddable":true,"href":"https:\/\/www.milar.es\/blog\/wp-json\/wp\/v2\/media\/5530"}],"wp:attachment":[{"href":"https:\/\/www.milar.es\/blog\/wp-json\/wp\/v2\/media?parent=5529"}],"wp:term":[{"taxonomy":"category","embeddable":true,"href":"https:\/\/www.milar.es\/blog\/wp-json\/wp\/v2\/categories?post=5529"},{"taxonomy":"post_tag","embeddable":true,"href":"https:\/\/www.milar.es\/blog\/wp-json\/wp\/v2\/tags?post=5529"}],"curies":[{"name":"wp","href":"https:\/\/api.w.org\/{rel}","templated":true}]}}