{"id":5282,"date":"2020-08-09T07:00:00","date_gmt":"2020-08-09T07:00:00","guid":{"rendered":"https:\/\/www.milar.es\/blog\/?p=5282"},"modified":"2024-04-02T09:17:58","modified_gmt":"2024-04-02T09:17:58","slug":"centro-de-planchado-vertical-como-funciona-y-cual-es-el-mejor-modelo","status":"publish","type":"post","link":"https:\/\/www.milar.es\/blog\/centro-de-planchado-vertical-como-funciona-y-cual-es-el-mejor-modelo\/","title":{"rendered":"Centro de planchado vertical \u00bfc\u00f3mo funciona y cu\u00e1l es el mejor modelo?"},"content":{"rendered":"\n<p>\u00bfEst\u00e1s cansado de pasar horas y horas planchando tus prendas? Hoy en d\u00eda puedes optar por el uso de un <strong>centro de planchado vertical profesional <\/strong>en tu propio hogar para planchar de forma r\u00e1pida y precisa toda tu colada. En<strong> <a href=\"https:\/\/www.milar.es\/\">Milar<\/a> <\/strong>te explicamos cu\u00e1les son las <strong>ventajas de un centro de planchado vertical<\/strong>, as\u00ed como <strong><a href=\"https:\/\/www.milar.es\/blog\/como-planchar-camisetas-como-los-profesionales\/\">c\u00f3mo planchar camisetas<\/a><\/strong> y otras prendas del d\u00eda a d\u00eda con \u00e9l.<\/p>\n\n\n\n<p>Comienza a disfrutar de prendas sin arrugas sin la necesidad de estar horas hasta planchar toda tu colada. Adem\u00e1s, debes saber que los nuevos modelos de lavadoras y secadoras cuentan con programas de vapor con los que se reducen las arrugas.&nbsp;<\/p>\n\n\n<div class=\"wp-block-image\">\n<figure class=\"aligncenter size-large\"><img loading=\"lazy\" decoding=\"async\" width=\"700\" height=\"467\" src=\"https:\/\/www.milar.es\/blog\/wp-content\/uploads\/2021\/10\/centro-de-planchado-vertical-700x467.jpg\" alt=\"centro de planchado vertical\" class=\"wp-image-10866\" srcset=\"https:\/\/www.milar.es\/blog\/wp-content\/uploads\/2021\/10\/centro-de-planchado-vertical-700x467.jpg 700w, https:\/\/www.milar.es\/blog\/wp-content\/uploads\/2021\/10\/centro-de-planchado-vertical-250x167.jpg 250w, https:\/\/www.milar.es\/blog\/wp-content\/uploads\/2021\/10\/centro-de-planchado-vertical-768x512.jpg 768w, https:\/\/www.milar.es\/blog\/wp-content\/uploads\/2021\/10\/centro-de-planchado-vertical-120x80.jpg 120w, https:\/\/www.milar.es\/blog\/wp-content\/uploads\/2021\/10\/centro-de-planchado-vertical.jpg 1200w\" sizes=\"auto, (max-width: 700px) 100vw, 700px\" \/><\/figure>\n<\/div>\n\n\n<h2 class=\"wp-block-heading has-text-align-center\">Ventajas de un centro de planchado<\/h2>\n\n\n\n<p>Para disfrutar de un planchado simple y con el que no pierdas mucho tiempo, sin duda, una de las mejores opciones es un centro de planchado vertical. Sobre todo, si est\u00e1s interesado en <strong>comprar un centro de planchado vertical<\/strong>, deber\u00e1s saber que hay que tener en cuenta las siguientes caracter\u00edsticas:<\/p>\n\n\n\n<p>&#8211; <strong>Dise\u00f1o<\/strong>: es mejor que el centro de planchado cuente con un <strong>dise\u00f1o ligero<\/strong> y <strong>robusto<\/strong>. De esta forma se podr\u00e1 transportar y almacenar con facilidad. Adem\u00e1s, hay que tener en cuenta la altura que nos ofrece. Sobre todo, es mejor decantarse por modelos de centros de planchado verticales con altura regulable.<\/p>\n\n\n\n<p>&#8211; <strong>Comodidad<\/strong>: para ofrecer una experiencia mucho <strong>m\u00e1s c\u00f3moda <\/strong>y facilitar la tarea del planchado es mejor que el centro de planchado sea manejable. As\u00ed se consigue una total comodidad a la hora de utilizarlo.<\/p>\n\n\n\n<p>&#8211; <strong>Tipo de accesorios<\/strong>: para facilitar la tarea tambi\u00e9n es necesario que el centro de planchado cuente con los accesorios necesarios para cada tipo de tejidos y prendas.<\/p>\n\n\n\n<p>&#8211; <strong>Potencia del planchado<\/strong>:dependiendo de la potencia con la que cuente, as\u00ed como la fuerza del vapor, se conseguir\u00e1 una mayor o menor calidad del planchado.<\/p>\n\n\n\n<h2 class=\"wp-block-heading has-text-align-center\"><strong>\u00bfC\u00f3mo funciona un centro de planchado vertical?<\/strong><\/h2>\n\n\n\n<p>Si lo que te preocupa es que no sepas muy bien utilizar este tipo de <strong>planchas de ropa,<\/strong> debes saber que su uso es muy simple. Solo se debe <strong>colgar la prenda<\/strong> de ropa en la percha y tan solo tendr\u00e1s que pasar el <strong>cepillo<\/strong> para ir alis\u00e1ndola mediante golpe de vapor. Se trata de una de las <strong>maneras m\u00e1s r\u00e1pidas, c\u00f3modas y eficaces<\/strong> para eliminar las arrugas de tus prendas.<\/p>\n\n\n\n<p>Adem\u00e1s, el <strong>vapor <\/strong>que se utiliza para <strong>eliminar las arrugas<\/strong> tambi\u00e9n sirva para <strong>eliminar determinados olores y bacterias<\/strong>. Sin duda, el vapor caliente se ha convertido en uno de nuestros aliados hoy en d\u00eda para lograr una m\u00e1xima higiene en nuestro hogar. Con el uso de un potente centro de planchado vertical podr\u00e1s disfrutar de la eliminaci\u00f3n de las arrugas, de los malos olores y de todo tipo de al\u00e9rgenos con tan solo una <strong>pasada r\u00e1pida<\/strong>. A partir de ahora no importa que la camisa o el vestido que quieras ponerte tenga arrugas, en tan solo unos minutos lo tendr\u00e1s listo para lucir tu look.&nbsp;<\/p>\n\n\n\n<p>Todo ello hace que las <strong>opiniones de un centro de planchado vertical sean muy favorables<\/strong>. Pues permite planchar e higienizar las prendas con tan solo pasar el cepillo de vapor.&nbsp;<\/p>\n\n\n\n<h2 class=\"wp-block-heading has-text-align-center\"><strong>\u00bfCu\u00e1l es el mejor centro de planchado vertical?<\/strong><\/h2>\n\n\n\n<p>En <strong>Milar <\/strong>contamos con una gran variedad de centros de planchado, por lo que puedes hacer una<strong> comparativa de centros de planchado verticales<\/strong> y de otro tipo. As\u00ed podr\u00e1s escoger el que mejor se ajuste a tus necesidades. Nosotros te recomendamos uno de los mejores modelos de <strong>centro de planchado vertical a buen precio<\/strong>.&nbsp;<\/p>\n\n\n\n<p>Con la <strong><a href=\"https:\/\/www.milar.es\/plancha-de-vapor-rowenta-is3420.html\">plancha de vapor Rowenta IS3420<\/a><\/strong> disponible en <strong>color negro<\/strong> podremos hasta <strong>desinfectar la ropa<\/strong> con la funci\u00f3n que incorpora este <strong><a href=\"https:\/\/www.milar.es\/centros-planchado-ropa\/de-rowenta.html\">centro de vapor de Rowenta<\/a><\/strong>. Adem\u00e1s, cuenta con un cepillo de vapor <strong><a href=\"https:\/\/www.milar.es\/rowenta.html\">Rowenta<\/a> <\/strong>para <strong>tejidos gruesos <\/strong>con el que se consiguen eliminar las arrugas en tan solo una pasada. Adem\u00e1s, el <strong>sistema de soporte vertical<\/strong> permite unos resultados \u00f3ptimos con tan solo el uso de una mano. Tambi\u00e9n se calienta en solo <strong>45 segundos<\/strong> y tiene <strong>3 ajustes de vapor<\/strong> en el mango. De esta manera, podr\u00e1s ir ajustando el golpe de vapor en funci\u00f3n del tipo de tejido de forma f\u00e1cil y c\u00f3moda. <\/p>\n\n\n<div class=\"wp-block-image\">\n<figure class=\"aligncenter size-large\"><a href=\"https:\/\/www.milar.es\/plancha-de-vapor-rowenta-is3420.html\"><img loading=\"lazy\" decoding=\"async\" width=\"700\" height=\"256\" src=\"https:\/\/www.milar.es\/blog\/wp-content\/uploads\/2021\/10\/plancha-de-vapor-rowenta-is3420-700x256.jpg\" alt=\"Plancha de vapor Rowenta IS3420\" class=\"wp-image-10867\" srcset=\"https:\/\/www.milar.es\/blog\/wp-content\/uploads\/2021\/10\/plancha-de-vapor-rowenta-is3420-700x256.jpg 700w, https:\/\/www.milar.es\/blog\/wp-content\/uploads\/2021\/10\/plancha-de-vapor-rowenta-is3420-250x91.jpg 250w, https:\/\/www.milar.es\/blog\/wp-content\/uploads\/2021\/10\/plancha-de-vapor-rowenta-is3420-768x281.jpg 768w, https:\/\/www.milar.es\/blog\/wp-content\/uploads\/2021\/10\/plancha-de-vapor-rowenta-is3420-120x44.jpg 120w, https:\/\/www.milar.es\/blog\/wp-content\/uploads\/2021\/10\/plancha-de-vapor-rowenta-is3420.jpg 1200w\" sizes=\"auto, (max-width: 700px) 100vw, 700px\" \/><\/a><\/figure>\n<\/div>\n\n\n<p>Con el <strong><a href=\"https:\/\/www.milar.es\/limpiador-de-vapor-rowenta-ixeo-qr1020.html\">limpiador de vapor Rowenta IXEO QR1020<\/a><\/strong> tendr\u00e1s una autonom\u00eda de <strong>40 minutos<\/strong> y capacidad para un <strong>litro de agua<\/strong>. Este centro de planchado tiene una <strong>potencia de 1600 W<\/strong> y proporciona una<strong> emisi\u00f3n de vapor continua<\/strong>. Es de <strong>acero inoxidable<\/strong> e incorpora un <strong>sistema Antical<\/strong>. Adem\u00e1s, el aparato se calienta en solo<strong> 45 segundos<\/strong> y combina plancha , cepillo de vapor y una tabla inteligente con 3 posiciones. \u00a1No te quedes sin tu <strong>centro de planchado de Rowenta<\/strong>!<\/p>\n\n\n<div class=\"wp-block-image\">\n<figure class=\"aligncenter size-large\"><a href=\"https:\/\/www.milar.es\/limpiador-de-vapor-rowenta-ixeo-qr1020.html\"><img loading=\"lazy\" decoding=\"async\" width=\"700\" height=\"256\" src=\"https:\/\/www.milar.es\/blog\/wp-content\/uploads\/2021\/10\/limpiador-de-vapor-rowenta-ixeo-qr-1020-700x256.jpg\" alt=\"Limpiador de vapor Rowenta IXEO QR1020\" class=\"wp-image-10870\" srcset=\"https:\/\/www.milar.es\/blog\/wp-content\/uploads\/2021\/10\/limpiador-de-vapor-rowenta-ixeo-qr-1020-700x256.jpg 700w, https:\/\/www.milar.es\/blog\/wp-content\/uploads\/2021\/10\/limpiador-de-vapor-rowenta-ixeo-qr-1020-250x91.jpg 250w, https:\/\/www.milar.es\/blog\/wp-content\/uploads\/2021\/10\/limpiador-de-vapor-rowenta-ixeo-qr-1020-768x281.jpg 768w, https:\/\/www.milar.es\/blog\/wp-content\/uploads\/2021\/10\/limpiador-de-vapor-rowenta-ixeo-qr-1020-120x44.jpg 120w, https:\/\/www.milar.es\/blog\/wp-content\/uploads\/2021\/10\/limpiador-de-vapor-rowenta-ixeo-qr-1020.jpg 1200w\" sizes=\"auto, (max-width: 700px) 100vw, 700px\" \/><\/a><\/figure>\n<\/div>\n\n\n<p>Disfruta de prendas sin arrugas y totalmente higienizadas en tan solo unos minutos gracias al uso de un <strong>centro de planchado vertical<\/strong>. Escoge el que mejor se ajuste a tus necesidades en <strong>Milar<\/strong> y conoce todas las ventajas de utilizar uno.&nbsp;<\/p>\n\n\n\n<p>No te pierdas todo lo que te contamos para el cuidado de tus prendas en los siguientes art\u00edculos relacionados:<\/p>\n\n\n\n<p><a href=\"https:\/\/www.milar.es\/blog\/comparativa-centros-planchado-elige-una-plancha-vapor-sobresaliente\/\"><strong>Comparativa centros de planchado. Elige una plancha de vapor de sobresaliente<\/strong><\/a><\/p>\n\n\n\n<p><a href=\"https:\/\/www.milar.es\/blog\/plancha-centro-planchado-comparativa-modelos\/\"><strong>Plancha o centro de planchado, comparativa entre ambos modelos<\/strong><\/a><\/p>\n\n\n\n<p><a href=\"https:\/\/www.milar.es\/blog\/review-centro-planchado-polti-la-opinion-del-experto\/\"><strong>&nbsp;Review Centro de planchado Polti. La opini\u00f3n del experto<\/strong><\/a><\/p>\n","protected":false},"excerpt":{"rendered":"\u00bfEst\u00e1s cansado de pasar horas y horas planchando tus prendas? Hoy en d\u00eda puedes optar por el uso de un centro de planchado vertical profesional en tu propio hogar para planchar de forma r\u00e1pida y precisa toda tu colada. En Milar te explicamos cu\u00e1les son las ventajas de un centro&#8230; <a class=\"view-article\" href=\"https:\/\/www.milar.es\/blog\/centro-de-planchado-vertical-como-funciona-y-cual-es-el-mejor-modelo\/\">Ver art\u00edculo<\/a>","protected":false},"author":1,"featured_media":10866,"comment_status":"closed","ping_status":"closed","sticky":false,"template":"","format":"standard","meta":{"footnotes":""},"categories":[15,19],"tags":[],"class_list":["post-5282","post","type-post","status-publish","format-standard","has-post-thumbnail","hentry","category-hogar","category-limpieza"],"yoast_head":"<!-- This site is optimized with the Yoast SEO plugin v27.5 - https:\/\/yoast.com\/product\/yoast-seo-wordpress\/ -->\n<title>Centro de planchado vertical \u00bfc\u00f3mo funciona y cu\u00e1l es el mejor modelo? - Milar Tendencias de electrodom\u00e9sticos<\/title>\n<meta name=\"description\" content=\"\u00bfSabes c\u00f3mo funciona y cu\u00e1l es el mejor centro de planchado vertical que puedes encontrar? En Milar te contamos todo lo que necesitas saber.\" \/>\n<meta name=\"robots\" content=\"index, follow, max-snippet:-1, max-image-preview:large, max-video-preview:-1\" \/>\n<link rel=\"canonical\" href=\"https:\/\/www.milar.es\/blog\/centro-de-planchado-vertical-como-funciona-y-cual-es-el-mejor-modelo\/\" \/>\n<meta property=\"og:locale\" content=\"es_ES\" \/>\n<meta property=\"og:type\" content=\"article\" \/>\n<meta property=\"og:title\" content=\"Centro de planchado vertical \u00bfc\u00f3mo funciona y cu\u00e1l es el mejor modelo? - Milar Tendencias de electrodom\u00e9sticos\" \/>\n<meta property=\"og:description\" content=\"\u00bfSabes c\u00f3mo funciona y cu\u00e1l es el mejor centro de planchado vertical que puedes encontrar? En Milar te contamos todo lo que necesitas saber.\" \/>\n<meta property=\"og:url\" content=\"https:\/\/www.milar.es\/blog\/centro-de-planchado-vertical-como-funciona-y-cual-es-el-mejor-modelo\/\" \/>\n<meta property=\"og:site_name\" content=\"Milar Tendencias de electrodom\u00e9sticos\" \/>\n<meta property=\"article:published_time\" content=\"2020-08-09T07:00:00+00:00\" \/>\n<meta property=\"article:modified_time\" content=\"2024-04-02T09:17:58+00:00\" \/>\n<meta property=\"og:image\" content=\"https:\/\/www.milar.es\/blog\/wp-content\/uploads\/2021\/10\/centro-de-planchado-vertical.jpg\" \/>\n\t<meta property=\"og:image:width\" content=\"1200\" \/>\n\t<meta property=\"og:image:height\" content=\"800\" \/>\n\t<meta property=\"og:image:type\" content=\"image\/jpeg\" \/>\n<meta name=\"author\" content=\"Milar\" \/>\n<meta name=\"twitter:card\" content=\"summary_large_image\" \/>\n<meta name=\"twitter:label1\" content=\"Escrito por\" \/>\n\t<meta name=\"twitter:data1\" content=\"Milar\" \/>\n\t<meta name=\"twitter:label2\" content=\"Tiempo de lectura\" \/>\n\t<meta name=\"twitter:data2\" content=\"5 minutos\" \/>\n<script type=\"application\/ld+json\" class=\"yoast-schema-graph\">{\"@context\":\"https:\\\/\\\/schema.org\",\"@graph\":[{\"@type\":\"Article\",\"@id\":\"https:\\\/\\\/www.milar.es\\\/blog\\\/centro-de-planchado-vertical-como-funciona-y-cual-es-el-mejor-modelo\\\/#article\",\"isPartOf\":{\"@id\":\"https:\\\/\\\/www.milar.es\\\/blog\\\/centro-de-planchado-vertical-como-funciona-y-cual-es-el-mejor-modelo\\\/\"},\"author\":{\"name\":\"Milar\",\"@id\":\"https:\\\/\\\/www.milar.es\\\/blog\\\/#\\\/schema\\\/person\\\/a63c4965e2d32a22be88aabb90c4f11f\"},\"headline\":\"Centro de planchado vertical \u00bfc\u00f3mo funciona y cu\u00e1l es el mejor modelo?\",\"datePublished\":\"2020-08-09T07:00:00+00:00\",\"dateModified\":\"2024-04-02T09:17:58+00:00\",\"mainEntityOfPage\":{\"@id\":\"https:\\\/\\\/www.milar.es\\\/blog\\\/centro-de-planchado-vertical-como-funciona-y-cual-es-el-mejor-modelo\\\/\"},\"wordCount\":917,\"image\":{\"@id\":\"https:\\\/\\\/www.milar.es\\\/blog\\\/centro-de-planchado-vertical-como-funciona-y-cual-es-el-mejor-modelo\\\/#primaryimage\"},\"thumbnailUrl\":\"https:\\\/\\\/www.milar.es\\\/blog\\\/wp-content\\\/uploads\\\/2021\\\/10\\\/centro-de-planchado-vertical.jpg\",\"articleSection\":[\"Hogar\",\"Limpieza\"],\"inLanguage\":\"es\"},{\"@type\":\"WebPage\",\"@id\":\"https:\\\/\\\/www.milar.es\\\/blog\\\/centro-de-planchado-vertical-como-funciona-y-cual-es-el-mejor-modelo\\\/\",\"url\":\"https:\\\/\\\/www.milar.es\\\/blog\\\/centro-de-planchado-vertical-como-funciona-y-cual-es-el-mejor-modelo\\\/\",\"name\":\"Centro de planchado vertical \u00bfc\u00f3mo funciona y cu\u00e1l es el mejor modelo? - Milar Tendencias de electrodom\u00e9sticos\",\"isPartOf\":{\"@id\":\"https:\\\/\\\/www.milar.es\\\/blog\\\/#website\"},\"primaryImageOfPage\":{\"@id\":\"https:\\\/\\\/www.milar.es\\\/blog\\\/centro-de-planchado-vertical-como-funciona-y-cual-es-el-mejor-modelo\\\/#primaryimage\"},\"image\":{\"@id\":\"https:\\\/\\\/www.milar.es\\\/blog\\\/centro-de-planchado-vertical-como-funciona-y-cual-es-el-mejor-modelo\\\/#primaryimage\"},\"thumbnailUrl\":\"https:\\\/\\\/www.milar.es\\\/blog\\\/wp-content\\\/uploads\\\/2021\\\/10\\\/centro-de-planchado-vertical.jpg\",\"datePublished\":\"2020-08-09T07:00:00+00:00\",\"dateModified\":\"2024-04-02T09:17:58+00:00\",\"author\":{\"@id\":\"https:\\\/\\\/www.milar.es\\\/blog\\\/#\\\/schema\\\/person\\\/a63c4965e2d32a22be88aabb90c4f11f\"},\"description\":\"\u00bfSabes c\u00f3mo funciona y cu\u00e1l es el mejor centro de planchado vertical que puedes encontrar? En Milar te contamos todo lo que necesitas saber.\",\"breadcrumb\":{\"@id\":\"https:\\\/\\\/www.milar.es\\\/blog\\\/centro-de-planchado-vertical-como-funciona-y-cual-es-el-mejor-modelo\\\/#breadcrumb\"},\"inLanguage\":\"es\",\"potentialAction\":[{\"@type\":\"ReadAction\",\"target\":[\"https:\\\/\\\/www.milar.es\\\/blog\\\/centro-de-planchado-vertical-como-funciona-y-cual-es-el-mejor-modelo\\\/\"]}]},{\"@type\":\"ImageObject\",\"inLanguage\":\"es\",\"@id\":\"https:\\\/\\\/www.milar.es\\\/blog\\\/centro-de-planchado-vertical-como-funciona-y-cual-es-el-mejor-modelo\\\/#primaryimage\",\"url\":\"https:\\\/\\\/www.milar.es\\\/blog\\\/wp-content\\\/uploads\\\/2021\\\/10\\\/centro-de-planchado-vertical.jpg\",\"contentUrl\":\"https:\\\/\\\/www.milar.es\\\/blog\\\/wp-content\\\/uploads\\\/2021\\\/10\\\/centro-de-planchado-vertical.jpg\",\"width\":1200,\"height\":800,\"caption\":\"centro de planchado vertical\"},{\"@type\":\"BreadcrumbList\",\"@id\":\"https:\\\/\\\/www.milar.es\\\/blog\\\/centro-de-planchado-vertical-como-funciona-y-cual-es-el-mejor-modelo\\\/#breadcrumb\",\"itemListElement\":[{\"@type\":\"ListItem\",\"position\":1,\"name\":\"Home\",\"item\":\"https:\\\/\\\/www.milar.es\\\/blog\\\/\"},{\"@type\":\"ListItem\",\"position\":2,\"name\":\"Centro de planchado vertical \u00bfc\u00f3mo funciona y cu\u00e1l es el mejor modelo?\"}]},{\"@type\":\"WebSite\",\"@id\":\"https:\\\/\\\/www.milar.es\\\/blog\\\/#website\",\"url\":\"https:\\\/\\\/www.milar.es\\\/blog\\\/\",\"name\":\"Milar Tendencias de electrodom\u00e9sticos\",\"description\":\"\",\"potentialAction\":[{\"@type\":\"SearchAction\",\"target\":{\"@type\":\"EntryPoint\",\"urlTemplate\":\"https:\\\/\\\/www.milar.es\\\/blog\\\/?s={search_term_string}\"},\"query-input\":{\"@type\":\"PropertyValueSpecification\",\"valueRequired\":true,\"valueName\":\"search_term_string\"}}],\"inLanguage\":\"es\"},{\"@type\":\"Person\",\"@id\":\"https:\\\/\\\/www.milar.es\\\/blog\\\/#\\\/schema\\\/person\\\/a63c4965e2d32a22be88aabb90c4f11f\",\"name\":\"Milar\",\"image\":{\"@type\":\"ImageObject\",\"inLanguage\":\"es\",\"@id\":\"https:\\\/\\\/secure.gravatar.com\\\/avatar\\\/1ff5211459d04644acdbe2d949c2a8626dc0f1e355d4830331235d147f36505a?s=96&d=mm&r=g\",\"url\":\"https:\\\/\\\/secure.gravatar.com\\\/avatar\\\/1ff5211459d04644acdbe2d949c2a8626dc0f1e355d4830331235d147f36505a?s=96&d=mm&r=g\",\"contentUrl\":\"https:\\\/\\\/secure.gravatar.com\\\/avatar\\\/1ff5211459d04644acdbe2d949c2a8626dc0f1e355d4830331235d147f36505a?s=96&d=mm&r=g\",\"caption\":\"Milar\"}}]}<\/script>\n<!-- \/ Yoast SEO plugin. -->","yoast_head_json":{"title":"Centro de planchado vertical \u00bfc\u00f3mo funciona y cu\u00e1l es el mejor modelo? - Milar Tendencias de electrodom\u00e9sticos","description":"\u00bfSabes c\u00f3mo funciona y cu\u00e1l es el mejor centro de planchado vertical que puedes encontrar? En Milar te contamos todo lo que necesitas saber.","robots":{"index":"index","follow":"follow","max-snippet":"max-snippet:-1","max-image-preview":"max-image-preview:large","max-video-preview":"max-video-preview:-1"},"canonical":"https:\/\/www.milar.es\/blog\/centro-de-planchado-vertical-como-funciona-y-cual-es-el-mejor-modelo\/","og_locale":"es_ES","og_type":"article","og_title":"Centro de planchado vertical \u00bfc\u00f3mo funciona y cu\u00e1l es el mejor modelo? - Milar Tendencias de electrodom\u00e9sticos","og_description":"\u00bfSabes c\u00f3mo funciona y cu\u00e1l es el mejor centro de planchado vertical que puedes encontrar? En Milar te contamos todo lo que necesitas saber.","og_url":"https:\/\/www.milar.es\/blog\/centro-de-planchado-vertical-como-funciona-y-cual-es-el-mejor-modelo\/","og_site_name":"Milar Tendencias de electrodom\u00e9sticos","article_published_time":"2020-08-09T07:00:00+00:00","article_modified_time":"2024-04-02T09:17:58+00:00","og_image":[{"width":1200,"height":800,"url":"https:\/\/www.milar.es\/blog\/wp-content\/uploads\/2021\/10\/centro-de-planchado-vertical.jpg","type":"image\/jpeg"}],"author":"Milar","twitter_card":"summary_large_image","twitter_misc":{"Escrito por":"Milar","Tiempo de lectura":"5 minutos"},"schema":{"@context":"https:\/\/schema.org","@graph":[{"@type":"Article","@id":"https:\/\/www.milar.es\/blog\/centro-de-planchado-vertical-como-funciona-y-cual-es-el-mejor-modelo\/#article","isPartOf":{"@id":"https:\/\/www.milar.es\/blog\/centro-de-planchado-vertical-como-funciona-y-cual-es-el-mejor-modelo\/"},"author":{"name":"Milar","@id":"https:\/\/www.milar.es\/blog\/#\/schema\/person\/a63c4965e2d32a22be88aabb90c4f11f"},"headline":"Centro de planchado vertical \u00bfc\u00f3mo funciona y cu\u00e1l es el mejor modelo?","datePublished":"2020-08-09T07:00:00+00:00","dateModified":"2024-04-02T09:17:58+00:00","mainEntityOfPage":{"@id":"https:\/\/www.milar.es\/blog\/centro-de-planchado-vertical-como-funciona-y-cual-es-el-mejor-modelo\/"},"wordCount":917,"image":{"@id":"https:\/\/www.milar.es\/blog\/centro-de-planchado-vertical-como-funciona-y-cual-es-el-mejor-modelo\/#primaryimage"},"thumbnailUrl":"https:\/\/www.milar.es\/blog\/wp-content\/uploads\/2021\/10\/centro-de-planchado-vertical.jpg","articleSection":["Hogar","Limpieza"],"inLanguage":"es"},{"@type":"WebPage","@id":"https:\/\/www.milar.es\/blog\/centro-de-planchado-vertical-como-funciona-y-cual-es-el-mejor-modelo\/","url":"https:\/\/www.milar.es\/blog\/centro-de-planchado-vertical-como-funciona-y-cual-es-el-mejor-modelo\/","name":"Centro de planchado vertical \u00bfc\u00f3mo funciona y cu\u00e1l es el mejor modelo? - Milar Tendencias de electrodom\u00e9sticos","isPartOf":{"@id":"https:\/\/www.milar.es\/blog\/#website"},"primaryImageOfPage":{"@id":"https:\/\/www.milar.es\/blog\/centro-de-planchado-vertical-como-funciona-y-cual-es-el-mejor-modelo\/#primaryimage"},"image":{"@id":"https:\/\/www.milar.es\/blog\/centro-de-planchado-vertical-como-funciona-y-cual-es-el-mejor-modelo\/#primaryimage"},"thumbnailUrl":"https:\/\/www.milar.es\/blog\/wp-content\/uploads\/2021\/10\/centro-de-planchado-vertical.jpg","datePublished":"2020-08-09T07:00:00+00:00","dateModified":"2024-04-02T09:17:58+00:00","author":{"@id":"https:\/\/www.milar.es\/blog\/#\/schema\/person\/a63c4965e2d32a22be88aabb90c4f11f"},"description":"\u00bfSabes c\u00f3mo funciona y cu\u00e1l es el mejor centro de planchado vertical que puedes encontrar? En Milar te contamos todo lo que necesitas saber.","breadcrumb":{"@id":"https:\/\/www.milar.es\/blog\/centro-de-planchado-vertical-como-funciona-y-cual-es-el-mejor-modelo\/#breadcrumb"},"inLanguage":"es","potentialAction":[{"@type":"ReadAction","target":["https:\/\/www.milar.es\/blog\/centro-de-planchado-vertical-como-funciona-y-cual-es-el-mejor-modelo\/"]}]},{"@type":"ImageObject","inLanguage":"es","@id":"https:\/\/www.milar.es\/blog\/centro-de-planchado-vertical-como-funciona-y-cual-es-el-mejor-modelo\/#primaryimage","url":"https:\/\/www.milar.es\/blog\/wp-content\/uploads\/2021\/10\/centro-de-planchado-vertical.jpg","contentUrl":"https:\/\/www.milar.es\/blog\/wp-content\/uploads\/2021\/10\/centro-de-planchado-vertical.jpg","width":1200,"height":800,"caption":"centro de planchado vertical"},{"@type":"BreadcrumbList","@id":"https:\/\/www.milar.es\/blog\/centro-de-planchado-vertical-como-funciona-y-cual-es-el-mejor-modelo\/#breadcrumb","itemListElement":[{"@type":"ListItem","position":1,"name":"Home","item":"https:\/\/www.milar.es\/blog\/"},{"@type":"ListItem","position":2,"name":"Centro de planchado vertical \u00bfc\u00f3mo funciona y cu\u00e1l es el mejor modelo?"}]},{"@type":"WebSite","@id":"https:\/\/www.milar.es\/blog\/#website","url":"https:\/\/www.milar.es\/blog\/","name":"Milar Tendencias de electrodom\u00e9sticos","description":"","potentialAction":[{"@type":"SearchAction","target":{"@type":"EntryPoint","urlTemplate":"https:\/\/www.milar.es\/blog\/?s={search_term_string}"},"query-input":{"@type":"PropertyValueSpecification","valueRequired":true,"valueName":"search_term_string"}}],"inLanguage":"es"},{"@type":"Person","@id":"https:\/\/www.milar.es\/blog\/#\/schema\/person\/a63c4965e2d32a22be88aabb90c4f11f","name":"Milar","image":{"@type":"ImageObject","inLanguage":"es","@id":"https:\/\/secure.gravatar.com\/avatar\/1ff5211459d04644acdbe2d949c2a8626dc0f1e355d4830331235d147f36505a?s=96&d=mm&r=g","url":"https:\/\/secure.gravatar.com\/avatar\/1ff5211459d04644acdbe2d949c2a8626dc0f1e355d4830331235d147f36505a?s=96&d=mm&r=g","contentUrl":"https:\/\/secure.gravatar.com\/avatar\/1ff5211459d04644acdbe2d949c2a8626dc0f1e355d4830331235d147f36505a?s=96&d=mm&r=g","caption":"Milar"}}]}},"_links":{"self":[{"href":"https:\/\/www.milar.es\/blog\/wp-json\/wp\/v2\/posts\/5282","targetHints":{"allow":["GET"]}}],"collection":[{"href":"https:\/\/www.milar.es\/blog\/wp-json\/wp\/v2\/posts"}],"about":[{"href":"https:\/\/www.milar.es\/blog\/wp-json\/wp\/v2\/types\/post"}],"author":[{"embeddable":true,"href":"https:\/\/www.milar.es\/blog\/wp-json\/wp\/v2\/users\/1"}],"replies":[{"embeddable":true,"href":"https:\/\/www.milar.es\/blog\/wp-json\/wp\/v2\/comments?post=5282"}],"version-history":[{"count":8,"href":"https:\/\/www.milar.es\/blog\/wp-json\/wp\/v2\/posts\/5282\/revisions"}],"predecessor-version":[{"id":13851,"href":"https:\/\/www.milar.es\/blog\/wp-json\/wp\/v2\/posts\/5282\/revisions\/13851"}],"wp:featuredmedia":[{"embeddable":true,"href":"https:\/\/www.milar.es\/blog\/wp-json\/wp\/v2\/media\/10866"}],"wp:attachment":[{"href":"https:\/\/www.milar.es\/blog\/wp-json\/wp\/v2\/media?parent=5282"}],"wp:term":[{"taxonomy":"category","embeddable":true,"href":"https:\/\/www.milar.es\/blog\/wp-json\/wp\/v2\/categories?post=5282"},{"taxonomy":"post_tag","embeddable":true,"href":"https:\/\/www.milar.es\/blog\/wp-json\/wp\/v2\/tags?post=5282"}],"curies":[{"name":"wp","href":"https:\/\/api.w.org\/{rel}","templated":true}]}}