{"id":5100,"date":"2020-04-30T06:00:43","date_gmt":"2020-04-30T06:00:43","guid":{"rendered":"https:\/\/www.milar.es\/blog\/?p=5100"},"modified":"2022-01-14T12:33:20","modified_gmt":"2022-01-14T12:33:20","slug":"como-secar-el-edredon-secadora-bosch","status":"publish","type":"post","link":"https:\/\/www.milar.es\/blog\/como-secar-el-edredon-secadora-bosch\/","title":{"rendered":"\u00bfC\u00f3mo secar el edred\u00f3n en una secadora Bosch?"},"content":{"rendered":"\n<p>Es conveniente lavar los edredones con mayor frecuencia de lo que solemos estar acostumbrados. Lavar y secar los edredones en casa es mucho m\u00e1s sencillo de lo que parece gracias al uso de tu <strong><a href=\"https:\/\/www.milar.es\/secadoras-cocina.html\">secadora<\/a><\/strong>. Por ello, desde <strong><a href=\"https:\/\/www.milar.es\/\">Milar<\/a><\/strong> os contamos <strong>c\u00f3mo secar el edred\u00f3n secadora de la marca<\/strong><a href=\"https:\/\/www.milar.es\/bosch.html\"><strong> Bosch<\/strong><\/a> y sus programas especiales de secado. Con estas <strong><a href=\"https:\/\/www.milar.es\/secadoras-cocina\/de-bosch.html\">secadoras Bosch<\/a><\/strong> vas a poder tener siempre secos los edredones de tu hogar. \u00a1No te pierdas el post!<\/p>\n\n\n\n<div class=\"wp-block-image\"><figure class=\"aligncenter size-large\"><img loading=\"lazy\" decoding=\"async\" width=\"700\" height=\"467\" src=\"https:\/\/www.milar.es\/blog\/wp-content\/uploads\/2020\/04\/edredon-secadora-700x467.jpg\" alt=\"edredon secadora\" class=\"wp-image-11512\" srcset=\"https:\/\/www.milar.es\/blog\/wp-content\/uploads\/2020\/04\/edredon-secadora-700x467.jpg 700w, https:\/\/www.milar.es\/blog\/wp-content\/uploads\/2020\/04\/edredon-secadora-250x167.jpg 250w, https:\/\/www.milar.es\/blog\/wp-content\/uploads\/2020\/04\/edredon-secadora-768x512.jpg 768w, https:\/\/www.milar.es\/blog\/wp-content\/uploads\/2020\/04\/edredon-secadora-120x80.jpg 120w, https:\/\/www.milar.es\/blog\/wp-content\/uploads\/2020\/04\/edredon-secadora.jpg 1200w\" sizes=\"auto, (max-width: 700px) 100vw, 700px\" \/><\/figure><\/div>\n\n\n\n<h2 class=\"has-text-align-center wp-block-heading\">\u00bfC\u00f3mo secar el edred\u00f3n secadora Bosch?<\/h2>\n\n\n\n<p>No tendr\u00e1s que volver a gastar el dinero en una tintorer\u00eda gracias a los <strong>nuevos modelos de secadoras Bosch<\/strong>, que cuentan con programas de secado para todo tipo de tejidos. Entre ellos podemos destacar el<strong> programa plumas<\/strong> con el que se pueden secar todo tipo de edredones de plumas, cojines o colchas. Mediante este programa de secado se consigue una gran ligereza y esponjosidad en ese tipo de ropa de cama, proporcionando una textura agradable y c\u00f3moda. Por lo que podr\u00e1s ahorrarte el viaje a la tintorer\u00eda e incluso algo de dinero.<\/p>\n\n\n\n<p>A la hora de <strong>meter el edred\u00f3n en la secadora,<\/strong> es mejor decantarse por un modelo de secadora o <a href=\"https:\/\/www.milar.es\/lava-secadoras-cocina.html\"><strong>lavasecadora<\/strong><\/a> de gran capacidad, al igual que a la hora de lavarlo es aconsejable utilizar una <a href=\"https:\/\/www.milar.es\/lavadoras-cocina.html\"><strong>lavadora<\/strong><\/a> grande.\u00a0 Por lo que con una secadora de 9 kg o m\u00e1s ser\u00e1 m\u00e1s que suficiente para secar el edred\u00f3n sin problemas ya que el tambor cuenta con un mayor espacio. As\u00ed se evita que el edred\u00f3n se apelmace durante el ciclo de secado. <\/p>\n\n\n\n<p>De este modo solo habr\u00e1 que escoger el programa de secado y el\nnivel de temperatura m\u00e1s adecuados, pudiendo <strong>introducir el edred\u00f3n n\u00f3rdico\nen la secadora sin ning\u00fan tipo de problemas<\/strong> (siempre y cuando teniendo en\ncuenta lo que diga su etiqueta).<\/p>\n\n\n\n<h2 class=\"has-text-align-center wp-block-heading\">\u00bfQu\u00e9 debes tener en cuenta para secar tu edred\u00f3n? <\/h2>\n\n\n\n<p>E<strong>n relaci\u00f3n al tipo de tejido con el que se elabor\u00f3 el edred\u00f3n podremos optar por un tipo de programa u otro<\/strong>. Tras mirar anteriormente la etiqueta podremos ver si se trata de un <strong>edred\u00f3n de algod\u00f3n, de plumas o de material sint\u00e9tico<\/strong>. Muchas <strong>secadoras Bosch<\/strong> cuentan con programas especiales para el secado de prendas sint\u00e9ticas, de algod\u00f3n o incluso cuentan con programas de secado para edredones. <\/p>\n\n\n\n<p>En relaci\u00f3n al <strong>nivel de temperatura de la secadora para\nun edred\u00f3n sint\u00e9tico o de plumas, tambi\u00e9n depender\u00e1 del tipo de tejido.<\/strong> Si\nla secadora no cuenta con programas especiales de secado para prendas sint\u00e9tica\no como el programa de plumas, siempre es mejor utilizar el programa delicado a\nbaja temperatura. Por el contrario, si la secadora si que cuenta con este tipo\nde programas, podr\u00e1s optar por un ajuste de secador alto con que se garantiza\nel secado de todas y cada una de las capas que componen el edred\u00f3n. <\/p>\n\n\n\n<p>Otras de las recomendaciones que se suelen tener en cuenta es<strong> no introducir m\u00e1s prendas en la secador<\/strong>a durante el ciclo de secado. As\u00ed se evita el apelmazamiento del edred\u00f3n. Incluso uno de los trucos que siguen determinadas personas para que no se apelmace el edred\u00f3n, es introducir tres pelotas de tenis en el interior del tambor. De esta forma podr\u00e1s disfrutar de un edred\u00f3n esponjoso con el que dormir mucho m\u00e1s c\u00f3modamente. <\/p>\n\n\n\n<h2 class=\"has-text-align-center wp-block-heading\">Comparativa entre los mejores modelos de secadoras Bosch<\/h2>\n\n\n\n<p class=\"has-text-align-center\"><strong><a href=\"https:\/\/www.milar.es\/secadora-bomba-de-calor-bosch-wtr85v91es-aplusplus.html\">Secadora Bomba de Calor Bosch WTR85V91ES<\/a><\/strong><\/p>\n\n\n\n<p>Con esta  <strong>secadora Bomba de Calor Bosch WTR85V91ES <\/strong>que cuenta con una <strong>capacidad de 8 kilos<\/strong> tiene un nivel de <strong>ruido de solo 65 dB<\/strong> durante su funcionamiento. Esta<strong> secadora autom\u00e1tica de Bosch<\/strong> cuenta con todo tipo de programas especiales. De esta forma nos permite escoger entre programas como <strong>Mix, secado con cesto para prendas de lana<\/strong>, secado para <strong>toallas<\/strong>, para <strong>ropa de sport, secado r\u00e1pido de 40 minutos<\/strong>, secado para <strong>camisas<\/strong>, secado para <strong>ropa delicada o secador para plumas<\/strong> con el que podemos introducir perfectamente nuestro edred\u00f3n. \u00a0<\/p>\n\n\n\n<div class=\"wp-block-image\"><figure class=\"aligncenter size-large\"><a href=\"https:\/\/www.milar.es\/secadora-bomba-de-calor-bosch-wtr85v91es-aplusplus.html\"><img loading=\"lazy\" decoding=\"async\" width=\"700\" height=\"256\" src=\"https:\/\/www.milar.es\/blog\/wp-content\/uploads\/2022\/01\/secadora-bosch-wtr85v91es-700x256.jpg\" alt=\"Secadora Bomba de Calor Bosch WTR85V91ES\" class=\"wp-image-11514\" srcset=\"https:\/\/www.milar.es\/blog\/wp-content\/uploads\/2022\/01\/secadora-bosch-wtr85v91es-700x256.jpg 700w, https:\/\/www.milar.es\/blog\/wp-content\/uploads\/2022\/01\/secadora-bosch-wtr85v91es-250x91.jpg 250w, https:\/\/www.milar.es\/blog\/wp-content\/uploads\/2022\/01\/secadora-bosch-wtr85v91es-768x281.jpg 768w, https:\/\/www.milar.es\/blog\/wp-content\/uploads\/2022\/01\/secadora-bosch-wtr85v91es-120x44.jpg 120w, https:\/\/www.milar.es\/blog\/wp-content\/uploads\/2022\/01\/secadora-bosch-wtr85v91es.jpg 1200w\" sizes=\"auto, (max-width: 700px) 100vw, 700px\" \/><\/a><\/figure><\/div>\n\n\n\n<p class=\"has-text-align-center\"><strong><a href=\"https:\/\/www.milar.es\/secadora-bomba-de-calor-bosch-wtu87rh1es-aplusplusplus.html\">Secadora Bomba de Calor Bosch WTU87RH1ES<\/a><\/strong><\/p>\n\n\n\n<p>Esta <strong>secadora Bomba de Calor Bosch WTU87RH1ES<\/strong> de color blanco cuenta con las mejores tecnolog\u00edas para secar y cuidar toda tu ropa. Si est\u00e1s buscando un modelo profesional con el que secar grandes cantidades de prendas y\u00a0 no preocuparte por nada, este es el modelo ideal para ti. Gracias a los <strong>sensores con los que cuenta esta secadora inteligente<\/strong> se proporciona un ciclo de secado de gran precisi\u00f3n en el que se ajusta la temperatura de forma autom\u00e1tica. <\/p>\n\n\n\n<div class=\"wp-block-image\"><figure class=\"aligncenter size-large\"><a href=\"https:\/\/www.milar.es\/secadora-bomba-de-calor-bosch-wtu87rh1es-aplusplusplus.html\"><img loading=\"lazy\" decoding=\"async\" width=\"700\" height=\"256\" src=\"https:\/\/www.milar.es\/blog\/wp-content\/uploads\/2022\/01\/secadora-bosch-wtu87rh1es-700x256.jpg\" alt=\"Secadora Bomba de Calor Bosch WTU87RH1ES\" class=\"wp-image-11515\" srcset=\"https:\/\/www.milar.es\/blog\/wp-content\/uploads\/2022\/01\/secadora-bosch-wtu87rh1es-700x256.jpg 700w, https:\/\/www.milar.es\/blog\/wp-content\/uploads\/2022\/01\/secadora-bosch-wtu87rh1es-250x91.jpg 250w, https:\/\/www.milar.es\/blog\/wp-content\/uploads\/2022\/01\/secadora-bosch-wtu87rh1es-768x281.jpg 768w, https:\/\/www.milar.es\/blog\/wp-content\/uploads\/2022\/01\/secadora-bosch-wtu87rh1es-120x44.jpg 120w, https:\/\/www.milar.es\/blog\/wp-content\/uploads\/2022\/01\/secadora-bosch-wtu87rh1es.jpg 1200w\" sizes=\"auto, (max-width: 700px) 100vw, 700px\" \/><\/a><\/figure><\/div>\n\n\n\n<p class=\"has-text-align-center\"><strong> <a href=\"https:\/\/www.milar.es\/secadora-bomba-de-calor-bosch-wtx87eh0es-aplusplusplus.html\">Secadora bomba de calor Bosch WTX87EH0ES A+++<\/a><\/strong> <\/p>\n\n\n\n<p>Otro modelo muy similar que tambi\u00e9n ofrece un total cuidado de las prendas durante el ciclo de secado es la <strong>secadora bomba de calor Bosch WTX87EH0ES A+++<\/strong>. Esta<strong> secadora inteligente de Bosch <\/strong>tambi\u00e9n nos ofrece una gran variedad de programas de secado especiales. Entre esos programas podemos escoger <strong>programas de algod\u00f3n, anti alergias, para camisas, toallas&#8230;<\/strong> As\u00ed como el programa de plumas o el programa de edredones sint\u00e9ticos con los que podemos secar nuestro edred\u00f3n sin importar del material que sea.  <\/p>\n\n\n\n<div class=\"wp-block-image\"><figure class=\"aligncenter size-large\"><a href=\"https:\/\/www.milar.es\/secadora-bomba-de-calor-bosch-wtx87eh0es-aplusplusplus.html\"><img loading=\"lazy\" decoding=\"async\" width=\"700\" height=\"256\" src=\"https:\/\/www.milar.es\/blog\/wp-content\/uploads\/2022\/01\/secadora-bosch-wtx87eh0es-700x256.jpg\" alt=\"Secadora Bomba de Calor Bosch WTX87EH0ES\" class=\"wp-image-11513\" srcset=\"https:\/\/www.milar.es\/blog\/wp-content\/uploads\/2022\/01\/secadora-bosch-wtx87eh0es-700x256.jpg 700w, https:\/\/www.milar.es\/blog\/wp-content\/uploads\/2022\/01\/secadora-bosch-wtx87eh0es-250x91.jpg 250w, https:\/\/www.milar.es\/blog\/wp-content\/uploads\/2022\/01\/secadora-bosch-wtx87eh0es-768x281.jpg 768w, https:\/\/www.milar.es\/blog\/wp-content\/uploads\/2022\/01\/secadora-bosch-wtx87eh0es-120x44.jpg 120w, https:\/\/www.milar.es\/blog\/wp-content\/uploads\/2022\/01\/secadora-bosch-wtx87eh0es.jpg 1200w\" sizes=\"auto, (max-width: 700px) 100vw, 700px\" \/><\/a><\/figure><\/div>\n\n\n\n<p>Descubre la gran variedad de <strong>secadoras Bosch de \u00faltima generaci\u00f3n<\/strong> con las que contamos en <strong>Milar <\/strong>y disfruta de ropa limpia y seca en cuesti\u00f3n de minutos mientras se mantiene en perfecto estado. Conoce todas las ventajas de las <strong>nuevas secadoras inteligentes<\/strong> que nos facilitan nuestro d\u00eda a d\u00eda y sobre el secado de las prendas en los siguientes art\u00edculos destacados:<\/p>\n\n\n\n<p><a href=\"https:\/\/www.milar.es\/blog\/cuanto-consume-una-secadora-ropa-electrica-al-mes-segun-etiquetado-energetico\/\"><strong>\u00bfCu\u00e1nto consume una secadora de ropa el\u00e9ctrica al mes seg\u00fan el etiquetado energ\u00e9tico?<\/strong><\/a><\/p>\n\n\n\n<p><a href=\"https:\/\/www.milar.es\/blog\/tipos-de-secadoras-diferencias-y-ventajas-de-cada-tipo-de-secadora-de-ropa\/\"><strong>Tipos de Secadoras: diferencias y ventajas de cada tipo de secadora de ropa<\/strong><\/a><\/p>\n\n\n\n<p><a href=\"https:\/\/www.milar.es\/blog\/como-comprar-una-lavasecadora-aprovecha-todos-nuestros-consejos\/\"><strong>\u00bfC\u00f3mo comprar lavasecadora? Aprovecha todos nuestros consejos<\/strong><\/a><\/p>\n","protected":false},"excerpt":{"rendered":"Es conveniente lavar los edredones con mayor frecuencia de lo que solemos estar acostumbrados. Lavar y secar los edredones en casa es mucho m\u00e1s sencillo de lo que parece gracias al uso de tu secadora. Por ello, desde Milar os contamos c\u00f3mo secar el edred\u00f3n secadora de la marca Bosch&#8230; <a class=\"view-article\" href=\"https:\/\/www.milar.es\/blog\/como-secar-el-edredon-secadora-bosch\/\">Ver art\u00edculo<\/a>","protected":false},"author":1,"featured_media":11512,"comment_status":"closed","ping_status":"closed","sticky":false,"template":"","format":"standard","meta":{"footnotes":""},"categories":[2,15,19],"tags":[],"class_list":["post-5100","post","type-post","status-publish","format-standard","has-post-thumbnail","hentry","category-electrodomesticos","category-hogar","category-limpieza"],"yoast_head":"<!-- This site is optimized with the Yoast SEO plugin v27.5 - https:\/\/yoast.com\/product\/yoast-seo-wordpress\/ -->\n<title>\u00bfC\u00f3mo secar el edred\u00f3n en una secadora Bosch? - Milar Tendencias de electrodom\u00e9sticos<\/title>\n<meta name=\"description\" content=\"\u00bfC\u00f3mo secar el edred\u00f3n secadora? En este post te contamos todo lo que necesitas saber para que puedas secar tu edred\u00f3n de una forma f\u00e1cil.\" \/>\n<meta name=\"robots\" content=\"index, follow, max-snippet:-1, max-image-preview:large, max-video-preview:-1\" \/>\n<link rel=\"canonical\" href=\"https:\/\/www.milar.es\/blog\/como-secar-el-edredon-secadora-bosch\/\" \/>\n<meta property=\"og:locale\" content=\"es_ES\" \/>\n<meta property=\"og:type\" content=\"article\" \/>\n<meta property=\"og:title\" content=\"\u00bfC\u00f3mo secar el edred\u00f3n en una secadora Bosch? - Milar Tendencias de electrodom\u00e9sticos\" \/>\n<meta property=\"og:description\" content=\"\u00bfC\u00f3mo secar el edred\u00f3n secadora? En este post te contamos todo lo que necesitas saber para que puedas secar tu edred\u00f3n de una forma f\u00e1cil.\" \/>\n<meta property=\"og:url\" content=\"https:\/\/www.milar.es\/blog\/como-secar-el-edredon-secadora-bosch\/\" \/>\n<meta property=\"og:site_name\" content=\"Milar Tendencias de electrodom\u00e9sticos\" \/>\n<meta property=\"article:published_time\" content=\"2020-04-30T06:00:43+00:00\" \/>\n<meta property=\"article:modified_time\" content=\"2022-01-14T12:33:20+00:00\" \/>\n<meta property=\"og:image\" content=\"https:\/\/www.milar.es\/blog\/wp-content\/uploads\/2020\/04\/edredon-secadora.jpg\" \/>\n\t<meta property=\"og:image:width\" content=\"1200\" \/>\n\t<meta property=\"og:image:height\" content=\"800\" \/>\n\t<meta property=\"og:image:type\" content=\"image\/jpeg\" \/>\n<meta name=\"author\" content=\"Milar\" \/>\n<meta name=\"twitter:card\" content=\"summary_large_image\" \/>\n<meta name=\"twitter:label1\" content=\"Escrito por\" \/>\n\t<meta name=\"twitter:data1\" content=\"Milar\" \/>\n\t<meta name=\"twitter:label2\" content=\"Tiempo de lectura\" \/>\n\t<meta name=\"twitter:data2\" content=\"5 minutos\" \/>\n<script type=\"application\/ld+json\" class=\"yoast-schema-graph\">{\"@context\":\"https:\\\/\\\/schema.org\",\"@graph\":[{\"@type\":\"Article\",\"@id\":\"https:\\\/\\\/www.milar.es\\\/blog\\\/como-secar-el-edredon-secadora-bosch\\\/#article\",\"isPartOf\":{\"@id\":\"https:\\\/\\\/www.milar.es\\\/blog\\\/como-secar-el-edredon-secadora-bosch\\\/\"},\"author\":{\"name\":\"Milar\",\"@id\":\"https:\\\/\\\/www.milar.es\\\/blog\\\/#\\\/schema\\\/person\\\/a63c4965e2d32a22be88aabb90c4f11f\"},\"headline\":\"\u00bfC\u00f3mo secar el edred\u00f3n en una secadora Bosch?\",\"datePublished\":\"2020-04-30T06:00:43+00:00\",\"dateModified\":\"2022-01-14T12:33:20+00:00\",\"mainEntityOfPage\":{\"@id\":\"https:\\\/\\\/www.milar.es\\\/blog\\\/como-secar-el-edredon-secadora-bosch\\\/\"},\"wordCount\":985,\"image\":{\"@id\":\"https:\\\/\\\/www.milar.es\\\/blog\\\/como-secar-el-edredon-secadora-bosch\\\/#primaryimage\"},\"thumbnailUrl\":\"https:\\\/\\\/www.milar.es\\\/blog\\\/wp-content\\\/uploads\\\/2020\\\/04\\\/edredon-secadora.jpg\",\"articleSection\":[\"Electrodom\u00e9sticos\",\"Hogar\",\"Limpieza\"],\"inLanguage\":\"es\"},{\"@type\":\"WebPage\",\"@id\":\"https:\\\/\\\/www.milar.es\\\/blog\\\/como-secar-el-edredon-secadora-bosch\\\/\",\"url\":\"https:\\\/\\\/www.milar.es\\\/blog\\\/como-secar-el-edredon-secadora-bosch\\\/\",\"name\":\"\u00bfC\u00f3mo secar el edred\u00f3n en una secadora Bosch? - Milar Tendencias de electrodom\u00e9sticos\",\"isPartOf\":{\"@id\":\"https:\\\/\\\/www.milar.es\\\/blog\\\/#website\"},\"primaryImageOfPage\":{\"@id\":\"https:\\\/\\\/www.milar.es\\\/blog\\\/como-secar-el-edredon-secadora-bosch\\\/#primaryimage\"},\"image\":{\"@id\":\"https:\\\/\\\/www.milar.es\\\/blog\\\/como-secar-el-edredon-secadora-bosch\\\/#primaryimage\"},\"thumbnailUrl\":\"https:\\\/\\\/www.milar.es\\\/blog\\\/wp-content\\\/uploads\\\/2020\\\/04\\\/edredon-secadora.jpg\",\"datePublished\":\"2020-04-30T06:00:43+00:00\",\"dateModified\":\"2022-01-14T12:33:20+00:00\",\"author\":{\"@id\":\"https:\\\/\\\/www.milar.es\\\/blog\\\/#\\\/schema\\\/person\\\/a63c4965e2d32a22be88aabb90c4f11f\"},\"description\":\"\u00bfC\u00f3mo secar el edred\u00f3n secadora? En este post te contamos todo lo que necesitas saber para que puedas secar tu edred\u00f3n de una forma f\u00e1cil.\",\"breadcrumb\":{\"@id\":\"https:\\\/\\\/www.milar.es\\\/blog\\\/como-secar-el-edredon-secadora-bosch\\\/#breadcrumb\"},\"inLanguage\":\"es\",\"potentialAction\":[{\"@type\":\"ReadAction\",\"target\":[\"https:\\\/\\\/www.milar.es\\\/blog\\\/como-secar-el-edredon-secadora-bosch\\\/\"]}]},{\"@type\":\"ImageObject\",\"inLanguage\":\"es\",\"@id\":\"https:\\\/\\\/www.milar.es\\\/blog\\\/como-secar-el-edredon-secadora-bosch\\\/#primaryimage\",\"url\":\"https:\\\/\\\/www.milar.es\\\/blog\\\/wp-content\\\/uploads\\\/2020\\\/04\\\/edredon-secadora.jpg\",\"contentUrl\":\"https:\\\/\\\/www.milar.es\\\/blog\\\/wp-content\\\/uploads\\\/2020\\\/04\\\/edredon-secadora.jpg\",\"width\":1200,\"height\":800,\"caption\":\"edredon secadora\"},{\"@type\":\"BreadcrumbList\",\"@id\":\"https:\\\/\\\/www.milar.es\\\/blog\\\/como-secar-el-edredon-secadora-bosch\\\/#breadcrumb\",\"itemListElement\":[{\"@type\":\"ListItem\",\"position\":1,\"name\":\"Home\",\"item\":\"https:\\\/\\\/www.milar.es\\\/blog\\\/\"},{\"@type\":\"ListItem\",\"position\":2,\"name\":\"\u00bfC\u00f3mo secar el edred\u00f3n en una secadora Bosch?\"}]},{\"@type\":\"WebSite\",\"@id\":\"https:\\\/\\\/www.milar.es\\\/blog\\\/#website\",\"url\":\"https:\\\/\\\/www.milar.es\\\/blog\\\/\",\"name\":\"Milar Tendencias de electrodom\u00e9sticos\",\"description\":\"\",\"potentialAction\":[{\"@type\":\"SearchAction\",\"target\":{\"@type\":\"EntryPoint\",\"urlTemplate\":\"https:\\\/\\\/www.milar.es\\\/blog\\\/?s={search_term_string}\"},\"query-input\":{\"@type\":\"PropertyValueSpecification\",\"valueRequired\":true,\"valueName\":\"search_term_string\"}}],\"inLanguage\":\"es\"},{\"@type\":\"Person\",\"@id\":\"https:\\\/\\\/www.milar.es\\\/blog\\\/#\\\/schema\\\/person\\\/a63c4965e2d32a22be88aabb90c4f11f\",\"name\":\"Milar\",\"image\":{\"@type\":\"ImageObject\",\"inLanguage\":\"es\",\"@id\":\"https:\\\/\\\/secure.gravatar.com\\\/avatar\\\/1ff5211459d04644acdbe2d949c2a8626dc0f1e355d4830331235d147f36505a?s=96&d=mm&r=g\",\"url\":\"https:\\\/\\\/secure.gravatar.com\\\/avatar\\\/1ff5211459d04644acdbe2d949c2a8626dc0f1e355d4830331235d147f36505a?s=96&d=mm&r=g\",\"contentUrl\":\"https:\\\/\\\/secure.gravatar.com\\\/avatar\\\/1ff5211459d04644acdbe2d949c2a8626dc0f1e355d4830331235d147f36505a?s=96&d=mm&r=g\",\"caption\":\"Milar\"}}]}<\/script>\n<!-- \/ Yoast SEO plugin. -->","yoast_head_json":{"title":"\u00bfC\u00f3mo secar el edred\u00f3n en una secadora Bosch? - Milar Tendencias de electrodom\u00e9sticos","description":"\u00bfC\u00f3mo secar el edred\u00f3n secadora? En este post te contamos todo lo que necesitas saber para que puedas secar tu edred\u00f3n de una forma f\u00e1cil.","robots":{"index":"index","follow":"follow","max-snippet":"max-snippet:-1","max-image-preview":"max-image-preview:large","max-video-preview":"max-video-preview:-1"},"canonical":"https:\/\/www.milar.es\/blog\/como-secar-el-edredon-secadora-bosch\/","og_locale":"es_ES","og_type":"article","og_title":"\u00bfC\u00f3mo secar el edred\u00f3n en una secadora Bosch? - Milar Tendencias de electrodom\u00e9sticos","og_description":"\u00bfC\u00f3mo secar el edred\u00f3n secadora? En este post te contamos todo lo que necesitas saber para que puedas secar tu edred\u00f3n de una forma f\u00e1cil.","og_url":"https:\/\/www.milar.es\/blog\/como-secar-el-edredon-secadora-bosch\/","og_site_name":"Milar Tendencias de electrodom\u00e9sticos","article_published_time":"2020-04-30T06:00:43+00:00","article_modified_time":"2022-01-14T12:33:20+00:00","og_image":[{"width":1200,"height":800,"url":"https:\/\/www.milar.es\/blog\/wp-content\/uploads\/2020\/04\/edredon-secadora.jpg","type":"image\/jpeg"}],"author":"Milar","twitter_card":"summary_large_image","twitter_misc":{"Escrito por":"Milar","Tiempo de lectura":"5 minutos"},"schema":{"@context":"https:\/\/schema.org","@graph":[{"@type":"Article","@id":"https:\/\/www.milar.es\/blog\/como-secar-el-edredon-secadora-bosch\/#article","isPartOf":{"@id":"https:\/\/www.milar.es\/blog\/como-secar-el-edredon-secadora-bosch\/"},"author":{"name":"Milar","@id":"https:\/\/www.milar.es\/blog\/#\/schema\/person\/a63c4965e2d32a22be88aabb90c4f11f"},"headline":"\u00bfC\u00f3mo secar el edred\u00f3n en una secadora Bosch?","datePublished":"2020-04-30T06:00:43+00:00","dateModified":"2022-01-14T12:33:20+00:00","mainEntityOfPage":{"@id":"https:\/\/www.milar.es\/blog\/como-secar-el-edredon-secadora-bosch\/"},"wordCount":985,"image":{"@id":"https:\/\/www.milar.es\/blog\/como-secar-el-edredon-secadora-bosch\/#primaryimage"},"thumbnailUrl":"https:\/\/www.milar.es\/blog\/wp-content\/uploads\/2020\/04\/edredon-secadora.jpg","articleSection":["Electrodom\u00e9sticos","Hogar","Limpieza"],"inLanguage":"es"},{"@type":"WebPage","@id":"https:\/\/www.milar.es\/blog\/como-secar-el-edredon-secadora-bosch\/","url":"https:\/\/www.milar.es\/blog\/como-secar-el-edredon-secadora-bosch\/","name":"\u00bfC\u00f3mo secar el edred\u00f3n en una secadora Bosch? - Milar Tendencias de electrodom\u00e9sticos","isPartOf":{"@id":"https:\/\/www.milar.es\/blog\/#website"},"primaryImageOfPage":{"@id":"https:\/\/www.milar.es\/blog\/como-secar-el-edredon-secadora-bosch\/#primaryimage"},"image":{"@id":"https:\/\/www.milar.es\/blog\/como-secar-el-edredon-secadora-bosch\/#primaryimage"},"thumbnailUrl":"https:\/\/www.milar.es\/blog\/wp-content\/uploads\/2020\/04\/edredon-secadora.jpg","datePublished":"2020-04-30T06:00:43+00:00","dateModified":"2022-01-14T12:33:20+00:00","author":{"@id":"https:\/\/www.milar.es\/blog\/#\/schema\/person\/a63c4965e2d32a22be88aabb90c4f11f"},"description":"\u00bfC\u00f3mo secar el edred\u00f3n secadora? En este post te contamos todo lo que necesitas saber para que puedas secar tu edred\u00f3n de una forma f\u00e1cil.","breadcrumb":{"@id":"https:\/\/www.milar.es\/blog\/como-secar-el-edredon-secadora-bosch\/#breadcrumb"},"inLanguage":"es","potentialAction":[{"@type":"ReadAction","target":["https:\/\/www.milar.es\/blog\/como-secar-el-edredon-secadora-bosch\/"]}]},{"@type":"ImageObject","inLanguage":"es","@id":"https:\/\/www.milar.es\/blog\/como-secar-el-edredon-secadora-bosch\/#primaryimage","url":"https:\/\/www.milar.es\/blog\/wp-content\/uploads\/2020\/04\/edredon-secadora.jpg","contentUrl":"https:\/\/www.milar.es\/blog\/wp-content\/uploads\/2020\/04\/edredon-secadora.jpg","width":1200,"height":800,"caption":"edredon secadora"},{"@type":"BreadcrumbList","@id":"https:\/\/www.milar.es\/blog\/como-secar-el-edredon-secadora-bosch\/#breadcrumb","itemListElement":[{"@type":"ListItem","position":1,"name":"Home","item":"https:\/\/www.milar.es\/blog\/"},{"@type":"ListItem","position":2,"name":"\u00bfC\u00f3mo secar el edred\u00f3n en una secadora Bosch?"}]},{"@type":"WebSite","@id":"https:\/\/www.milar.es\/blog\/#website","url":"https:\/\/www.milar.es\/blog\/","name":"Milar Tendencias de electrodom\u00e9sticos","description":"","potentialAction":[{"@type":"SearchAction","target":{"@type":"EntryPoint","urlTemplate":"https:\/\/www.milar.es\/blog\/?s={search_term_string}"},"query-input":{"@type":"PropertyValueSpecification","valueRequired":true,"valueName":"search_term_string"}}],"inLanguage":"es"},{"@type":"Person","@id":"https:\/\/www.milar.es\/blog\/#\/schema\/person\/a63c4965e2d32a22be88aabb90c4f11f","name":"Milar","image":{"@type":"ImageObject","inLanguage":"es","@id":"https:\/\/secure.gravatar.com\/avatar\/1ff5211459d04644acdbe2d949c2a8626dc0f1e355d4830331235d147f36505a?s=96&d=mm&r=g","url":"https:\/\/secure.gravatar.com\/avatar\/1ff5211459d04644acdbe2d949c2a8626dc0f1e355d4830331235d147f36505a?s=96&d=mm&r=g","contentUrl":"https:\/\/secure.gravatar.com\/avatar\/1ff5211459d04644acdbe2d949c2a8626dc0f1e355d4830331235d147f36505a?s=96&d=mm&r=g","caption":"Milar"}}]}},"_links":{"self":[{"href":"https:\/\/www.milar.es\/blog\/wp-json\/wp\/v2\/posts\/5100","targetHints":{"allow":["GET"]}}],"collection":[{"href":"https:\/\/www.milar.es\/blog\/wp-json\/wp\/v2\/posts"}],"about":[{"href":"https:\/\/www.milar.es\/blog\/wp-json\/wp\/v2\/types\/post"}],"author":[{"embeddable":true,"href":"https:\/\/www.milar.es\/blog\/wp-json\/wp\/v2\/users\/1"}],"replies":[{"embeddable":true,"href":"https:\/\/www.milar.es\/blog\/wp-json\/wp\/v2\/comments?post=5100"}],"version-history":[{"count":3,"href":"https:\/\/www.milar.es\/blog\/wp-json\/wp\/v2\/posts\/5100\/revisions"}],"predecessor-version":[{"id":11518,"href":"https:\/\/www.milar.es\/blog\/wp-json\/wp\/v2\/posts\/5100\/revisions\/11518"}],"wp:featuredmedia":[{"embeddable":true,"href":"https:\/\/www.milar.es\/blog\/wp-json\/wp\/v2\/media\/11512"}],"wp:attachment":[{"href":"https:\/\/www.milar.es\/blog\/wp-json\/wp\/v2\/media?parent=5100"}],"wp:term":[{"taxonomy":"category","embeddable":true,"href":"https:\/\/www.milar.es\/blog\/wp-json\/wp\/v2\/categories?post=5100"},{"taxonomy":"post_tag","embeddable":true,"href":"https:\/\/www.milar.es\/blog\/wp-json\/wp\/v2\/tags?post=5100"}],"curies":[{"name":"wp","href":"https:\/\/api.w.org\/{rel}","templated":true}]}}