{"id":4971,"date":"2021-03-13T06:00:00","date_gmt":"2021-03-13T06:00:00","guid":{"rendered":"https:\/\/www.milar.es\/blog\/?p=4971"},"modified":"2021-03-15T15:45:17","modified_gmt":"2021-03-15T15:45:17","slug":"philips-oneblade-pro-y-otras-maquinas-de-afeitar-para-regalar-en-el-dia-del-padre","status":"publish","type":"post","link":"https:\/\/www.milar.es\/blog\/philips-oneblade-pro-y-otras-maquinas-de-afeitar-para-regalar-en-el-dia-del-padre\/","title":{"rendered":"Philips Oneblade Pro y otras m\u00e1quinas de afeitar para regalar en el D\u00eda del Padre"},"content":{"rendered":"\n<p>El D\u00eda del Padre se acerca y, como siempre, has dejado tu regalo para \u00faltima hora. Has pensado desde un libro hasta una colonia, pero nada te convence. Espera, \u00bfqu\u00e9 te parece una <a href=\"https:\/\/www.milar.es\/afeitadoras-electricas.html\"><strong>afeitadora<\/strong><\/a>? Es un regalo muy \u00fatil con el que acertar\u00e1s seguro ya que tu padre conseguir\u00e1 un look perfecto y cuidado. Y nada mejor que <a href=\"https:\/\/www.milar.es\/philips.html\"><strong>Philips<\/strong><\/a> para ello. En el post de hoy en <a href=\"https:\/\/www.milar.es\/\"><strong>Milar<\/strong><\/a><strong> <\/strong>queremos recomendarte algunos modelos de la gama <strong>Philips Oneblade Pro <\/strong>y otras muy interesantes. \u00bfTe quedas con nosotros? \u00a1Empezamos!<\/p>\n\n\n\n<div class=\"wp-block-image\"><figure class=\"aligncenter\"><img loading=\"lazy\" decoding=\"async\" width=\"600\" height=\"433\" src=\"https:\/\/www.milar.es\/blog\/wp-content\/uploads\/2020\/03\/philips-oneblade-pro.jpg\" alt=\"philips oneblade pro\" class=\"wp-image-4988\"\/><\/figure><\/div>\n\n\n\n<p>Con el <a href=\"https:\/\/www.milar.es\/barbero-perfilador-philips-qp6520-20-negro.html\"><strong>barbero\/perfilador Philips OneBlade Pro QP6520\/20 Negro<\/strong><\/a><strong> <\/strong>no importa que tu padre quiera recortar, perfilar o afeitar ya que podr\u00e1 conseguir las tres cosas adem\u00e1s de lucir un look diferente cada d\u00eda si as\u00ed lo desea. Con el peine-gu\u00eda de precisi\u00f3n podr\u00e1 escoger longitudes entre los 0.4 y los 10mm, es decir, 14 posiciones diferentes para el afeitado que mejor se ajuste a sus necesidades.<\/p>\n\n\n\n<div class=\"wp-block-image\"><figure class=\"aligncenter\"><a href=\"https:\/\/www.milar.es\/barbero-perfilador-philips-qp6520-20-negro.html\"><img loading=\"lazy\" decoding=\"async\" width=\"884\" height=\"323\" src=\"https:\/\/www.milar.es\/blog\/wp-content\/uploads\/2020\/03\/banner-1.png\" alt=\"philips oneblade pro QP6520\/20\" class=\"wp-image-4979\"\/><\/a><\/figure><\/div>\n\n\n\n<p>\u00bfQu\u00e9 mejor\nque un aparato para poder conseguir un resultado perfecto en todo el cuerpo?\nCon <strong>Philips OneBlade Pro cara y cuerpo<\/strong> y su exclusiva tecnolog\u00eda\nOneBlade tu padre podr\u00e1 conseguir un rasurado perfecto. Gracias a su <strong>sistema\nde protecci\u00f3n doble<\/strong> (revestimiento deslizante y puntas redondeadas) no\nhabr\u00e1 peligro de cortes y con sus r\u00e1pidas cuchillas de afeitado (una velocidad\nde 200 x segundo) apenas tardar\u00e1 unos minutos en arreglarse. Adem\u00e1s, con esta <strong>afeitadora\nPhilips OneBlade Pro <\/strong>el seguimiento de los contornos del rostro es muy\nsencillo gracias a su ergon\u00f3mico y c\u00f3modo dise\u00f1o. <\/p>\n\n\n\n<p>Seguro que a\ntu padre le ha pasado alguna vez el no tener espuma y no poder afeitarse en ese\nmomento. Gracias a esta afeitadora esa situaci\u00f3n no volver\u00e1 a repetirse ya que <strong>puede\nusarse tanto en seco como en mojado<\/strong>. De esta manera, tambi\u00e9n es muy f\u00e1cil\nde limpiar una vez que se haya utilizado ya que se puede meter bajo el grifo\nsin ning\u00fan problema.<\/p>\n\n\n\n<p>Sin duda, este D\u00eda del Padre te convertir\u00e1s en el mejor hijo con esta m\u00e1quina de afeitar ya que a tu padre le durar\u00e1 intacta muchos a\u00f1os. Simplemente tendr\u00e1 que poner nuevos <strong>recambios de la Philips OneBlade Pro<\/strong> cada cuatro meses para obtener un rendimiento \u00f3ptimo. Adem\u00e1s, debido a su tama\u00f1o compacto y ligero podr\u00e1 llevarla de viaje all\u00e1 donde vaya.<\/p>\n\n\n\n<div class=\"wp-block-image\"><figure class=\"aligncenter\"><img loading=\"lazy\" decoding=\"async\" width=\"340\" height=\"191\" src=\"https:\/\/www.milar.es\/blog\/wp-content\/uploads\/2020\/03\/image-1.png\" alt=\"philips oneblade pro\" class=\"wp-image-4973\"\/><\/figure><\/div>\n\n\n\n<p>Esta\nmaquinilla de afeitar de Philips integra unapantalla LED digitalpara\nver el estado de la bater\u00eda y ver cu\u00e1nto tiempo le queda de carga. Simplemente se\nnecesita 1 hora para tener la bater\u00eda completa y tendr\u00e1s 90 minutos de\nautonom\u00eda. <\/p>\n\n\n\n<p>Seguro que\ncon todas estas prestaciones piensas que este a\u00f1o vas a gastarte una gran\ncantidad de dinero en tu regalo. Por ello, te alegrar\u00e1 saber que el precio de la\nPhilips OneBlade Prono llega a los 75\u20ac. \u00a1Mejor imposible!<\/p>\n\n\n\n<h2 class=\"has-text-align-center wp-block-heading\"><strong>Otras afeitadoras Philips para el D\u00eda\ndel Padre<\/strong><\/h2>\n\n\n\n<p>Si piensas\nque la OneBlade Pro no se ajusta demasiado a las necesidades de tu padre, no\ntienes de qu\u00e9 preocuparte porque vamos a proponerte otros modelos tambi\u00e9n muy\ninteresantes.<\/p>\n\n\n\n<p>Uno de ellos\nes la <a href=\"https:\/\/www.milar.es\/afeitadora-facial-philips-s9031-12-negro.html\"><strong>afeitadora Facial Philips S9031\/12\nNegro<\/strong><\/a><strong>. <\/strong>Sus <strong>cuchillas V-Track <\/strong>de gran\nprecisi\u00f3n colocan el pelo en la mejor posici\u00f3n y consiguen cortar un 20% m\u00e1s de\npelo en cada pasada dejando un resultado perfecto. La gran flexibilidad de sus\ncabezales (que se flexionan en 8 posiciones) hace que se puedan seguir los\ncontornos de la cara y del cuello sin ning\u00fan problema.<\/p>\n\n\n\n<p>Este maquina de afeitar acepta uso tanto en seco como en mojado proporcionado siempre el mejor resultado. Asimismo, con solo cargarla durante 1 hora tu padre podr\u00e1 disfrutar de una <strong>autonom\u00eda de 50 minutos sin cable. <\/strong>Gracias a sus intuitivos iconos la controlar\u00e1 a la perfecci\u00f3n ya que estos le avisar\u00e1n cuando haga falta cargarla o cuando sea necesario cambiar el cabezal. <\/p>\n\n\n\n<div class=\"wp-block-image\"><figure class=\"aligncenter size-full\"><a href=\"https:\/\/www.milar.es\/afeitadora-facial-philips-s9031-12-negro.html\"><img loading=\"lazy\" decoding=\"async\" width=\"694\" height=\"254\" src=\"https:\/\/www.milar.es\/blog\/wp-content\/uploads\/2021\/03\/Afeitadora-Facial-Philips-S903112.jpg\" alt=\"Afeitadora Facial Philips S9031\/12\" class=\"wp-image-5639\" srcset=\"https:\/\/www.milar.es\/blog\/wp-content\/uploads\/2021\/03\/Afeitadora-Facial-Philips-S903112.jpg 694w, https:\/\/www.milar.es\/blog\/wp-content\/uploads\/2021\/03\/Afeitadora-Facial-Philips-S903112-300x110.jpg 300w\" sizes=\"auto, (max-width: 694px) 100vw, 694px\" \/><\/a><\/figure><\/div>\n\n\n\n<p><a href=\"https:\/\/www.milar.es\/afeitadora-facial-philips-s9031-12-negro.html\"><\/a>Si prefieres\napostar por una m\u00e1quina de afeitar todoterreno con la que tu padre podr\u00e1 hacer\nde todo, entonces debes conocer el <a href=\"https:\/\/www.milar.es\/barbero-philips-mg7720-18.html\"><strong>cortapelo Philips MG7720\/18 Gris<\/strong><\/a><strong> <\/strong>que integra 14 cabezales diferentes para estar\nperfecto de la cabeza a los pies. Con el recortador para nariz podr\u00e1 eliminar\ncon total facilidad y seguridad ese odioso vello en la nariz y en las orejas y\ngracias al <strong>exclusivo sistema protector de piel<\/strong> tambi\u00e9n podr\u00e1 depilarse\nel cuerpo c\u00f3modamente.<\/p>\n\n\n\n<p>\u00c9l podr\u00e1 elegir el look que quiere llevar cada d\u00eda con los 8 peines-gu\u00eda de diferentes longitudes que incluye esta afeitadora. Adem\u00e1s, su mango antideslizante de goma y su dise\u00f1o impermeable lo hacen muy c\u00f3modo para un uso eficaz. \u00a1Ah! Y tiene una gran autonom\u00eda de 120 minutos. <\/p>\n\n\n\n<div class=\"wp-block-image\"><figure class=\"aligncenter\"><a href=\"https:\/\/www.milar.es\/barbero-philips-mg7720-18.html\"><img loading=\"lazy\" decoding=\"async\" width=\"884\" height=\"323\" src=\"https:\/\/www.milar.es\/blog\/wp-content\/uploads\/2020\/03\/banner-3.png\" alt=\"cortapelo Philips MG7720\/18 Gris \" class=\"wp-image-4980\"\/><\/a><\/figure><\/div>\n\n\n\n<p>Y con este\nmodelo finalizamos nuestro post de hoy, \u00bfcu\u00e1les son tus opiniones sobre la\nPhilips Oneblade Pro y los dem\u00e1s modelos? Si no encuentras el ideal para tu\npadre (dif\u00edcil ya que tienen una gran calidad y prestaciones) no dudes en echar\nun vistazo a nuestro cat\u00e1logo de productos. \u00a1Este a\u00f1o har\u00e1s que el D\u00eda del\nPadre sea inolvidable!<\/p>\n\n\n\n<p>Te dejamos\notro post que puede ser de tu inter\u00e9s. \u00a1Hasta la pr\u00f3xima!<\/p>\n\n\n\n<p><a href=\"https:\/\/www.milar.es\/blog\/cortapelos-hombre-comparativa-de-los-mejores-modelos\/\"><strong>Cortapelos hombre: comparativa de los mejores modelos<\/strong><\/a><\/p>\n\n\n\n<p><a href=\"https:\/\/www.milar.es\/blog\/cortapelos-profesional-comparativa-entre-las-mejores-marcas\/\"><strong>Cortapelos profesional, comparativa entre las mejores marcas<\/strong><\/a><\/p>\n\n\n\n<p><a href=\"https:\/\/www.milar.es\/blog\/afeitadora-facial-guia-definitiva-eliminar-vello-mejor-regalo-estas-navidades\/\"><strong>Afeitadora facial: gu\u00eda definitiva para eliminar el vello. El mejor regalo para estas navidades<\/strong><\/a><\/p>\n","protected":false},"excerpt":{"rendered":"El D\u00eda del Padre se acerca y, como siempre, has dejado tu regalo para \u00faltima hora. Has pensado desde un libro hasta una colonia, pero nada te convence. Espera, \u00bfqu\u00e9 te parece una afeitadora? Es un regalo muy \u00fatil con el que acertar\u00e1s seguro ya que tu padre conseguir\u00e1 un&#8230; <a class=\"view-article\" href=\"https:\/\/www.milar.es\/blog\/philips-oneblade-pro-y-otras-maquinas-de-afeitar-para-regalar-en-el-dia-del-padre\/\">Ver art\u00edculo<\/a>","protected":false},"author":1,"featured_media":4989,"comment_status":"closed","ping_status":"closed","sticky":false,"template":"","format":"standard","meta":{"footnotes":""},"categories":[22,21,1],"tags":[],"class_list":["post-4971","post","type-post","status-publish","format-standard","has-post-thumbnail","hentry","category-afeitado-y-depilacion","category-belleza-y-salud","category-entretenimiento"],"yoast_head":"<!-- This site is optimized with the Yoast SEO plugin v27.5 - https:\/\/yoast.com\/product\/yoast-seo-wordpress\/ -->\n<title>Philips Oneblade Pro y otras m\u00e1quinas de afeitar para regalar en el D\u00eda del Padre - Milar Tendencias de electrodom\u00e9sticos<\/title>\n<meta name=\"description\" content=\"\u00bfNo sabes qu\u00e9 regalar a tu padre o tu pareja? La nueva Philips Oneblade Pro cuenta con la \u00faltima tecnolog\u00eda en afeitado. Descubre todas sus caracter\u00edsticas.\" \/>\n<meta name=\"robots\" content=\"index, follow, max-snippet:-1, max-image-preview:large, max-video-preview:-1\" \/>\n<link rel=\"canonical\" href=\"https:\/\/www.milar.es\/blog\/philips-oneblade-pro-y-otras-maquinas-de-afeitar-para-regalar-en-el-dia-del-padre\/\" \/>\n<meta property=\"og:locale\" content=\"es_ES\" \/>\n<meta property=\"og:type\" content=\"article\" \/>\n<meta property=\"og:title\" content=\"Philips Oneblade Pro y otras m\u00e1quinas de afeitar para regalar en el D\u00eda del Padre - Milar Tendencias de electrodom\u00e9sticos\" \/>\n<meta property=\"og:description\" content=\"\u00bfNo sabes qu\u00e9 regalar a tu padre o tu pareja? La nueva Philips Oneblade Pro cuenta con la \u00faltima tecnolog\u00eda en afeitado. Descubre todas sus caracter\u00edsticas.\" \/>\n<meta property=\"og:url\" content=\"https:\/\/www.milar.es\/blog\/philips-oneblade-pro-y-otras-maquinas-de-afeitar-para-regalar-en-el-dia-del-padre\/\" \/>\n<meta property=\"og:site_name\" content=\"Milar Tendencias de electrodom\u00e9sticos\" \/>\n<meta property=\"article:published_time\" content=\"2021-03-13T06:00:00+00:00\" \/>\n<meta property=\"article:modified_time\" content=\"2021-03-15T15:45:17+00:00\" \/>\n<meta property=\"og:image\" content=\"https:\/\/www.milar.es\/blog\/wp-content\/uploads\/2020\/03\/philips-oneblade-pro-1.jpg\" \/>\n\t<meta property=\"og:image:width\" content=\"833\" \/>\n\t<meta property=\"og:image:height\" content=\"500\" \/>\n\t<meta property=\"og:image:type\" content=\"image\/jpeg\" \/>\n<meta name=\"author\" content=\"Milar\" \/>\n<meta name=\"twitter:card\" content=\"summary_large_image\" \/>\n<meta name=\"twitter:label1\" content=\"Escrito por\" \/>\n\t<meta name=\"twitter:data1\" content=\"Milar\" \/>\n\t<meta name=\"twitter:label2\" content=\"Tiempo de lectura\" \/>\n\t<meta name=\"twitter:data2\" content=\"5 minutos\" \/>\n<script type=\"application\/ld+json\" class=\"yoast-schema-graph\">{\"@context\":\"https:\\\/\\\/schema.org\",\"@graph\":[{\"@type\":\"Article\",\"@id\":\"https:\\\/\\\/www.milar.es\\\/blog\\\/philips-oneblade-pro-y-otras-maquinas-de-afeitar-para-regalar-en-el-dia-del-padre\\\/#article\",\"isPartOf\":{\"@id\":\"https:\\\/\\\/www.milar.es\\\/blog\\\/philips-oneblade-pro-y-otras-maquinas-de-afeitar-para-regalar-en-el-dia-del-padre\\\/\"},\"author\":{\"name\":\"Milar\",\"@id\":\"https:\\\/\\\/www.milar.es\\\/blog\\\/#\\\/schema\\\/person\\\/a63c4965e2d32a22be88aabb90c4f11f\"},\"headline\":\"Philips Oneblade Pro y otras m\u00e1quinas de afeitar para regalar en el D\u00eda del Padre\",\"datePublished\":\"2021-03-13T06:00:00+00:00\",\"dateModified\":\"2021-03-15T15:45:17+00:00\",\"mainEntityOfPage\":{\"@id\":\"https:\\\/\\\/www.milar.es\\\/blog\\\/philips-oneblade-pro-y-otras-maquinas-de-afeitar-para-regalar-en-el-dia-del-padre\\\/\"},\"wordCount\":908,\"image\":{\"@id\":\"https:\\\/\\\/www.milar.es\\\/blog\\\/philips-oneblade-pro-y-otras-maquinas-de-afeitar-para-regalar-en-el-dia-del-padre\\\/#primaryimage\"},\"thumbnailUrl\":\"https:\\\/\\\/www.milar.es\\\/blog\\\/wp-content\\\/uploads\\\/2020\\\/03\\\/philips-oneblade-pro-1.jpg\",\"articleSection\":[\"Afeitado y depilaci\u00f3n\",\"Belleza y salud\",\"Entretenimiento\"],\"inLanguage\":\"es\"},{\"@type\":\"WebPage\",\"@id\":\"https:\\\/\\\/www.milar.es\\\/blog\\\/philips-oneblade-pro-y-otras-maquinas-de-afeitar-para-regalar-en-el-dia-del-padre\\\/\",\"url\":\"https:\\\/\\\/www.milar.es\\\/blog\\\/philips-oneblade-pro-y-otras-maquinas-de-afeitar-para-regalar-en-el-dia-del-padre\\\/\",\"name\":\"Philips Oneblade Pro y otras m\u00e1quinas de afeitar para regalar en el D\u00eda del Padre - Milar Tendencias de electrodom\u00e9sticos\",\"isPartOf\":{\"@id\":\"https:\\\/\\\/www.milar.es\\\/blog\\\/#website\"},\"primaryImageOfPage\":{\"@id\":\"https:\\\/\\\/www.milar.es\\\/blog\\\/philips-oneblade-pro-y-otras-maquinas-de-afeitar-para-regalar-en-el-dia-del-padre\\\/#primaryimage\"},\"image\":{\"@id\":\"https:\\\/\\\/www.milar.es\\\/blog\\\/philips-oneblade-pro-y-otras-maquinas-de-afeitar-para-regalar-en-el-dia-del-padre\\\/#primaryimage\"},\"thumbnailUrl\":\"https:\\\/\\\/www.milar.es\\\/blog\\\/wp-content\\\/uploads\\\/2020\\\/03\\\/philips-oneblade-pro-1.jpg\",\"datePublished\":\"2021-03-13T06:00:00+00:00\",\"dateModified\":\"2021-03-15T15:45:17+00:00\",\"author\":{\"@id\":\"https:\\\/\\\/www.milar.es\\\/blog\\\/#\\\/schema\\\/person\\\/a63c4965e2d32a22be88aabb90c4f11f\"},\"description\":\"\u00bfNo sabes qu\u00e9 regalar a tu padre o tu pareja? La nueva Philips Oneblade Pro cuenta con la \u00faltima tecnolog\u00eda en afeitado. Descubre todas sus caracter\u00edsticas.\",\"breadcrumb\":{\"@id\":\"https:\\\/\\\/www.milar.es\\\/blog\\\/philips-oneblade-pro-y-otras-maquinas-de-afeitar-para-regalar-en-el-dia-del-padre\\\/#breadcrumb\"},\"inLanguage\":\"es\",\"potentialAction\":[{\"@type\":\"ReadAction\",\"target\":[\"https:\\\/\\\/www.milar.es\\\/blog\\\/philips-oneblade-pro-y-otras-maquinas-de-afeitar-para-regalar-en-el-dia-del-padre\\\/\"]}]},{\"@type\":\"ImageObject\",\"inLanguage\":\"es\",\"@id\":\"https:\\\/\\\/www.milar.es\\\/blog\\\/philips-oneblade-pro-y-otras-maquinas-de-afeitar-para-regalar-en-el-dia-del-padre\\\/#primaryimage\",\"url\":\"https:\\\/\\\/www.milar.es\\\/blog\\\/wp-content\\\/uploads\\\/2020\\\/03\\\/philips-oneblade-pro-1.jpg\",\"contentUrl\":\"https:\\\/\\\/www.milar.es\\\/blog\\\/wp-content\\\/uploads\\\/2020\\\/03\\\/philips-oneblade-pro-1.jpg\",\"width\":833,\"height\":500,\"caption\":\"philips oneblade pro\"},{\"@type\":\"BreadcrumbList\",\"@id\":\"https:\\\/\\\/www.milar.es\\\/blog\\\/philips-oneblade-pro-y-otras-maquinas-de-afeitar-para-regalar-en-el-dia-del-padre\\\/#breadcrumb\",\"itemListElement\":[{\"@type\":\"ListItem\",\"position\":1,\"name\":\"Home\",\"item\":\"https:\\\/\\\/www.milar.es\\\/blog\\\/\"},{\"@type\":\"ListItem\",\"position\":2,\"name\":\"Philips Oneblade Pro y otras m\u00e1quinas de afeitar para regalar en el D\u00eda del Padre\"}]},{\"@type\":\"WebSite\",\"@id\":\"https:\\\/\\\/www.milar.es\\\/blog\\\/#website\",\"url\":\"https:\\\/\\\/www.milar.es\\\/blog\\\/\",\"name\":\"Milar Tendencias de electrodom\u00e9sticos\",\"description\":\"\",\"potentialAction\":[{\"@type\":\"SearchAction\",\"target\":{\"@type\":\"EntryPoint\",\"urlTemplate\":\"https:\\\/\\\/www.milar.es\\\/blog\\\/?s={search_term_string}\"},\"query-input\":{\"@type\":\"PropertyValueSpecification\",\"valueRequired\":true,\"valueName\":\"search_term_string\"}}],\"inLanguage\":\"es\"},{\"@type\":\"Person\",\"@id\":\"https:\\\/\\\/www.milar.es\\\/blog\\\/#\\\/schema\\\/person\\\/a63c4965e2d32a22be88aabb90c4f11f\",\"name\":\"Milar\",\"image\":{\"@type\":\"ImageObject\",\"inLanguage\":\"es\",\"@id\":\"https:\\\/\\\/secure.gravatar.com\\\/avatar\\\/1ff5211459d04644acdbe2d949c2a8626dc0f1e355d4830331235d147f36505a?s=96&d=mm&r=g\",\"url\":\"https:\\\/\\\/secure.gravatar.com\\\/avatar\\\/1ff5211459d04644acdbe2d949c2a8626dc0f1e355d4830331235d147f36505a?s=96&d=mm&r=g\",\"contentUrl\":\"https:\\\/\\\/secure.gravatar.com\\\/avatar\\\/1ff5211459d04644acdbe2d949c2a8626dc0f1e355d4830331235d147f36505a?s=96&d=mm&r=g\",\"caption\":\"Milar\"}}]}<\/script>\n<!-- \/ Yoast SEO plugin. -->","yoast_head_json":{"title":"Philips Oneblade Pro y otras m\u00e1quinas de afeitar para regalar en el D\u00eda del Padre - Milar Tendencias de electrodom\u00e9sticos","description":"\u00bfNo sabes qu\u00e9 regalar a tu padre o tu pareja? La nueva Philips Oneblade Pro cuenta con la \u00faltima tecnolog\u00eda en afeitado. Descubre todas sus caracter\u00edsticas.","robots":{"index":"index","follow":"follow","max-snippet":"max-snippet:-1","max-image-preview":"max-image-preview:large","max-video-preview":"max-video-preview:-1"},"canonical":"https:\/\/www.milar.es\/blog\/philips-oneblade-pro-y-otras-maquinas-de-afeitar-para-regalar-en-el-dia-del-padre\/","og_locale":"es_ES","og_type":"article","og_title":"Philips Oneblade Pro y otras m\u00e1quinas de afeitar para regalar en el D\u00eda del Padre - Milar Tendencias de electrodom\u00e9sticos","og_description":"\u00bfNo sabes qu\u00e9 regalar a tu padre o tu pareja? La nueva Philips Oneblade Pro cuenta con la \u00faltima tecnolog\u00eda en afeitado. Descubre todas sus caracter\u00edsticas.","og_url":"https:\/\/www.milar.es\/blog\/philips-oneblade-pro-y-otras-maquinas-de-afeitar-para-regalar-en-el-dia-del-padre\/","og_site_name":"Milar Tendencias de electrodom\u00e9sticos","article_published_time":"2021-03-13T06:00:00+00:00","article_modified_time":"2021-03-15T15:45:17+00:00","og_image":[{"width":833,"height":500,"url":"https:\/\/www.milar.es\/blog\/wp-content\/uploads\/2020\/03\/philips-oneblade-pro-1.jpg","type":"image\/jpeg"}],"author":"Milar","twitter_card":"summary_large_image","twitter_misc":{"Escrito por":"Milar","Tiempo de lectura":"5 minutos"},"schema":{"@context":"https:\/\/schema.org","@graph":[{"@type":"Article","@id":"https:\/\/www.milar.es\/blog\/philips-oneblade-pro-y-otras-maquinas-de-afeitar-para-regalar-en-el-dia-del-padre\/#article","isPartOf":{"@id":"https:\/\/www.milar.es\/blog\/philips-oneblade-pro-y-otras-maquinas-de-afeitar-para-regalar-en-el-dia-del-padre\/"},"author":{"name":"Milar","@id":"https:\/\/www.milar.es\/blog\/#\/schema\/person\/a63c4965e2d32a22be88aabb90c4f11f"},"headline":"Philips Oneblade Pro y otras m\u00e1quinas de afeitar para regalar en el D\u00eda del Padre","datePublished":"2021-03-13T06:00:00+00:00","dateModified":"2021-03-15T15:45:17+00:00","mainEntityOfPage":{"@id":"https:\/\/www.milar.es\/blog\/philips-oneblade-pro-y-otras-maquinas-de-afeitar-para-regalar-en-el-dia-del-padre\/"},"wordCount":908,"image":{"@id":"https:\/\/www.milar.es\/blog\/philips-oneblade-pro-y-otras-maquinas-de-afeitar-para-regalar-en-el-dia-del-padre\/#primaryimage"},"thumbnailUrl":"https:\/\/www.milar.es\/blog\/wp-content\/uploads\/2020\/03\/philips-oneblade-pro-1.jpg","articleSection":["Afeitado y depilaci\u00f3n","Belleza y salud","Entretenimiento"],"inLanguage":"es"},{"@type":"WebPage","@id":"https:\/\/www.milar.es\/blog\/philips-oneblade-pro-y-otras-maquinas-de-afeitar-para-regalar-en-el-dia-del-padre\/","url":"https:\/\/www.milar.es\/blog\/philips-oneblade-pro-y-otras-maquinas-de-afeitar-para-regalar-en-el-dia-del-padre\/","name":"Philips Oneblade Pro y otras m\u00e1quinas de afeitar para regalar en el D\u00eda del Padre - Milar Tendencias de electrodom\u00e9sticos","isPartOf":{"@id":"https:\/\/www.milar.es\/blog\/#website"},"primaryImageOfPage":{"@id":"https:\/\/www.milar.es\/blog\/philips-oneblade-pro-y-otras-maquinas-de-afeitar-para-regalar-en-el-dia-del-padre\/#primaryimage"},"image":{"@id":"https:\/\/www.milar.es\/blog\/philips-oneblade-pro-y-otras-maquinas-de-afeitar-para-regalar-en-el-dia-del-padre\/#primaryimage"},"thumbnailUrl":"https:\/\/www.milar.es\/blog\/wp-content\/uploads\/2020\/03\/philips-oneblade-pro-1.jpg","datePublished":"2021-03-13T06:00:00+00:00","dateModified":"2021-03-15T15:45:17+00:00","author":{"@id":"https:\/\/www.milar.es\/blog\/#\/schema\/person\/a63c4965e2d32a22be88aabb90c4f11f"},"description":"\u00bfNo sabes qu\u00e9 regalar a tu padre o tu pareja? La nueva Philips Oneblade Pro cuenta con la \u00faltima tecnolog\u00eda en afeitado. Descubre todas sus caracter\u00edsticas.","breadcrumb":{"@id":"https:\/\/www.milar.es\/blog\/philips-oneblade-pro-y-otras-maquinas-de-afeitar-para-regalar-en-el-dia-del-padre\/#breadcrumb"},"inLanguage":"es","potentialAction":[{"@type":"ReadAction","target":["https:\/\/www.milar.es\/blog\/philips-oneblade-pro-y-otras-maquinas-de-afeitar-para-regalar-en-el-dia-del-padre\/"]}]},{"@type":"ImageObject","inLanguage":"es","@id":"https:\/\/www.milar.es\/blog\/philips-oneblade-pro-y-otras-maquinas-de-afeitar-para-regalar-en-el-dia-del-padre\/#primaryimage","url":"https:\/\/www.milar.es\/blog\/wp-content\/uploads\/2020\/03\/philips-oneblade-pro-1.jpg","contentUrl":"https:\/\/www.milar.es\/blog\/wp-content\/uploads\/2020\/03\/philips-oneblade-pro-1.jpg","width":833,"height":500,"caption":"philips oneblade pro"},{"@type":"BreadcrumbList","@id":"https:\/\/www.milar.es\/blog\/philips-oneblade-pro-y-otras-maquinas-de-afeitar-para-regalar-en-el-dia-del-padre\/#breadcrumb","itemListElement":[{"@type":"ListItem","position":1,"name":"Home","item":"https:\/\/www.milar.es\/blog\/"},{"@type":"ListItem","position":2,"name":"Philips Oneblade Pro y otras m\u00e1quinas de afeitar para regalar en el D\u00eda del Padre"}]},{"@type":"WebSite","@id":"https:\/\/www.milar.es\/blog\/#website","url":"https:\/\/www.milar.es\/blog\/","name":"Milar Tendencias de electrodom\u00e9sticos","description":"","potentialAction":[{"@type":"SearchAction","target":{"@type":"EntryPoint","urlTemplate":"https:\/\/www.milar.es\/blog\/?s={search_term_string}"},"query-input":{"@type":"PropertyValueSpecification","valueRequired":true,"valueName":"search_term_string"}}],"inLanguage":"es"},{"@type":"Person","@id":"https:\/\/www.milar.es\/blog\/#\/schema\/person\/a63c4965e2d32a22be88aabb90c4f11f","name":"Milar","image":{"@type":"ImageObject","inLanguage":"es","@id":"https:\/\/secure.gravatar.com\/avatar\/1ff5211459d04644acdbe2d949c2a8626dc0f1e355d4830331235d147f36505a?s=96&d=mm&r=g","url":"https:\/\/secure.gravatar.com\/avatar\/1ff5211459d04644acdbe2d949c2a8626dc0f1e355d4830331235d147f36505a?s=96&d=mm&r=g","contentUrl":"https:\/\/secure.gravatar.com\/avatar\/1ff5211459d04644acdbe2d949c2a8626dc0f1e355d4830331235d147f36505a?s=96&d=mm&r=g","caption":"Milar"}}]}},"_links":{"self":[{"href":"https:\/\/www.milar.es\/blog\/wp-json\/wp\/v2\/posts\/4971","targetHints":{"allow":["GET"]}}],"collection":[{"href":"https:\/\/www.milar.es\/blog\/wp-json\/wp\/v2\/posts"}],"about":[{"href":"https:\/\/www.milar.es\/blog\/wp-json\/wp\/v2\/types\/post"}],"author":[{"embeddable":true,"href":"https:\/\/www.milar.es\/blog\/wp-json\/wp\/v2\/users\/1"}],"replies":[{"embeddable":true,"href":"https:\/\/www.milar.es\/blog\/wp-json\/wp\/v2\/comments?post=4971"}],"version-history":[{"count":9,"href":"https:\/\/www.milar.es\/blog\/wp-json\/wp\/v2\/posts\/4971\/revisions"}],"predecessor-version":[{"id":5701,"href":"https:\/\/www.milar.es\/blog\/wp-json\/wp\/v2\/posts\/4971\/revisions\/5701"}],"wp:featuredmedia":[{"embeddable":true,"href":"https:\/\/www.milar.es\/blog\/wp-json\/wp\/v2\/media\/4989"}],"wp:attachment":[{"href":"https:\/\/www.milar.es\/blog\/wp-json\/wp\/v2\/media?parent=4971"}],"wp:term":[{"taxonomy":"category","embeddable":true,"href":"https:\/\/www.milar.es\/blog\/wp-json\/wp\/v2\/categories?post=4971"},{"taxonomy":"post_tag","embeddable":true,"href":"https:\/\/www.milar.es\/blog\/wp-json\/wp\/v2\/tags?post=4971"}],"curies":[{"name":"wp","href":"https:\/\/api.w.org\/{rel}","templated":true}]}}