{"id":4855,"date":"2020-02-20T15:05:22","date_gmt":"2020-02-20T15:05:22","guid":{"rendered":"https:\/\/www.milar.es\/blog\/?p=4855"},"modified":"2024-10-17T07:19:46","modified_gmt":"2024-10-17T07:19:46","slug":"cafetera-integrable-bosch-ctl636es6-todas-sus-caracteristicas","status":"publish","type":"post","link":"https:\/\/www.milar.es\/blog\/cafetera-integrable-bosch-ctl636es6-todas-sus-caracteristicas\/","title":{"rendered":"Cafetera integrable Bosch CTL636ES6, todas sus caracter\u00edsticas"},"content":{"rendered":"\n<p>Las <strong><a href=\"https:\/\/www.milar.es\/cafeteras-superautomaticas-cocina.html\">cafeteras superautom\u00e1ticas<\/a><\/strong> est\u00e1n ganando cada vez un mayor protagonismo en nuestros hogares. Y es que no es para menos ya que te permiten disfrutar de aut\u00e9ntico caf\u00e9 molido en cuesti\u00f3n de segundos. En el post de hoy en <strong><a href=\"https:\/\/www.milar.es\/\">Milar<\/a><\/strong> queremos hablarte de la <a href=\"https:\/\/www.milar.es\/cafetera-bosch-ctl636es6-encastrable.html\"><strong>cafetera Bosch CTL636ES6 encastrable<\/strong><\/a> que te permitir\u00e1 hacer deliciosos caf\u00e9s al tiempo que das un toque moderno a tu cocina con una cafetera de dise\u00f1o.<\/p>\n\n\n<div class=\"wp-block-image\">\n<figure class=\"aligncenter\"><img loading=\"lazy\" decoding=\"async\" width=\"600\" height=\"433\" src=\"https:\/\/www.milar.es\/blog\/wp-content\/uploads\/2020\/02\/Bosch-CTL636ES6-2-2.jpg\" alt=\"\" class=\"wp-image-4899\"\/><\/figure>\n<\/div>\n\n\n<p>Lo primero que debes saber sobre el modelo <a style=\"font-weight: bold;\" href=\"https:\/\/www.milar.es\/bosch.html\">Bosch<\/a> <strong>CTL636ES6 serie 8<\/strong> es que una cafetera totalmente integrable que podr\u00e1s colocar sin problema en el mueble que tu escojas.\u00bfY qu\u00e9 tipo de cafetera es? Bien, pues es una superautom\u00e1tica con molinillo de caf\u00e9 integrado. Aunque no es un molinillo cualquiera. El <strong>Ceram Drive <\/strong>est\u00e1 dise\u00f1ado con una tecnolog\u00eda resistente para un sabor m\u00e1s potente en cada grano. De esta manera, escojas el caf\u00e9 que escojas tendr\u00e1s un sabor \u00fanico y de gran calidad.<\/p>\n\n\n\n<figure class=\"wp-block-image\"><a href=\"https:\/\/www.milar.es\/cafetera-bosch-ctl636es6-encastrable.html\"><img loading=\"lazy\" decoding=\"async\" width=\"694\" height=\"254\" src=\"https:\/\/www.milar.es\/blog\/wp-content\/uploads\/2020\/02\/Banner-Blog-Milar-2020-02-20T123030.929.jpg\" alt=\"Bosch CTL636ES6\" class=\"wp-image-4867\"\/><\/a><\/figure>\n\n\n\n<p>Todos sabemos que en nuestra rutina diaria no tenemos ni un minuto que perder. Por eso, \u00bfqu\u00e9 mejor que hacer dos caf\u00e9s a la vez? \u00a1Posiblemente nada! Basta con que pongas dos tazas y selecciones la<strong> opci\u00f3n Double Cup <\/strong>para tenerlos listos en cuesti\u00f3n de segundos.<\/p>\n\n\n\n<p>Adem\u00e1s, podr\u00e1s seleccionar con total facilidad el tipo de caf\u00e9 que m\u00e1s te apetezca en el <strong>panel OneTouch<\/strong>. Espresso, capuchino o latte macchiato, simplemente escoge la que m\u00e1s te apetezca ese d\u00eda y la cafetera superautom\u00e1tica Bosch te lo ofrecer\u00e1 en cuesti\u00f3n de segundos. Su control autom\u00e1tico de caf\u00e9 y de espuma crea deliciosos caf\u00e9s para que disfrutes cada d\u00eda. <\/p>\n\n\n<div class=\"wp-block-image\">\n<figure class=\"aligncenter\"><img loading=\"lazy\" decoding=\"async\" width=\"428\" height=\"267\" src=\"https:\/\/www.milar.es\/blog\/wp-content\/uploads\/2020\/02\/MCIM01783115_onetouch-doublecup.jpg\" alt=\"Bosch CTL636ES6\" class=\"wp-image-4882\"\/><\/figure>\n<\/div>\n\n\n<p>Si te gusta el caf\u00e9 especialmente intenso, \u00bfpor qu\u00e9 no activar la <strong>funci\u00f3n Aroma Double Shot? <\/strong>Esta te har\u00e1 disfrutar de un caf\u00e9 muy potente gracias al doble proceso de molido y preparado. \u00a1Esta cafetera piensa en todos!<\/p>\n\n\n\n<h2 class=\"wp-block-heading has-text-align-center\"><strong>\u00bfIntegra la cafetera Bosch CTL636ES6 wifi?<\/strong><\/h2>\n\n\n\n<p>Puede que ahora est\u00e9s pensando: \u00bfpero c\u00f3mo va a llevar una cafetera conexi\u00f3n wifi? Aunque pueda parecer cosa de ciencia ficci\u00f3n, la realidad es que este modelo de Bosch s\u00ed que la integra. Y gracias a ella podr\u00e1s acceder a m\u00faltiples funciones que te har\u00e1n la vida m\u00e1s c\u00f3moda.<\/p>\n\n\n\n<p>Simplemente tendr\u00e1s que descargarte la<strong> app Home Connect<\/strong> en tu <strong>smartphone <\/strong>o tablet. A partir de ah\u00ed&#8230; \u00a1Te convertir\u00e1s en el mejor barista!<\/p>\n\n\n\n<p>Con la <strong>funci\u00f3n CoffeeWorld <\/strong>podr\u00e1s sorprender a tus invitados con deliciosos caf\u00e9s del otro lado del charco. Simplemente tendr\u00e1s que poner tus gustos y preferencias (si te gusta un caf\u00e9 m\u00e1s intenso o un cremoso capuchino), seleccionar entre las recetas que te propone esta funci\u00f3n y dejar que tu cafetera haga el resto. Adem\u00e1s tambi\u00e9n tendr\u00e1s informaci\u00f3n sobre los tipos de caf\u00e9 existentes, el proceso de elaboraci\u00f3n y tueste de los granos o recetas elaboradas con el mismo. \u00a1Ser\u00e1s todo un experto!<\/p>\n\n\n\n<p class=\"has-text-align-left\">Una de las prestaciones m\u00e1s interesantes de esta cafetera es la<strong> Coffee Playlist<\/strong>. Con ella la cafetera ir\u00e1 \u00abreproduciendo\u00bb todos los caf\u00e9s que t\u00fa elijas, es decir, los ir\u00e1 haciendo uno detr\u00e1s de otro y t\u00fa solo tendr\u00e1s que poner la taza debajo. Adem\u00e1s, con<strong> MyCoffee<\/strong> podr\u00e1s registrar hasta <strong>8 tipos de caf\u00e9s personalizados<\/strong>. Es decir, si a ti te gusta corto e intenso y a tu pareja espumoso y largo podr\u00e9is crear dos perfiles diferentes para que la cafetera siempre os haga el caf\u00e9 seg\u00fan vuestras preferencias. \u00a1Ah! Y podr\u00e1s escoger entre <strong>3 niveles de temperatura <\/strong>seg\u00fan c\u00f3mo te apetezca en cada momento.<\/p>\n\n\n\n<p>Y si tu cafetera Bosch no funciona como deber\u00eda podr\u00e1s disponer de un servicio t\u00e9cnico eficaz y r\u00e1pido gracias tambi\u00e9n a <strong>Home Connect<\/strong> y el diagn\u00f3stico remoto. Simplemente  tendr\u00e1s que llamar al n\u00famero que te aparecer\u00e1 en la app y un experto se conectar\u00e1 de manera remota a tu cafetera para evaluar posibles fallos. \u00a1M\u00e1s f\u00e1cil imposible!<\/p>\n\n\n\n<p>Todas estas caracter\u00edsticas y prestaciones se reflejan en el <strong>precio de la Bosch CTL636ES6 <\/strong>ya que ronda los 2000 euros. No obstante supone una<strong> <\/strong>buena inversi\u00f3n ya que es una cafetera de gran calidad con una gran durabilidad y garant\u00eda. <\/p>\n\n\n\n<p>Y hasta aqu\u00ed nuestra<strong> review de la Bosch CTL636ES6<\/strong>. Si te ha gustado, \u00bfpor qu\u00e9 no echas un vistazo a estos otros posts de nuestro blog? \u00a1Nos vemos!<\/p>\n\n\n\n<p><strong><a href=\"https:\/\/www.milar.es\/blog\/regala-una-cafetera-espresso-automatica-este-san-valentin-no-te-arrepentiras\/\">Regala una Cafetera Espresso autom\u00e1tica en este San Valent\u00edn \u00a1No te arrepentir\u00e1s!<\/a><\/strong><\/p>\n\n\n\n<p><strong><a href=\"https:\/\/www.milar.es\/blog\/cafetera-superautomatica-delonghi-conoce-todas-sus-ventajas\/\">Cafetera superautom\u00e1tica Delonghi, conoce todas las ventajas de este tipo de cafeteras<\/a><\/strong><\/p>\n\n\n\n<p><strong><a href=\"https:\/\/www.milar.es\/blog\/guia-completa-sobre-el-funcionamiento-de-una-cafetera-italiana\/\">Gu\u00eda completa sobre el funcionamiento de una cafetera italiana<\/a><\/strong><\/p>\n\n\n\n<p><strong><a href=\"https:\/\/www.milar.es\/blog\/maquina-de-cafe-nespresso-guia-definitiva-para-su-buen-uso\/\">C\u00f3mo funciona Nespresso: aprende c\u00f3mo usar una m\u00e1quina Nespresso<\/a><\/strong><\/p>\n","protected":false},"excerpt":{"rendered":"Las cafeteras superautom\u00e1ticas est\u00e1n ganando cada vez un mayor protagonismo en nuestros hogares. Y es que no es para menos ya que te permiten disfrutar de aut\u00e9ntico caf\u00e9 molido en cuesti\u00f3n de segundos. En el post de hoy en Milar queremos hablarte de la cafetera Bosch CTL636ES6 encastrable que te&#8230; <a class=\"view-article\" href=\"https:\/\/www.milar.es\/blog\/cafetera-integrable-bosch-ctl636es6-todas-sus-caracteristicas\/\">Ver art\u00edculo<\/a>","protected":false},"author":1,"featured_media":4900,"comment_status":"closed","ping_status":"closed","sticky":false,"template":"","format":"standard","meta":{"footnotes":""},"categories":[20,2,15],"tags":[],"class_list":["post-4855","post","type-post","status-publish","format-standard","has-post-thumbnail","hentry","category-cocina","category-electrodomesticos","category-hogar"],"yoast_head":"<!-- This site is optimized with the Yoast SEO plugin v27.5 - https:\/\/yoast.com\/product\/yoast-seo-wordpress\/ -->\n<title>Cafetera integrable Bosch CTL636ES6, todas sus caracter\u00edsticas - Milar Tendencias de electrodom\u00e9sticos<\/title>\n<meta name=\"description\" content=\"Con la cafetera integrable Bosch CTL636ES6 dar\u00e1s un toque de dise\u00f1o a tu hogar al tiempo que disfrutas de deliciosos caf\u00e9s. \u00a1Desc\u00fabrela!\" \/>\n<meta name=\"robots\" content=\"index, follow, max-snippet:-1, max-image-preview:large, max-video-preview:-1\" \/>\n<link rel=\"canonical\" href=\"https:\/\/www.milar.es\/blog\/cafetera-integrable-bosch-ctl636es6-todas-sus-caracteristicas\/\" \/>\n<meta property=\"og:locale\" content=\"es_ES\" \/>\n<meta property=\"og:type\" content=\"article\" \/>\n<meta property=\"og:title\" content=\"Cafetera integrable Bosch CTL636ES6, todas sus caracter\u00edsticas - Milar Tendencias de electrodom\u00e9sticos\" \/>\n<meta property=\"og:description\" content=\"Con la cafetera integrable Bosch CTL636ES6 dar\u00e1s un toque de dise\u00f1o a tu hogar al tiempo que disfrutas de deliciosos caf\u00e9s. \u00a1Desc\u00fabrela!\" \/>\n<meta property=\"og:url\" content=\"https:\/\/www.milar.es\/blog\/cafetera-integrable-bosch-ctl636es6-todas-sus-caracteristicas\/\" \/>\n<meta property=\"og:site_name\" content=\"Milar Tendencias de electrodom\u00e9sticos\" \/>\n<meta property=\"article:published_time\" content=\"2020-02-20T15:05:22+00:00\" \/>\n<meta property=\"article:modified_time\" content=\"2024-10-17T07:19:46+00:00\" \/>\n<meta property=\"og:image\" content=\"https:\/\/www.milar.es\/blog\/wp-content\/uploads\/2020\/02\/Bosch-CTL636ES6-2-3.jpg\" \/>\n\t<meta property=\"og:image:width\" content=\"833\" \/>\n\t<meta property=\"og:image:height\" content=\"500\" \/>\n\t<meta property=\"og:image:type\" content=\"image\/jpeg\" \/>\n<meta name=\"author\" content=\"Milar\" \/>\n<meta name=\"twitter:card\" content=\"summary_large_image\" \/>\n<meta name=\"twitter:label1\" content=\"Escrito por\" \/>\n\t<meta name=\"twitter:data1\" content=\"Milar\" \/>\n\t<meta name=\"twitter:label2\" content=\"Tiempo de lectura\" \/>\n\t<meta name=\"twitter:data2\" content=\"5 minutos\" \/>\n<script type=\"application\/ld+json\" class=\"yoast-schema-graph\">{\"@context\":\"https:\\\/\\\/schema.org\",\"@graph\":[{\"@type\":\"Article\",\"@id\":\"https:\\\/\\\/www.milar.es\\\/blog\\\/cafetera-integrable-bosch-ctl636es6-todas-sus-caracteristicas\\\/#article\",\"isPartOf\":{\"@id\":\"https:\\\/\\\/www.milar.es\\\/blog\\\/cafetera-integrable-bosch-ctl636es6-todas-sus-caracteristicas\\\/\"},\"author\":{\"name\":\"Milar\",\"@id\":\"https:\\\/\\\/www.milar.es\\\/blog\\\/#\\\/schema\\\/person\\\/a63c4965e2d32a22be88aabb90c4f11f\"},\"headline\":\"Cafetera integrable Bosch CTL636ES6, todas sus caracter\u00edsticas\",\"datePublished\":\"2020-02-20T15:05:22+00:00\",\"dateModified\":\"2024-10-17T07:19:46+00:00\",\"mainEntityOfPage\":{\"@id\":\"https:\\\/\\\/www.milar.es\\\/blog\\\/cafetera-integrable-bosch-ctl636es6-todas-sus-caracteristicas\\\/\"},\"wordCount\":820,\"image\":{\"@id\":\"https:\\\/\\\/www.milar.es\\\/blog\\\/cafetera-integrable-bosch-ctl636es6-todas-sus-caracteristicas\\\/#primaryimage\"},\"thumbnailUrl\":\"https:\\\/\\\/www.milar.es\\\/blog\\\/wp-content\\\/uploads\\\/2020\\\/02\\\/Bosch-CTL636ES6-2-3.jpg\",\"articleSection\":[\"Cocina\",\"Electrodom\u00e9sticos\",\"Hogar\"],\"inLanguage\":\"es\"},{\"@type\":\"WebPage\",\"@id\":\"https:\\\/\\\/www.milar.es\\\/blog\\\/cafetera-integrable-bosch-ctl636es6-todas-sus-caracteristicas\\\/\",\"url\":\"https:\\\/\\\/www.milar.es\\\/blog\\\/cafetera-integrable-bosch-ctl636es6-todas-sus-caracteristicas\\\/\",\"name\":\"Cafetera integrable Bosch CTL636ES6, todas sus caracter\u00edsticas - Milar Tendencias de electrodom\u00e9sticos\",\"isPartOf\":{\"@id\":\"https:\\\/\\\/www.milar.es\\\/blog\\\/#website\"},\"primaryImageOfPage\":{\"@id\":\"https:\\\/\\\/www.milar.es\\\/blog\\\/cafetera-integrable-bosch-ctl636es6-todas-sus-caracteristicas\\\/#primaryimage\"},\"image\":{\"@id\":\"https:\\\/\\\/www.milar.es\\\/blog\\\/cafetera-integrable-bosch-ctl636es6-todas-sus-caracteristicas\\\/#primaryimage\"},\"thumbnailUrl\":\"https:\\\/\\\/www.milar.es\\\/blog\\\/wp-content\\\/uploads\\\/2020\\\/02\\\/Bosch-CTL636ES6-2-3.jpg\",\"datePublished\":\"2020-02-20T15:05:22+00:00\",\"dateModified\":\"2024-10-17T07:19:46+00:00\",\"author\":{\"@id\":\"https:\\\/\\\/www.milar.es\\\/blog\\\/#\\\/schema\\\/person\\\/a63c4965e2d32a22be88aabb90c4f11f\"},\"description\":\"Con la cafetera integrable Bosch CTL636ES6 dar\u00e1s un toque de dise\u00f1o a tu hogar al tiempo que disfrutas de deliciosos caf\u00e9s. \u00a1Desc\u00fabrela!\",\"breadcrumb\":{\"@id\":\"https:\\\/\\\/www.milar.es\\\/blog\\\/cafetera-integrable-bosch-ctl636es6-todas-sus-caracteristicas\\\/#breadcrumb\"},\"inLanguage\":\"es\",\"potentialAction\":[{\"@type\":\"ReadAction\",\"target\":[\"https:\\\/\\\/www.milar.es\\\/blog\\\/cafetera-integrable-bosch-ctl636es6-todas-sus-caracteristicas\\\/\"]}]},{\"@type\":\"ImageObject\",\"inLanguage\":\"es\",\"@id\":\"https:\\\/\\\/www.milar.es\\\/blog\\\/cafetera-integrable-bosch-ctl636es6-todas-sus-caracteristicas\\\/#primaryimage\",\"url\":\"https:\\\/\\\/www.milar.es\\\/blog\\\/wp-content\\\/uploads\\\/2020\\\/02\\\/Bosch-CTL636ES6-2-3.jpg\",\"contentUrl\":\"https:\\\/\\\/www.milar.es\\\/blog\\\/wp-content\\\/uploads\\\/2020\\\/02\\\/Bosch-CTL636ES6-2-3.jpg\",\"width\":833,\"height\":500,\"caption\":\"Bosch CTL636ES6\"},{\"@type\":\"BreadcrumbList\",\"@id\":\"https:\\\/\\\/www.milar.es\\\/blog\\\/cafetera-integrable-bosch-ctl636es6-todas-sus-caracteristicas\\\/#breadcrumb\",\"itemListElement\":[{\"@type\":\"ListItem\",\"position\":1,\"name\":\"Home\",\"item\":\"https:\\\/\\\/www.milar.es\\\/blog\\\/\"},{\"@type\":\"ListItem\",\"position\":2,\"name\":\"Cafetera integrable Bosch CTL636ES6, todas sus caracter\u00edsticas\"}]},{\"@type\":\"WebSite\",\"@id\":\"https:\\\/\\\/www.milar.es\\\/blog\\\/#website\",\"url\":\"https:\\\/\\\/www.milar.es\\\/blog\\\/\",\"name\":\"Milar Tendencias de electrodom\u00e9sticos\",\"description\":\"\",\"potentialAction\":[{\"@type\":\"SearchAction\",\"target\":{\"@type\":\"EntryPoint\",\"urlTemplate\":\"https:\\\/\\\/www.milar.es\\\/blog\\\/?s={search_term_string}\"},\"query-input\":{\"@type\":\"PropertyValueSpecification\",\"valueRequired\":true,\"valueName\":\"search_term_string\"}}],\"inLanguage\":\"es\"},{\"@type\":\"Person\",\"@id\":\"https:\\\/\\\/www.milar.es\\\/blog\\\/#\\\/schema\\\/person\\\/a63c4965e2d32a22be88aabb90c4f11f\",\"name\":\"Milar\",\"image\":{\"@type\":\"ImageObject\",\"inLanguage\":\"es\",\"@id\":\"https:\\\/\\\/secure.gravatar.com\\\/avatar\\\/1ff5211459d04644acdbe2d949c2a8626dc0f1e355d4830331235d147f36505a?s=96&d=mm&r=g\",\"url\":\"https:\\\/\\\/secure.gravatar.com\\\/avatar\\\/1ff5211459d04644acdbe2d949c2a8626dc0f1e355d4830331235d147f36505a?s=96&d=mm&r=g\",\"contentUrl\":\"https:\\\/\\\/secure.gravatar.com\\\/avatar\\\/1ff5211459d04644acdbe2d949c2a8626dc0f1e355d4830331235d147f36505a?s=96&d=mm&r=g\",\"caption\":\"Milar\"}}]}<\/script>\n<!-- \/ Yoast SEO plugin. -->","yoast_head_json":{"title":"Cafetera integrable Bosch CTL636ES6, todas sus caracter\u00edsticas - Milar Tendencias de electrodom\u00e9sticos","description":"Con la cafetera integrable Bosch CTL636ES6 dar\u00e1s un toque de dise\u00f1o a tu hogar al tiempo que disfrutas de deliciosos caf\u00e9s. \u00a1Desc\u00fabrela!","robots":{"index":"index","follow":"follow","max-snippet":"max-snippet:-1","max-image-preview":"max-image-preview:large","max-video-preview":"max-video-preview:-1"},"canonical":"https:\/\/www.milar.es\/blog\/cafetera-integrable-bosch-ctl636es6-todas-sus-caracteristicas\/","og_locale":"es_ES","og_type":"article","og_title":"Cafetera integrable Bosch CTL636ES6, todas sus caracter\u00edsticas - Milar Tendencias de electrodom\u00e9sticos","og_description":"Con la cafetera integrable Bosch CTL636ES6 dar\u00e1s un toque de dise\u00f1o a tu hogar al tiempo que disfrutas de deliciosos caf\u00e9s. \u00a1Desc\u00fabrela!","og_url":"https:\/\/www.milar.es\/blog\/cafetera-integrable-bosch-ctl636es6-todas-sus-caracteristicas\/","og_site_name":"Milar Tendencias de electrodom\u00e9sticos","article_published_time":"2020-02-20T15:05:22+00:00","article_modified_time":"2024-10-17T07:19:46+00:00","og_image":[{"width":833,"height":500,"url":"https:\/\/www.milar.es\/blog\/wp-content\/uploads\/2020\/02\/Bosch-CTL636ES6-2-3.jpg","type":"image\/jpeg"}],"author":"Milar","twitter_card":"summary_large_image","twitter_misc":{"Escrito por":"Milar","Tiempo de lectura":"5 minutos"},"schema":{"@context":"https:\/\/schema.org","@graph":[{"@type":"Article","@id":"https:\/\/www.milar.es\/blog\/cafetera-integrable-bosch-ctl636es6-todas-sus-caracteristicas\/#article","isPartOf":{"@id":"https:\/\/www.milar.es\/blog\/cafetera-integrable-bosch-ctl636es6-todas-sus-caracteristicas\/"},"author":{"name":"Milar","@id":"https:\/\/www.milar.es\/blog\/#\/schema\/person\/a63c4965e2d32a22be88aabb90c4f11f"},"headline":"Cafetera integrable Bosch CTL636ES6, todas sus caracter\u00edsticas","datePublished":"2020-02-20T15:05:22+00:00","dateModified":"2024-10-17T07:19:46+00:00","mainEntityOfPage":{"@id":"https:\/\/www.milar.es\/blog\/cafetera-integrable-bosch-ctl636es6-todas-sus-caracteristicas\/"},"wordCount":820,"image":{"@id":"https:\/\/www.milar.es\/blog\/cafetera-integrable-bosch-ctl636es6-todas-sus-caracteristicas\/#primaryimage"},"thumbnailUrl":"https:\/\/www.milar.es\/blog\/wp-content\/uploads\/2020\/02\/Bosch-CTL636ES6-2-3.jpg","articleSection":["Cocina","Electrodom\u00e9sticos","Hogar"],"inLanguage":"es"},{"@type":"WebPage","@id":"https:\/\/www.milar.es\/blog\/cafetera-integrable-bosch-ctl636es6-todas-sus-caracteristicas\/","url":"https:\/\/www.milar.es\/blog\/cafetera-integrable-bosch-ctl636es6-todas-sus-caracteristicas\/","name":"Cafetera integrable Bosch CTL636ES6, todas sus caracter\u00edsticas - Milar Tendencias de electrodom\u00e9sticos","isPartOf":{"@id":"https:\/\/www.milar.es\/blog\/#website"},"primaryImageOfPage":{"@id":"https:\/\/www.milar.es\/blog\/cafetera-integrable-bosch-ctl636es6-todas-sus-caracteristicas\/#primaryimage"},"image":{"@id":"https:\/\/www.milar.es\/blog\/cafetera-integrable-bosch-ctl636es6-todas-sus-caracteristicas\/#primaryimage"},"thumbnailUrl":"https:\/\/www.milar.es\/blog\/wp-content\/uploads\/2020\/02\/Bosch-CTL636ES6-2-3.jpg","datePublished":"2020-02-20T15:05:22+00:00","dateModified":"2024-10-17T07:19:46+00:00","author":{"@id":"https:\/\/www.milar.es\/blog\/#\/schema\/person\/a63c4965e2d32a22be88aabb90c4f11f"},"description":"Con la cafetera integrable Bosch CTL636ES6 dar\u00e1s un toque de dise\u00f1o a tu hogar al tiempo que disfrutas de deliciosos caf\u00e9s. \u00a1Desc\u00fabrela!","breadcrumb":{"@id":"https:\/\/www.milar.es\/blog\/cafetera-integrable-bosch-ctl636es6-todas-sus-caracteristicas\/#breadcrumb"},"inLanguage":"es","potentialAction":[{"@type":"ReadAction","target":["https:\/\/www.milar.es\/blog\/cafetera-integrable-bosch-ctl636es6-todas-sus-caracteristicas\/"]}]},{"@type":"ImageObject","inLanguage":"es","@id":"https:\/\/www.milar.es\/blog\/cafetera-integrable-bosch-ctl636es6-todas-sus-caracteristicas\/#primaryimage","url":"https:\/\/www.milar.es\/blog\/wp-content\/uploads\/2020\/02\/Bosch-CTL636ES6-2-3.jpg","contentUrl":"https:\/\/www.milar.es\/blog\/wp-content\/uploads\/2020\/02\/Bosch-CTL636ES6-2-3.jpg","width":833,"height":500,"caption":"Bosch CTL636ES6"},{"@type":"BreadcrumbList","@id":"https:\/\/www.milar.es\/blog\/cafetera-integrable-bosch-ctl636es6-todas-sus-caracteristicas\/#breadcrumb","itemListElement":[{"@type":"ListItem","position":1,"name":"Home","item":"https:\/\/www.milar.es\/blog\/"},{"@type":"ListItem","position":2,"name":"Cafetera integrable Bosch CTL636ES6, todas sus caracter\u00edsticas"}]},{"@type":"WebSite","@id":"https:\/\/www.milar.es\/blog\/#website","url":"https:\/\/www.milar.es\/blog\/","name":"Milar Tendencias de electrodom\u00e9sticos","description":"","potentialAction":[{"@type":"SearchAction","target":{"@type":"EntryPoint","urlTemplate":"https:\/\/www.milar.es\/blog\/?s={search_term_string}"},"query-input":{"@type":"PropertyValueSpecification","valueRequired":true,"valueName":"search_term_string"}}],"inLanguage":"es"},{"@type":"Person","@id":"https:\/\/www.milar.es\/blog\/#\/schema\/person\/a63c4965e2d32a22be88aabb90c4f11f","name":"Milar","image":{"@type":"ImageObject","inLanguage":"es","@id":"https:\/\/secure.gravatar.com\/avatar\/1ff5211459d04644acdbe2d949c2a8626dc0f1e355d4830331235d147f36505a?s=96&d=mm&r=g","url":"https:\/\/secure.gravatar.com\/avatar\/1ff5211459d04644acdbe2d949c2a8626dc0f1e355d4830331235d147f36505a?s=96&d=mm&r=g","contentUrl":"https:\/\/secure.gravatar.com\/avatar\/1ff5211459d04644acdbe2d949c2a8626dc0f1e355d4830331235d147f36505a?s=96&d=mm&r=g","caption":"Milar"}}]}},"_links":{"self":[{"href":"https:\/\/www.milar.es\/blog\/wp-json\/wp\/v2\/posts\/4855","targetHints":{"allow":["GET"]}}],"collection":[{"href":"https:\/\/www.milar.es\/blog\/wp-json\/wp\/v2\/posts"}],"about":[{"href":"https:\/\/www.milar.es\/blog\/wp-json\/wp\/v2\/types\/post"}],"author":[{"embeddable":true,"href":"https:\/\/www.milar.es\/blog\/wp-json\/wp\/v2\/users\/1"}],"replies":[{"embeddable":true,"href":"https:\/\/www.milar.es\/blog\/wp-json\/wp\/v2\/comments?post=4855"}],"version-history":[{"count":40,"href":"https:\/\/www.milar.es\/blog\/wp-json\/wp\/v2\/posts\/4855\/revisions"}],"predecessor-version":[{"id":14410,"href":"https:\/\/www.milar.es\/blog\/wp-json\/wp\/v2\/posts\/4855\/revisions\/14410"}],"wp:featuredmedia":[{"embeddable":true,"href":"https:\/\/www.milar.es\/blog\/wp-json\/wp\/v2\/media\/4900"}],"wp:attachment":[{"href":"https:\/\/www.milar.es\/blog\/wp-json\/wp\/v2\/media?parent=4855"}],"wp:term":[{"taxonomy":"category","embeddable":true,"href":"https:\/\/www.milar.es\/blog\/wp-json\/wp\/v2\/categories?post=4855"},{"taxonomy":"post_tag","embeddable":true,"href":"https:\/\/www.milar.es\/blog\/wp-json\/wp\/v2\/tags?post=4855"}],"curies":[{"name":"wp","href":"https:\/\/api.w.org\/{rel}","templated":true}]}}