{"id":4730,"date":"2020-02-05T15:43:53","date_gmt":"2020-02-05T15:43:53","guid":{"rendered":"https:\/\/www.milar.es\/blog\/?p=4730"},"modified":"2022-12-30T11:03:03","modified_gmt":"2022-12-30T11:03:03","slug":"panel-calefactor-para-calentar-tu-hogar-consumiendo-al-minimo","status":"publish","type":"post","link":"https:\/\/www.milar.es\/blog\/panel-calefactor-para-calentar-tu-hogar-consumiendo-al-minimo\/","title":{"rendered":"Panel calefactor para calentar tu hogar consumiendo al m\u00ednimo"},"content":{"rendered":"\n<p>Febrero ya ha llegado y aunque el buen tiempo de estos d\u00edas atr\u00e1s evocaba m\u00e1s a la primavera, a\u00fan quedan unos cuantos d\u00edas para que el invierno finalice y, por m\u00e1s que pese a algunos, los pron\u00f3sticos de fr\u00edo y tiempo desapacible son una realidad. Por eso, en el post de hoy en <strong><a href=\"https:\/\/www.milar.es\/\" target=\"_blank\" rel=\"noreferrer noopener\">Milar<\/a><\/strong> queremos contarte una forma de tener tu casa caliente consumiendo muy poca energ\u00eda: el <strong><a href=\"https:\/\/www.milar.es\/calefactores-clima.html\" target=\"_blank\" rel=\"noreferrer noopener\">panel calefactor<\/a><\/strong>. \u00bfNo hab\u00edas o\u00eddo hablar todav\u00eda de \u00e9l? Te contamos todas sus caracter\u00edsticas. \u00a1No te puedes perder el art\u00edculo de hoy!<\/p>\n\n\n\n<div class=\"wp-block-image\"><figure class=\"aligncenter size-full\"><img loading=\"lazy\" decoding=\"async\" width=\"1200\" height=\"800\" src=\"https:\/\/www.milar.es\/blog\/wp-content\/uploads\/2021\/10\/panel-calefactor.jpg\" alt=\"panel calefactor\" class=\"wp-image-10853\" srcset=\"https:\/\/www.milar.es\/blog\/wp-content\/uploads\/2021\/10\/panel-calefactor.jpg 1200w, https:\/\/www.milar.es\/blog\/wp-content\/uploads\/2021\/10\/panel-calefactor-250x167.jpg 250w, https:\/\/www.milar.es\/blog\/wp-content\/uploads\/2021\/10\/panel-calefactor-700x467.jpg 700w, https:\/\/www.milar.es\/blog\/wp-content\/uploads\/2021\/10\/panel-calefactor-768x512.jpg 768w, https:\/\/www.milar.es\/blog\/wp-content\/uploads\/2021\/10\/panel-calefactor-120x80.jpg 120w\" sizes=\"auto, (max-width: 1200px) 100vw, 1200px\" \/><\/figure><\/div>\n\n\n\n<h2 class=\"has-text-align-center wp-block-heading\">\u00bfQu\u00e9 es un calentador el\u00e9ctrico?<\/h2>\n\n\n\n<p>Un <strong>panel calefactor el\u00e9ctrico<\/strong> es un aparato compacto, generalmente con un dise\u00f1o rectangular, que es muy \u00fatil para calentar estancias peque\u00f1as con <strong>gran rapidez<\/strong> (una habitaci\u00f3n, el sal\u00f3n, el cuarto de ba\u00f1o&#8230;). En el interior del panel se produce un proceso el\u00e9ctrico que crea una corriente de aire caliente. Este mismo aire es el que har\u00e1 que nuestra habitaci\u00f3n est\u00e9 caliente en cuesti\u00f3n de minutos.<\/p>\n\n\n\n<p>El calor pasa directamente a los objetivos de la estancia y no al ambiente, es decir, que los paneles calefactores funcionan igual que lo hace un <strong>convector<\/strong>. Aunque var\u00eda en funci\u00f3n del tama\u00f1o y la potencia, suelen ser capaces de calentar una habitaci\u00f3n de unos <strong>10-20 metros cuadrados<\/strong> sin problema, aunque todo depende de la potencia del modelo en cuesti\u00f3n. <\/p>\n\n\n\n<p>Si quieres hacerte con el modelo adecuado para esa habitaci\u00f3n de tu casa que parece la mism\u00edsima Invernalia puedes hacer un c\u00e1lculo sencillo: el aparato debe tener <strong>100W de potencia<\/strong> por cada metro cuadrado de la habitaci\u00f3n. Es decir, si la habitaci\u00f3n tiene 10 metros cuadrados, necesitaremos que el panel calefactor que adquiramos pueda alcanzar una <strong>potencia m\u00e1xima de, al menos, 1000W. <\/strong><\/p>\n\n\n\n<p>En general, la potencia de estos peque\u00f1os aparatos se encuentra entre los <strong>1000-2500W<\/strong>, aproximadamente. A pesar de que suelen tener un <strong>tiempo de calentamiento bastante r\u00e1pido <\/strong>(a partir de 5 minutos ya se empieza a notar el calor en la estancia)  estos aparatos se utilizan como complemento a otros sistemas de calefacci\u00f3n o como m\u00e9todo puntual para calentar una habitaci\u00f3n. <\/p>\n\n\n\n<p>\u00bfY por qu\u00e9 se dice que el <strong>panel calefactor es de bajo consumo<\/strong>? Porque la tecnolog\u00eda y la convecci\u00f3n que se produce en el interior te har\u00e1 <strong>ahorrar un 50%<\/strong> m\u00e1s de energ\u00eda que otros sistemas de calefacci\u00f3n. Esto es porque el sistema que utilizan para calentar la estancia es sencillo y apenas consume recursos. Adem\u00e1s, como hemos comentando anteriormente, al ser un aparato de uso ocasional no conlleva un gran gasto en tu factura del hogar.<\/p>\n\n\n\n<p>Otra caracter\u00edstica muy interesante si valoras mucho el silencio dentro de tu hogar es que estos aparatos son<strong> extremadamente silenciosos<\/strong> ya que no integran ventilador en su interior y, por tanto, hacer un ruido imperceptible.<\/p>\n\n\n\n<h2 class=\"has-text-align-center wp-block-heading\"><strong>\u00bfPanel calefactor de pared o uno de suelo?<\/strong><\/h2>\n\n\n\n<p>Una vez que ya sabes cu\u00e1les son sus caracter\u00edsticas principales y c\u00f3mo consiguen que tu hogar tenga un <strong>ambiente c\u00e1lido y agradable<\/strong>, es preciso que sepas que existen dise\u00f1os diferentes en el mercado. <\/p>\n\n\n\n<p>El<strong> panel calefactor de pared de bajo consumo<\/strong> es la opci\u00f3n m\u00e1s extendida. Simplemente debe anclarse a la pared a una altura de unos <strong>15-20cm<\/strong> (evita siempre colocarlo debajo de la ventana) y ya estar\u00eda listo para cumplir su funci\u00f3n. <\/p>\n\n\n\n<p>Si tienes ni\u00f1os o mascotas en casa es una opci\u00f3n muy interesante ya que no hay peligro de que puedan quemarse con su superficie. Generalmente, incluyen un mando con los que los puedes <strong>manejar f\u00e1cilmente<\/strong> y programar, pero en el mercado tambi\u00e9n puedes encontrar alg\u00fan panel calefactor con wifi que podr\u00e1s manejar con tu smartphone para m\u00e1s comodidad todav\u00eda.<\/p>\n\n\n\n<p>Si buscas un <strong>panel calefactor para el ba\u00f1o<\/strong>, te recomendamos que escojas uno anclado a la pared ya que de esta manera tendr\u00e1s un <strong>mayor espacio<\/strong> \u00fatil en tu cuarto de ba\u00f1o. Eso s\u00ed, aseg\u00farate de colocarlo en un lugar alejado de la ducha para evitar salpicaduras. No obstante, los modelos aptos para el ba\u00f1o tienen una tecnolog\u00eda impermeable que los protege del agua.<\/p>\n\n\n\n<h2 class=\"has-text-align-center wp-block-heading\">Los calefactores m\u00e1s demandados<\/h2>\n\n\n\n<p>El <strong><a href=\"https:\/\/www.milar.es\/calefactor-taurus-chta-500-500.html\" target=\"_blank\" rel=\"noreferrer noopener\">calefactor Taurus CHTA 500 500W<\/a><\/strong> est\u00e1 disponible en <strong>color blanco <\/strong>y es un perfecto <strong>calefactor de pared <\/strong>y tambi\u00e9n puede colocarse en el suelo. Tiene un control de <strong>temperatura ajustable hasta 35\u00baC<\/strong>, programador <strong>diario y semanal<\/strong> y potencia m\u00e1xima de<strong> 500W<\/strong>. Adem\u00e1s, el calefactor de <strong><a href=\"https:\/\/www.milar.es\/taurus.html\" target=\"_blank\" rel=\"noreferrer noopener\">Taurus<\/a><\/strong>, integra algunas funciones como <strong>ECO, Confort o Antifrost <\/strong>para que se adapte a tus necesidades. Adem\u00e1s este <strong><a href=\"https:\/\/www.milar.es\/calefactores-clima\/de-taurus.html\" target=\"_blank\" rel=\"noreferrer noopener\">calefactor de Taurus<\/a><\/strong> es apto para ba\u00f1os.<\/p>\n\n\n\n<div class=\"wp-block-image\"><figure class=\"aligncenter size-large\"><a href=\"https:\/\/www.milar.es\/calefactor-taurus-chta-500-500.html\"><img loading=\"lazy\" decoding=\"async\" width=\"700\" height=\"256\" src=\"https:\/\/www.milar.es\/blog\/wp-content\/uploads\/2020\/02\/calefactor-taurus-chta-500-500w-700x256.jpg\" alt=\"Calefactor Taurus CHTA 500 500W\" class=\"wp-image-10850\" srcset=\"https:\/\/www.milar.es\/blog\/wp-content\/uploads\/2020\/02\/calefactor-taurus-chta-500-500w-700x256.jpg 700w, https:\/\/www.milar.es\/blog\/wp-content\/uploads\/2020\/02\/calefactor-taurus-chta-500-500w-250x91.jpg 250w, https:\/\/www.milar.es\/blog\/wp-content\/uploads\/2020\/02\/calefactor-taurus-chta-500-500w-768x281.jpg 768w, https:\/\/www.milar.es\/blog\/wp-content\/uploads\/2020\/02\/calefactor-taurus-chta-500-500w-120x44.jpg 120w, https:\/\/www.milar.es\/blog\/wp-content\/uploads\/2020\/02\/calefactor-taurus-chta-500-500w.jpg 1200w\" sizes=\"auto, (max-width: 700px) 100vw, 700px\" \/><\/a><\/figure><\/div>\n\n\n\n<p>Otra opci\u00f3n son los <strong>paneles calefactores con ruedas o de pie<\/strong>, que son ideales ya que se pueden transportar con total facilidad. De esta manera, podr\u00e1s moverlos de una habitaci\u00f3n a otra seg\u00fan lo necesites. <\/p>\n\n\n\n<p>As\u00ed, que te proponemos el <strong><a href=\"https:\/\/www.milar.es\/calefactor-rowenta-so9420f0-negro.html\" target=\"_blank\" rel=\"noreferrer noopener\">calefactor Rowenta SO9420F0 Negro<\/a><\/strong> que cuenta con una potencia m\u00e1xima de <strong>2400 W <\/strong>e incorpora la <strong>funci\u00f3n ECO<\/strong> para no consumir tanta luz. Est\u00e1 disponible en <strong>color negro<\/strong> e incorpora un <strong>mando a distancia<\/strong> para regular la temperatura. Tambi\u00e9n dispone de<strong> una pantalla LED <\/strong>para observar las funciones que seleccionamos en cada momento. Este <strong><a href=\"https:\/\/www.milar.es\/calefactores-clima\/de-rowenta.html\" target=\"_blank\" rel=\"noreferrer noopener\">calefactor de Rowenta<\/a><\/strong> tiene un <strong>temporizador d<\/strong>e hasta 24 horas y es ideal para <strong>habitaciones de hasta 40 m2<\/strong>.<\/p>\n\n\n\n<div class=\"wp-block-image\"><figure class=\"aligncenter size-large\"><a href=\"https:\/\/www.milar.es\/calefactor-rowenta-so9420f0-negro.html\"><img loading=\"lazy\" decoding=\"async\" width=\"700\" height=\"256\" src=\"https:\/\/www.milar.es\/blog\/wp-content\/uploads\/2021\/10\/calefactor-rowenta-so9420f0-negro-700x256.jpg\" alt=\"Calefactor Rowenta SO9420F0 Negro\" class=\"wp-image-10851\" srcset=\"https:\/\/www.milar.es\/blog\/wp-content\/uploads\/2021\/10\/calefactor-rowenta-so9420f0-negro-700x256.jpg 700w, https:\/\/www.milar.es\/blog\/wp-content\/uploads\/2021\/10\/calefactor-rowenta-so9420f0-negro-250x91.jpg 250w, https:\/\/www.milar.es\/blog\/wp-content\/uploads\/2021\/10\/calefactor-rowenta-so9420f0-negro-768x281.jpg 768w, https:\/\/www.milar.es\/blog\/wp-content\/uploads\/2021\/10\/calefactor-rowenta-so9420f0-negro-120x44.jpg 120w, https:\/\/www.milar.es\/blog\/wp-content\/uploads\/2021\/10\/calefactor-rowenta-so9420f0-negro.jpg 1200w\" sizes=\"auto, (max-width: 700px) 100vw, 700px\" \/><\/a><\/figure><\/div>\n\n\n\n<p>Si buscas otro tipo de calentadores el\u00e9ctricos, tenemos el <strong><a href=\"https:\/\/www.milar.es\/calefactor-orbegozo-fh5033-2500w.html\" target=\"_blank\" rel=\"noreferrer noopener\">calefactor Orbegozo FH5033 2500W<\/a><\/strong> que est\u00e1 disponible en <strong>rojo y negro<\/strong> y tiene una potencia de <strong>2500 W<\/strong>. Este <strong><a href=\"https:\/\/www.milar.es\/calefactores-clima\/de-orbegozo.html\" target=\"_blank\" rel=\"noreferrer noopener\">calefactor de Orbegozo<\/a><\/strong> permite el <strong>control ajustable de temperatura <\/strong>mediante su termostato. Adem\u00e1s, se trata de un calefactor libre que solo <strong>pesa 1,35 kilos<\/strong> que puedes transportar f\u00e1cilmente ya que <strong>incorpora un asa<\/strong> para facilitar el proceso.<\/p>\n\n\n\n<div class=\"wp-block-image\"><figure class=\"aligncenter size-large\"><a href=\"https:\/\/www.milar.es\/calefactor-orbegozo-fh5033-2500w.html\"><img loading=\"lazy\" decoding=\"async\" width=\"700\" height=\"256\" src=\"https:\/\/www.milar.es\/blog\/wp-content\/uploads\/2021\/10\/calefactor-orbegozo-fh5033-2500w-700x256.jpg\" alt=\" calefactor Orbegozo FH5033 2500W\" class=\"wp-image-10852\" srcset=\"https:\/\/www.milar.es\/blog\/wp-content\/uploads\/2021\/10\/calefactor-orbegozo-fh5033-2500w-700x256.jpg 700w, https:\/\/www.milar.es\/blog\/wp-content\/uploads\/2021\/10\/calefactor-orbegozo-fh5033-2500w-250x91.jpg 250w, https:\/\/www.milar.es\/blog\/wp-content\/uploads\/2021\/10\/calefactor-orbegozo-fh5033-2500w-768x281.jpg 768w, https:\/\/www.milar.es\/blog\/wp-content\/uploads\/2021\/10\/calefactor-orbegozo-fh5033-2500w-120x44.jpg 120w, https:\/\/www.milar.es\/blog\/wp-content\/uploads\/2021\/10\/calefactor-orbegozo-fh5033-2500w.jpg 1200w\" sizes=\"auto, (max-width: 700px) 100vw, 700px\" \/><\/a><\/figure><\/div>\n\n\n\n<p>Estos son solo algunos de los modelos de los que disponemos en <strong>Milar<\/strong>. No dudes en echar un vistazo a nuestro cat\u00e1logo de productos para descubrir otros <strong>paneles calefactores<\/strong> o <strong><a href=\"https:\/\/www.milar.es\/blog\/termo-electrico-50-litros-comparativa-los-mejores-modelos\/\" target=\"_blank\" rel=\"noreferrer noopener\">termos el\u00e9ctricos de 50 litros<\/a><\/strong> para equipar tu hogar, asi como los mejores modelos de <strong><a href=\"https:\/\/www.milar.es\/blog\/estufa-portatil-para-calentarte-este-invierno-en-cualquier-lugar\/\" target=\"_blank\" rel=\"noreferrer noopener\">estufa port\u00e1til de gas o pellets<\/a><\/strong>. Como ves, son unos aparatos eficaces, vers\u00e1tiles y que cumplen su funci\u00f3n con una genial relaci\u00f3n calidad-precio. \u00bfNo te parece? \u00bfCu\u00e1les son tus opiniones sobre los paneles calefactores?<\/p>\n\n\n\n<p>Para acabar el post te dejamos otros art\u00edculos que podr\u00edan interesarte. \u00a1Seguro que lo que queda de invierno no pasas nada de fr\u00edo!<\/p>\n\n\n\n<p><strong><a href=\"https:\/\/www.milar.es\/blog\/diferencia-convector-calefactor-guia-definitiva-sistemas-calefaccion\/\" target=\"_blank\" rel=\"noreferrer noopener\">Diferencia entre convector y calefactor. Gu\u00eda definitiva sobre sistemas de calefacci\u00f3n<\/a><\/strong><\/p>\n\n\n\n<p><\/p>\n\n\n\n<p><strong><a href=\"https:\/\/www.milar.es\/blog\/que-sistema-de-calefaccion-es-mas-eficiente-y-economico-opciones-para-el-hogar\/\" target=\"_blank\" rel=\"noreferrer noopener\">\u00bfQu\u00e9 sistema de calefacci\u00f3n es m\u00e1s eficiente y econ\u00f3mico? Opciones para el hogar <\/a><\/strong><\/p>\n","protected":false},"excerpt":{"rendered":"Febrero ya ha llegado y aunque el buen tiempo de estos d\u00edas atr\u00e1s evocaba m\u00e1s a la primavera, a\u00fan quedan unos cuantos d\u00edas para que el invierno finalice y, por m\u00e1s que pese a algunos, los pron\u00f3sticos de fr\u00edo y tiempo desapacible son una realidad. Por eso, en el post&#8230; <a class=\"view-article\" href=\"https:\/\/www.milar.es\/blog\/panel-calefactor-para-calentar-tu-hogar-consumiendo-al-minimo\/\">Ver art\u00edculo<\/a>","protected":false},"author":1,"featured_media":10853,"comment_status":"closed","ping_status":"closed","sticky":false,"template":"","format":"standard","meta":{"footnotes":""},"categories":[18,15],"tags":[],"class_list":["post-4730","post","type-post","status-publish","format-standard","has-post-thumbnail","hentry","category-calefaccion-y-clima","category-hogar"],"yoast_head":"<!-- This site is optimized with the Yoast SEO plugin v27.5 - https:\/\/yoast.com\/product\/yoast-seo-wordpress\/ -->\n<title>Panel calefactor para calentar tu hogar consumiendo al m\u00ednimo - Milar Tendencias de electrodom\u00e9sticos<\/title>\n<meta name=\"description\" content=\"Una buena opci\u00f3n para calentar tu hogar con el m\u00ednimo consumo energ\u00e9tico posible es el panel calefactor. \u00bfQuieres descubrir todo sobre ellos?\" \/>\n<meta name=\"robots\" content=\"index, follow, max-snippet:-1, max-image-preview:large, max-video-preview:-1\" \/>\n<link rel=\"canonical\" href=\"https:\/\/www.milar.es\/blog\/panel-calefactor-para-calentar-tu-hogar-consumiendo-al-minimo\/\" \/>\n<meta property=\"og:locale\" content=\"es_ES\" \/>\n<meta property=\"og:type\" content=\"article\" \/>\n<meta property=\"og:title\" content=\"Panel calefactor para calentar tu hogar consumiendo al m\u00ednimo - Milar Tendencias de electrodom\u00e9sticos\" \/>\n<meta property=\"og:description\" content=\"Una buena opci\u00f3n para calentar tu hogar con el m\u00ednimo consumo energ\u00e9tico posible es el panel calefactor. \u00bfQuieres descubrir todo sobre ellos?\" \/>\n<meta property=\"og:url\" content=\"https:\/\/www.milar.es\/blog\/panel-calefactor-para-calentar-tu-hogar-consumiendo-al-minimo\/\" \/>\n<meta property=\"og:site_name\" content=\"Milar Tendencias de electrodom\u00e9sticos\" \/>\n<meta property=\"article:published_time\" content=\"2020-02-05T15:43:53+00:00\" \/>\n<meta property=\"article:modified_time\" content=\"2022-12-30T11:03:03+00:00\" \/>\n<meta property=\"og:image\" content=\"https:\/\/www.milar.es\/blog\/wp-content\/uploads\/2021\/10\/panel-calefactor.jpg\" \/>\n\t<meta property=\"og:image:width\" content=\"1200\" \/>\n\t<meta property=\"og:image:height\" content=\"800\" \/>\n\t<meta property=\"og:image:type\" content=\"image\/jpeg\" \/>\n<meta name=\"author\" content=\"Milar\" \/>\n<meta name=\"twitter:card\" content=\"summary_large_image\" \/>\n<meta name=\"twitter:label1\" content=\"Escrito por\" \/>\n\t<meta name=\"twitter:data1\" content=\"Milar\" \/>\n\t<meta name=\"twitter:label2\" content=\"Tiempo de lectura\" \/>\n\t<meta name=\"twitter:data2\" content=\"6 minutos\" \/>\n<script type=\"application\/ld+json\" class=\"yoast-schema-graph\">{\"@context\":\"https:\\\/\\\/schema.org\",\"@graph\":[{\"@type\":\"Article\",\"@id\":\"https:\\\/\\\/www.milar.es\\\/blog\\\/panel-calefactor-para-calentar-tu-hogar-consumiendo-al-minimo\\\/#article\",\"isPartOf\":{\"@id\":\"https:\\\/\\\/www.milar.es\\\/blog\\\/panel-calefactor-para-calentar-tu-hogar-consumiendo-al-minimo\\\/\"},\"author\":{\"name\":\"Milar\",\"@id\":\"https:\\\/\\\/www.milar.es\\\/blog\\\/#\\\/schema\\\/person\\\/a63c4965e2d32a22be88aabb90c4f11f\"},\"headline\":\"Panel calefactor para calentar tu hogar consumiendo al m\u00ednimo\",\"datePublished\":\"2020-02-05T15:43:53+00:00\",\"dateModified\":\"2022-12-30T11:03:03+00:00\",\"mainEntityOfPage\":{\"@id\":\"https:\\\/\\\/www.milar.es\\\/blog\\\/panel-calefactor-para-calentar-tu-hogar-consumiendo-al-minimo\\\/\"},\"wordCount\":1141,\"image\":{\"@id\":\"https:\\\/\\\/www.milar.es\\\/blog\\\/panel-calefactor-para-calentar-tu-hogar-consumiendo-al-minimo\\\/#primaryimage\"},\"thumbnailUrl\":\"https:\\\/\\\/www.milar.es\\\/blog\\\/wp-content\\\/uploads\\\/2021\\\/10\\\/panel-calefactor.jpg\",\"articleSection\":[\"Calefacci\u00f3n y clima\",\"Hogar\"],\"inLanguage\":\"es\"},{\"@type\":\"WebPage\",\"@id\":\"https:\\\/\\\/www.milar.es\\\/blog\\\/panel-calefactor-para-calentar-tu-hogar-consumiendo-al-minimo\\\/\",\"url\":\"https:\\\/\\\/www.milar.es\\\/blog\\\/panel-calefactor-para-calentar-tu-hogar-consumiendo-al-minimo\\\/\",\"name\":\"Panel calefactor para calentar tu hogar consumiendo al m\u00ednimo - Milar Tendencias de electrodom\u00e9sticos\",\"isPartOf\":{\"@id\":\"https:\\\/\\\/www.milar.es\\\/blog\\\/#website\"},\"primaryImageOfPage\":{\"@id\":\"https:\\\/\\\/www.milar.es\\\/blog\\\/panel-calefactor-para-calentar-tu-hogar-consumiendo-al-minimo\\\/#primaryimage\"},\"image\":{\"@id\":\"https:\\\/\\\/www.milar.es\\\/blog\\\/panel-calefactor-para-calentar-tu-hogar-consumiendo-al-minimo\\\/#primaryimage\"},\"thumbnailUrl\":\"https:\\\/\\\/www.milar.es\\\/blog\\\/wp-content\\\/uploads\\\/2021\\\/10\\\/panel-calefactor.jpg\",\"datePublished\":\"2020-02-05T15:43:53+00:00\",\"dateModified\":\"2022-12-30T11:03:03+00:00\",\"author\":{\"@id\":\"https:\\\/\\\/www.milar.es\\\/blog\\\/#\\\/schema\\\/person\\\/a63c4965e2d32a22be88aabb90c4f11f\"},\"description\":\"Una buena opci\u00f3n para calentar tu hogar con el m\u00ednimo consumo energ\u00e9tico posible es el panel calefactor. \u00bfQuieres descubrir todo sobre ellos?\",\"breadcrumb\":{\"@id\":\"https:\\\/\\\/www.milar.es\\\/blog\\\/panel-calefactor-para-calentar-tu-hogar-consumiendo-al-minimo\\\/#breadcrumb\"},\"inLanguage\":\"es\",\"potentialAction\":[{\"@type\":\"ReadAction\",\"target\":[\"https:\\\/\\\/www.milar.es\\\/blog\\\/panel-calefactor-para-calentar-tu-hogar-consumiendo-al-minimo\\\/\"]}]},{\"@type\":\"ImageObject\",\"inLanguage\":\"es\",\"@id\":\"https:\\\/\\\/www.milar.es\\\/blog\\\/panel-calefactor-para-calentar-tu-hogar-consumiendo-al-minimo\\\/#primaryimage\",\"url\":\"https:\\\/\\\/www.milar.es\\\/blog\\\/wp-content\\\/uploads\\\/2021\\\/10\\\/panel-calefactor.jpg\",\"contentUrl\":\"https:\\\/\\\/www.milar.es\\\/blog\\\/wp-content\\\/uploads\\\/2021\\\/10\\\/panel-calefactor.jpg\",\"width\":1200,\"height\":800,\"caption\":\"panel calefactor\"},{\"@type\":\"BreadcrumbList\",\"@id\":\"https:\\\/\\\/www.milar.es\\\/blog\\\/panel-calefactor-para-calentar-tu-hogar-consumiendo-al-minimo\\\/#breadcrumb\",\"itemListElement\":[{\"@type\":\"ListItem\",\"position\":1,\"name\":\"Home\",\"item\":\"https:\\\/\\\/www.milar.es\\\/blog\\\/\"},{\"@type\":\"ListItem\",\"position\":2,\"name\":\"Panel calefactor para calentar tu hogar consumiendo al m\u00ednimo\"}]},{\"@type\":\"WebSite\",\"@id\":\"https:\\\/\\\/www.milar.es\\\/blog\\\/#website\",\"url\":\"https:\\\/\\\/www.milar.es\\\/blog\\\/\",\"name\":\"Milar Tendencias de electrodom\u00e9sticos\",\"description\":\"\",\"potentialAction\":[{\"@type\":\"SearchAction\",\"target\":{\"@type\":\"EntryPoint\",\"urlTemplate\":\"https:\\\/\\\/www.milar.es\\\/blog\\\/?s={search_term_string}\"},\"query-input\":{\"@type\":\"PropertyValueSpecification\",\"valueRequired\":true,\"valueName\":\"search_term_string\"}}],\"inLanguage\":\"es\"},{\"@type\":\"Person\",\"@id\":\"https:\\\/\\\/www.milar.es\\\/blog\\\/#\\\/schema\\\/person\\\/a63c4965e2d32a22be88aabb90c4f11f\",\"name\":\"Milar\",\"image\":{\"@type\":\"ImageObject\",\"inLanguage\":\"es\",\"@id\":\"https:\\\/\\\/secure.gravatar.com\\\/avatar\\\/1ff5211459d04644acdbe2d949c2a8626dc0f1e355d4830331235d147f36505a?s=96&d=mm&r=g\",\"url\":\"https:\\\/\\\/secure.gravatar.com\\\/avatar\\\/1ff5211459d04644acdbe2d949c2a8626dc0f1e355d4830331235d147f36505a?s=96&d=mm&r=g\",\"contentUrl\":\"https:\\\/\\\/secure.gravatar.com\\\/avatar\\\/1ff5211459d04644acdbe2d949c2a8626dc0f1e355d4830331235d147f36505a?s=96&d=mm&r=g\",\"caption\":\"Milar\"}}]}<\/script>\n<!-- \/ Yoast SEO plugin. -->","yoast_head_json":{"title":"Panel calefactor para calentar tu hogar consumiendo al m\u00ednimo - Milar Tendencias de electrodom\u00e9sticos","description":"Una buena opci\u00f3n para calentar tu hogar con el m\u00ednimo consumo energ\u00e9tico posible es el panel calefactor. \u00bfQuieres descubrir todo sobre ellos?","robots":{"index":"index","follow":"follow","max-snippet":"max-snippet:-1","max-image-preview":"max-image-preview:large","max-video-preview":"max-video-preview:-1"},"canonical":"https:\/\/www.milar.es\/blog\/panel-calefactor-para-calentar-tu-hogar-consumiendo-al-minimo\/","og_locale":"es_ES","og_type":"article","og_title":"Panel calefactor para calentar tu hogar consumiendo al m\u00ednimo - Milar Tendencias de electrodom\u00e9sticos","og_description":"Una buena opci\u00f3n para calentar tu hogar con el m\u00ednimo consumo energ\u00e9tico posible es el panel calefactor. \u00bfQuieres descubrir todo sobre ellos?","og_url":"https:\/\/www.milar.es\/blog\/panel-calefactor-para-calentar-tu-hogar-consumiendo-al-minimo\/","og_site_name":"Milar Tendencias de electrodom\u00e9sticos","article_published_time":"2020-02-05T15:43:53+00:00","article_modified_time":"2022-12-30T11:03:03+00:00","og_image":[{"width":1200,"height":800,"url":"https:\/\/www.milar.es\/blog\/wp-content\/uploads\/2021\/10\/panel-calefactor.jpg","type":"image\/jpeg"}],"author":"Milar","twitter_card":"summary_large_image","twitter_misc":{"Escrito por":"Milar","Tiempo de lectura":"6 minutos"},"schema":{"@context":"https:\/\/schema.org","@graph":[{"@type":"Article","@id":"https:\/\/www.milar.es\/blog\/panel-calefactor-para-calentar-tu-hogar-consumiendo-al-minimo\/#article","isPartOf":{"@id":"https:\/\/www.milar.es\/blog\/panel-calefactor-para-calentar-tu-hogar-consumiendo-al-minimo\/"},"author":{"name":"Milar","@id":"https:\/\/www.milar.es\/blog\/#\/schema\/person\/a63c4965e2d32a22be88aabb90c4f11f"},"headline":"Panel calefactor para calentar tu hogar consumiendo al m\u00ednimo","datePublished":"2020-02-05T15:43:53+00:00","dateModified":"2022-12-30T11:03:03+00:00","mainEntityOfPage":{"@id":"https:\/\/www.milar.es\/blog\/panel-calefactor-para-calentar-tu-hogar-consumiendo-al-minimo\/"},"wordCount":1141,"image":{"@id":"https:\/\/www.milar.es\/blog\/panel-calefactor-para-calentar-tu-hogar-consumiendo-al-minimo\/#primaryimage"},"thumbnailUrl":"https:\/\/www.milar.es\/blog\/wp-content\/uploads\/2021\/10\/panel-calefactor.jpg","articleSection":["Calefacci\u00f3n y clima","Hogar"],"inLanguage":"es"},{"@type":"WebPage","@id":"https:\/\/www.milar.es\/blog\/panel-calefactor-para-calentar-tu-hogar-consumiendo-al-minimo\/","url":"https:\/\/www.milar.es\/blog\/panel-calefactor-para-calentar-tu-hogar-consumiendo-al-minimo\/","name":"Panel calefactor para calentar tu hogar consumiendo al m\u00ednimo - Milar Tendencias de electrodom\u00e9sticos","isPartOf":{"@id":"https:\/\/www.milar.es\/blog\/#website"},"primaryImageOfPage":{"@id":"https:\/\/www.milar.es\/blog\/panel-calefactor-para-calentar-tu-hogar-consumiendo-al-minimo\/#primaryimage"},"image":{"@id":"https:\/\/www.milar.es\/blog\/panel-calefactor-para-calentar-tu-hogar-consumiendo-al-minimo\/#primaryimage"},"thumbnailUrl":"https:\/\/www.milar.es\/blog\/wp-content\/uploads\/2021\/10\/panel-calefactor.jpg","datePublished":"2020-02-05T15:43:53+00:00","dateModified":"2022-12-30T11:03:03+00:00","author":{"@id":"https:\/\/www.milar.es\/blog\/#\/schema\/person\/a63c4965e2d32a22be88aabb90c4f11f"},"description":"Una buena opci\u00f3n para calentar tu hogar con el m\u00ednimo consumo energ\u00e9tico posible es el panel calefactor. \u00bfQuieres descubrir todo sobre ellos?","breadcrumb":{"@id":"https:\/\/www.milar.es\/blog\/panel-calefactor-para-calentar-tu-hogar-consumiendo-al-minimo\/#breadcrumb"},"inLanguage":"es","potentialAction":[{"@type":"ReadAction","target":["https:\/\/www.milar.es\/blog\/panel-calefactor-para-calentar-tu-hogar-consumiendo-al-minimo\/"]}]},{"@type":"ImageObject","inLanguage":"es","@id":"https:\/\/www.milar.es\/blog\/panel-calefactor-para-calentar-tu-hogar-consumiendo-al-minimo\/#primaryimage","url":"https:\/\/www.milar.es\/blog\/wp-content\/uploads\/2021\/10\/panel-calefactor.jpg","contentUrl":"https:\/\/www.milar.es\/blog\/wp-content\/uploads\/2021\/10\/panel-calefactor.jpg","width":1200,"height":800,"caption":"panel calefactor"},{"@type":"BreadcrumbList","@id":"https:\/\/www.milar.es\/blog\/panel-calefactor-para-calentar-tu-hogar-consumiendo-al-minimo\/#breadcrumb","itemListElement":[{"@type":"ListItem","position":1,"name":"Home","item":"https:\/\/www.milar.es\/blog\/"},{"@type":"ListItem","position":2,"name":"Panel calefactor para calentar tu hogar consumiendo al m\u00ednimo"}]},{"@type":"WebSite","@id":"https:\/\/www.milar.es\/blog\/#website","url":"https:\/\/www.milar.es\/blog\/","name":"Milar Tendencias de electrodom\u00e9sticos","description":"","potentialAction":[{"@type":"SearchAction","target":{"@type":"EntryPoint","urlTemplate":"https:\/\/www.milar.es\/blog\/?s={search_term_string}"},"query-input":{"@type":"PropertyValueSpecification","valueRequired":true,"valueName":"search_term_string"}}],"inLanguage":"es"},{"@type":"Person","@id":"https:\/\/www.milar.es\/blog\/#\/schema\/person\/a63c4965e2d32a22be88aabb90c4f11f","name":"Milar","image":{"@type":"ImageObject","inLanguage":"es","@id":"https:\/\/secure.gravatar.com\/avatar\/1ff5211459d04644acdbe2d949c2a8626dc0f1e355d4830331235d147f36505a?s=96&d=mm&r=g","url":"https:\/\/secure.gravatar.com\/avatar\/1ff5211459d04644acdbe2d949c2a8626dc0f1e355d4830331235d147f36505a?s=96&d=mm&r=g","contentUrl":"https:\/\/secure.gravatar.com\/avatar\/1ff5211459d04644acdbe2d949c2a8626dc0f1e355d4830331235d147f36505a?s=96&d=mm&r=g","caption":"Milar"}}]}},"_links":{"self":[{"href":"https:\/\/www.milar.es\/blog\/wp-json\/wp\/v2\/posts\/4730","targetHints":{"allow":["GET"]}}],"collection":[{"href":"https:\/\/www.milar.es\/blog\/wp-json\/wp\/v2\/posts"}],"about":[{"href":"https:\/\/www.milar.es\/blog\/wp-json\/wp\/v2\/types\/post"}],"author":[{"embeddable":true,"href":"https:\/\/www.milar.es\/blog\/wp-json\/wp\/v2\/users\/1"}],"replies":[{"embeddable":true,"href":"https:\/\/www.milar.es\/blog\/wp-json\/wp\/v2\/comments?post=4730"}],"version-history":[{"count":25,"href":"https:\/\/www.milar.es\/blog\/wp-json\/wp\/v2\/posts\/4730\/revisions"}],"predecessor-version":[{"id":12891,"href":"https:\/\/www.milar.es\/blog\/wp-json\/wp\/v2\/posts\/4730\/revisions\/12891"}],"wp:featuredmedia":[{"embeddable":true,"href":"https:\/\/www.milar.es\/blog\/wp-json\/wp\/v2\/media\/10853"}],"wp:attachment":[{"href":"https:\/\/www.milar.es\/blog\/wp-json\/wp\/v2\/media?parent=4730"}],"wp:term":[{"taxonomy":"category","embeddable":true,"href":"https:\/\/www.milar.es\/blog\/wp-json\/wp\/v2\/categories?post=4730"},{"taxonomy":"post_tag","embeddable":true,"href":"https:\/\/www.milar.es\/blog\/wp-json\/wp\/v2\/tags?post=4730"}],"curies":[{"name":"wp","href":"https:\/\/api.w.org\/{rel}","templated":true}]}}