{"id":4097,"date":"2019-12-13T14:02:43","date_gmt":"2019-12-13T14:02:43","guid":{"rendered":"https:\/\/www.milar.es\/blog\/?p=4097"},"modified":"2022-11-30T11:11:16","modified_gmt":"2022-11-30T11:11:16","slug":"motorola-razr-2019-el-smartphone-plegable-que-te-hara-sentir-nostalgia","status":"publish","type":"post","link":"https:\/\/www.milar.es\/blog\/motorola-razr-2019-el-smartphone-plegable-que-te-hara-sentir-nostalgia\/","title":{"rendered":"Motorola Razr 2019, el smartphone plegable que te har\u00e1 sentir nostalgia"},"content":{"rendered":"\n<p>All\u00e1 por el a\u00f1o 2004 el fabricante <strong>Motorola <\/strong>lanzaba un tel\u00e9fono m\u00f3vil plegable que se convert\u00eda entonces en un boom por su tama\u00f1o reducido y su novedad.  Quince a\u00f1os m\u00e1s tarde, la marca se ha hecho viral por sacar a la luz una versi\u00f3n que te har\u00e1 sentir nostalgia. Esto es gracias ya que te recordar\u00e1 a tu viejo m\u00f3vil por su est\u00e9tica y te sorprender\u00e1 por su formato <strong><a href=\"https:\/\/www.milar.es\/smartphone-telefonos.html\" target=\"_blank\" rel=\"noreferrer noopener\">smartphone <\/a><\/strong>y sus prestaciones. \u00bfQuieres conocerlo todo sobre el <strong>Motorola Razr 2019<\/strong>? Hoy en <strong><a href=\"https:\/\/www.milar.es\/\" target=\"_blank\" rel=\"noreferrer noopener\">Milar <\/a><\/strong>te lo contamos.<\/p>\n\n\n\n<div class=\"wp-block-image\"><figure class=\"aligncenter size-large\"><img loading=\"lazy\" decoding=\"async\" width=\"700\" height=\"467\" src=\"https:\/\/www.milar.es\/blog\/wp-content\/uploads\/2022\/11\/motorola-razr-2019-700x467.jpg\" alt=\"motorola-razr-2019\" class=\"wp-image-12764\" srcset=\"https:\/\/www.milar.es\/blog\/wp-content\/uploads\/2022\/11\/motorola-razr-2019-700x467.jpg 700w, https:\/\/www.milar.es\/blog\/wp-content\/uploads\/2022\/11\/motorola-razr-2019-250x167.jpg 250w, https:\/\/www.milar.es\/blog\/wp-content\/uploads\/2022\/11\/motorola-razr-2019-768x512.jpg 768w, https:\/\/www.milar.es\/blog\/wp-content\/uploads\/2022\/11\/motorola-razr-2019-120x80.jpg 120w, https:\/\/www.milar.es\/blog\/wp-content\/uploads\/2022\/11\/motorola-razr-2019.jpg 1200w\" sizes=\"auto, (max-width: 700px) 100vw, 700px\" \/><\/figure><\/div>\n\n\n\n<h2 class=\"has-text-align-center wp-block-heading\"> \u00bfQu\u00e9 incluye tu Motorola Razr 2019? <\/h2>\n\n\n\n<p>Uno de los aspectos que m\u00e1s llama la atenci\u00f3n del terminal es, sin duda, su dise\u00f1o. El smartphone tiene una <strong>pantalla de 6.2 pulgadas<\/strong> que se dobla y lo convierte en un terminal con tama\u00f1o muy reducido. Una vez doblado lo puedes seguir utilizando gracias a su pantalla externa de 2,7 pulgadas llamada \u00abQuick View\u00bb. Esta pantalla externa t\u00e1ctil te permitir\u00e1 consultar tus notificaciones, escuchar m\u00fasica o llamar sin ni siquiera abrir el terminal. Si necesitas un mayor tama\u00f1o, \u00e1brelo y aquello que estabas haciendo en la mini-pantalla pasar\u00e1 m\u00e1gicamente a verse en grande.<\/p>\n\n\n\n<p>Este nuevo <strong>Motorola Razr V3 2019<\/strong> (tambi\u00e9n es denominado como Motorola Razr v4 2019, ya que el de 2003 era el V3)  se puede doblar totalmente hasta el punto de convertirlo en un terminal pr\u00e1cticamente plano. Sus pantallas tienen un panel OLED y CinemaVisi\u00f3n, es decir, una tecnolog\u00eda con un aspecto de imagen 21:9 que provoca una experiencia inmersiva de cine para el usuario. Adem\u00e1s, es resistente al agua e incluye el <strong>sistema operativo Android 9.0 Pie. <\/strong><\/p>\n\n\n\n<p>Con la pantalla cerrada veremos que tiene un <em>notch <\/em>bastante notable que esconde una c\u00e1mara frontal. Por lo que, los amantes de los <em>selfies <\/em>podr\u00e1n hacerse fotos con el terminal completamente plegado. Tiene un sensor principal de <strong>16 megap\u00edxeles<\/strong>, mientras que la frontal tiene 5MP. Gracias al sensor nocturno la calidad de im\u00e1genes cuando la luz escasea es de bastante calidad. Consulta el amplio cat\u00e1logo de <strong><a href=\"https:\/\/www.milar.es\/blog\/cual-es-el-smartphone-con-mejor-camara-del-mercado\/\" target=\"_blank\" rel=\"noreferrer noopener\">smartphone con mejor c\u00e1mara<\/a><\/strong> de nuestras tiendas <strong>Milar<\/strong>.<\/p>\n\n\n\n<h2 class=\"has-text-align-center wp-block-heading\">Innovaciones que integra este smartphone<\/h2>\n\n\n\n<p>Adem\u00e1s siguiendo con la fotograf\u00eda, el terminal incorpora la<strong> Inteligencia Artificial, <\/strong>por ejemplo, en la captura autom\u00e1tica de sonrisas y en la optimizaci\u00f3n de escena que te recomienda diferentes ajustes para que te queden unas fotos dignas de profesional. Con <strong>Google Lens<\/strong> podr\u00e1s conocer en cuesti\u00f3n de segundos el significado de una palabra en otro idioma o los ingredientes de un plato de un men\u00fa. Basta con que \u00abescanees\u00bb lo que quieras saber con la c\u00e1mara y la herramienta te dir\u00e1 su signficado. \u00a1M\u00e1s f\u00e1cil imposible!<\/p>\n\n\n\n<p>El terminal cuenta con el procesador <strong>Qualcomm Snapdragon 710<\/strong>, potente y eficaz en la ejecuci\u00f3n de diferentes aplicaciones al mismo tiempo. Asimismo, tiene 6GB de memoria RAM y 128 GB de capacidad de almacenamiento. La bater\u00eda del <strong>Motorola Razr V4 2019 <\/strong>es uno de los aspectos que, quiz\u00e1s, flojean un poco m\u00e1s.<\/p>\n\n\n\n<p>Cuenta con <strong>2510 mAh de bater\u00eda<\/strong> frente a los 4500-5000 mAh que puedes encontrar en otros smartphones del mercado. No obstante, incorpora <strong>TurboPower<\/strong> (carga r\u00e1pida) de 15W  con conector USB tipo C. Los auriculares Premium que incluye el smartphone tambi\u00e9n tienen este tipo de USB, por lo que el <em>jack <\/em>desaparece.<\/p>\n\n\n\n<h2 class=\"has-text-align-center wp-block-heading\">Lanzamiento del Motorola Razr <\/h2>\n\n\n\n<p>Si te gustan las prestaciones y caracter\u00edsticas que hemos comentado en el art\u00edculo y est\u00e1s pensando en darte un capricho por Navidad debes saber que est\u00e1 previsto que llegue a Espa\u00f1a a principios del a\u00f1o que viene, mientras que en pa\u00edses como EEUU o M\u00e9xico ya pueden disfrutarlo.<\/p>\n\n\n\n<p>Si te preguntas por el <strong>precio <\/strong>del <strong>Motorola Razr 2019<\/strong>, tenemos que advertirte de que se trata de un terminal de alta gama con un precio asequible para unos pocos.<\/p>\n\n\n\n<p>Ahora que ya lo sabes todo sobre el <strong>Motorola Razr de<\/strong> <strong>2019 y sus caracter\u00edsticas y especificaciones<\/strong>, \u00bfa qu\u00e9 sientes un poco de nostalgia de aquellos a\u00f1os en los que los smartphones se ve\u00edan como algo del futuro?<\/p>\n\n\n\n<p>Por si su precio te parece excesivo y no acaba de convencerte esta nueva versi\u00f3n del ic\u00f3nico Motorola te dejamos otros post sobre otros terminales que quiz\u00e1s podr\u00edan interesante. \u00a1Hasta la pr\u00f3xima!<\/p>\n\n\n\n<p><a href=\"https:\/\/www.milar.es\/blog\/xiaomi-redmi-note-8-pro-el-primer-smartphone-con-camara-cuadruple-de-64mp\/\" target=\"_blank\" rel=\"noreferrer noopener\"><strong>Xiaomi Redmi Note 8 Pro, el primer smartphone con c\u00e1mara cu\u00e1druple de 64MP<\/strong><\/a><\/p>\n\n\n\n<p><a href=\"https:\/\/www.milar.es\/blog\/camara-giratoria-analisis-de-los-nuevos-smartphones\/\" target=\"_blank\" rel=\"noreferrer noopener\"><strong>C\u00e1mara giratoria: an\u00e1lisis de los nuevos smartphones <\/strong><\/a><\/p>\n\n\n\n<p><a href=\"https:\/\/www.milar.es\/blog\/analisis-gama-samsung-galaxy-a-unos-de-los-mejores-moviles-calidad-precio-del-mercado\/\" target=\"_blank\" rel=\"noreferrer noopener\"><strong>An\u00e1lisis Gama Samsung Galaxy A, unos de los mejores m\u00f3viles calidad precio del mercado<\/strong><\/a><\/p>\n","protected":false},"excerpt":{"rendered":"All\u00e1 por el a\u00f1o 2004 el fabricante Motorola lanzaba un tel\u00e9fono m\u00f3vil plegable que se convert\u00eda entonces en un boom por su tama\u00f1o reducido y su novedad. Quince a\u00f1os m\u00e1s tarde, la marca se ha hecho viral por sacar a la luz una versi\u00f3n que te har\u00e1 sentir nostalgia. Esto&#8230; <a class=\"view-article\" href=\"https:\/\/www.milar.es\/blog\/motorola-razr-2019-el-smartphone-plegable-que-te-hara-sentir-nostalgia\/\">Ver art\u00edculo<\/a>","protected":false},"author":1,"featured_media":12764,"comment_status":"closed","ping_status":"closed","sticky":false,"template":"","format":"standard","meta":{"footnotes":""},"categories":[1,6],"tags":[],"class_list":["post-4097","post","type-post","status-publish","format-standard","has-post-thumbnail","hentry","category-entretenimiento","category-telefonia"],"yoast_head":"<!-- This site is optimized with the Yoast SEO plugin v27.5 - https:\/\/yoast.com\/product\/yoast-seo-wordpress\/ -->\n<title>Motorola Razr 2019, el smartphone plegable que te har\u00e1 sentir nostalgia - Milar Tendencias de electrodom\u00e9sticos<\/title>\n<meta name=\"description\" content=\"\u00bfRecuerdas ese m\u00f3vil Motorola plegable que se populariz\u00f3 en el 2004? Quince a\u00f1os m\u00e1s tarde llega una versi\u00f3n actual: el Motorola Razr 2019.\" \/>\n<meta name=\"robots\" content=\"index, follow, max-snippet:-1, max-image-preview:large, max-video-preview:-1\" \/>\n<link rel=\"canonical\" href=\"https:\/\/www.milar.es\/blog\/motorola-razr-2019-el-smartphone-plegable-que-te-hara-sentir-nostalgia\/\" \/>\n<meta property=\"og:locale\" content=\"es_ES\" \/>\n<meta property=\"og:type\" content=\"article\" \/>\n<meta property=\"og:title\" content=\"Motorola Razr 2019, el smartphone plegable que te har\u00e1 sentir nostalgia - Milar Tendencias de electrodom\u00e9sticos\" \/>\n<meta property=\"og:description\" content=\"\u00bfRecuerdas ese m\u00f3vil Motorola plegable que se populariz\u00f3 en el 2004? Quince a\u00f1os m\u00e1s tarde llega una versi\u00f3n actual: el Motorola Razr 2019.\" \/>\n<meta property=\"og:url\" content=\"https:\/\/www.milar.es\/blog\/motorola-razr-2019-el-smartphone-plegable-que-te-hara-sentir-nostalgia\/\" \/>\n<meta property=\"og:site_name\" content=\"Milar Tendencias de electrodom\u00e9sticos\" \/>\n<meta property=\"article:published_time\" content=\"2019-12-13T14:02:43+00:00\" \/>\n<meta property=\"article:modified_time\" content=\"2022-11-30T11:11:16+00:00\" \/>\n<meta property=\"og:image\" content=\"https:\/\/www.milar.es\/blog\/wp-content\/uploads\/2022\/11\/motorola-razr-2019.jpg\" \/>\n\t<meta property=\"og:image:width\" content=\"1200\" \/>\n\t<meta property=\"og:image:height\" content=\"800\" \/>\n\t<meta property=\"og:image:type\" content=\"image\/jpeg\" \/>\n<meta name=\"author\" content=\"Milar\" \/>\n<meta name=\"twitter:card\" content=\"summary_large_image\" \/>\n<meta name=\"twitter:label1\" content=\"Escrito por\" \/>\n\t<meta name=\"twitter:data1\" content=\"Milar\" \/>\n\t<meta name=\"twitter:label2\" content=\"Tiempo de lectura\" \/>\n\t<meta name=\"twitter:data2\" content=\"4 minutos\" \/>\n<script type=\"application\/ld+json\" class=\"yoast-schema-graph\">{\"@context\":\"https:\\\/\\\/schema.org\",\"@graph\":[{\"@type\":\"Article\",\"@id\":\"https:\\\/\\\/www.milar.es\\\/blog\\\/motorola-razr-2019-el-smartphone-plegable-que-te-hara-sentir-nostalgia\\\/#article\",\"isPartOf\":{\"@id\":\"https:\\\/\\\/www.milar.es\\\/blog\\\/motorola-razr-2019-el-smartphone-plegable-que-te-hara-sentir-nostalgia\\\/\"},\"author\":{\"name\":\"Milar\",\"@id\":\"https:\\\/\\\/www.milar.es\\\/blog\\\/#\\\/schema\\\/person\\\/a63c4965e2d32a22be88aabb90c4f11f\"},\"headline\":\"Motorola Razr 2019, el smartphone plegable que te har\u00e1 sentir nostalgia\",\"datePublished\":\"2019-12-13T14:02:43+00:00\",\"dateModified\":\"2022-11-30T11:11:16+00:00\",\"mainEntityOfPage\":{\"@id\":\"https:\\\/\\\/www.milar.es\\\/blog\\\/motorola-razr-2019-el-smartphone-plegable-que-te-hara-sentir-nostalgia\\\/\"},\"wordCount\":776,\"image\":{\"@id\":\"https:\\\/\\\/www.milar.es\\\/blog\\\/motorola-razr-2019-el-smartphone-plegable-que-te-hara-sentir-nostalgia\\\/#primaryimage\"},\"thumbnailUrl\":\"https:\\\/\\\/www.milar.es\\\/blog\\\/wp-content\\\/uploads\\\/2022\\\/11\\\/motorola-razr-2019.jpg\",\"articleSection\":[\"Entretenimiento\",\"Telefon\u00eda\"],\"inLanguage\":\"es\"},{\"@type\":\"WebPage\",\"@id\":\"https:\\\/\\\/www.milar.es\\\/blog\\\/motorola-razr-2019-el-smartphone-plegable-que-te-hara-sentir-nostalgia\\\/\",\"url\":\"https:\\\/\\\/www.milar.es\\\/blog\\\/motorola-razr-2019-el-smartphone-plegable-que-te-hara-sentir-nostalgia\\\/\",\"name\":\"Motorola Razr 2019, el smartphone plegable que te har\u00e1 sentir nostalgia - Milar Tendencias de electrodom\u00e9sticos\",\"isPartOf\":{\"@id\":\"https:\\\/\\\/www.milar.es\\\/blog\\\/#website\"},\"primaryImageOfPage\":{\"@id\":\"https:\\\/\\\/www.milar.es\\\/blog\\\/motorola-razr-2019-el-smartphone-plegable-que-te-hara-sentir-nostalgia\\\/#primaryimage\"},\"image\":{\"@id\":\"https:\\\/\\\/www.milar.es\\\/blog\\\/motorola-razr-2019-el-smartphone-plegable-que-te-hara-sentir-nostalgia\\\/#primaryimage\"},\"thumbnailUrl\":\"https:\\\/\\\/www.milar.es\\\/blog\\\/wp-content\\\/uploads\\\/2022\\\/11\\\/motorola-razr-2019.jpg\",\"datePublished\":\"2019-12-13T14:02:43+00:00\",\"dateModified\":\"2022-11-30T11:11:16+00:00\",\"author\":{\"@id\":\"https:\\\/\\\/www.milar.es\\\/blog\\\/#\\\/schema\\\/person\\\/a63c4965e2d32a22be88aabb90c4f11f\"},\"description\":\"\u00bfRecuerdas ese m\u00f3vil Motorola plegable que se populariz\u00f3 en el 2004? Quince a\u00f1os m\u00e1s tarde llega una versi\u00f3n actual: el Motorola Razr 2019.\",\"breadcrumb\":{\"@id\":\"https:\\\/\\\/www.milar.es\\\/blog\\\/motorola-razr-2019-el-smartphone-plegable-que-te-hara-sentir-nostalgia\\\/#breadcrumb\"},\"inLanguage\":\"es\",\"potentialAction\":[{\"@type\":\"ReadAction\",\"target\":[\"https:\\\/\\\/www.milar.es\\\/blog\\\/motorola-razr-2019-el-smartphone-plegable-que-te-hara-sentir-nostalgia\\\/\"]}]},{\"@type\":\"ImageObject\",\"inLanguage\":\"es\",\"@id\":\"https:\\\/\\\/www.milar.es\\\/blog\\\/motorola-razr-2019-el-smartphone-plegable-que-te-hara-sentir-nostalgia\\\/#primaryimage\",\"url\":\"https:\\\/\\\/www.milar.es\\\/blog\\\/wp-content\\\/uploads\\\/2022\\\/11\\\/motorola-razr-2019.jpg\",\"contentUrl\":\"https:\\\/\\\/www.milar.es\\\/blog\\\/wp-content\\\/uploads\\\/2022\\\/11\\\/motorola-razr-2019.jpg\",\"width\":1200,\"height\":800,\"caption\":\"motorola-razr-2019\"},{\"@type\":\"BreadcrumbList\",\"@id\":\"https:\\\/\\\/www.milar.es\\\/blog\\\/motorola-razr-2019-el-smartphone-plegable-que-te-hara-sentir-nostalgia\\\/#breadcrumb\",\"itemListElement\":[{\"@type\":\"ListItem\",\"position\":1,\"name\":\"Home\",\"item\":\"https:\\\/\\\/www.milar.es\\\/blog\\\/\"},{\"@type\":\"ListItem\",\"position\":2,\"name\":\"Motorola Razr 2019, el smartphone plegable que te har\u00e1 sentir nostalgia\"}]},{\"@type\":\"WebSite\",\"@id\":\"https:\\\/\\\/www.milar.es\\\/blog\\\/#website\",\"url\":\"https:\\\/\\\/www.milar.es\\\/blog\\\/\",\"name\":\"Milar Tendencias de electrodom\u00e9sticos\",\"description\":\"\",\"potentialAction\":[{\"@type\":\"SearchAction\",\"target\":{\"@type\":\"EntryPoint\",\"urlTemplate\":\"https:\\\/\\\/www.milar.es\\\/blog\\\/?s={search_term_string}\"},\"query-input\":{\"@type\":\"PropertyValueSpecification\",\"valueRequired\":true,\"valueName\":\"search_term_string\"}}],\"inLanguage\":\"es\"},{\"@type\":\"Person\",\"@id\":\"https:\\\/\\\/www.milar.es\\\/blog\\\/#\\\/schema\\\/person\\\/a63c4965e2d32a22be88aabb90c4f11f\",\"name\":\"Milar\",\"image\":{\"@type\":\"ImageObject\",\"inLanguage\":\"es\",\"@id\":\"https:\\\/\\\/secure.gravatar.com\\\/avatar\\\/1ff5211459d04644acdbe2d949c2a8626dc0f1e355d4830331235d147f36505a?s=96&d=mm&r=g\",\"url\":\"https:\\\/\\\/secure.gravatar.com\\\/avatar\\\/1ff5211459d04644acdbe2d949c2a8626dc0f1e355d4830331235d147f36505a?s=96&d=mm&r=g\",\"contentUrl\":\"https:\\\/\\\/secure.gravatar.com\\\/avatar\\\/1ff5211459d04644acdbe2d949c2a8626dc0f1e355d4830331235d147f36505a?s=96&d=mm&r=g\",\"caption\":\"Milar\"}}]}<\/script>\n<!-- \/ Yoast SEO plugin. -->","yoast_head_json":{"title":"Motorola Razr 2019, el smartphone plegable que te har\u00e1 sentir nostalgia - Milar Tendencias de electrodom\u00e9sticos","description":"\u00bfRecuerdas ese m\u00f3vil Motorola plegable que se populariz\u00f3 en el 2004? Quince a\u00f1os m\u00e1s tarde llega una versi\u00f3n actual: el Motorola Razr 2019.","robots":{"index":"index","follow":"follow","max-snippet":"max-snippet:-1","max-image-preview":"max-image-preview:large","max-video-preview":"max-video-preview:-1"},"canonical":"https:\/\/www.milar.es\/blog\/motorola-razr-2019-el-smartphone-plegable-que-te-hara-sentir-nostalgia\/","og_locale":"es_ES","og_type":"article","og_title":"Motorola Razr 2019, el smartphone plegable que te har\u00e1 sentir nostalgia - Milar Tendencias de electrodom\u00e9sticos","og_description":"\u00bfRecuerdas ese m\u00f3vil Motorola plegable que se populariz\u00f3 en el 2004? Quince a\u00f1os m\u00e1s tarde llega una versi\u00f3n actual: el Motorola Razr 2019.","og_url":"https:\/\/www.milar.es\/blog\/motorola-razr-2019-el-smartphone-plegable-que-te-hara-sentir-nostalgia\/","og_site_name":"Milar Tendencias de electrodom\u00e9sticos","article_published_time":"2019-12-13T14:02:43+00:00","article_modified_time":"2022-11-30T11:11:16+00:00","og_image":[{"width":1200,"height":800,"url":"https:\/\/www.milar.es\/blog\/wp-content\/uploads\/2022\/11\/motorola-razr-2019.jpg","type":"image\/jpeg"}],"author":"Milar","twitter_card":"summary_large_image","twitter_misc":{"Escrito por":"Milar","Tiempo de lectura":"4 minutos"},"schema":{"@context":"https:\/\/schema.org","@graph":[{"@type":"Article","@id":"https:\/\/www.milar.es\/blog\/motorola-razr-2019-el-smartphone-plegable-que-te-hara-sentir-nostalgia\/#article","isPartOf":{"@id":"https:\/\/www.milar.es\/blog\/motorola-razr-2019-el-smartphone-plegable-que-te-hara-sentir-nostalgia\/"},"author":{"name":"Milar","@id":"https:\/\/www.milar.es\/blog\/#\/schema\/person\/a63c4965e2d32a22be88aabb90c4f11f"},"headline":"Motorola Razr 2019, el smartphone plegable que te har\u00e1 sentir nostalgia","datePublished":"2019-12-13T14:02:43+00:00","dateModified":"2022-11-30T11:11:16+00:00","mainEntityOfPage":{"@id":"https:\/\/www.milar.es\/blog\/motorola-razr-2019-el-smartphone-plegable-que-te-hara-sentir-nostalgia\/"},"wordCount":776,"image":{"@id":"https:\/\/www.milar.es\/blog\/motorola-razr-2019-el-smartphone-plegable-que-te-hara-sentir-nostalgia\/#primaryimage"},"thumbnailUrl":"https:\/\/www.milar.es\/blog\/wp-content\/uploads\/2022\/11\/motorola-razr-2019.jpg","articleSection":["Entretenimiento","Telefon\u00eda"],"inLanguage":"es"},{"@type":"WebPage","@id":"https:\/\/www.milar.es\/blog\/motorola-razr-2019-el-smartphone-plegable-que-te-hara-sentir-nostalgia\/","url":"https:\/\/www.milar.es\/blog\/motorola-razr-2019-el-smartphone-plegable-que-te-hara-sentir-nostalgia\/","name":"Motorola Razr 2019, el smartphone plegable que te har\u00e1 sentir nostalgia - Milar Tendencias de electrodom\u00e9sticos","isPartOf":{"@id":"https:\/\/www.milar.es\/blog\/#website"},"primaryImageOfPage":{"@id":"https:\/\/www.milar.es\/blog\/motorola-razr-2019-el-smartphone-plegable-que-te-hara-sentir-nostalgia\/#primaryimage"},"image":{"@id":"https:\/\/www.milar.es\/blog\/motorola-razr-2019-el-smartphone-plegable-que-te-hara-sentir-nostalgia\/#primaryimage"},"thumbnailUrl":"https:\/\/www.milar.es\/blog\/wp-content\/uploads\/2022\/11\/motorola-razr-2019.jpg","datePublished":"2019-12-13T14:02:43+00:00","dateModified":"2022-11-30T11:11:16+00:00","author":{"@id":"https:\/\/www.milar.es\/blog\/#\/schema\/person\/a63c4965e2d32a22be88aabb90c4f11f"},"description":"\u00bfRecuerdas ese m\u00f3vil Motorola plegable que se populariz\u00f3 en el 2004? Quince a\u00f1os m\u00e1s tarde llega una versi\u00f3n actual: el Motorola Razr 2019.","breadcrumb":{"@id":"https:\/\/www.milar.es\/blog\/motorola-razr-2019-el-smartphone-plegable-que-te-hara-sentir-nostalgia\/#breadcrumb"},"inLanguage":"es","potentialAction":[{"@type":"ReadAction","target":["https:\/\/www.milar.es\/blog\/motorola-razr-2019-el-smartphone-plegable-que-te-hara-sentir-nostalgia\/"]}]},{"@type":"ImageObject","inLanguage":"es","@id":"https:\/\/www.milar.es\/blog\/motorola-razr-2019-el-smartphone-plegable-que-te-hara-sentir-nostalgia\/#primaryimage","url":"https:\/\/www.milar.es\/blog\/wp-content\/uploads\/2022\/11\/motorola-razr-2019.jpg","contentUrl":"https:\/\/www.milar.es\/blog\/wp-content\/uploads\/2022\/11\/motorola-razr-2019.jpg","width":1200,"height":800,"caption":"motorola-razr-2019"},{"@type":"BreadcrumbList","@id":"https:\/\/www.milar.es\/blog\/motorola-razr-2019-el-smartphone-plegable-que-te-hara-sentir-nostalgia\/#breadcrumb","itemListElement":[{"@type":"ListItem","position":1,"name":"Home","item":"https:\/\/www.milar.es\/blog\/"},{"@type":"ListItem","position":2,"name":"Motorola Razr 2019, el smartphone plegable que te har\u00e1 sentir nostalgia"}]},{"@type":"WebSite","@id":"https:\/\/www.milar.es\/blog\/#website","url":"https:\/\/www.milar.es\/blog\/","name":"Milar Tendencias de electrodom\u00e9sticos","description":"","potentialAction":[{"@type":"SearchAction","target":{"@type":"EntryPoint","urlTemplate":"https:\/\/www.milar.es\/blog\/?s={search_term_string}"},"query-input":{"@type":"PropertyValueSpecification","valueRequired":true,"valueName":"search_term_string"}}],"inLanguage":"es"},{"@type":"Person","@id":"https:\/\/www.milar.es\/blog\/#\/schema\/person\/a63c4965e2d32a22be88aabb90c4f11f","name":"Milar","image":{"@type":"ImageObject","inLanguage":"es","@id":"https:\/\/secure.gravatar.com\/avatar\/1ff5211459d04644acdbe2d949c2a8626dc0f1e355d4830331235d147f36505a?s=96&d=mm&r=g","url":"https:\/\/secure.gravatar.com\/avatar\/1ff5211459d04644acdbe2d949c2a8626dc0f1e355d4830331235d147f36505a?s=96&d=mm&r=g","contentUrl":"https:\/\/secure.gravatar.com\/avatar\/1ff5211459d04644acdbe2d949c2a8626dc0f1e355d4830331235d147f36505a?s=96&d=mm&r=g","caption":"Milar"}}]}},"_links":{"self":[{"href":"https:\/\/www.milar.es\/blog\/wp-json\/wp\/v2\/posts\/4097","targetHints":{"allow":["GET"]}}],"collection":[{"href":"https:\/\/www.milar.es\/blog\/wp-json\/wp\/v2\/posts"}],"about":[{"href":"https:\/\/www.milar.es\/blog\/wp-json\/wp\/v2\/types\/post"}],"author":[{"embeddable":true,"href":"https:\/\/www.milar.es\/blog\/wp-json\/wp\/v2\/users\/1"}],"replies":[{"embeddable":true,"href":"https:\/\/www.milar.es\/blog\/wp-json\/wp\/v2\/comments?post=4097"}],"version-history":[{"count":26,"href":"https:\/\/www.milar.es\/blog\/wp-json\/wp\/v2\/posts\/4097\/revisions"}],"predecessor-version":[{"id":12768,"href":"https:\/\/www.milar.es\/blog\/wp-json\/wp\/v2\/posts\/4097\/revisions\/12768"}],"wp:featuredmedia":[{"embeddable":true,"href":"https:\/\/www.milar.es\/blog\/wp-json\/wp\/v2\/media\/12764"}],"wp:attachment":[{"href":"https:\/\/www.milar.es\/blog\/wp-json\/wp\/v2\/media?parent=4097"}],"wp:term":[{"taxonomy":"category","embeddable":true,"href":"https:\/\/www.milar.es\/blog\/wp-json\/wp\/v2\/categories?post=4097"},{"taxonomy":"post_tag","embeddable":true,"href":"https:\/\/www.milar.es\/blog\/wp-json\/wp\/v2\/tags?post=4097"}],"curies":[{"name":"wp","href":"https:\/\/api.w.org\/{rel}","templated":true}]}}