{"id":362,"date":"2025-11-13T08:11:58","date_gmt":"2025-11-13T08:11:58","guid":{"rendered":"http:\/\/www.milar.es\/blog\/?p=362"},"modified":"2025-11-28T07:32:41","modified_gmt":"2025-11-28T07:32:41","slug":"cuanto-consume-un-frigorifico","status":"publish","type":"post","link":"https:\/\/www.milar.es\/blog\/cuanto-consume-un-frigorifico\/","title":{"rendered":"\u00bfCu\u00e1nto consume un frigor\u00edfico? Averigua c\u00f3mo saberlo"},"content":{"rendered":"\n<p><strong>El frigor\u00edfico <\/strong>es uno de los electrodom\u00e9sticos que debe estar en funcionamiento las 24 horas del d\u00eda, todos los d\u00edas del a\u00f1o. Por lo tanto, a la hora de la compra hay que tener muy en cuenta el consumo que puede suponer tener un frigor\u00edfico con ciertas caracter\u00edsticas. De hecho, de la electricidad total que gastamos en casa, los electrodom\u00e9sticos consumen un 45%, y <strong>el frigor\u00edfico supone un 18% del consumo total<\/strong> de los electrodom\u00e9sticos del hogar.&nbsp;<\/p>\n\n\n\n<p>En este post de <a href=\"https:\/\/www.milar.es\/\" target=\"_blank\" rel=\"noreferrer noopener\">Milar<\/a> te contamos cu\u00e1nto consume un frigor\u00edfico de media en un hogar y te damos las <strong>claves para ahorrar<\/strong>. \u00a1Toma nota para saber lo que supone en tu hogar!<\/p>\n\n\n\n<figure class=\"wp-block-image size-large is-resized\"><img loading=\"lazy\" decoding=\"async\" width=\"700\" height=\"487\" src=\"https:\/\/www.milar.es\/blog\/wp-content\/uploads\/2025\/11\/nino-de-tiro-medio-en-busca-de-comida-1-700x487.jpg\" alt=\"\" class=\"wp-image-15098\" style=\"width:840px;height:auto\" srcset=\"https:\/\/www.milar.es\/blog\/wp-content\/uploads\/2025\/11\/nino-de-tiro-medio-en-busca-de-comida-1-700x487.jpg 700w, https:\/\/www.milar.es\/blog\/wp-content\/uploads\/2025\/11\/nino-de-tiro-medio-en-busca-de-comida-1-250x174.jpg 250w, https:\/\/www.milar.es\/blog\/wp-content\/uploads\/2025\/11\/nino-de-tiro-medio-en-busca-de-comida-1-768x534.jpg 768w, https:\/\/www.milar.es\/blog\/wp-content\/uploads\/2025\/11\/nino-de-tiro-medio-en-busca-de-comida-1-120x83.jpg 120w, https:\/\/www.milar.es\/blog\/wp-content\/uploads\/2025\/11\/nino-de-tiro-medio-en-busca-de-comida-1.jpg 1200w\" sizes=\"auto, (max-width: 700px) 100vw, 700px\" \/><\/figure>\n\n\n\n<h2 class=\"wp-block-heading has-text-align-center\">\u00bfCu\u00e1nta electricidad consumen los <a href=\"https:\/\/www.milar.es\/frigorificos-cocina.html\" target=\"_blank\" rel=\"noreferrer noopener\">frigor\u00edficos<\/a>?<\/h2>\n\n\n\n<p><strong>\u00bfC\u00f3mo calcular el consumo de un frigor\u00edfico? <\/strong>La clase de eficiencia energ\u00e9tica la establece el \u00edndice de eficiencia energ\u00e9tica. Este \u00edndice se calcula mediante una f\u00f3rmula con dos par\u00e1metros. Ambos par\u00e1metros se expresan en Kwh\/a\u00f1o.&nbsp;<\/p>\n\n\n\n<ul class=\"wp-block-list\">\n<li><strong>AEc<\/strong>: el consumo de energ\u00eda anual del aparato de refrigeraci\u00f3n dom\u00e9stico.&nbsp;<\/li>\n<\/ul>\n\n\n\n<ul class=\"wp-block-list\">\n<li><strong>SAEc<\/strong>: el consumo de energ\u00eda anual normalizado del aparato de refrigeraci\u00f3n dom\u00e9stica.&nbsp;<\/li>\n<\/ul>\n\n\n\n<p>(\u00cdndice de Eficiencia Energ\u00e9tica) EEI = AEc \/ S AEc * 100&nbsp;<\/p>\n\n\n\n<p>Con esta simple f\u00f3rmula podr\u00e1s hacerte una idea de qu\u00e9 consumo tiene un frigor\u00edfico, pero para <strong>conocer cu\u00e1l es el consumo medio de un frigor\u00edfico<\/strong>, tienes que tener en cuenta muchos factores. Para entender el consumo de tu nevera, tienes que fijarte en el dato oficial que viene en la etiqueta: el <strong>consumo anual<\/strong> (kWh\/a\u00f1o). Tomando como punto de partida un <a href=\"https:\/\/www.milar.es\/frigorificos-combi-cocina.html\" target=\"_blank\" rel=\"noreferrer noopener\">frigor\u00edfico combi<\/a> de eficiencia media (que ahora se sit\u00faa en <a href=\"https:\/\/www.milar.es\/blog\/conoce-etiquetado-energetico-los-electrodomesticos-detalle\/\" target=\"_blank\" rel=\"noreferrer noopener\">el etiquetado energ\u00e9tico<\/a> C), puedes estimar su consumo de las siguientes maneras:&nbsp;<\/p>\n\n\n\n<h3 class=\"wp-block-heading\">\u00bfCu\u00e1nto consume un frigor\u00edfico al a\u00f1o?<\/h3>\n\n\n\n<p>El consumo anual de un frigor\u00edfico de buena eficiencia (clase C, antes A+++) puede suponer un <strong>gasto de entre 42 \u20ac y 53 \u20ac al a\u00f1o en electricidad<\/strong>. La etiqueta energ\u00e9tica (A, B, C, D, E, F, G) es tu mejor gu\u00eda: la Clase A es la m\u00e1s eficiente y los modelos con etiqueta G son los que m\u00e1s consumen. Adem\u00e1s, el consumo exacto se calcula mediante el <strong>\u00cdndice de Eficiencia Energ\u00e9tica <\/strong>(EEI), que compara el consumo real del aparato con el consumo normalizado (ambos en Kwh\/a\u00f1o).&nbsp;<\/p>\n\n\n\n<h3 class=\"wp-block-heading\">\u00bfCu\u00e1nto consume un frigor\u00edfico al d\u00eda?<\/h3>\n\n\n\n<p>El consumo de un frigor\u00edfico medio de 8 kg (clase C o D) se sit\u00faa aproximadamente entre los 0,55 kWh y 0,80 kWh al d\u00eda. Este dato<strong> var\u00eda enormemente seg\u00fan las dimensiones<\/strong>, la tecnolog\u00eda (No Frost o c\u00edclico) y, sobre todo, la eficiencia energ\u00e9tica de la nevera. Por ejemplo, pasar de un modelo antiguo a uno moderno puede suponer <strong>hasta un 58% de ahorro en tu factura<\/strong>.<\/p>\n\n\n\n<h3 class=\"wp-block-heading\">\u00bfCu\u00e1nto consume un frigor\u00edfico a la hora?<\/h3>\n\n\n\n<p>Si convertimos el consumo diario, un frigor\u00edfico medio puede consumir<strong> entre 0,023 kWh y 0,033 kWh por hora<\/strong>. Es un consumo bajo, pero constante, que var\u00eda en picos <strong>seg\u00fan la frecuencia con la que se abra la puerta<\/strong> o la temperatura ambiente de la cocina, ya que el motor solo se enciende cuando necesita recuperar el fr\u00edo.&nbsp;<\/p>\n\n\n\n<h2 class=\"wp-block-heading has-text-align-center\">\u00bfQu\u00e9 deber tener en cuenta para ahorrar en el consumo del frigor\u00edfico?<\/h2>\n\n\n\n<p>Conocer el consumo es el primer paso, el segundo es controlarlo con estos sencillos <strong>h\u00e1bitos que reducen el consumo de tu nevera<\/strong>. Hay muchos <a href=\"https:\/\/www.milar.es\/blog\/consejos-para-el-cuidado-de-electrodomesticos\/\" target=\"_blank\" rel=\"noreferrer noopener\">consejos para el cuidado de electrodom\u00e9sticos<\/a> que te pueden ayudar, pero para el frigor\u00edfico estos son los que mejor funcionan:&nbsp;<\/p>\n\n\n\n<ul class=\"wp-block-list\">\n<li><strong>Evita las aperturas innecesarias:<\/strong> No dejes la puerta abierta, ya que el frigor\u00edfico tendr\u00e1 que hacer un mayor esfuerzo para recuperar el fr\u00edo.&nbsp;<\/li>\n<\/ul>\n\n\n\n<ul class=\"wp-block-list\">\n<li><strong>Temperatura correcta:<\/strong> Se recomienda mantener el frigor\u00edfico a 5 \u00b0C y el congelador a -18 \u00b0C. Cuanto m\u00e1s rebajes la temperatura, m\u00e1s subir\u00e1 tu factura.&nbsp;<\/li>\n<\/ul>\n\n\n\n<ul class=\"wp-block-list\">\n<li><strong>Cuidado con el calor:<\/strong> No introduzcas alimentos muy calientes, ya que el electrodom\u00e9stico consumir\u00e1 m\u00e1s para enfriarlos.&nbsp;<\/li>\n<\/ul>\n\n\n\n<ul class=\"wp-block-list\">\n<li><strong>Ubicaci\u00f3n estrat\u00e9gica:<\/strong> Al\u00e9jalo de hornos, cocinas y electrodom\u00e9sticos que emitan calor. Adem\u00e1s, un frigor\u00edfico necesita estar bien ventilado, as\u00ed que no lo instales pegado a la pared o en un mueble totalmente cerrado.&nbsp;<\/li>\n<\/ul>\n\n\n\n<ul class=\"wp-block-list\">\n<li><strong>Mantenimiento:<\/strong> Mant\u00e9n el frigor\u00edfico limpio y en buenas condiciones. Limpia su parte trasera como m\u00ednimo dos o tres veces al a\u00f1o para asegurar una correcta ventilaci\u00f3n del motor.&nbsp;<\/li>\n<\/ul>\n\n\n\n<h2 class=\"wp-block-heading has-text-align-center\">Frigor\u00edficos que te har\u00e1n ahorrar en el consumo<\/h2>\n\n\n\n<p>Ya sabes la importancia que tiene el consumod el frigor\u00edfico en tu hogar y los mejores trucos para ahorrar energ\u00eda con tu nevera actual, pero si lo que buscas es<strong> reducir dr\u00e1sticamente tu factura<\/strong>, la clave est\u00e1 en la tecnolog\u00eda de tu nuevo electrodom\u00e9stico. Los fabricantes no dejan de innovar y, hoy en d\u00eda, puedes encontrar <strong>modelos ultraeficientes dise\u00f1ados para consumir lo m\u00ednimo<\/strong>. \u00a1Olv\u00eddate de preocupaciones! A continuaci\u00f3n, te mostramos una selecci\u00f3n de frigor\u00edficos que puedes encontrar en Milar que <strong>te har\u00e1n ahorrar <\/strong>en el consumo gracias a su motor Inverter, su alta eficiencia energ\u00e9tica y sus sistemas de conservaci\u00f3n inteligentes.&nbsp;<\/p>\n\n\n\n<h3 class=\"wp-block-heading\">Frigor\u00edfico Hisense RB440N4ACA<\/h3>\n\n\n\n<p>Este frigor\u00edfico combi de <a href=\"https:\/\/www.milar.es\/hisense.html\" target=\"_blank\" rel=\"noreferrer noopener\">Hisense<\/a> combina <strong>espacio, eficiencia y comodidad <\/strong>en un dise\u00f1o elegante de acero inoxidable. Con 238 litros en el frigor\u00edfico y 98 litros en el congelador, ofrece capacidad suficiente para todo tipo de familias. Su motor Inverter y tecnolog\u00eda No Frost mantienen los alimentos frescos y reducen el mantenimiento, mientras que la funci\u00f3n de congelaci\u00f3n r\u00e1pida y el modo vacaciones ayudan a <strong>optimizar el consumo<\/strong>. Silencioso y f\u00e1cil de usar gracias a su<strong> pantalla y botellero<\/strong>, este modelo es pr\u00e1ctico para el d\u00eda a d\u00eda y se va a adaptar perfectamente a tu cocina.&nbsp;<\/p>\n\n\n<div class=\"carrusel\"><ul class=\"recomendacion\"><li class=\"producto\"><div class=\"wrapProducto\"><a class=\"imagen\" href=\"https:\/\/www.milar.es\/frigorifico-hisense-rb440n4aca.html\"><img decoding=\"async\" src=\"https:\/\/www.milar.es\/estaticos\/extras\/fotos\/productos\/00\/00\/25\/87\/22\/RB440N4ACA-1-web.jpg\"><\/a><h3><a href=\"https:\/\/www.milar.es\/frigorifico-hisense-rb440n4aca.html\">Frigor\u00edfico combi Hisense RB440N4ACA<\/a><\/h3><div class=\"bloquePrecio\"><div class=\"precioProducto\">807.00 EUR<\/div><\/div><\/div><\/li><\/ul><\/div>\n\n\n\n<h3 class=\"wp-block-heading\">Frigor\u00edfico Haier HDPW5620ANPD<\/h3>\n\n\n\n<p>Este modelo de <a href=\"https:\/\/www.milar.es\/haier.html\" target=\"_blank\" rel=\"noreferrer noopener\">Haier\u202f<\/a>te ofrece una combinaci\u00f3n ideal de <strong>amplitud, tecnolog\u00eda y estilo<\/strong>. Con una capacidad de 289\u202fL en el frigor\u00edfico y 120\u202fL en el congelador, ofrece espacio de sobra para toda la familia, con compartimentos inteligentes como MyZone y Humidity Control que <strong>conservan mejor los alimentos<\/strong>. Tambi\u00e9n cuenta con la tecnolog\u00eda No Frost y un motor Inverter que aseguran <strong>frescura y eficiencia energ\u00e9tica<\/strong> (clase A). Adem\u00e1s, su pantalla en puerta, iluminaci\u00f3n LED y bajo nivel de ruido lo convierten en un frigor\u00edfico muy pr\u00e1ctico y moderno.<\/p>\n\n\n<div class=\"carrusel\"><ul class=\"recomendacion\"><li class=\"producto\"><div class=\"wrapProducto\"><a class=\"imagen\" href=\"https:\/\/www.milar.es\/frigorifico-haier-hdpw5620anpd.html\"><img decoding=\"async\" src=\"https:\/\/www.milar.es\/estaticos\/extras\/fotos\/productos\/00\/00\/25\/41\/07\/hdpw5620anpd-1 web.jpg\"><\/a><h3><a href=\"https:\/\/www.milar.es\/frigorifico-haier-hdpw5620anpd.html\">Frigor\u00edfico combi Haier HDPW5620ANPD<\/a><\/h3><div class=\"bloquePrecio\"><div class=\"precioProducto\">898.00 EUR<\/div><\/div><\/div><\/li><\/ul><\/div>\n\n\n\n<h3 class=\"wp-block-heading\">Frigor\u00edfico Samsung RB38C607AS9\/EF<\/h3>\n\n\n\n<p>El frigor\u00edfico <strong>combi <\/strong><a href=\"https:\/\/www.milar.es\/samsung.html\" target=\"_blank\" rel=\"noreferrer noopener\"><strong>Samsung\u202f<\/strong><\/a><strong>RB38C607AS9\/EF<\/strong> es una opci\u00f3n muy acertada si buscas espacio, eficiencia y comodidad. Su capacidad (273\u202fL en el frigor\u00edfico y 114\u202fL en el congelador) lo hace ideal para familias, mientras que el <strong>motor\u202f Digital\u202fInverter <\/strong>y la <strong>clase\u202fA permiten ahorrar energ\u00eda<\/strong>&nbsp; (el consumo anual es de solo 108\u202fkWh). La tecnolog\u00eda\u202f No\u202fFrost evita la formaci\u00f3n de hielo y facilita el mantenimienton, y tambi\u00e9n cuenta con Wi\u2011Fi, pantalla, iluminaci\u00f3n\u202fLED y puertas reversibles para<strong> adaptarse a tu cocina a la perfecci\u00f3n<\/strong>. \u00a1Y con solo 35\u202fdB de ruido!<\/p>\n\n\n<div class=\"carrusel\"><ul class=\"recomendacion\"><li class=\"producto\"><div class=\"wrapProducto\"><a class=\"imagen\" href=\"https:\/\/www.milar.es\/frigorifico-samsung-rb38c607as9-ef.html\"><img decoding=\"async\" src=\"https:\/\/www.milar.es\/estaticos\/extras\/fotos\/productos\/00\/00\/25\/16\/46\/rb38c607as9-ef-1-web.jpg\"><\/a><h3><a href=\"https:\/\/www.milar.es\/frigorifico-samsung-rb38c607as9-ef.html\">Frigor\u00edfico combi Samsung RB38C607AS9\/EF<\/a><\/h3><div class=\"bloquePrecio\"><div class=\"precioProducto\">1425.00 EUR<\/div><\/div><\/div><\/li><\/ul><\/div>\n\n\n\n<p>Como hemos visto, el frigor\u00edfico es un electrodom\u00e9stico esencial que consume de forma constante, pero con una buena elecci\u00f3n (los <a href=\"https:\/\/www.milar.es\/blog\/frigorificos-de-colores-llega-la-gama-variostyle-de-bosch-para-alegrar-tu-cocina\/\" target=\"_blank\" rel=\"noreferrer noopener\">frigor\u00edficos de colores<\/a> siempre son una elecci\u00f3n estilosa) y unos h\u00e1bitos sencillos, puedes <strong>controlar su impacto en tu factura.<\/strong> Recuerda fijarte siempre en la etiqueta energ\u00e9tica y apostar por modelos con tecnolog\u00eda Inverter que garantizan la m\u00e1xima eficiencia.\u00a0\u00a0<\/p>\n\n\n\n<p>No esperes m\u00e1s para optimizar tu hogar: \u00a1visita nuestra web o tu <a href=\"https:\/\/www.milar.es\/tiendas\/\" target=\"_blank\" rel=\"noreferrer noopener\">tienda Milar<\/a> m\u00e1s cercana y explora otros productos como los <a href=\"https:\/\/www.milar.es\/blog\/nuevos-congeladores\/\" target=\"_blank\" rel=\"noreferrer noopener\">congeladores nuevos<\/a>. Adem\u00e1s, si adem\u00e1s de ahorrar empiezas a apostar por una vida sostenible, seguro que te interesa nuestro art\u00edculo sobre la <a href=\"https:\/\/www.milar.es\/blog\/movilidad-sostenible-que-es-y-que-opciones-de-transporte-tienes\/\">movilidad sostenible<\/a>. Y ahora&#8230; \u00a1En Milar te est\u00e1 esperando el frigor\u00edfico que mejor se adapta a tus necesidades y a tu bolsillo!<\/p>\n","protected":false},"excerpt":{"rendered":"El frigor\u00edfico es uno de los electrodom\u00e9sticos que debe estar en funcionamiento las 24 horas del d\u00eda, todos los d\u00edas del a\u00f1o. Por lo tanto, a la hora de la compra hay que tener muy en cuenta el consumo que puede suponer tener un frigor\u00edfico con ciertas caracter\u00edsticas. De hecho,&#8230; <a class=\"view-article\" href=\"https:\/\/www.milar.es\/blog\/cuanto-consume-un-frigorifico\/\">Ver art\u00edculo<\/a>","protected":false},"author":1,"featured_media":15098,"comment_status":"closed","ping_status":"closed","sticky":false,"template":"","format":"standard","meta":{"footnotes":""},"categories":[20,2,13],"tags":[],"class_list":["post-362","post","type-post","status-publish","format-standard","has-post-thumbnail","hentry","category-cocina","category-electrodomesticos","category-frigorificos"],"yoast_head":"<!-- This site is optimized with the Yoast SEO plugin v27.5 - https:\/\/yoast.com\/product\/yoast-seo-wordpress\/ -->\n<title>\u00bfCu\u00e1nto consume un frigorifico de media en una vivienda?<\/title>\n<meta name=\"description\" content=\"El frigor\u00edfico, el electrodom\u00e9stico que m\u00e1s horas tenemos conectado, pero, \u00bfcu\u00e1nto consume un frigor\u00edfico? \u00a1En Milar te lo contamos!\" \/>\n<meta name=\"robots\" content=\"index, follow, max-snippet:-1, max-image-preview:large, max-video-preview:-1\" \/>\n<link rel=\"canonical\" href=\"https:\/\/www.milar.es\/blog\/cuanto-consume-un-frigorifico\/\" \/>\n<meta property=\"og:locale\" content=\"es_ES\" \/>\n<meta property=\"og:type\" content=\"article\" \/>\n<meta property=\"og:title\" content=\"\u00bfCu\u00e1nto consume un frigorifico de media en una vivienda?\" \/>\n<meta property=\"og:description\" content=\"El frigor\u00edfico, el electrodom\u00e9stico que m\u00e1s horas tenemos conectado, pero, \u00bfcu\u00e1nto consume un frigor\u00edfico? \u00a1En Milar te lo contamos!\" \/>\n<meta property=\"og:url\" content=\"https:\/\/www.milar.es\/blog\/cuanto-consume-un-frigorifico\/\" \/>\n<meta property=\"og:site_name\" content=\"Milar Tendencias de electrodom\u00e9sticos\" \/>\n<meta property=\"article:published_time\" content=\"2025-11-13T08:11:58+00:00\" \/>\n<meta property=\"article:modified_time\" content=\"2025-11-28T07:32:41+00:00\" \/>\n<meta property=\"og:image\" content=\"https:\/\/www.milar.es\/blog\/wp-content\/uploads\/2025\/11\/nino-de-tiro-medio-en-busca-de-comida-1.jpg\" \/>\n\t<meta property=\"og:image:width\" content=\"1200\" \/>\n\t<meta property=\"og:image:height\" content=\"834\" \/>\n\t<meta property=\"og:image:type\" content=\"image\/jpeg\" \/>\n<meta name=\"author\" content=\"Milar\" \/>\n<meta name=\"twitter:card\" content=\"summary_large_image\" \/>\n<meta name=\"twitter:label1\" content=\"Escrito por\" \/>\n\t<meta name=\"twitter:data1\" content=\"Milar\" \/>\n\t<meta name=\"twitter:label2\" content=\"Tiempo de lectura\" \/>\n\t<meta name=\"twitter:data2\" content=\"6 minutos\" \/>\n<script type=\"application\/ld+json\" class=\"yoast-schema-graph\">{\"@context\":\"https:\\\/\\\/schema.org\",\"@graph\":[{\"@type\":\"Article\",\"@id\":\"https:\\\/\\\/www.milar.es\\\/blog\\\/cuanto-consume-un-frigorifico\\\/#article\",\"isPartOf\":{\"@id\":\"https:\\\/\\\/www.milar.es\\\/blog\\\/cuanto-consume-un-frigorifico\\\/\"},\"author\":{\"name\":\"Milar\",\"@id\":\"https:\\\/\\\/www.milar.es\\\/blog\\\/#\\\/schema\\\/person\\\/a63c4965e2d32a22be88aabb90c4f11f\"},\"headline\":\"\u00bfCu\u00e1nto consume un frigor\u00edfico? Averigua c\u00f3mo saberlo\",\"datePublished\":\"2025-11-13T08:11:58+00:00\",\"dateModified\":\"2025-11-28T07:32:41+00:00\",\"mainEntityOfPage\":{\"@id\":\"https:\\\/\\\/www.milar.es\\\/blog\\\/cuanto-consume-un-frigorifico\\\/\"},\"wordCount\":1389,\"image\":{\"@id\":\"https:\\\/\\\/www.milar.es\\\/blog\\\/cuanto-consume-un-frigorifico\\\/#primaryimage\"},\"thumbnailUrl\":\"https:\\\/\\\/www.milar.es\\\/blog\\\/wp-content\\\/uploads\\\/2025\\\/11\\\/nino-de-tiro-medio-en-busca-de-comida-1.jpg\",\"articleSection\":[\"Cocina\",\"Electrodom\u00e9sticos\",\"Frigor\u00edficos\"],\"inLanguage\":\"es\"},{\"@type\":\"WebPage\",\"@id\":\"https:\\\/\\\/www.milar.es\\\/blog\\\/cuanto-consume-un-frigorifico\\\/\",\"url\":\"https:\\\/\\\/www.milar.es\\\/blog\\\/cuanto-consume-un-frigorifico\\\/\",\"name\":\"\u00bfCu\u00e1nto consume un frigorifico de media en una vivienda?\",\"isPartOf\":{\"@id\":\"https:\\\/\\\/www.milar.es\\\/blog\\\/#website\"},\"primaryImageOfPage\":{\"@id\":\"https:\\\/\\\/www.milar.es\\\/blog\\\/cuanto-consume-un-frigorifico\\\/#primaryimage\"},\"image\":{\"@id\":\"https:\\\/\\\/www.milar.es\\\/blog\\\/cuanto-consume-un-frigorifico\\\/#primaryimage\"},\"thumbnailUrl\":\"https:\\\/\\\/www.milar.es\\\/blog\\\/wp-content\\\/uploads\\\/2025\\\/11\\\/nino-de-tiro-medio-en-busca-de-comida-1.jpg\",\"datePublished\":\"2025-11-13T08:11:58+00:00\",\"dateModified\":\"2025-11-28T07:32:41+00:00\",\"author\":{\"@id\":\"https:\\\/\\\/www.milar.es\\\/blog\\\/#\\\/schema\\\/person\\\/a63c4965e2d32a22be88aabb90c4f11f\"},\"description\":\"El frigor\u00edfico, el electrodom\u00e9stico que m\u00e1s horas tenemos conectado, pero, \u00bfcu\u00e1nto consume un frigor\u00edfico? \u00a1En Milar te lo contamos!\",\"breadcrumb\":{\"@id\":\"https:\\\/\\\/www.milar.es\\\/blog\\\/cuanto-consume-un-frigorifico\\\/#breadcrumb\"},\"inLanguage\":\"es\",\"potentialAction\":[{\"@type\":\"ReadAction\",\"target\":[\"https:\\\/\\\/www.milar.es\\\/blog\\\/cuanto-consume-un-frigorifico\\\/\"]}]},{\"@type\":\"ImageObject\",\"inLanguage\":\"es\",\"@id\":\"https:\\\/\\\/www.milar.es\\\/blog\\\/cuanto-consume-un-frigorifico\\\/#primaryimage\",\"url\":\"https:\\\/\\\/www.milar.es\\\/blog\\\/wp-content\\\/uploads\\\/2025\\\/11\\\/nino-de-tiro-medio-en-busca-de-comida-1.jpg\",\"contentUrl\":\"https:\\\/\\\/www.milar.es\\\/blog\\\/wp-content\\\/uploads\\\/2025\\\/11\\\/nino-de-tiro-medio-en-busca-de-comida-1.jpg\",\"width\":1200,\"height\":834,\"caption\":\"ni\u00f1o mirando frigor\u00edfico abierto\"},{\"@type\":\"BreadcrumbList\",\"@id\":\"https:\\\/\\\/www.milar.es\\\/blog\\\/cuanto-consume-un-frigorifico\\\/#breadcrumb\",\"itemListElement\":[{\"@type\":\"ListItem\",\"position\":1,\"name\":\"Home\",\"item\":\"https:\\\/\\\/www.milar.es\\\/blog\\\/\"},{\"@type\":\"ListItem\",\"position\":2,\"name\":\"\u00bfCu\u00e1nto consume un frigor\u00edfico? Averigua c\u00f3mo saberlo\"}]},{\"@type\":\"WebSite\",\"@id\":\"https:\\\/\\\/www.milar.es\\\/blog\\\/#website\",\"url\":\"https:\\\/\\\/www.milar.es\\\/blog\\\/\",\"name\":\"Milar Tendencias de electrodom\u00e9sticos\",\"description\":\"\",\"potentialAction\":[{\"@type\":\"SearchAction\",\"target\":{\"@type\":\"EntryPoint\",\"urlTemplate\":\"https:\\\/\\\/www.milar.es\\\/blog\\\/?s={search_term_string}\"},\"query-input\":{\"@type\":\"PropertyValueSpecification\",\"valueRequired\":true,\"valueName\":\"search_term_string\"}}],\"inLanguage\":\"es\"},{\"@type\":\"Person\",\"@id\":\"https:\\\/\\\/www.milar.es\\\/blog\\\/#\\\/schema\\\/person\\\/a63c4965e2d32a22be88aabb90c4f11f\",\"name\":\"Milar\",\"image\":{\"@type\":\"ImageObject\",\"inLanguage\":\"es\",\"@id\":\"https:\\\/\\\/secure.gravatar.com\\\/avatar\\\/1ff5211459d04644acdbe2d949c2a8626dc0f1e355d4830331235d147f36505a?s=96&d=mm&r=g\",\"url\":\"https:\\\/\\\/secure.gravatar.com\\\/avatar\\\/1ff5211459d04644acdbe2d949c2a8626dc0f1e355d4830331235d147f36505a?s=96&d=mm&r=g\",\"contentUrl\":\"https:\\\/\\\/secure.gravatar.com\\\/avatar\\\/1ff5211459d04644acdbe2d949c2a8626dc0f1e355d4830331235d147f36505a?s=96&d=mm&r=g\",\"caption\":\"Milar\"}}]}<\/script>\n<!-- \/ Yoast SEO plugin. -->","yoast_head_json":{"title":"\u00bfCu\u00e1nto consume un frigorifico de media en una vivienda?","description":"El frigor\u00edfico, el electrodom\u00e9stico que m\u00e1s horas tenemos conectado, pero, \u00bfcu\u00e1nto consume un frigor\u00edfico? \u00a1En Milar te lo contamos!","robots":{"index":"index","follow":"follow","max-snippet":"max-snippet:-1","max-image-preview":"max-image-preview:large","max-video-preview":"max-video-preview:-1"},"canonical":"https:\/\/www.milar.es\/blog\/cuanto-consume-un-frigorifico\/","og_locale":"es_ES","og_type":"article","og_title":"\u00bfCu\u00e1nto consume un frigorifico de media en una vivienda?","og_description":"El frigor\u00edfico, el electrodom\u00e9stico que m\u00e1s horas tenemos conectado, pero, \u00bfcu\u00e1nto consume un frigor\u00edfico? \u00a1En Milar te lo contamos!","og_url":"https:\/\/www.milar.es\/blog\/cuanto-consume-un-frigorifico\/","og_site_name":"Milar Tendencias de electrodom\u00e9sticos","article_published_time":"2025-11-13T08:11:58+00:00","article_modified_time":"2025-11-28T07:32:41+00:00","og_image":[{"width":1200,"height":834,"url":"https:\/\/www.milar.es\/blog\/wp-content\/uploads\/2025\/11\/nino-de-tiro-medio-en-busca-de-comida-1.jpg","type":"image\/jpeg"}],"author":"Milar","twitter_card":"summary_large_image","twitter_misc":{"Escrito por":"Milar","Tiempo de lectura":"6 minutos"},"schema":{"@context":"https:\/\/schema.org","@graph":[{"@type":"Article","@id":"https:\/\/www.milar.es\/blog\/cuanto-consume-un-frigorifico\/#article","isPartOf":{"@id":"https:\/\/www.milar.es\/blog\/cuanto-consume-un-frigorifico\/"},"author":{"name":"Milar","@id":"https:\/\/www.milar.es\/blog\/#\/schema\/person\/a63c4965e2d32a22be88aabb90c4f11f"},"headline":"\u00bfCu\u00e1nto consume un frigor\u00edfico? Averigua c\u00f3mo saberlo","datePublished":"2025-11-13T08:11:58+00:00","dateModified":"2025-11-28T07:32:41+00:00","mainEntityOfPage":{"@id":"https:\/\/www.milar.es\/blog\/cuanto-consume-un-frigorifico\/"},"wordCount":1389,"image":{"@id":"https:\/\/www.milar.es\/blog\/cuanto-consume-un-frigorifico\/#primaryimage"},"thumbnailUrl":"https:\/\/www.milar.es\/blog\/wp-content\/uploads\/2025\/11\/nino-de-tiro-medio-en-busca-de-comida-1.jpg","articleSection":["Cocina","Electrodom\u00e9sticos","Frigor\u00edficos"],"inLanguage":"es"},{"@type":"WebPage","@id":"https:\/\/www.milar.es\/blog\/cuanto-consume-un-frigorifico\/","url":"https:\/\/www.milar.es\/blog\/cuanto-consume-un-frigorifico\/","name":"\u00bfCu\u00e1nto consume un frigorifico de media en una vivienda?","isPartOf":{"@id":"https:\/\/www.milar.es\/blog\/#website"},"primaryImageOfPage":{"@id":"https:\/\/www.milar.es\/blog\/cuanto-consume-un-frigorifico\/#primaryimage"},"image":{"@id":"https:\/\/www.milar.es\/blog\/cuanto-consume-un-frigorifico\/#primaryimage"},"thumbnailUrl":"https:\/\/www.milar.es\/blog\/wp-content\/uploads\/2025\/11\/nino-de-tiro-medio-en-busca-de-comida-1.jpg","datePublished":"2025-11-13T08:11:58+00:00","dateModified":"2025-11-28T07:32:41+00:00","author":{"@id":"https:\/\/www.milar.es\/blog\/#\/schema\/person\/a63c4965e2d32a22be88aabb90c4f11f"},"description":"El frigor\u00edfico, el electrodom\u00e9stico que m\u00e1s horas tenemos conectado, pero, \u00bfcu\u00e1nto consume un frigor\u00edfico? \u00a1En Milar te lo contamos!","breadcrumb":{"@id":"https:\/\/www.milar.es\/blog\/cuanto-consume-un-frigorifico\/#breadcrumb"},"inLanguage":"es","potentialAction":[{"@type":"ReadAction","target":["https:\/\/www.milar.es\/blog\/cuanto-consume-un-frigorifico\/"]}]},{"@type":"ImageObject","inLanguage":"es","@id":"https:\/\/www.milar.es\/blog\/cuanto-consume-un-frigorifico\/#primaryimage","url":"https:\/\/www.milar.es\/blog\/wp-content\/uploads\/2025\/11\/nino-de-tiro-medio-en-busca-de-comida-1.jpg","contentUrl":"https:\/\/www.milar.es\/blog\/wp-content\/uploads\/2025\/11\/nino-de-tiro-medio-en-busca-de-comida-1.jpg","width":1200,"height":834,"caption":"ni\u00f1o mirando frigor\u00edfico abierto"},{"@type":"BreadcrumbList","@id":"https:\/\/www.milar.es\/blog\/cuanto-consume-un-frigorifico\/#breadcrumb","itemListElement":[{"@type":"ListItem","position":1,"name":"Home","item":"https:\/\/www.milar.es\/blog\/"},{"@type":"ListItem","position":2,"name":"\u00bfCu\u00e1nto consume un frigor\u00edfico? Averigua c\u00f3mo saberlo"}]},{"@type":"WebSite","@id":"https:\/\/www.milar.es\/blog\/#website","url":"https:\/\/www.milar.es\/blog\/","name":"Milar Tendencias de electrodom\u00e9sticos","description":"","potentialAction":[{"@type":"SearchAction","target":{"@type":"EntryPoint","urlTemplate":"https:\/\/www.milar.es\/blog\/?s={search_term_string}"},"query-input":{"@type":"PropertyValueSpecification","valueRequired":true,"valueName":"search_term_string"}}],"inLanguage":"es"},{"@type":"Person","@id":"https:\/\/www.milar.es\/blog\/#\/schema\/person\/a63c4965e2d32a22be88aabb90c4f11f","name":"Milar","image":{"@type":"ImageObject","inLanguage":"es","@id":"https:\/\/secure.gravatar.com\/avatar\/1ff5211459d04644acdbe2d949c2a8626dc0f1e355d4830331235d147f36505a?s=96&d=mm&r=g","url":"https:\/\/secure.gravatar.com\/avatar\/1ff5211459d04644acdbe2d949c2a8626dc0f1e355d4830331235d147f36505a?s=96&d=mm&r=g","contentUrl":"https:\/\/secure.gravatar.com\/avatar\/1ff5211459d04644acdbe2d949c2a8626dc0f1e355d4830331235d147f36505a?s=96&d=mm&r=g","caption":"Milar"}}]}},"_links":{"self":[{"href":"https:\/\/www.milar.es\/blog\/wp-json\/wp\/v2\/posts\/362","targetHints":{"allow":["GET"]}}],"collection":[{"href":"https:\/\/www.milar.es\/blog\/wp-json\/wp\/v2\/posts"}],"about":[{"href":"https:\/\/www.milar.es\/blog\/wp-json\/wp\/v2\/types\/post"}],"author":[{"embeddable":true,"href":"https:\/\/www.milar.es\/blog\/wp-json\/wp\/v2\/users\/1"}],"replies":[{"embeddable":true,"href":"https:\/\/www.milar.es\/blog\/wp-json\/wp\/v2\/comments?post=362"}],"version-history":[{"count":29,"href":"https:\/\/www.milar.es\/blog\/wp-json\/wp\/v2\/posts\/362\/revisions"}],"predecessor-version":[{"id":15123,"href":"https:\/\/www.milar.es\/blog\/wp-json\/wp\/v2\/posts\/362\/revisions\/15123"}],"wp:featuredmedia":[{"embeddable":true,"href":"https:\/\/www.milar.es\/blog\/wp-json\/wp\/v2\/media\/15098"}],"wp:attachment":[{"href":"https:\/\/www.milar.es\/blog\/wp-json\/wp\/v2\/media?parent=362"}],"wp:term":[{"taxonomy":"category","embeddable":true,"href":"https:\/\/www.milar.es\/blog\/wp-json\/wp\/v2\/categories?post=362"},{"taxonomy":"post_tag","embeddable":true,"href":"https:\/\/www.milar.es\/blog\/wp-json\/wp\/v2\/tags?post=362"}],"curies":[{"name":"wp","href":"https:\/\/api.w.org\/{rel}","templated":true}]}}