{"id":3168,"date":"2019-09-25T08:41:27","date_gmt":"2019-09-25T08:41:27","guid":{"rendered":"https:\/\/www.milar.es\/blog\/?p=3168"},"modified":"2025-10-27T11:45:02","modified_gmt":"2025-10-27T11:45:02","slug":"vitroceramicas-con-mandos-centrales-comparacion-entre-las-mejores","status":"publish","type":"post","link":"https:\/\/www.milar.es\/blog\/vitroceramicas-con-mandos-centrales-comparacion-entre-las-mejores\/","title":{"rendered":"Vitrocer\u00e1micas con mandos centrales, comparaci\u00f3n entre las mejores"},"content":{"rendered":"\n<p>Aunque las<a href=\"https:\/\/www.milar.es\/placas-induccion-cocina.html\"> <strong>placas de inducci\u00f3n<\/strong><\/a> les han ido ganando terreno poco a poco, las cl\u00e1sicas <a href=\"https:\/\/www.milar.es\/placas-vitroceramica-cocina.html\"><strong>placas de vitrocer\u00e1mica<\/strong> <\/a>siguen ocupando muchas cocinas por su precio ligeramente inferior y porque, a diferencia de las primeras, admiten el cocinado con utensilios de materiales diversos (cer\u00e1mica, hierro, cobre&#8230;). Hoy en <strong><a href=\"https:\/\/www.milar.es\/\">Milar<\/a><\/strong> te lo contamos todo sobre las<strong> vitrocer\u00e1micas con mandos centrales<\/strong>, la opci\u00f3n ideal para controlar tu cocinado de manera sencilla e intuitiva.<\/p>\n\n\n<div class=\"wp-block-image\">\n<figure class=\"aligncenter size-large\"><img loading=\"lazy\" decoding=\"async\" width=\"700\" height=\"467\" src=\"https:\/\/www.milar.es\/blog\/wp-content\/uploads\/2022\/04\/vitroceramicas-con-mandos-frontales-700x467.jpg\" alt=\"vitroceramicas con mandos frontales\" class=\"wp-image-11803\" srcset=\"https:\/\/www.milar.es\/blog\/wp-content\/uploads\/2022\/04\/vitroceramicas-con-mandos-frontales-700x467.jpg 700w, https:\/\/www.milar.es\/blog\/wp-content\/uploads\/2022\/04\/vitroceramicas-con-mandos-frontales-250x167.jpg 250w, https:\/\/www.milar.es\/blog\/wp-content\/uploads\/2022\/04\/vitroceramicas-con-mandos-frontales-768x512.jpg 768w, https:\/\/www.milar.es\/blog\/wp-content\/uploads\/2022\/04\/vitroceramicas-con-mandos-frontales-120x80.jpg 120w, https:\/\/www.milar.es\/blog\/wp-content\/uploads\/2022\/04\/vitroceramicas-con-mandos-frontales.jpg 1200w\" sizes=\"auto, (max-width: 700px) 100vw, 700px\" \/><\/figure>\n<\/div>\n\n\n<h2 class=\"wp-block-heading has-text-align-center\">Modelos de vitrocer\u00e1micas con mandos centrales<\/h2>\n\n\n\n<p>Como sabemos que para gustos los colores, vamos a contarte un poco sobre los diferentes tipos que existen en el mercado para que as\u00ed puedas elegir conforme a tus necesidades. Empezaremos por las m\u00e1s <em>vintage<\/em>, es decir, aquellas vitrocer\u00e1micas que cuentan con mandos frontales giratorios. <\/p>\n\n\n\n<p class=\"has-text-align-center\"><strong><strong><a href=\"https:\/\/www.milar.es\/placa-vitroceramica-balay-3eb730lq-2.html\">Placa vitrocer\u00e1mica Balay 3EB730LQ 2<\/a><\/strong><\/strong><\/p>\n\n\n\n<p>Desde <strong>Milar<\/strong> te recomendamos la <strong>placa vitrocer\u00e1mica <a href=\"https:\/\/www.milar.es\/balay.html\">Balay<\/a> 3EB730LQ 2<\/strong> que con una potencia de <strong>3500W y dos zonas de cocci\u00f3n<\/strong> diferentes. Esta placa <strong><a href=\"https:\/\/www.milar.es\/blog\/vitroceramica-dos-fuegos-comparativa-de-los-nuevos-modelos\/\">vitrocer\u00e1mica dos fuegos<\/a><\/strong> es ideal si vives solo o en pareja. Adem\u00e1s, <a href=\"https:\/\/www.milar.es\/blog\/como-limpiar-la-vitroceramica\/\">limpiar la vitrocer\u00e1mica <\/a>es muy sencillo y <strong>su anchura de tan solo 300 mm<\/strong> que te permitir\u00e1 colocarla en cualquier rinc\u00f3n de tu cocina. Cabe destacar que el sensor t\u00e1ctil es muy sensible y, por ejemplo, si tenemos la mano mojada es probable que no nos obedezca.<\/p>\n\n\n<div class=\"wp-block-image\">\n<figure class=\"aligncenter size-large\"><a href=\"https:\/\/www.milar.es\/placa-vitroceramica-balay-3eb730lq-2.html\"><img loading=\"lazy\" decoding=\"async\" width=\"700\" height=\"256\" src=\"https:\/\/www.milar.es\/blog\/wp-content\/uploads\/2022\/04\/placa-vitroceramica-balay-3eb730lq-2-700x256.jpg\" alt=\"Placa vitrocer\u00e1mica Balay 3EB730LQ 2\" class=\"wp-image-11804\" srcset=\"https:\/\/www.milar.es\/blog\/wp-content\/uploads\/2022\/04\/placa-vitroceramica-balay-3eb730lq-2-700x256.jpg 700w, https:\/\/www.milar.es\/blog\/wp-content\/uploads\/2022\/04\/placa-vitroceramica-balay-3eb730lq-2-250x91.jpg 250w, https:\/\/www.milar.es\/blog\/wp-content\/uploads\/2022\/04\/placa-vitroceramica-balay-3eb730lq-2-768x281.jpg 768w, https:\/\/www.milar.es\/blog\/wp-content\/uploads\/2022\/04\/placa-vitroceramica-balay-3eb730lq-2-120x44.jpg 120w, https:\/\/www.milar.es\/blog\/wp-content\/uploads\/2022\/04\/placa-vitroceramica-balay-3eb730lq-2.jpg 1200w\" sizes=\"auto, (max-width: 700px) 100vw, 700px\" \/><\/a><\/figure>\n<\/div>\n\n\n<p class=\"has-text-align-center\"><strong><a href=\"https:\/\/www.milar.es\/placa-vitroceramica-bosch-pkk631b18e-3.html\">Placa vitrocer\u00e1mica Bosch PKK631B18E 3<\/a><\/strong><\/p>\n\n\n\n<p>La <strong><strong>placa vitrocer\u00e1mica <a href=\"https:\/\/www.milar.es\/bosch.html\">Bosch<\/a> PKK631B18E 3<\/strong><\/strong> utiliza esta<strong> tecnolog\u00eda t\u00e1ctil f\u00e1cil e intuitiva<\/strong> con la que podr\u00e1s elegir en cu\u00e1l de las tres zonas quieres cocinar (puedes escogerlas todas) y con qu\u00e9 potencia. Adem\u00e1s, podr\u00e1s <strong>programar el tiempo de cocci\u00f3n <\/strong>y activar la funci\u00f3n de seguridad para ni\u00f1os para que tus hijos no corran peligros innecesarios. <\/p>\n\n\n<div class=\"wp-block-image\">\n<figure class=\"aligncenter size-large\"><a href=\"https:\/\/www.milar.es\/placa-vitroceramica-bosch-pkk631b18e-3.html\"><img loading=\"lazy\" decoding=\"async\" width=\"700\" height=\"256\" src=\"https:\/\/www.milar.es\/blog\/wp-content\/uploads\/2022\/04\/placa-vitroceramica-bosch-pkk631b18e-3-700x256.jpg\" alt=\"Placa vitrocer\u00e1mica Bosch PKK631B18E 3\" class=\"wp-image-11805\" srcset=\"https:\/\/www.milar.es\/blog\/wp-content\/uploads\/2022\/04\/placa-vitroceramica-bosch-pkk631b18e-3-700x256.jpg 700w, https:\/\/www.milar.es\/blog\/wp-content\/uploads\/2022\/04\/placa-vitroceramica-bosch-pkk631b18e-3-250x91.jpg 250w, https:\/\/www.milar.es\/blog\/wp-content\/uploads\/2022\/04\/placa-vitroceramica-bosch-pkk631b18e-3-768x281.jpg 768w, https:\/\/www.milar.es\/blog\/wp-content\/uploads\/2022\/04\/placa-vitroceramica-bosch-pkk631b18e-3-120x44.jpg 120w, https:\/\/www.milar.es\/blog\/wp-content\/uploads\/2022\/04\/placa-vitroceramica-bosch-pkk631b18e-3.jpg 1200w\" sizes=\"auto, (max-width: 700px) 100vw, 700px\" \/><\/a><\/figure>\n<\/div>\n\n\n<p class=\"has-text-align-center\"><strong><a href=\"https:\/\/www.milar.es\/placa-vitroceramica-balay-3eb765lq-3.html\">Placa Vitrocer\u00e1mica Balay 3EB765LQ 3<\/a><\/strong><\/p>\n\n\n\n<p>Si te interesa este dise\u00f1o, te recomendamos la <strong>placa vitrocer\u00e1mica Balay 3EB765LQ 3<\/strong>. Con su control t\u00e1ctil podr\u00e1s programar el tiempo de cocci\u00f3n y activar el modo limpieza, es decir, el bloqueo de los fuegos durante unos segundos si has tenido alg\u00fan percance. Este modelo cuenta con <strong>17 niveles de potencia de cocci\u00f3n y tres fuegos<\/strong> (uno de tama\u00f1o extra grande) para que puedas demostrar tus habilidades en la cocina.<\/p>\n\n\n<div class=\"wp-block-image\">\n<figure class=\"aligncenter size-large\"><a href=\"https:\/\/www.milar.es\/placa-vitroceramica-balay-3eb765lq-3.html\"><img loading=\"lazy\" decoding=\"async\" width=\"700\" height=\"256\" src=\"https:\/\/www.milar.es\/blog\/wp-content\/uploads\/2022\/04\/placa-vitroceramica-balay-3eb765lq3-700x256.jpg\" alt=\"Placa Vitrocer\u00e1mica Balay 3EB765LQ 3\" class=\"wp-image-11808\" srcset=\"https:\/\/www.milar.es\/blog\/wp-content\/uploads\/2022\/04\/placa-vitroceramica-balay-3eb765lq3-700x256.jpg 700w, https:\/\/www.milar.es\/blog\/wp-content\/uploads\/2022\/04\/placa-vitroceramica-balay-3eb765lq3-250x91.jpg 250w, https:\/\/www.milar.es\/blog\/wp-content\/uploads\/2022\/04\/placa-vitroceramica-balay-3eb765lq3-768x281.jpg 768w, https:\/\/www.milar.es\/blog\/wp-content\/uploads\/2022\/04\/placa-vitroceramica-balay-3eb765lq3-120x44.jpg 120w, https:\/\/www.milar.es\/blog\/wp-content\/uploads\/2022\/04\/placa-vitroceramica-balay-3eb765lq3.jpg 1200w\" sizes=\"auto, (max-width: 700px) 100vw, 700px\" \/><\/a><\/figure>\n<\/div>\n\n\n<p>Con estos consejos ya puedes ir corriendo a hacerte con una <strong>vitrocer\u00e1mica con mandos frontales<\/strong> en nuestras tiendas <strong>Milar<\/strong>. Consulta nuestro amplio cat\u00e1logo y conoce todo sobre las <strong><a href=\"https:\/\/www.milar.es\/blog\/placa-mixta-para-cocinar-como-mas-te-apetezca\/\">placas mixtas inducci\u00f3n y gas <\/a><\/strong>, las <strong><a href=\"https:\/\/www.milar.es\/blog\/placa-induccion-total-mayor-espacio-mayor-comodidad\/\">placas de inducci\u00f3n total<\/a><\/strong> o las <a href=\"https:\/\/www.milar.es\/blog\/placa-vitroceramica-medidas-tamanos-estandar-de-placas-de-cocina\/\"><strong>medidas de vitrocer\u00e1mica<\/strong><\/a> que tenemos disponibles en Milar.<\/p>\n\n\n\n<p>Sigue leyendo cosas interesantes en:<\/p>\n\n\n\n<p><a href=\"https:\/\/www.milar.es\/blog\/consumo-de-vitroceramica-o-induccion-cual-es-mas-eficiente-energeticamente\/\"><strong>Consumo de vitrocer\u00e1mica o inducci\u00f3n \u00bfCu\u00e1l es m\u00e1s eficiente energ\u00e9ticamente?<\/strong><\/a><\/p>\n\n\n\n<p><a href=\"https:\/\/www.milar.es\/blog\/vitroceramica-dos-fuegos-comparativa-de-los-nuevos-modelos\/\"><strong>Vitrocer\u00e1mica dos fuegos: comparativa de los nuevos modelos<\/strong><\/a><\/p>\n\n\n\n<p><a href=\"https:\/\/www.milar.es\/blog\/placa-mixta-para-cocinar-como-mas-te-apetezca\/\"><strong>Placa mixta para cocinar como m\u00e1s te apetezca<\/strong><\/a><\/p>\n\n\n\n<p><a href=\"https:\/\/www.milar.es\/blog\/placa-vitroceramica-tekacomparativa-entre-los-diferentes-modelos\/\"><strong>Placa vitrocer\u00e1mica Teka: comparativa entre los diferentes modelos<\/strong><\/a><\/p>\n","protected":false},"excerpt":{"rendered":"Aunque las placas de inducci\u00f3n les han ido ganando terreno poco a poco, las cl\u00e1sicas placas de vitrocer\u00e1mica siguen ocupando muchas cocinas por su precio ligeramente inferior y porque, a diferencia de las primeras, admiten el cocinado con utensilios de materiales diversos (cer\u00e1mica, hierro, cobre&#8230;). Hoy en Milar te lo&#8230; <a class=\"view-article\" href=\"https:\/\/www.milar.es\/blog\/vitroceramicas-con-mandos-centrales-comparacion-entre-las-mejores\/\">Ver art\u00edculo<\/a>","protected":false},"author":1,"featured_media":11803,"comment_status":"closed","ping_status":"closed","sticky":false,"template":"","format":"standard","meta":{"footnotes":""},"categories":[20,15],"tags":[],"class_list":["post-3168","post","type-post","status-publish","format-standard","has-post-thumbnail","hentry","category-cocina","category-hogar"],"yoast_head":"<!-- This site is optimized with the Yoast SEO plugin v27.5 - https:\/\/yoast.com\/product\/yoast-seo-wordpress\/ -->\n<title>Vitrocer\u00e1micas con mandos centrales, comparaci\u00f3n entre las mejores - Milar Tendencias de electrodom\u00e9sticos<\/title>\n<meta name=\"description\" content=\"No importa que sean t\u00e1ctiles o con relieve, las vitrocer\u00e1micas con mandos centrales son ideales para poder tenerlo todo controlado.\" \/>\n<meta name=\"robots\" content=\"index, follow, max-snippet:-1, max-image-preview:large, max-video-preview:-1\" \/>\n<link rel=\"canonical\" href=\"https:\/\/www.milar.es\/blog\/vitroceramicas-con-mandos-centrales-comparacion-entre-las-mejores\/\" \/>\n<meta property=\"og:locale\" content=\"es_ES\" \/>\n<meta property=\"og:type\" content=\"article\" \/>\n<meta property=\"og:title\" content=\"Vitrocer\u00e1micas con mandos centrales, comparaci\u00f3n entre las mejores - Milar Tendencias de electrodom\u00e9sticos\" \/>\n<meta property=\"og:description\" content=\"No importa que sean t\u00e1ctiles o con relieve, las vitrocer\u00e1micas con mandos centrales son ideales para poder tenerlo todo controlado.\" \/>\n<meta property=\"og:url\" content=\"https:\/\/www.milar.es\/blog\/vitroceramicas-con-mandos-centrales-comparacion-entre-las-mejores\/\" \/>\n<meta property=\"og:site_name\" content=\"Milar Tendencias de electrodom\u00e9sticos\" \/>\n<meta property=\"article:published_time\" content=\"2019-09-25T08:41:27+00:00\" \/>\n<meta property=\"article:modified_time\" content=\"2025-10-27T11:45:02+00:00\" \/>\n<meta property=\"og:image\" content=\"https:\/\/www.milar.es\/blog\/wp-content\/uploads\/2022\/04\/vitroceramicas-con-mandos-frontales.jpg\" \/>\n\t<meta property=\"og:image:width\" content=\"1200\" \/>\n\t<meta property=\"og:image:height\" content=\"800\" \/>\n\t<meta property=\"og:image:type\" content=\"image\/jpeg\" \/>\n<meta name=\"author\" content=\"Milar\" \/>\n<meta name=\"twitter:card\" content=\"summary_large_image\" \/>\n<meta name=\"twitter:label1\" content=\"Escrito por\" \/>\n\t<meta name=\"twitter:data1\" content=\"Milar\" \/>\n\t<meta name=\"twitter:label2\" content=\"Tiempo de lectura\" \/>\n\t<meta name=\"twitter:data2\" content=\"3 minutos\" \/>\n<script type=\"application\/ld+json\" class=\"yoast-schema-graph\">{\"@context\":\"https:\\\/\\\/schema.org\",\"@graph\":[{\"@type\":\"Article\",\"@id\":\"https:\\\/\\\/www.milar.es\\\/blog\\\/vitroceramicas-con-mandos-centrales-comparacion-entre-las-mejores\\\/#article\",\"isPartOf\":{\"@id\":\"https:\\\/\\\/www.milar.es\\\/blog\\\/vitroceramicas-con-mandos-centrales-comparacion-entre-las-mejores\\\/\"},\"author\":{\"name\":\"Milar\",\"@id\":\"https:\\\/\\\/www.milar.es\\\/blog\\\/#\\\/schema\\\/person\\\/a63c4965e2d32a22be88aabb90c4f11f\"},\"headline\":\"Vitrocer\u00e1micas con mandos centrales, comparaci\u00f3n entre las mejores\",\"datePublished\":\"2019-09-25T08:41:27+00:00\",\"dateModified\":\"2025-10-27T11:45:02+00:00\",\"mainEntityOfPage\":{\"@id\":\"https:\\\/\\\/www.milar.es\\\/blog\\\/vitroceramicas-con-mandos-centrales-comparacion-entre-las-mejores\\\/\"},\"wordCount\":493,\"image\":{\"@id\":\"https:\\\/\\\/www.milar.es\\\/blog\\\/vitroceramicas-con-mandos-centrales-comparacion-entre-las-mejores\\\/#primaryimage\"},\"thumbnailUrl\":\"https:\\\/\\\/www.milar.es\\\/blog\\\/wp-content\\\/uploads\\\/2022\\\/04\\\/vitroceramicas-con-mandos-frontales.jpg\",\"articleSection\":[\"Cocina\",\"Hogar\"],\"inLanguage\":\"es\"},{\"@type\":\"WebPage\",\"@id\":\"https:\\\/\\\/www.milar.es\\\/blog\\\/vitroceramicas-con-mandos-centrales-comparacion-entre-las-mejores\\\/\",\"url\":\"https:\\\/\\\/www.milar.es\\\/blog\\\/vitroceramicas-con-mandos-centrales-comparacion-entre-las-mejores\\\/\",\"name\":\"Vitrocer\u00e1micas con mandos centrales, comparaci\u00f3n entre las mejores - Milar Tendencias de electrodom\u00e9sticos\",\"isPartOf\":{\"@id\":\"https:\\\/\\\/www.milar.es\\\/blog\\\/#website\"},\"primaryImageOfPage\":{\"@id\":\"https:\\\/\\\/www.milar.es\\\/blog\\\/vitroceramicas-con-mandos-centrales-comparacion-entre-las-mejores\\\/#primaryimage\"},\"image\":{\"@id\":\"https:\\\/\\\/www.milar.es\\\/blog\\\/vitroceramicas-con-mandos-centrales-comparacion-entre-las-mejores\\\/#primaryimage\"},\"thumbnailUrl\":\"https:\\\/\\\/www.milar.es\\\/blog\\\/wp-content\\\/uploads\\\/2022\\\/04\\\/vitroceramicas-con-mandos-frontales.jpg\",\"datePublished\":\"2019-09-25T08:41:27+00:00\",\"dateModified\":\"2025-10-27T11:45:02+00:00\",\"author\":{\"@id\":\"https:\\\/\\\/www.milar.es\\\/blog\\\/#\\\/schema\\\/person\\\/a63c4965e2d32a22be88aabb90c4f11f\"},\"description\":\"No importa que sean t\u00e1ctiles o con relieve, las vitrocer\u00e1micas con mandos centrales son ideales para poder tenerlo todo controlado.\",\"breadcrumb\":{\"@id\":\"https:\\\/\\\/www.milar.es\\\/blog\\\/vitroceramicas-con-mandos-centrales-comparacion-entre-las-mejores\\\/#breadcrumb\"},\"inLanguage\":\"es\",\"potentialAction\":[{\"@type\":\"ReadAction\",\"target\":[\"https:\\\/\\\/www.milar.es\\\/blog\\\/vitroceramicas-con-mandos-centrales-comparacion-entre-las-mejores\\\/\"]}]},{\"@type\":\"ImageObject\",\"inLanguage\":\"es\",\"@id\":\"https:\\\/\\\/www.milar.es\\\/blog\\\/vitroceramicas-con-mandos-centrales-comparacion-entre-las-mejores\\\/#primaryimage\",\"url\":\"https:\\\/\\\/www.milar.es\\\/blog\\\/wp-content\\\/uploads\\\/2022\\\/04\\\/vitroceramicas-con-mandos-frontales.jpg\",\"contentUrl\":\"https:\\\/\\\/www.milar.es\\\/blog\\\/wp-content\\\/uploads\\\/2022\\\/04\\\/vitroceramicas-con-mandos-frontales.jpg\",\"width\":1200,\"height\":800,\"caption\":\"vitroceramicas con mandos frontales\"},{\"@type\":\"BreadcrumbList\",\"@id\":\"https:\\\/\\\/www.milar.es\\\/blog\\\/vitroceramicas-con-mandos-centrales-comparacion-entre-las-mejores\\\/#breadcrumb\",\"itemListElement\":[{\"@type\":\"ListItem\",\"position\":1,\"name\":\"Home\",\"item\":\"https:\\\/\\\/www.milar.es\\\/blog\\\/\"},{\"@type\":\"ListItem\",\"position\":2,\"name\":\"Vitrocer\u00e1micas con mandos centrales, comparaci\u00f3n entre las mejores\"}]},{\"@type\":\"WebSite\",\"@id\":\"https:\\\/\\\/www.milar.es\\\/blog\\\/#website\",\"url\":\"https:\\\/\\\/www.milar.es\\\/blog\\\/\",\"name\":\"Milar Tendencias de electrodom\u00e9sticos\",\"description\":\"\",\"potentialAction\":[{\"@type\":\"SearchAction\",\"target\":{\"@type\":\"EntryPoint\",\"urlTemplate\":\"https:\\\/\\\/www.milar.es\\\/blog\\\/?s={search_term_string}\"},\"query-input\":{\"@type\":\"PropertyValueSpecification\",\"valueRequired\":true,\"valueName\":\"search_term_string\"}}],\"inLanguage\":\"es\"},{\"@type\":\"Person\",\"@id\":\"https:\\\/\\\/www.milar.es\\\/blog\\\/#\\\/schema\\\/person\\\/a63c4965e2d32a22be88aabb90c4f11f\",\"name\":\"Milar\",\"image\":{\"@type\":\"ImageObject\",\"inLanguage\":\"es\",\"@id\":\"https:\\\/\\\/secure.gravatar.com\\\/avatar\\\/1ff5211459d04644acdbe2d949c2a8626dc0f1e355d4830331235d147f36505a?s=96&d=mm&r=g\",\"url\":\"https:\\\/\\\/secure.gravatar.com\\\/avatar\\\/1ff5211459d04644acdbe2d949c2a8626dc0f1e355d4830331235d147f36505a?s=96&d=mm&r=g\",\"contentUrl\":\"https:\\\/\\\/secure.gravatar.com\\\/avatar\\\/1ff5211459d04644acdbe2d949c2a8626dc0f1e355d4830331235d147f36505a?s=96&d=mm&r=g\",\"caption\":\"Milar\"}}]}<\/script>\n<!-- \/ Yoast SEO plugin. -->","yoast_head_json":{"title":"Vitrocer\u00e1micas con mandos centrales, comparaci\u00f3n entre las mejores - Milar Tendencias de electrodom\u00e9sticos","description":"No importa que sean t\u00e1ctiles o con relieve, las vitrocer\u00e1micas con mandos centrales son ideales para poder tenerlo todo controlado.","robots":{"index":"index","follow":"follow","max-snippet":"max-snippet:-1","max-image-preview":"max-image-preview:large","max-video-preview":"max-video-preview:-1"},"canonical":"https:\/\/www.milar.es\/blog\/vitroceramicas-con-mandos-centrales-comparacion-entre-las-mejores\/","og_locale":"es_ES","og_type":"article","og_title":"Vitrocer\u00e1micas con mandos centrales, comparaci\u00f3n entre las mejores - Milar Tendencias de electrodom\u00e9sticos","og_description":"No importa que sean t\u00e1ctiles o con relieve, las vitrocer\u00e1micas con mandos centrales son ideales para poder tenerlo todo controlado.","og_url":"https:\/\/www.milar.es\/blog\/vitroceramicas-con-mandos-centrales-comparacion-entre-las-mejores\/","og_site_name":"Milar Tendencias de electrodom\u00e9sticos","article_published_time":"2019-09-25T08:41:27+00:00","article_modified_time":"2025-10-27T11:45:02+00:00","og_image":[{"width":1200,"height":800,"url":"https:\/\/www.milar.es\/blog\/wp-content\/uploads\/2022\/04\/vitroceramicas-con-mandos-frontales.jpg","type":"image\/jpeg"}],"author":"Milar","twitter_card":"summary_large_image","twitter_misc":{"Escrito por":"Milar","Tiempo de lectura":"3 minutos"},"schema":{"@context":"https:\/\/schema.org","@graph":[{"@type":"Article","@id":"https:\/\/www.milar.es\/blog\/vitroceramicas-con-mandos-centrales-comparacion-entre-las-mejores\/#article","isPartOf":{"@id":"https:\/\/www.milar.es\/blog\/vitroceramicas-con-mandos-centrales-comparacion-entre-las-mejores\/"},"author":{"name":"Milar","@id":"https:\/\/www.milar.es\/blog\/#\/schema\/person\/a63c4965e2d32a22be88aabb90c4f11f"},"headline":"Vitrocer\u00e1micas con mandos centrales, comparaci\u00f3n entre las mejores","datePublished":"2019-09-25T08:41:27+00:00","dateModified":"2025-10-27T11:45:02+00:00","mainEntityOfPage":{"@id":"https:\/\/www.milar.es\/blog\/vitroceramicas-con-mandos-centrales-comparacion-entre-las-mejores\/"},"wordCount":493,"image":{"@id":"https:\/\/www.milar.es\/blog\/vitroceramicas-con-mandos-centrales-comparacion-entre-las-mejores\/#primaryimage"},"thumbnailUrl":"https:\/\/www.milar.es\/blog\/wp-content\/uploads\/2022\/04\/vitroceramicas-con-mandos-frontales.jpg","articleSection":["Cocina","Hogar"],"inLanguage":"es"},{"@type":"WebPage","@id":"https:\/\/www.milar.es\/blog\/vitroceramicas-con-mandos-centrales-comparacion-entre-las-mejores\/","url":"https:\/\/www.milar.es\/blog\/vitroceramicas-con-mandos-centrales-comparacion-entre-las-mejores\/","name":"Vitrocer\u00e1micas con mandos centrales, comparaci\u00f3n entre las mejores - Milar Tendencias de electrodom\u00e9sticos","isPartOf":{"@id":"https:\/\/www.milar.es\/blog\/#website"},"primaryImageOfPage":{"@id":"https:\/\/www.milar.es\/blog\/vitroceramicas-con-mandos-centrales-comparacion-entre-las-mejores\/#primaryimage"},"image":{"@id":"https:\/\/www.milar.es\/blog\/vitroceramicas-con-mandos-centrales-comparacion-entre-las-mejores\/#primaryimage"},"thumbnailUrl":"https:\/\/www.milar.es\/blog\/wp-content\/uploads\/2022\/04\/vitroceramicas-con-mandos-frontales.jpg","datePublished":"2019-09-25T08:41:27+00:00","dateModified":"2025-10-27T11:45:02+00:00","author":{"@id":"https:\/\/www.milar.es\/blog\/#\/schema\/person\/a63c4965e2d32a22be88aabb90c4f11f"},"description":"No importa que sean t\u00e1ctiles o con relieve, las vitrocer\u00e1micas con mandos centrales son ideales para poder tenerlo todo controlado.","breadcrumb":{"@id":"https:\/\/www.milar.es\/blog\/vitroceramicas-con-mandos-centrales-comparacion-entre-las-mejores\/#breadcrumb"},"inLanguage":"es","potentialAction":[{"@type":"ReadAction","target":["https:\/\/www.milar.es\/blog\/vitroceramicas-con-mandos-centrales-comparacion-entre-las-mejores\/"]}]},{"@type":"ImageObject","inLanguage":"es","@id":"https:\/\/www.milar.es\/blog\/vitroceramicas-con-mandos-centrales-comparacion-entre-las-mejores\/#primaryimage","url":"https:\/\/www.milar.es\/blog\/wp-content\/uploads\/2022\/04\/vitroceramicas-con-mandos-frontales.jpg","contentUrl":"https:\/\/www.milar.es\/blog\/wp-content\/uploads\/2022\/04\/vitroceramicas-con-mandos-frontales.jpg","width":1200,"height":800,"caption":"vitroceramicas con mandos frontales"},{"@type":"BreadcrumbList","@id":"https:\/\/www.milar.es\/blog\/vitroceramicas-con-mandos-centrales-comparacion-entre-las-mejores\/#breadcrumb","itemListElement":[{"@type":"ListItem","position":1,"name":"Home","item":"https:\/\/www.milar.es\/blog\/"},{"@type":"ListItem","position":2,"name":"Vitrocer\u00e1micas con mandos centrales, comparaci\u00f3n entre las mejores"}]},{"@type":"WebSite","@id":"https:\/\/www.milar.es\/blog\/#website","url":"https:\/\/www.milar.es\/blog\/","name":"Milar Tendencias de electrodom\u00e9sticos","description":"","potentialAction":[{"@type":"SearchAction","target":{"@type":"EntryPoint","urlTemplate":"https:\/\/www.milar.es\/blog\/?s={search_term_string}"},"query-input":{"@type":"PropertyValueSpecification","valueRequired":true,"valueName":"search_term_string"}}],"inLanguage":"es"},{"@type":"Person","@id":"https:\/\/www.milar.es\/blog\/#\/schema\/person\/a63c4965e2d32a22be88aabb90c4f11f","name":"Milar","image":{"@type":"ImageObject","inLanguage":"es","@id":"https:\/\/secure.gravatar.com\/avatar\/1ff5211459d04644acdbe2d949c2a8626dc0f1e355d4830331235d147f36505a?s=96&d=mm&r=g","url":"https:\/\/secure.gravatar.com\/avatar\/1ff5211459d04644acdbe2d949c2a8626dc0f1e355d4830331235d147f36505a?s=96&d=mm&r=g","contentUrl":"https:\/\/secure.gravatar.com\/avatar\/1ff5211459d04644acdbe2d949c2a8626dc0f1e355d4830331235d147f36505a?s=96&d=mm&r=g","caption":"Milar"}}]}},"_links":{"self":[{"href":"https:\/\/www.milar.es\/blog\/wp-json\/wp\/v2\/posts\/3168","targetHints":{"allow":["GET"]}}],"collection":[{"href":"https:\/\/www.milar.es\/blog\/wp-json\/wp\/v2\/posts"}],"about":[{"href":"https:\/\/www.milar.es\/blog\/wp-json\/wp\/v2\/types\/post"}],"author":[{"embeddable":true,"href":"https:\/\/www.milar.es\/blog\/wp-json\/wp\/v2\/users\/1"}],"replies":[{"embeddable":true,"href":"https:\/\/www.milar.es\/blog\/wp-json\/wp\/v2\/comments?post=3168"}],"version-history":[{"count":53,"href":"https:\/\/www.milar.es\/blog\/wp-json\/wp\/v2\/posts\/3168\/revisions"}],"predecessor-version":[{"id":15083,"href":"https:\/\/www.milar.es\/blog\/wp-json\/wp\/v2\/posts\/3168\/revisions\/15083"}],"wp:featuredmedia":[{"embeddable":true,"href":"https:\/\/www.milar.es\/blog\/wp-json\/wp\/v2\/media\/11803"}],"wp:attachment":[{"href":"https:\/\/www.milar.es\/blog\/wp-json\/wp\/v2\/media?parent=3168"}],"wp:term":[{"taxonomy":"category","embeddable":true,"href":"https:\/\/www.milar.es\/blog\/wp-json\/wp\/v2\/categories?post=3168"},{"taxonomy":"post_tag","embeddable":true,"href":"https:\/\/www.milar.es\/blog\/wp-json\/wp\/v2\/tags?post=3168"}],"curies":[{"name":"wp","href":"https:\/\/api.w.org\/{rel}","templated":true}]}}