{"id":2837,"date":"2022-06-03T08:00:00","date_gmt":"2022-06-03T08:00:00","guid":{"rendered":"https:\/\/www.milar.es\/blog\/?p=2837"},"modified":"2024-04-03T08:44:55","modified_gmt":"2024-04-03T08:44:55","slug":"secadora-de-bajo-consumo-como-ahorrar-en-tus-facturas","status":"publish","type":"post","link":"https:\/\/www.milar.es\/blog\/secadora-de-bajo-consumo-como-ahorrar-en-tus-facturas\/","title":{"rendered":"Secadora de bajo consumo \u00bfC\u00f3mo ahorrar en tus facturas?"},"content":{"rendered":"\n<p><span style=\"font-weight: 400;\">Consigue un mayor ahorro en tus facturas gracias a los nuevos modelos de secadora de bajo consumo. Echa un vistazo a la siguiente comparaci\u00f3n entre<\/span><a href=\"https:\/\/www.milar.es\/secadoras-cocina.html\"><span style=\"font-weight: 400;\"><strong> secadoras<\/strong><\/span><\/a><span style=\"font-weight: 400;\"> de alta clasificaci\u00f3n energ\u00e9tica y empieza a disfrutar de tu ropa limpia y seca en un par de horas sin tener que pagar grandes facturas.&nbsp;<\/span><\/p>\n\n\n\n<p><span style=\"font-weight: 400;\">Si a\u00fan no tienes claro<strong> <\/strong><\/span><a href=\"https:\/\/www.milar.es\/blog\/cuanto-consume-una-secadora-ropa-electrica-al-mes-segun-etiquetado-energetico\/\"><span style=\"font-weight: 400;\"><strong>\u00bfcu\u00e1nto consume una secadora de ropa al mes?<\/strong><\/span><\/a><span style=\"font-weight: 400;\"> \u00bfcu\u00e1nta ropa puedes introducir en cada ciclo para un secado eficiente? o \u00bfen qu\u00e9 fijarse para comprar una secadora de bajo consumo? Desde<strong> <\/strong><\/span><a href=\"https:\/\/www.milar.es\/\"><span style=\"font-weight: 400;\"><strong>Milar<\/strong><\/span><\/a><span style=\"font-weight: 400;\"> te resolvemos todas esas dudas y muchas m\u00e1s.&nbsp;<\/span><\/p>\n\n\n<div class=\"wp-block-image\">\n<figure class=\"aligncenter size-large\"><img loading=\"lazy\" decoding=\"async\" width=\"700\" height=\"467\" src=\"https:\/\/www.milar.es\/blog\/wp-content\/uploads\/2022\/05\/secadora-bajo-consumo-700x467.jpg\" alt=\"Secadora bajo consumo \" class=\"wp-image-11980\" srcset=\"https:\/\/www.milar.es\/blog\/wp-content\/uploads\/2022\/05\/secadora-bajo-consumo-700x467.jpg 700w, https:\/\/www.milar.es\/blog\/wp-content\/uploads\/2022\/05\/secadora-bajo-consumo-250x167.jpg 250w, https:\/\/www.milar.es\/blog\/wp-content\/uploads\/2022\/05\/secadora-bajo-consumo-768x512.jpg 768w, https:\/\/www.milar.es\/blog\/wp-content\/uploads\/2022\/05\/secadora-bajo-consumo-120x80.jpg 120w, https:\/\/www.milar.es\/blog\/wp-content\/uploads\/2022\/05\/secadora-bajo-consumo.jpg 1200w\" sizes=\"auto, (max-width: 700px) 100vw, 700px\" \/><\/figure>\n<\/div>\n\n\n<h2 class=\"wp-block-heading has-text-align-center\">\u00bfQu\u00e9 debo saber sobre una secadora de bajo consumo?<\/h2>\n\n\n\n<p><span style=\"font-weight: 400;\">Para <\/span><b>comprar una secadora de bajo consumo el\u00e9ctrico hay que fijarse en su clase de eficiencia energ\u00e9tica<\/b><span style=\"font-weight: 400;\">. Sobre todo para disminuir el consumo de energ\u00eda es mejor optar por secadoras de la clase A.<\/span><\/p>\n\n\n\n<p><span style=\"font-weight: 400;\">Sin duda, las secadoras con mayor clasificaci\u00f3n energ\u00e9tica, es decir, las secadoras A, garantizan un menor consumo de energ\u00eda. Suelen consumir en torno a los 146 kWh\/a\u00f1o mientras que una secadora con clasificaci\u00f3n energ\u00e9tica A suele consumir unos 273 kWH\/a\u00f1o.<\/span><\/p>\n\n\n\n<p><span style=\"font-weight: 400;\">Existen muchos <strong><a href=\"https:\/\/www.milar.es\/blog\/tipos-de-secadoras-diferencias-y-ventajas-de-cada-tipo-de-secadora-de-ropa\/\">tipos de secadoras<\/a><\/strong>, por lo que deber\u00e1s fijarte en la etiqueta de clasificaci\u00f3n energ\u00e9tica para tener claro cu\u00e1l es su consumo el\u00e9ctrico.<\/span><\/p>\n\n\n\n<p><span style=\"font-weight: 400;\">Por otro lado, con un <\/span><b>lavadora secadora de bajo consumo<\/b><span style=\"font-weight: 400;\"> hay que tener en cuenta que las de mayor clasificaci\u00f3n energ\u00e9tica son lavadoras secadoras A. Por lo que consumen m\u00e1s energ\u00eda que una secadora de bajo consumo.&nbsp;<\/span><\/p>\n\n\n\n<h2 class=\"wp-block-heading has-text-align-center\">Trucos para un buen uso<\/h2>\n\n\n\n<p><span style=\"font-weight: 400;\">Ten en cuenta las siguientes recomendaciones para disfrutar de un mayor ahorro en tu factura de la luz y conseguir el m\u00e1ximo cuidado de tus prendas.<\/span><\/p>\n\n\n\n<p><span style=\"font-weight: 400;\">&#8211; <\/span><b>Mira la etiqueta de las prendas <\/b><span style=\"font-weight: 400;\">para asegurarte que se pueden introducir en la secadora.<\/span><\/p>\n\n\n\n<p><span style=\"font-weight: 400;\">&#8211; <\/span><b>Ajusta tanto la temperatura como la duraci\u00f3n del ciclo de secado en funci\u00f3n de la cantidad de ropa introducida y de su nivel de humedad<\/b><span style=\"font-weight: 400;\">. De este modo, ahorrar\u00e1s mucho m\u00e1s en el consumo energ\u00e9tico.<\/span><\/p>\n\n\n\n<p><span style=\"font-weight: 400;\">&#8211; <\/span><b>Limpia de forma constante el filtro antipelusas<\/b><span style=\"font-weight: 400;\"> para lograr un m\u00e1ximo rendimiento y eficiencia. Asimismo, hay que limpiar el condensador para conseguir un total rendimiento durante el ciclo de secado.<\/span><\/p>\n\n\n\n<p><span style=\"font-weight: 400;\">&#8211; <\/span><b>No sobrecargues la secadora<\/b><span style=\"font-weight: 400;\">, ya que tanta compresi\u00f3n afecta a la efectividad del secado y favorece la aparici\u00f3n de arrugas.<\/span><\/p>\n\n\n\n<p><span style=\"font-weight: 400;\">&#8211; <\/span><b>Divide las prendas en funci\u00f3n de su peso<\/b><span style=\"font-weight: 400;\"> ya que las m\u00e1s ligeras tardan menos tiempo en secarse que las prendas m\u00e1s pesadas.&nbsp;<\/span><\/p>\n\n\n\n<p><span style=\"font-weight: 400;\">Si tienes en cuenta todas estas recomendaciones conseguir\u00e1s reducir el consumo energ\u00e9tico producido por tu secadora.<\/span><\/p>\n\n\n\n<h2 class=\"wp-block-heading has-text-align-center\">Mejores secadoras de bajo consumo<\/h2>\n\n\n\n<p><span style=\"font-weight: 400;\">En <strong>Milar <\/strong>puedes encontrar una gran variedad de modelos de l<\/span><b>avadora de bajo consumo a precio muy asequible<\/b><span style=\"font-weight: 400;\">. Por lo que os traemos los mejores modelos con los que no te dar\u00e1s ninguna sorpresa cuando llegue la factura de luz.<\/span><\/p>\n\n\n\n<p class=\"has-text-align-center\"><strong><a href=\"https:\/\/www.milar.es\/secadora-bomba-de-calor-bosch-wtr85v91es-aplusplus.html\">Secadora Bomba de Calor Bosch WTR85V91ES<\/a><\/strong><\/p>\n\n\n\n<p><span style=\"font-weight: 400;\">El primer modelo considerado como la mejor secadora de bajo consumo es la<strong> secadora Bomba de Calor <a href=\"https:\/\/www.milar.es\/bosch.html\">Bosch<\/a> WTR85V91ES<\/strong>. Esta secadora cuenta con todo lo necesario para mantener en perfecto estado todo tipo de prendas.&nbsp;<\/span><\/p>\n\n\n\n<p><span style=\"font-weight: 400;\">Su<\/span><b> clasificaci\u00f3n de eficiencia energ\u00e9tica A<\/b><span style=\"font-weight: 400;\"> proporciona un m\u00ednimo gasto. Tambi\u00e9n cuenta con <\/span><b>una tecnolog\u00eda <\/b><span style=\"font-weight: 400;\">con la que se consigue reducir el ciclo de secado, consiguiendo un ahorro de energ\u00eda de m\u00e1s del 20%. Asimismo, ofrece una<\/span><b> capacidad de carga de hasta 8 Kg <\/b><span style=\"font-weight: 400;\">por lo que podr\u00e1s aprovechar al m\u00e1ximo el ciclo de secado.<\/span><\/p>\n\n\n<div class=\"wp-block-image\">\n<figure class=\"aligncenter size-large\"><a href=\"https:\/\/www.milar.es\/secadora-bomba-de-calor-bosch-wtr85v91es-aplusplus.html\"><img loading=\"lazy\" decoding=\"async\" width=\"700\" height=\"256\" src=\"https:\/\/www.milar.es\/blog\/wp-content\/uploads\/2022\/05\/secadora-bosch-wtr85v91es-700x256.jpg\" alt=\"Secadora Bomba de Calor Bosch WTR85V91ES\" class=\"wp-image-11987\" srcset=\"https:\/\/www.milar.es\/blog\/wp-content\/uploads\/2022\/05\/secadora-bosch-wtr85v91es-700x256.jpg 700w, https:\/\/www.milar.es\/blog\/wp-content\/uploads\/2022\/05\/secadora-bosch-wtr85v91es-250x91.jpg 250w, https:\/\/www.milar.es\/blog\/wp-content\/uploads\/2022\/05\/secadora-bosch-wtr85v91es-768x281.jpg 768w, https:\/\/www.milar.es\/blog\/wp-content\/uploads\/2022\/05\/secadora-bosch-wtr85v91es-120x44.jpg 120w, https:\/\/www.milar.es\/blog\/wp-content\/uploads\/2022\/05\/secadora-bosch-wtr85v91es.jpg 1200w\" sizes=\"auto, (max-width: 700px) 100vw, 700px\" \/><\/a><\/figure>\n<\/div>\n\n\n<p class=\"has-text-align-center\"><strong><a href=\"https:\/\/www.milar.es\/secadora-aeg-t8dee862.html\">Secadora bomba de calor AEG T8DEE862 Blanco<\/a><\/strong><\/p>\n\n\n\n<p><span style=\"font-weight: 400;\">Otro modelo que cuenta con la misma clasificaci\u00f3n energ\u00e9tica y la misma capacidad de carga es la <strong>secadora Bomba de Calor <a href=\"https:\/\/www.milar.es\/aeg.html\">AEG<\/a> T8DBG862<\/strong>. Lo que diferencia a este secadora del modelo anterior es su <\/span><b>sistema AbsoluteCare <\/b><span style=\"font-weight: 400;\">que adapta los movimientos del tambor y el nivel de temperatura en cada ciclo de secado y siempre en funci\u00f3n de las necesidades de cada tejido. De esta forma tus tejidos m\u00e1s delicados estar\u00e1n totalmente protegidos.<\/span><\/p>\n\n\n\n<p><span style=\"font-weight: 400;\">Adem\u00e1s, su <\/span><b>tecnolog\u00eda SensiDry <\/b><span style=\"font-weight: 400;\">consigue un funcionamiento mucho m\u00e1s eficiente ya que extrae la humedad de las prendas a la mitad de temperatura. De esta forma se evita que la ropa est\u00e1 sometido a un calor que no es necesario mientras se consigue un mayor ahorro de energ\u00eda.&nbsp;<\/span><\/p>\n\n\n<div class=\"wp-block-image\">\n<figure class=\"aligncenter size-large\"><a href=\"https:\/\/www.milar.es\/secadora-aeg-t8dee862.html\"><img loading=\"lazy\" decoding=\"async\" width=\"700\" height=\"256\" src=\"https:\/\/www.milar.es\/blog\/wp-content\/uploads\/2022\/05\/secadora-bomba-de-calor-aeg-t8dee862-blanco-700x256.jpg\" alt=\"Secadora bomba de calor AEG T8DEE862 Blanco\" class=\"wp-image-11986\" srcset=\"https:\/\/www.milar.es\/blog\/wp-content\/uploads\/2022\/05\/secadora-bomba-de-calor-aeg-t8dee862-blanco-700x256.jpg 700w, https:\/\/www.milar.es\/blog\/wp-content\/uploads\/2022\/05\/secadora-bomba-de-calor-aeg-t8dee862-blanco-250x91.jpg 250w, https:\/\/www.milar.es\/blog\/wp-content\/uploads\/2022\/05\/secadora-bomba-de-calor-aeg-t8dee862-blanco-768x281.jpg 768w, https:\/\/www.milar.es\/blog\/wp-content\/uploads\/2022\/05\/secadora-bomba-de-calor-aeg-t8dee862-blanco-120x44.jpg 120w, https:\/\/www.milar.es\/blog\/wp-content\/uploads\/2022\/05\/secadora-bomba-de-calor-aeg-t8dee862-blanco.jpg 1200w\" sizes=\"auto, (max-width: 700px) 100vw, 700px\" \/><\/a><\/figure>\n<\/div>\n\n\n<p class=\"has-text-align-center\"><strong><a href=\"https:\/\/www.milar.es\/secadora-condesacion-beko-du7111ga1.html\">Secadora Condesaci\u00f3n Beko DU7111GA1 B<\/a><\/strong><\/p>\n\n\n\n<p>La <strong><a href=\"https:\/\/www.milar.es\/blog\/una-secadora-condensacion-descubre-caracteristicas-funcionamiento-milar-electrodomesticos\/\">secadora de condensaci\u00f3n<\/a> Beko DU7111GA1 B de 7 kilos de capacidad interior<\/strong> te permitir\u00e1 la posibilidad de secar todas las prendas que desees en solo unos minutos. Adem\u00e1s, esta <strong>secadora <a href=\"https:\/\/www.milar.es\/beko.html\">Beko <\/a><\/strong>cuenta con programas antiarrugas que facilitar\u00e1n el <strong>proceso de planchado <\/strong>de tus prendas gracias a las tecnolog\u00edas incorporadas. Adem\u00e1s, conocer\u00e1s en todo momento el estado del ciclo gracias a su<strong> display<\/strong> y cuando termine se iluminar\u00e1 para que puedas guardar tus prendas.<\/p>\n\n\n<div class=\"wp-block-image\">\n<figure class=\"aligncenter size-large\"><a href=\"https:\/\/www.milar.es\/secadora-condesacion-beko-du7111ga1.html\"><img loading=\"lazy\" decoding=\"async\" width=\"700\" height=\"256\" src=\"https:\/\/www.milar.es\/blog\/wp-content\/uploads\/2022\/05\/secadora-condesacion-beko-du7111ga1-b-700x256.jpg\" alt=\"Secadora Condesaci\u00f3n Beko DU7111GA1 B\" class=\"wp-image-11988\" srcset=\"https:\/\/www.milar.es\/blog\/wp-content\/uploads\/2022\/05\/secadora-condesacion-beko-du7111ga1-b-700x256.jpg 700w, https:\/\/www.milar.es\/blog\/wp-content\/uploads\/2022\/05\/secadora-condesacion-beko-du7111ga1-b-250x91.jpg 250w, https:\/\/www.milar.es\/blog\/wp-content\/uploads\/2022\/05\/secadora-condesacion-beko-du7111ga1-b-768x281.jpg 768w, https:\/\/www.milar.es\/blog\/wp-content\/uploads\/2022\/05\/secadora-condesacion-beko-du7111ga1-b-120x44.jpg 120w, https:\/\/www.milar.es\/blog\/wp-content\/uploads\/2022\/05\/secadora-condesacion-beko-du7111ga1-b.jpg 1200w\" sizes=\"auto, (max-width: 700px) 100vw, 700px\" \/><\/a><\/figure>\n<\/div>\n\n\n<p><span style=\"font-weight: 400;\">Hazte con el modelo que mejor se adapte a tus necesidades. Adem\u00e1s, puedes encontrar estas <strong>secadoras de bajo consumo<\/strong> y muchas m\u00e1s en nuestra secci\u00f3n de secadoras de cocina. No dejes escapar esta oportunidad y consigue secadoras de calidad en <strong>Milar<\/strong>.<\/span><\/p>\n\n\n\n<p><span style=\"font-weight: 400;\">Descubre todo lo que te contamos en:<\/span><\/p>\n\n\n\n<p><a href=\"https:\/\/www.milar.es\/blog\/secadora-de-evacuacion-como-se-instala-y-cual-es-su-funcionamiento\/\"><span style=\"font-weight: 400;\"><strong>Secadora de evacuaci\u00f3n \u00bfC\u00f3mo se instala y cu\u00e1l es su funcionamiento?<\/strong><\/span><\/a><\/p>\n\n\n\n<p><a href=\"https:\/\/www.milar.es\/blog\/una-secadora-condensacion-descubre-caracteristicas-funcionamiento-milar-electrodomesticos\/\"><span style=\"font-weight: 400;\"><strong>\u00bfQu\u00e9&nbsp; es una secadora de condensaci\u00f3n? Descubre sus caracter\u00edsticas y funcionamiento<\/strong><\/span><\/a><\/p>\n\n\n\n<p><a href=\"https:\/\/www.milar.es\/blog\/como-comprar-una-lavasecadora-aprovecha-todos-nuestros-consejos\/\"><span style=\"font-weight: 400;\"><strong>\u00bfC\u00f3mo comprar lavasecadora? Aprovecha todos nuestros consejos<\/strong><\/span><\/a><\/p>\n","protected":false},"excerpt":{"rendered":"Consigue un mayor ahorro en tus facturas gracias a los nuevos modelos de secadora de bajo consumo. Echa un vistazo a la siguiente comparaci\u00f3n entre secadoras de alta clasificaci\u00f3n energ\u00e9tica y empieza a disfrutar de tu ropa limpia y seca en un par de horas sin tener que pagar grandes&#8230; <a class=\"view-article\" href=\"https:\/\/www.milar.es\/blog\/secadora-de-bajo-consumo-como-ahorrar-en-tus-facturas\/\">Ver art\u00edculo<\/a>","protected":false},"author":1,"featured_media":11980,"comment_status":"closed","ping_status":"closed","sticky":false,"template":"","format":"standard","meta":{"footnotes":""},"categories":[2,15],"tags":[],"class_list":["post-2837","post","type-post","status-publish","format-standard","has-post-thumbnail","hentry","category-electrodomesticos","category-hogar"],"yoast_head":"<!-- This site is optimized with the Yoast SEO plugin v27.5 - https:\/\/yoast.com\/product\/yoast-seo-wordpress\/ -->\n<title>Secadora de bajo consumo \u00bfC\u00f3mo ahorrar en tus facturas? - Milar Tendencias de electrodom\u00e9sticos<\/title>\n<meta name=\"description\" content=\"Descubre los mejores modelos de secadora bajo consumo y consigue ahorrar mucho m\u00e1s en tus facturas de luz. \u00a1No te pierdas!\" \/>\n<meta name=\"robots\" content=\"index, follow, max-snippet:-1, max-image-preview:large, max-video-preview:-1\" \/>\n<link rel=\"canonical\" href=\"https:\/\/www.milar.es\/blog\/secadora-de-bajo-consumo-como-ahorrar-en-tus-facturas\/\" \/>\n<meta property=\"og:locale\" content=\"es_ES\" \/>\n<meta property=\"og:type\" content=\"article\" \/>\n<meta property=\"og:title\" content=\"Secadora de bajo consumo \u00bfC\u00f3mo ahorrar en tus facturas? - Milar Tendencias de electrodom\u00e9sticos\" \/>\n<meta property=\"og:description\" content=\"Descubre los mejores modelos de secadora bajo consumo y consigue ahorrar mucho m\u00e1s en tus facturas de luz. \u00a1No te pierdas!\" \/>\n<meta property=\"og:url\" content=\"https:\/\/www.milar.es\/blog\/secadora-de-bajo-consumo-como-ahorrar-en-tus-facturas\/\" \/>\n<meta property=\"og:site_name\" content=\"Milar Tendencias de electrodom\u00e9sticos\" \/>\n<meta property=\"article:published_time\" content=\"2022-06-03T08:00:00+00:00\" \/>\n<meta property=\"article:modified_time\" content=\"2024-04-03T08:44:55+00:00\" \/>\n<meta property=\"og:image\" content=\"https:\/\/www.milar.es\/blog\/wp-content\/uploads\/2022\/05\/secadora-bajo-consumo.jpg\" \/>\n\t<meta property=\"og:image:width\" content=\"1200\" \/>\n\t<meta property=\"og:image:height\" content=\"800\" \/>\n\t<meta property=\"og:image:type\" content=\"image\/jpeg\" \/>\n<meta name=\"author\" content=\"Milar\" \/>\n<meta name=\"twitter:card\" content=\"summary_large_image\" \/>\n<meta name=\"twitter:label1\" content=\"Escrito por\" \/>\n\t<meta name=\"twitter:data1\" content=\"Milar\" \/>\n\t<meta name=\"twitter:label2\" content=\"Tiempo de lectura\" \/>\n\t<meta name=\"twitter:data2\" content=\"5 minutos\" \/>\n<script type=\"application\/ld+json\" class=\"yoast-schema-graph\">{\"@context\":\"https:\\\/\\\/schema.org\",\"@graph\":[{\"@type\":\"Article\",\"@id\":\"https:\\\/\\\/www.milar.es\\\/blog\\\/secadora-de-bajo-consumo-como-ahorrar-en-tus-facturas\\\/#article\",\"isPartOf\":{\"@id\":\"https:\\\/\\\/www.milar.es\\\/blog\\\/secadora-de-bajo-consumo-como-ahorrar-en-tus-facturas\\\/\"},\"author\":{\"name\":\"Milar\",\"@id\":\"https:\\\/\\\/www.milar.es\\\/blog\\\/#\\\/schema\\\/person\\\/a63c4965e2d32a22be88aabb90c4f11f\"},\"headline\":\"Secadora de bajo consumo \u00bfC\u00f3mo ahorrar en tus facturas?\",\"datePublished\":\"2022-06-03T08:00:00+00:00\",\"dateModified\":\"2024-04-03T08:44:55+00:00\",\"mainEntityOfPage\":{\"@id\":\"https:\\\/\\\/www.milar.es\\\/blog\\\/secadora-de-bajo-consumo-como-ahorrar-en-tus-facturas\\\/\"},\"wordCount\":937,\"image\":{\"@id\":\"https:\\\/\\\/www.milar.es\\\/blog\\\/secadora-de-bajo-consumo-como-ahorrar-en-tus-facturas\\\/#primaryimage\"},\"thumbnailUrl\":\"https:\\\/\\\/www.milar.es\\\/blog\\\/wp-content\\\/uploads\\\/2022\\\/05\\\/secadora-bajo-consumo.jpg\",\"articleSection\":[\"Electrodom\u00e9sticos\",\"Hogar\"],\"inLanguage\":\"es\"},{\"@type\":\"WebPage\",\"@id\":\"https:\\\/\\\/www.milar.es\\\/blog\\\/secadora-de-bajo-consumo-como-ahorrar-en-tus-facturas\\\/\",\"url\":\"https:\\\/\\\/www.milar.es\\\/blog\\\/secadora-de-bajo-consumo-como-ahorrar-en-tus-facturas\\\/\",\"name\":\"Secadora de bajo consumo \u00bfC\u00f3mo ahorrar en tus facturas? - Milar Tendencias de electrodom\u00e9sticos\",\"isPartOf\":{\"@id\":\"https:\\\/\\\/www.milar.es\\\/blog\\\/#website\"},\"primaryImageOfPage\":{\"@id\":\"https:\\\/\\\/www.milar.es\\\/blog\\\/secadora-de-bajo-consumo-como-ahorrar-en-tus-facturas\\\/#primaryimage\"},\"image\":{\"@id\":\"https:\\\/\\\/www.milar.es\\\/blog\\\/secadora-de-bajo-consumo-como-ahorrar-en-tus-facturas\\\/#primaryimage\"},\"thumbnailUrl\":\"https:\\\/\\\/www.milar.es\\\/blog\\\/wp-content\\\/uploads\\\/2022\\\/05\\\/secadora-bajo-consumo.jpg\",\"datePublished\":\"2022-06-03T08:00:00+00:00\",\"dateModified\":\"2024-04-03T08:44:55+00:00\",\"author\":{\"@id\":\"https:\\\/\\\/www.milar.es\\\/blog\\\/#\\\/schema\\\/person\\\/a63c4965e2d32a22be88aabb90c4f11f\"},\"description\":\"Descubre los mejores modelos de secadora bajo consumo y consigue ahorrar mucho m\u00e1s en tus facturas de luz. \u00a1No te pierdas!\",\"breadcrumb\":{\"@id\":\"https:\\\/\\\/www.milar.es\\\/blog\\\/secadora-de-bajo-consumo-como-ahorrar-en-tus-facturas\\\/#breadcrumb\"},\"inLanguage\":\"es\",\"potentialAction\":[{\"@type\":\"ReadAction\",\"target\":[\"https:\\\/\\\/www.milar.es\\\/blog\\\/secadora-de-bajo-consumo-como-ahorrar-en-tus-facturas\\\/\"]}]},{\"@type\":\"ImageObject\",\"inLanguage\":\"es\",\"@id\":\"https:\\\/\\\/www.milar.es\\\/blog\\\/secadora-de-bajo-consumo-como-ahorrar-en-tus-facturas\\\/#primaryimage\",\"url\":\"https:\\\/\\\/www.milar.es\\\/blog\\\/wp-content\\\/uploads\\\/2022\\\/05\\\/secadora-bajo-consumo.jpg\",\"contentUrl\":\"https:\\\/\\\/www.milar.es\\\/blog\\\/wp-content\\\/uploads\\\/2022\\\/05\\\/secadora-bajo-consumo.jpg\",\"width\":1200,\"height\":800,\"caption\":\"Secadora bajo consumo\"},{\"@type\":\"BreadcrumbList\",\"@id\":\"https:\\\/\\\/www.milar.es\\\/blog\\\/secadora-de-bajo-consumo-como-ahorrar-en-tus-facturas\\\/#breadcrumb\",\"itemListElement\":[{\"@type\":\"ListItem\",\"position\":1,\"name\":\"Home\",\"item\":\"https:\\\/\\\/www.milar.es\\\/blog\\\/\"},{\"@type\":\"ListItem\",\"position\":2,\"name\":\"Secadora de bajo consumo \u00bfC\u00f3mo ahorrar en tus facturas?\"}]},{\"@type\":\"WebSite\",\"@id\":\"https:\\\/\\\/www.milar.es\\\/blog\\\/#website\",\"url\":\"https:\\\/\\\/www.milar.es\\\/blog\\\/\",\"name\":\"Milar Tendencias de electrodom\u00e9sticos\",\"description\":\"\",\"potentialAction\":[{\"@type\":\"SearchAction\",\"target\":{\"@type\":\"EntryPoint\",\"urlTemplate\":\"https:\\\/\\\/www.milar.es\\\/blog\\\/?s={search_term_string}\"},\"query-input\":{\"@type\":\"PropertyValueSpecification\",\"valueRequired\":true,\"valueName\":\"search_term_string\"}}],\"inLanguage\":\"es\"},{\"@type\":\"Person\",\"@id\":\"https:\\\/\\\/www.milar.es\\\/blog\\\/#\\\/schema\\\/person\\\/a63c4965e2d32a22be88aabb90c4f11f\",\"name\":\"Milar\",\"image\":{\"@type\":\"ImageObject\",\"inLanguage\":\"es\",\"@id\":\"https:\\\/\\\/secure.gravatar.com\\\/avatar\\\/1ff5211459d04644acdbe2d949c2a8626dc0f1e355d4830331235d147f36505a?s=96&d=mm&r=g\",\"url\":\"https:\\\/\\\/secure.gravatar.com\\\/avatar\\\/1ff5211459d04644acdbe2d949c2a8626dc0f1e355d4830331235d147f36505a?s=96&d=mm&r=g\",\"contentUrl\":\"https:\\\/\\\/secure.gravatar.com\\\/avatar\\\/1ff5211459d04644acdbe2d949c2a8626dc0f1e355d4830331235d147f36505a?s=96&d=mm&r=g\",\"caption\":\"Milar\"}}]}<\/script>\n<!-- \/ Yoast SEO plugin. -->","yoast_head_json":{"title":"Secadora de bajo consumo \u00bfC\u00f3mo ahorrar en tus facturas? - Milar Tendencias de electrodom\u00e9sticos","description":"Descubre los mejores modelos de secadora bajo consumo y consigue ahorrar mucho m\u00e1s en tus facturas de luz. \u00a1No te pierdas!","robots":{"index":"index","follow":"follow","max-snippet":"max-snippet:-1","max-image-preview":"max-image-preview:large","max-video-preview":"max-video-preview:-1"},"canonical":"https:\/\/www.milar.es\/blog\/secadora-de-bajo-consumo-como-ahorrar-en-tus-facturas\/","og_locale":"es_ES","og_type":"article","og_title":"Secadora de bajo consumo \u00bfC\u00f3mo ahorrar en tus facturas? - Milar Tendencias de electrodom\u00e9sticos","og_description":"Descubre los mejores modelos de secadora bajo consumo y consigue ahorrar mucho m\u00e1s en tus facturas de luz. \u00a1No te pierdas!","og_url":"https:\/\/www.milar.es\/blog\/secadora-de-bajo-consumo-como-ahorrar-en-tus-facturas\/","og_site_name":"Milar Tendencias de electrodom\u00e9sticos","article_published_time":"2022-06-03T08:00:00+00:00","article_modified_time":"2024-04-03T08:44:55+00:00","og_image":[{"width":1200,"height":800,"url":"https:\/\/www.milar.es\/blog\/wp-content\/uploads\/2022\/05\/secadora-bajo-consumo.jpg","type":"image\/jpeg"}],"author":"Milar","twitter_card":"summary_large_image","twitter_misc":{"Escrito por":"Milar","Tiempo de lectura":"5 minutos"},"schema":{"@context":"https:\/\/schema.org","@graph":[{"@type":"Article","@id":"https:\/\/www.milar.es\/blog\/secadora-de-bajo-consumo-como-ahorrar-en-tus-facturas\/#article","isPartOf":{"@id":"https:\/\/www.milar.es\/blog\/secadora-de-bajo-consumo-como-ahorrar-en-tus-facturas\/"},"author":{"name":"Milar","@id":"https:\/\/www.milar.es\/blog\/#\/schema\/person\/a63c4965e2d32a22be88aabb90c4f11f"},"headline":"Secadora de bajo consumo \u00bfC\u00f3mo ahorrar en tus facturas?","datePublished":"2022-06-03T08:00:00+00:00","dateModified":"2024-04-03T08:44:55+00:00","mainEntityOfPage":{"@id":"https:\/\/www.milar.es\/blog\/secadora-de-bajo-consumo-como-ahorrar-en-tus-facturas\/"},"wordCount":937,"image":{"@id":"https:\/\/www.milar.es\/blog\/secadora-de-bajo-consumo-como-ahorrar-en-tus-facturas\/#primaryimage"},"thumbnailUrl":"https:\/\/www.milar.es\/blog\/wp-content\/uploads\/2022\/05\/secadora-bajo-consumo.jpg","articleSection":["Electrodom\u00e9sticos","Hogar"],"inLanguage":"es"},{"@type":"WebPage","@id":"https:\/\/www.milar.es\/blog\/secadora-de-bajo-consumo-como-ahorrar-en-tus-facturas\/","url":"https:\/\/www.milar.es\/blog\/secadora-de-bajo-consumo-como-ahorrar-en-tus-facturas\/","name":"Secadora de bajo consumo \u00bfC\u00f3mo ahorrar en tus facturas? - Milar Tendencias de electrodom\u00e9sticos","isPartOf":{"@id":"https:\/\/www.milar.es\/blog\/#website"},"primaryImageOfPage":{"@id":"https:\/\/www.milar.es\/blog\/secadora-de-bajo-consumo-como-ahorrar-en-tus-facturas\/#primaryimage"},"image":{"@id":"https:\/\/www.milar.es\/blog\/secadora-de-bajo-consumo-como-ahorrar-en-tus-facturas\/#primaryimage"},"thumbnailUrl":"https:\/\/www.milar.es\/blog\/wp-content\/uploads\/2022\/05\/secadora-bajo-consumo.jpg","datePublished":"2022-06-03T08:00:00+00:00","dateModified":"2024-04-03T08:44:55+00:00","author":{"@id":"https:\/\/www.milar.es\/blog\/#\/schema\/person\/a63c4965e2d32a22be88aabb90c4f11f"},"description":"Descubre los mejores modelos de secadora bajo consumo y consigue ahorrar mucho m\u00e1s en tus facturas de luz. \u00a1No te pierdas!","breadcrumb":{"@id":"https:\/\/www.milar.es\/blog\/secadora-de-bajo-consumo-como-ahorrar-en-tus-facturas\/#breadcrumb"},"inLanguage":"es","potentialAction":[{"@type":"ReadAction","target":["https:\/\/www.milar.es\/blog\/secadora-de-bajo-consumo-como-ahorrar-en-tus-facturas\/"]}]},{"@type":"ImageObject","inLanguage":"es","@id":"https:\/\/www.milar.es\/blog\/secadora-de-bajo-consumo-como-ahorrar-en-tus-facturas\/#primaryimage","url":"https:\/\/www.milar.es\/blog\/wp-content\/uploads\/2022\/05\/secadora-bajo-consumo.jpg","contentUrl":"https:\/\/www.milar.es\/blog\/wp-content\/uploads\/2022\/05\/secadora-bajo-consumo.jpg","width":1200,"height":800,"caption":"Secadora bajo consumo"},{"@type":"BreadcrumbList","@id":"https:\/\/www.milar.es\/blog\/secadora-de-bajo-consumo-como-ahorrar-en-tus-facturas\/#breadcrumb","itemListElement":[{"@type":"ListItem","position":1,"name":"Home","item":"https:\/\/www.milar.es\/blog\/"},{"@type":"ListItem","position":2,"name":"Secadora de bajo consumo \u00bfC\u00f3mo ahorrar en tus facturas?"}]},{"@type":"WebSite","@id":"https:\/\/www.milar.es\/blog\/#website","url":"https:\/\/www.milar.es\/blog\/","name":"Milar Tendencias de electrodom\u00e9sticos","description":"","potentialAction":[{"@type":"SearchAction","target":{"@type":"EntryPoint","urlTemplate":"https:\/\/www.milar.es\/blog\/?s={search_term_string}"},"query-input":{"@type":"PropertyValueSpecification","valueRequired":true,"valueName":"search_term_string"}}],"inLanguage":"es"},{"@type":"Person","@id":"https:\/\/www.milar.es\/blog\/#\/schema\/person\/a63c4965e2d32a22be88aabb90c4f11f","name":"Milar","image":{"@type":"ImageObject","inLanguage":"es","@id":"https:\/\/secure.gravatar.com\/avatar\/1ff5211459d04644acdbe2d949c2a8626dc0f1e355d4830331235d147f36505a?s=96&d=mm&r=g","url":"https:\/\/secure.gravatar.com\/avatar\/1ff5211459d04644acdbe2d949c2a8626dc0f1e355d4830331235d147f36505a?s=96&d=mm&r=g","contentUrl":"https:\/\/secure.gravatar.com\/avatar\/1ff5211459d04644acdbe2d949c2a8626dc0f1e355d4830331235d147f36505a?s=96&d=mm&r=g","caption":"Milar"}}]}},"_links":{"self":[{"href":"https:\/\/www.milar.es\/blog\/wp-json\/wp\/v2\/posts\/2837","targetHints":{"allow":["GET"]}}],"collection":[{"href":"https:\/\/www.milar.es\/blog\/wp-json\/wp\/v2\/posts"}],"about":[{"href":"https:\/\/www.milar.es\/blog\/wp-json\/wp\/v2\/types\/post"}],"author":[{"embeddable":true,"href":"https:\/\/www.milar.es\/blog\/wp-json\/wp\/v2\/users\/1"}],"replies":[{"embeddable":true,"href":"https:\/\/www.milar.es\/blog\/wp-json\/wp\/v2\/comments?post=2837"}],"version-history":[{"count":9,"href":"https:\/\/www.milar.es\/blog\/wp-json\/wp\/v2\/posts\/2837\/revisions"}],"predecessor-version":[{"id":13865,"href":"https:\/\/www.milar.es\/blog\/wp-json\/wp\/v2\/posts\/2837\/revisions\/13865"}],"wp:featuredmedia":[{"embeddable":true,"href":"https:\/\/www.milar.es\/blog\/wp-json\/wp\/v2\/media\/11980"}],"wp:attachment":[{"href":"https:\/\/www.milar.es\/blog\/wp-json\/wp\/v2\/media?parent=2837"}],"wp:term":[{"taxonomy":"category","embeddable":true,"href":"https:\/\/www.milar.es\/blog\/wp-json\/wp\/v2\/categories?post=2837"},{"taxonomy":"post_tag","embeddable":true,"href":"https:\/\/www.milar.es\/blog\/wp-json\/wp\/v2\/tags?post=2837"}],"curies":[{"name":"wp","href":"https:\/\/api.w.org\/{rel}","templated":true}]}}