{"id":2484,"date":"2019-04-30T15:11:31","date_gmt":"2019-04-30T15:11:31","guid":{"rendered":"https:\/\/www.milar.es\/blog\/?p=2484"},"modified":"2024-06-24T09:55:51","modified_gmt":"2024-06-24T09:55:51","slug":"microondas-pequenos-para-todo-tipo-de-estancias-conoce-sus-medidas","status":"publish","type":"post","link":"https:\/\/www.milar.es\/blog\/microondas-pequenos-para-todo-tipo-de-estancias-conoce-sus-medidas\/","title":{"rendered":"Conoce cu\u00e1les son las medidas de un microondas peque\u00f1o"},"content":{"rendered":"\n<p><span style=\"font-weight: 400;\">Un <\/span><strong><a href=\"https:\/\/www.milar.es\/microondas-cocina.html\">microondas<\/a><\/strong><span style=\"font-weight: 400;\"> es el<strong> peque\u00f1o electrodom\u00e9stico<\/strong> perfecto tanto para calentar los platos ya cocinados como para cocinar toda clase de recetas. <\/span>En este art\u00edculo de <strong><a href=\"https:\/\/www.milar.es\/\" target=\"_blank\" rel=\"noreferrer noopener\">Milar<\/a><\/strong> t<span style=\"font-weight: 400;\">e vamos a contar todo sobre los <\/span><b>mejores <a href=\"https:\/\/www.milar.es\/microondas-pequenos.html\">microondas peque\u00f1os<\/a><\/b><span style=\"font-weight: 400;\"> y sobre las <strong>medidas de un microondas<\/strong> para que elijas sin problemas el modelos que mejor encaje contigo y con tu hogar.<\/span><\/p>\n\n\n<div class=\"wp-block-image\">\n<figure class=\"aligncenter size-large\"><img loading=\"lazy\" decoding=\"async\" width=\"700\" height=\"467\" src=\"https:\/\/www.milar.es\/blog\/wp-content\/uploads\/2024\/03\/microondas-medidas-700x467.jpg\" alt=\"medidas de un microondas\" class=\"wp-image-13798\" srcset=\"https:\/\/www.milar.es\/blog\/wp-content\/uploads\/2024\/03\/microondas-medidas-700x467.jpg 700w, https:\/\/www.milar.es\/blog\/wp-content\/uploads\/2024\/03\/microondas-medidas-250x167.jpg 250w, https:\/\/www.milar.es\/blog\/wp-content\/uploads\/2024\/03\/microondas-medidas-768x512.jpg 768w, https:\/\/www.milar.es\/blog\/wp-content\/uploads\/2024\/03\/microondas-medidas-120x80.jpg 120w, https:\/\/www.milar.es\/blog\/wp-content\/uploads\/2024\/03\/microondas-medidas.jpg 1200w\" sizes=\"auto, (max-width: 700px) 100vw, 700px\" \/><\/figure>\n<\/div>\n\n\n<h2 class=\"wp-block-heading has-text-align-center\">\u00bfCu\u00e1nto mide un microondas?<\/h2>\n\n\n\n<p>Hoy en d\u00eda existen numerosos modelos de este electrodom\u00e9stico con todo tipo de <strong>tama\u00f1os microondas<\/strong>. Pero s\u00ed existen unas ciertas medidas est\u00e1ndar de microondas, especialmente en cuanto al <strong>ancho<\/strong>, el cual suele rondar los 45cm-50cm. Las <strong>medidas microondas<\/strong> de <strong>fondo <\/strong>suelen ser de unos 35cm y el <strong>alto <\/strong>de entre 25 y 28cm. Las <strong>medidas de un microondas<\/strong> tambi\u00e9n afectan a la capacidad de la cavidad, y la m\u00e1s com\u00fan ronda entre los 20 y 25 litros.<\/p>\n\n\n\n<p>Estos son los microondas m\u00e1s t\u00edpicos que se suelen colocar en cualquier cocina, pero c<span style=\"font-weight: 400;\">abe se\u00f1alar que los modelos de <strong>microondas peque\u00f1os<\/strong> se pueden instalar en todo tipo de lugares por su dise\u00f1o compacto. Incluso puedes optar p<\/span><b>or microondas peque\u00f1os para caravanas<\/b><span style=\"font-weight: 400;\"> y disfrutar siempre de comida caliente en todas tus viajes. Tambi\u00e9n puedes encontrar en el mercado <b>microondas<\/b> <\/span><b><a href=\"https:\/\/www.milar.es\/hornos-pequenos.html\">hornos peque\u00f1os<\/a><\/b><span style=\"font-weight: 400;\">\u00a0en los que podr\u00e1s llevar a cabo toda clase de recetas. <\/span><\/p>\n\n\n\n<p><span style=\"font-weight: 400;\">Si simplemente buscas un modelo para calentar, con un <\/span><b>microondas peque\u00f1o sin grill<\/b><span style=\"font-weight: 400;\"> tendr\u00e1s suficiente. En el caso de querer utilizarlo para llevar a cabo toda clase de recetas, es mejor optar por un<\/span><b> microondas que cuente con grill<\/b><span style=\"font-weight: 400;\">. Mediante esta funci\u00f3n se puede desde tostar hasta gratinar los mejor platos.\u00a0<\/span><\/p>\n\n\n\n<p>Aunque no existe una <strong>medida microondas est\u00e1ndar<\/strong> dentro de los modelos peque\u00f1os, s\u00ed que se pueden determinar algunos par\u00e1metros: <\/p>\n\n\n\n<ul class=\"wp-block-list\">\n<li><strong>Capacidad microondas peque\u00f1os<\/strong>. <span style=\"font-weight: 400;\">Hay que destacar que la mayor\u00eda de <\/span><b>microondas peque\u00f1os son de 10 litros o 15 litros<\/b><span style=\"font-weight: 400;\">.<\/span><\/li>\n\n\n\n<li><strong>Dimensi\u00f3n microondas peque\u00f1os<\/strong>. <span style=\"font-weight: 400;\">En funci\u00f3n del tipo de capacidad, las<\/span><b> dimensiones de un los modelos m\u00e1s peque\u00f1os <\/b><span style=\"font-weight: 400;\">suelen variar. Los modelos que cuentan con una capacidad menor de 20 litros, suelen contar con<strong> 46 cm de anchura<\/strong>, <strong>29 cm de altura<\/strong> y unos <strong>32 cm de profundidad<\/strong>. Cuanto mayor capacidad suelen contar con mayor profundidad y anchura, siendo la altura la que menos var\u00eda. <\/span><\/li>\n<\/ul>\n\n\n\n<p><span style=\"font-weight: 400;\">Por otro lado, si buscas un <strong>microondas integrable<\/strong>, deber\u00e1s tener en cuenta las medidas del hueco del mueble en el que se pretende instalarlo.<\/span><\/p>\n\n\n\n<p>Ahora que ya conoces las <strong>medidas de un microondas<\/strong> est\u00e1ndar y las <strong>medidas microondas peque\u00f1o<\/strong>, desde <strong>Milar<\/strong> te recomendamos modelos de <strong>microondas peque\u00f1os y econ\u00f3micos <\/strong>para que puedas disfrutar de platos calientes y sabrosos.<\/p>\n\n\n\n<h2 class=\"wp-block-heading has-text-align-center\">Comparativa de microondas peque\u00f1os<\/h2>\n\n\n\n<h3 class=\"wp-block-heading has-text-align-center\"><a href=\"https:\/\/www.milar.es\/microondas-libre-instalacion-teka-mwe225g-700.html\">Microondas Libre Instalaci\u00f3n Teka MWE225G<\/a><\/h3>\n\n\n\n<p><span style=\"font-weight: 400;\">Un modelo m\u00e1s moderno con el que puedes llevar a cabo toda clase de recetas es el <\/span><strong><b><a href=\"https:\/\/www.milar.es\/microondas-cocina\/de-teka.html\">microondas Teka<\/a> MWE225G<\/b><\/strong><span style=\"font-weight: 400;\"><strong> de 700 W<\/strong>. Su <strong>modo grill <\/strong>permite calentar r\u00e1pidamente y de una manera muy eficiente todo tipo de alimentos. Adem\u00e1s cuenta con <strong>8 men\u00fas <\/strong>a los que se puede acceder directamente desde el <strong>panel de control<\/strong>. Podr\u00e1s cocinar deliciosas recetas sin esfuerzo. Este modelo <strong><a href=\"https:\/\/www.milar.es\/teka.html\" target=\"_blank\" rel=\"noreferrer noopener\">Teka<\/a> <\/strong>de <strong>20 litros <\/strong>se puede colocar en cualquier hueco de la cocina al ser de libre instalaci\u00f3n. Tan solo necesitar\u00e1 una corriente el\u00e9ctrica cercana<\/span> para que comience a funcionar. <\/p>\n\n\n<div class=\"carrusel\"><ul class=\"recomendacion\"><\/ul><\/div>\n\n\n\n<h3 class=\"wp-block-heading has-text-align-center\"><a href=\"https:\/\/www.milar.es\/microondas-integrable-balay-3cg5172a2.html\">Microondas Integrable Balay 3CG5172A2<\/a><\/h3>\n\n\n\n<p><span style=\"font-weight: 400;\">Si buscas un modelo integrable, no hay problema, tambi\u00e9n tenemos opciones para ti. El <\/span><b><a href=\"https:\/\/www.milar.es\/microondas-cocina\/de-balay.html\">microondas Balay<\/a> de 800 W de potencia <\/b><span style=\"font-weight: 400;\">puede ser perfecto al contar con una<strong> instalaci\u00f3n integrable y un precioso acabado exterior en color gris antracita<\/strong>. Cuenta con capacidad de <strong>20 litros<\/strong>. E<\/span>ste modelo<span style=\"font-weight: 400;\"> <strong><a href=\"https:\/\/www.milar.es\/balay.html\" target=\"_blank\" rel=\"noreferrer noopener\">Balay<\/a><\/strong> incorpora un <strong>grill simult\u00e1neo<\/strong> que es capaz de tostar y dorar los alimentos mientras se calientan al combinarse la potencia de grill con la de microondas. <\/span>\u00a1Disfrutar\u00e1s de deliciosas recetas en su punto exacto de cocci\u00f3n con este mini electrodom\u00e9stico!<\/p>\n\n\n<div class=\"carrusel\"><ul class=\"recomendacion\"><\/ul><\/div>\n\n\n\n<h3 class=\"wp-block-heading has-text-align-center\"><a href=\"https:\/\/www.milar.es\/microondas-integrable-cecotec-grandheat-2590-built-in-blackrose.html\">Microondas Integrable Cecotec GRANDHEAT 2590 BUILT-IN BLACKROSE<\/a><\/h3>\n\n\n\n<p>Un modelo que te va a encantar por su modernidad, vanguardismo y un impecable dise\u00f1o integrado es este <strong><a href=\"https:\/\/www.milar.es\/microondas-cocina\/de-cecotec.html\">microondas Cecotec<\/a><\/strong>. Su <strong>acabado exterior en cristal negro con detalles en oro rosa<\/strong> va a suponer la distinci\u00f3n y sofisticaci\u00f3n m\u00e1s puras en tu cocina. Es de mayor tama\u00f1o y capacidad que los anteriores, por lo que podr\u00e1s disfrutar de <strong>25 litros <\/strong>de microondas. Este modelo de <strong><a href=\"https:\/\/www.milar.es\/cecotec.html\">Cecotec<\/a><\/strong> te permitir\u00e1 <strong>descongelar tus alimentos por tiempo o por peso<\/strong>, as\u00ed como cocinar con<strong> grill simult\u00e1neo<\/strong> y escoger entre<strong> 5 niveles de potencia de microondas.<\/strong> Lo tiene todo en un modelo que te encantar\u00e1 lucir en la cocina.<\/p>\n\n\n<div class=\"carrusel\"><ul class=\"recomendacion\"><\/ul><\/div>\n\n\n\n<p><span style=\"font-weight: 400;\">Tras todo el an\u00e1lisis de diferente modelos ya no puedes tener dudas para <\/span><b>comprar microondas peque\u00f1os<\/b><span style=\"font-weight: 400;\">. En nuestro ampl\u00edo cat\u00e1logo puedes <\/span><b>encontrar modelos de <a href=\"https:\/\/www.milar.es\/blog\/microondas-sin-plato-giratorio-conoce-todas-sus-ventajas\/\">microondas sin plato giratorio<\/a> de menor tama\u00f1o a todo tipo de precios<\/b><span style=\"font-weight: 400;\">, por lo que solamente debes optar por el que mejor se ajuste a tus necesidades y a tu bolsillo. Adem\u00e1s, desde <strong>Milar <\/strong>ofrecemos<strong> precios y&nbsp;<\/strong><\/span><b>ofertas en microondas peque\u00f1os<\/b><span style=\"font-weight: 400;\">, grandes y con toda clase de funciones. <\/span>Consulta el amplio cat\u00e1logo de productos peque\u00f1os disponibles como <strong><a href=\"https:\/\/www.milar.es\/blog\/tostador-pequeno-para-cocinas-con-espacio-reducido\/\" target=\"_blank\" rel=\"noreferrer noopener\">tostador peque\u00f1o<\/a><\/strong> para que elijas el  modelo perfecto para ti.<\/p>\n\n\n\n<p><span style=\"font-weight: 400;\">No te pierdas todo lo que te contamos en los siguientes art\u00edculos relacionados:<\/span><\/p>\n\n\n\n<p><span style=\"font-weight: 400;\"><strong><a href=\"https:\/\/www.milar.es\/blog\/microondas-de-acero-inoxidable-descubre-los-ultimos-disenos-inox\/\" target=\"_blank\" rel=\"noreferrer noopener\">Microondas de acero inoxidable, descubre los \u00faltimos dise\u00f1os inox<\/a><\/strong><\/span><\/p>\n\n\n\n<p><span style=\"font-weight: 400;\"><strong><a href=\"https:\/\/www.milar.es\/blog\/recetas-en-microondas-cocina-rapidamente-y-sin-esfuerzos\/\" target=\"_blank\" rel=\"noreferrer noopener\">Recetas en microondas: cocina r\u00e1pidamente y sin esfuerzos <\/a><\/strong><\/span><\/p>\n\n\n\n<p><span style=\"font-weight: 400;\"><a href=\"https:\/\/www.milar.es\/blog\/microondas-sin-plato-giratorio-conoce-todas-sus-ventajas\/\" target=\"_blank\" rel=\"noreferrer noopener\"><strong>Microondas sin plato giratorio: conoce todas &nbsp;sus ventajas<\/strong><\/a><\/span><\/p>\n","protected":false},"excerpt":{"rendered":"Un microondas es el peque\u00f1o electrodom\u00e9stico perfecto tanto para calentar los platos ya cocinados como para cocinar toda clase de recetas. En este art\u00edculo de Milar te vamos a contar todo sobre los mejores microondas peque\u00f1os y sobre las medidas de un microondas para que elijas sin problemas el modelos&#8230; <a class=\"view-article\" href=\"https:\/\/www.milar.es\/blog\/microondas-pequenos-para-todo-tipo-de-estancias-conoce-sus-medidas\/\">Ver art\u00edculo<\/a>","protected":false},"author":1,"featured_media":13798,"comment_status":"closed","ping_status":"closed","sticky":false,"template":"","format":"standard","meta":{"footnotes":""},"categories":[20,2,15],"tags":[],"class_list":["post-2484","post","type-post","status-publish","format-standard","has-post-thumbnail","hentry","category-cocina","category-electrodomesticos","category-hogar"],"yoast_head":"<!-- This site is optimized with the Yoast SEO plugin v27.5 - https:\/\/yoast.com\/product\/yoast-seo-wordpress\/ -->\n<title>Conoce cu\u00e1les son las medidas de un microondas peque\u00f1o - Milar Tendencias de electrodom\u00e9sticos<\/title>\n<meta name=\"description\" content=\"Encuentra los mejores microondas peque\u00f1os y descubre las medidas de un microondas para colocar este electrodom\u00e9stico en tu hogar.\" \/>\n<meta name=\"robots\" content=\"index, follow, max-snippet:-1, max-image-preview:large, max-video-preview:-1\" \/>\n<link rel=\"canonical\" href=\"https:\/\/www.milar.es\/blog\/microondas-pequenos-para-todo-tipo-de-estancias-conoce-sus-medidas\/\" \/>\n<meta property=\"og:locale\" content=\"es_ES\" \/>\n<meta property=\"og:type\" content=\"article\" \/>\n<meta property=\"og:title\" content=\"Conoce cu\u00e1les son las medidas de un microondas peque\u00f1o - Milar Tendencias de electrodom\u00e9sticos\" \/>\n<meta property=\"og:description\" content=\"Encuentra los mejores microondas peque\u00f1os y descubre las medidas de un microondas para colocar este electrodom\u00e9stico en tu hogar.\" \/>\n<meta property=\"og:url\" content=\"https:\/\/www.milar.es\/blog\/microondas-pequenos-para-todo-tipo-de-estancias-conoce-sus-medidas\/\" \/>\n<meta property=\"og:site_name\" content=\"Milar Tendencias de electrodom\u00e9sticos\" \/>\n<meta property=\"article:published_time\" content=\"2019-04-30T15:11:31+00:00\" \/>\n<meta property=\"article:modified_time\" content=\"2024-06-24T09:55:51+00:00\" \/>\n<meta property=\"og:image\" content=\"https:\/\/www.milar.es\/blog\/wp-content\/uploads\/2024\/03\/microondas-medidas.jpg\" \/>\n\t<meta property=\"og:image:width\" content=\"1200\" \/>\n\t<meta property=\"og:image:height\" content=\"800\" \/>\n\t<meta property=\"og:image:type\" content=\"image\/jpeg\" \/>\n<meta name=\"author\" content=\"Milar\" \/>\n<meta name=\"twitter:card\" content=\"summary_large_image\" \/>\n<meta name=\"twitter:label1\" content=\"Escrito por\" \/>\n\t<meta name=\"twitter:data1\" content=\"Milar\" \/>\n\t<meta name=\"twitter:label2\" content=\"Tiempo de lectura\" \/>\n\t<meta name=\"twitter:data2\" content=\"5 minutos\" \/>\n<script type=\"application\/ld+json\" class=\"yoast-schema-graph\">{\"@context\":\"https:\\\/\\\/schema.org\",\"@graph\":[{\"@type\":\"Article\",\"@id\":\"https:\\\/\\\/www.milar.es\\\/blog\\\/microondas-pequenos-para-todo-tipo-de-estancias-conoce-sus-medidas\\\/#article\",\"isPartOf\":{\"@id\":\"https:\\\/\\\/www.milar.es\\\/blog\\\/microondas-pequenos-para-todo-tipo-de-estancias-conoce-sus-medidas\\\/\"},\"author\":{\"name\":\"Milar\",\"@id\":\"https:\\\/\\\/www.milar.es\\\/blog\\\/#\\\/schema\\\/person\\\/a63c4965e2d32a22be88aabb90c4f11f\"},\"headline\":\"Conoce cu\u00e1les son las medidas de un microondas peque\u00f1o\",\"datePublished\":\"2019-04-30T15:11:31+00:00\",\"dateModified\":\"2024-06-24T09:55:51+00:00\",\"mainEntityOfPage\":{\"@id\":\"https:\\\/\\\/www.milar.es\\\/blog\\\/microondas-pequenos-para-todo-tipo-de-estancias-conoce-sus-medidas\\\/\"},\"wordCount\":949,\"image\":{\"@id\":\"https:\\\/\\\/www.milar.es\\\/blog\\\/microondas-pequenos-para-todo-tipo-de-estancias-conoce-sus-medidas\\\/#primaryimage\"},\"thumbnailUrl\":\"https:\\\/\\\/www.milar.es\\\/blog\\\/wp-content\\\/uploads\\\/2024\\\/03\\\/microondas-medidas.jpg\",\"articleSection\":[\"Cocina\",\"Electrodom\u00e9sticos\",\"Hogar\"],\"inLanguage\":\"es\"},{\"@type\":\"WebPage\",\"@id\":\"https:\\\/\\\/www.milar.es\\\/blog\\\/microondas-pequenos-para-todo-tipo-de-estancias-conoce-sus-medidas\\\/\",\"url\":\"https:\\\/\\\/www.milar.es\\\/blog\\\/microondas-pequenos-para-todo-tipo-de-estancias-conoce-sus-medidas\\\/\",\"name\":\"Conoce cu\u00e1les son las medidas de un microondas peque\u00f1o - Milar Tendencias de electrodom\u00e9sticos\",\"isPartOf\":{\"@id\":\"https:\\\/\\\/www.milar.es\\\/blog\\\/#website\"},\"primaryImageOfPage\":{\"@id\":\"https:\\\/\\\/www.milar.es\\\/blog\\\/microondas-pequenos-para-todo-tipo-de-estancias-conoce-sus-medidas\\\/#primaryimage\"},\"image\":{\"@id\":\"https:\\\/\\\/www.milar.es\\\/blog\\\/microondas-pequenos-para-todo-tipo-de-estancias-conoce-sus-medidas\\\/#primaryimage\"},\"thumbnailUrl\":\"https:\\\/\\\/www.milar.es\\\/blog\\\/wp-content\\\/uploads\\\/2024\\\/03\\\/microondas-medidas.jpg\",\"datePublished\":\"2019-04-30T15:11:31+00:00\",\"dateModified\":\"2024-06-24T09:55:51+00:00\",\"author\":{\"@id\":\"https:\\\/\\\/www.milar.es\\\/blog\\\/#\\\/schema\\\/person\\\/a63c4965e2d32a22be88aabb90c4f11f\"},\"description\":\"Encuentra los mejores microondas peque\u00f1os y descubre las medidas de un microondas para colocar este electrodom\u00e9stico en tu hogar.\",\"breadcrumb\":{\"@id\":\"https:\\\/\\\/www.milar.es\\\/blog\\\/microondas-pequenos-para-todo-tipo-de-estancias-conoce-sus-medidas\\\/#breadcrumb\"},\"inLanguage\":\"es\",\"potentialAction\":[{\"@type\":\"ReadAction\",\"target\":[\"https:\\\/\\\/www.milar.es\\\/blog\\\/microondas-pequenos-para-todo-tipo-de-estancias-conoce-sus-medidas\\\/\"]}]},{\"@type\":\"ImageObject\",\"inLanguage\":\"es\",\"@id\":\"https:\\\/\\\/www.milar.es\\\/blog\\\/microondas-pequenos-para-todo-tipo-de-estancias-conoce-sus-medidas\\\/#primaryimage\",\"url\":\"https:\\\/\\\/www.milar.es\\\/blog\\\/wp-content\\\/uploads\\\/2024\\\/03\\\/microondas-medidas.jpg\",\"contentUrl\":\"https:\\\/\\\/www.milar.es\\\/blog\\\/wp-content\\\/uploads\\\/2024\\\/03\\\/microondas-medidas.jpg\",\"width\":1200,\"height\":800,\"caption\":\"medidas de un microondas\"},{\"@type\":\"BreadcrumbList\",\"@id\":\"https:\\\/\\\/www.milar.es\\\/blog\\\/microondas-pequenos-para-todo-tipo-de-estancias-conoce-sus-medidas\\\/#breadcrumb\",\"itemListElement\":[{\"@type\":\"ListItem\",\"position\":1,\"name\":\"Home\",\"item\":\"https:\\\/\\\/www.milar.es\\\/blog\\\/\"},{\"@type\":\"ListItem\",\"position\":2,\"name\":\"Conoce cu\u00e1les son las medidas de un microondas peque\u00f1o\"}]},{\"@type\":\"WebSite\",\"@id\":\"https:\\\/\\\/www.milar.es\\\/blog\\\/#website\",\"url\":\"https:\\\/\\\/www.milar.es\\\/blog\\\/\",\"name\":\"Milar Tendencias de electrodom\u00e9sticos\",\"description\":\"\",\"potentialAction\":[{\"@type\":\"SearchAction\",\"target\":{\"@type\":\"EntryPoint\",\"urlTemplate\":\"https:\\\/\\\/www.milar.es\\\/blog\\\/?s={search_term_string}\"},\"query-input\":{\"@type\":\"PropertyValueSpecification\",\"valueRequired\":true,\"valueName\":\"search_term_string\"}}],\"inLanguage\":\"es\"},{\"@type\":\"Person\",\"@id\":\"https:\\\/\\\/www.milar.es\\\/blog\\\/#\\\/schema\\\/person\\\/a63c4965e2d32a22be88aabb90c4f11f\",\"name\":\"Milar\",\"image\":{\"@type\":\"ImageObject\",\"inLanguage\":\"es\",\"@id\":\"https:\\\/\\\/secure.gravatar.com\\\/avatar\\\/1ff5211459d04644acdbe2d949c2a8626dc0f1e355d4830331235d147f36505a?s=96&d=mm&r=g\",\"url\":\"https:\\\/\\\/secure.gravatar.com\\\/avatar\\\/1ff5211459d04644acdbe2d949c2a8626dc0f1e355d4830331235d147f36505a?s=96&d=mm&r=g\",\"contentUrl\":\"https:\\\/\\\/secure.gravatar.com\\\/avatar\\\/1ff5211459d04644acdbe2d949c2a8626dc0f1e355d4830331235d147f36505a?s=96&d=mm&r=g\",\"caption\":\"Milar\"}}]}<\/script>\n<!-- \/ Yoast SEO plugin. -->","yoast_head_json":{"title":"Conoce cu\u00e1les son las medidas de un microondas peque\u00f1o - Milar Tendencias de electrodom\u00e9sticos","description":"Encuentra los mejores microondas peque\u00f1os y descubre las medidas de un microondas para colocar este electrodom\u00e9stico en tu hogar.","robots":{"index":"index","follow":"follow","max-snippet":"max-snippet:-1","max-image-preview":"max-image-preview:large","max-video-preview":"max-video-preview:-1"},"canonical":"https:\/\/www.milar.es\/blog\/microondas-pequenos-para-todo-tipo-de-estancias-conoce-sus-medidas\/","og_locale":"es_ES","og_type":"article","og_title":"Conoce cu\u00e1les son las medidas de un microondas peque\u00f1o - Milar Tendencias de electrodom\u00e9sticos","og_description":"Encuentra los mejores microondas peque\u00f1os y descubre las medidas de un microondas para colocar este electrodom\u00e9stico en tu hogar.","og_url":"https:\/\/www.milar.es\/blog\/microondas-pequenos-para-todo-tipo-de-estancias-conoce-sus-medidas\/","og_site_name":"Milar Tendencias de electrodom\u00e9sticos","article_published_time":"2019-04-30T15:11:31+00:00","article_modified_time":"2024-06-24T09:55:51+00:00","og_image":[{"width":1200,"height":800,"url":"https:\/\/www.milar.es\/blog\/wp-content\/uploads\/2024\/03\/microondas-medidas.jpg","type":"image\/jpeg"}],"author":"Milar","twitter_card":"summary_large_image","twitter_misc":{"Escrito por":"Milar","Tiempo de lectura":"5 minutos"},"schema":{"@context":"https:\/\/schema.org","@graph":[{"@type":"Article","@id":"https:\/\/www.milar.es\/blog\/microondas-pequenos-para-todo-tipo-de-estancias-conoce-sus-medidas\/#article","isPartOf":{"@id":"https:\/\/www.milar.es\/blog\/microondas-pequenos-para-todo-tipo-de-estancias-conoce-sus-medidas\/"},"author":{"name":"Milar","@id":"https:\/\/www.milar.es\/blog\/#\/schema\/person\/a63c4965e2d32a22be88aabb90c4f11f"},"headline":"Conoce cu\u00e1les son las medidas de un microondas peque\u00f1o","datePublished":"2019-04-30T15:11:31+00:00","dateModified":"2024-06-24T09:55:51+00:00","mainEntityOfPage":{"@id":"https:\/\/www.milar.es\/blog\/microondas-pequenos-para-todo-tipo-de-estancias-conoce-sus-medidas\/"},"wordCount":949,"image":{"@id":"https:\/\/www.milar.es\/blog\/microondas-pequenos-para-todo-tipo-de-estancias-conoce-sus-medidas\/#primaryimage"},"thumbnailUrl":"https:\/\/www.milar.es\/blog\/wp-content\/uploads\/2024\/03\/microondas-medidas.jpg","articleSection":["Cocina","Electrodom\u00e9sticos","Hogar"],"inLanguage":"es"},{"@type":"WebPage","@id":"https:\/\/www.milar.es\/blog\/microondas-pequenos-para-todo-tipo-de-estancias-conoce-sus-medidas\/","url":"https:\/\/www.milar.es\/blog\/microondas-pequenos-para-todo-tipo-de-estancias-conoce-sus-medidas\/","name":"Conoce cu\u00e1les son las medidas de un microondas peque\u00f1o - Milar Tendencias de electrodom\u00e9sticos","isPartOf":{"@id":"https:\/\/www.milar.es\/blog\/#website"},"primaryImageOfPage":{"@id":"https:\/\/www.milar.es\/blog\/microondas-pequenos-para-todo-tipo-de-estancias-conoce-sus-medidas\/#primaryimage"},"image":{"@id":"https:\/\/www.milar.es\/blog\/microondas-pequenos-para-todo-tipo-de-estancias-conoce-sus-medidas\/#primaryimage"},"thumbnailUrl":"https:\/\/www.milar.es\/blog\/wp-content\/uploads\/2024\/03\/microondas-medidas.jpg","datePublished":"2019-04-30T15:11:31+00:00","dateModified":"2024-06-24T09:55:51+00:00","author":{"@id":"https:\/\/www.milar.es\/blog\/#\/schema\/person\/a63c4965e2d32a22be88aabb90c4f11f"},"description":"Encuentra los mejores microondas peque\u00f1os y descubre las medidas de un microondas para colocar este electrodom\u00e9stico en tu hogar.","breadcrumb":{"@id":"https:\/\/www.milar.es\/blog\/microondas-pequenos-para-todo-tipo-de-estancias-conoce-sus-medidas\/#breadcrumb"},"inLanguage":"es","potentialAction":[{"@type":"ReadAction","target":["https:\/\/www.milar.es\/blog\/microondas-pequenos-para-todo-tipo-de-estancias-conoce-sus-medidas\/"]}]},{"@type":"ImageObject","inLanguage":"es","@id":"https:\/\/www.milar.es\/blog\/microondas-pequenos-para-todo-tipo-de-estancias-conoce-sus-medidas\/#primaryimage","url":"https:\/\/www.milar.es\/blog\/wp-content\/uploads\/2024\/03\/microondas-medidas.jpg","contentUrl":"https:\/\/www.milar.es\/blog\/wp-content\/uploads\/2024\/03\/microondas-medidas.jpg","width":1200,"height":800,"caption":"medidas de un microondas"},{"@type":"BreadcrumbList","@id":"https:\/\/www.milar.es\/blog\/microondas-pequenos-para-todo-tipo-de-estancias-conoce-sus-medidas\/#breadcrumb","itemListElement":[{"@type":"ListItem","position":1,"name":"Home","item":"https:\/\/www.milar.es\/blog\/"},{"@type":"ListItem","position":2,"name":"Conoce cu\u00e1les son las medidas de un microondas peque\u00f1o"}]},{"@type":"WebSite","@id":"https:\/\/www.milar.es\/blog\/#website","url":"https:\/\/www.milar.es\/blog\/","name":"Milar Tendencias de electrodom\u00e9sticos","description":"","potentialAction":[{"@type":"SearchAction","target":{"@type":"EntryPoint","urlTemplate":"https:\/\/www.milar.es\/blog\/?s={search_term_string}"},"query-input":{"@type":"PropertyValueSpecification","valueRequired":true,"valueName":"search_term_string"}}],"inLanguage":"es"},{"@type":"Person","@id":"https:\/\/www.milar.es\/blog\/#\/schema\/person\/a63c4965e2d32a22be88aabb90c4f11f","name":"Milar","image":{"@type":"ImageObject","inLanguage":"es","@id":"https:\/\/secure.gravatar.com\/avatar\/1ff5211459d04644acdbe2d949c2a8626dc0f1e355d4830331235d147f36505a?s=96&d=mm&r=g","url":"https:\/\/secure.gravatar.com\/avatar\/1ff5211459d04644acdbe2d949c2a8626dc0f1e355d4830331235d147f36505a?s=96&d=mm&r=g","contentUrl":"https:\/\/secure.gravatar.com\/avatar\/1ff5211459d04644acdbe2d949c2a8626dc0f1e355d4830331235d147f36505a?s=96&d=mm&r=g","caption":"Milar"}}]}},"_links":{"self":[{"href":"https:\/\/www.milar.es\/blog\/wp-json\/wp\/v2\/posts\/2484","targetHints":{"allow":["GET"]}}],"collection":[{"href":"https:\/\/www.milar.es\/blog\/wp-json\/wp\/v2\/posts"}],"about":[{"href":"https:\/\/www.milar.es\/blog\/wp-json\/wp\/v2\/types\/post"}],"author":[{"embeddable":true,"href":"https:\/\/www.milar.es\/blog\/wp-json\/wp\/v2\/users\/1"}],"replies":[{"embeddable":true,"href":"https:\/\/www.milar.es\/blog\/wp-json\/wp\/v2\/comments?post=2484"}],"version-history":[{"count":21,"href":"https:\/\/www.milar.es\/blog\/wp-json\/wp\/v2\/posts\/2484\/revisions"}],"predecessor-version":[{"id":13805,"href":"https:\/\/www.milar.es\/blog\/wp-json\/wp\/v2\/posts\/2484\/revisions\/13805"}],"wp:featuredmedia":[{"embeddable":true,"href":"https:\/\/www.milar.es\/blog\/wp-json\/wp\/v2\/media\/13798"}],"wp:attachment":[{"href":"https:\/\/www.milar.es\/blog\/wp-json\/wp\/v2\/media?parent=2484"}],"wp:term":[{"taxonomy":"category","embeddable":true,"href":"https:\/\/www.milar.es\/blog\/wp-json\/wp\/v2\/categories?post=2484"},{"taxonomy":"post_tag","embeddable":true,"href":"https:\/\/www.milar.es\/blog\/wp-json\/wp\/v2\/tags?post=2484"}],"curies":[{"name":"wp","href":"https:\/\/api.w.org\/{rel}","templated":true}]}}