{"id":2317,"date":"2019-03-18T12:18:01","date_gmt":"2019-03-18T12:18:01","guid":{"rendered":"https:\/\/www.milar.es\/blog\/?p=2317"},"modified":"2019-03-18T14:25:52","modified_gmt":"2019-03-18T14:25:52","slug":"camara-reflex-canon-analisis-caracteristicas-componentes","status":"publish","type":"post","link":"https:\/\/www.milar.es\/blog\/camara-reflex-canon-analisis-caracteristicas-componentes\/","title":{"rendered":"C\u00e1mara R\u00e9flex Canon, An\u00e1lisis de sus caracter\u00edsticas y componentes"},"content":{"rendered":"<p>Si te gusta el mundo de la fotograf\u00eda, puedes conocer todo acerca de la c\u00e1mara R\u00e9flex <strong><a href=\"https:\/\/www.milar.es\/canon.html\">Canon<\/a><\/strong>. No te puedes perder el siguiente an\u00e1lisis sobre las caracter\u00edsticas de los mejores modelos de esta marca profesional de <a href=\"https:\/\/www.milar.es\/camaras-videocamaras.html\">c\u00e1maras y videoc\u00e1maras<\/a>.<\/p>\n<p><img loading=\"lazy\" decoding=\"async\" class=\"aligncenter size-full wp-image-2318\" src=\"https:\/\/www.milar.es\/blog\/wp-content\/uploads\/2019\/03\/c\u00e1mara-R\u00e9flex-Canon.jpg\" alt=\"c\u00e1mara R\u00e9flex Canon\" width=\"348\" height=\"220\" \/><\/p>\n<p>Tanto si necesitas una <strong>c\u00e1mara R\u00e9flex Canon para principiantes<\/strong> como para aficionados, debes tener en cuenta ciertos aspectos. Con cualquier modelo de la gama b\u00e1sica se consigue una gran calidad de imagen as\u00ed como toda clase de experiencias creativas.<\/p>\n<p>&nbsp;<\/p>\n<p>Varias son las caracter\u00edsticas b\u00e1sicas que se deben tener en cuenta para optar por <strong>la<\/strong> <strong>mejor c\u00e1mara R\u00e9flex Canon<\/strong>. Para lograr un escena m\u00e1s limpia desde el objetivo es necesario un buen visor \u00f3ptico. Este componente consigue una visi\u00f3n directa de la escena gracias al sistema de espejo y prisma, centrando la atenci\u00f3n en el encuadre.<\/p>\n<p>Otro componente es el sistema de enfoque por detecci\u00f3n de fase dedicado, un sensor independiente ofrece un enfoque autom\u00e1tico de forma r\u00e1pida. Por lo que se consigue enfocar r\u00e1pidamente cualquier escena.<\/p>\n<p>Para el uso m\u00e1s f\u00e1cil y c\u00f3modo de la c\u00e1mara es recomendable que cuente con un control total de los diferentes par\u00e1metros como son la sensibilidad, la velocidad de obturaci\u00f3n o la apertura del diafragma. Asimismo, como la posibilidad de regularse autom\u00e1ticamente como es el caso del modo manual. De esta forma el fot\u00f3grafo puede escoger c\u00f3mo tomar cada una de las instant\u00e1neas.<\/p>\n<p>Este tipo de c\u00e1maras digitales almacena las fotograf\u00edas en formato RAW, permitiendo guardar las fotos con toda la informaci\u00f3n y los par\u00e1metros con los que se toman las im\u00e1genes.<\/p>\n<p>Por \u00faltimo, mediante los objetivos intercambiables se pueden adaptar cada una de las escenas fotografiadas. Se trata de unos de los <strong>accesorios c\u00e1mara R\u00e9flex Canon<\/strong> m\u00e1s importantes puesto que con cada tipo de objetivo se consigue un tipo de encuadre u otro, as\u00ed como diferentes par\u00e1metros.<\/p>\n<p>&nbsp;<\/p>\n<p>Seg\u00fan el uso que le vayas a dar necesitar\u00e1s unos u otros accesorios para lograr inmortalizar cada uno de los detalles que quieras fotografiar o grabar. Con un buen <strong>micr\u00f3fono para c\u00e1mara R\u00e9flex Canon<\/strong> podr\u00e1s grabar toda clase de cortos y v\u00eddeos con total claridad de sonido. Con este tipo de accesorio no es necesario contar con una videoc\u00e1mara para lograr v\u00eddeos profesionales con alta calidad de imagen y sonido.<\/p>\n<p>&nbsp;<\/p>\n<p>Asimismo, algo muy importante es c\u00f3mo <strong>limpiar una c\u00e1mara R\u00e9flex Canon<\/strong>. Para evitar que las fotos tengan manchas por part\u00edculas de polvo es conveniente realizar una limpieza cada cierto tiempo. Sobre todo es aconsejable limpiar la c\u00e1mara cuando se est\u00e1 constantemente cambiando el objetivo. A la hora de limpiar la c\u00e1mara hay que retirar el objetivo, poner la c\u00e1mara boca abajo y utilizar una pera de aire si es posible. Tambi\u00e9n existen pinceles especiales o limpiadores en l\u00edquido con los que se pueden limpiar toda clase de objetivos y c\u00e1maras.<\/p>\n<p>&nbsp;<\/p>\n<p>Mediante la <strong><a href=\"https:\/\/www.milar.es\/camara-de-fotos-canon-eos4000d-vuk.html\">c\u00e1mara R\u00e9flex Canon EOS 4000D<\/a><\/strong> puedes dar rienda suelta a tu creatividad. Con este modelo puedes hacer toda clase de fotograf\u00edas y v\u00eddeos. Es una c\u00e1mara perfecta para principiantes gracias a su modo escena autom\u00e1tica e inteligente. Con tan solo apuntar y disparar lograr\u00e1s im\u00e1genes de gran calidad. Adem\u00e1s, su enfoque autom\u00e1tico de 9 puntos encuadra la escena sin tener que preocuparse por nada.<\/p>\n<p>Esta <strong>c\u00e1mara R\u00e9flex Canon con Wi-Fi<\/strong> permite conectar otro tipo de dispositivos de forma inal\u00e1mbrica para compartir en directo todas las fotos y pel\u00edculas. Tambi\u00e9n puedes inmortalizar fotograf\u00edas diferentes y que llamen la atenci\u00f3n gracias a sus filtros creativos.<\/p>\n<p>Incluso permite realizar v\u00eddeos en Full HD y de gran calidad mediante el EOS Movie. Con este sistema no tienes porque ser un profesional ya que se ajustan los par\u00e1metros autom\u00e1ticamente para proporcionar un v\u00eddeo de calidad cinematogr\u00e1fica.<\/p>\n<p>Desde <a href=\"https:\/\/www.milar.es\/\">Milar<\/a> te traemos este modelo junto a una tarjeta SD y una funda donde almacenar correctamente la c\u00e1mara. Sobre todo es importante contar con una bolsa o <strong>funda de c\u00e1mara R\u00e9flex Canon<\/strong> para guardarla en perfecto estado y evitar cualquier golpe o rotura de los accesorios.<\/p>\n<p><a href=\"https:\/\/www.milar.es\/camara-de-fotos-canon-eos4000d-vuk.html\"><img loading=\"lazy\" decoding=\"async\" class=\"aligncenter size-full wp-image-2319\" src=\"https:\/\/www.milar.es\/blog\/wp-content\/uploads\/2019\/03\/camara-reflex-canon-eos-4000d-milar.jpg\" alt=\"c\u00e1mara r\u00e9flex canon eos 4000d\" width=\"694\" height=\"254\" \/><\/a><\/p>\n<p>&nbsp;<\/p>\n<p>Ahora ya no te puede quedar ninguna duda sobre <strong>qu\u00e9 c\u00e1mara R\u00e9flex Canon comprar<\/strong>. El modelo nombrado se trata de una <strong>c\u00e1mara Reflex Canon barata<\/strong>, suele ser m\u00e1s barata que la <strong>c\u00e1mara R\u00e9flex Canon 1300D<\/strong> o que la <strong>c\u00e1mara R\u00e9flex Canon 2000D<\/strong>.<\/p>\n<p>Echa un vistazo a todas las c\u00e1maras digitales con las que contamos en nuestra tienda online. Descubre todos los modelos que ofrecemos y hazte con el que m\u00e1s se adapte a tus necesidades. Es una buena forma de entretenerse y empezar un nueva afici\u00f3n.<\/p>\n<p>No te pierdas estos art\u00edculos relacionados para convertirte en un aut\u00e9ntico profesional de la fotograf\u00eda.<\/p>\n<p><a href=\"https:\/\/www.milar.es\/blog\/sirve-la-apertura-una-camara-digital\/\">\u00bfPara qu\u00e9 sirve la apertura de una c\u00e1mara digital?<\/a><\/p>\n<p><a href=\"https:\/\/www.milar.es\/blog\/activar-webcam-facilmente-tan-solo-seguir-estos-pasos\/\">Activar Webcam f\u00e1cilmente con tan solo seguir estos pasos<\/a><\/p>\n<p><a href=\"https:\/\/www.milar.es\/blog\/conexion-hdmi-para-una-mayor-calidad-de-imagen-y-sonido\/\">Conexi\u00f3n HDMI para una mayor calidad de imagen y sonido<\/a><\/p>\n<p>&nbsp;<\/p>\n","protected":false},"excerpt":{"rendered":"Si te gusta el mundo de la fotograf\u00eda, puedes conocer todo acerca de la c\u00e1mara R\u00e9flex Canon. No te puedes perder el siguiente an\u00e1lisis sobre las caracter\u00edsticas de los mejores modelos de esta marca profesional de c\u00e1maras y videoc\u00e1maras. Tanto si necesitas una c\u00e1mara R\u00e9flex Canon para principiantes como para&#8230; <a class=\"view-article\" href=\"https:\/\/www.milar.es\/blog\/camara-reflex-canon-analisis-caracteristicas-componentes\/\">Ver art\u00edculo<\/a>","protected":false},"author":1,"featured_media":2318,"comment_status":"closed","ping_status":"closed","sticky":false,"template":"","format":"standard","meta":{"footnotes":""},"categories":[1,8],"tags":[],"class_list":["post-2317","post","type-post","status-publish","format-standard","has-post-thumbnail","hentry","category-entretenimiento","category-fotografia-y-videocamara"],"yoast_head":"<!-- This site is optimized with the Yoast SEO plugin v27.5 - https:\/\/yoast.com\/product\/yoast-seo-wordpress\/ -->\n<title>C\u00e1mara R\u00e9flex Canon, An\u00e1lisis de sus caracter\u00edsticas y componentes<\/title>\n<meta name=\"description\" content=\"Conoce todo los componentes a tener en cuenta en una c\u00e1mara R\u00e9flex Canon y los mejores modelos para comenzar a hacer fotograf\u00edas totalmente profesionales.\" \/>\n<meta name=\"robots\" content=\"index, follow, max-snippet:-1, max-image-preview:large, max-video-preview:-1\" \/>\n<link rel=\"canonical\" href=\"https:\/\/www.milar.es\/blog\/camara-reflex-canon-analisis-caracteristicas-componentes\/\" \/>\n<meta property=\"og:locale\" content=\"es_ES\" \/>\n<meta property=\"og:type\" content=\"article\" \/>\n<meta property=\"og:title\" content=\"C\u00e1mara R\u00e9flex Canon, An\u00e1lisis de sus caracter\u00edsticas y componentes\" \/>\n<meta property=\"og:description\" content=\"Conoce todo los componentes a tener en cuenta en una c\u00e1mara R\u00e9flex Canon y los mejores modelos para comenzar a hacer fotograf\u00edas totalmente profesionales.\" \/>\n<meta property=\"og:url\" content=\"https:\/\/www.milar.es\/blog\/camara-reflex-canon-analisis-caracteristicas-componentes\/\" \/>\n<meta property=\"og:site_name\" content=\"Milar Tendencias de electrodom\u00e9sticos\" \/>\n<meta property=\"article:published_time\" content=\"2019-03-18T12:18:01+00:00\" \/>\n<meta property=\"article:modified_time\" content=\"2019-03-18T14:25:52+00:00\" \/>\n<meta property=\"og:image\" content=\"https:\/\/www.milar.es\/blog\/wp-content\/uploads\/2019\/03\/c\u00e1mara-R\u00e9flex-Canon.jpg\" \/>\n\t<meta property=\"og:image:width\" content=\"348\" \/>\n\t<meta property=\"og:image:height\" content=\"220\" \/>\n\t<meta property=\"og:image:type\" content=\"image\/jpeg\" \/>\n<meta name=\"author\" content=\"Milar\" \/>\n<meta name=\"twitter:card\" content=\"summary_large_image\" \/>\n<meta name=\"twitter:label1\" content=\"Escrito por\" \/>\n\t<meta name=\"twitter:data1\" content=\"Milar\" \/>\n\t<meta name=\"twitter:label2\" content=\"Tiempo de lectura\" \/>\n\t<meta name=\"twitter:data2\" content=\"4 minutos\" \/>\n<script type=\"application\/ld+json\" class=\"yoast-schema-graph\">{\"@context\":\"https:\\\/\\\/schema.org\",\"@graph\":[{\"@type\":\"Article\",\"@id\":\"https:\\\/\\\/www.milar.es\\\/blog\\\/camara-reflex-canon-analisis-caracteristicas-componentes\\\/#article\",\"isPartOf\":{\"@id\":\"https:\\\/\\\/www.milar.es\\\/blog\\\/camara-reflex-canon-analisis-caracteristicas-componentes\\\/\"},\"author\":{\"name\":\"Milar\",\"@id\":\"https:\\\/\\\/www.milar.es\\\/blog\\\/#\\\/schema\\\/person\\\/a63c4965e2d32a22be88aabb90c4f11f\"},\"headline\":\"C\u00e1mara R\u00e9flex Canon, An\u00e1lisis de sus caracter\u00edsticas y componentes\",\"datePublished\":\"2019-03-18T12:18:01+00:00\",\"dateModified\":\"2019-03-18T14:25:52+00:00\",\"mainEntityOfPage\":{\"@id\":\"https:\\\/\\\/www.milar.es\\\/blog\\\/camara-reflex-canon-analisis-caracteristicas-componentes\\\/\"},\"wordCount\":901,\"image\":{\"@id\":\"https:\\\/\\\/www.milar.es\\\/blog\\\/camara-reflex-canon-analisis-caracteristicas-componentes\\\/#primaryimage\"},\"thumbnailUrl\":\"https:\\\/\\\/www.milar.es\\\/blog\\\/wp-content\\\/uploads\\\/2019\\\/03\\\/c\u00e1mara-R\u00e9flex-Canon.jpg\",\"articleSection\":[\"Entretenimiento\",\"Fotograf\u00eda y videocamara\"],\"inLanguage\":\"es\"},{\"@type\":\"WebPage\",\"@id\":\"https:\\\/\\\/www.milar.es\\\/blog\\\/camara-reflex-canon-analisis-caracteristicas-componentes\\\/\",\"url\":\"https:\\\/\\\/www.milar.es\\\/blog\\\/camara-reflex-canon-analisis-caracteristicas-componentes\\\/\",\"name\":\"C\u00e1mara R\u00e9flex Canon, An\u00e1lisis de sus caracter\u00edsticas y componentes\",\"isPartOf\":{\"@id\":\"https:\\\/\\\/www.milar.es\\\/blog\\\/#website\"},\"primaryImageOfPage\":{\"@id\":\"https:\\\/\\\/www.milar.es\\\/blog\\\/camara-reflex-canon-analisis-caracteristicas-componentes\\\/#primaryimage\"},\"image\":{\"@id\":\"https:\\\/\\\/www.milar.es\\\/blog\\\/camara-reflex-canon-analisis-caracteristicas-componentes\\\/#primaryimage\"},\"thumbnailUrl\":\"https:\\\/\\\/www.milar.es\\\/blog\\\/wp-content\\\/uploads\\\/2019\\\/03\\\/c\u00e1mara-R\u00e9flex-Canon.jpg\",\"datePublished\":\"2019-03-18T12:18:01+00:00\",\"dateModified\":\"2019-03-18T14:25:52+00:00\",\"author\":{\"@id\":\"https:\\\/\\\/www.milar.es\\\/blog\\\/#\\\/schema\\\/person\\\/a63c4965e2d32a22be88aabb90c4f11f\"},\"description\":\"Conoce todo los componentes a tener en cuenta en una c\u00e1mara R\u00e9flex Canon y los mejores modelos para comenzar a hacer fotograf\u00edas totalmente profesionales.\",\"breadcrumb\":{\"@id\":\"https:\\\/\\\/www.milar.es\\\/blog\\\/camara-reflex-canon-analisis-caracteristicas-componentes\\\/#breadcrumb\"},\"inLanguage\":\"es\",\"potentialAction\":[{\"@type\":\"ReadAction\",\"target\":[\"https:\\\/\\\/www.milar.es\\\/blog\\\/camara-reflex-canon-analisis-caracteristicas-componentes\\\/\"]}]},{\"@type\":\"ImageObject\",\"inLanguage\":\"es\",\"@id\":\"https:\\\/\\\/www.milar.es\\\/blog\\\/camara-reflex-canon-analisis-caracteristicas-componentes\\\/#primaryimage\",\"url\":\"https:\\\/\\\/www.milar.es\\\/blog\\\/wp-content\\\/uploads\\\/2019\\\/03\\\/c\u00e1mara-R\u00e9flex-Canon.jpg\",\"contentUrl\":\"https:\\\/\\\/www.milar.es\\\/blog\\\/wp-content\\\/uploads\\\/2019\\\/03\\\/c\u00e1mara-R\u00e9flex-Canon.jpg\",\"width\":348,\"height\":220,\"caption\":\"c\u00e1mara R\u00e9flex Canon\"},{\"@type\":\"BreadcrumbList\",\"@id\":\"https:\\\/\\\/www.milar.es\\\/blog\\\/camara-reflex-canon-analisis-caracteristicas-componentes\\\/#breadcrumb\",\"itemListElement\":[{\"@type\":\"ListItem\",\"position\":1,\"name\":\"Home\",\"item\":\"https:\\\/\\\/www.milar.es\\\/blog\\\/\"},{\"@type\":\"ListItem\",\"position\":2,\"name\":\"C\u00e1mara R\u00e9flex Canon, An\u00e1lisis de sus caracter\u00edsticas y componentes\"}]},{\"@type\":\"WebSite\",\"@id\":\"https:\\\/\\\/www.milar.es\\\/blog\\\/#website\",\"url\":\"https:\\\/\\\/www.milar.es\\\/blog\\\/\",\"name\":\"Milar Tendencias de electrodom\u00e9sticos\",\"description\":\"\",\"potentialAction\":[{\"@type\":\"SearchAction\",\"target\":{\"@type\":\"EntryPoint\",\"urlTemplate\":\"https:\\\/\\\/www.milar.es\\\/blog\\\/?s={search_term_string}\"},\"query-input\":{\"@type\":\"PropertyValueSpecification\",\"valueRequired\":true,\"valueName\":\"search_term_string\"}}],\"inLanguage\":\"es\"},{\"@type\":\"Person\",\"@id\":\"https:\\\/\\\/www.milar.es\\\/blog\\\/#\\\/schema\\\/person\\\/a63c4965e2d32a22be88aabb90c4f11f\",\"name\":\"Milar\",\"image\":{\"@type\":\"ImageObject\",\"inLanguage\":\"es\",\"@id\":\"https:\\\/\\\/secure.gravatar.com\\\/avatar\\\/1ff5211459d04644acdbe2d949c2a8626dc0f1e355d4830331235d147f36505a?s=96&d=mm&r=g\",\"url\":\"https:\\\/\\\/secure.gravatar.com\\\/avatar\\\/1ff5211459d04644acdbe2d949c2a8626dc0f1e355d4830331235d147f36505a?s=96&d=mm&r=g\",\"contentUrl\":\"https:\\\/\\\/secure.gravatar.com\\\/avatar\\\/1ff5211459d04644acdbe2d949c2a8626dc0f1e355d4830331235d147f36505a?s=96&d=mm&r=g\",\"caption\":\"Milar\"}}]}<\/script>\n<!-- \/ Yoast SEO plugin. -->","yoast_head_json":{"title":"C\u00e1mara R\u00e9flex Canon, An\u00e1lisis de sus caracter\u00edsticas y componentes","description":"Conoce todo los componentes a tener en cuenta en una c\u00e1mara R\u00e9flex Canon y los mejores modelos para comenzar a hacer fotograf\u00edas totalmente profesionales.","robots":{"index":"index","follow":"follow","max-snippet":"max-snippet:-1","max-image-preview":"max-image-preview:large","max-video-preview":"max-video-preview:-1"},"canonical":"https:\/\/www.milar.es\/blog\/camara-reflex-canon-analisis-caracteristicas-componentes\/","og_locale":"es_ES","og_type":"article","og_title":"C\u00e1mara R\u00e9flex Canon, An\u00e1lisis de sus caracter\u00edsticas y componentes","og_description":"Conoce todo los componentes a tener en cuenta en una c\u00e1mara R\u00e9flex Canon y los mejores modelos para comenzar a hacer fotograf\u00edas totalmente profesionales.","og_url":"https:\/\/www.milar.es\/blog\/camara-reflex-canon-analisis-caracteristicas-componentes\/","og_site_name":"Milar Tendencias de electrodom\u00e9sticos","article_published_time":"2019-03-18T12:18:01+00:00","article_modified_time":"2019-03-18T14:25:52+00:00","og_image":[{"width":348,"height":220,"url":"https:\/\/www.milar.es\/blog\/wp-content\/uploads\/2019\/03\/c\u00e1mara-R\u00e9flex-Canon.jpg","type":"image\/jpeg"}],"author":"Milar","twitter_card":"summary_large_image","twitter_misc":{"Escrito por":"Milar","Tiempo de lectura":"4 minutos"},"schema":{"@context":"https:\/\/schema.org","@graph":[{"@type":"Article","@id":"https:\/\/www.milar.es\/blog\/camara-reflex-canon-analisis-caracteristicas-componentes\/#article","isPartOf":{"@id":"https:\/\/www.milar.es\/blog\/camara-reflex-canon-analisis-caracteristicas-componentes\/"},"author":{"name":"Milar","@id":"https:\/\/www.milar.es\/blog\/#\/schema\/person\/a63c4965e2d32a22be88aabb90c4f11f"},"headline":"C\u00e1mara R\u00e9flex Canon, An\u00e1lisis de sus caracter\u00edsticas y componentes","datePublished":"2019-03-18T12:18:01+00:00","dateModified":"2019-03-18T14:25:52+00:00","mainEntityOfPage":{"@id":"https:\/\/www.milar.es\/blog\/camara-reflex-canon-analisis-caracteristicas-componentes\/"},"wordCount":901,"image":{"@id":"https:\/\/www.milar.es\/blog\/camara-reflex-canon-analisis-caracteristicas-componentes\/#primaryimage"},"thumbnailUrl":"https:\/\/www.milar.es\/blog\/wp-content\/uploads\/2019\/03\/c\u00e1mara-R\u00e9flex-Canon.jpg","articleSection":["Entretenimiento","Fotograf\u00eda y videocamara"],"inLanguage":"es"},{"@type":"WebPage","@id":"https:\/\/www.milar.es\/blog\/camara-reflex-canon-analisis-caracteristicas-componentes\/","url":"https:\/\/www.milar.es\/blog\/camara-reflex-canon-analisis-caracteristicas-componentes\/","name":"C\u00e1mara R\u00e9flex Canon, An\u00e1lisis de sus caracter\u00edsticas y componentes","isPartOf":{"@id":"https:\/\/www.milar.es\/blog\/#website"},"primaryImageOfPage":{"@id":"https:\/\/www.milar.es\/blog\/camara-reflex-canon-analisis-caracteristicas-componentes\/#primaryimage"},"image":{"@id":"https:\/\/www.milar.es\/blog\/camara-reflex-canon-analisis-caracteristicas-componentes\/#primaryimage"},"thumbnailUrl":"https:\/\/www.milar.es\/blog\/wp-content\/uploads\/2019\/03\/c\u00e1mara-R\u00e9flex-Canon.jpg","datePublished":"2019-03-18T12:18:01+00:00","dateModified":"2019-03-18T14:25:52+00:00","author":{"@id":"https:\/\/www.milar.es\/blog\/#\/schema\/person\/a63c4965e2d32a22be88aabb90c4f11f"},"description":"Conoce todo los componentes a tener en cuenta en una c\u00e1mara R\u00e9flex Canon y los mejores modelos para comenzar a hacer fotograf\u00edas totalmente profesionales.","breadcrumb":{"@id":"https:\/\/www.milar.es\/blog\/camara-reflex-canon-analisis-caracteristicas-componentes\/#breadcrumb"},"inLanguage":"es","potentialAction":[{"@type":"ReadAction","target":["https:\/\/www.milar.es\/blog\/camara-reflex-canon-analisis-caracteristicas-componentes\/"]}]},{"@type":"ImageObject","inLanguage":"es","@id":"https:\/\/www.milar.es\/blog\/camara-reflex-canon-analisis-caracteristicas-componentes\/#primaryimage","url":"https:\/\/www.milar.es\/blog\/wp-content\/uploads\/2019\/03\/c\u00e1mara-R\u00e9flex-Canon.jpg","contentUrl":"https:\/\/www.milar.es\/blog\/wp-content\/uploads\/2019\/03\/c\u00e1mara-R\u00e9flex-Canon.jpg","width":348,"height":220,"caption":"c\u00e1mara R\u00e9flex Canon"},{"@type":"BreadcrumbList","@id":"https:\/\/www.milar.es\/blog\/camara-reflex-canon-analisis-caracteristicas-componentes\/#breadcrumb","itemListElement":[{"@type":"ListItem","position":1,"name":"Home","item":"https:\/\/www.milar.es\/blog\/"},{"@type":"ListItem","position":2,"name":"C\u00e1mara R\u00e9flex Canon, An\u00e1lisis de sus caracter\u00edsticas y componentes"}]},{"@type":"WebSite","@id":"https:\/\/www.milar.es\/blog\/#website","url":"https:\/\/www.milar.es\/blog\/","name":"Milar Tendencias de electrodom\u00e9sticos","description":"","potentialAction":[{"@type":"SearchAction","target":{"@type":"EntryPoint","urlTemplate":"https:\/\/www.milar.es\/blog\/?s={search_term_string}"},"query-input":{"@type":"PropertyValueSpecification","valueRequired":true,"valueName":"search_term_string"}}],"inLanguage":"es"},{"@type":"Person","@id":"https:\/\/www.milar.es\/blog\/#\/schema\/person\/a63c4965e2d32a22be88aabb90c4f11f","name":"Milar","image":{"@type":"ImageObject","inLanguage":"es","@id":"https:\/\/secure.gravatar.com\/avatar\/1ff5211459d04644acdbe2d949c2a8626dc0f1e355d4830331235d147f36505a?s=96&d=mm&r=g","url":"https:\/\/secure.gravatar.com\/avatar\/1ff5211459d04644acdbe2d949c2a8626dc0f1e355d4830331235d147f36505a?s=96&d=mm&r=g","contentUrl":"https:\/\/secure.gravatar.com\/avatar\/1ff5211459d04644acdbe2d949c2a8626dc0f1e355d4830331235d147f36505a?s=96&d=mm&r=g","caption":"Milar"}}]}},"_links":{"self":[{"href":"https:\/\/www.milar.es\/blog\/wp-json\/wp\/v2\/posts\/2317","targetHints":{"allow":["GET"]}}],"collection":[{"href":"https:\/\/www.milar.es\/blog\/wp-json\/wp\/v2\/posts"}],"about":[{"href":"https:\/\/www.milar.es\/blog\/wp-json\/wp\/v2\/types\/post"}],"author":[{"embeddable":true,"href":"https:\/\/www.milar.es\/blog\/wp-json\/wp\/v2\/users\/1"}],"replies":[{"embeddable":true,"href":"https:\/\/www.milar.es\/blog\/wp-json\/wp\/v2\/comments?post=2317"}],"version-history":[{"count":4,"href":"https:\/\/www.milar.es\/blog\/wp-json\/wp\/v2\/posts\/2317\/revisions"}],"predecessor-version":[{"id":2323,"href":"https:\/\/www.milar.es\/blog\/wp-json\/wp\/v2\/posts\/2317\/revisions\/2323"}],"wp:featuredmedia":[{"embeddable":true,"href":"https:\/\/www.milar.es\/blog\/wp-json\/wp\/v2\/media\/2318"}],"wp:attachment":[{"href":"https:\/\/www.milar.es\/blog\/wp-json\/wp\/v2\/media?parent=2317"}],"wp:term":[{"taxonomy":"category","embeddable":true,"href":"https:\/\/www.milar.es\/blog\/wp-json\/wp\/v2\/categories?post=2317"},{"taxonomy":"post_tag","embeddable":true,"href":"https:\/\/www.milar.es\/blog\/wp-json\/wp\/v2\/tags?post=2317"}],"curies":[{"name":"wp","href":"https:\/\/api.w.org\/{rel}","templated":true}]}}