{"id":2310,"date":"2023-02-23T10:03:00","date_gmt":"2023-02-23T10:03:00","guid":{"rendered":"https:\/\/www.milar.es\/blog\/?p=2310"},"modified":"2023-06-08T08:59:35","modified_gmt":"2023-06-08T08:59:35","slug":"frigorificos-70-cm-caracteristicas-varios-modelos","status":"publish","type":"post","link":"https:\/\/www.milar.es\/blog\/frigorificos-70-cm-caracteristicas-varios-modelos\/","title":{"rendered":"Frigor\u00edficos 70 cm ancho. Caracter\u00edsticas y comparativa"},"content":{"rendered":"\n<p>\u00bfEst\u00e1s buscando un <strong><a href=\"https:\/\/www.milar.es\/blog\/nuevos-frigorificos-caracteristicas-y-modelos\/\" target=\"_blank\" rel=\"noreferrer noopener\">nuevo frigor\u00edfico<\/a><\/strong> para tu cocina? Los <strong><a href=\"https:\/\/www.milar.es\/frigorificos-cocina.html\" target=\"_blank\" rel=\"noreferrer noopener\">frigor\u00edficos<\/a> 70 cm de ancho<\/strong> son uno de los modelos m\u00e1s demandados, al encontrar una gran variedad, caracter\u00edsticas y marcas disponibles en el mercado. \u00bfQuieres saber m\u00e1s? En este post de <strong><a href=\"https:\/\/www.milar.es\/\" target=\"_blank\" rel=\"noreferrer noopener\">Milar<\/a><\/strong> te presentamos una&nbsp;<strong>gu\u00eda de compra<\/strong>&nbsp;de los <strong>frigor\u00edficos de 70 cm ancho<\/strong>. \u00bfEmpezamos?<\/p>\n\n\n<div class=\"wp-block-image\">\n<figure class=\"aligncenter size-large\"><img loading=\"lazy\" decoding=\"async\" width=\"700\" height=\"467\" src=\"https:\/\/www.milar.es\/blog\/wp-content\/uploads\/2021\/06\/frigorificos-70-cm-700x467.jpg\" alt=\"frigor\u00edficos 70 cm ancho\" class=\"wp-image-8553\" srcset=\"https:\/\/www.milar.es\/blog\/wp-content\/uploads\/2021\/06\/frigorificos-70-cm-700x467.jpg 700w, https:\/\/www.milar.es\/blog\/wp-content\/uploads\/2021\/06\/frigorificos-70-cm-250x167.jpg 250w, https:\/\/www.milar.es\/blog\/wp-content\/uploads\/2021\/06\/frigorificos-70-cm-768x512.jpg 768w, https:\/\/www.milar.es\/blog\/wp-content\/uploads\/2021\/06\/frigorificos-70-cm-120x80.jpg 120w, https:\/\/www.milar.es\/blog\/wp-content\/uploads\/2021\/06\/frigorificos-70-cm.jpg 1200w\" sizes=\"auto, (max-width: 700px) 100vw, 700px\" \/><\/figure>\n<\/div>\n\n\n<h2 class=\"wp-block-heading has-text-align-center\">\u00bfPor qu\u00e9 comprar un frigor\u00edfico de 70 cm de ancho? <\/h2>\n\n\n\n<p>Antes de mirar las caracter\u00edsticas de un <strong>frigor\u00edfico de 70 cm de ancho<\/strong>, deber\u00e1s tener en cuenta que son modelos de <strong><a href=\"https:\/\/www.milar.es\/frigorificos-combi-cocina.html\" target=\"_blank\" rel=\"noreferrer noopener\">frigor\u00edficos combi<\/a><\/strong> o<a href=\"https:\/\/www.milar.es\/blog\/comparativa-ente-los-diferentes-modelos-de-frigorificos-de-2-puertas\/\" target=\"_blank\" rel=\"noreferrer noopener\"> <strong>frigor\u00edficos de 2 puertas<\/strong><\/a>. Cualquier otro tipo de frigor\u00edfico suele contar con m\u00e1s o menos anchura.<\/p>\n\n\n\n<p>Al igual que otros electrodom\u00e9sticos, los modelos m\u00e1s punteros de&nbsp;<strong>frigor\u00edficos<\/strong> <strong>de 70<\/strong> <strong>cm<\/strong> <strong>ancho<\/strong>&nbsp;incluyen&nbsp;<strong>wifi&nbsp;<\/strong>para poder controlar el funcionamiento desde el m\u00f3vil. Gracias a esta conectividad, podr\u00e1s sacarle el m\u00e1ximo partido a tu&nbsp;<strong><a href=\"https:\/\/www.milar.es\/blog\/frigorificos-eficientes-comparativa-entre-los-modelos-de-menor-consumo\/\" target=\"_blank\" rel=\"noreferrer noopener\">frigor\u00edfico eficiente<\/a><\/strong> y realizarle un autodiagn\u00f3stico para comprobar si tu&nbsp;<strong>frigor\u00edfico 70 cm<\/strong> <strong>de ancho<\/strong>&nbsp;funciona correctamente. Suena bien, \u00bfno?<\/p>\n\n\n\n<p>Asimismo, puedes optar por modelos m\u00e1s exclusivos o de alta gama, pudiendo decantarte por un <strong>frigor\u00edfico 70 cm ancho con dispensador <\/strong>de<strong> <\/strong>hielo o con pantalla t\u00e1ctil en la puerta exterior. Todo depende de lo que andes buscando y de tus necesidades.<\/p>\n\n\n\n<h2 class=\"wp-block-heading has-text-align-center\">\u00bfQu\u00e9 medidas tienen los frigor\u00edficos?<\/h2>\n\n\n\n<p>Antes de escoger el frigor\u00edfico perfecto, debes fijarte muy bien en las <strong>medidas <\/strong>del hueco de la cocina antes de comprarlo. A veces por unos pocos cent\u00edmetros no cabe en el espacio que dispones en tu hogar. Por ello, dependiendo del modelo la anchura de tu electrodom\u00e9stico ir\u00e1 desde los 60 cm en el caso de los frigor\u00edficos combi y pueden llegar hasta los 90 cm si eliges un <strong><a href=\"https:\/\/www.milar.es\/frigorifico-americano-cocina.html\" target=\"_blank\" rel=\"noreferrer noopener\">frigor\u00edfico americano<\/a><\/strong>. Pero si ya tienes claro que necesitas un frigor\u00edfico de 70 cm de ancho muy atento a los modelos que te recomendamos desde Milar. Dentro de estos frigor\u00edficos, podemos encontrar <strong>frigor\u00edficos de 70 cm de libre instalaci\u00f3n<\/strong> e incluso <strong>frigor\u00edficos de 70 cm de tipo integrable<\/strong>, por lo que sea como sea tu cocina encontrar\u00e1s el modelo que m\u00e1s se ajuste a tus necesidades.<\/p>\n\n\n\n<p>Tambi\u00e9n, debes tener en cuenta la altura de los frigor\u00edficos para llevar el modelo correcto a tu hogar. Por eso, existen <strong>frigor\u00edficos de 70 cm de ancho y 185 cm de altura<\/strong> y otros modelo m\u00e1s grandes que pueden llegar hasta los 203cm. Adem\u00e1s, tambi\u00e9n puedes elegir entre distintos acabados exteriores o incluso entre <strong><a href=\"https:\/\/www.milar.es\/blog\/frigorificos-de-colores-llega-la-gama-variostyle-de-bosch-para-alegrar-tu-cocina\/\">frigor\u00edficos de colores<\/a><\/strong>. \u00a1Escoge tu modelo favorito en nuestras tiendas Milar!<\/p>\n\n\n\n<p>Los <strong>precios de estos frigor\u00edficos de 70 cm<\/strong> rondan los mil euros. Eso s\u00ed, se trata de una inversi\u00f3n a largo plazo por su gran durabilidad. Algunas de estas marcas ofrecen hasta 10 a\u00f1os de garant\u00eda de su motor. Por lo que no tendr\u00e1s que preocuparte en el caso de cualquier problema t\u00e9cnico. \u00bfA qu\u00e9 suena genial? <\/p>\n\n\n\n<p>Que no te preocupe&nbsp;<strong>que frigor\u00edfico de 70 cm comprar<\/strong>, aqu\u00ed debajo tienes una gran variedad, con precios que se adaptan a todos los bolsillos. <\/p>\n\n\n\n<h2 class=\"wp-block-heading has-text-align-center\">Mejores frigor\u00edficos de 70 cm ancho, comparativa de modelos<\/h2>\n\n\n\n<p class=\"has-text-align-center\"><strong><a href=\"https:\/\/www.milar.es\/frigorifico-bosch-kgn49xiep-aplusplus.html\" target=\"_blank\" rel=\"noreferrer noopener\">Frigor\u00edfico Bosch KGN49XIEP E<\/a><\/strong><\/p>\n\n\n\n<p>Con un modelo como el del <strong><a href=\"https:\/\/www.milar.es\/frigorificos-cocina\/de-bosch.html\" target=\"_blank\" rel=\"noreferrer noopener\">frigor\u00edfico Bosch<\/a> KGN49XIEP E<\/strong> <strong>de color acero inoxidable<\/strong> no tendr\u00e1s problemas durante la instalaci\u00f3n. Se trata de uno de los <strong>frigor\u00edficos Bosch 70 cm ancho<\/strong> con todo tipo de compartimentos para conservar m\u00e1s frescos todos los alimentos. Gracias a sus <strong>cajones VitaFresh <\/strong>se garantiza una temperatura inferior que el resto del interior para conservar durante m\u00e1s tiempo las frutas, verduras, carnes y pescados. Este <strong>frigor\u00edficos combi 70 cm ancho<\/strong> <strong><a href=\"https:\/\/www.milar.es\/bosch.html\" target=\"_blank\" rel=\"noreferrer noopener\">Bosch<\/a><\/strong>, incluso cuenta con una <strong>bandeja EasyAccess<\/strong>, para cargar y descargar c\u00f3modamente los alimentos con una visibilidad perfecta.<\/p>\n\n\n<div class=\"wp-block-image\">\n<figure class=\"aligncenter size-large is-resized\"><a href=\"https:\/\/www.milar.es\/frigorifico-bosch-kgn49xiep-aplusplus.html\"><img loading=\"lazy\" decoding=\"async\" src=\"https:\/\/www.milar.es\/blog\/wp-content\/uploads\/2019\/03\/frigorifico-bosch-kgn49xiep-e-700x256.jpg\" alt=\"Frigor\u00edfico Bosch KGN49XIEP E \" class=\"wp-image-13014\" width=\"700\" height=\"256\" srcset=\"https:\/\/www.milar.es\/blog\/wp-content\/uploads\/2019\/03\/frigorifico-bosch-kgn49xiep-e-700x256.jpg 700w, https:\/\/www.milar.es\/blog\/wp-content\/uploads\/2019\/03\/frigorifico-bosch-kgn49xiep-e-250x91.jpg 250w, https:\/\/www.milar.es\/blog\/wp-content\/uploads\/2019\/03\/frigorifico-bosch-kgn49xiep-e-768x281.jpg 768w, https:\/\/www.milar.es\/blog\/wp-content\/uploads\/2019\/03\/frigorifico-bosch-kgn49xiep-e-120x44.jpg 120w, https:\/\/www.milar.es\/blog\/wp-content\/uploads\/2019\/03\/frigorifico-bosch-kgn49xiep-e.jpg 1200w\" sizes=\"auto, (max-width: 700px) 100vw, 700px\" \/><\/a><\/figure>\n<\/div>\n\n\n<p class=\"has-text-align-center\"><strong><a href=\"https:\/\/www.milar.es\/frigorifico-beko-gkn-27940-fxn-aplusplus.html\" target=\"_blank\" rel=\"noreferrer noopener\">Frigor\u00edfico Grundig GKN 27940 FXN E<\/a><\/strong><\/p>\n\n\n\n<p>Un modelo m\u00e1s econ\u00f3mico es el<strong> <a href=\"https:\/\/www.milar.es\/frigorificos-cocina\/de-grundig.html\" target=\"_blank\" rel=\"noreferrer noopener\">frigor\u00edfico Grundig<\/a> GKN 27940 FXN E de acero inoxidable<\/strong>. Con este modelo no hay que preocuparse por el mantenimiento de los alimentos gracias a su tecnolog\u00eda <strong>No Frost<\/strong>. Mediante este sistema se evita la acumulaci\u00f3n de hielo al controlar autom\u00e1ticamente la humedad y la temperatura. \u00bfA qu\u00e9 suena genial? Adem\u00e1s, incorpora <strong>alarma de puerta abierta<\/strong> para que nunca se pierda el estado ideal del clima del interior de la nevera y las condiciones para la conservaci\u00f3n de tus alimentos sea m\u00e1s \u00f3ptima. Este<strong> frigor\u00edfico<\/strong> <strong><a href=\"https:\/\/www.milar.es\/grundig.html\" target=\"_blank\" rel=\"noreferrer noopener\">Grundig<\/a> <\/strong>es muy <strong>barato<\/strong> y puedes encontrarlo a un precio incre\u00edble en <strong>Milar<\/strong>. <\/p>\n\n\n<div class=\"wp-block-image\">\n<figure class=\"aligncenter size-large\"><a href=\"https:\/\/www.milar.es\/frigorifico-beko-gkn-27940-fxn-aplusplus.html\"><img loading=\"lazy\" decoding=\"async\" width=\"700\" height=\"256\" src=\"https:\/\/www.milar.es\/blog\/wp-content\/uploads\/2023\/02\/frigorifico-grundig-gkn-27940-fxne-700x256.jpg\" alt=\"Frigor\u00edfico Grundig GKN 27940 FXN E\" class=\"wp-image-13013\" srcset=\"https:\/\/www.milar.es\/blog\/wp-content\/uploads\/2023\/02\/frigorifico-grundig-gkn-27940-fxne-700x256.jpg 700w, https:\/\/www.milar.es\/blog\/wp-content\/uploads\/2023\/02\/frigorifico-grundig-gkn-27940-fxne-250x91.jpg 250w, https:\/\/www.milar.es\/blog\/wp-content\/uploads\/2023\/02\/frigorifico-grundig-gkn-27940-fxne-768x281.jpg 768w, https:\/\/www.milar.es\/blog\/wp-content\/uploads\/2023\/02\/frigorifico-grundig-gkn-27940-fxne-120x44.jpg 120w, https:\/\/www.milar.es\/blog\/wp-content\/uploads\/2023\/02\/frigorifico-grundig-gkn-27940-fxne.jpg 1200w\" sizes=\"auto, (max-width: 700px) 100vw, 700px\" \/><\/a><\/figure>\n<\/div>\n\n\n<p class=\"has-text-align-center\"><strong><a href=\"https:\/\/www.milar.es\/frigorifico-siemens-kg49nxiea-aplusplus.html\" target=\"_blank\" rel=\"noreferrer noopener\">Frigor\u00edfico Siemens KG49NXIEA E<\/a><\/strong><\/p>\n\n\n\n<p>Por otro lado, si buscas un modelo de <strong>frigor\u00edfico de 70 cm de ancho y 203 cm de alto<\/strong>, puedes optar por el<strong><a href=\"https:\/\/www.milar.es\/frigorificos-cocina\/de-siemens.html\" target=\"_blank\" rel=\"noreferrer noopener\"> frigor\u00edfico Siemens<\/a> KG49NXIEA E de acero inoxidable<\/strong>. Mediante sus varios cajones con <strong>control de humedad <\/strong>se logran unos \u00f3ptimos niveles de frescor para mantener los alimentos en perfecto estado y perfecta conservaci\u00f3n hasta el doble de tiempo. Este <strong>frigor\u00edfico de 70 cm <a href=\"https:\/\/www.milar.es\/siemens.html\" target=\"_blank\" rel=\"noreferrer noopener\">Siemens<\/a><\/strong> tambi\u00e9n cuenta con<strong> tecnolog\u00eda NoFrost<\/strong> por lo que no tendr\u00e1s que preocuparte por la formaci\u00f3n de hielo o escarcha al proporcionarse una descongelaci\u00f3n totalmente autom\u00e1tica.<\/p>\n\n\n<div class=\"wp-block-image\">\n<figure class=\"aligncenter size-large\"><a href=\"https:\/\/www.milar.es\/frigorifico-siemens-kg49nxiea-aplusplus.html\"><img loading=\"lazy\" decoding=\"async\" width=\"700\" height=\"256\" src=\"https:\/\/www.milar.es\/blog\/wp-content\/uploads\/2023\/02\/frigorifico-siemens-kg49nxiea-e-700x256.jpg\" alt=\"Frigor\u00edfico Siemens KG49NXIEA E\" class=\"wp-image-13015\" srcset=\"https:\/\/www.milar.es\/blog\/wp-content\/uploads\/2023\/02\/frigorifico-siemens-kg49nxiea-e-700x256.jpg 700w, https:\/\/www.milar.es\/blog\/wp-content\/uploads\/2023\/02\/frigorifico-siemens-kg49nxiea-e-250x91.jpg 250w, https:\/\/www.milar.es\/blog\/wp-content\/uploads\/2023\/02\/frigorifico-siemens-kg49nxiea-e-768x281.jpg 768w, https:\/\/www.milar.es\/blog\/wp-content\/uploads\/2023\/02\/frigorifico-siemens-kg49nxiea-e-120x44.jpg 120w, https:\/\/www.milar.es\/blog\/wp-content\/uploads\/2023\/02\/frigorifico-siemens-kg49nxiea-e.jpg 1200w\" sizes=\"auto, (max-width: 700px) 100vw, 700px\" \/><\/a><\/figure>\n<\/div>\n\n\n<p>Descubre la gran cantidad de <strong>frigor\u00edficos 70 cm de ancho baratos<\/strong> que contamos en <strong>Milar<\/strong>. Aprovecha todas nuestras ofertas en <a href=\"https:\/\/www.milar.es\/gran-electrodomestico-cocina.html\"><strong>grandes electrodom\u00e9sticos<\/strong><\/a> y equipa tu cocina por muy poco dinero. Y si te queda alguna duda, puedes echar un vistazo a las opiniones de todos aquellos que han optado por instalar un<strong> frigor\u00edfico 70 cm<\/strong> <strong>ancho <a href=\"https:\/\/www.milar.es\/balay.html\" target=\"_blank\" rel=\"noreferrer noopener\">Balay<\/a><\/strong> o de cualquier otra marca en su casa. <\/p>\n\n\n<div class=\"carrusel\"><ul class=\"recomendacion\"><li class=\"producto\"><div class=\"wrapProducto\"><a class=\"imagen\" href=\"https:\/\/www.milar.es\/mando-a-distancia-dcu-tecnologic-universal-30902050.html\"><img decoding=\"async\" src=\"https:\/\/www.milar.es\/estaticos\/extras\/fotos\/productos\/00\/00\/25\/47\/86\/8436556992766.jpg\"><\/a><h3><a href=\"https:\/\/www.milar.es\/mando-a-distancia-dcu-tecnologic-universal-30902050.html\">Mando a distancia Dcu tecnologic UNIVERSAL 30902050 <\/a><\/h3><div class=\"bloquePrecio\"><div class=\"precioProducto\">6.90 EUR<\/div><\/div><\/div><\/li><li class=\"producto\"><div class=\"wrapProducto\"><a class=\"imagen\" href=\"https:\/\/www.milar.es\/accesorio-gembird-uhb-cm-u3p4-02.html\"><img decoding=\"async\" src=\"https:\/\/www.milar.es\/estaticos\/extras\/fotos\/productos\/00\/00\/27\/13\/46\/concentrador-gembird-usb-3-1.jpg\"><\/a><h3><a href=\"https:\/\/www.milar.es\/accesorio-gembird-uhb-cm-u3p4-02.html\">Accesorio Gembird UHB-CM-U3P4-02<\/a><\/h3><div class=\"bloquePrecio\"><div class=\"precioProducto\">5.90 EUR<\/div><\/div><\/div><\/li><li class=\"producto\"><div class=\"wrapProducto\"><a class=\"imagen\" href=\"https:\/\/www.milar.es\/kit-teclado-y-raton-acer-gpacc1103q.html\"><img decoding=\"async\" src=\"https:\/\/www.milar.es\/estaticos\/extras\/fotos\/productos\/00\/00\/33\/00\/46\/4711474332370.jpg\"><\/a><h3><a href=\"https:\/\/www.milar.es\/kit-teclado-y-raton-acer-gpacc1103q.html\">Kit Teclado y rat\u00f3n Acer GP.ACC11.03Q<\/a><\/h3><div class=\"bloquePrecio\"><div class=\"precioProducto\">13.90 EUR<\/div><\/div><\/div><\/li><li class=\"producto\"><div class=\"wrapProducto\"><a class=\"imagen\" href=\"https:\/\/www.milar.es\/teclado-acer-akw320-wsc.html\"><img decoding=\"async\" src=\"https:\/\/www.milar.es\/estaticos\/extras\/fotos\/productos\/00\/00\/30\/61\/02\/4711474328915.jpg\"><\/a><h3><a href=\"https:\/\/www.milar.es\/teclado-acer-akw320-wsc.html\">Teclado Acer AKW320 WSC<\/a><\/h3><div class=\"bloquePrecio\"><div class=\"precioProducto\">13.90 EUR<\/div><\/div><\/div><\/li><\/ul><\/div>\n","protected":false},"excerpt":{"rendered":"\u00bfEst\u00e1s buscando un nuevo frigor\u00edfico para tu cocina? Los frigor\u00edficos 70 cm de ancho son uno de los modelos m\u00e1s demandados, al encontrar una gran variedad, caracter\u00edsticas y marcas disponibles en el mercado. \u00bfQuieres saber m\u00e1s? En este post de Milar te presentamos una&nbsp;gu\u00eda de compra&nbsp;de los frigor\u00edficos de 70&#8230; <a class=\"view-article\" href=\"https:\/\/www.milar.es\/blog\/frigorificos-70-cm-caracteristicas-varios-modelos\/\">Ver art\u00edculo<\/a>","protected":false},"author":1,"featured_media":8553,"comment_status":"closed","ping_status":"closed","sticky":false,"template":"","format":"standard","meta":{"footnotes":""},"categories":[2,13],"tags":[],"class_list":["post-2310","post","type-post","status-publish","format-standard","has-post-thumbnail","hentry","category-electrodomesticos","category-frigorificos"],"yoast_head":"<!-- This site is optimized with the Yoast SEO plugin v27.5 - https:\/\/yoast.com\/product\/yoast-seo-wordpress\/ -->\n<title>Frigor\u00edficos 70 cm, caracter\u00edsticas de varios modelos<\/title>\n<meta name=\"description\" content=\"Conoce los mejores modelos de frigor\u00edficos 70 cm de ancho y descubre sus caracter\u00edsticas m\u00e1s destacadas. \u00a1Descubre todo sobre estos modelos!\" \/>\n<meta name=\"robots\" content=\"index, follow, max-snippet:-1, max-image-preview:large, max-video-preview:-1\" \/>\n<link rel=\"canonical\" href=\"https:\/\/www.milar.es\/blog\/frigorificos-70-cm-caracteristicas-varios-modelos\/\" \/>\n<meta property=\"og:locale\" content=\"es_ES\" \/>\n<meta property=\"og:type\" content=\"article\" \/>\n<meta property=\"og:title\" content=\"Frigor\u00edficos 70 cm, caracter\u00edsticas de varios modelos\" \/>\n<meta property=\"og:description\" content=\"Conoce los mejores modelos de frigor\u00edficos 70 cm de ancho y descubre sus caracter\u00edsticas m\u00e1s destacadas. \u00a1Descubre todo sobre estos modelos!\" \/>\n<meta property=\"og:url\" content=\"https:\/\/www.milar.es\/blog\/frigorificos-70-cm-caracteristicas-varios-modelos\/\" \/>\n<meta property=\"og:site_name\" content=\"Milar Tendencias de electrodom\u00e9sticos\" \/>\n<meta property=\"article:published_time\" content=\"2023-02-23T10:03:00+00:00\" \/>\n<meta property=\"article:modified_time\" content=\"2023-06-08T08:59:35+00:00\" \/>\n<meta property=\"og:image\" content=\"https:\/\/www.milar.es\/blog\/wp-content\/uploads\/2021\/06\/frigorificos-70-cm.jpg\" \/>\n\t<meta property=\"og:image:width\" content=\"1200\" \/>\n\t<meta property=\"og:image:height\" content=\"800\" \/>\n\t<meta property=\"og:image:type\" content=\"image\/jpeg\" \/>\n<meta name=\"author\" content=\"Milar\" \/>\n<meta name=\"twitter:card\" content=\"summary_large_image\" \/>\n<meta name=\"twitter:label1\" content=\"Escrito por\" \/>\n\t<meta name=\"twitter:data1\" content=\"Milar\" \/>\n\t<meta name=\"twitter:label2\" content=\"Tiempo de lectura\" \/>\n\t<meta name=\"twitter:data2\" content=\"5 minutos\" \/>\n<script type=\"application\/ld+json\" class=\"yoast-schema-graph\">{\"@context\":\"https:\\\/\\\/schema.org\",\"@graph\":[{\"@type\":\"Article\",\"@id\":\"https:\\\/\\\/www.milar.es\\\/blog\\\/frigorificos-70-cm-caracteristicas-varios-modelos\\\/#article\",\"isPartOf\":{\"@id\":\"https:\\\/\\\/www.milar.es\\\/blog\\\/frigorificos-70-cm-caracteristicas-varios-modelos\\\/\"},\"author\":{\"name\":\"Milar\",\"@id\":\"https:\\\/\\\/www.milar.es\\\/blog\\\/#\\\/schema\\\/person\\\/a63c4965e2d32a22be88aabb90c4f11f\"},\"headline\":\"Frigor\u00edficos 70 cm ancho. Caracter\u00edsticas y comparativa\",\"datePublished\":\"2023-02-23T10:03:00+00:00\",\"dateModified\":\"2023-06-08T08:59:35+00:00\",\"mainEntityOfPage\":{\"@id\":\"https:\\\/\\\/www.milar.es\\\/blog\\\/frigorificos-70-cm-caracteristicas-varios-modelos\\\/\"},\"wordCount\":952,\"image\":{\"@id\":\"https:\\\/\\\/www.milar.es\\\/blog\\\/frigorificos-70-cm-caracteristicas-varios-modelos\\\/#primaryimage\"},\"thumbnailUrl\":\"https:\\\/\\\/www.milar.es\\\/blog\\\/wp-content\\\/uploads\\\/2021\\\/06\\\/frigorificos-70-cm.jpg\",\"articleSection\":[\"Electrodom\u00e9sticos\",\"Frigor\u00edficos\"],\"inLanguage\":\"es\"},{\"@type\":\"WebPage\",\"@id\":\"https:\\\/\\\/www.milar.es\\\/blog\\\/frigorificos-70-cm-caracteristicas-varios-modelos\\\/\",\"url\":\"https:\\\/\\\/www.milar.es\\\/blog\\\/frigorificos-70-cm-caracteristicas-varios-modelos\\\/\",\"name\":\"Frigor\u00edficos 70 cm, caracter\u00edsticas de varios modelos\",\"isPartOf\":{\"@id\":\"https:\\\/\\\/www.milar.es\\\/blog\\\/#website\"},\"primaryImageOfPage\":{\"@id\":\"https:\\\/\\\/www.milar.es\\\/blog\\\/frigorificos-70-cm-caracteristicas-varios-modelos\\\/#primaryimage\"},\"image\":{\"@id\":\"https:\\\/\\\/www.milar.es\\\/blog\\\/frigorificos-70-cm-caracteristicas-varios-modelos\\\/#primaryimage\"},\"thumbnailUrl\":\"https:\\\/\\\/www.milar.es\\\/blog\\\/wp-content\\\/uploads\\\/2021\\\/06\\\/frigorificos-70-cm.jpg\",\"datePublished\":\"2023-02-23T10:03:00+00:00\",\"dateModified\":\"2023-06-08T08:59:35+00:00\",\"author\":{\"@id\":\"https:\\\/\\\/www.milar.es\\\/blog\\\/#\\\/schema\\\/person\\\/a63c4965e2d32a22be88aabb90c4f11f\"},\"description\":\"Conoce los mejores modelos de frigor\u00edficos 70 cm de ancho y descubre sus caracter\u00edsticas m\u00e1s destacadas. \u00a1Descubre todo sobre estos modelos!\",\"breadcrumb\":{\"@id\":\"https:\\\/\\\/www.milar.es\\\/blog\\\/frigorificos-70-cm-caracteristicas-varios-modelos\\\/#breadcrumb\"},\"inLanguage\":\"es\",\"potentialAction\":[{\"@type\":\"ReadAction\",\"target\":[\"https:\\\/\\\/www.milar.es\\\/blog\\\/frigorificos-70-cm-caracteristicas-varios-modelos\\\/\"]}]},{\"@type\":\"ImageObject\",\"inLanguage\":\"es\",\"@id\":\"https:\\\/\\\/www.milar.es\\\/blog\\\/frigorificos-70-cm-caracteristicas-varios-modelos\\\/#primaryimage\",\"url\":\"https:\\\/\\\/www.milar.es\\\/blog\\\/wp-content\\\/uploads\\\/2021\\\/06\\\/frigorificos-70-cm.jpg\",\"contentUrl\":\"https:\\\/\\\/www.milar.es\\\/blog\\\/wp-content\\\/uploads\\\/2021\\\/06\\\/frigorificos-70-cm.jpg\",\"width\":1200,\"height\":800,\"caption\":\"frigor\u00edficos 70 cm ancho\"},{\"@type\":\"BreadcrumbList\",\"@id\":\"https:\\\/\\\/www.milar.es\\\/blog\\\/frigorificos-70-cm-caracteristicas-varios-modelos\\\/#breadcrumb\",\"itemListElement\":[{\"@type\":\"ListItem\",\"position\":1,\"name\":\"Home\",\"item\":\"https:\\\/\\\/www.milar.es\\\/blog\\\/\"},{\"@type\":\"ListItem\",\"position\":2,\"name\":\"Frigor\u00edficos 70 cm ancho. Caracter\u00edsticas y comparativa\"}]},{\"@type\":\"WebSite\",\"@id\":\"https:\\\/\\\/www.milar.es\\\/blog\\\/#website\",\"url\":\"https:\\\/\\\/www.milar.es\\\/blog\\\/\",\"name\":\"Milar Tendencias de electrodom\u00e9sticos\",\"description\":\"\",\"potentialAction\":[{\"@type\":\"SearchAction\",\"target\":{\"@type\":\"EntryPoint\",\"urlTemplate\":\"https:\\\/\\\/www.milar.es\\\/blog\\\/?s={search_term_string}\"},\"query-input\":{\"@type\":\"PropertyValueSpecification\",\"valueRequired\":true,\"valueName\":\"search_term_string\"}}],\"inLanguage\":\"es\"},{\"@type\":\"Person\",\"@id\":\"https:\\\/\\\/www.milar.es\\\/blog\\\/#\\\/schema\\\/person\\\/a63c4965e2d32a22be88aabb90c4f11f\",\"name\":\"Milar\",\"image\":{\"@type\":\"ImageObject\",\"inLanguage\":\"es\",\"@id\":\"https:\\\/\\\/secure.gravatar.com\\\/avatar\\\/1ff5211459d04644acdbe2d949c2a8626dc0f1e355d4830331235d147f36505a?s=96&d=mm&r=g\",\"url\":\"https:\\\/\\\/secure.gravatar.com\\\/avatar\\\/1ff5211459d04644acdbe2d949c2a8626dc0f1e355d4830331235d147f36505a?s=96&d=mm&r=g\",\"contentUrl\":\"https:\\\/\\\/secure.gravatar.com\\\/avatar\\\/1ff5211459d04644acdbe2d949c2a8626dc0f1e355d4830331235d147f36505a?s=96&d=mm&r=g\",\"caption\":\"Milar\"}}]}<\/script>\n<!-- \/ Yoast SEO plugin. -->","yoast_head_json":{"title":"Frigor\u00edficos 70 cm, caracter\u00edsticas de varios modelos","description":"Conoce los mejores modelos de frigor\u00edficos 70 cm de ancho y descubre sus caracter\u00edsticas m\u00e1s destacadas. \u00a1Descubre todo sobre estos modelos!","robots":{"index":"index","follow":"follow","max-snippet":"max-snippet:-1","max-image-preview":"max-image-preview:large","max-video-preview":"max-video-preview:-1"},"canonical":"https:\/\/www.milar.es\/blog\/frigorificos-70-cm-caracteristicas-varios-modelos\/","og_locale":"es_ES","og_type":"article","og_title":"Frigor\u00edficos 70 cm, caracter\u00edsticas de varios modelos","og_description":"Conoce los mejores modelos de frigor\u00edficos 70 cm de ancho y descubre sus caracter\u00edsticas m\u00e1s destacadas. \u00a1Descubre todo sobre estos modelos!","og_url":"https:\/\/www.milar.es\/blog\/frigorificos-70-cm-caracteristicas-varios-modelos\/","og_site_name":"Milar Tendencias de electrodom\u00e9sticos","article_published_time":"2023-02-23T10:03:00+00:00","article_modified_time":"2023-06-08T08:59:35+00:00","og_image":[{"width":1200,"height":800,"url":"https:\/\/www.milar.es\/blog\/wp-content\/uploads\/2021\/06\/frigorificos-70-cm.jpg","type":"image\/jpeg"}],"author":"Milar","twitter_card":"summary_large_image","twitter_misc":{"Escrito por":"Milar","Tiempo de lectura":"5 minutos"},"schema":{"@context":"https:\/\/schema.org","@graph":[{"@type":"Article","@id":"https:\/\/www.milar.es\/blog\/frigorificos-70-cm-caracteristicas-varios-modelos\/#article","isPartOf":{"@id":"https:\/\/www.milar.es\/blog\/frigorificos-70-cm-caracteristicas-varios-modelos\/"},"author":{"name":"Milar","@id":"https:\/\/www.milar.es\/blog\/#\/schema\/person\/a63c4965e2d32a22be88aabb90c4f11f"},"headline":"Frigor\u00edficos 70 cm ancho. Caracter\u00edsticas y comparativa","datePublished":"2023-02-23T10:03:00+00:00","dateModified":"2023-06-08T08:59:35+00:00","mainEntityOfPage":{"@id":"https:\/\/www.milar.es\/blog\/frigorificos-70-cm-caracteristicas-varios-modelos\/"},"wordCount":952,"image":{"@id":"https:\/\/www.milar.es\/blog\/frigorificos-70-cm-caracteristicas-varios-modelos\/#primaryimage"},"thumbnailUrl":"https:\/\/www.milar.es\/blog\/wp-content\/uploads\/2021\/06\/frigorificos-70-cm.jpg","articleSection":["Electrodom\u00e9sticos","Frigor\u00edficos"],"inLanguage":"es"},{"@type":"WebPage","@id":"https:\/\/www.milar.es\/blog\/frigorificos-70-cm-caracteristicas-varios-modelos\/","url":"https:\/\/www.milar.es\/blog\/frigorificos-70-cm-caracteristicas-varios-modelos\/","name":"Frigor\u00edficos 70 cm, caracter\u00edsticas de varios modelos","isPartOf":{"@id":"https:\/\/www.milar.es\/blog\/#website"},"primaryImageOfPage":{"@id":"https:\/\/www.milar.es\/blog\/frigorificos-70-cm-caracteristicas-varios-modelos\/#primaryimage"},"image":{"@id":"https:\/\/www.milar.es\/blog\/frigorificos-70-cm-caracteristicas-varios-modelos\/#primaryimage"},"thumbnailUrl":"https:\/\/www.milar.es\/blog\/wp-content\/uploads\/2021\/06\/frigorificos-70-cm.jpg","datePublished":"2023-02-23T10:03:00+00:00","dateModified":"2023-06-08T08:59:35+00:00","author":{"@id":"https:\/\/www.milar.es\/blog\/#\/schema\/person\/a63c4965e2d32a22be88aabb90c4f11f"},"description":"Conoce los mejores modelos de frigor\u00edficos 70 cm de ancho y descubre sus caracter\u00edsticas m\u00e1s destacadas. \u00a1Descubre todo sobre estos modelos!","breadcrumb":{"@id":"https:\/\/www.milar.es\/blog\/frigorificos-70-cm-caracteristicas-varios-modelos\/#breadcrumb"},"inLanguage":"es","potentialAction":[{"@type":"ReadAction","target":["https:\/\/www.milar.es\/blog\/frigorificos-70-cm-caracteristicas-varios-modelos\/"]}]},{"@type":"ImageObject","inLanguage":"es","@id":"https:\/\/www.milar.es\/blog\/frigorificos-70-cm-caracteristicas-varios-modelos\/#primaryimage","url":"https:\/\/www.milar.es\/blog\/wp-content\/uploads\/2021\/06\/frigorificos-70-cm.jpg","contentUrl":"https:\/\/www.milar.es\/blog\/wp-content\/uploads\/2021\/06\/frigorificos-70-cm.jpg","width":1200,"height":800,"caption":"frigor\u00edficos 70 cm ancho"},{"@type":"BreadcrumbList","@id":"https:\/\/www.milar.es\/blog\/frigorificos-70-cm-caracteristicas-varios-modelos\/#breadcrumb","itemListElement":[{"@type":"ListItem","position":1,"name":"Home","item":"https:\/\/www.milar.es\/blog\/"},{"@type":"ListItem","position":2,"name":"Frigor\u00edficos 70 cm ancho. Caracter\u00edsticas y comparativa"}]},{"@type":"WebSite","@id":"https:\/\/www.milar.es\/blog\/#website","url":"https:\/\/www.milar.es\/blog\/","name":"Milar Tendencias de electrodom\u00e9sticos","description":"","potentialAction":[{"@type":"SearchAction","target":{"@type":"EntryPoint","urlTemplate":"https:\/\/www.milar.es\/blog\/?s={search_term_string}"},"query-input":{"@type":"PropertyValueSpecification","valueRequired":true,"valueName":"search_term_string"}}],"inLanguage":"es"},{"@type":"Person","@id":"https:\/\/www.milar.es\/blog\/#\/schema\/person\/a63c4965e2d32a22be88aabb90c4f11f","name":"Milar","image":{"@type":"ImageObject","inLanguage":"es","@id":"https:\/\/secure.gravatar.com\/avatar\/1ff5211459d04644acdbe2d949c2a8626dc0f1e355d4830331235d147f36505a?s=96&d=mm&r=g","url":"https:\/\/secure.gravatar.com\/avatar\/1ff5211459d04644acdbe2d949c2a8626dc0f1e355d4830331235d147f36505a?s=96&d=mm&r=g","contentUrl":"https:\/\/secure.gravatar.com\/avatar\/1ff5211459d04644acdbe2d949c2a8626dc0f1e355d4830331235d147f36505a?s=96&d=mm&r=g","caption":"Milar"}}]}},"_links":{"self":[{"href":"https:\/\/www.milar.es\/blog\/wp-json\/wp\/v2\/posts\/2310","targetHints":{"allow":["GET"]}}],"collection":[{"href":"https:\/\/www.milar.es\/blog\/wp-json\/wp\/v2\/posts"}],"about":[{"href":"https:\/\/www.milar.es\/blog\/wp-json\/wp\/v2\/types\/post"}],"author":[{"embeddable":true,"href":"https:\/\/www.milar.es\/blog\/wp-json\/wp\/v2\/users\/1"}],"replies":[{"embeddable":true,"href":"https:\/\/www.milar.es\/blog\/wp-json\/wp\/v2\/comments?post=2310"}],"version-history":[{"count":19,"href":"https:\/\/www.milar.es\/blog\/wp-json\/wp\/v2\/posts\/2310\/revisions"}],"predecessor-version":[{"id":13465,"href":"https:\/\/www.milar.es\/blog\/wp-json\/wp\/v2\/posts\/2310\/revisions\/13465"}],"wp:featuredmedia":[{"embeddable":true,"href":"https:\/\/www.milar.es\/blog\/wp-json\/wp\/v2\/media\/8553"}],"wp:attachment":[{"href":"https:\/\/www.milar.es\/blog\/wp-json\/wp\/v2\/media?parent=2310"}],"wp:term":[{"taxonomy":"category","embeddable":true,"href":"https:\/\/www.milar.es\/blog\/wp-json\/wp\/v2\/categories?post=2310"},{"taxonomy":"post_tag","embeddable":true,"href":"https:\/\/www.milar.es\/blog\/wp-json\/wp\/v2\/tags?post=2310"}],"curies":[{"name":"wp","href":"https:\/\/api.w.org\/{rel}","templated":true}]}}