{"id":15115,"date":"2025-11-28T07:09:58","date_gmt":"2025-11-28T07:09:58","guid":{"rendered":"https:\/\/www.milar.es\/blog\/?p=15115"},"modified":"2025-11-28T07:10:12","modified_gmt":"2025-11-28T07:10:12","slug":"movilidad-sostenible-que-es-y-que-opciones-de-transporte-tienes","status":"publish","type":"post","link":"https:\/\/www.milar.es\/blog\/movilidad-sostenible-que-es-y-que-opciones-de-transporte-tienes\/","title":{"rendered":"Movilidad sostenible. \u00bfQu\u00e9 es y qu\u00e9 opciones de transporte tienes?\u00a0"},"content":{"rendered":"\n<p>En los \u00faltimos a\u00f1os, hemos escuchado hablar mucho sobre el cambio clim\u00e1tico, la calidad del aire en nuestras ciudades y la necesidad urgente de <strong>tomar decisiones m\u00e1s responsables<\/strong>. Gran parte de esa responsabilidad recae en c\u00f3mo nos movemos cada d\u00eda. \u00bfTe has parado a pensar en el impacto que tiene tu coche, autob\u00fas o moto en el planeta?&nbsp;<\/p>\n\n\n\n<p>En este art\u00edculo de <a href=\"https:\/\/www.milar.es\/\" target=\"_blank\" rel=\"noreferrer noopener\">Milar<\/a>, vamos a adentrarnos en un concepto clave para el ma\u00f1ana: <strong>la movilidad sostenible<\/strong>. Te vamos a explicar qu\u00e9 es la movilidad sostenible y, lo m\u00e1s importante, te vamos a mostrar todas las opciones de <a href=\"https:\/\/www.milar.es\/movilidad.html\" target=\"_blank\" rel=\"noreferrer noopener\">movilidad urbana<\/a> sostenible que est\u00e1n a tu alcance para reducir tu huella de carbono y, de paso,<strong> \u00a1ahorrar en combustible! <\/strong>Desde <a href=\"https:\/\/www.milar.es\/blog\/patinete-electrico-para-adultos-como-elegirlo\/\" target=\"_blank\" rel=\"noreferrer noopener\">patinetes el\u00e9ctricos<\/a> hasta coches el\u00e9ctricos, <strong>la revoluci\u00f3n ya est\u00e1 en marcha<\/strong>.\u00a0<\/p>\n\n\n<div class=\"wp-block-image\">\n<figure class=\"aligncenter size-large is-resized\"><img loading=\"lazy\" decoding=\"async\" width=\"700\" height=\"475\" src=\"https:\/\/www.milar.es\/blog\/wp-content\/uploads\/2025\/11\/planta-que-crece-en-la-corteza-del-arbol-1-1-700x475.jpg\" alt=\"Movilidad sostenible\" class=\"wp-image-15116\" style=\"width:840px;height:auto\" srcset=\"https:\/\/www.milar.es\/blog\/wp-content\/uploads\/2025\/11\/planta-que-crece-en-la-corteza-del-arbol-1-1-700x475.jpg 700w, https:\/\/www.milar.es\/blog\/wp-content\/uploads\/2025\/11\/planta-que-crece-en-la-corteza-del-arbol-1-1-250x170.jpg 250w, https:\/\/www.milar.es\/blog\/wp-content\/uploads\/2025\/11\/planta-que-crece-en-la-corteza-del-arbol-1-1-768x522.jpg 768w, https:\/\/www.milar.es\/blog\/wp-content\/uploads\/2025\/11\/planta-que-crece-en-la-corteza-del-arbol-1-1-120x82.jpg 120w, https:\/\/www.milar.es\/blog\/wp-content\/uploads\/2025\/11\/planta-que-crece-en-la-corteza-del-arbol-1-1.jpg 1200w\" sizes=\"auto, (max-width: 700px) 100vw, 700px\" \/><\/figure>\n<\/div>\n\n\n<h2 class=\"wp-block-heading has-text-align-center\">\u00bfQu\u00e9 es la movilidad sostenible?<\/h2>\n\n\n\n<p>La <strong>movilidad sostenible<\/strong> es un modelo de transporte que tienen como objetivo satisfacer las necesidades de desplazamiento de las personas y mercanc\u00edas con el <strong>menor impacto ambiental, social y econ\u00f3mico posible<\/strong>. Dicho de forma sencilla: se trata de movernos sin comprometer los recursos de las generaciones futuras.&nbsp;<\/p>\n\n\n\n<p>Este concepto va mucho m\u00e1s all\u00e1 de simplemente usar un veh\u00edculo el\u00e9ctrico. Implica cambiar nuestra mentalidad para:&nbsp;<\/p>\n\n\n\n<ul class=\"wp-block-list\">\n<li><strong>Reducir las emisiones de CO\u2082 y gases contaminantes<\/strong>: El principal objetivo es mejorar la calidad del aire en las ciudades y luchar contra el calentamiento global.\u00a0<\/li>\n<\/ul>\n\n\n\n<ul class=\"wp-block-list\">\n<li><strong>Aprovechar los recursos<\/strong>: Fomentar el uso de energ\u00edas limpias y renovables, minimizando la dependencia de los combustibles f\u00f3siles.\u00a0<\/li>\n<\/ul>\n\n\n\n<ul class=\"wp-block-list\">\n<li><strong>Mejorar la calidad de vida urbana<\/strong>: Disminuir el tr\u00e1fico, el ruido y la siniestralidad, creando entornos urbanos m\u00e1s habitables.\u00a0<\/li>\n<\/ul>\n\n\n\n<p>La clave de la movilidad sostenible es la <strong>intermodalidad<\/strong>, que consiste en combinar diferentes medios de transporte (coche el\u00e9ctrico + metro + bicicleta) para hacer cada trayecto m\u00e1s eficiente.\u00a0<\/p>\n\n\n\n<h2 class=\"wp-block-heading has-text-align-center\">\u00bfQu\u00e9 tipos de movilidad sostenible hay?<\/h2>\n\n\n\n<p>Las opciones de transporte sostenible se clasifican generalmente en <strong>tres grandes categor\u00edas<\/strong>, que abarcan desde el esfuerzo f\u00edsico hasta la tecnolog\u00eda m\u00e1s avanzada:\u00a0<\/p>\n\n\n\n<h3 class=\"wp-block-heading\">Movilidad activa<\/h3>\n\n\n\n<p>La movilidad activa es la forma m\u00e1s pura y cero emisiones de moverse, ya que implica el <strong>esfuerzo f\u00edsico de la persona<\/strong>, lo que, adem\u00e1s de ayudar al medioambiente, aporta un <strong>beneficio directo para tu salud<\/strong>. Caminar, correr y usar la bicicleta son el ejemplo perfecto de movilidad activa.<\/p>\n\n\n\n<h3 class=\"wp-block-heading\">Movilidad el\u00e9ctrica<\/h3>\n\n\n\n<p>Sin duda, la movilidad el\u00e9ctrica es la que m\u00e1s ha crecido en los \u00faltimos a\u00f1os gracias a la tecnolog\u00eda. Incluye t<strong>odos los veh\u00edculos que utilizan un motor el\u00e9ctrico<\/strong> alimentado por bater\u00edas, eliminando por completo las emisiones de tubo de escape.&nbsp;<\/p>\n\n\n\n<ul class=\"wp-block-list\">\n<li><strong>Veh\u00edculos el\u00e9ctricos personales<\/strong> (VMP): Aqu\u00ed encontramos el auge de los <a href=\"https:\/\/www.milar.es\/patines-electricos.html\" target=\"_blank\" rel=\"noreferrer noopener\">patinetes el\u00e9ctricos<\/a> y las <a href=\"https:\/\/www.milar.es\/bicis-electricas.html\" target=\"_blank\" rel=\"noreferrer noopener\">bicicletas el\u00e9ctricas<\/a>. Seguro que has notado que cada d\u00eda m\u00e1s personas usan estos medios de transporte para hacer trayectos cortos desde el transporte p\u00fablico a casa o el trabajo, porque adem\u00e1s de ser r\u00e1pidos, eficientes y amigos del medioambiente,<strong> son f\u00e1ciles de guardar<\/strong>.\u00a0\u00a0<\/li>\n<\/ul>\n\n\n\n<ul class=\"wp-block-list\">\n<li><strong>Veh\u00edculos grandes<\/strong>: Al hablar de esta categor\u00eda incluimos coches el\u00e9ctricos, motocicletas el\u00e9ctricas y furgonetas el\u00e9ctricas. Aunque su coste inicial es m\u00e1s alto, el <strong>ahorro en combustible y mantenimiento<\/strong> es significativo a largo plazo.\u00a0\u00a0<\/li>\n<\/ul>\n\n\n\n<h3 class=\"wp-block-heading\">Movilidad colectiva<\/h3>\n\n\n\n<p><strong>Priorizar el transporte p\u00fablico<\/strong> es el m\u00e9todo m\u00e1s cl\u00e1sico y efectivo para ayudar a cuidar el medioambiente en la movilidad. Es decir, los autobuses (cada vez m\u00e1s el\u00e9ctricos o de bajas emisiones), metro, tren y, por supuesto, las famosas plataformas de veh\u00edculo compartido.\u00a0<\/p>\n\n\n\n<h2 class=\"wp-block-heading has-text-align-center\">\u00bfC\u00f3mo lograr la movilidad sostenible?<\/h2>\n\n\n\n<p>Mucha gente cree que lograr una <strong>movilidad sostenible<\/strong> es una tarea exclusiva de gobiernos y empresas, y es cierto que tienen un gran papel a la hora de lograr una sociedad sostenible y amigable con el medio ambiente, pero tambi\u00e9n se requiere de la <strong>colaboraci\u00f3n de todos los ciudadanos<\/strong>. Simplemente, necesitas hacer <strong>peque\u00f1os cambios en tus h\u00e1bitos diarios<\/strong> para favorecer una movilidad sostenible:&nbsp;<\/p>\n\n\n\n<ol class=\"wp-block-list\" start=\"1\">\n<li><strong>Prioriza la eficiencia:<\/strong> Antes de coger el coche, preg\u00fantate si el trayecto se puede hacer andando, en bicicleta o en transporte p\u00fablico. Tambi\u00e9n puedes probar la intermovilidad, es decir, combinar los medios de transporte. Deja el coche en casa y usa el metro para el tramo largo y un patinete el\u00e9ctrico o una bicicleta de alquiler para el tramo final.\u00a0<\/li>\n<\/ol>\n\n\n\n<ol class=\"wp-block-list\" start=\"2\">\n<li><strong>Invierte en tecnolog\u00eda limpia:<\/strong> Si necesitas un veh\u00edculo, considera la opci\u00f3n el\u00e9ctrica. El mercado de la movilidad el\u00e9ctrica ha crecido enormemente en los \u00faltimos a\u00f1os, y puedes encontrar muchos modelos eficientes y con buena autonom\u00eda.\u00a0<\/li>\n<\/ol>\n\n\n\n<ol class=\"wp-block-list\" start=\"3\">\n<li><strong>Conduce eficientemente:<\/strong> Si utilizas un coche tradicional, practica una conducci\u00f3n suave y a velocidad constante. De esta manera, adem\u00e1s de reducir el consumo de combustible, tambi\u00e9n alarga la vida de tu motor.\u00a0<\/li>\n<\/ol>\n\n\n\n<ol class=\"wp-block-list\" start=\"4\">\n<li><strong>Tecnolog\u00eda y datos:<\/strong> Utiliza aplicaciones de tr\u00e1fico y planificaci\u00f3n de rutas que te ayuden a encontrar la v\u00eda m\u00e1s r\u00e1pida y menos contaminante, o que te informen sobre las zonas de bajas emisiones de tu ciudad.\u00a0<\/li>\n<\/ol>\n\n\n\n<h2 class=\"wp-block-heading has-text-align-center\">Medios de transporte para movilidad sostenible de Tien21<\/h2>\n\n\n\n<p>Ya que conoces la teor\u00eda y las ventajas de la movilidad sostenible, es momento de pasar a la acci\u00f3n. Si est\u00e1s listo para dejar atr\u00e1s el tr\u00e1fico y reducir tu huella de carbono, <strong>en Tien21 te ofrecemos las herramientas perfectas<\/strong>.&nbsp;&nbsp;<\/p>\n\n\n\n<p>El patinete el\u00e9ctrico de <a href=\"https:\/\/www.milar.es\/cecotec.html\" target=\"_blank\" rel=\"noreferrer noopener\">Cecotec<\/a> <strong>Bongo Serie X65 Connected <\/strong>es una muy buena para moverte por la ciudad de forma c\u00f3moda, r\u00e1pida y sostenible. Con una autonom\u00eda de hasta 65 km y un motor de 1000 W, podr\u00e1s desplazarte sin preocuparte por el tr\u00e1fico ni por las emisiones. Sus ruedas de 10&#8243; ofrecen <strong>estabilidad y seguridad<\/strong>, mientras que su la <a href=\"https:\/\/www.milar.es\/blog\/cuanto-dura-la-bateria-de-un-patinete-electrico\/\" target=\"_blank\" rel=\"noreferrer noopener\">bater\u00eda del patinete el\u00e9ctrico<\/a> es de 12000 mAh garantiza una gran duraci\u00f3n.\u00a0<\/p>\n\n\n<div class=\"carrusel\"><ul class=\"recomendacion\"><li class=\"producto\"><div class=\"wrapProducto\"><a class=\"imagen\" href=\"https:\/\/www.milar.es\/patinete-electrico-cecotec-bongo-splus-max-infinity.html\"><img decoding=\"async\" src=\"https:\/\/www.milar.es\/estaticos\/extras\/fotos\/productos\/00\/00\/25\/47\/84\/8435484073042.jpg\"><\/a><h3><a href=\"https:\/\/www.milar.es\/patinete-electrico-cecotec-bongo-splus-max-infinity.html\">Patinete el\u00e9ctrico Cecotec BONGO S+ MAX INFINITY<\/a><\/h3><div class=\"bloquePrecio\"><div class=\"precioProducto\">399.00 EUR<\/div><\/div><\/div><\/li><\/ul><\/div>\n\n\n\n<p>Si prefieres ir en bici, en nuestra tienda online puedes encontrar varios modelos, pero destacamos el <strong><a href=\"https:\/\/www.milar.es\/bicicleta-electrica-nilox-j1-pro-blanca.html\">Nilox\u202fJ1\u202fPRO<\/a><\/strong>. Con asistencia hasta 25 km\/h y una autonom\u00eda de aproximadamente 40 km por carga, te permite <strong>moverte sin emisiones ni gasolina<\/strong>. Su dise\u00f1o con ruedas de 20\u201d (50,8 cm) le da estabilidad en ciudad, y adem\u00e1s <strong>es plegable<\/strong>, lo que facilita guardarla en casa o el trabajo. El motor de 250 W aporta un empuje suficiente para tus recorridos diarios, mientras que la bater\u00eda extra\u00edble y el peso contenido hacen que sea una opci\u00f3n de lo m\u00e1s <strong>pr\u00e1ctica y ecol\u00f3gica<\/strong>.<\/p>\n\n\n<div class=\"carrusel\"><ul class=\"recomendacion\"><\/ul><\/div>\n\n\n\n<p>Puede que suene muy repetitivo y ya lo hayas escuchado mil veces, pero la movilidad sostenible no es una simple tendencia; <strong>es una necesidad y una oportunidad<\/strong>. Al adoptar formas de transporte m\u00e1s limpias vas a mejorar tu calidad al evitar el tr\u00e1fico y hacer ejercicio mieintras participas activamente en la construcci\u00f3n de <strong>ciudades m\u00e1s sanas y un futuro m\u00e1s verde<\/strong>.&nbsp;<\/p>\n\n\n\n<p><strong>\u00a1Es hora de cambiar las reglas del juego! <\/strong>As\u00ed que no tardes en visitar nuestro cat\u00e1logo y elegir la opci\u00f3n de transporte sostenible que mejor se adapte a tu estilo de vida.<\/p>\n","protected":false},"excerpt":{"rendered":"En los \u00faltimos a\u00f1os, hemos escuchado hablar mucho sobre el cambio clim\u00e1tico, la calidad del aire en nuestras ciudades y la necesidad urgente de tomar decisiones m\u00e1s responsables. Gran parte de esa responsabilidad recae en c\u00f3mo nos movemos cada d\u00eda. \u00bfTe has parado a pensar en el impacto que tiene&#8230; <a class=\"view-article\" href=\"https:\/\/www.milar.es\/blog\/movilidad-sostenible-que-es-y-que-opciones-de-transporte-tienes\/\">Ver art\u00edculo<\/a>","protected":false},"author":1,"featured_media":15116,"comment_status":"closed","ping_status":"closed","sticky":false,"template":"","format":"standard","meta":{"footnotes":""},"categories":[25],"tags":[],"class_list":["post-15115","post","type-post","status-publish","format-standard","has-post-thumbnail","hentry","category-noticias"],"yoast_head":"<!-- This site is optimized with the Yoast SEO plugin v27.5 - https:\/\/yoast.com\/product\/yoast-seo-wordpress\/ -->\n<title>Movilidad sostenible. \u00bfQu\u00e9 es y qu\u00e9 opciones de transporte tienes?\u00a0 - Milar Tendencias de electrodom\u00e9sticos<\/title>\n<meta name=\"description\" content=\"Descubre qu\u00e9 es la movilidad sostenible y las mejores opciones de transporte para reducir tu huella de carbono y moverte de forma eficiente.\" \/>\n<meta name=\"robots\" content=\"index, follow, max-snippet:-1, max-image-preview:large, max-video-preview:-1\" \/>\n<link rel=\"canonical\" href=\"https:\/\/www.milar.es\/blog\/movilidad-sostenible-que-es-y-que-opciones-de-transporte-tienes\/\" \/>\n<meta property=\"og:locale\" content=\"es_ES\" \/>\n<meta property=\"og:type\" content=\"article\" \/>\n<meta property=\"og:title\" content=\"Movilidad sostenible. \u00bfQu\u00e9 es y qu\u00e9 opciones de transporte tienes?\u00a0 - Milar Tendencias de electrodom\u00e9sticos\" \/>\n<meta property=\"og:description\" content=\"Descubre qu\u00e9 es la movilidad sostenible y las mejores opciones de transporte para reducir tu huella de carbono y moverte de forma eficiente.\" \/>\n<meta property=\"og:url\" content=\"https:\/\/www.milar.es\/blog\/movilidad-sostenible-que-es-y-que-opciones-de-transporte-tienes\/\" \/>\n<meta property=\"og:site_name\" content=\"Milar Tendencias de electrodom\u00e9sticos\" \/>\n<meta property=\"article:published_time\" content=\"2025-11-28T07:09:58+00:00\" \/>\n<meta property=\"article:modified_time\" content=\"2025-11-28T07:10:12+00:00\" \/>\n<meta property=\"og:image\" content=\"https:\/\/www.milar.es\/blog\/wp-content\/uploads\/2025\/11\/planta-que-crece-en-la-corteza-del-arbol-1-1.jpg\" \/>\n\t<meta property=\"og:image:width\" content=\"1200\" \/>\n\t<meta property=\"og:image:height\" content=\"815\" \/>\n\t<meta property=\"og:image:type\" content=\"image\/jpeg\" \/>\n<meta name=\"author\" content=\"Milar\" \/>\n<meta name=\"twitter:card\" content=\"summary_large_image\" \/>\n<meta name=\"twitter:label1\" content=\"Escrito por\" \/>\n\t<meta name=\"twitter:data1\" content=\"Milar\" \/>\n\t<meta name=\"twitter:label2\" content=\"Tiempo de lectura\" \/>\n\t<meta name=\"twitter:data2\" content=\"6 minutos\" \/>\n<script type=\"application\/ld+json\" class=\"yoast-schema-graph\">{\"@context\":\"https:\\\/\\\/schema.org\",\"@graph\":[{\"@type\":\"Article\",\"@id\":\"https:\\\/\\\/www.milar.es\\\/blog\\\/movilidad-sostenible-que-es-y-que-opciones-de-transporte-tienes\\\/#article\",\"isPartOf\":{\"@id\":\"https:\\\/\\\/www.milar.es\\\/blog\\\/movilidad-sostenible-que-es-y-que-opciones-de-transporte-tienes\\\/\"},\"author\":{\"name\":\"Milar\",\"@id\":\"https:\\\/\\\/www.milar.es\\\/blog\\\/#\\\/schema\\\/person\\\/a63c4965e2d32a22be88aabb90c4f11f\"},\"headline\":\"Movilidad sostenible. \u00bfQu\u00e9 es y qu\u00e9 opciones de transporte tienes?\u00a0\",\"datePublished\":\"2025-11-28T07:09:58+00:00\",\"dateModified\":\"2025-11-28T07:10:12+00:00\",\"mainEntityOfPage\":{\"@id\":\"https:\\\/\\\/www.milar.es\\\/blog\\\/movilidad-sostenible-que-es-y-que-opciones-de-transporte-tienes\\\/\"},\"wordCount\":1229,\"image\":{\"@id\":\"https:\\\/\\\/www.milar.es\\\/blog\\\/movilidad-sostenible-que-es-y-que-opciones-de-transporte-tienes\\\/#primaryimage\"},\"thumbnailUrl\":\"https:\\\/\\\/www.milar.es\\\/blog\\\/wp-content\\\/uploads\\\/2025\\\/11\\\/planta-que-crece-en-la-corteza-del-arbol-1-1.jpg\",\"articleSection\":[\"Noticias\"],\"inLanguage\":\"es\"},{\"@type\":\"WebPage\",\"@id\":\"https:\\\/\\\/www.milar.es\\\/blog\\\/movilidad-sostenible-que-es-y-que-opciones-de-transporte-tienes\\\/\",\"url\":\"https:\\\/\\\/www.milar.es\\\/blog\\\/movilidad-sostenible-que-es-y-que-opciones-de-transporte-tienes\\\/\",\"name\":\"Movilidad sostenible. \u00bfQu\u00e9 es y qu\u00e9 opciones de transporte tienes?\u00a0 - Milar Tendencias de electrodom\u00e9sticos\",\"isPartOf\":{\"@id\":\"https:\\\/\\\/www.milar.es\\\/blog\\\/#website\"},\"primaryImageOfPage\":{\"@id\":\"https:\\\/\\\/www.milar.es\\\/blog\\\/movilidad-sostenible-que-es-y-que-opciones-de-transporte-tienes\\\/#primaryimage\"},\"image\":{\"@id\":\"https:\\\/\\\/www.milar.es\\\/blog\\\/movilidad-sostenible-que-es-y-que-opciones-de-transporte-tienes\\\/#primaryimage\"},\"thumbnailUrl\":\"https:\\\/\\\/www.milar.es\\\/blog\\\/wp-content\\\/uploads\\\/2025\\\/11\\\/planta-que-crece-en-la-corteza-del-arbol-1-1.jpg\",\"datePublished\":\"2025-11-28T07:09:58+00:00\",\"dateModified\":\"2025-11-28T07:10:12+00:00\",\"author\":{\"@id\":\"https:\\\/\\\/www.milar.es\\\/blog\\\/#\\\/schema\\\/person\\\/a63c4965e2d32a22be88aabb90c4f11f\"},\"description\":\"Descubre qu\u00e9 es la movilidad sostenible y las mejores opciones de transporte para reducir tu huella de carbono y moverte de forma eficiente.\",\"breadcrumb\":{\"@id\":\"https:\\\/\\\/www.milar.es\\\/blog\\\/movilidad-sostenible-que-es-y-que-opciones-de-transporte-tienes\\\/#breadcrumb\"},\"inLanguage\":\"es\",\"potentialAction\":[{\"@type\":\"ReadAction\",\"target\":[\"https:\\\/\\\/www.milar.es\\\/blog\\\/movilidad-sostenible-que-es-y-que-opciones-de-transporte-tienes\\\/\"]}]},{\"@type\":\"ImageObject\",\"inLanguage\":\"es\",\"@id\":\"https:\\\/\\\/www.milar.es\\\/blog\\\/movilidad-sostenible-que-es-y-que-opciones-de-transporte-tienes\\\/#primaryimage\",\"url\":\"https:\\\/\\\/www.milar.es\\\/blog\\\/wp-content\\\/uploads\\\/2025\\\/11\\\/planta-que-crece-en-la-corteza-del-arbol-1-1.jpg\",\"contentUrl\":\"https:\\\/\\\/www.milar.es\\\/blog\\\/wp-content\\\/uploads\\\/2025\\\/11\\\/planta-que-crece-en-la-corteza-del-arbol-1-1.jpg\",\"width\":1200,\"height\":815,\"caption\":\"Movilidad sostenible\"},{\"@type\":\"BreadcrumbList\",\"@id\":\"https:\\\/\\\/www.milar.es\\\/blog\\\/movilidad-sostenible-que-es-y-que-opciones-de-transporte-tienes\\\/#breadcrumb\",\"itemListElement\":[{\"@type\":\"ListItem\",\"position\":1,\"name\":\"Home\",\"item\":\"https:\\\/\\\/www.milar.es\\\/blog\\\/\"},{\"@type\":\"ListItem\",\"position\":2,\"name\":\"Movilidad sostenible. \u00bfQu\u00e9 es y qu\u00e9 opciones de transporte tienes?\u00a0\"}]},{\"@type\":\"WebSite\",\"@id\":\"https:\\\/\\\/www.milar.es\\\/blog\\\/#website\",\"url\":\"https:\\\/\\\/www.milar.es\\\/blog\\\/\",\"name\":\"Milar Tendencias de electrodom\u00e9sticos\",\"description\":\"\",\"potentialAction\":[{\"@type\":\"SearchAction\",\"target\":{\"@type\":\"EntryPoint\",\"urlTemplate\":\"https:\\\/\\\/www.milar.es\\\/blog\\\/?s={search_term_string}\"},\"query-input\":{\"@type\":\"PropertyValueSpecification\",\"valueRequired\":true,\"valueName\":\"search_term_string\"}}],\"inLanguage\":\"es\"},{\"@type\":\"Person\",\"@id\":\"https:\\\/\\\/www.milar.es\\\/blog\\\/#\\\/schema\\\/person\\\/a63c4965e2d32a22be88aabb90c4f11f\",\"name\":\"Milar\",\"image\":{\"@type\":\"ImageObject\",\"inLanguage\":\"es\",\"@id\":\"https:\\\/\\\/secure.gravatar.com\\\/avatar\\\/1ff5211459d04644acdbe2d949c2a8626dc0f1e355d4830331235d147f36505a?s=96&d=mm&r=g\",\"url\":\"https:\\\/\\\/secure.gravatar.com\\\/avatar\\\/1ff5211459d04644acdbe2d949c2a8626dc0f1e355d4830331235d147f36505a?s=96&d=mm&r=g\",\"contentUrl\":\"https:\\\/\\\/secure.gravatar.com\\\/avatar\\\/1ff5211459d04644acdbe2d949c2a8626dc0f1e355d4830331235d147f36505a?s=96&d=mm&r=g\",\"caption\":\"Milar\"}}]}<\/script>\n<!-- \/ Yoast SEO plugin. -->","yoast_head_json":{"title":"Movilidad sostenible. \u00bfQu\u00e9 es y qu\u00e9 opciones de transporte tienes?\u00a0 - Milar Tendencias de electrodom\u00e9sticos","description":"Descubre qu\u00e9 es la movilidad sostenible y las mejores opciones de transporte para reducir tu huella de carbono y moverte de forma eficiente.","robots":{"index":"index","follow":"follow","max-snippet":"max-snippet:-1","max-image-preview":"max-image-preview:large","max-video-preview":"max-video-preview:-1"},"canonical":"https:\/\/www.milar.es\/blog\/movilidad-sostenible-que-es-y-que-opciones-de-transporte-tienes\/","og_locale":"es_ES","og_type":"article","og_title":"Movilidad sostenible. \u00bfQu\u00e9 es y qu\u00e9 opciones de transporte tienes?\u00a0 - Milar Tendencias de electrodom\u00e9sticos","og_description":"Descubre qu\u00e9 es la movilidad sostenible y las mejores opciones de transporte para reducir tu huella de carbono y moverte de forma eficiente.","og_url":"https:\/\/www.milar.es\/blog\/movilidad-sostenible-que-es-y-que-opciones-de-transporte-tienes\/","og_site_name":"Milar Tendencias de electrodom\u00e9sticos","article_published_time":"2025-11-28T07:09:58+00:00","article_modified_time":"2025-11-28T07:10:12+00:00","og_image":[{"width":1200,"height":815,"url":"https:\/\/www.milar.es\/blog\/wp-content\/uploads\/2025\/11\/planta-que-crece-en-la-corteza-del-arbol-1-1.jpg","type":"image\/jpeg"}],"author":"Milar","twitter_card":"summary_large_image","twitter_misc":{"Escrito por":"Milar","Tiempo de lectura":"6 minutos"},"schema":{"@context":"https:\/\/schema.org","@graph":[{"@type":"Article","@id":"https:\/\/www.milar.es\/blog\/movilidad-sostenible-que-es-y-que-opciones-de-transporte-tienes\/#article","isPartOf":{"@id":"https:\/\/www.milar.es\/blog\/movilidad-sostenible-que-es-y-que-opciones-de-transporte-tienes\/"},"author":{"name":"Milar","@id":"https:\/\/www.milar.es\/blog\/#\/schema\/person\/a63c4965e2d32a22be88aabb90c4f11f"},"headline":"Movilidad sostenible. \u00bfQu\u00e9 es y qu\u00e9 opciones de transporte tienes?\u00a0","datePublished":"2025-11-28T07:09:58+00:00","dateModified":"2025-11-28T07:10:12+00:00","mainEntityOfPage":{"@id":"https:\/\/www.milar.es\/blog\/movilidad-sostenible-que-es-y-que-opciones-de-transporte-tienes\/"},"wordCount":1229,"image":{"@id":"https:\/\/www.milar.es\/blog\/movilidad-sostenible-que-es-y-que-opciones-de-transporte-tienes\/#primaryimage"},"thumbnailUrl":"https:\/\/www.milar.es\/blog\/wp-content\/uploads\/2025\/11\/planta-que-crece-en-la-corteza-del-arbol-1-1.jpg","articleSection":["Noticias"],"inLanguage":"es"},{"@type":"WebPage","@id":"https:\/\/www.milar.es\/blog\/movilidad-sostenible-que-es-y-que-opciones-de-transporte-tienes\/","url":"https:\/\/www.milar.es\/blog\/movilidad-sostenible-que-es-y-que-opciones-de-transporte-tienes\/","name":"Movilidad sostenible. \u00bfQu\u00e9 es y qu\u00e9 opciones de transporte tienes?\u00a0 - Milar Tendencias de electrodom\u00e9sticos","isPartOf":{"@id":"https:\/\/www.milar.es\/blog\/#website"},"primaryImageOfPage":{"@id":"https:\/\/www.milar.es\/blog\/movilidad-sostenible-que-es-y-que-opciones-de-transporte-tienes\/#primaryimage"},"image":{"@id":"https:\/\/www.milar.es\/blog\/movilidad-sostenible-que-es-y-que-opciones-de-transporte-tienes\/#primaryimage"},"thumbnailUrl":"https:\/\/www.milar.es\/blog\/wp-content\/uploads\/2025\/11\/planta-que-crece-en-la-corteza-del-arbol-1-1.jpg","datePublished":"2025-11-28T07:09:58+00:00","dateModified":"2025-11-28T07:10:12+00:00","author":{"@id":"https:\/\/www.milar.es\/blog\/#\/schema\/person\/a63c4965e2d32a22be88aabb90c4f11f"},"description":"Descubre qu\u00e9 es la movilidad sostenible y las mejores opciones de transporte para reducir tu huella de carbono y moverte de forma eficiente.","breadcrumb":{"@id":"https:\/\/www.milar.es\/blog\/movilidad-sostenible-que-es-y-que-opciones-de-transporte-tienes\/#breadcrumb"},"inLanguage":"es","potentialAction":[{"@type":"ReadAction","target":["https:\/\/www.milar.es\/blog\/movilidad-sostenible-que-es-y-que-opciones-de-transporte-tienes\/"]}]},{"@type":"ImageObject","inLanguage":"es","@id":"https:\/\/www.milar.es\/blog\/movilidad-sostenible-que-es-y-que-opciones-de-transporte-tienes\/#primaryimage","url":"https:\/\/www.milar.es\/blog\/wp-content\/uploads\/2025\/11\/planta-que-crece-en-la-corteza-del-arbol-1-1.jpg","contentUrl":"https:\/\/www.milar.es\/blog\/wp-content\/uploads\/2025\/11\/planta-que-crece-en-la-corteza-del-arbol-1-1.jpg","width":1200,"height":815,"caption":"Movilidad sostenible"},{"@type":"BreadcrumbList","@id":"https:\/\/www.milar.es\/blog\/movilidad-sostenible-que-es-y-que-opciones-de-transporte-tienes\/#breadcrumb","itemListElement":[{"@type":"ListItem","position":1,"name":"Home","item":"https:\/\/www.milar.es\/blog\/"},{"@type":"ListItem","position":2,"name":"Movilidad sostenible. \u00bfQu\u00e9 es y qu\u00e9 opciones de transporte tienes?\u00a0"}]},{"@type":"WebSite","@id":"https:\/\/www.milar.es\/blog\/#website","url":"https:\/\/www.milar.es\/blog\/","name":"Milar Tendencias de electrodom\u00e9sticos","description":"","potentialAction":[{"@type":"SearchAction","target":{"@type":"EntryPoint","urlTemplate":"https:\/\/www.milar.es\/blog\/?s={search_term_string}"},"query-input":{"@type":"PropertyValueSpecification","valueRequired":true,"valueName":"search_term_string"}}],"inLanguage":"es"},{"@type":"Person","@id":"https:\/\/www.milar.es\/blog\/#\/schema\/person\/a63c4965e2d32a22be88aabb90c4f11f","name":"Milar","image":{"@type":"ImageObject","inLanguage":"es","@id":"https:\/\/secure.gravatar.com\/avatar\/1ff5211459d04644acdbe2d949c2a8626dc0f1e355d4830331235d147f36505a?s=96&d=mm&r=g","url":"https:\/\/secure.gravatar.com\/avatar\/1ff5211459d04644acdbe2d949c2a8626dc0f1e355d4830331235d147f36505a?s=96&d=mm&r=g","contentUrl":"https:\/\/secure.gravatar.com\/avatar\/1ff5211459d04644acdbe2d949c2a8626dc0f1e355d4830331235d147f36505a?s=96&d=mm&r=g","caption":"Milar"}}]}},"_links":{"self":[{"href":"https:\/\/www.milar.es\/blog\/wp-json\/wp\/v2\/posts\/15115","targetHints":{"allow":["GET"]}}],"collection":[{"href":"https:\/\/www.milar.es\/blog\/wp-json\/wp\/v2\/posts"}],"about":[{"href":"https:\/\/www.milar.es\/blog\/wp-json\/wp\/v2\/types\/post"}],"author":[{"embeddable":true,"href":"https:\/\/www.milar.es\/blog\/wp-json\/wp\/v2\/users\/1"}],"replies":[{"embeddable":true,"href":"https:\/\/www.milar.es\/blog\/wp-json\/wp\/v2\/comments?post=15115"}],"version-history":[{"count":4,"href":"https:\/\/www.milar.es\/blog\/wp-json\/wp\/v2\/posts\/15115\/revisions"}],"predecessor-version":[{"id":15120,"href":"https:\/\/www.milar.es\/blog\/wp-json\/wp\/v2\/posts\/15115\/revisions\/15120"}],"wp:featuredmedia":[{"embeddable":true,"href":"https:\/\/www.milar.es\/blog\/wp-json\/wp\/v2\/media\/15116"}],"wp:attachment":[{"href":"https:\/\/www.milar.es\/blog\/wp-json\/wp\/v2\/media?parent=15115"}],"wp:term":[{"taxonomy":"category","embeddable":true,"href":"https:\/\/www.milar.es\/blog\/wp-json\/wp\/v2\/categories?post=15115"},{"taxonomy":"post_tag","embeddable":true,"href":"https:\/\/www.milar.es\/blog\/wp-json\/wp\/v2\/tags?post=15115"}],"curies":[{"name":"wp","href":"https:\/\/api.w.org\/{rel}","templated":true}]}}