{"id":14972,"date":"2025-08-25T08:00:00","date_gmt":"2025-08-25T08:00:00","guid":{"rendered":"https:\/\/www.milar.es\/blog\/?p=14972"},"modified":"2025-09-11T09:50:36","modified_gmt":"2025-09-11T09:50:36","slug":"cafe-y-te-diferencias","status":"publish","type":"post","link":"https:\/\/www.milar.es\/blog\/cafe-y-te-diferencias\/","title":{"rendered":"Caf\u00e9 y t\u00e9 \u00bfson tan diferentes? \u00bfcu\u00e1l es mejor?\u00a0"},"content":{"rendered":"\n<p>Para mucha gente resulta imposible pensar en pasar el d\u00eda sin tomar t\u00e9 ni caf\u00e9. Se han convertido en las bebidas ma\u00f1aneras por excelencia, ya que son<strong> ideales para empezar la ma\u00f1ana o para recargar la energ\u00eda<\/strong> a lo largo del d\u00eda. Es verdad que ambos tienen caracter\u00edsticas estimulantes y beneficios para la salud, pero <strong>existen diferencias importantes entre ellos<\/strong> que pueden hacer que te decantes de una vez por todas por uno de los dos. En este art\u00edculo de <a href=\"https:\/\/www.milar.es\/\" target=\"_blank\" rel=\"noreferrer noopener\">Milar<\/a> te contamos todo lo que necesitas saber para<strong> decidir si eres m\u00e1s de t\u00e9 o de caf\u00e9<\/strong>.&nbsp;<\/p>\n\n\n<div class=\"wp-block-image\">\n<figure class=\"aligncenter size-large\"><img loading=\"lazy\" decoding=\"async\" width=\"700\" height=\"572\" src=\"https:\/\/www.milar.es\/blog\/wp-content\/uploads\/2025\/08\/vista-superior-de-conjunto-de-te-1-700x572.jpg\" alt=\"\" class=\"wp-image-14973\" srcset=\"https:\/\/www.milar.es\/blog\/wp-content\/uploads\/2025\/08\/vista-superior-de-conjunto-de-te-1-700x572.jpg 700w, https:\/\/www.milar.es\/blog\/wp-content\/uploads\/2025\/08\/vista-superior-de-conjunto-de-te-1-250x204.jpg 250w, https:\/\/www.milar.es\/blog\/wp-content\/uploads\/2025\/08\/vista-superior-de-conjunto-de-te-1-768x628.jpg 768w, https:\/\/www.milar.es\/blog\/wp-content\/uploads\/2025\/08\/vista-superior-de-conjunto-de-te-1-120x98.jpg 120w, https:\/\/www.milar.es\/blog\/wp-content\/uploads\/2025\/08\/vista-superior-de-conjunto-de-te-1.jpg 1200w\" sizes=\"auto, (max-width: 700px) 100vw, 700px\" \/><\/figure>\n<\/div>\n\n\n<h2 class=\"wp-block-heading has-text-align-center\">Las principales diferencias entre t\u00e9 y caf\u00e9&nbsp;<\/h2>\n\n\n\n<p>Se podr\u00eda decir que la principal diferencia entre el t\u00e9 y el caf\u00e9 est\u00e1 en su origen. El caf\u00e9 se obtiene a partir de los granos tostados del cafeto, mientras que el t\u00e9 proviene de las hojas de la planta Camellia sinensis. Esta distinci\u00f3n en la materia prima influye directamente<strong> <\/strong>en<strong> el sabor, el contenido de cafe\u00edna y los efectos<\/strong> <strong>sobre nuestro cuerpo<\/strong>.&nbsp;<\/p>\n\n\n\n<p>El caf\u00e9 suele tener un sabor m\u00e1s intenso y amargo, as\u00ed que es ideal para quienes buscan <strong>un est\u00edmulo inmediato<\/strong>. Por otro lado, el t\u00e9 ofrece una gama de sabores m\u00e1s suaves y variados, que van desde el verde hasta el negro, pasando por infusiones arom\u00e1ticas como el t\u00e9 rojo, blanco o el oolong.&nbsp;<\/p>\n\n\n\n<p>Adem\u00e1s, <strong>la preparaci\u00f3n tambi\u00e9n es distinta<\/strong>. Para hacerte un buen caf\u00e9 tienes que moler los granos y utilizar una cafetera para extraer ese l\u00edquido tan adictivo, mientras que el t\u00e9 generalmente se infusiona en agua caliente durante unos minutos.&nbsp;<\/p>\n\n\n\n<h3 class=\"wp-block-heading has-text-align-center\">\u00bfTiene m\u00e1s cafe\u00edna el t\u00e9 o el caf\u00e9?&nbsp;<\/h3>\n\n\n\n<p>Ahora vamos a hacer la pregunta que suele hacer la gente para deicdir por cu\u00e1l de las dos bebidas decanatrse&#8230; \u00bfQu\u00e9 tiene m\u00e1s cafe\u00edna, el t\u00e9 o el caf\u00e9? Pues bien,<strong> una taza de caf\u00e9 puede contener entre 80 y 120 mg de cafe\u00edna<\/strong>, dependiendo del tipo de grano, el tueste y la preparaci\u00f3n. En cambio, una taza de t\u00e9 negro suele contener<strong> <\/strong>entre 30 y 60 mg de cafe\u00edna, mientras que el t\u00e9 verde aporta a\u00fan menos, entre 20 y 40 mg por taza.&nbsp;<\/p>\n\n\n\n<p>Los n\u00fameros lo dejan claro (y el proprio nombre del caf\u00e9 nos daba una pista clara), <strong>el caf\u00e9 contiene m\u00e1s cafe\u00edna que el t\u00e9<\/strong>. Por ello, el caf\u00e9 en una bebida m\u00e1s estimulante, pero tambi\u00e9n puede generar m\u00e1s efectos secundarios si se consume en exceso.&nbsp;<\/p>\n\n\n\n<h2 class=\"wp-block-heading has-text-align-center\">\u00bfEs mejor tomar t\u00e9 o caf\u00e9?&nbsp;<\/h2>\n\n\n\n<p>Est\u00e1 claro que la elecci\u00f3n entre t\u00e9 o caf\u00e9<strong> depende de tus preferencias personales y de tus objetivos<\/strong>. Si buscas un empuj\u00f3n energ\u00e9tico r\u00e1pido y potente, el caf\u00e9 es la mejor opci\u00f3n. Si prefieres una bebida con un efecto m\u00e1s suave y progresivo, mejor dec\u00e1ntate por el <em>team <\/em>t\u00e9.&nbsp;<\/p>\n\n\n\n<p>Adem\u00e1s, el t\u00e9 contiene L-teanina, un amino\u00e1cido que tiene <strong>un efecto calmante que contrarresta los efectos de la cafe\u00edna<\/strong>. Esto hace que el t\u00e9 pueda proporcionar una sensaci\u00f3n de alerta m\u00e1s sostenida y sin los altibajos que puede provocar el caf\u00e9.&nbsp;<\/p>\n\n\n\n<h3 class=\"wp-block-heading has-text-align-center\">\u00bfEs m\u00e1s sano el t\u00e9 o el caf\u00e9?&nbsp;<\/h3>\n\n\n\n<p>Tanto el caf\u00e9 como el t\u00e9 tienen propiedades antioxidantes que benefician la salud. El <strong>caf\u00e9 ha sido relacionado con una menor incidencia de enfermedades<\/strong> como el Parkinson, la diabetes tipo 2 y ciertos tipos de c\u00e1ncer. Adem\u00e1s, puede mejorar la memoria y el rendimiento f\u00edsico.&nbsp;<\/p>\n\n\n\n<p>Por su parte, <strong>el t\u00e9<\/strong> (especialmente el verde) es conocido por su capacidad para<strong> mejorar la salud cardiovascular, reducir el colesterol y fortalecer el sistema inmunol\u00f3gico<\/strong>. Gracias a su contenido de polifenoles, tambi\u00e9n ayuda a combatir el envejecimiento celular.&nbsp;<\/p>\n\n\n\n<p>Ambas bebidas<strong> pueden ser saludables si se consumen con moderaci\u00f3n<\/strong>, sin a\u00f1adir excesivas cantidades de az\u00facar o leche. Por tanto, no hay una respuesta \u00fanica: lo m\u00e1s saludable ser\u00e1 aquel que mejor se adapte a tu cuerpo y estilo de vida.&nbsp;<\/p>\n\n\n\n<h3 class=\"wp-block-heading has-text-align-center\">\u00bfQu\u00e9 altera m\u00e1s, el t\u00e9 o el caf\u00e9?&nbsp;<\/h3>\n\n\n\n<p>Si eres sensible a la cafe\u00edna o sufres de insomnio, es importante considerar qu\u00e9 bebida puede alterarte m\u00e1s.<strong> El caf\u00e9 puede provocar nerviosismo, taquicardias o problemas para dormir <\/strong>al tener una mayor concentraci\u00f3n de cafe\u00edna. Esto sucede si se consume en grandes cantidades o a horas tard\u00edas.&nbsp;<\/p>\n\n\n\n<p>El t\u00e9, aunque tambi\u00e9n contiene cafe\u00edna, tiene un efecto m\u00e1s moderado y suele estar equilibrado por la presencia de la L-teanina, que promueve la relajaci\u00f3n sin somnolencia.&nbsp;<\/p>\n\n\n\n<p>Por ello, si buscas una bebida para concentrarte sin sentirte acelerado, el t\u00e9 podr\u00eda ser la mejor elecci\u00f3n, pero si necesitas un golpe de energ\u00eda inmediato, el caf\u00e9 cumplir\u00e1 mejor esa funci\u00f3n.&nbsp;<\/p>\n\n\n\n<h2 class=\"wp-block-heading has-text-align-center\">Las mejores cafeteras y teteras de Milar&nbsp;<\/h2>\n\n\n\n<p>Cuando te decantes por uno de los dos bandos (o si decides que en tu vida hay cabida para las dos bebidas), toca <strong>elegir un buen electrodom\u00e9stico para preparar caf\u00e9 o t\u00e9<\/strong>.&nbsp;<\/p>\n\n\n\n<p>En <strong>Milar<\/strong> encontrar\u00e1s una amplia gama de <a href=\"https:\/\/www.milar.es\/cafeteras-superautomaticas-cocina.html\" target=\"_blank\" rel=\"noreferrer noopener\"><strong>cafeteras autom\u00e1ticas<\/strong><\/a><strong>, cafeteras de c\u00e1psulas, <\/strong><a href=\"https:\/\/www.milar.es\/cafeteras-clasicas.html\" target=\"_blank\" rel=\"noreferrer noopener\"><strong>cafeteras italianas<\/strong><\/a><strong> o de goteo<\/strong>, incluso <a href=\"https:\/\/www.milar.es\/blog\/cafetera-para-induccion-caracteristicas-y-mejores-modelos\/\" target=\"_blank\" rel=\"noreferrer noopener\">cafeteras para introducci\u00f3n<\/a> que se adaptan a tu rutina y preferencias.&nbsp;<\/p>\n\n\n\n<p>Para los amantes del t\u00e9, existen <strong>teteras el\u00e9ctricas con control de temperatura<\/strong>, ideales para infusionar cada tipo de t\u00e9 a la temperatura adecuada. Tambi\u00e9n hay <a href=\"https:\/\/www.milar.es\/hervidoras-cocina.html\" target=\"_blank\" rel=\"noreferrer noopener\">hervidores el\u00e9ctricos<\/a> r\u00e1pidos que te permiten preparar tu bebida en pocos minutos.&nbsp;<\/p>\n\n\n\n<p>Ahora, vamos a ense\u00f1arte algunas de <strong>las mejores cafeteras y teteras de nuestra web<\/strong>, para que puedas disfrutar de estas bebidas tan adictivas cuando quieras:&nbsp;<\/p>\n\n\n\n<h3 class=\"wp-block-heading has-text-align-center\">Cafetera DeLonghi EN-80&nbsp;<\/h3>\n\n\n\n<p>Si buscas una <a href=\"https:\/\/www.milar.es\/cafeteras-capsulas.html\" target=\"_blank\" rel=\"noreferrer noopener\">cafetera de c\u00e1psula<\/a> sencilla y <strong>compacta para tu d\u00eda a d\u00eda<\/strong>, esta <a href=\"https:\/\/www.milar.es\/delonghi.html\" target=\"_blank\" rel=\"noreferrer noopener\">DeLonghi<\/a> es una gran opci\u00f3n. Funciona con c\u00e1psulas, as\u00ed que preparar desde una <strong>hasta diez tazas<\/strong> de espresso o un caf\u00e9 r\u00e1pido es muy f\u00e1cil y sin complicaciones. Adem\u00e1s, su <strong>dise\u00f1o moderno<\/strong> queda bien en cualquier cocina, aunque tengas poco espacio.&nbsp;<\/p>\n\n\n<div class=\"carrusel\"><ul class=\"recomendacion\"><li class=\"producto\"><div class=\"wrapProducto\"><a class=\"imagen\" href=\"https:\/\/www.milar.es\/cafetera-delonghi-en-80-cw-1260.html\"><img decoding=\"async\" src=\"https:\/\/www.milar.es\/estaticos\/extras\/fotos\/productos\/00\/00\/07\/07\/05\/8004399327931.jpg\"><\/a><h3><a href=\"https:\/\/www.milar.es\/cafetera-delonghi-en-80-cw-1260.html\">Cafetera DeLonghi EN-80.CW<\/a><\/h3><div class=\"bloquePrecio\"><div class=\"precioProducto\">93.90 EUR<\/div><\/div><\/div><\/li><\/ul><\/div>\n\n\n\n<h3 class=\"wp-block-heading has-text-align-center\">Cafetera superautom\u00e1tica DeLonghi Rivelia EXAM440&nbsp;<\/h3>\n\n\n\n<p>Si eres un verdadero amante del caf\u00e9 y buscas una cafetera premium, la Rivelia EXAM440 es tu cafetera ideal. Con ella podr\u00e1s disfrutar de un <strong>caf\u00e9 m\u00e1s personalizado<\/strong>, que parece que est\u00e9 hecho a mano con un <a href=\"https:\/\/www.milar.es\/blog\/utiliza-molinillo-cafe-electrico-disfrutar-buen-desayuno\/\" target=\"_blank\" rel=\"noreferrer noopener\">molinillo el\u00e9ctrico<\/a>, porque muele el grano y prepara el caf\u00e9 con solo pulsar un bot\u00f3n. Adem\u00e1s, su estilo elegante<strong> le da un toque especial a tu encimera<\/strong>, por lo que es ideal si quieres calidad y comodidad.&nbsp;<\/p>\n\n\n<div class=\"carrusel\"><ul class=\"recomendacion\"><li class=\"producto\"><div class=\"wrapProducto\"><a class=\"imagen\" href=\"https:\/\/www.milar.es\/cafetera-superautomatica-delonghi-rivelia-exam44055g.html\"><img decoding=\"async\" src=\"https:\/\/www.milar.es\/estaticos\/extras\/fotos\/productos\/00\/00\/25\/69\/48\/8004399026636_1.jpg\"><\/a><h3><a href=\"https:\/\/www.milar.es\/cafetera-superautomatica-delonghi-rivelia-exam44055g.html\">Cafetera Superautomatica De\u00b4Longhi Rivelia EXAM440.55.G<\/a><\/h3><div class=\"bloquePrecio\"><div class=\"precioProducto\">629.00 EUR<\/div><\/div><\/div><\/li><\/ul><\/div>\n\n\n\n<h3 class=\"wp-block-heading has-text-align-center\">Tetera Taurus AROA 2200W&nbsp;<\/h3>\n\n\n\n<p>Si lo que quieres es <strong>hervir agua r\u00e1pido y sin complicaciones<\/strong>, esta tetera <a href=\"https:\/\/www.milar.es\/taurus.html\" target=\"_blank\" rel=\"noreferrer noopener\">Taurus<\/a> es pr\u00e1ctica y potente. Tiene buen tama\u00f1o y un dise\u00f1o sencillo pero resistente, ideal para <strong>preparar tu t\u00e9, infusiones o incluso sopas <\/strong>en un momento.&nbsp;<\/p>\n\n\n<div class=\"carrusel\"><ul class=\"recomendacion\"><li class=\"producto\"><div class=\"wrapProducto\"><a class=\"imagen\" href=\"https:\/\/www.milar.es\/tetera-taurus-aroa.html\"><img decoding=\"async\" src=\"https:\/\/www.milar.es\/estaticos\/extras\/fotos\/productos\/00\/00\/27\/44\/02\/8414234585653.jpg\"><\/a><h3><a href=\"https:\/\/www.milar.es\/tetera-taurus-aroa.html\">Tetera Taurus AROA<\/a><\/h3><div class=\"bloquePrecio\"><div class=\"precioProducto\">23.00 EUR<\/div><\/div><\/div><\/li><\/ul><\/div>\n\n\n\n<h3 class=\"wp-block-heading has-text-align-center\">Hervidor de agua Cecotec&nbsp;<\/h3>\n\n\n\n<p>\u00bfNo te decides por ninguna de las dos bebidas? Entonces hazte con este hervidor de agua de Cecotec, que resulta ideal para<strong> preparar varias tazas de t\u00e9 o caf\u00e9 al instante<\/strong>. Tiene <strong>control digital<\/strong> y puedes elegir justo el calor que necesitas para cada tipo de bebida. Adem\u00e1s, su dise\u00f1o vintage en beige le da mucho estilo a la cocina y no tendr\u00e1s complicaciones para <a href=\"https:\/\/www.milar.es\/blog\/limpiar-hervidor-de-agua\/\">limpiar el hervidor de agua<\/a>.<\/p>\n\n\n<div class=\"carrusel\"><ul class=\"recomendacion\"><li class=\"producto\"><div class=\"wrapProducto\"><a class=\"imagen\" href=\"https:\/\/www.milar.es\/hervidor-de-agua-cecotec-thermosense-420-vintage-light-beige.html\"><img decoding=\"async\" src=\"https:\/\/www.milar.es\/estaticos\/extras\/fotos\/productos\/00\/00\/24\/70\/71\/8435484014854.jpg\"><\/a><h3><a href=\"https:\/\/www.milar.es\/hervidor-de-agua-cecotec-thermosense-420-vintage-light-beige.html\">Hervidor Cecotec THERMOSENSE 420 VINTAGE LIGHT BEIGE<\/a><\/h3><div class=\"bloquePrecio\"><div class=\"precioProducto\">57.90 EUR<\/div><\/div><\/div><\/li><\/ul><\/div>\n\n\n\n<p>Aunque se les compare constantemente, <strong>el caf\u00e9 y el t\u00e9 no son enemigos<\/strong>, sino opciones diferentes que pueden convivir perfectamente en tu d\u00eda a d\u00eda. Todo depende de lo que tu cuerpo necesita, de tus h\u00e1bitos y de tus gustos personales. Sea cual sea tu elecci\u00f3n, aqu\u00ed tienes los <a href=\"https:\/\/www.milar.es\/accesorios-y-capsulas-cafe.html\">accesorios <\/a>que necesitas. Espetamos que desde <strong>Milar<\/strong> te hayamos ayudado a enconrar la tetera o <a href=\"https:\/\/www.milar.es\/blog\/comparativa-cafeteras-cual-se-adapta-mas-a-mi\/\" target=\"_blank\" rel=\"noreferrer noopener\">la cafetera que se adapte m\u00e1s a ti<\/a> para disfrutar al m\u00e1ximo de ambas bebidas. Ahora cu\u00e9ntanos, <strong>\u00bft\u00fa eres m\u00e1s de caf\u00e9 o de t\u00e9?<\/strong>&nbsp;<\/p>\n","protected":false},"excerpt":{"rendered":"Para mucha gente resulta imposible pensar en pasar el d\u00eda sin tomar t\u00e9 ni caf\u00e9. Se han convertido en las bebidas ma\u00f1aneras por excelencia, ya que son ideales para empezar la ma\u00f1ana o para recargar la energ\u00eda a lo largo del d\u00eda. Es verdad que ambos tienen caracter\u00edsticas estimulantes y&#8230; <a class=\"view-article\" href=\"https:\/\/www.milar.es\/blog\/cafe-y-te-diferencias\/\">Ver art\u00edculo<\/a>","protected":false},"author":1,"featured_media":14973,"comment_status":"closed","ping_status":"closed","sticky":false,"template":"","format":"standard","meta":{"footnotes":""},"categories":[20,2],"tags":[],"class_list":["post-14972","post","type-post","status-publish","format-standard","has-post-thumbnail","hentry","category-cocina","category-electrodomesticos"],"yoast_head":"<!-- This site is optimized with the Yoast SEO plugin v27.5 - https:\/\/yoast.com\/product\/yoast-seo-wordpress\/ -->\n<title>Caf\u00e9 y t\u00e9 \u00bfson tan diferentes? \u00bfcu\u00e1l es mejor?\u00a0 - Milar Tendencias de electrodom\u00e9sticos<\/title>\n<meta name=\"description\" content=\"\u00bfEres m\u00e1s de t\u00e9 o de caf\u00e9? Te contamos sus diferencias, beneficios, niveles de cafe\u00edna y qu\u00e9 bebida se adapta mejor a ti.\" \/>\n<meta name=\"robots\" content=\"index, follow, max-snippet:-1, max-image-preview:large, max-video-preview:-1\" \/>\n<link rel=\"canonical\" href=\"https:\/\/www.milar.es\/blog\/cafe-y-te-diferencias\/\" \/>\n<meta property=\"og:locale\" content=\"es_ES\" \/>\n<meta property=\"og:type\" content=\"article\" \/>\n<meta property=\"og:title\" content=\"Caf\u00e9 y t\u00e9 \u00bfson tan diferentes? \u00bfcu\u00e1l es mejor?\u00a0 - Milar Tendencias de electrodom\u00e9sticos\" \/>\n<meta property=\"og:description\" content=\"\u00bfEres m\u00e1s de t\u00e9 o de caf\u00e9? Te contamos sus diferencias, beneficios, niveles de cafe\u00edna y qu\u00e9 bebida se adapta mejor a ti.\" \/>\n<meta property=\"og:url\" content=\"https:\/\/www.milar.es\/blog\/cafe-y-te-diferencias\/\" \/>\n<meta property=\"og:site_name\" content=\"Milar Tendencias de electrodom\u00e9sticos\" \/>\n<meta property=\"article:published_time\" content=\"2025-08-25T08:00:00+00:00\" \/>\n<meta property=\"article:modified_time\" content=\"2025-09-11T09:50:36+00:00\" \/>\n<meta property=\"og:image\" content=\"https:\/\/www.milar.es\/blog\/wp-content\/uploads\/2025\/08\/vista-superior-de-conjunto-de-te-1.jpg\" \/>\n\t<meta property=\"og:image:width\" content=\"1200\" \/>\n\t<meta property=\"og:image:height\" content=\"981\" \/>\n\t<meta property=\"og:image:type\" content=\"image\/jpeg\" \/>\n<meta name=\"author\" content=\"Milar\" \/>\n<meta name=\"twitter:card\" content=\"summary_large_image\" \/>\n<meta name=\"twitter:label1\" content=\"Escrito por\" \/>\n\t<meta name=\"twitter:data1\" content=\"Milar\" \/>\n\t<meta name=\"twitter:label2\" content=\"Tiempo de lectura\" \/>\n\t<meta name=\"twitter:data2\" content=\"7 minutos\" \/>\n<script type=\"application\/ld+json\" class=\"yoast-schema-graph\">{\"@context\":\"https:\\\/\\\/schema.org\",\"@graph\":[{\"@type\":\"Article\",\"@id\":\"https:\\\/\\\/www.milar.es\\\/blog\\\/cafe-y-te-diferencias\\\/#article\",\"isPartOf\":{\"@id\":\"https:\\\/\\\/www.milar.es\\\/blog\\\/cafe-y-te-diferencias\\\/\"},\"author\":{\"name\":\"Milar\",\"@id\":\"https:\\\/\\\/www.milar.es\\\/blog\\\/#\\\/schema\\\/person\\\/a63c4965e2d32a22be88aabb90c4f11f\"},\"headline\":\"Caf\u00e9 y t\u00e9 \u00bfson tan diferentes? \u00bfcu\u00e1l es mejor?\u00a0\",\"datePublished\":\"2025-08-25T08:00:00+00:00\",\"dateModified\":\"2025-09-11T09:50:36+00:00\",\"mainEntityOfPage\":{\"@id\":\"https:\\\/\\\/www.milar.es\\\/blog\\\/cafe-y-te-diferencias\\\/\"},\"wordCount\":1382,\"image\":{\"@id\":\"https:\\\/\\\/www.milar.es\\\/blog\\\/cafe-y-te-diferencias\\\/#primaryimage\"},\"thumbnailUrl\":\"https:\\\/\\\/www.milar.es\\\/blog\\\/wp-content\\\/uploads\\\/2025\\\/08\\\/vista-superior-de-conjunto-de-te-1.jpg\",\"articleSection\":[\"Cocina\",\"Electrodom\u00e9sticos\"],\"inLanguage\":\"es\"},{\"@type\":\"WebPage\",\"@id\":\"https:\\\/\\\/www.milar.es\\\/blog\\\/cafe-y-te-diferencias\\\/\",\"url\":\"https:\\\/\\\/www.milar.es\\\/blog\\\/cafe-y-te-diferencias\\\/\",\"name\":\"Caf\u00e9 y t\u00e9 \u00bfson tan diferentes? \u00bfcu\u00e1l es mejor?\u00a0 - Milar Tendencias de electrodom\u00e9sticos\",\"isPartOf\":{\"@id\":\"https:\\\/\\\/www.milar.es\\\/blog\\\/#website\"},\"primaryImageOfPage\":{\"@id\":\"https:\\\/\\\/www.milar.es\\\/blog\\\/cafe-y-te-diferencias\\\/#primaryimage\"},\"image\":{\"@id\":\"https:\\\/\\\/www.milar.es\\\/blog\\\/cafe-y-te-diferencias\\\/#primaryimage\"},\"thumbnailUrl\":\"https:\\\/\\\/www.milar.es\\\/blog\\\/wp-content\\\/uploads\\\/2025\\\/08\\\/vista-superior-de-conjunto-de-te-1.jpg\",\"datePublished\":\"2025-08-25T08:00:00+00:00\",\"dateModified\":\"2025-09-11T09:50:36+00:00\",\"author\":{\"@id\":\"https:\\\/\\\/www.milar.es\\\/blog\\\/#\\\/schema\\\/person\\\/a63c4965e2d32a22be88aabb90c4f11f\"},\"description\":\"\u00bfEres m\u00e1s de t\u00e9 o de caf\u00e9? Te contamos sus diferencias, beneficios, niveles de cafe\u00edna y qu\u00e9 bebida se adapta mejor a ti.\",\"breadcrumb\":{\"@id\":\"https:\\\/\\\/www.milar.es\\\/blog\\\/cafe-y-te-diferencias\\\/#breadcrumb\"},\"inLanguage\":\"es\",\"potentialAction\":[{\"@type\":\"ReadAction\",\"target\":[\"https:\\\/\\\/www.milar.es\\\/blog\\\/cafe-y-te-diferencias\\\/\"]}]},{\"@type\":\"ImageObject\",\"inLanguage\":\"es\",\"@id\":\"https:\\\/\\\/www.milar.es\\\/blog\\\/cafe-y-te-diferencias\\\/#primaryimage\",\"url\":\"https:\\\/\\\/www.milar.es\\\/blog\\\/wp-content\\\/uploads\\\/2025\\\/08\\\/vista-superior-de-conjunto-de-te-1.jpg\",\"contentUrl\":\"https:\\\/\\\/www.milar.es\\\/blog\\\/wp-content\\\/uploads\\\/2025\\\/08\\\/vista-superior-de-conjunto-de-te-1.jpg\",\"width\":1200,\"height\":981,\"caption\":\"Caf\u00e9 o t\u00e9\"},{\"@type\":\"BreadcrumbList\",\"@id\":\"https:\\\/\\\/www.milar.es\\\/blog\\\/cafe-y-te-diferencias\\\/#breadcrumb\",\"itemListElement\":[{\"@type\":\"ListItem\",\"position\":1,\"name\":\"Home\",\"item\":\"https:\\\/\\\/www.milar.es\\\/blog\\\/\"},{\"@type\":\"ListItem\",\"position\":2,\"name\":\"Caf\u00e9 y t\u00e9 \u00bfson tan diferentes? \u00bfcu\u00e1l es mejor?\u00a0\"}]},{\"@type\":\"WebSite\",\"@id\":\"https:\\\/\\\/www.milar.es\\\/blog\\\/#website\",\"url\":\"https:\\\/\\\/www.milar.es\\\/blog\\\/\",\"name\":\"Milar Tendencias de electrodom\u00e9sticos\",\"description\":\"\",\"potentialAction\":[{\"@type\":\"SearchAction\",\"target\":{\"@type\":\"EntryPoint\",\"urlTemplate\":\"https:\\\/\\\/www.milar.es\\\/blog\\\/?s={search_term_string}\"},\"query-input\":{\"@type\":\"PropertyValueSpecification\",\"valueRequired\":true,\"valueName\":\"search_term_string\"}}],\"inLanguage\":\"es\"},{\"@type\":\"Person\",\"@id\":\"https:\\\/\\\/www.milar.es\\\/blog\\\/#\\\/schema\\\/person\\\/a63c4965e2d32a22be88aabb90c4f11f\",\"name\":\"Milar\",\"image\":{\"@type\":\"ImageObject\",\"inLanguage\":\"es\",\"@id\":\"https:\\\/\\\/secure.gravatar.com\\\/avatar\\\/1ff5211459d04644acdbe2d949c2a8626dc0f1e355d4830331235d147f36505a?s=96&d=mm&r=g\",\"url\":\"https:\\\/\\\/secure.gravatar.com\\\/avatar\\\/1ff5211459d04644acdbe2d949c2a8626dc0f1e355d4830331235d147f36505a?s=96&d=mm&r=g\",\"contentUrl\":\"https:\\\/\\\/secure.gravatar.com\\\/avatar\\\/1ff5211459d04644acdbe2d949c2a8626dc0f1e355d4830331235d147f36505a?s=96&d=mm&r=g\",\"caption\":\"Milar\"}}]}<\/script>\n<!-- \/ Yoast SEO plugin. -->","yoast_head_json":{"title":"Caf\u00e9 y t\u00e9 \u00bfson tan diferentes? \u00bfcu\u00e1l es mejor?\u00a0 - Milar Tendencias de electrodom\u00e9sticos","description":"\u00bfEres m\u00e1s de t\u00e9 o de caf\u00e9? Te contamos sus diferencias, beneficios, niveles de cafe\u00edna y qu\u00e9 bebida se adapta mejor a ti.","robots":{"index":"index","follow":"follow","max-snippet":"max-snippet:-1","max-image-preview":"max-image-preview:large","max-video-preview":"max-video-preview:-1"},"canonical":"https:\/\/www.milar.es\/blog\/cafe-y-te-diferencias\/","og_locale":"es_ES","og_type":"article","og_title":"Caf\u00e9 y t\u00e9 \u00bfson tan diferentes? \u00bfcu\u00e1l es mejor?\u00a0 - Milar Tendencias de electrodom\u00e9sticos","og_description":"\u00bfEres m\u00e1s de t\u00e9 o de caf\u00e9? Te contamos sus diferencias, beneficios, niveles de cafe\u00edna y qu\u00e9 bebida se adapta mejor a ti.","og_url":"https:\/\/www.milar.es\/blog\/cafe-y-te-diferencias\/","og_site_name":"Milar Tendencias de electrodom\u00e9sticos","article_published_time":"2025-08-25T08:00:00+00:00","article_modified_time":"2025-09-11T09:50:36+00:00","og_image":[{"width":1200,"height":981,"url":"https:\/\/www.milar.es\/blog\/wp-content\/uploads\/2025\/08\/vista-superior-de-conjunto-de-te-1.jpg","type":"image\/jpeg"}],"author":"Milar","twitter_card":"summary_large_image","twitter_misc":{"Escrito por":"Milar","Tiempo de lectura":"7 minutos"},"schema":{"@context":"https:\/\/schema.org","@graph":[{"@type":"Article","@id":"https:\/\/www.milar.es\/blog\/cafe-y-te-diferencias\/#article","isPartOf":{"@id":"https:\/\/www.milar.es\/blog\/cafe-y-te-diferencias\/"},"author":{"name":"Milar","@id":"https:\/\/www.milar.es\/blog\/#\/schema\/person\/a63c4965e2d32a22be88aabb90c4f11f"},"headline":"Caf\u00e9 y t\u00e9 \u00bfson tan diferentes? \u00bfcu\u00e1l es mejor?\u00a0","datePublished":"2025-08-25T08:00:00+00:00","dateModified":"2025-09-11T09:50:36+00:00","mainEntityOfPage":{"@id":"https:\/\/www.milar.es\/blog\/cafe-y-te-diferencias\/"},"wordCount":1382,"image":{"@id":"https:\/\/www.milar.es\/blog\/cafe-y-te-diferencias\/#primaryimage"},"thumbnailUrl":"https:\/\/www.milar.es\/blog\/wp-content\/uploads\/2025\/08\/vista-superior-de-conjunto-de-te-1.jpg","articleSection":["Cocina","Electrodom\u00e9sticos"],"inLanguage":"es"},{"@type":"WebPage","@id":"https:\/\/www.milar.es\/blog\/cafe-y-te-diferencias\/","url":"https:\/\/www.milar.es\/blog\/cafe-y-te-diferencias\/","name":"Caf\u00e9 y t\u00e9 \u00bfson tan diferentes? \u00bfcu\u00e1l es mejor?\u00a0 - Milar Tendencias de electrodom\u00e9sticos","isPartOf":{"@id":"https:\/\/www.milar.es\/blog\/#website"},"primaryImageOfPage":{"@id":"https:\/\/www.milar.es\/blog\/cafe-y-te-diferencias\/#primaryimage"},"image":{"@id":"https:\/\/www.milar.es\/blog\/cafe-y-te-diferencias\/#primaryimage"},"thumbnailUrl":"https:\/\/www.milar.es\/blog\/wp-content\/uploads\/2025\/08\/vista-superior-de-conjunto-de-te-1.jpg","datePublished":"2025-08-25T08:00:00+00:00","dateModified":"2025-09-11T09:50:36+00:00","author":{"@id":"https:\/\/www.milar.es\/blog\/#\/schema\/person\/a63c4965e2d32a22be88aabb90c4f11f"},"description":"\u00bfEres m\u00e1s de t\u00e9 o de caf\u00e9? Te contamos sus diferencias, beneficios, niveles de cafe\u00edna y qu\u00e9 bebida se adapta mejor a ti.","breadcrumb":{"@id":"https:\/\/www.milar.es\/blog\/cafe-y-te-diferencias\/#breadcrumb"},"inLanguage":"es","potentialAction":[{"@type":"ReadAction","target":["https:\/\/www.milar.es\/blog\/cafe-y-te-diferencias\/"]}]},{"@type":"ImageObject","inLanguage":"es","@id":"https:\/\/www.milar.es\/blog\/cafe-y-te-diferencias\/#primaryimage","url":"https:\/\/www.milar.es\/blog\/wp-content\/uploads\/2025\/08\/vista-superior-de-conjunto-de-te-1.jpg","contentUrl":"https:\/\/www.milar.es\/blog\/wp-content\/uploads\/2025\/08\/vista-superior-de-conjunto-de-te-1.jpg","width":1200,"height":981,"caption":"Caf\u00e9 o t\u00e9"},{"@type":"BreadcrumbList","@id":"https:\/\/www.milar.es\/blog\/cafe-y-te-diferencias\/#breadcrumb","itemListElement":[{"@type":"ListItem","position":1,"name":"Home","item":"https:\/\/www.milar.es\/blog\/"},{"@type":"ListItem","position":2,"name":"Caf\u00e9 y t\u00e9 \u00bfson tan diferentes? \u00bfcu\u00e1l es mejor?\u00a0"}]},{"@type":"WebSite","@id":"https:\/\/www.milar.es\/blog\/#website","url":"https:\/\/www.milar.es\/blog\/","name":"Milar Tendencias de electrodom\u00e9sticos","description":"","potentialAction":[{"@type":"SearchAction","target":{"@type":"EntryPoint","urlTemplate":"https:\/\/www.milar.es\/blog\/?s={search_term_string}"},"query-input":{"@type":"PropertyValueSpecification","valueRequired":true,"valueName":"search_term_string"}}],"inLanguage":"es"},{"@type":"Person","@id":"https:\/\/www.milar.es\/blog\/#\/schema\/person\/a63c4965e2d32a22be88aabb90c4f11f","name":"Milar","image":{"@type":"ImageObject","inLanguage":"es","@id":"https:\/\/secure.gravatar.com\/avatar\/1ff5211459d04644acdbe2d949c2a8626dc0f1e355d4830331235d147f36505a?s=96&d=mm&r=g","url":"https:\/\/secure.gravatar.com\/avatar\/1ff5211459d04644acdbe2d949c2a8626dc0f1e355d4830331235d147f36505a?s=96&d=mm&r=g","contentUrl":"https:\/\/secure.gravatar.com\/avatar\/1ff5211459d04644acdbe2d949c2a8626dc0f1e355d4830331235d147f36505a?s=96&d=mm&r=g","caption":"Milar"}}]}},"_links":{"self":[{"href":"https:\/\/www.milar.es\/blog\/wp-json\/wp\/v2\/posts\/14972","targetHints":{"allow":["GET"]}}],"collection":[{"href":"https:\/\/www.milar.es\/blog\/wp-json\/wp\/v2\/posts"}],"about":[{"href":"https:\/\/www.milar.es\/blog\/wp-json\/wp\/v2\/types\/post"}],"author":[{"embeddable":true,"href":"https:\/\/www.milar.es\/blog\/wp-json\/wp\/v2\/users\/1"}],"replies":[{"embeddable":true,"href":"https:\/\/www.milar.es\/blog\/wp-json\/wp\/v2\/comments?post=14972"}],"version-history":[{"count":4,"href":"https:\/\/www.milar.es\/blog\/wp-json\/wp\/v2\/posts\/14972\/revisions"}],"predecessor-version":[{"id":15021,"href":"https:\/\/www.milar.es\/blog\/wp-json\/wp\/v2\/posts\/14972\/revisions\/15021"}],"wp:featuredmedia":[{"embeddable":true,"href":"https:\/\/www.milar.es\/blog\/wp-json\/wp\/v2\/media\/14973"}],"wp:attachment":[{"href":"https:\/\/www.milar.es\/blog\/wp-json\/wp\/v2\/media?parent=14972"}],"wp:term":[{"taxonomy":"category","embeddable":true,"href":"https:\/\/www.milar.es\/blog\/wp-json\/wp\/v2\/categories?post=14972"},{"taxonomy":"post_tag","embeddable":true,"href":"https:\/\/www.milar.es\/blog\/wp-json\/wp\/v2\/tags?post=14972"}],"curies":[{"name":"wp","href":"https:\/\/api.w.org\/{rel}","templated":true}]}}