{"id":14859,"date":"2025-06-30T11:43:36","date_gmt":"2025-06-30T11:43:36","guid":{"rendered":"https:\/\/www.milar.es\/blog\/?p=14859"},"modified":"2025-07-29T10:33:26","modified_gmt":"2025-07-29T10:33:26","slug":"cuando-se-invento-la-lavadora","status":"publish","type":"post","link":"https:\/\/www.milar.es\/blog\/cuando-se-invento-la-lavadora\/","title":{"rendered":"\u00bfCu\u00e1ndo se invent\u00f3 la lavadora y qui\u00e9n lo hizo?"},"content":{"rendered":"\n<p><strong>\u00bfAlguna vez te has parado a pensar en todo el tiempo que perder\u00edas si no existieran las lavadoras?<\/strong> Imagina tener que lavar todo a mano, dejar la ropa a remojo, frotar en una tabla, enjuagar, escurrir&#8230; No cabe duda de que, sin este electrodom\u00e9stico, lavar la ropa ser\u00eda una tarea agotadora. Hace siglos esta era la \u00fanica realidad que hab\u00eda, hasta que alguien lleg\u00f3 con este gran invento para <strong>revolucionar la vida en el hogar<\/strong>.&nbsp;&nbsp;<\/p>\n\n\n\n<p>Seguro que ahora tienes curiosidad por saber qui\u00e9n fue el genio detr\u00e1s de este ingenioso invento. Qu\u00e9date a leer este art\u00edculo y descubrir\u00e1s<strong> los or\u00edgenes de la lavadora, los primeros inventores que tuvo y c\u00f3mo ha evolucionado <\/strong>desde los primeros prototipos hasta la moderna tecnolog\u00eda que puedes encontrar en <a href=\"https:\/\/www.milar.es\/\">Milar<\/a> hoy en d\u00eda.&nbsp;&nbsp;<\/p>\n\n\n<div class=\"wp-block-image\">\n<figure class=\"aligncenter size-large\"><img loading=\"lazy\" decoding=\"async\" width=\"700\" height=\"467\" src=\"https:\/\/www.milar.es\/blog\/wp-content\/uploads\/2025\/06\/lavadoras-en-una-lavanderia-automatica_11zon-700x467.jpg\" alt=\"\u00bfCu\u00e1ndo se invent\u00f3 la lavadora y qui\u00e9n lo hizo? \" class=\"wp-image-14865\" srcset=\"https:\/\/www.milar.es\/blog\/wp-content\/uploads\/2025\/06\/lavadoras-en-una-lavanderia-automatica_11zon-700x467.jpg 700w, https:\/\/www.milar.es\/blog\/wp-content\/uploads\/2025\/06\/lavadoras-en-una-lavanderia-automatica_11zon-250x167.jpg 250w, https:\/\/www.milar.es\/blog\/wp-content\/uploads\/2025\/06\/lavadoras-en-una-lavanderia-automatica_11zon-768x512.jpg 768w, https:\/\/www.milar.es\/blog\/wp-content\/uploads\/2025\/06\/lavadoras-en-una-lavanderia-automatica_11zon-1536x1024.jpg 1536w, https:\/\/www.milar.es\/blog\/wp-content\/uploads\/2025\/06\/lavadoras-en-una-lavanderia-automatica_11zon-2048x1365.jpg 2048w, https:\/\/www.milar.es\/blog\/wp-content\/uploads\/2025\/06\/lavadoras-en-una-lavanderia-automatica_11zon-120x80.jpg 120w\" sizes=\"auto, (max-width: 700px) 100vw, 700px\" \/><\/figure>\n<\/div>\n\n\n<h2 class=\"wp-block-heading\">\u00bfQu\u00e9 hab\u00eda antes de la <a href=\"https:\/\/www.milar.es\/lavadoras-cocina.html\" target=\"_blank\" rel=\"noreferrer noopener\">lavadora<\/a>?&nbsp;<\/h2>\n\n\n\n<p>Aunque ahora nos cuesta imaginarnos una lavadora que funcione de otra forma que no sea pulsando un bot\u00f3n, las primeras lavadoras ni siquiera conoc\u00edan lo que era la electricidad. Al principio, <strong>la ropa se ten\u00eda que lavar a mano<\/strong>, primero en r\u00edos y lavaderos y despu\u00e9s, con la llegada del agua potable, en casa.&nbsp;<\/p>\n\n\n\n<p>La historia de la lavadora comienza en el siglo XVIII, cuando se empezaron a dar los primeros pasos hacia la soluci\u00f3n que tenemos hoy en d\u00eda. No fue hasta 1797 cuando el estadounidense Nathaniel Briggs patent\u00f3 <strong>una m\u00e1quina que usaba un mecanismo para mover la ropa en un recipiente con agua y jab\u00f3n<\/strong>, aunque segu\u00eda requiriendo esfuerzo manual. A\u00f1os m\u00e1s tarde, en 1851, James King patent\u00f3 la primera lavadora con un tambor giratorio, un avance que <strong>sent\u00f3 las bases para los modelos que vendr\u00edan despu\u00e9s<\/strong>.&nbsp;<\/p>\n\n\n\n<p>Estas m\u00e1quinas, aunque facilitaban el trabajo, segu\u00edan necesitando tiempo y dedicaci\u00f3n para que funcionaran. Hubo muchos m\u00e1s intentos de mejorar el mecanismo que se estaba desarrollando, pero <strong>\u00bfcu\u00e1ndo se invent\u00f3 la prima lavadora \u201cde verdad\u201d?&nbsp;<\/strong>&nbsp;<\/p>\n\n\n\n<h2 class=\"wp-block-heading\">\u00bfQui\u00e9n y cu\u00e1ndo se invent\u00f3 la primera lavadora?&nbsp;<\/h2>\n\n\n\n<p>El t\u00edtulo de \u201ccreador de la lavadora\u201d se le atribuye a <strong>Alva J. Fisher<\/strong>, un ingeniero estadounidense que invent\u00f3 en 1908 <strong>la primera lavadora el\u00e9ctrica moderna<\/strong>, el modelo Thor, bajo la marca Hurley Machine Company, aunque no fue patentada hasta 1910. Esta m\u00e1quina ya contaba con un <strong>motor el\u00e9ctrico que hac\u00eda girar el tambor autom\u00e1ticamente<\/strong>, consiguiendo eliminar el principal problema de las otras lavadoras, que era la necesidad de precisar mucho esfuerzo humano.&nbsp;<\/p>\n\n\n\n<p>La lavadora el\u00e9ctrica de Fisher marc\u00f3 un antes y un despu\u00e9s, <strong>dando<\/strong> <strong>inicio a la era de las lavadoras autom\u00e1ticas y el\u00e9ctricas tal y como las conocemos a d\u00eda de hoy.<\/strong> A partir de ese momento, la innovaci\u00f3n en las lavadoras se aceler\u00f3 sin frenos, incorporando nuevas tecnolog\u00edas que nos siguen sorprendiendo en la actualidad.&nbsp;<\/p>\n\n\n\n<h2 class=\"wp-block-heading\">\u00bfQui\u00e9n invent\u00f3 la lavadora autom\u00e1tica?&nbsp;<\/h2>\n\n\n\n<p>Despu\u00e9s de la lavadora el\u00e9ctrica de Fisher, el siguiente gran salto lleg\u00f3 con <strong>la lavadora autom\u00e1tica<\/strong>, que permit\u00eda lavar, enjuagar y centrifugar la ropa sin tener que intervenir manualmente. Esto ya se va pareciendo a nuestra realidad, \u00bfverdad?&nbsp;&nbsp;<\/p>\n\n\n\n<p>En este caso hay que atribuirle el m\u00e9rito a la compa\u00f1\u00eda <strong>Bendix Corporation<\/strong>, que en 1937 desarroll\u00f3 y comercializo este invento. El innovador modelo incorpor\u00f3 un temporizador que <strong>controlaba autom\u00e1ticamente las fases del lavado<\/strong>, lo que supuso una aut\u00e9ntica revoluci\u00f3n para los hogares. Desde entonces, la lavadora autom\u00e1tica ha seguido evolucionando hasta el d\u00eda de hoy, donde cada d\u00eda nos puede sorprender con una nueva tecnolog\u00eda.&nbsp;<\/p>\n\n\n\n<h2 class=\"wp-block-heading\">La lavadora hoy: tecnolog\u00eda y comodidad&nbsp;<\/h2>\n\n\n\n<p>Como has podido leer, las lavadoras que tenemos hoy en d\u00eda no tienen nada que ver con los primeros prototipos, son tan diferentes que lo \u00fanico que comparten es el nombre.&nbsp; Los primeros pioneros de este electrodom\u00e9stico nunca habr\u00edan imaginado la existencia de <a href=\"https:\/\/www.milar.es\/lavadoras-inteligentes.html\" target=\"_blank\" rel=\"noreferrer noopener\">lavadoras inteligentes<\/a> o con <a href=\"https:\/\/www.milar.es\/lavadoras-dosificacion-automatica.html\" target=\"_blank\" rel=\"noreferrer noopener\">dosificaci\u00f3n autom\u00e1tica<\/a>. De hecho, <strong>\u00bfacaso todo el mundo tiene claro <a href=\"https:\/\/www.milar.es\/blog\/funcion-centrifugado-una-lavadora-caracteristicas-tipos-velocidades\/\" target=\"_blank\" rel=\"noreferrer noopener\">qu\u00e9 hace el centrifugado<\/a>?&nbsp;<\/strong><\/p>\n\n\n\n<p>En Milar, la evoluci\u00f3n de este indispensable electrodom\u00e9stico es una realidad palpable. <strong>Nuestra amplia gama de lavadoras est\u00e1 dise\u00f1ada para cubrir todas las necesidades y presupuestos<\/strong>, ofreciendo la m\u00e1xima <strong>eficiencia y fiabilidad<\/strong>.&nbsp;&nbsp;<\/p>\n\n\n\n<p>\u00bfAun no conoces <a href=\"https:\/\/www.milar.es\/blog\/comparativa-lavadoras-conoce-todos-los-modelos\/\" target=\"_blank\" rel=\"noreferrer noopener\">todos los tipos de lavadoras que hay<\/a>? Si buscas optimizar tu espacio, las <a href=\"https:\/\/www.milar.es\/lavadoras-de-carga-superior-cocina.html\" target=\"_blank\" rel=\"noreferrer noopener\"><strong>lavadoras de carga superior<\/strong><\/a> son ideales, mientras que nuestras <a href=\"https:\/\/www.milar.es\/lavadoras-de-carga-frontal-cocina.html\" target=\"_blank\" rel=\"noreferrer noopener\"><strong>lavadoras de carga frontal<\/strong><\/a> ofrecen mayor capacidad y una integraci\u00f3n perfecta en cualquier parte del hogar. \u00bfY sab\u00edas que <a href=\"https:\/\/www.milar.es\/blog\/como-comprar-una-lavasecadora-aprovecha-todos-nuestros-consejos\/\" target=\"_blank\" rel=\"noreferrer noopener\">lavar y secar la ropa con un mismo electrodom\u00e9stico es posible<\/a>? Compru\u00e9balo con la lavasecadora AEG LWR7316O4B, disponible en nuestra web.&nbsp;<\/p>\n\n\n<div class=\"carrusel\"><ul class=\"recomendacion\"><\/ul><\/div>\n\n\n\n<p>Como ves,<strong> la tecnolog\u00eda m\u00e1s avanzada est\u00e1 a tu alcance en Milar<\/strong>. Adem\u00e1s de contar con<strong> las mejores marcas de lavadoras<\/strong> como <a href=\"https:\/\/www.milar.es\/lavadoras-cocina\/de-lg.html\" target=\"_blank\" rel=\"noreferrer noopener\">LG<\/a>, <a href=\"https:\/\/www.milar.es\/lavadoras-cocina\/de-samsung.html\" target=\"_blank\" rel=\"noreferrer noopener\">Samsung<\/a> o <a href=\"https:\/\/www.milar.es\/lavadoras-cocina\/de-bosch.html\" target=\"_blank\" rel=\"noreferrer noopener\">Bosch<\/a>, entre muchas otras, en nuestro cat\u00e1logo te facilitamos la b\u00fasqueda de lavadoras para que puedas elegirla por su tipo de carga, la capacidad de carga del tambor, el tipo de instalaci\u00f3n e incluso el plazo de env\u00edo. Desde luego,&nbsp; Alva J. Fisher nunca se habr\u00eda podido imaginar lo lejos que iba a llegar su invento.&nbsp;<\/p>\n\n\n\n<p>As\u00ed que ya sabes, si est\u00e1s pensando en <strong>renovar tu lavadora<\/strong>, en Milar encontrar\u00e1s <a href=\"https:\/\/www.milar.es\/lavadoras-cocina.html?orden=novedad\" target=\"_blank\" rel=\"noreferrer noopener\"><strong>las \u00faltimas innovaciones<\/strong><\/a><strong> del mercado<\/strong> y <a href=\"https:\/\/www.milar.es\/blog\/mejor-lavadora-calidad-precio\/\">las mejores lavadoras calidad-precio<\/a>, acompa\u00f1ado de un <strong>asesoramiento profesional<\/strong> que te ayudar\u00e1 a tomar <strong>la mejor decisi\u00f3n<\/strong>.\u00a0<\/p>\n\n\n<div class=\"carrusel\"><ul class=\"recomendacion\"><li class=\"producto\"><div class=\"wrapProducto\"><a class=\"imagen\" href=\"https:\/\/www.milar.es\/lavadora-samsung-ww90dg6u25lku3.html\"><img decoding=\"async\" src=\"https:\/\/www.milar.es\/estaticos\/extras\/fotos\/productos\/00\/00\/25\/95\/85\/WW90DG6U25LK-1-web.jpg\"><\/a><h3><a href=\"https:\/\/www.milar.es\/lavadora-samsung-ww90dg6u25lku3.html\">Lavadora carga frontal Samsung WW90DG6U25LKU3<\/a><\/h3><div class=\"bloquePrecio\"><div class=\"precioProducto\">499.00 EUR<\/div><\/div><\/div><\/li><li class=\"producto\"><div class=\"wrapProducto\"><a class=\"imagen\" href=\"https:\/\/www.milar.es\/lavadora-samsung-ww90dg6u25lku3.html\"><img decoding=\"async\" src=\"https:\/\/www.milar.es\/estaticos\/extras\/fotos\/productos\/00\/00\/25\/95\/85\/WW90DG6U25LK-1-web.jpg\"><\/a><h3><a href=\"https:\/\/www.milar.es\/lavadora-samsung-ww90dg6u25lku3.html\">Lavadora carga frontal Samsung WW90DG6U25LKU3<\/a><\/h3><div class=\"bloquePrecio\"><div class=\"precioProducto\">499.00 EUR<\/div><\/div><\/div><\/li><li class=\"producto\"><div class=\"wrapProducto\"><a class=\"imagen\" href=\"https:\/\/www.milar.es\/lavadora-aeg-lfn7g8434f.html\"><img decoding=\"async\" src=\"https:\/\/www.milar.es\/estaticos\/extras\/fotos\/productos\/00\/00\/25\/09\/15\/LFN7G8434F-1-web.jpg\"><\/a><h3><a href=\"https:\/\/www.milar.es\/lavadora-aeg-lfn7g8434f.html\">Lavadora caga frontal AEG LFN7G8434F<\/a><\/h3><div class=\"bloquePrecio\"><div class=\"precioProducto\">655.00 EUR<\/div><\/div><\/div><\/li><li class=\"producto\"><div class=\"wrapProducto\"><a class=\"imagen\" href=\"https:\/\/www.milar.es\/lavadora-aeg-lfa5i82wre.html\"><img decoding=\"async\" src=\"https:\/\/www.milar.es\/estaticos\/extras\/fotos\/productos\/00\/00\/25\/09\/04\/LFA5I82WRE-1-web.jpg\"><\/a><h3><a href=\"https:\/\/www.milar.es\/lavadora-aeg-lfa5i82wre.html\">Lavadora carga frontal AEG LFA5I82WRE<\/a><\/h3><div class=\"bloquePrecio\"><div class=\"precioProducto\">451.00 EUR<\/div><\/div><\/div><\/li><\/ul><\/div>\n","protected":false},"excerpt":{"rendered":"\u00bfAlguna vez te has parado a pensar en todo el tiempo que perder\u00edas si no existieran las lavadoras? Imagina tener que lavar todo a mano, dejar la ropa a remojo, frotar en una tabla, enjuagar, escurrir&#8230; No cabe duda de que, sin este electrodom\u00e9stico, lavar la ropa ser\u00eda una tarea&#8230; <a class=\"view-article\" href=\"https:\/\/www.milar.es\/blog\/cuando-se-invento-la-lavadora\/\">Ver art\u00edculo<\/a>","protected":false},"author":1,"featured_media":14891,"comment_status":"closed","ping_status":"closed","sticky":false,"template":"","format":"standard","meta":{"footnotes":""},"categories":[1],"tags":[],"class_list":["post-14859","post","type-post","status-publish","format-standard","has-post-thumbnail","hentry","category-entretenimiento"],"yoast_head":"<!-- This site is optimized with the Yoast SEO plugin v27.5 - https:\/\/yoast.com\/product\/yoast-seo-wordpress\/ -->\n<title>\u00bfCu\u00e1ndo se invent\u00f3 la lavadora y qui\u00e9n lo hizo? - Milar Tendencias de electrodom\u00e9sticos<\/title>\n<meta name=\"description\" content=\"Descubre qui\u00e9n invent\u00f3 la lavadora y cu\u00e1ndo, desde los primeros intentos manuales hasta las innovadoras lavadoras autom\u00e1ticas actuales.\" \/>\n<meta name=\"robots\" content=\"index, follow, max-snippet:-1, max-image-preview:large, max-video-preview:-1\" \/>\n<link rel=\"canonical\" href=\"https:\/\/www.milar.es\/blog\/cuando-se-invento-la-lavadora\/\" \/>\n<meta property=\"og:locale\" content=\"es_ES\" \/>\n<meta property=\"og:type\" content=\"article\" \/>\n<meta property=\"og:title\" content=\"\u00bfCu\u00e1ndo se invent\u00f3 la lavadora y qui\u00e9n lo hizo? - Milar Tendencias de electrodom\u00e9sticos\" \/>\n<meta property=\"og:description\" content=\"Descubre qui\u00e9n invent\u00f3 la lavadora y cu\u00e1ndo, desde los primeros intentos manuales hasta las innovadoras lavadoras autom\u00e1ticas actuales.\" \/>\n<meta property=\"og:url\" content=\"https:\/\/www.milar.es\/blog\/cuando-se-invento-la-lavadora\/\" \/>\n<meta property=\"og:site_name\" content=\"Milar Tendencias de electrodom\u00e9sticos\" \/>\n<meta property=\"article:published_time\" content=\"2025-06-30T11:43:36+00:00\" \/>\n<meta property=\"article:modified_time\" content=\"2025-07-29T10:33:26+00:00\" \/>\n<meta property=\"og:image\" content=\"https:\/\/www.milar.es\/blog\/wp-content\/uploads\/2025\/06\/cuando-se-invento-lavadora-milar.jpg\" \/>\n\t<meta property=\"og:image:width\" content=\"1200\" \/>\n\t<meta property=\"og:image:height\" content=\"800\" \/>\n\t<meta property=\"og:image:type\" content=\"image\/jpeg\" \/>\n<meta name=\"author\" content=\"Milar\" \/>\n<meta name=\"twitter:card\" content=\"summary_large_image\" \/>\n<meta name=\"twitter:label1\" content=\"Escrito por\" \/>\n\t<meta name=\"twitter:data1\" content=\"Milar\" \/>\n\t<meta name=\"twitter:label2\" content=\"Tiempo de lectura\" \/>\n\t<meta name=\"twitter:data2\" content=\"5 minutos\" \/>\n<script type=\"application\/ld+json\" class=\"yoast-schema-graph\">{\"@context\":\"https:\\\/\\\/schema.org\",\"@graph\":[{\"@type\":\"Article\",\"@id\":\"https:\\\/\\\/www.milar.es\\\/blog\\\/cuando-se-invento-la-lavadora\\\/#article\",\"isPartOf\":{\"@id\":\"https:\\\/\\\/www.milar.es\\\/blog\\\/cuando-se-invento-la-lavadora\\\/\"},\"author\":{\"name\":\"Milar\",\"@id\":\"https:\\\/\\\/www.milar.es\\\/blog\\\/#\\\/schema\\\/person\\\/a63c4965e2d32a22be88aabb90c4f11f\"},\"headline\":\"\u00bfCu\u00e1ndo se invent\u00f3 la lavadora y qui\u00e9n lo hizo?\",\"datePublished\":\"2025-06-30T11:43:36+00:00\",\"dateModified\":\"2025-07-29T10:33:26+00:00\",\"mainEntityOfPage\":{\"@id\":\"https:\\\/\\\/www.milar.es\\\/blog\\\/cuando-se-invento-la-lavadora\\\/\"},\"wordCount\":963,\"image\":{\"@id\":\"https:\\\/\\\/www.milar.es\\\/blog\\\/cuando-se-invento-la-lavadora\\\/#primaryimage\"},\"thumbnailUrl\":\"https:\\\/\\\/www.milar.es\\\/blog\\\/wp-content\\\/uploads\\\/2025\\\/06\\\/cuando-se-invento-lavadora-milar.jpg\",\"articleSection\":[\"Entretenimiento\"],\"inLanguage\":\"es\"},{\"@type\":\"WebPage\",\"@id\":\"https:\\\/\\\/www.milar.es\\\/blog\\\/cuando-se-invento-la-lavadora\\\/\",\"url\":\"https:\\\/\\\/www.milar.es\\\/blog\\\/cuando-se-invento-la-lavadora\\\/\",\"name\":\"\u00bfCu\u00e1ndo se invent\u00f3 la lavadora y qui\u00e9n lo hizo? - Milar Tendencias de electrodom\u00e9sticos\",\"isPartOf\":{\"@id\":\"https:\\\/\\\/www.milar.es\\\/blog\\\/#website\"},\"primaryImageOfPage\":{\"@id\":\"https:\\\/\\\/www.milar.es\\\/blog\\\/cuando-se-invento-la-lavadora\\\/#primaryimage\"},\"image\":{\"@id\":\"https:\\\/\\\/www.milar.es\\\/blog\\\/cuando-se-invento-la-lavadora\\\/#primaryimage\"},\"thumbnailUrl\":\"https:\\\/\\\/www.milar.es\\\/blog\\\/wp-content\\\/uploads\\\/2025\\\/06\\\/cuando-se-invento-lavadora-milar.jpg\",\"datePublished\":\"2025-06-30T11:43:36+00:00\",\"dateModified\":\"2025-07-29T10:33:26+00:00\",\"author\":{\"@id\":\"https:\\\/\\\/www.milar.es\\\/blog\\\/#\\\/schema\\\/person\\\/a63c4965e2d32a22be88aabb90c4f11f\"},\"description\":\"Descubre qui\u00e9n invent\u00f3 la lavadora y cu\u00e1ndo, desde los primeros intentos manuales hasta las innovadoras lavadoras autom\u00e1ticas actuales.\",\"breadcrumb\":{\"@id\":\"https:\\\/\\\/www.milar.es\\\/blog\\\/cuando-se-invento-la-lavadora\\\/#breadcrumb\"},\"inLanguage\":\"es\",\"potentialAction\":[{\"@type\":\"ReadAction\",\"target\":[\"https:\\\/\\\/www.milar.es\\\/blog\\\/cuando-se-invento-la-lavadora\\\/\"]}]},{\"@type\":\"ImageObject\",\"inLanguage\":\"es\",\"@id\":\"https:\\\/\\\/www.milar.es\\\/blog\\\/cuando-se-invento-la-lavadora\\\/#primaryimage\",\"url\":\"https:\\\/\\\/www.milar.es\\\/blog\\\/wp-content\\\/uploads\\\/2025\\\/06\\\/cuando-se-invento-lavadora-milar.jpg\",\"contentUrl\":\"https:\\\/\\\/www.milar.es\\\/blog\\\/wp-content\\\/uploads\\\/2025\\\/06\\\/cuando-se-invento-lavadora-milar.jpg\",\"width\":1200,\"height\":800,\"caption\":\"Cuando se invent\u00f3 la lavadora\"},{\"@type\":\"BreadcrumbList\",\"@id\":\"https:\\\/\\\/www.milar.es\\\/blog\\\/cuando-se-invento-la-lavadora\\\/#breadcrumb\",\"itemListElement\":[{\"@type\":\"ListItem\",\"position\":1,\"name\":\"Home\",\"item\":\"https:\\\/\\\/www.milar.es\\\/blog\\\/\"},{\"@type\":\"ListItem\",\"position\":2,\"name\":\"\u00bfCu\u00e1ndo se invent\u00f3 la lavadora y qui\u00e9n lo hizo?\"}]},{\"@type\":\"WebSite\",\"@id\":\"https:\\\/\\\/www.milar.es\\\/blog\\\/#website\",\"url\":\"https:\\\/\\\/www.milar.es\\\/blog\\\/\",\"name\":\"Milar Tendencias de electrodom\u00e9sticos\",\"description\":\"\",\"potentialAction\":[{\"@type\":\"SearchAction\",\"target\":{\"@type\":\"EntryPoint\",\"urlTemplate\":\"https:\\\/\\\/www.milar.es\\\/blog\\\/?s={search_term_string}\"},\"query-input\":{\"@type\":\"PropertyValueSpecification\",\"valueRequired\":true,\"valueName\":\"search_term_string\"}}],\"inLanguage\":\"es\"},{\"@type\":\"Person\",\"@id\":\"https:\\\/\\\/www.milar.es\\\/blog\\\/#\\\/schema\\\/person\\\/a63c4965e2d32a22be88aabb90c4f11f\",\"name\":\"Milar\",\"image\":{\"@type\":\"ImageObject\",\"inLanguage\":\"es\",\"@id\":\"https:\\\/\\\/secure.gravatar.com\\\/avatar\\\/1ff5211459d04644acdbe2d949c2a8626dc0f1e355d4830331235d147f36505a?s=96&d=mm&r=g\",\"url\":\"https:\\\/\\\/secure.gravatar.com\\\/avatar\\\/1ff5211459d04644acdbe2d949c2a8626dc0f1e355d4830331235d147f36505a?s=96&d=mm&r=g\",\"contentUrl\":\"https:\\\/\\\/secure.gravatar.com\\\/avatar\\\/1ff5211459d04644acdbe2d949c2a8626dc0f1e355d4830331235d147f36505a?s=96&d=mm&r=g\",\"caption\":\"Milar\"}}]}<\/script>\n<!-- \/ Yoast SEO plugin. -->","yoast_head_json":{"title":"\u00bfCu\u00e1ndo se invent\u00f3 la lavadora y qui\u00e9n lo hizo? - Milar Tendencias de electrodom\u00e9sticos","description":"Descubre qui\u00e9n invent\u00f3 la lavadora y cu\u00e1ndo, desde los primeros intentos manuales hasta las innovadoras lavadoras autom\u00e1ticas actuales.","robots":{"index":"index","follow":"follow","max-snippet":"max-snippet:-1","max-image-preview":"max-image-preview:large","max-video-preview":"max-video-preview:-1"},"canonical":"https:\/\/www.milar.es\/blog\/cuando-se-invento-la-lavadora\/","og_locale":"es_ES","og_type":"article","og_title":"\u00bfCu\u00e1ndo se invent\u00f3 la lavadora y qui\u00e9n lo hizo? - Milar Tendencias de electrodom\u00e9sticos","og_description":"Descubre qui\u00e9n invent\u00f3 la lavadora y cu\u00e1ndo, desde los primeros intentos manuales hasta las innovadoras lavadoras autom\u00e1ticas actuales.","og_url":"https:\/\/www.milar.es\/blog\/cuando-se-invento-la-lavadora\/","og_site_name":"Milar Tendencias de electrodom\u00e9sticos","article_published_time":"2025-06-30T11:43:36+00:00","article_modified_time":"2025-07-29T10:33:26+00:00","og_image":[{"width":1200,"height":800,"url":"https:\/\/www.milar.es\/blog\/wp-content\/uploads\/2025\/06\/cuando-se-invento-lavadora-milar.jpg","type":"image\/jpeg"}],"author":"Milar","twitter_card":"summary_large_image","twitter_misc":{"Escrito por":"Milar","Tiempo de lectura":"5 minutos"},"schema":{"@context":"https:\/\/schema.org","@graph":[{"@type":"Article","@id":"https:\/\/www.milar.es\/blog\/cuando-se-invento-la-lavadora\/#article","isPartOf":{"@id":"https:\/\/www.milar.es\/blog\/cuando-se-invento-la-lavadora\/"},"author":{"name":"Milar","@id":"https:\/\/www.milar.es\/blog\/#\/schema\/person\/a63c4965e2d32a22be88aabb90c4f11f"},"headline":"\u00bfCu\u00e1ndo se invent\u00f3 la lavadora y qui\u00e9n lo hizo?","datePublished":"2025-06-30T11:43:36+00:00","dateModified":"2025-07-29T10:33:26+00:00","mainEntityOfPage":{"@id":"https:\/\/www.milar.es\/blog\/cuando-se-invento-la-lavadora\/"},"wordCount":963,"image":{"@id":"https:\/\/www.milar.es\/blog\/cuando-se-invento-la-lavadora\/#primaryimage"},"thumbnailUrl":"https:\/\/www.milar.es\/blog\/wp-content\/uploads\/2025\/06\/cuando-se-invento-lavadora-milar.jpg","articleSection":["Entretenimiento"],"inLanguage":"es"},{"@type":"WebPage","@id":"https:\/\/www.milar.es\/blog\/cuando-se-invento-la-lavadora\/","url":"https:\/\/www.milar.es\/blog\/cuando-se-invento-la-lavadora\/","name":"\u00bfCu\u00e1ndo se invent\u00f3 la lavadora y qui\u00e9n lo hizo? - Milar Tendencias de electrodom\u00e9sticos","isPartOf":{"@id":"https:\/\/www.milar.es\/blog\/#website"},"primaryImageOfPage":{"@id":"https:\/\/www.milar.es\/blog\/cuando-se-invento-la-lavadora\/#primaryimage"},"image":{"@id":"https:\/\/www.milar.es\/blog\/cuando-se-invento-la-lavadora\/#primaryimage"},"thumbnailUrl":"https:\/\/www.milar.es\/blog\/wp-content\/uploads\/2025\/06\/cuando-se-invento-lavadora-milar.jpg","datePublished":"2025-06-30T11:43:36+00:00","dateModified":"2025-07-29T10:33:26+00:00","author":{"@id":"https:\/\/www.milar.es\/blog\/#\/schema\/person\/a63c4965e2d32a22be88aabb90c4f11f"},"description":"Descubre qui\u00e9n invent\u00f3 la lavadora y cu\u00e1ndo, desde los primeros intentos manuales hasta las innovadoras lavadoras autom\u00e1ticas actuales.","breadcrumb":{"@id":"https:\/\/www.milar.es\/blog\/cuando-se-invento-la-lavadora\/#breadcrumb"},"inLanguage":"es","potentialAction":[{"@type":"ReadAction","target":["https:\/\/www.milar.es\/blog\/cuando-se-invento-la-lavadora\/"]}]},{"@type":"ImageObject","inLanguage":"es","@id":"https:\/\/www.milar.es\/blog\/cuando-se-invento-la-lavadora\/#primaryimage","url":"https:\/\/www.milar.es\/blog\/wp-content\/uploads\/2025\/06\/cuando-se-invento-lavadora-milar.jpg","contentUrl":"https:\/\/www.milar.es\/blog\/wp-content\/uploads\/2025\/06\/cuando-se-invento-lavadora-milar.jpg","width":1200,"height":800,"caption":"Cuando se invent\u00f3 la lavadora"},{"@type":"BreadcrumbList","@id":"https:\/\/www.milar.es\/blog\/cuando-se-invento-la-lavadora\/#breadcrumb","itemListElement":[{"@type":"ListItem","position":1,"name":"Home","item":"https:\/\/www.milar.es\/blog\/"},{"@type":"ListItem","position":2,"name":"\u00bfCu\u00e1ndo se invent\u00f3 la lavadora y qui\u00e9n lo hizo?"}]},{"@type":"WebSite","@id":"https:\/\/www.milar.es\/blog\/#website","url":"https:\/\/www.milar.es\/blog\/","name":"Milar Tendencias de electrodom\u00e9sticos","description":"","potentialAction":[{"@type":"SearchAction","target":{"@type":"EntryPoint","urlTemplate":"https:\/\/www.milar.es\/blog\/?s={search_term_string}"},"query-input":{"@type":"PropertyValueSpecification","valueRequired":true,"valueName":"search_term_string"}}],"inLanguage":"es"},{"@type":"Person","@id":"https:\/\/www.milar.es\/blog\/#\/schema\/person\/a63c4965e2d32a22be88aabb90c4f11f","name":"Milar","image":{"@type":"ImageObject","inLanguage":"es","@id":"https:\/\/secure.gravatar.com\/avatar\/1ff5211459d04644acdbe2d949c2a8626dc0f1e355d4830331235d147f36505a?s=96&d=mm&r=g","url":"https:\/\/secure.gravatar.com\/avatar\/1ff5211459d04644acdbe2d949c2a8626dc0f1e355d4830331235d147f36505a?s=96&d=mm&r=g","contentUrl":"https:\/\/secure.gravatar.com\/avatar\/1ff5211459d04644acdbe2d949c2a8626dc0f1e355d4830331235d147f36505a?s=96&d=mm&r=g","caption":"Milar"}}]}},"_links":{"self":[{"href":"https:\/\/www.milar.es\/blog\/wp-json\/wp\/v2\/posts\/14859","targetHints":{"allow":["GET"]}}],"collection":[{"href":"https:\/\/www.milar.es\/blog\/wp-json\/wp\/v2\/posts"}],"about":[{"href":"https:\/\/www.milar.es\/blog\/wp-json\/wp\/v2\/types\/post"}],"author":[{"embeddable":true,"href":"https:\/\/www.milar.es\/blog\/wp-json\/wp\/v2\/users\/1"}],"replies":[{"embeddable":true,"href":"https:\/\/www.milar.es\/blog\/wp-json\/wp\/v2\/comments?post=14859"}],"version-history":[{"count":6,"href":"https:\/\/www.milar.es\/blog\/wp-json\/wp\/v2\/posts\/14859\/revisions"}],"predecessor-version":[{"id":14935,"href":"https:\/\/www.milar.es\/blog\/wp-json\/wp\/v2\/posts\/14859\/revisions\/14935"}],"wp:featuredmedia":[{"embeddable":true,"href":"https:\/\/www.milar.es\/blog\/wp-json\/wp\/v2\/media\/14891"}],"wp:attachment":[{"href":"https:\/\/www.milar.es\/blog\/wp-json\/wp\/v2\/media?parent=14859"}],"wp:term":[{"taxonomy":"category","embeddable":true,"href":"https:\/\/www.milar.es\/blog\/wp-json\/wp\/v2\/categories?post=14859"},{"taxonomy":"post_tag","embeddable":true,"href":"https:\/\/www.milar.es\/blog\/wp-json\/wp\/v2\/tags?post=14859"}],"curies":[{"name":"wp","href":"https:\/\/api.w.org\/{rel}","templated":true}]}}