{"id":13760,"date":"2024-02-07T11:44:00","date_gmt":"2024-02-07T11:44:00","guid":{"rendered":"https:\/\/www.milar.es\/blog\/?p=13760"},"modified":"2025-11-25T08:34:19","modified_gmt":"2025-11-25T08:34:19","slug":"programas-en-rtve-en-4k","status":"publish","type":"post","link":"https:\/\/www.milar.es\/blog\/programas-en-rtve-en-4k\/","title":{"rendered":"Programas en RTVE en 4K: \u00bfqu\u00e9 vas a poder ver este a\u00f1o en alta definici\u00f3n?"},"content":{"rendered":"\n<p>A partir del <strong>7 de febrero de 2024<\/strong> vas a poder disfrutar de tus contenidos favoritos de <strong>RTVE <\/strong>en la \u00f3ptima calidad de resoluci\u00f3n de imagen <strong>4K<\/strong>. Tus <strong>programas en RTVE en 4K<\/strong> revolucionar\u00e1n la forma en la que disfrutar del mejor entretenimiento en la comodidad de tu hogar. \u00bfQu\u00e9 vas a poder ver en esta Ultra Alta Definici\u00f3n en tu <strong><a href=\"https:\/\/www.milar.es\/televisores.html\">televisor<\/a><\/strong>? Hoy en <strong><a href=\"https:\/\/www.milar.es\/\">Milar<\/a><\/strong> te lo contamos todo.<\/p>\n\n\n<div class=\"wp-block-image\">\n<figure class=\"aligncenter size-large\"><img loading=\"lazy\" decoding=\"async\" width=\"700\" height=\"467\" src=\"https:\/\/www.milar.es\/blog\/wp-content\/uploads\/2021\/05\/tv-2-700x467.jpg\" alt=\"programas en rtve en 4k\" class=\"wp-image-7691\" srcset=\"https:\/\/www.milar.es\/blog\/wp-content\/uploads\/2021\/05\/tv-2-700x467.jpg 700w, https:\/\/www.milar.es\/blog\/wp-content\/uploads\/2021\/05\/tv-2-250x167.jpg 250w, https:\/\/www.milar.es\/blog\/wp-content\/uploads\/2021\/05\/tv-2-768x512.jpg 768w, https:\/\/www.milar.es\/blog\/wp-content\/uploads\/2021\/05\/tv-2-120x80.jpg 120w, https:\/\/www.milar.es\/blog\/wp-content\/uploads\/2021\/05\/tv-2.jpg 1200w\" sizes=\"auto, (max-width: 700px) 100vw, 700px\" \/><\/figure>\n<\/div>\n\n\n<h2 class=\"wp-block-heading has-text-align-center\">TVE en 4K<\/h2>\n\n\n\n<p>Hasta ahora, en tu televisi\u00f3n pod\u00edas visionar en la Televisi\u00f3n Digital Terrestre o TDT todo tipo de contenidos, pero no siempre con la calidad m\u00e1s \u00f3ptima. RTVE ya se pon\u00eda a la cabeza en contenidos UHD, la conocida como Ultra Alta Definici\u00f3n, con dos canales con esta resoluci\u00f3n: <strong>TVE-UHD 1<\/strong> y<strong> TVE-UHD 2<\/strong>. Pero a partir del pr\u00f3ximo 7 de febrero, <strong>TVE 4K<\/strong> llega con a\u00fan m\u00e1s ventajas en la calidad de imagen de sus contenidos.<\/p>\n\n\n\n<p>Es a partir de esta fecha cuando <strong>RTVE <\/strong>realizar\u00e1 sus emisiones regulares en <strong>UHD 4K en la TDT en abierto<\/strong>, por lo que ser\u00e1 accesible para todos y de forma gratuita. \u00a1T\u00fa tambi\u00e9n vas a disfrutar de la<strong> TVE en 4K<\/strong>!<\/p>\n\n\n\n<p>Este tipo de contenidos cuentan con una calidad de resoluci\u00f3n de imagen 4 veces mejor que en el est\u00e1ndar Full HD. Esto se debe a que su relaci\u00f3n de p\u00edxeles en la pantalla pasa de los 1920 x 1080pp a los 3840 x 2160pp, es decir, una calidad multiplicada por cuatro para una nitidez incre\u00edble.<\/p>\n\n\n\n<h2 class=\"wp-block-heading has-text-align-center\">TVE 4K programaci\u00f3n<\/h2>\n\n\n\n<p><strong>La Ultra Alta Definici\u00f3n llega a RTVE<\/strong> en sus emisiones regulares, lo que quiere decir que no estar\u00e1 presente solo al <strong><a href=\"https:\/\/www.milar.es\/blog\/como-sintonizar-los-canales-de-la-tv-pasos-a-seguir-para-poder-ver-tus-programas-milar-electrodomesticos\/\">sintonizar canales TV<\/a><\/strong> exclusivos, sino que podr\u00e1s disfrutar de tus <strong>programas en 4K<\/strong> en tu programaci\u00f3n favorita de siempre. Solo vas a necesitar un <strong><a href=\"https:\/\/www.milar.es\/televisores\/con-calidad-de-imagen-de-ultra-hd-4k.html\">televisor UHD 4K<\/a><\/strong> en casa que cuente con su <strong>sintonizador DVB-T2<\/strong>.<\/p>\n\n\n\n<p>No vas a tener que realizar ninguna configuraci\u00f3n extra en tu televisi\u00f3n para pasar t\u00fa tambi\u00e9n a disfrutar de esta calidad de imagen de <strong>RTVE<\/strong>. Solo tendr\u00e1s que conectar cualquiera de sus canales; La 1, La 2, Canal 24 horas, Clan, TDP, TVE Internacional y Star TVE, para visionar tus series y programas de confianza en <strong>4K RTVE.<\/strong><\/p>\n\n\n\n<h2 class=\"wp-block-heading has-text-align-center\"><strong>Programas de RTVE en 4K<\/strong><\/h2>\n\n\n\n<ul class=\"wp-block-list\">\n<li><strong>Masterchef 12: <\/strong>fecha prevista de estreno para marzo o abril de 2024.<\/li>\n\n\n\n<li><strong>Final Copa del Rey 2023-2024:<\/strong> El 6 de abril desde el Estadio de La Cartuja (Sevilla).<\/li>\n\n\n\n<li><strong>Eurovisi\u00f3n 2024<\/strong>: la final del Festival ser\u00e1 el s\u00e1bado 11 de mayor en la ciudad de Malm\u00f6 (Suecia).<\/li>\n\n\n\n<li><strong>Tour de Francia 2024: <\/strong>la Ronda Gala comenzar\u00e1 el 29 junio desde Florencia y finalizar\u00e1 en los Campos Elisios de Par\u00eds el 21 de julio.<\/li>\n\n\n\n<li><strong>Juegos Ol\u00edmpicos Par\u00eds 2024<\/strong>: Entre el 26 de julio, con la retrasmisi\u00f3n de la Ceremonia de Apertura por el r\u00edo Sena, hasta el 11 de agosto.<\/li>\n<\/ul>\n\n\n\n<h2 class=\"wp-block-heading has-text-align-center\">Televisores UHD para tus programas en 4K de RTVE<\/h2>\n\n\n\n<p>S\u00famate t\u00fa tambi\u00e9n a esta \u00f3ptima calidad de la reproducci\u00f3n de tus contenidos favoritos. Cuando disfrutes por primera vez de tus programas de siempre en tu<strong> televisor 4K<\/strong>, ya no querr\u00e1s volver a saber nada de la calidad anterior. Para que te actualices al mejor precio, en <strong>Milar <\/strong>te proponemos<strong> televisiones UHD <\/strong>que te van a encantar.<\/p>\n\n\n\n<h3 class=\"wp-block-heading has-text-align-center\"><a href=\"https:\/\/www.milar.es\/televisor-panasonic-tx-65mz2000e.html\">Televisor Panasonic TX-65MZ2000E<\/a><\/h3>\n\n\n\n<p>Este primer modelo es un<strong> televisor OLED 4K de <a href=\"https:\/\/www.milar.es\/panasonic.html\">Panasonic<\/a>, <\/strong>creado para vivir experiencias cinematogr\u00e1ficas en casa como nunca antes. El<strong> panel Master OLED Ultimate <\/strong>emplea su <strong>procesador HCX Pro con IA<\/strong> para aportarte una reproducci\u00f3n del color y del brillo tan pr\u00f3xima a la realidad que sentir\u00e1s c\u00f3mo un portal hacia otro mundo se abre ante ti en el sal\u00f3n. Este <strong><a href=\"https:\/\/www.milar.es\/televisores\/de-panasonic.html\">televisor Panasonic<\/a><\/strong> cuenta con un exclusivo <strong>sistema de audio Paisaje sonoro de 360\u00b0 Pro<\/strong>, el cual te har\u00e1 sumergirte en tus contenidos de lleno gracias a la distribuci\u00f3n de sus altavoces y su <strong>tecnolog\u00eda Dolby Atmos.<\/strong> En definitiva, el disfrute de tus contenidos en casa ya no volver\u00e1 a ser lo mismo.<\/p>\n\n\n<div class=\"carrusel\"><ul class=\"recomendacion\"><\/ul><\/div>\n\n\n\n<h3 class=\"wp-block-heading has-text-align-center\"><a href=\"https:\/\/www.milar.es\/televisor-samsung-tq65s95catxxc.html\">Televisor Samsung TQ65S95CATXXC<\/a><\/h3>\n\n\n\n<p><strong><a href=\"https:\/\/www.milar.es\/samsung.html\">Samsung <\/a><\/strong>te trae este modelo de <strong>65 pulgadas<\/strong> para que presumas en casa de una gran pantalla en un dise\u00f1o de <strong><a href=\"https:\/\/www.milar.es\/televisores\/de-samsung.html\">televisor Samsung<\/a><\/strong> elegante y moderno. Su<strong> dise\u00f1o Infinity<\/strong> ultra fino aporta minimalismo e innovaci\u00f3n, y con su<strong> tecnolog\u00eda One Connect <\/strong>puedes olvidarte de cientos de cables ocupando sitio y generando ese molesto ruido visual. Adem\u00e1s de su \u00f3ptimo dise\u00f1o, esta TV te trae una calidad de imagen superior gracias a su <strong>procesador Neural Quantum 4K<\/strong> el cual, mejorado con <strong>IA,<\/strong> te va a permitir disfrutar de calidad 4K sin importar la fuente original.<\/p>\n\n\n<div class=\"carrusel\"><ul class=\"recomendacion\"><\/ul><\/div>\n\n\n\n<h3 class=\"wp-block-heading has-text-align-center\"><a href=\"https:\/\/www.milar.es\/televisor-sony-kd-65x85l.html\">Televisor Sony KD-65X85L<\/a><\/h3>\n\n\n\n<p>Tambi\u00e9n de <strong>65 pulgadas<\/strong> te recomendamos la conocida marca <strong><a href=\"https:\/\/www.milar.es\/sony.html\">Sony<\/a><\/strong> con este modelo con <strong>tecnolog\u00eda Full Array LED<\/strong> y  <strong>4K HDR Processor X1\u2122.<\/strong> Este <strong><a href=\"https:\/\/www.milar.es\/televisores\/de-sony.html\">televisor de Sony<\/a><\/strong> es capaz de reproducir as\u00ed, miles de millones de colores para una gama crom\u00e1tica ampl\u00edsima y una mayor sensaci\u00f3n de realismo y naturalidad en tus contenidos. Su procesador emplea una base de datos 4K con la que conseguir mejorar la calidad de imagen de contenidos en 2K y HD. Esta TV tambi\u00e9n cuenta con <strong>Dolby Atmos\u00ae<\/strong>, ideal para vivir experiencias totalmente envolventes con mayor profundidad.<\/p>\n\n\n<div class=\"carrusel\"><ul class=\"recomendacion\"><\/ul><\/div>\n\n\n\n<p>Te mereces disfrutar de tus ratitos de desconexi\u00f3n y entretenimiento con la mejor calidad. Tu televisi\u00f3n de siempre en <strong>RTVE<\/strong> lo tiene claro y nosotros en <strong>Milar <\/strong>te lo ponemos muy f\u00e1cil con todos nuestros modelos de<strong> televisores UHD 4K<\/strong>. Disfruta ya de tus <strong>programas en RTVE en 4K<\/strong> con una TV a la altura.<\/p>\n","protected":false},"excerpt":{"rendered":"A partir del 7 de febrero de 2024 vas a poder disfrutar de tus contenidos favoritos de RTVE en la \u00f3ptima calidad de resoluci\u00f3n de imagen 4K. Tus programas en RTVE en 4K revolucionar\u00e1n la forma en la que disfrutar del mejor entretenimiento en la comodidad de tu hogar. \u00bfQu\u00e9&#8230; <a class=\"view-article\" href=\"https:\/\/www.milar.es\/blog\/programas-en-rtve-en-4k\/\">Ver art\u00edculo<\/a>","protected":false},"author":1,"featured_media":7691,"comment_status":"closed","ping_status":"closed","sticky":false,"template":"","format":"standard","meta":{"footnotes":""},"categories":[1,7,25],"tags":[],"class_list":["post-13760","post","type-post","status-publish","format-standard","has-post-thumbnail","hentry","category-entretenimiento","category-imagen-y-sonido","category-noticias"],"yoast_head":"<!-- This site is optimized with the Yoast SEO plugin v27.5 - https:\/\/yoast.com\/product\/yoast-seo-wordpress\/ -->\n<title>Programas en RTVE en 4K: \u00bfqu\u00e9 vas a poder ver este a\u00f1o en alta definici\u00f3n? - Milar Tendencias de electrodom\u00e9sticos<\/title>\n<meta name=\"description\" content=\"Disfruta a partir del 7 de febrero de 2024 de programas en RTVE en 4K. La mejor calidad de tus programas favoritos.\" \/>\n<meta name=\"robots\" content=\"index, follow, max-snippet:-1, max-image-preview:large, max-video-preview:-1\" \/>\n<link rel=\"canonical\" href=\"https:\/\/www.milar.es\/blog\/programas-en-rtve-en-4k\/\" \/>\n<meta property=\"og:locale\" content=\"es_ES\" \/>\n<meta property=\"og:type\" content=\"article\" \/>\n<meta property=\"og:title\" content=\"Programas en RTVE en 4K: \u00bfqu\u00e9 vas a poder ver este a\u00f1o en alta definici\u00f3n? - Milar Tendencias de electrodom\u00e9sticos\" \/>\n<meta property=\"og:description\" content=\"Disfruta a partir del 7 de febrero de 2024 de programas en RTVE en 4K. La mejor calidad de tus programas favoritos.\" \/>\n<meta property=\"og:url\" content=\"https:\/\/www.milar.es\/blog\/programas-en-rtve-en-4k\/\" \/>\n<meta property=\"og:site_name\" content=\"Milar Tendencias de electrodom\u00e9sticos\" \/>\n<meta property=\"article:published_time\" content=\"2024-02-07T11:44:00+00:00\" \/>\n<meta property=\"article:modified_time\" content=\"2025-11-25T08:34:19+00:00\" \/>\n<meta property=\"og:image\" content=\"https:\/\/www.milar.es\/blog\/wp-content\/uploads\/2021\/05\/tv-2.jpg\" \/>\n\t<meta property=\"og:image:width\" content=\"1200\" \/>\n\t<meta property=\"og:image:height\" content=\"800\" \/>\n\t<meta property=\"og:image:type\" content=\"image\/jpeg\" \/>\n<meta name=\"author\" content=\"Milar\" \/>\n<meta name=\"twitter:card\" content=\"summary_large_image\" \/>\n<meta name=\"twitter:label1\" content=\"Escrito por\" \/>\n\t<meta name=\"twitter:data1\" content=\"Milar\" \/>\n\t<meta name=\"twitter:label2\" content=\"Tiempo de lectura\" \/>\n\t<meta name=\"twitter:data2\" content=\"5 minutos\" \/>\n<script type=\"application\/ld+json\" class=\"yoast-schema-graph\">{\"@context\":\"https:\\\/\\\/schema.org\",\"@graph\":[{\"@type\":\"Article\",\"@id\":\"https:\\\/\\\/www.milar.es\\\/blog\\\/programas-en-rtve-en-4k\\\/#article\",\"isPartOf\":{\"@id\":\"https:\\\/\\\/www.milar.es\\\/blog\\\/programas-en-rtve-en-4k\\\/\"},\"author\":{\"name\":\"Milar\",\"@id\":\"https:\\\/\\\/www.milar.es\\\/blog\\\/#\\\/schema\\\/person\\\/a63c4965e2d32a22be88aabb90c4f11f\"},\"headline\":\"Programas en RTVE en 4K: \u00bfqu\u00e9 vas a poder ver este a\u00f1o en alta definici\u00f3n?\",\"datePublished\":\"2024-02-07T11:44:00+00:00\",\"dateModified\":\"2025-11-25T08:34:19+00:00\",\"mainEntityOfPage\":{\"@id\":\"https:\\\/\\\/www.milar.es\\\/blog\\\/programas-en-rtve-en-4k\\\/\"},\"wordCount\":967,\"image\":{\"@id\":\"https:\\\/\\\/www.milar.es\\\/blog\\\/programas-en-rtve-en-4k\\\/#primaryimage\"},\"thumbnailUrl\":\"https:\\\/\\\/www.milar.es\\\/blog\\\/wp-content\\\/uploads\\\/2021\\\/05\\\/tv-2.jpg\",\"articleSection\":[\"Entretenimiento\",\"Imagen y sonido\",\"Noticias\"],\"inLanguage\":\"es\"},{\"@type\":\"WebPage\",\"@id\":\"https:\\\/\\\/www.milar.es\\\/blog\\\/programas-en-rtve-en-4k\\\/\",\"url\":\"https:\\\/\\\/www.milar.es\\\/blog\\\/programas-en-rtve-en-4k\\\/\",\"name\":\"Programas en RTVE en 4K: \u00bfqu\u00e9 vas a poder ver este a\u00f1o en alta definici\u00f3n? - Milar Tendencias de electrodom\u00e9sticos\",\"isPartOf\":{\"@id\":\"https:\\\/\\\/www.milar.es\\\/blog\\\/#website\"},\"primaryImageOfPage\":{\"@id\":\"https:\\\/\\\/www.milar.es\\\/blog\\\/programas-en-rtve-en-4k\\\/#primaryimage\"},\"image\":{\"@id\":\"https:\\\/\\\/www.milar.es\\\/blog\\\/programas-en-rtve-en-4k\\\/#primaryimage\"},\"thumbnailUrl\":\"https:\\\/\\\/www.milar.es\\\/blog\\\/wp-content\\\/uploads\\\/2021\\\/05\\\/tv-2.jpg\",\"datePublished\":\"2024-02-07T11:44:00+00:00\",\"dateModified\":\"2025-11-25T08:34:19+00:00\",\"author\":{\"@id\":\"https:\\\/\\\/www.milar.es\\\/blog\\\/#\\\/schema\\\/person\\\/a63c4965e2d32a22be88aabb90c4f11f\"},\"description\":\"Disfruta a partir del 7 de febrero de 2024 de programas en RTVE en 4K. La mejor calidad de tus programas favoritos.\",\"breadcrumb\":{\"@id\":\"https:\\\/\\\/www.milar.es\\\/blog\\\/programas-en-rtve-en-4k\\\/#breadcrumb\"},\"inLanguage\":\"es\",\"potentialAction\":[{\"@type\":\"ReadAction\",\"target\":[\"https:\\\/\\\/www.milar.es\\\/blog\\\/programas-en-rtve-en-4k\\\/\"]}]},{\"@type\":\"ImageObject\",\"inLanguage\":\"es\",\"@id\":\"https:\\\/\\\/www.milar.es\\\/blog\\\/programas-en-rtve-en-4k\\\/#primaryimage\",\"url\":\"https:\\\/\\\/www.milar.es\\\/blog\\\/wp-content\\\/uploads\\\/2021\\\/05\\\/tv-2.jpg\",\"contentUrl\":\"https:\\\/\\\/www.milar.es\\\/blog\\\/wp-content\\\/uploads\\\/2021\\\/05\\\/tv-2.jpg\",\"width\":1200,\"height\":800,\"caption\":\"programas en rtve en 4k\"},{\"@type\":\"BreadcrumbList\",\"@id\":\"https:\\\/\\\/www.milar.es\\\/blog\\\/programas-en-rtve-en-4k\\\/#breadcrumb\",\"itemListElement\":[{\"@type\":\"ListItem\",\"position\":1,\"name\":\"Home\",\"item\":\"https:\\\/\\\/www.milar.es\\\/blog\\\/\"},{\"@type\":\"ListItem\",\"position\":2,\"name\":\"Programas en RTVE en 4K: \u00bfqu\u00e9 vas a poder ver este a\u00f1o en alta definici\u00f3n?\"}]},{\"@type\":\"WebSite\",\"@id\":\"https:\\\/\\\/www.milar.es\\\/blog\\\/#website\",\"url\":\"https:\\\/\\\/www.milar.es\\\/blog\\\/\",\"name\":\"Milar Tendencias de electrodom\u00e9sticos\",\"description\":\"\",\"potentialAction\":[{\"@type\":\"SearchAction\",\"target\":{\"@type\":\"EntryPoint\",\"urlTemplate\":\"https:\\\/\\\/www.milar.es\\\/blog\\\/?s={search_term_string}\"},\"query-input\":{\"@type\":\"PropertyValueSpecification\",\"valueRequired\":true,\"valueName\":\"search_term_string\"}}],\"inLanguage\":\"es\"},{\"@type\":\"Person\",\"@id\":\"https:\\\/\\\/www.milar.es\\\/blog\\\/#\\\/schema\\\/person\\\/a63c4965e2d32a22be88aabb90c4f11f\",\"name\":\"Milar\",\"image\":{\"@type\":\"ImageObject\",\"inLanguage\":\"es\",\"@id\":\"https:\\\/\\\/secure.gravatar.com\\\/avatar\\\/1ff5211459d04644acdbe2d949c2a8626dc0f1e355d4830331235d147f36505a?s=96&d=mm&r=g\",\"url\":\"https:\\\/\\\/secure.gravatar.com\\\/avatar\\\/1ff5211459d04644acdbe2d949c2a8626dc0f1e355d4830331235d147f36505a?s=96&d=mm&r=g\",\"contentUrl\":\"https:\\\/\\\/secure.gravatar.com\\\/avatar\\\/1ff5211459d04644acdbe2d949c2a8626dc0f1e355d4830331235d147f36505a?s=96&d=mm&r=g\",\"caption\":\"Milar\"}}]}<\/script>\n<!-- \/ Yoast SEO plugin. -->","yoast_head_json":{"title":"Programas en RTVE en 4K: \u00bfqu\u00e9 vas a poder ver este a\u00f1o en alta definici\u00f3n? - Milar Tendencias de electrodom\u00e9sticos","description":"Disfruta a partir del 7 de febrero de 2024 de programas en RTVE en 4K. La mejor calidad de tus programas favoritos.","robots":{"index":"index","follow":"follow","max-snippet":"max-snippet:-1","max-image-preview":"max-image-preview:large","max-video-preview":"max-video-preview:-1"},"canonical":"https:\/\/www.milar.es\/blog\/programas-en-rtve-en-4k\/","og_locale":"es_ES","og_type":"article","og_title":"Programas en RTVE en 4K: \u00bfqu\u00e9 vas a poder ver este a\u00f1o en alta definici\u00f3n? - Milar Tendencias de electrodom\u00e9sticos","og_description":"Disfruta a partir del 7 de febrero de 2024 de programas en RTVE en 4K. La mejor calidad de tus programas favoritos.","og_url":"https:\/\/www.milar.es\/blog\/programas-en-rtve-en-4k\/","og_site_name":"Milar Tendencias de electrodom\u00e9sticos","article_published_time":"2024-02-07T11:44:00+00:00","article_modified_time":"2025-11-25T08:34:19+00:00","og_image":[{"width":1200,"height":800,"url":"https:\/\/www.milar.es\/blog\/wp-content\/uploads\/2021\/05\/tv-2.jpg","type":"image\/jpeg"}],"author":"Milar","twitter_card":"summary_large_image","twitter_misc":{"Escrito por":"Milar","Tiempo de lectura":"5 minutos"},"schema":{"@context":"https:\/\/schema.org","@graph":[{"@type":"Article","@id":"https:\/\/www.milar.es\/blog\/programas-en-rtve-en-4k\/#article","isPartOf":{"@id":"https:\/\/www.milar.es\/blog\/programas-en-rtve-en-4k\/"},"author":{"name":"Milar","@id":"https:\/\/www.milar.es\/blog\/#\/schema\/person\/a63c4965e2d32a22be88aabb90c4f11f"},"headline":"Programas en RTVE en 4K: \u00bfqu\u00e9 vas a poder ver este a\u00f1o en alta definici\u00f3n?","datePublished":"2024-02-07T11:44:00+00:00","dateModified":"2025-11-25T08:34:19+00:00","mainEntityOfPage":{"@id":"https:\/\/www.milar.es\/blog\/programas-en-rtve-en-4k\/"},"wordCount":967,"image":{"@id":"https:\/\/www.milar.es\/blog\/programas-en-rtve-en-4k\/#primaryimage"},"thumbnailUrl":"https:\/\/www.milar.es\/blog\/wp-content\/uploads\/2021\/05\/tv-2.jpg","articleSection":["Entretenimiento","Imagen y sonido","Noticias"],"inLanguage":"es"},{"@type":"WebPage","@id":"https:\/\/www.milar.es\/blog\/programas-en-rtve-en-4k\/","url":"https:\/\/www.milar.es\/blog\/programas-en-rtve-en-4k\/","name":"Programas en RTVE en 4K: \u00bfqu\u00e9 vas a poder ver este a\u00f1o en alta definici\u00f3n? - Milar Tendencias de electrodom\u00e9sticos","isPartOf":{"@id":"https:\/\/www.milar.es\/blog\/#website"},"primaryImageOfPage":{"@id":"https:\/\/www.milar.es\/blog\/programas-en-rtve-en-4k\/#primaryimage"},"image":{"@id":"https:\/\/www.milar.es\/blog\/programas-en-rtve-en-4k\/#primaryimage"},"thumbnailUrl":"https:\/\/www.milar.es\/blog\/wp-content\/uploads\/2021\/05\/tv-2.jpg","datePublished":"2024-02-07T11:44:00+00:00","dateModified":"2025-11-25T08:34:19+00:00","author":{"@id":"https:\/\/www.milar.es\/blog\/#\/schema\/person\/a63c4965e2d32a22be88aabb90c4f11f"},"description":"Disfruta a partir del 7 de febrero de 2024 de programas en RTVE en 4K. La mejor calidad de tus programas favoritos.","breadcrumb":{"@id":"https:\/\/www.milar.es\/blog\/programas-en-rtve-en-4k\/#breadcrumb"},"inLanguage":"es","potentialAction":[{"@type":"ReadAction","target":["https:\/\/www.milar.es\/blog\/programas-en-rtve-en-4k\/"]}]},{"@type":"ImageObject","inLanguage":"es","@id":"https:\/\/www.milar.es\/blog\/programas-en-rtve-en-4k\/#primaryimage","url":"https:\/\/www.milar.es\/blog\/wp-content\/uploads\/2021\/05\/tv-2.jpg","contentUrl":"https:\/\/www.milar.es\/blog\/wp-content\/uploads\/2021\/05\/tv-2.jpg","width":1200,"height":800,"caption":"programas en rtve en 4k"},{"@type":"BreadcrumbList","@id":"https:\/\/www.milar.es\/blog\/programas-en-rtve-en-4k\/#breadcrumb","itemListElement":[{"@type":"ListItem","position":1,"name":"Home","item":"https:\/\/www.milar.es\/blog\/"},{"@type":"ListItem","position":2,"name":"Programas en RTVE en 4K: \u00bfqu\u00e9 vas a poder ver este a\u00f1o en alta definici\u00f3n?"}]},{"@type":"WebSite","@id":"https:\/\/www.milar.es\/blog\/#website","url":"https:\/\/www.milar.es\/blog\/","name":"Milar Tendencias de electrodom\u00e9sticos","description":"","potentialAction":[{"@type":"SearchAction","target":{"@type":"EntryPoint","urlTemplate":"https:\/\/www.milar.es\/blog\/?s={search_term_string}"},"query-input":{"@type":"PropertyValueSpecification","valueRequired":true,"valueName":"search_term_string"}}],"inLanguage":"es"},{"@type":"Person","@id":"https:\/\/www.milar.es\/blog\/#\/schema\/person\/a63c4965e2d32a22be88aabb90c4f11f","name":"Milar","image":{"@type":"ImageObject","inLanguage":"es","@id":"https:\/\/secure.gravatar.com\/avatar\/1ff5211459d04644acdbe2d949c2a8626dc0f1e355d4830331235d147f36505a?s=96&d=mm&r=g","url":"https:\/\/secure.gravatar.com\/avatar\/1ff5211459d04644acdbe2d949c2a8626dc0f1e355d4830331235d147f36505a?s=96&d=mm&r=g","contentUrl":"https:\/\/secure.gravatar.com\/avatar\/1ff5211459d04644acdbe2d949c2a8626dc0f1e355d4830331235d147f36505a?s=96&d=mm&r=g","caption":"Milar"}}]}},"_links":{"self":[{"href":"https:\/\/www.milar.es\/blog\/wp-json\/wp\/v2\/posts\/13760","targetHints":{"allow":["GET"]}}],"collection":[{"href":"https:\/\/www.milar.es\/blog\/wp-json\/wp\/v2\/posts"}],"about":[{"href":"https:\/\/www.milar.es\/blog\/wp-json\/wp\/v2\/types\/post"}],"author":[{"embeddable":true,"href":"https:\/\/www.milar.es\/blog\/wp-json\/wp\/v2\/users\/1"}],"replies":[{"embeddable":true,"href":"https:\/\/www.milar.es\/blog\/wp-json\/wp\/v2\/comments?post=13760"}],"version-history":[{"count":10,"href":"https:\/\/www.milar.es\/blog\/wp-json\/wp\/v2\/posts\/13760\/revisions"}],"predecessor-version":[{"id":13993,"href":"https:\/\/www.milar.es\/blog\/wp-json\/wp\/v2\/posts\/13760\/revisions\/13993"}],"wp:featuredmedia":[{"embeddable":true,"href":"https:\/\/www.milar.es\/blog\/wp-json\/wp\/v2\/media\/7691"}],"wp:attachment":[{"href":"https:\/\/www.milar.es\/blog\/wp-json\/wp\/v2\/media?parent=13760"}],"wp:term":[{"taxonomy":"category","embeddable":true,"href":"https:\/\/www.milar.es\/blog\/wp-json\/wp\/v2\/categories?post=13760"},{"taxonomy":"post_tag","embeddable":true,"href":"https:\/\/www.milar.es\/blog\/wp-json\/wp\/v2\/tags?post=13760"}],"curies":[{"name":"wp","href":"https:\/\/api.w.org\/{rel}","templated":true}]}}