{"id":13312,"date":"2023-03-30T10:25:54","date_gmt":"2023-03-30T10:25:54","guid":{"rendered":"https:\/\/www.milar.es\/blog\/?p=13312"},"modified":"2025-05-30T07:27:29","modified_gmt":"2025-05-30T07:27:29","slug":"lavadora-sostenible-siemenes","status":"publish","type":"post","link":"https:\/\/www.milar.es\/blog\/lavadora-sostenible-siemenes\/","title":{"rendered":"Nueva lavadora sostenible de Siemens. \u00bfC\u00f3mo es?"},"content":{"rendered":"\n<p><strong>La nueva lavadora Siemens, ofrece grandes capacidades con el m\u00ednimo consumo energ\u00e9tico. Con 10 kg y el mejor etiquetado A-20%.<\/strong><\/p>\n\n\n\n<p>Se trata de la lavadora de mejor <a href=\"https:\/\/www.milar.es\/blog\/conoce-etiquetado-energetico-los-electrodomesticos-detalle\/\">etiquetado energ\u00e9tico de los electrom\u00e9tricos<\/a>. Con un etiquetado A-20%, esta <a href=\"https:\/\/www.milar.es\/lavadora-siemens-wg54b2a0es.html\" target=\"_blank\" rel=\"noreferrer noopener\">lavadora Siemens WG54B2A0ES<\/a>, ofrece las prestaciones m\u00e1s completas, y consume un 39% menos de energ\u00eda*.<\/p>\n\n\n\n<p>* Comparativa frente a la clase C en electrodom\u00e9sticos de las mismas caracter\u00edsticas. Datos de consumo de energ\u00eda por ciclo, declarados en la etiqueta energ\u00e9tica de cada producto.<\/p>\n\n\n\n<p>Es una <a href=\"https:\/\/www.milar.es\/lavadoras-dosificacion-automatica.html\" target=\"_blank\" rel=\"noreferrer noopener\">lavadora de dosificaci\u00f3n autom\u00e1tica<\/a> de detergente, pues cuenta con el sistema i-Dos que utiliza sensores inteligentes para calcular la dosis \u00f3ptima bas\u00e1ndose en el tipo de tejido, nivel de carga y grado de suciedad. As\u00ed, se <strong>consigue ahorrar hasta un 38% de detergente<\/strong> y hasta 10 litros de agua por ciclo.<\/p>\n\n\n\n<figure class=\"wp-block-image size-large is-resized\"><img loading=\"lazy\" decoding=\"async\" width=\"700\" height=\"429\" src=\"https:\/\/www.milar.es\/blog\/wp-content\/uploads\/2023\/03\/lavadora-sistenible-siemens-700x429.jpg\" alt=\"lavadora sostenible samsung WG54B2A0ES\" class=\"wp-image-13313\" style=\"width:840px;height:515px\" srcset=\"https:\/\/www.milar.es\/blog\/wp-content\/uploads\/2023\/03\/lavadora-sistenible-siemens-700x429.jpg 700w, https:\/\/www.milar.es\/blog\/wp-content\/uploads\/2023\/03\/lavadora-sistenible-siemens-250x153.jpg 250w, https:\/\/www.milar.es\/blog\/wp-content\/uploads\/2023\/03\/lavadora-sistenible-siemens-768x471.jpg 768w, https:\/\/www.milar.es\/blog\/wp-content\/uploads\/2023\/03\/lavadora-sistenible-siemens-120x74.jpg 120w, https:\/\/www.milar.es\/blog\/wp-content\/uploads\/2023\/03\/lavadora-sistenible-siemens.jpg 1299w\" sizes=\"auto, (max-width: 700px) 100vw, 700px\" \/><\/figure>\n\n\n\n<p>Esta lavadora con 10 kg de capacidad, aterriza al mercado con un <strong>nuevo display inclinado<\/strong> con LEDs blancas que se iluminan al encenderla, mostrando los <a href=\"https:\/\/www.milar.es\/blog\/selecciona-adecuado-programa-lavadora-una-ropa-limpia-cuidada\/\" target=\"_blank\" rel=\"noreferrer noopener\">programas de la lavadora <\/a>y funciones disponibles, seleccionables de izquierda a derecha para un uso intuitivo. En cambio, cuando la lavadora est\u00e1 apagada, el elegante panel negro muestra \u00fanicamente el dial central. De esta forma consigues un panel mucho m\u00e1s limpio visualmente. <\/p>\n\n\n\n<figure class=\"wp-block-embed is-type-video is-provider-youtube wp-block-embed-youtube wp-embed-aspect-16-9 wp-has-aspect-ratio\"><div class=\"wp-block-embed__wrapper\">\n<iframe loading=\"lazy\" title=\"Lavadora iQ700 con autodosificaci\u00f3n y conexi\u00f3n al m\u00f3vil\" width=\"900\" height=\"506\" src=\"https:\/\/www.youtube.com\/embed\/lf8tiEtdrBA?feature=oembed\" frameborder=\"0\" allow=\"accelerometer; autoplay; clipboard-write; encrypted-media; gyroscope; picture-in-picture; web-share\" allowfullscreen><\/iframe>\n<\/div><\/figure>\n\n\n\n<p><a href=\"https:\/\/pim-shared.bsh-partner.com\/en\/downloads\/21888274\"><\/a><\/p>\n\n\n\n<p><strong>\u00bfA\u00fan no conoces Home Connect<\/strong>? La app gratuita Home Connect disponible en Android e IOS permite controlar los electrodom\u00e9sticos Siemens v\u00eda wifi a trav\u00e9s de tu m\u00f3vil o tablet. A trav\u00e9s de la app, esta <a href=\"https:\/\/www.milar.es\/blog\/nuevas-lavadoras-de-siemens-conoce-sus-caracteristicas\/\" target=\"_blank\" rel=\"noreferrer noopener\">nueva lavadora de Siemens<\/a> cuenta <strong>con prestaciones exclusivas con las que <\/strong>puedes configurar el sistema de autodosificaci\u00f3n <strong>escaneando el c\u00f3digo de barras de tu detergente<\/strong> y optimizar as\u00ed la autodosificaci\u00f3n seg\u00fan el detergente que uses en cada ocasi\u00f3n o <strong>programar la lavadora para que funcione en las horas de menor coste<\/strong>** con el <strong>asistente de energ\u00eda.<\/strong> <\/p>\n\n\n\n<p><strong>Y cuenta con 5 a\u00f1os de garant\u00eda total y el servicio de asesoramiento VIP para electrodom\u00e9sticos inteligentes, con el que a trav\u00e9s de expertos siemens, podr\u00e1s ahorrar tiempo y energ\u00eda con la nueva <a href=\"https:\/\/www.milar.es\/lavadoras-inteligentes.html\" target=\"_blank\" rel=\"noreferrer noopener\">lavadora inteligente<\/a>, aprendiendo a sacar el m\u00e1ximo partido a trav\u00e9s de la app Home Connect.<\/strong><\/p>\n\n\n\n<p><strong>Adem\u00e1s, ahora si la adquieres en tiendas Milar cuenta con 83\u20ac de reembolso que es el equivalente al consumo de 3 a\u00f1os de luz**<\/strong><\/p>\n\n\n\n<p>** En contratos con tarifa el\u00e9ctrica regulada PVPC. Los datos se basan en la informaci\u00f3n facilitada por la Red Electrica de Espa\u00f1a (REE) y se actualizan diariamente.<\/p>\n\n\n<div class=\"wp-block-image\">\n<figure class=\"aligncenter size-large\"><a href=\"https:\/\/www.milar.es\/lavadora-siemens-wg54b2a0es.html\"><img loading=\"lazy\" decoding=\"async\" width=\"700\" height=\"256\" src=\"https:\/\/www.milar.es\/blog\/wp-content\/uploads\/2023\/03\/lavadora-siemens-wg54b2a0es-700x256.jpg\" alt=\"lavadora siemens WG54B2A0ES\" class=\"wp-image-13266\" srcset=\"https:\/\/www.milar.es\/blog\/wp-content\/uploads\/2023\/03\/lavadora-siemens-wg54b2a0es-700x256.jpg 700w, https:\/\/www.milar.es\/blog\/wp-content\/uploads\/2023\/03\/lavadora-siemens-wg54b2a0es-250x91.jpg 250w, https:\/\/www.milar.es\/blog\/wp-content\/uploads\/2023\/03\/lavadora-siemens-wg54b2a0es-768x281.jpg 768w, https:\/\/www.milar.es\/blog\/wp-content\/uploads\/2023\/03\/lavadora-siemens-wg54b2a0es-120x44.jpg 120w, https:\/\/www.milar.es\/blog\/wp-content\/uploads\/2023\/03\/lavadora-siemens-wg54b2a0es.jpg 1200w\" sizes=\"auto, (max-width: 700px) 100vw, 700px\" \/><\/a><\/figure>\n<\/div>\n\n\n<p><strong>Sobre Siemens<\/strong><\/p>\n\n\n\n<p><strong>Siemens <\/strong>es uno de los principales fabricantes de electrodom\u00e9sticos de origen alem\u00e1n. Hoy en d\u00eda, Siemens establece nuevos est\u00e1ndares mundiales en t\u00e9rminos de tecnolog\u00eda, innovaci\u00f3n y dise\u00f1o en la industria. A trav\u00e9s de su cartera de productos conectados, Siemens ofrece posibilidades muy interesantes para sus consumidores. Especialista en integraci\u00f3n a la cual se le a\u00f1ade una amplia gama de electrodom\u00e9sticos de libre instalaci\u00f3n en las gamas de cocina, cuidado de la ropa, fr\u00edo y lavavajillas. Desde 1967, Siemens es sin\u00f3nimo de innovaci\u00f3n, eficiencia, calidad e ingenier\u00eda de precisi\u00f3n avalada por prestigiosos premios como el de Dise\u00f1o iF y Red Dot. La marca opera bajo la empresa BSH Hausger\u00e4te GmbH, localizada en Munich, Alemania.<\/p>\n\n\n\n<p>El grupo BSH es licenciatario de marca de Siemens AG.<\/p>\n\n\n\n<p><strong>www.siemens-home.bsh-group.es<\/strong><\/p>\n\n\n\n<p><\/p>\n","protected":false},"excerpt":{"rendered":"Con un etiquetado A-20%, esta lavadora Siemens WG54B2A0ES, ofrece las prestaciones m\u00e1s completas, y consume un 39% menos de energ\u00eda.","protected":false},"author":1,"featured_media":13313,"comment_status":"closed","ping_status":"closed","sticky":false,"template":"","format":"standard","meta":{"footnotes":""},"categories":[2,14],"tags":[],"class_list":["post-13312","post","type-post","status-publish","format-standard","has-post-thumbnail","hentry","category-electrodomesticos","category-lavadoras"],"yoast_head":"<!-- This site is optimized with the Yoast SEO plugin v27.5 - https:\/\/yoast.com\/product\/yoast-seo-wordpress\/ -->\n<title>Nueva lavadora sostenible de Siemens. \u00bfC\u00f3mo es? - Milar Tendencias de electrodom\u00e9sticos<\/title>\n<meta name=\"description\" content=\"Con un etiquetado A-20%, esta lavadora Siemens WG54B2A0ES, ofrece las prestaciones m\u00e1s completas, y consume un 39% menos de energ\u00eda.\" \/>\n<meta name=\"robots\" content=\"index, follow, max-snippet:-1, max-image-preview:large, max-video-preview:-1\" \/>\n<link rel=\"canonical\" href=\"https:\/\/www.milar.es\/blog\/lavadora-sostenible-siemenes\/\" \/>\n<meta property=\"og:locale\" content=\"es_ES\" \/>\n<meta property=\"og:type\" content=\"article\" \/>\n<meta property=\"og:title\" content=\"Nueva lavadora sostenible de Siemens. \u00bfC\u00f3mo es? - Milar Tendencias de electrodom\u00e9sticos\" \/>\n<meta property=\"og:description\" content=\"Con un etiquetado A-20%, esta lavadora Siemens WG54B2A0ES, ofrece las prestaciones m\u00e1s completas, y consume un 39% menos de energ\u00eda.\" \/>\n<meta property=\"og:url\" content=\"https:\/\/www.milar.es\/blog\/lavadora-sostenible-siemenes\/\" \/>\n<meta property=\"og:site_name\" content=\"Milar Tendencias de electrodom\u00e9sticos\" \/>\n<meta property=\"article:published_time\" content=\"2023-03-30T10:25:54+00:00\" \/>\n<meta property=\"article:modified_time\" content=\"2025-05-30T07:27:29+00:00\" \/>\n<meta property=\"og:image\" content=\"https:\/\/www.milar.es\/blog\/wp-content\/uploads\/2023\/03\/lavadora-sistenible-siemens.jpg\" \/>\n\t<meta property=\"og:image:width\" content=\"1299\" \/>\n\t<meta property=\"og:image:height\" content=\"797\" \/>\n\t<meta property=\"og:image:type\" content=\"image\/jpeg\" \/>\n<meta name=\"author\" content=\"Milar\" \/>\n<meta name=\"twitter:card\" content=\"summary_large_image\" \/>\n<meta name=\"twitter:label1\" content=\"Escrito por\" \/>\n\t<meta name=\"twitter:data1\" content=\"Milar\" \/>\n\t<meta name=\"twitter:label2\" content=\"Tiempo de lectura\" \/>\n\t<meta name=\"twitter:data2\" content=\"3 minutos\" \/>\n<script type=\"application\/ld+json\" class=\"yoast-schema-graph\">{\"@context\":\"https:\\\/\\\/schema.org\",\"@graph\":[{\"@type\":\"Article\",\"@id\":\"https:\\\/\\\/www.milar.es\\\/blog\\\/lavadora-sostenible-siemenes\\\/#article\",\"isPartOf\":{\"@id\":\"https:\\\/\\\/www.milar.es\\\/blog\\\/lavadora-sostenible-siemenes\\\/\"},\"author\":{\"name\":\"Milar\",\"@id\":\"https:\\\/\\\/www.milar.es\\\/blog\\\/#\\\/schema\\\/person\\\/a63c4965e2d32a22be88aabb90c4f11f\"},\"headline\":\"Nueva lavadora sostenible de Siemens. \u00bfC\u00f3mo es?\",\"datePublished\":\"2023-03-30T10:25:54+00:00\",\"dateModified\":\"2025-05-30T07:27:29+00:00\",\"mainEntityOfPage\":{\"@id\":\"https:\\\/\\\/www.milar.es\\\/blog\\\/lavadora-sostenible-siemenes\\\/\"},\"wordCount\":583,\"image\":{\"@id\":\"https:\\\/\\\/www.milar.es\\\/blog\\\/lavadora-sostenible-siemenes\\\/#primaryimage\"},\"thumbnailUrl\":\"https:\\\/\\\/www.milar.es\\\/blog\\\/wp-content\\\/uploads\\\/2023\\\/03\\\/lavadora-sistenible-siemens.jpg\",\"articleSection\":[\"Electrodom\u00e9sticos\",\"Lavadoras\"],\"inLanguage\":\"es\"},{\"@type\":\"WebPage\",\"@id\":\"https:\\\/\\\/www.milar.es\\\/blog\\\/lavadora-sostenible-siemenes\\\/\",\"url\":\"https:\\\/\\\/www.milar.es\\\/blog\\\/lavadora-sostenible-siemenes\\\/\",\"name\":\"Nueva lavadora sostenible de Siemens. \u00bfC\u00f3mo es? - Milar Tendencias de electrodom\u00e9sticos\",\"isPartOf\":{\"@id\":\"https:\\\/\\\/www.milar.es\\\/blog\\\/#website\"},\"primaryImageOfPage\":{\"@id\":\"https:\\\/\\\/www.milar.es\\\/blog\\\/lavadora-sostenible-siemenes\\\/#primaryimage\"},\"image\":{\"@id\":\"https:\\\/\\\/www.milar.es\\\/blog\\\/lavadora-sostenible-siemenes\\\/#primaryimage\"},\"thumbnailUrl\":\"https:\\\/\\\/www.milar.es\\\/blog\\\/wp-content\\\/uploads\\\/2023\\\/03\\\/lavadora-sistenible-siemens.jpg\",\"datePublished\":\"2023-03-30T10:25:54+00:00\",\"dateModified\":\"2025-05-30T07:27:29+00:00\",\"author\":{\"@id\":\"https:\\\/\\\/www.milar.es\\\/blog\\\/#\\\/schema\\\/person\\\/a63c4965e2d32a22be88aabb90c4f11f\"},\"description\":\"Con un etiquetado A-20%, esta lavadora Siemens WG54B2A0ES, ofrece las prestaciones m\u00e1s completas, y consume un 39% menos de energ\u00eda.\",\"breadcrumb\":{\"@id\":\"https:\\\/\\\/www.milar.es\\\/blog\\\/lavadora-sostenible-siemenes\\\/#breadcrumb\"},\"inLanguage\":\"es\",\"potentialAction\":[{\"@type\":\"ReadAction\",\"target\":[\"https:\\\/\\\/www.milar.es\\\/blog\\\/lavadora-sostenible-siemenes\\\/\"]}]},{\"@type\":\"ImageObject\",\"inLanguage\":\"es\",\"@id\":\"https:\\\/\\\/www.milar.es\\\/blog\\\/lavadora-sostenible-siemenes\\\/#primaryimage\",\"url\":\"https:\\\/\\\/www.milar.es\\\/blog\\\/wp-content\\\/uploads\\\/2023\\\/03\\\/lavadora-sistenible-siemens.jpg\",\"contentUrl\":\"https:\\\/\\\/www.milar.es\\\/blog\\\/wp-content\\\/uploads\\\/2023\\\/03\\\/lavadora-sistenible-siemens.jpg\",\"width\":1299,\"height\":797,\"caption\":\"lavadora sostenible samsung WG54B2A0ES\"},{\"@type\":\"BreadcrumbList\",\"@id\":\"https:\\\/\\\/www.milar.es\\\/blog\\\/lavadora-sostenible-siemenes\\\/#breadcrumb\",\"itemListElement\":[{\"@type\":\"ListItem\",\"position\":1,\"name\":\"Home\",\"item\":\"https:\\\/\\\/www.milar.es\\\/blog\\\/\"},{\"@type\":\"ListItem\",\"position\":2,\"name\":\"Nueva lavadora sostenible de Siemens. \u00bfC\u00f3mo es?\"}]},{\"@type\":\"WebSite\",\"@id\":\"https:\\\/\\\/www.milar.es\\\/blog\\\/#website\",\"url\":\"https:\\\/\\\/www.milar.es\\\/blog\\\/\",\"name\":\"Milar Tendencias de electrodom\u00e9sticos\",\"description\":\"\",\"potentialAction\":[{\"@type\":\"SearchAction\",\"target\":{\"@type\":\"EntryPoint\",\"urlTemplate\":\"https:\\\/\\\/www.milar.es\\\/blog\\\/?s={search_term_string}\"},\"query-input\":{\"@type\":\"PropertyValueSpecification\",\"valueRequired\":true,\"valueName\":\"search_term_string\"}}],\"inLanguage\":\"es\"},{\"@type\":\"Person\",\"@id\":\"https:\\\/\\\/www.milar.es\\\/blog\\\/#\\\/schema\\\/person\\\/a63c4965e2d32a22be88aabb90c4f11f\",\"name\":\"Milar\",\"image\":{\"@type\":\"ImageObject\",\"inLanguage\":\"es\",\"@id\":\"https:\\\/\\\/secure.gravatar.com\\\/avatar\\\/1ff5211459d04644acdbe2d949c2a8626dc0f1e355d4830331235d147f36505a?s=96&d=mm&r=g\",\"url\":\"https:\\\/\\\/secure.gravatar.com\\\/avatar\\\/1ff5211459d04644acdbe2d949c2a8626dc0f1e355d4830331235d147f36505a?s=96&d=mm&r=g\",\"contentUrl\":\"https:\\\/\\\/secure.gravatar.com\\\/avatar\\\/1ff5211459d04644acdbe2d949c2a8626dc0f1e355d4830331235d147f36505a?s=96&d=mm&r=g\",\"caption\":\"Milar\"}}]}<\/script>\n<!-- \/ Yoast SEO plugin. -->","yoast_head_json":{"title":"Nueva lavadora sostenible de Siemens. \u00bfC\u00f3mo es? - Milar Tendencias de electrodom\u00e9sticos","description":"Con un etiquetado A-20%, esta lavadora Siemens WG54B2A0ES, ofrece las prestaciones m\u00e1s completas, y consume un 39% menos de energ\u00eda.","robots":{"index":"index","follow":"follow","max-snippet":"max-snippet:-1","max-image-preview":"max-image-preview:large","max-video-preview":"max-video-preview:-1"},"canonical":"https:\/\/www.milar.es\/blog\/lavadora-sostenible-siemenes\/","og_locale":"es_ES","og_type":"article","og_title":"Nueva lavadora sostenible de Siemens. \u00bfC\u00f3mo es? - Milar Tendencias de electrodom\u00e9sticos","og_description":"Con un etiquetado A-20%, esta lavadora Siemens WG54B2A0ES, ofrece las prestaciones m\u00e1s completas, y consume un 39% menos de energ\u00eda.","og_url":"https:\/\/www.milar.es\/blog\/lavadora-sostenible-siemenes\/","og_site_name":"Milar Tendencias de electrodom\u00e9sticos","article_published_time":"2023-03-30T10:25:54+00:00","article_modified_time":"2025-05-30T07:27:29+00:00","og_image":[{"width":1299,"height":797,"url":"https:\/\/www.milar.es\/blog\/wp-content\/uploads\/2023\/03\/lavadora-sistenible-siemens.jpg","type":"image\/jpeg"}],"author":"Milar","twitter_card":"summary_large_image","twitter_misc":{"Escrito por":"Milar","Tiempo de lectura":"3 minutos"},"schema":{"@context":"https:\/\/schema.org","@graph":[{"@type":"Article","@id":"https:\/\/www.milar.es\/blog\/lavadora-sostenible-siemenes\/#article","isPartOf":{"@id":"https:\/\/www.milar.es\/blog\/lavadora-sostenible-siemenes\/"},"author":{"name":"Milar","@id":"https:\/\/www.milar.es\/blog\/#\/schema\/person\/a63c4965e2d32a22be88aabb90c4f11f"},"headline":"Nueva lavadora sostenible de Siemens. \u00bfC\u00f3mo es?","datePublished":"2023-03-30T10:25:54+00:00","dateModified":"2025-05-30T07:27:29+00:00","mainEntityOfPage":{"@id":"https:\/\/www.milar.es\/blog\/lavadora-sostenible-siemenes\/"},"wordCount":583,"image":{"@id":"https:\/\/www.milar.es\/blog\/lavadora-sostenible-siemenes\/#primaryimage"},"thumbnailUrl":"https:\/\/www.milar.es\/blog\/wp-content\/uploads\/2023\/03\/lavadora-sistenible-siemens.jpg","articleSection":["Electrodom\u00e9sticos","Lavadoras"],"inLanguage":"es"},{"@type":"WebPage","@id":"https:\/\/www.milar.es\/blog\/lavadora-sostenible-siemenes\/","url":"https:\/\/www.milar.es\/blog\/lavadora-sostenible-siemenes\/","name":"Nueva lavadora sostenible de Siemens. \u00bfC\u00f3mo es? - Milar Tendencias de electrodom\u00e9sticos","isPartOf":{"@id":"https:\/\/www.milar.es\/blog\/#website"},"primaryImageOfPage":{"@id":"https:\/\/www.milar.es\/blog\/lavadora-sostenible-siemenes\/#primaryimage"},"image":{"@id":"https:\/\/www.milar.es\/blog\/lavadora-sostenible-siemenes\/#primaryimage"},"thumbnailUrl":"https:\/\/www.milar.es\/blog\/wp-content\/uploads\/2023\/03\/lavadora-sistenible-siemens.jpg","datePublished":"2023-03-30T10:25:54+00:00","dateModified":"2025-05-30T07:27:29+00:00","author":{"@id":"https:\/\/www.milar.es\/blog\/#\/schema\/person\/a63c4965e2d32a22be88aabb90c4f11f"},"description":"Con un etiquetado A-20%, esta lavadora Siemens WG54B2A0ES, ofrece las prestaciones m\u00e1s completas, y consume un 39% menos de energ\u00eda.","breadcrumb":{"@id":"https:\/\/www.milar.es\/blog\/lavadora-sostenible-siemenes\/#breadcrumb"},"inLanguage":"es","potentialAction":[{"@type":"ReadAction","target":["https:\/\/www.milar.es\/blog\/lavadora-sostenible-siemenes\/"]}]},{"@type":"ImageObject","inLanguage":"es","@id":"https:\/\/www.milar.es\/blog\/lavadora-sostenible-siemenes\/#primaryimage","url":"https:\/\/www.milar.es\/blog\/wp-content\/uploads\/2023\/03\/lavadora-sistenible-siemens.jpg","contentUrl":"https:\/\/www.milar.es\/blog\/wp-content\/uploads\/2023\/03\/lavadora-sistenible-siemens.jpg","width":1299,"height":797,"caption":"lavadora sostenible samsung WG54B2A0ES"},{"@type":"BreadcrumbList","@id":"https:\/\/www.milar.es\/blog\/lavadora-sostenible-siemenes\/#breadcrumb","itemListElement":[{"@type":"ListItem","position":1,"name":"Home","item":"https:\/\/www.milar.es\/blog\/"},{"@type":"ListItem","position":2,"name":"Nueva lavadora sostenible de Siemens. \u00bfC\u00f3mo es?"}]},{"@type":"WebSite","@id":"https:\/\/www.milar.es\/blog\/#website","url":"https:\/\/www.milar.es\/blog\/","name":"Milar Tendencias de electrodom\u00e9sticos","description":"","potentialAction":[{"@type":"SearchAction","target":{"@type":"EntryPoint","urlTemplate":"https:\/\/www.milar.es\/blog\/?s={search_term_string}"},"query-input":{"@type":"PropertyValueSpecification","valueRequired":true,"valueName":"search_term_string"}}],"inLanguage":"es"},{"@type":"Person","@id":"https:\/\/www.milar.es\/blog\/#\/schema\/person\/a63c4965e2d32a22be88aabb90c4f11f","name":"Milar","image":{"@type":"ImageObject","inLanguage":"es","@id":"https:\/\/secure.gravatar.com\/avatar\/1ff5211459d04644acdbe2d949c2a8626dc0f1e355d4830331235d147f36505a?s=96&d=mm&r=g","url":"https:\/\/secure.gravatar.com\/avatar\/1ff5211459d04644acdbe2d949c2a8626dc0f1e355d4830331235d147f36505a?s=96&d=mm&r=g","contentUrl":"https:\/\/secure.gravatar.com\/avatar\/1ff5211459d04644acdbe2d949c2a8626dc0f1e355d4830331235d147f36505a?s=96&d=mm&r=g","caption":"Milar"}}]}},"_links":{"self":[{"href":"https:\/\/www.milar.es\/blog\/wp-json\/wp\/v2\/posts\/13312","targetHints":{"allow":["GET"]}}],"collection":[{"href":"https:\/\/www.milar.es\/blog\/wp-json\/wp\/v2\/posts"}],"about":[{"href":"https:\/\/www.milar.es\/blog\/wp-json\/wp\/v2\/types\/post"}],"author":[{"embeddable":true,"href":"https:\/\/www.milar.es\/blog\/wp-json\/wp\/v2\/users\/1"}],"replies":[{"embeddable":true,"href":"https:\/\/www.milar.es\/blog\/wp-json\/wp\/v2\/comments?post=13312"}],"version-history":[{"count":3,"href":"https:\/\/www.milar.es\/blog\/wp-json\/wp\/v2\/posts\/13312\/revisions"}],"predecessor-version":[{"id":14753,"href":"https:\/\/www.milar.es\/blog\/wp-json\/wp\/v2\/posts\/13312\/revisions\/14753"}],"wp:featuredmedia":[{"embeddable":true,"href":"https:\/\/www.milar.es\/blog\/wp-json\/wp\/v2\/media\/13313"}],"wp:attachment":[{"href":"https:\/\/www.milar.es\/blog\/wp-json\/wp\/v2\/media?parent=13312"}],"wp:term":[{"taxonomy":"category","embeddable":true,"href":"https:\/\/www.milar.es\/blog\/wp-json\/wp\/v2\/categories?post=13312"},{"taxonomy":"post_tag","embeddable":true,"href":"https:\/\/www.milar.es\/blog\/wp-json\/wp\/v2\/tags?post=13312"}],"curies":[{"name":"wp","href":"https:\/\/api.w.org\/{rel}","templated":true}]}}