{"id":1326,"date":"2026-02-19T08:59:25","date_gmt":"2026-02-19T08:59:25","guid":{"rendered":"http:\/\/www.milar.es\/blog\/?p=1326"},"modified":"2026-02-19T08:59:47","modified_gmt":"2026-02-19T08:59:47","slug":"sirve-la-apertura-una-camara-digital","status":"publish","type":"post","link":"https:\/\/www.milar.es\/blog\/sirve-la-apertura-una-camara-digital\/","title":{"rendered":"\u00bfQu\u00e9 es la apertura de diafragma en las c\u00e1maras digitales?"},"content":{"rendered":"\n<p><strong>Dominar la apertura de diafragma<\/strong>&nbsp;es ese peque\u00f1o gran paso que marca la diferencia entre simplemente hacer \u201cfotos\u201d y empezar a crear aut\u00e9ntica \u201cfotograf\u00eda\u201d. Seguro que alguna vez te has preguntado por qu\u00e9 algunas im\u00e1genes tienen ese fondo desenfocado tan bonito y profesional, mientras que otras se ven planas y sin mucha gracia. La clave est\u00e1, precisamente, en la apertura del diafragma de tu c\u00e1mara.&nbsp;<\/p>\n\n\n\n<p>Puede que suene t\u00e9cnico al principio, pero en realidad es algo mucho m\u00e1s sencillo de lo que parece: es la herramienta que te permite jugar con la luz y<strong>&nbsp;decidir cu\u00e1nta profundidad quieres&nbsp;darle&nbsp;a tus recuerdos<\/strong>. Entenderla es empezar a tener el control creativo de tus im\u00e1genes.&nbsp;<\/p>\n\n\n\n<p>Si quieres descubrir de una vez por todas&nbsp;<strong>para qu\u00e9 sirve la apertura en una c\u00e1mara<\/strong>, sigue leyendo, porque en&nbsp;<a href=\"https:\/\/www.milar.es\/\" target=\"_blank\" rel=\"noreferrer noopener\">Milar&nbsp;<\/a>te lo explicamos de forma clara, pr\u00e1ctica y sin complicaciones.&nbsp;<\/p>\n\n\n\n<figure class=\"wp-block-image size-large is-resized\"><img loading=\"lazy\" decoding=\"async\" width=\"700\" height=\"467\" src=\"https:\/\/www.milar.es\/blog\/wp-content\/uploads\/2018\/04\/view-woman-using-professional-camera-1-700x467.jpg\" alt=\"Apertura de diafragma\" class=\"wp-image-15187\" style=\"width:782px;height:auto\" srcset=\"https:\/\/www.milar.es\/blog\/wp-content\/uploads\/2018\/04\/view-woman-using-professional-camera-1-700x467.jpg 700w, https:\/\/www.milar.es\/blog\/wp-content\/uploads\/2018\/04\/view-woman-using-professional-camera-1-250x167.jpg 250w, https:\/\/www.milar.es\/blog\/wp-content\/uploads\/2018\/04\/view-woman-using-professional-camera-1-768x512.jpg 768w, https:\/\/www.milar.es\/blog\/wp-content\/uploads\/2018\/04\/view-woman-using-professional-camera-1-120x80.jpg 120w, https:\/\/www.milar.es\/blog\/wp-content\/uploads\/2018\/04\/view-woman-using-professional-camera-1.jpg 1200w\" sizes=\"auto, (max-width: 700px) 100vw, 700px\" \/><\/figure>\n\n\n\n<h2 class=\"wp-block-heading has-text-align-center\">\u00bfQu\u00e9 es la apertura de diafragma?<\/h2>\n\n\n\n<p>Para entender qu\u00e9 es la apertura de diafragma en fotograf\u00eda, lo m\u00e1s sencillo es compararla con el iris de nuestros propios ojos. El diafragma es un mecanismo situado dentro del objetivo, compuesto por unas&nbsp;<strong>l\u00e1minas que se abren o se cierran para dejar pasar m\u00e1s o menos luz&nbsp;<\/strong>hacia el sensor.&nbsp;<\/p>\n\n\n\n<p>La apertura del diafragma de la c\u00e1mara\u00a0<strong>se mide con el famoso n\u00famero f.<\/strong>\u00a0Aqu\u00ed viene lo que suele confundir a los principiantes: funciona de forma inversa. Un n\u00famero f peque\u00f1o (como f\/1.8) significa que el diafragma est\u00e1 muy abierto, mientras que un n\u00famero f grande (como f\/16) significa que el orificio es muy peque\u00f1o. Dominar la\u00a0apertura de\u00a0la\u00a0c\u00e1mara es fundamental porque<strong>\u00a0controla dos cosas vitales<\/strong>: la exposici\u00f3n (luz) y la profundidad de campo (qu\u00e9 parte de la foto sale n\u00edtida).<\/p>\n\n\n\n<h3 class=\"wp-block-heading\">\u00bfQu\u00e9 pasa si se abre el diafragma?<\/h3>\n\n\n\n<p>Cuando hablamos de \u00ababrir el diafragma\u00bb, nos referimos a elegir n\u00fameros f bajos. Al hacerlo, ocurren dos efectos inmediatos que definen la apertura de diafragma en fotograf\u00eda:&nbsp;<\/p>\n\n\n\n<ul class=\"wp-block-list\">\n<li><strong>Entra m\u00e1s luz<\/strong>: Esto es ideal para fotos nocturnas o en interiores donde no queremos usar\u00a0flash.\u00a0<\/li>\n<\/ul>\n\n\n\n<ul class=\"wp-block-list\">\n<li><strong>Menor profundidad de campo<\/strong>: Solo el objeto que enfoques saldr\u00e1 n\u00edtida, mientras que el fondo se volver\u00e1 borroso. Es el famoso \u00abefecto\u00a0bokeh\u00bb.<\/li>\n<\/ul>\n\n\n\n<h2 class=\"wp-block-heading has-text-align-center\">\u00bfCu\u00e1l es la mejor apertura de diafragma?<\/h2>\n\n\n\n<p>No existe una \u00abmejor\u00bb apertura absoluta, sino una adecuada para cada situaci\u00f3n. Aqu\u00ed tienes algunos&nbsp;<strong>ejemplos de&nbsp;apertura de&nbsp;diafragma<\/strong>:&nbsp;<\/p>\n\n\n\n<ul class=\"wp-block-list\">\n<li><strong>Para retratos:<\/strong>\u00a0Lo ideal es una apertura grande (f\/1.4 a f\/2.8) para separar a la persona del fondo.\u00a0<\/li>\n<\/ul>\n\n\n\n<ul class=\"wp-block-list\">\n<li><strong>Para paisajes:<\/strong>\u00a0Se suelen usar aperturas peque\u00f1as (f\/8 a f\/11) para asegurar que todos los detalles del horizonte est\u00e9n definidos.\u00a0<\/li>\n<\/ul>\n\n\n\n<p>As\u00ed\u00a0que, para saber\u00a0<a href=\"https:\/\/www.milar.es\/blog\/que-hay-que-tener-en-cuenta-a-la-hora-de-adquirir-una-camara-de-fotos-profesional\/\" target=\"_blank\" rel=\"noreferrer noopener\">qu\u00e9 tener en cuenta a la hora de\u00a0adquirir\u00a0una c\u00e1mara de fotos profesional<\/a>, nuestro consejo es que te fijes siempre en las posibilidades que te ofrece la apertura\u00a0deld\u00a0iafragma.<\/p>\n\n\n\n<h3 class=\"wp-block-heading\">\u00bfQu\u00e9 es f 1.8 en fotograf\u00eda?<\/h3>\n\n\n\n<p>El valor f\/1.8 es\u00a0<strong>considerado<\/strong>\u00a0<strong>el \u00abpunto dulce\u00bb para muchos fot\u00f3grafos<\/strong>. Se trata de una apertura de la c\u00e1mara bastante amplia que permite realizar fotos incre\u00edbles en condiciones de poca luz sin necesidad de tr\u00edpode. Adem\u00e1s, ofrece un desenfoque de fondo muy est\u00e9tico, haciendo que\u00a0<strong>el sujeto principal destaque con fuerza<\/strong>.<\/p>\n\n\n\n<h3 class=\"wp-block-heading\">\u00bfEs mejor una apertura de 1,6 o 1,8?<\/h3>\n\n\n\n<p>Siguiendo la l\u00f3gica que hemos dicho,\u00a0<strong>una apertura de f\/1.6 es t\u00e9cnicamente \u00abmejor\u00bb<\/strong>\u00a0si lo que buscas es luminosidad. Al ser un n\u00famero menor, el orificio es ligeramente m\u00e1s grande, por lo que deja pasar m\u00e1s luz al sensor. Lo notar\u00e1s especialmente en dispositivos de gama alta, donde cada rayo de luz cuenta para la nitidez.<\/p>\n\n\n\n<h2 class=\"wp-block-heading has-text-align-center\">\u00bfCu\u00e1l es el diafragma de la c\u00e1mara del m\u00f3vil?<\/h2>\n\n\n\n<p>A diferencia de las c\u00e1maras profesionales donde puedes cambiar la apertura de la c\u00e1mara a tu antojo,<strong>&nbsp;la mayor\u00eda de los m\u00f3viles tienen una apertura fija<\/strong>. Es decir, si tu m\u00f3vil dice que tiene f\/1.8, siempre disparar\u00e1 as\u00ed.&nbsp;El efecto de desenfoque se consigue hoy en d\u00eda mediante software e Inteligencia Artificial, por lo que&nbsp;<strong>la apertura de la c\u00e1mara del m\u00f3vil es&nbsp;clave<\/strong>,&nbsp;sobre todo para la calidad de las fotos nocturnas.&nbsp;<\/p>\n\n\n\n<p>Si est\u00e1s dudando entre apostar por una c\u00e1mara tradicional o por un tel\u00e9fono m\u00f3vil con gran rendimiento fotogr\u00e1fico, quiz\u00e1 te interese nuestro an\u00e1lisis sobre\u00a0<a href=\"https:\/\/www.milar.es\/blog\/cual-es-el-smartphone-con-mejor-camara-del-mercado\/\" target=\"_blank\" rel=\"noreferrer noopener\">cu\u00e1l es el smartphone con mejor c\u00e1mara del mercado<\/a>, donde comparamos los modelos m\u00e1s potentes del momento.<\/p>\n\n\n\n<h2 class=\"wp-block-heading has-text-align-center\">M\u00f3viles con\u00a0c\u00e1mara\u00a0buena\u00a0de\u00a0Milar<\/h2>\n\n\n\n<p>Si buscas experimentar con la apertura del diafragma sin cargar con una mochila llena de objetivos, los\u00a0<a href=\"https:\/\/www.milar.es\/smartphone-telefonos.html\" target=\"_blank\" rel=\"noreferrer noopener\">smartphones\u00a0<\/a>disponibles en\u00a0Milar\u00a0son tu mejor opci\u00f3n:<\/p>\n\n\n\n<h3 class=\"wp-block-heading\">iPhone<\/h3>\n\n\n\n<p>En el mercado actual,\u00a0<strong>Apple es la marca por excelencia si\u00a0hablamos\u00a0de calidad de c\u00e1mara en el m\u00f3vil<\/strong>.\u00a0Dentro de la gama, siempre destacan los \u00faltimos modelos,\u00a0como el<strong>\u00a0iPhone 15<\/strong>\u00a0con su nueva c\u00e1mara dual de 48\u00a0Mpx\u00a0que\u00a0captura detalles incre\u00edbles y colores vibrantes.\u00a0Este modelo tambi\u00e9n tiene un\u00a0potente chip A16\u00a0Bionic\u00a0que\u00a0garantiza una fluidez total al\u00a0<strong>editar tus v\u00eddeos en 4K<\/strong>, todo protegido por un dise\u00f1o ultra resistente y elegante.<\/p>\n\n\n\n<p><strong>El iPhone 16 es una aut\u00e9ntica revoluci\u00f3n para tus fotos<\/strong>. Gracias a su potente procesador A18 y su c\u00e1mara principal de 48 MP, hace que capturar im\u00e1genes con un nivel de detalle profesional y colores vibrantes\u00a0sea\u00a0m\u00e1s f\u00e1cil que nunca. Adem\u00e1s, con iOS 18 y su inteligencia avanzada, disfrutar\u00e1s de<strong>\u00a0funciones multimedia incre\u00edbles<\/strong>.<\/p>\n\n\n\n<h3 class=\"wp-block-heading\">Samsung<\/h3>\n\n\n\n<p>Si Apple es equilibrio,<strong>&nbsp;Samsung es la marca que lleva la innovaci\u00f3n tecnol\u00f3gica al l\u00edmite<\/strong>, especialmente en el apartado del&nbsp;zoom&nbsp;y la resoluci\u00f3n. Modelos como el&nbsp;<strong>Samsung Galaxy S25 Ultra<\/strong>&nbsp;destaca por&nbsp;su sensor principal de 200 MP y su capacidad de procesamiento mediante IA permiten capturar im\u00e1genes con una nitidez asombrosa, incluso a distancias imposibles para otros tel\u00e9fonos. Adem\u00e1s, sus 12GB de RAM aseguran que la&nbsp;<strong>multitarea<\/strong>&nbsp;y la&nbsp;<strong>edici\u00f3n de v\u00eddeo&nbsp;profesional<\/strong>&nbsp;sean instant\u00e1neas.&nbsp;<\/p>\n\n\n\n<p>Por otro lado, si buscas un rendimiento excepcional con una inversi\u00f3n m\u00e1s ajustada, el\u00a0<strong>Samsung Galaxy A36<\/strong>\u00a0es la opci\u00f3n ideal. Este modelo\u00a0ofrece\u00a0un<strong>\u00a0sistema de c\u00e1maras vers\u00e1til\u00a0<\/strong>que se defiende de maravilla en cualquier situaci\u00f3n cotidiana. Con su conectividad 5G y un dise\u00f1o moderno, es el dispositivo perfecto para quienes quieren disfrutar de la fiabilidad y las\u00a0<strong>funciones inteligentes de Samsung\u00a0<\/strong>en su d\u00eda a d\u00eda sin renunciar a una gran pantalla y una bater\u00eda duradera.<\/p>\n\n\n<div class=\"carrusel\"><ul class=\"recomendacion\"><li class=\"producto\"><div class=\"wrapProducto\"><a class=\"imagen\" href=\"https:\/\/www.milar.es\/smartphone-apple-iphone-15-128gb-azul.html\"><img decoding=\"async\" src=\"https:\/\/www.milar.es\/estaticos\/extras\/fotos\/productos\/00\/00\/25\/43\/33\/iphone-15-azul-1-web.jpg\"><\/a><h3><a href=\"https:\/\/www.milar.es\/smartphone-apple-iphone-15-128gb-azul.html\">Tel\u00e9fono Apple iPhone 15 128GB AZUL<\/a><\/h3><div class=\"bloquePrecio\"><div class=\"precioProducto\">735.00 EUR<\/div><\/div><\/div><\/li><li class=\"producto\"><div class=\"wrapProducto\"><a class=\"imagen\" href=\"https:\/\/www.milar.es\/smartphone-apple-iphone-16-128gb-white.html\"><img decoding=\"async\" src=\"https:\/\/www.milar.es\/estaticos\/extras\/fotos\/productos\/00\/00\/27\/22\/37\/0195949822070.jpg\"><\/a><h3><a href=\"https:\/\/www.milar.es\/smartphone-apple-iphone-16-128gb-white.html\">Smartphone Apple iPhone 16 128GB White<\/a><\/h3><div class=\"bloquePrecio\"><div class=\"precioProducto\">959.00 EUR<\/div><\/div><\/div><\/li><li class=\"producto\"><div class=\"wrapProducto\"><a class=\"imagen\" href=\"https:\/\/www.milar.es\/smartphone-samsung-a36-sm-a366bzkgeub.html\"><img decoding=\"async\" src=\"https:\/\/www.milar.es\/estaticos\/extras\/fotos\/productos\/00\/00\/27\/53\/64\/8806095984070.jpg\"><\/a><h3><a href=\"https:\/\/www.milar.es\/smartphone-samsung-a36-sm-a366bzkgeub.html\">Tel\u00e9fono Samsung Galaxy A36 SM-A366BZKGEUB<\/a><\/h3><div class=\"bloquePrecio\"><div class=\"precioProducto\">370.00 EUR<\/div><\/div><\/div><\/li><li class=\"producto\"><div class=\"wrapProducto\"><a class=\"imagen\" href=\"https:\/\/www.milar.es\/smartphone-samsung-galaxy-s25-ultra-12gb-512gb-titanium-gray.html\"><img decoding=\"async\" src=\"https:\/\/www.milar.es\/estaticos\/extras\/fotos\/productos\/00\/00\/27\/34\/32\/8806095859934gray.jpg\"><\/a><h3><a href=\"https:\/\/www.milar.es\/smartphone-samsung-galaxy-s25-ultra-12gb-512gb-titanium-gray.html\">Tel\u00e9fono Samsung GALAXY S25 ULTRA 12GB\/512GB TITANIUM GRAY<\/a><\/h3><div class=\"bloquePrecio\"><div class=\"precioProducto\">1449.00 EUR<\/div><\/div><\/div><\/li><\/ul><\/div>\n\n\n\n<p>Seguro que ya te ha quedado claro qu\u00e9 es la apertura del diafragma\u00a0y,\u00a0a partir de ahora, tus fotos van a tener una calidad de profesional. Si adem\u00e1s de hacer buenas fotos quieres dar el siguiente paso y\u00a0<strong>sacarles todo el partido en la edici\u00f3n<\/strong>, te recomendamos echar un vistazo a otros contenidos de nuestro blog, como\u00a0<a href=\"https:\/\/www.milar.es\/blog\/portatil-para-edicion-transforma-tus-fotos-y-videos-facilmente\/?srsltid=AfmBOor-X_IffauG7mU4pI2twDXY6P0SvP4sHL0ZuBfMafAPuY6AaMdw\" target=\"_blank\" rel=\"noreferrer noopener\">los mejores port\u00e1tiles para edici\u00f3n de v\u00eddeo y fotograf\u00eda<\/a>\u00a0o nuestra gu\u00eda sobre\u00a0<a href=\"https:\/\/www.milar.es\/blog\/monitor-para-fotografia-que-caracteristicas-tener-en-cuenta\/?srsltid=AfmBOooEd5daZ87iE0wRccHdBOngBP27picpnRs29S6peKMNT2AffvBB\" target=\"_blank\" rel=\"noreferrer noopener\">monitor para fotograf\u00eda<\/a>, clave para ver los colores y detalles tal y como realmente son.\u00a0Ahora solo te queda lo m\u00e1s importante:<strong>\u00a0salir ah\u00ed fuera y empezar a crear im\u00e1genes que realmente cuenten tu historia<\/strong>.<\/p>\n","protected":false},"excerpt":{"rendered":"Dominar la apertura de diafragma&nbsp;es ese peque\u00f1o gran paso que marca la diferencia entre simplemente hacer \u201cfotos\u201d y empezar a crear aut\u00e9ntica \u201cfotograf\u00eda\u201d. Seguro que alguna vez te has preguntado por qu\u00e9 algunas im\u00e1genes tienen ese fondo desenfocado tan bonito y profesional, mientras que otras se ven planas y sin&#8230; <a class=\"view-article\" href=\"https:\/\/www.milar.es\/blog\/sirve-la-apertura-una-camara-digital\/\">Ver art\u00edculo<\/a>","protected":false},"author":1,"featured_media":15187,"comment_status":"closed","ping_status":"closed","sticky":false,"template":"","format":"standard","meta":{"footnotes":""},"categories":[8],"tags":[],"class_list":["post-1326","post","type-post","status-publish","format-standard","has-post-thumbnail","hentry","category-fotografia-y-videocamara"],"yoast_head":"<!-- This site is optimized with the Yoast SEO plugin v27.5 - https:\/\/yoast.com\/product\/yoast-seo-wordpress\/ -->\n<title>\u00bfPara qu\u00e9 sirve la apertura de una c\u00e1mara digital?<\/title>\n<meta name=\"description\" content=\"Si a\u00fan no tienes claro lo que es la apertura c\u00e1mara, puedes resolver todas tus dudas en este post y consigue aut\u00e9nticas fotos profesionales.\" \/>\n<meta name=\"robots\" content=\"index, follow, max-snippet:-1, max-image-preview:large, max-video-preview:-1\" \/>\n<link rel=\"canonical\" href=\"https:\/\/www.milar.es\/blog\/sirve-la-apertura-una-camara-digital\/\" \/>\n<meta property=\"og:locale\" content=\"es_ES\" \/>\n<meta property=\"og:type\" content=\"article\" \/>\n<meta property=\"og:title\" content=\"\u00bfPara qu\u00e9 sirve la apertura de una c\u00e1mara digital?\" \/>\n<meta property=\"og:description\" content=\"Si a\u00fan no tienes claro lo que es la apertura c\u00e1mara, puedes resolver todas tus dudas en este post y consigue aut\u00e9nticas fotos profesionales.\" \/>\n<meta property=\"og:url\" content=\"https:\/\/www.milar.es\/blog\/sirve-la-apertura-una-camara-digital\/\" \/>\n<meta property=\"og:site_name\" content=\"Milar Tendencias de electrodom\u00e9sticos\" \/>\n<meta property=\"article:published_time\" content=\"2026-02-19T08:59:25+00:00\" \/>\n<meta property=\"article:modified_time\" content=\"2026-02-19T08:59:47+00:00\" \/>\n<meta property=\"og:image\" content=\"https:\/\/www.milar.es\/blog\/wp-content\/uploads\/2018\/04\/view-woman-using-professional-camera-1.jpg\" \/>\n\t<meta property=\"og:image:width\" content=\"1200\" \/>\n\t<meta property=\"og:image:height\" content=\"800\" \/>\n\t<meta property=\"og:image:type\" content=\"image\/jpeg\" \/>\n<meta name=\"author\" content=\"Milar\" \/>\n<meta name=\"twitter:card\" content=\"summary_large_image\" \/>\n<meta name=\"twitter:label1\" content=\"Escrito por\" \/>\n\t<meta name=\"twitter:data1\" content=\"Milar\" \/>\n\t<meta name=\"twitter:label2\" content=\"Tiempo de lectura\" \/>\n\t<meta name=\"twitter:data2\" content=\"4 minutos\" \/>\n<script type=\"application\/ld+json\" class=\"yoast-schema-graph\">{\"@context\":\"https:\\\/\\\/schema.org\",\"@graph\":[{\"@type\":\"Article\",\"@id\":\"https:\\\/\\\/www.milar.es\\\/blog\\\/sirve-la-apertura-una-camara-digital\\\/#article\",\"isPartOf\":{\"@id\":\"https:\\\/\\\/www.milar.es\\\/blog\\\/sirve-la-apertura-una-camara-digital\\\/\"},\"author\":{\"name\":\"Milar\",\"@id\":\"https:\\\/\\\/www.milar.es\\\/blog\\\/#\\\/schema\\\/person\\\/a63c4965e2d32a22be88aabb90c4f11f\"},\"headline\":\"\u00bfQu\u00e9 es la apertura de diafragma en las c\u00e1maras digitales?\",\"datePublished\":\"2026-02-19T08:59:25+00:00\",\"dateModified\":\"2026-02-19T08:59:47+00:00\",\"mainEntityOfPage\":{\"@id\":\"https:\\\/\\\/www.milar.es\\\/blog\\\/sirve-la-apertura-una-camara-digital\\\/\"},\"wordCount\":1281,\"image\":{\"@id\":\"https:\\\/\\\/www.milar.es\\\/blog\\\/sirve-la-apertura-una-camara-digital\\\/#primaryimage\"},\"thumbnailUrl\":\"https:\\\/\\\/www.milar.es\\\/blog\\\/wp-content\\\/uploads\\\/2018\\\/04\\\/view-woman-using-professional-camera-1.jpg\",\"articleSection\":[\"Fotograf\u00eda y videocamara\"],\"inLanguage\":\"es\"},{\"@type\":\"WebPage\",\"@id\":\"https:\\\/\\\/www.milar.es\\\/blog\\\/sirve-la-apertura-una-camara-digital\\\/\",\"url\":\"https:\\\/\\\/www.milar.es\\\/blog\\\/sirve-la-apertura-una-camara-digital\\\/\",\"name\":\"\u00bfPara qu\u00e9 sirve la apertura de una c\u00e1mara digital?\",\"isPartOf\":{\"@id\":\"https:\\\/\\\/www.milar.es\\\/blog\\\/#website\"},\"primaryImageOfPage\":{\"@id\":\"https:\\\/\\\/www.milar.es\\\/blog\\\/sirve-la-apertura-una-camara-digital\\\/#primaryimage\"},\"image\":{\"@id\":\"https:\\\/\\\/www.milar.es\\\/blog\\\/sirve-la-apertura-una-camara-digital\\\/#primaryimage\"},\"thumbnailUrl\":\"https:\\\/\\\/www.milar.es\\\/blog\\\/wp-content\\\/uploads\\\/2018\\\/04\\\/view-woman-using-professional-camera-1.jpg\",\"datePublished\":\"2026-02-19T08:59:25+00:00\",\"dateModified\":\"2026-02-19T08:59:47+00:00\",\"author\":{\"@id\":\"https:\\\/\\\/www.milar.es\\\/blog\\\/#\\\/schema\\\/person\\\/a63c4965e2d32a22be88aabb90c4f11f\"},\"description\":\"Si a\u00fan no tienes claro lo que es la apertura c\u00e1mara, puedes resolver todas tus dudas en este post y consigue aut\u00e9nticas fotos profesionales.\",\"breadcrumb\":{\"@id\":\"https:\\\/\\\/www.milar.es\\\/blog\\\/sirve-la-apertura-una-camara-digital\\\/#breadcrumb\"},\"inLanguage\":\"es\",\"potentialAction\":[{\"@type\":\"ReadAction\",\"target\":[\"https:\\\/\\\/www.milar.es\\\/blog\\\/sirve-la-apertura-una-camara-digital\\\/\"]}]},{\"@type\":\"ImageObject\",\"inLanguage\":\"es\",\"@id\":\"https:\\\/\\\/www.milar.es\\\/blog\\\/sirve-la-apertura-una-camara-digital\\\/#primaryimage\",\"url\":\"https:\\\/\\\/www.milar.es\\\/blog\\\/wp-content\\\/uploads\\\/2018\\\/04\\\/view-woman-using-professional-camera-1.jpg\",\"contentUrl\":\"https:\\\/\\\/www.milar.es\\\/blog\\\/wp-content\\\/uploads\\\/2018\\\/04\\\/view-woman-using-professional-camera-1.jpg\",\"width\":1200,\"height\":800,\"caption\":\"Apertura de diafragma\"},{\"@type\":\"BreadcrumbList\",\"@id\":\"https:\\\/\\\/www.milar.es\\\/blog\\\/sirve-la-apertura-una-camara-digital\\\/#breadcrumb\",\"itemListElement\":[{\"@type\":\"ListItem\",\"position\":1,\"name\":\"Home\",\"item\":\"https:\\\/\\\/www.milar.es\\\/blog\\\/\"},{\"@type\":\"ListItem\",\"position\":2,\"name\":\"\u00bfQu\u00e9 es la apertura de diafragma en las c\u00e1maras digitales?\"}]},{\"@type\":\"WebSite\",\"@id\":\"https:\\\/\\\/www.milar.es\\\/blog\\\/#website\",\"url\":\"https:\\\/\\\/www.milar.es\\\/blog\\\/\",\"name\":\"Milar Tendencias de electrodom\u00e9sticos\",\"description\":\"\",\"potentialAction\":[{\"@type\":\"SearchAction\",\"target\":{\"@type\":\"EntryPoint\",\"urlTemplate\":\"https:\\\/\\\/www.milar.es\\\/blog\\\/?s={search_term_string}\"},\"query-input\":{\"@type\":\"PropertyValueSpecification\",\"valueRequired\":true,\"valueName\":\"search_term_string\"}}],\"inLanguage\":\"es\"},{\"@type\":\"Person\",\"@id\":\"https:\\\/\\\/www.milar.es\\\/blog\\\/#\\\/schema\\\/person\\\/a63c4965e2d32a22be88aabb90c4f11f\",\"name\":\"Milar\",\"image\":{\"@type\":\"ImageObject\",\"inLanguage\":\"es\",\"@id\":\"https:\\\/\\\/secure.gravatar.com\\\/avatar\\\/1ff5211459d04644acdbe2d949c2a8626dc0f1e355d4830331235d147f36505a?s=96&d=mm&r=g\",\"url\":\"https:\\\/\\\/secure.gravatar.com\\\/avatar\\\/1ff5211459d04644acdbe2d949c2a8626dc0f1e355d4830331235d147f36505a?s=96&d=mm&r=g\",\"contentUrl\":\"https:\\\/\\\/secure.gravatar.com\\\/avatar\\\/1ff5211459d04644acdbe2d949c2a8626dc0f1e355d4830331235d147f36505a?s=96&d=mm&r=g\",\"caption\":\"Milar\"}}]}<\/script>\n<!-- \/ Yoast SEO plugin. -->","yoast_head_json":{"title":"\u00bfPara qu\u00e9 sirve la apertura de una c\u00e1mara digital?","description":"Si a\u00fan no tienes claro lo que es la apertura c\u00e1mara, puedes resolver todas tus dudas en este post y consigue aut\u00e9nticas fotos profesionales.","robots":{"index":"index","follow":"follow","max-snippet":"max-snippet:-1","max-image-preview":"max-image-preview:large","max-video-preview":"max-video-preview:-1"},"canonical":"https:\/\/www.milar.es\/blog\/sirve-la-apertura-una-camara-digital\/","og_locale":"es_ES","og_type":"article","og_title":"\u00bfPara qu\u00e9 sirve la apertura de una c\u00e1mara digital?","og_description":"Si a\u00fan no tienes claro lo que es la apertura c\u00e1mara, puedes resolver todas tus dudas en este post y consigue aut\u00e9nticas fotos profesionales.","og_url":"https:\/\/www.milar.es\/blog\/sirve-la-apertura-una-camara-digital\/","og_site_name":"Milar Tendencias de electrodom\u00e9sticos","article_published_time":"2026-02-19T08:59:25+00:00","article_modified_time":"2026-02-19T08:59:47+00:00","og_image":[{"width":1200,"height":800,"url":"https:\/\/www.milar.es\/blog\/wp-content\/uploads\/2018\/04\/view-woman-using-professional-camera-1.jpg","type":"image\/jpeg"}],"author":"Milar","twitter_card":"summary_large_image","twitter_misc":{"Escrito por":"Milar","Tiempo de lectura":"4 minutos"},"schema":{"@context":"https:\/\/schema.org","@graph":[{"@type":"Article","@id":"https:\/\/www.milar.es\/blog\/sirve-la-apertura-una-camara-digital\/#article","isPartOf":{"@id":"https:\/\/www.milar.es\/blog\/sirve-la-apertura-una-camara-digital\/"},"author":{"name":"Milar","@id":"https:\/\/www.milar.es\/blog\/#\/schema\/person\/a63c4965e2d32a22be88aabb90c4f11f"},"headline":"\u00bfQu\u00e9 es la apertura de diafragma en las c\u00e1maras digitales?","datePublished":"2026-02-19T08:59:25+00:00","dateModified":"2026-02-19T08:59:47+00:00","mainEntityOfPage":{"@id":"https:\/\/www.milar.es\/blog\/sirve-la-apertura-una-camara-digital\/"},"wordCount":1281,"image":{"@id":"https:\/\/www.milar.es\/blog\/sirve-la-apertura-una-camara-digital\/#primaryimage"},"thumbnailUrl":"https:\/\/www.milar.es\/blog\/wp-content\/uploads\/2018\/04\/view-woman-using-professional-camera-1.jpg","articleSection":["Fotograf\u00eda y videocamara"],"inLanguage":"es"},{"@type":"WebPage","@id":"https:\/\/www.milar.es\/blog\/sirve-la-apertura-una-camara-digital\/","url":"https:\/\/www.milar.es\/blog\/sirve-la-apertura-una-camara-digital\/","name":"\u00bfPara qu\u00e9 sirve la apertura de una c\u00e1mara digital?","isPartOf":{"@id":"https:\/\/www.milar.es\/blog\/#website"},"primaryImageOfPage":{"@id":"https:\/\/www.milar.es\/blog\/sirve-la-apertura-una-camara-digital\/#primaryimage"},"image":{"@id":"https:\/\/www.milar.es\/blog\/sirve-la-apertura-una-camara-digital\/#primaryimage"},"thumbnailUrl":"https:\/\/www.milar.es\/blog\/wp-content\/uploads\/2018\/04\/view-woman-using-professional-camera-1.jpg","datePublished":"2026-02-19T08:59:25+00:00","dateModified":"2026-02-19T08:59:47+00:00","author":{"@id":"https:\/\/www.milar.es\/blog\/#\/schema\/person\/a63c4965e2d32a22be88aabb90c4f11f"},"description":"Si a\u00fan no tienes claro lo que es la apertura c\u00e1mara, puedes resolver todas tus dudas en este post y consigue aut\u00e9nticas fotos profesionales.","breadcrumb":{"@id":"https:\/\/www.milar.es\/blog\/sirve-la-apertura-una-camara-digital\/#breadcrumb"},"inLanguage":"es","potentialAction":[{"@type":"ReadAction","target":["https:\/\/www.milar.es\/blog\/sirve-la-apertura-una-camara-digital\/"]}]},{"@type":"ImageObject","inLanguage":"es","@id":"https:\/\/www.milar.es\/blog\/sirve-la-apertura-una-camara-digital\/#primaryimage","url":"https:\/\/www.milar.es\/blog\/wp-content\/uploads\/2018\/04\/view-woman-using-professional-camera-1.jpg","contentUrl":"https:\/\/www.milar.es\/blog\/wp-content\/uploads\/2018\/04\/view-woman-using-professional-camera-1.jpg","width":1200,"height":800,"caption":"Apertura de diafragma"},{"@type":"BreadcrumbList","@id":"https:\/\/www.milar.es\/blog\/sirve-la-apertura-una-camara-digital\/#breadcrumb","itemListElement":[{"@type":"ListItem","position":1,"name":"Home","item":"https:\/\/www.milar.es\/blog\/"},{"@type":"ListItem","position":2,"name":"\u00bfQu\u00e9 es la apertura de diafragma en las c\u00e1maras digitales?"}]},{"@type":"WebSite","@id":"https:\/\/www.milar.es\/blog\/#website","url":"https:\/\/www.milar.es\/blog\/","name":"Milar Tendencias de electrodom\u00e9sticos","description":"","potentialAction":[{"@type":"SearchAction","target":{"@type":"EntryPoint","urlTemplate":"https:\/\/www.milar.es\/blog\/?s={search_term_string}"},"query-input":{"@type":"PropertyValueSpecification","valueRequired":true,"valueName":"search_term_string"}}],"inLanguage":"es"},{"@type":"Person","@id":"https:\/\/www.milar.es\/blog\/#\/schema\/person\/a63c4965e2d32a22be88aabb90c4f11f","name":"Milar","image":{"@type":"ImageObject","inLanguage":"es","@id":"https:\/\/secure.gravatar.com\/avatar\/1ff5211459d04644acdbe2d949c2a8626dc0f1e355d4830331235d147f36505a?s=96&d=mm&r=g","url":"https:\/\/secure.gravatar.com\/avatar\/1ff5211459d04644acdbe2d949c2a8626dc0f1e355d4830331235d147f36505a?s=96&d=mm&r=g","contentUrl":"https:\/\/secure.gravatar.com\/avatar\/1ff5211459d04644acdbe2d949c2a8626dc0f1e355d4830331235d147f36505a?s=96&d=mm&r=g","caption":"Milar"}}]}},"_links":{"self":[{"href":"https:\/\/www.milar.es\/blog\/wp-json\/wp\/v2\/posts\/1326","targetHints":{"allow":["GET"]}}],"collection":[{"href":"https:\/\/www.milar.es\/blog\/wp-json\/wp\/v2\/posts"}],"about":[{"href":"https:\/\/www.milar.es\/blog\/wp-json\/wp\/v2\/types\/post"}],"author":[{"embeddable":true,"href":"https:\/\/www.milar.es\/blog\/wp-json\/wp\/v2\/users\/1"}],"replies":[{"embeddable":true,"href":"https:\/\/www.milar.es\/blog\/wp-json\/wp\/v2\/comments?post=1326"}],"version-history":[{"count":8,"href":"https:\/\/www.milar.es\/blog\/wp-json\/wp\/v2\/posts\/1326\/revisions"}],"predecessor-version":[{"id":15189,"href":"https:\/\/www.milar.es\/blog\/wp-json\/wp\/v2\/posts\/1326\/revisions\/15189"}],"wp:featuredmedia":[{"embeddable":true,"href":"https:\/\/www.milar.es\/blog\/wp-json\/wp\/v2\/media\/15187"}],"wp:attachment":[{"href":"https:\/\/www.milar.es\/blog\/wp-json\/wp\/v2\/media?parent=1326"}],"wp:term":[{"taxonomy":"category","embeddable":true,"href":"https:\/\/www.milar.es\/blog\/wp-json\/wp\/v2\/categories?post=1326"},{"taxonomy":"post_tag","embeddable":true,"href":"https:\/\/www.milar.es\/blog\/wp-json\/wp\/v2\/tags?post=1326"}],"curies":[{"name":"wp","href":"https:\/\/api.w.org\/{rel}","templated":true}]}}