{"id":12198,"date":"2022-07-22T09:30:00","date_gmt":"2022-07-22T09:30:00","guid":{"rendered":"https:\/\/www.milar.es\/blog\/?p=12198"},"modified":"2025-10-16T12:31:37","modified_gmt":"2025-10-16T12:31:37","slug":"lavavajillas-compacto-como-elegirlo","status":"publish","type":"post","link":"https:\/\/www.milar.es\/blog\/lavavajillas-compacto-como-elegirlo\/","title":{"rendered":"Lavavajillas compacto. C\u00f3mo elegirlo."},"content":{"rendered":"\n<p>\u00bfEst\u00e1s buscando un <strong><a href=\"https:\/\/www.milar.es\/lavavajillas-cocina.html\">lavavajillas<\/a> compacto debajo del fregadero<\/strong>? Como ya sabes, un lavavajillas es un electrodom\u00e9stico que facilita las tareas de tu d\u00eda a d\u00eda. Gracias a este c\u00f3modo dispositivo podr\u00e1s mantener toda tu vajilla completamente limpia de un forma r\u00e1pida y c\u00f3moda. Adem\u00e1s, si tienes una cocina peque\u00f1a es recomendable que adquieras un <strong>lavavajillas compacto<\/strong> ya que se ajustar\u00e1 al espacio que tengas en tu hogar. \u00a1Visita <strong>nuestras tiendas <a href=\"https:\/\/www.milar.es\/\">Milar<\/a> <\/strong>y escoge tu<strong> lavavajillas compacto<\/strong> favorita!<\/p>\n\n\n<div class=\"wp-block-image\">\n<figure class=\"aligncenter size-large\"><img loading=\"lazy\" decoding=\"async\" width=\"700\" height=\"467\" src=\"https:\/\/www.milar.es\/blog\/wp-content\/uploads\/2022\/07\/lavavajillas-compacto-700x467.jpg\" alt=\"lavavajillas compacto\" class=\"wp-image-12199\" srcset=\"https:\/\/www.milar.es\/blog\/wp-content\/uploads\/2022\/07\/lavavajillas-compacto-700x467.jpg 700w, https:\/\/www.milar.es\/blog\/wp-content\/uploads\/2022\/07\/lavavajillas-compacto-250x167.jpg 250w, https:\/\/www.milar.es\/blog\/wp-content\/uploads\/2022\/07\/lavavajillas-compacto-768x512.jpg 768w, https:\/\/www.milar.es\/blog\/wp-content\/uploads\/2022\/07\/lavavajillas-compacto-120x80.jpg 120w, https:\/\/www.milar.es\/blog\/wp-content\/uploads\/2022\/07\/lavavajillas-compacto.jpg 1200w\" sizes=\"auto, (max-width: 700px) 100vw, 700px\" \/><\/figure>\n<\/div>\n\n\n<h2 class=\"wp-block-heading has-text-align-center\">\u00bfQu\u00e9 es un lavavajillas compacto?<\/h2>\n\n\n\n<p>Un <strong>lavavajillas compacto<\/strong> es un electrodom\u00e9stico muy funcional que se caracteriza por ofrecerte los mejores resultados, pero con unas dimensiones m\u00e1s reducidas que las normales.<\/p>\n\n\n\n<p>De esta manera, estos lavavajillas compactos son ideales para colocar en las cocinas que tienen poco espacio en caso de vivir solo o en pareja. Por eso, podr\u00e1s colocar tu <strong>lavavajillas compacto integrado en el fregadero<\/strong> de cocina. Adem\u00e1s, la instalaci\u00f3n de estos electrodom\u00e9sticos es muy sencilla ya que tan solo necesitas una toma de agua caliente y un desag\u00fce para que salga el agua sucia tras cada ciclo de lavado.<\/p>\n\n\n\n<h2 class=\"wp-block-heading has-text-align-center\">\u00bfCu\u00e1nto mide un lavavajillas peque\u00f1o?<\/h2>\n\n\n\n<p>Algo indispensable antes de adquirir un <strong>lavavajillas compacto integrable<\/strong> conozcas las dimensiones que tiene este electrodom\u00e9stico. Normalmente, las medidas <strong>lavavajillas compacto son de 45 cm de altura<\/strong> que te permitir\u00e1n lavar hasta 6 cubiertos. Adem\u00e1s, existen<strong> <a href=\"https:\/\/www.milar.es\/lavavajillas-pequenos.html\">lavavajillas peque\u00f1os<\/a><\/strong> que tienen una anchura de aproximadamente <strong>45 cm de anchura<\/strong>. As\u00ed, podr\u00e1s escoger el dispositivo que mejor se adapte a las necesidades y al espacio que tienes en tu hogar.<\/p>\n\n\n\n<p>Por eso, si eliges cualquier modelo de electrodom\u00e9stico peque\u00f1o es conveniente que conozcas el espacio  disponible que tienes en tu cocina o en la habitaci\u00f3n donde vayas a colocarlo. En nuestras tiendas <strong>Milar <\/strong>disponemos de una variedad de<strong> lavavajillas compactos<\/strong> de diferentes marcas para que escojas el modelo que mejor se adapte a tus necesidades.<\/p>\n\n\n\n<p>Adem\u00e1s, hoy en d\u00eda son muchas las marcas que ya han mejorado este tipo de modelos para que te puedan ofrecer las mismas ventajas que los lavavajillas m\u00e1s grandes. As\u00ed, incluso estos lavavajillas de 45cm de ancho pueden ser <strong><a href=\"https:\/\/www.milar.es\/blog\/lavavajillas-con-3-bandejas-gran-capacidad-de-los-lavavajillas-balay\/\">lavavajillas con 3 bandejas<\/a><\/strong> con una tercera portacubiertos, modelos con Display LED, <a href=\"https:\/\/www.milar.es\/blog\/cuales-son-los-lavavajillas-mas-silenciosos\/\">lavavajillas silenciosos<\/a>&#8230;<\/p>\n\n\n\n<h2 class=\"wp-block-heading has-text-align-center\">Modelos de lavavajillas compactos<\/h2>\n\n\n\n<p>Ahora que ya conoces las <strong>medidas lavavajillas compacto<\/strong>, a continuaci\u00f3n te mostramos los modelos que tenemos disponibles en <strong>nuestras tiendas Milar<\/strong>.<\/p>\n\n\n\n<p class=\"has-text-align-center\"><strong><a href=\"https:\/\/www.milar.es\/lavavajillas-integrables-balay-3vt4010na-aplus.html\">Lavavajillas Integrables Balay 3VT4010NA F&nbsp;<\/a><\/strong><\/p>\n\n\n\n<p>Con este <strong>Lavavajillas Integrables <a href=\"https:\/\/www.milar.es\/balay.html\">Balay <\/a>3VT4010NA F&nbsp;totalmente integrable<\/strong>, podr\u00e1s <strong>lavar hasta 9 servicios<\/strong> en el mismo ciclo. Adem\u00e1s est\u00e1 disponible en <strong>color negro y dispone de hasta 3 niveles de temperatura <\/strong>para conseguir los resultados que est\u00e1s buscando en cada momento. Tambi\u00e9n es perfecto para lograr un mantenimiento sencillo y prolongado en el tiempo gracias a su <strong>programa especial de limpieza de cuba<\/strong> con el que tener controlado <strong><a href=\"https:\/\/www.milar.es\/blog\/formas-de-limpiar-el-lavavajillas-guia-definitiva\/\">c\u00f3mo limpiar el lavavajillas<\/a><\/strong>. \u00a1No dejes escapar la oportunidad!<\/p>\n\n\n<div class=\"wp-block-image\">\n<figure class=\"aligncenter size-large\"><a href=\"https:\/\/www.milar.es\/lavavajillas-integrables-balay-3vt4010na-aplus.html\"><img loading=\"lazy\" decoding=\"async\" width=\"700\" height=\"256\" src=\"https:\/\/www.milar.es\/blog\/wp-content\/uploads\/2022\/07\/lavavajillas-integrables-balay-3vt4010na-f-700x256.jpg\" alt=\"Lavavajillas Integrables Balay 3VT4010NA F\" class=\"wp-image-12200\" srcset=\"https:\/\/www.milar.es\/blog\/wp-content\/uploads\/2022\/07\/lavavajillas-integrables-balay-3vt4010na-f-700x256.jpg 700w, https:\/\/www.milar.es\/blog\/wp-content\/uploads\/2022\/07\/lavavajillas-integrables-balay-3vt4010na-f-250x91.jpg 250w, https:\/\/www.milar.es\/blog\/wp-content\/uploads\/2022\/07\/lavavajillas-integrables-balay-3vt4010na-f-768x281.jpg 768w, https:\/\/www.milar.es\/blog\/wp-content\/uploads\/2022\/07\/lavavajillas-integrables-balay-3vt4010na-f-120x44.jpg 120w, https:\/\/www.milar.es\/blog\/wp-content\/uploads\/2022\/07\/lavavajillas-integrables-balay-3vt4010na-f.jpg 1200w\" sizes=\"auto, (max-width: 700px) 100vw, 700px\" \/><\/a><\/figure>\n<\/div>\n\n\n<p class=\"has-text-align-center\"><strong><a href=\"https:\/\/www.milar.es\/lavavajillas-integrables-bosch-spv2hkx41e-aplus.html\">Lavavajillas Integrables Bosch SPV2HKX41E E&nbsp;<\/a><\/strong><\/p>\n\n\n\n<p>Con este <strong>Lavavajillas Integrables <a href=\"https:\/\/www.milar.es\/bosch.html\">Bosch<\/a> SPV2HKX41E E&nbsp;de 448 mm de anchura<\/strong>, podr\u00e1s lavar hasta <strong>9 servicios<\/strong> al mismo tiempo. Adem\u00e1s, tan solo emite <strong>46 dB de nivel de ruido<\/strong> cuando su funcionamiento es m\u00e1ximo. As\u00ed, podr\u00e1s disfrutar de un silencio absoluto mientras tu dispositivo est\u00e1 lavando todos tus platos.<\/p>\n\n\n<div class=\"wp-block-image\">\n<figure class=\"aligncenter size-large\"><a href=\"https:\/\/www.milar.es\/lavavajillas-integrables-bosch-spv2hkx41e-aplus.html\"><img loading=\"lazy\" decoding=\"async\" width=\"700\" height=\"256\" src=\"https:\/\/www.milar.es\/blog\/wp-content\/uploads\/2022\/07\/lavavajillas-integrables-bosch-spv2hkx41e-700x256.jpg\" alt=\"Lavavajillas Integrables Bosch SPV2HKX41E E\" class=\"wp-image-12201\" srcset=\"https:\/\/www.milar.es\/blog\/wp-content\/uploads\/2022\/07\/lavavajillas-integrables-bosch-spv2hkx41e-700x256.jpg 700w, https:\/\/www.milar.es\/blog\/wp-content\/uploads\/2022\/07\/lavavajillas-integrables-bosch-spv2hkx41e-250x91.jpg 250w, https:\/\/www.milar.es\/blog\/wp-content\/uploads\/2022\/07\/lavavajillas-integrables-bosch-spv2hkx41e-768x281.jpg 768w, https:\/\/www.milar.es\/blog\/wp-content\/uploads\/2022\/07\/lavavajillas-integrables-bosch-spv2hkx41e-120x44.jpg 120w, https:\/\/www.milar.es\/blog\/wp-content\/uploads\/2022\/07\/lavavajillas-integrables-bosch-spv2hkx41e.jpg 1200w\" sizes=\"auto, (max-width: 700px) 100vw, 700px\" \/><\/a><\/figure>\n<\/div>\n\n\n<p class=\"has-text-align-center\"><strong><a href=\"https:\/\/www.milar.es\/lavavajillas-integrables-cata-lvi-46009-aplusplus.html\">Lavavajillas Integrables Cata LVI 46009 E<\/a><\/strong><\/p>\n\n\n\n<p>Por \u00faltimo, este <strong>Lavavajillas Integrables<a href=\"https:\/\/www.milar.es\/cata.html\"> Cata<\/a> LVI 46009 E de eficiencia energ\u00e9tica E c<\/strong>uenta con una capacidad interior para <strong>lavar hasta 10 cubiertos <\/strong>al mismo tiempo. Adem\u00e1s, cuenta con un<strong> nivel de ruido de 49 dB <\/strong>que hace que su funcionamiento  sea muy totalmente silencioso. \u00a1No te lo pierdas!<\/p>\n\n\n<div class=\"wp-block-image\">\n<figure class=\"aligncenter size-large\"><a href=\"https:\/\/www.milar.es\/lavavajillas-integrables-cata-lvi-46009-aplusplus.html\"><img loading=\"lazy\" decoding=\"async\" width=\"700\" height=\"256\" src=\"https:\/\/www.milar.es\/blog\/wp-content\/uploads\/2022\/07\/lavavajillas-integrables-cata-lvi46009-e-700x256.jpg\" alt=\"Lavavajillas Integrables Cata LVI 46009 E\" class=\"wp-image-12202\" srcset=\"https:\/\/www.milar.es\/blog\/wp-content\/uploads\/2022\/07\/lavavajillas-integrables-cata-lvi46009-e-700x256.jpg 700w, https:\/\/www.milar.es\/blog\/wp-content\/uploads\/2022\/07\/lavavajillas-integrables-cata-lvi46009-e-250x91.jpg 250w, https:\/\/www.milar.es\/blog\/wp-content\/uploads\/2022\/07\/lavavajillas-integrables-cata-lvi46009-e-768x281.jpg 768w, https:\/\/www.milar.es\/blog\/wp-content\/uploads\/2022\/07\/lavavajillas-integrables-cata-lvi46009-e-120x44.jpg 120w, https:\/\/www.milar.es\/blog\/wp-content\/uploads\/2022\/07\/lavavajillas-integrables-cata-lvi46009-e.jpg 1200w\" sizes=\"auto, (max-width: 700px) 100vw, 700px\" \/><\/a><\/figure>\n<\/div>\n\n\n<p>Esperamos que os haya servido este post sobre<strong> lavavajillas compacto<\/strong> y las medidas que suelen tener. En nuestras tiendas <strong>Milar<\/strong> disponemos de una gran variedad de lavavajillas compactos que te permitir\u00e1n mantener tu vajilla limpia en solo unos minutos. \u00a1Visita nuestras tiendas <strong>Milar<\/strong>!<\/p>\n\n\n<div class=\"carrusel\"><ul class=\"recomendacion\"><\/ul><\/div>\n\n\n\n<p>A continuaci\u00f3n, os dejamos los siguientes art\u00edculos relacionados:<\/p>\n\n\n\n<p><strong><a href=\"https:\/\/www.milar.es\/blog\/diferencias-entre-un-lavavajillas-integrable-y-un-panelable\/\">Diferencias entre un lavavajillas integrable y un panelable<\/a><\/strong><\/p>\n\n\n\n<p><strong><a href=\"https:\/\/www.milar.es\/blog\/lavavajillas-programables-como-funcionan\/\">Lavavajillas programables \u00bfC\u00f3mo funcionan?<\/a><\/strong><\/p>\n","protected":false},"excerpt":{"rendered":"\u00bfEst\u00e1s buscando un lavavajillas compacto debajo del fregadero? Como ya sabes, un lavavajillas es un electrodom\u00e9stico que facilita las tareas de tu d\u00eda a d\u00eda. Gracias a este c\u00f3modo dispositivo podr\u00e1s mantener toda tu vajilla completamente limpia de un forma r\u00e1pida y c\u00f3moda. Adem\u00e1s, si tienes una cocina peque\u00f1a es&#8230; <a class=\"view-article\" href=\"https:\/\/www.milar.es\/blog\/lavavajillas-compacto-como-elegirlo\/\">Ver art\u00edculo<\/a>","protected":false},"author":1,"featured_media":12199,"comment_status":"closed","ping_status":"closed","sticky":false,"template":"","format":"standard","meta":{"footnotes":""},"categories":[2,12],"tags":[],"class_list":["post-12198","post","type-post","status-publish","format-standard","has-post-thumbnail","hentry","category-electrodomesticos","category-lavavajillas"],"yoast_head":"<!-- This site is optimized with the Yoast SEO plugin v27.5 - https:\/\/yoast.com\/product\/yoast-seo-wordpress\/ -->\n<title>Lavavajillas compacto. C\u00f3mo elegirlo. - Milar Tendencias de electrodom\u00e9sticos<\/title>\n<meta name=\"description\" content=\"\u00bfQuieres comprar un lavavajillas compacto? \u00bfNo sabes qu\u00e9 modelo se ajusta a tus necesidades? Desde Milar te contamos todo lo que debes saber.\" \/>\n<meta name=\"robots\" content=\"index, follow, max-snippet:-1, max-image-preview:large, max-video-preview:-1\" \/>\n<link rel=\"canonical\" href=\"https:\/\/www.milar.es\/blog\/lavavajillas-compacto-como-elegirlo\/\" \/>\n<meta property=\"og:locale\" content=\"es_ES\" \/>\n<meta property=\"og:type\" content=\"article\" \/>\n<meta property=\"og:title\" content=\"Lavavajillas compacto. C\u00f3mo elegirlo. - Milar Tendencias de electrodom\u00e9sticos\" \/>\n<meta property=\"og:description\" content=\"\u00bfQuieres comprar un lavavajillas compacto? \u00bfNo sabes qu\u00e9 modelo se ajusta a tus necesidades? Desde Milar te contamos todo lo que debes saber.\" \/>\n<meta property=\"og:url\" content=\"https:\/\/www.milar.es\/blog\/lavavajillas-compacto-como-elegirlo\/\" \/>\n<meta property=\"og:site_name\" content=\"Milar Tendencias de electrodom\u00e9sticos\" \/>\n<meta property=\"article:published_time\" content=\"2022-07-22T09:30:00+00:00\" \/>\n<meta property=\"article:modified_time\" content=\"2025-10-16T12:31:37+00:00\" \/>\n<meta property=\"og:image\" content=\"https:\/\/www.milar.es\/blog\/wp-content\/uploads\/2022\/07\/lavavajillas-compacto.jpg\" \/>\n\t<meta property=\"og:image:width\" content=\"1200\" \/>\n\t<meta property=\"og:image:height\" content=\"800\" \/>\n\t<meta property=\"og:image:type\" content=\"image\/jpeg\" \/>\n<meta name=\"author\" content=\"Milar\" \/>\n<meta name=\"twitter:card\" content=\"summary_large_image\" \/>\n<meta name=\"twitter:label1\" content=\"Escrito por\" \/>\n\t<meta name=\"twitter:data1\" content=\"Milar\" \/>\n\t<meta name=\"twitter:label2\" content=\"Tiempo de lectura\" \/>\n\t<meta name=\"twitter:data2\" content=\"4 minutos\" \/>\n<script type=\"application\/ld+json\" class=\"yoast-schema-graph\">{\"@context\":\"https:\\\/\\\/schema.org\",\"@graph\":[{\"@type\":\"Article\",\"@id\":\"https:\\\/\\\/www.milar.es\\\/blog\\\/lavavajillas-compacto-como-elegirlo\\\/#article\",\"isPartOf\":{\"@id\":\"https:\\\/\\\/www.milar.es\\\/blog\\\/lavavajillas-compacto-como-elegirlo\\\/\"},\"author\":{\"name\":\"Milar\",\"@id\":\"https:\\\/\\\/www.milar.es\\\/blog\\\/#\\\/schema\\\/person\\\/a63c4965e2d32a22be88aabb90c4f11f\"},\"headline\":\"Lavavajillas compacto. C\u00f3mo elegirlo.\",\"datePublished\":\"2022-07-22T09:30:00+00:00\",\"dateModified\":\"2025-10-16T12:31:37+00:00\",\"mainEntityOfPage\":{\"@id\":\"https:\\\/\\\/www.milar.es\\\/blog\\\/lavavajillas-compacto-como-elegirlo\\\/\"},\"wordCount\":690,\"image\":{\"@id\":\"https:\\\/\\\/www.milar.es\\\/blog\\\/lavavajillas-compacto-como-elegirlo\\\/#primaryimage\"},\"thumbnailUrl\":\"https:\\\/\\\/www.milar.es\\\/blog\\\/wp-content\\\/uploads\\\/2022\\\/07\\\/lavavajillas-compacto.jpg\",\"articleSection\":[\"Electrodom\u00e9sticos\",\"Lavavajillas\"],\"inLanguage\":\"es\"},{\"@type\":\"WebPage\",\"@id\":\"https:\\\/\\\/www.milar.es\\\/blog\\\/lavavajillas-compacto-como-elegirlo\\\/\",\"url\":\"https:\\\/\\\/www.milar.es\\\/blog\\\/lavavajillas-compacto-como-elegirlo\\\/\",\"name\":\"Lavavajillas compacto. C\u00f3mo elegirlo. - Milar Tendencias de electrodom\u00e9sticos\",\"isPartOf\":{\"@id\":\"https:\\\/\\\/www.milar.es\\\/blog\\\/#website\"},\"primaryImageOfPage\":{\"@id\":\"https:\\\/\\\/www.milar.es\\\/blog\\\/lavavajillas-compacto-como-elegirlo\\\/#primaryimage\"},\"image\":{\"@id\":\"https:\\\/\\\/www.milar.es\\\/blog\\\/lavavajillas-compacto-como-elegirlo\\\/#primaryimage\"},\"thumbnailUrl\":\"https:\\\/\\\/www.milar.es\\\/blog\\\/wp-content\\\/uploads\\\/2022\\\/07\\\/lavavajillas-compacto.jpg\",\"datePublished\":\"2022-07-22T09:30:00+00:00\",\"dateModified\":\"2025-10-16T12:31:37+00:00\",\"author\":{\"@id\":\"https:\\\/\\\/www.milar.es\\\/blog\\\/#\\\/schema\\\/person\\\/a63c4965e2d32a22be88aabb90c4f11f\"},\"description\":\"\u00bfQuieres comprar un lavavajillas compacto? \u00bfNo sabes qu\u00e9 modelo se ajusta a tus necesidades? Desde Milar te contamos todo lo que debes saber.\",\"breadcrumb\":{\"@id\":\"https:\\\/\\\/www.milar.es\\\/blog\\\/lavavajillas-compacto-como-elegirlo\\\/#breadcrumb\"},\"inLanguage\":\"es\",\"potentialAction\":[{\"@type\":\"ReadAction\",\"target\":[\"https:\\\/\\\/www.milar.es\\\/blog\\\/lavavajillas-compacto-como-elegirlo\\\/\"]}]},{\"@type\":\"ImageObject\",\"inLanguage\":\"es\",\"@id\":\"https:\\\/\\\/www.milar.es\\\/blog\\\/lavavajillas-compacto-como-elegirlo\\\/#primaryimage\",\"url\":\"https:\\\/\\\/www.milar.es\\\/blog\\\/wp-content\\\/uploads\\\/2022\\\/07\\\/lavavajillas-compacto.jpg\",\"contentUrl\":\"https:\\\/\\\/www.milar.es\\\/blog\\\/wp-content\\\/uploads\\\/2022\\\/07\\\/lavavajillas-compacto.jpg\",\"width\":1200,\"height\":800,\"caption\":\"lavavajillas compacto\"},{\"@type\":\"BreadcrumbList\",\"@id\":\"https:\\\/\\\/www.milar.es\\\/blog\\\/lavavajillas-compacto-como-elegirlo\\\/#breadcrumb\",\"itemListElement\":[{\"@type\":\"ListItem\",\"position\":1,\"name\":\"Home\",\"item\":\"https:\\\/\\\/www.milar.es\\\/blog\\\/\"},{\"@type\":\"ListItem\",\"position\":2,\"name\":\"Lavavajillas compacto. C\u00f3mo elegirlo.\"}]},{\"@type\":\"WebSite\",\"@id\":\"https:\\\/\\\/www.milar.es\\\/blog\\\/#website\",\"url\":\"https:\\\/\\\/www.milar.es\\\/blog\\\/\",\"name\":\"Milar Tendencias de electrodom\u00e9sticos\",\"description\":\"\",\"potentialAction\":[{\"@type\":\"SearchAction\",\"target\":{\"@type\":\"EntryPoint\",\"urlTemplate\":\"https:\\\/\\\/www.milar.es\\\/blog\\\/?s={search_term_string}\"},\"query-input\":{\"@type\":\"PropertyValueSpecification\",\"valueRequired\":true,\"valueName\":\"search_term_string\"}}],\"inLanguage\":\"es\"},{\"@type\":\"Person\",\"@id\":\"https:\\\/\\\/www.milar.es\\\/blog\\\/#\\\/schema\\\/person\\\/a63c4965e2d32a22be88aabb90c4f11f\",\"name\":\"Milar\",\"image\":{\"@type\":\"ImageObject\",\"inLanguage\":\"es\",\"@id\":\"https:\\\/\\\/secure.gravatar.com\\\/avatar\\\/1ff5211459d04644acdbe2d949c2a8626dc0f1e355d4830331235d147f36505a?s=96&d=mm&r=g\",\"url\":\"https:\\\/\\\/secure.gravatar.com\\\/avatar\\\/1ff5211459d04644acdbe2d949c2a8626dc0f1e355d4830331235d147f36505a?s=96&d=mm&r=g\",\"contentUrl\":\"https:\\\/\\\/secure.gravatar.com\\\/avatar\\\/1ff5211459d04644acdbe2d949c2a8626dc0f1e355d4830331235d147f36505a?s=96&d=mm&r=g\",\"caption\":\"Milar\"}}]}<\/script>\n<!-- \/ Yoast SEO plugin. -->","yoast_head_json":{"title":"Lavavajillas compacto. C\u00f3mo elegirlo. - Milar Tendencias de electrodom\u00e9sticos","description":"\u00bfQuieres comprar un lavavajillas compacto? \u00bfNo sabes qu\u00e9 modelo se ajusta a tus necesidades? Desde Milar te contamos todo lo que debes saber.","robots":{"index":"index","follow":"follow","max-snippet":"max-snippet:-1","max-image-preview":"max-image-preview:large","max-video-preview":"max-video-preview:-1"},"canonical":"https:\/\/www.milar.es\/blog\/lavavajillas-compacto-como-elegirlo\/","og_locale":"es_ES","og_type":"article","og_title":"Lavavajillas compacto. C\u00f3mo elegirlo. - Milar Tendencias de electrodom\u00e9sticos","og_description":"\u00bfQuieres comprar un lavavajillas compacto? \u00bfNo sabes qu\u00e9 modelo se ajusta a tus necesidades? Desde Milar te contamos todo lo que debes saber.","og_url":"https:\/\/www.milar.es\/blog\/lavavajillas-compacto-como-elegirlo\/","og_site_name":"Milar Tendencias de electrodom\u00e9sticos","article_published_time":"2022-07-22T09:30:00+00:00","article_modified_time":"2025-10-16T12:31:37+00:00","og_image":[{"width":1200,"height":800,"url":"https:\/\/www.milar.es\/blog\/wp-content\/uploads\/2022\/07\/lavavajillas-compacto.jpg","type":"image\/jpeg"}],"author":"Milar","twitter_card":"summary_large_image","twitter_misc":{"Escrito por":"Milar","Tiempo de lectura":"4 minutos"},"schema":{"@context":"https:\/\/schema.org","@graph":[{"@type":"Article","@id":"https:\/\/www.milar.es\/blog\/lavavajillas-compacto-como-elegirlo\/#article","isPartOf":{"@id":"https:\/\/www.milar.es\/blog\/lavavajillas-compacto-como-elegirlo\/"},"author":{"name":"Milar","@id":"https:\/\/www.milar.es\/blog\/#\/schema\/person\/a63c4965e2d32a22be88aabb90c4f11f"},"headline":"Lavavajillas compacto. C\u00f3mo elegirlo.","datePublished":"2022-07-22T09:30:00+00:00","dateModified":"2025-10-16T12:31:37+00:00","mainEntityOfPage":{"@id":"https:\/\/www.milar.es\/blog\/lavavajillas-compacto-como-elegirlo\/"},"wordCount":690,"image":{"@id":"https:\/\/www.milar.es\/blog\/lavavajillas-compacto-como-elegirlo\/#primaryimage"},"thumbnailUrl":"https:\/\/www.milar.es\/blog\/wp-content\/uploads\/2022\/07\/lavavajillas-compacto.jpg","articleSection":["Electrodom\u00e9sticos","Lavavajillas"],"inLanguage":"es"},{"@type":"WebPage","@id":"https:\/\/www.milar.es\/blog\/lavavajillas-compacto-como-elegirlo\/","url":"https:\/\/www.milar.es\/blog\/lavavajillas-compacto-como-elegirlo\/","name":"Lavavajillas compacto. C\u00f3mo elegirlo. - Milar Tendencias de electrodom\u00e9sticos","isPartOf":{"@id":"https:\/\/www.milar.es\/blog\/#website"},"primaryImageOfPage":{"@id":"https:\/\/www.milar.es\/blog\/lavavajillas-compacto-como-elegirlo\/#primaryimage"},"image":{"@id":"https:\/\/www.milar.es\/blog\/lavavajillas-compacto-como-elegirlo\/#primaryimage"},"thumbnailUrl":"https:\/\/www.milar.es\/blog\/wp-content\/uploads\/2022\/07\/lavavajillas-compacto.jpg","datePublished":"2022-07-22T09:30:00+00:00","dateModified":"2025-10-16T12:31:37+00:00","author":{"@id":"https:\/\/www.milar.es\/blog\/#\/schema\/person\/a63c4965e2d32a22be88aabb90c4f11f"},"description":"\u00bfQuieres comprar un lavavajillas compacto? \u00bfNo sabes qu\u00e9 modelo se ajusta a tus necesidades? Desde Milar te contamos todo lo que debes saber.","breadcrumb":{"@id":"https:\/\/www.milar.es\/blog\/lavavajillas-compacto-como-elegirlo\/#breadcrumb"},"inLanguage":"es","potentialAction":[{"@type":"ReadAction","target":["https:\/\/www.milar.es\/blog\/lavavajillas-compacto-como-elegirlo\/"]}]},{"@type":"ImageObject","inLanguage":"es","@id":"https:\/\/www.milar.es\/blog\/lavavajillas-compacto-como-elegirlo\/#primaryimage","url":"https:\/\/www.milar.es\/blog\/wp-content\/uploads\/2022\/07\/lavavajillas-compacto.jpg","contentUrl":"https:\/\/www.milar.es\/blog\/wp-content\/uploads\/2022\/07\/lavavajillas-compacto.jpg","width":1200,"height":800,"caption":"lavavajillas compacto"},{"@type":"BreadcrumbList","@id":"https:\/\/www.milar.es\/blog\/lavavajillas-compacto-como-elegirlo\/#breadcrumb","itemListElement":[{"@type":"ListItem","position":1,"name":"Home","item":"https:\/\/www.milar.es\/blog\/"},{"@type":"ListItem","position":2,"name":"Lavavajillas compacto. C\u00f3mo elegirlo."}]},{"@type":"WebSite","@id":"https:\/\/www.milar.es\/blog\/#website","url":"https:\/\/www.milar.es\/blog\/","name":"Milar Tendencias de electrodom\u00e9sticos","description":"","potentialAction":[{"@type":"SearchAction","target":{"@type":"EntryPoint","urlTemplate":"https:\/\/www.milar.es\/blog\/?s={search_term_string}"},"query-input":{"@type":"PropertyValueSpecification","valueRequired":true,"valueName":"search_term_string"}}],"inLanguage":"es"},{"@type":"Person","@id":"https:\/\/www.milar.es\/blog\/#\/schema\/person\/a63c4965e2d32a22be88aabb90c4f11f","name":"Milar","image":{"@type":"ImageObject","inLanguage":"es","@id":"https:\/\/secure.gravatar.com\/avatar\/1ff5211459d04644acdbe2d949c2a8626dc0f1e355d4830331235d147f36505a?s=96&d=mm&r=g","url":"https:\/\/secure.gravatar.com\/avatar\/1ff5211459d04644acdbe2d949c2a8626dc0f1e355d4830331235d147f36505a?s=96&d=mm&r=g","contentUrl":"https:\/\/secure.gravatar.com\/avatar\/1ff5211459d04644acdbe2d949c2a8626dc0f1e355d4830331235d147f36505a?s=96&d=mm&r=g","caption":"Milar"}}]}},"_links":{"self":[{"href":"https:\/\/www.milar.es\/blog\/wp-json\/wp\/v2\/posts\/12198","targetHints":{"allow":["GET"]}}],"collection":[{"href":"https:\/\/www.milar.es\/blog\/wp-json\/wp\/v2\/posts"}],"about":[{"href":"https:\/\/www.milar.es\/blog\/wp-json\/wp\/v2\/types\/post"}],"author":[{"embeddable":true,"href":"https:\/\/www.milar.es\/blog\/wp-json\/wp\/v2\/users\/1"}],"replies":[{"embeddable":true,"href":"https:\/\/www.milar.es\/blog\/wp-json\/wp\/v2\/comments?post=12198"}],"version-history":[{"count":19,"href":"https:\/\/www.milar.es\/blog\/wp-json\/wp\/v2\/posts\/12198\/revisions"}],"predecessor-version":[{"id":15072,"href":"https:\/\/www.milar.es\/blog\/wp-json\/wp\/v2\/posts\/12198\/revisions\/15072"}],"wp:featuredmedia":[{"embeddable":true,"href":"https:\/\/www.milar.es\/blog\/wp-json\/wp\/v2\/media\/12199"}],"wp:attachment":[{"href":"https:\/\/www.milar.es\/blog\/wp-json\/wp\/v2\/media?parent=12198"}],"wp:term":[{"taxonomy":"category","embeddable":true,"href":"https:\/\/www.milar.es\/blog\/wp-json\/wp\/v2\/categories?post=12198"},{"taxonomy":"post_tag","embeddable":true,"href":"https:\/\/www.milar.es\/blog\/wp-json\/wp\/v2\/tags?post=12198"}],"curies":[{"name":"wp","href":"https:\/\/api.w.org\/{rel}","templated":true}]}}