{"id":12079,"date":"2022-06-22T13:37:23","date_gmt":"2022-06-22T13:37:23","guid":{"rendered":"https:\/\/www.milar.es\/blog\/?p=12079"},"modified":"2025-03-12T08:22:06","modified_gmt":"2025-03-12T08:22:06","slug":"eficiencia-aire-acondiconado-fujitsu","status":"publish","type":"post","link":"https:\/\/www.milar.es\/blog\/eficiencia-aire-acondiconado-fujitsu\/","title":{"rendered":"5 consejos (y alguno m\u00e1s) para un uso m\u00e1s eficiente de tu aire acondicionado"},"content":{"rendered":"\n<p>El verano avanza y es cada vez m\u00e1s caluroso, de manera que contar con equipos de <a href=\"https:\/\/www.milar.es\/aire-acondicionado-clima.html\">aire acondicionado<\/a> ser\u00e1 de gran ayuda para poder gozar de confort en casa. A continuaci\u00f3n, te ofrecemos unos consejos para poder disfrutar de tu aire de una forma eficiente:<\/p>\n\n\n\n<ol class=\"wp-block-list\">\n<li><strong>Sella las puertas y ventanas de tu hogar.<\/strong> Puede suponer un ahorro de hasta 200 \u20ac al a\u00f1o.<\/li>\n\n\n\n<li><strong>Mant\u00e9n una temperatura entre 24 y 26 grados.<\/strong> Cada grado que descienda la temperatura se estar\u00e1 consumiendo cerca de un 8 % adicional de energ\u00eda.<\/li>\n\n\n\n<li><strong>Mant\u00e9n tus filtros de aire limpios. <\/strong>Los filtros sucios obligan a la unidad a consumir m\u00e1s energ\u00eda para refrigerar la casa.<\/li>\n\n\n\n<li><strong>Instala ventanas de doble acristalamiento o doble ventana. <\/strong>Esto te permite un ahorro de 100 \u20ac al a\u00f1o en refrigeraci\u00f3n.<\/li>\n\n\n\n<li><strong>Apaga el aire 20 minutos antes de salir de casa.<\/strong> As\u00ed evitas un <a href=\"https:\/\/www.milar.es\/blog\/cual-es-el-consumo-de-un-aire-acondicionado-guia-de-consumo\/\">consumo de aire acondicionado<\/a> innecesario y tu vivienda se mantendr\u00e1 fresca.<\/li>\n<\/ol>\n\n\n<div class=\"wp-block-image\">\n<figure class=\"aligncenter size-large\"><img loading=\"lazy\" decoding=\"async\" width=\"700\" height=\"466\" src=\"https:\/\/www.milar.es\/blog\/wp-content\/uploads\/2022\/06\/aire-acondicionado-fujitsu-1-700x466.jpg\" alt=\"aire acondicionado fujitsu\" class=\"wp-image-12085\" srcset=\"https:\/\/www.milar.es\/blog\/wp-content\/uploads\/2022\/06\/aire-acondicionado-fujitsu-1-700x466.jpg 700w, https:\/\/www.milar.es\/blog\/wp-content\/uploads\/2022\/06\/aire-acondicionado-fujitsu-1-250x166.jpg 250w, https:\/\/www.milar.es\/blog\/wp-content\/uploads\/2022\/06\/aire-acondicionado-fujitsu-1-768x511.jpg 768w, https:\/\/www.milar.es\/blog\/wp-content\/uploads\/2022\/06\/aire-acondicionado-fujitsu-1-120x80.jpg 120w, https:\/\/www.milar.es\/blog\/wp-content\/uploads\/2022\/06\/aire-acondicionado-fujitsu-1.jpg 1200w\" sizes=\"auto, (max-width: 700px) 100vw, 700px\" \/><\/figure>\n<\/div>\n\n\n<p>Como ves, peque\u00f1os gestos pueden suponer una gran diferencia. Y es que, cuando se trata de <strong><a href=\"https:\/\/www.milar.es\/blog\/aire-acondicionado-pinguino-refresca-tu-hogar-este-verano\/\">ping\u00fcino aire acondicionado<\/a><\/strong>, ser eficiente importa, por lo que debes tenerlo presente desde el momento de elecci\u00f3n y compra del aire acondicionado.<\/p>\n\n\n\n<p>Una gran opci\u00f3n son los <a href=\"https:\/\/www.milar.es\/aire-acondicionado-clima\/de-fujitsu.html\"><strong>aires acondicionados de Fujitsu<\/strong><\/a>, pues su Tecnolog\u00eda Inverter ofrece la m\u00e1xima eficiencia. Este sistema mantiene tu hogar a una temperatura estable, evitando<\/p>\n\n\n\n<p>que el aparato trabaje a la m\u00e1xima potencia. Esto se traduce en eficiencia, confort y ahorro.<\/p>\n\n\n\n<p>Tambi\u00e9n contribuyen al ahorro el uso del gas refrigerante ecol\u00f3gico R32 y funciones como el \u201cModo ahorro\u201d que limita la corriente m\u00e1xima de consumo.<\/p>\n\n\n\n<h2 class=\"wp-block-heading\">Consejos para ahorrar energ\u00eda con Fujitsu<\/h2>\n\n\n\n<p>Y si continuamos con los consejos, aqu\u00ed te presentamos dos modelos de Fujitsu con los que pasar un fresco y eficiente verano:<\/p>\n\n\n\n<h3 class=\"wp-block-heading\">Serie KM<\/h3>\n\n\n\n<p>El equilibrio perfecto entre dise\u00f1o, confort y eficiencia. La Serie KM de Fujitsu dispone de un intercambiador de calor h\u00edbrido para una m\u00e1xima intensidad y un dise\u00f1o optimizado con solo 222 mm de profundidad y con solo 20 dB de presi\u00f3n sonora.<\/p>\n\n\n\n<ul class=\"wp-block-list\">\n<li>AHORRA ENERG\u00cdA<\/li>\n<\/ul>\n\n\n\n<p>La alta eficiencia se obtiene gracias al nuevo gas refrigerante R32, el cual tiene un impacto sobre el calentamiento global un 75 % menos que otros gases.<\/p>\n\n\n\n<ul class=\"wp-block-list\">\n<li>M\u00c1XIMO SILENCIO<\/li>\n<\/ul>\n\n\n\n<p>El bajo nivel sonoro en modo \u00abSuper Quiet\u00bb convierte cualquier estancia en un espacio mucho m\u00e1s confortable gracias al dise\u00f1o de sus nuevas lamas.<\/p>\n\n\n\n<ul class=\"wp-block-list\">\n<li>CON\u00c9CTALO<\/li>\n<\/ul>\n\n\n\n<p>Con el accesorio wifi podr\u00e1s controlar tu <strong><a href=\"https:\/\/www.milar.es\/blog\/como-conectar-un-aire-acondicionado-con-wifi\/\">aire acondicionado con wifi<\/a><\/strong> en cualquier momento y en cualquier lugar. Podr\u00e1s modificar los ajustes y programaci\u00f3n de tu aire acondicionado cuando quieras para disfrutar siempre de una temperatura ideal.<\/p>\n\n\n\n<h3 class=\"wp-block-heading\">Serie KE<\/h3>\n\n\n\n<p>Este modelo se define como \u2018Dise\u00f1o y elegancia en su m\u00e1xima expresi\u00f3n\u2019, pero ofrece mucho m\u00e1s, como su alto ratio de ahorro de energ\u00eda con valores SEER y SCOP de 7.4 y 4.1, con un nivel sonoro m\u00ednimo de 20 dB.<\/p>\n\n\n\n<ul class=\"wp-block-list\">\n<li>AHORRA ENERG\u00cdA<\/li>\n<\/ul>\n\n\n\n<p>La alta eficiencia, de nivel superior, se consigue mediante un intercambiador de calor de alta eficiencia, un gran ventilador de flujo transversal y el nuevo refrigerante R32.<\/p>\n\n\n\n<ul class=\"wp-block-list\">\n<li>M\u00c1XIMO SILENCIO<\/li>\n<\/ul>\n\n\n\n<p>La gran rejilla de ventilaci\u00f3n y la nueva estructura de soplado de aire han logrado un caudal de aire c\u00f3modo que llega hasta los pies del usuario, con un funcionamiento silencioso.<\/p>\n\n\n\n<ul class=\"wp-block-list\">\n<li>CON\u00c9CTALO<\/li>\n<\/ul>\n\n\n\n<p>La Serie KE de Fujitsu permite, mediante la incorporaci\u00f3n de un m\u00f3dulo USB wifi, poder conectar el <a href=\"https:\/\/www.milar.es\/climatizadores-hogar.html\">climatizador<\/a> en cualquier momento sin importar el lugar en el que est\u00e1s. Ajusta y programa tu aire acondicionado para lograr la temperatura ideal en tu hogar.<\/p>\n\n\n\n<p>Anteriormente, te hablamos de la importancia de mantener limpio el filtro de aire. En el caso de los <a href=\"https:\/\/www.milar.es\/aires-acondicionados-1-x-1.html\" target=\"_blank\" rel=\"noreferrer noopener\">splits <\/a>Fujitsu, cuentan adem\u00e1s con la posibilidad de incluir un <strong>filtro de iones de plata. <\/strong>Un accesorio que neutraliza el 99 % de virus y bacterias junto con otras part\u00edculas y polvo, y que es muy importante a la hora de mejorar la calidad del aire que respiras. Adem\u00e1s, es tan f\u00e1cil de limpiar que solo necesita agua y es v\u00e1lido para todas las gamas.<\/p>\n\n\n\n<p>Despu\u00e9s de todos estos consejos, ya est\u00e1s preparado o preparada para dirigirte a tu tienda Milar m\u00e1s cercana y empezar a poner en pr\u00e1ctica todo lo aprendido en esta entrada.<\/p>\n\n\n<div class=\"carrusel\"><ul class=\"recomendacion\"><li class=\"producto\"><div class=\"wrapProducto\"><a class=\"imagen\" href=\"https:\/\/www.milar.es\/secadora-bomba-de-calor-bosch-wrb247d0es.html\"><img decoding=\"async\" src=\"https:\/\/www.milar.es\/estaticos\/extras\/fotos\/productos\/00\/00\/30\/37\/83\/4242005528479.jpg\"><\/a><h3><a href=\"https:\/\/www.milar.es\/secadora-bomba-de-calor-bosch-wrb247d0es.html\">Secadora bomba de calor Bosch WRB247D0ES<\/a><\/h3><div class=\"bloquePrecio\"><div class=\"precioProducto\">0.00 EUR<\/div><\/div><\/div><\/li><li class=\"producto\"><div class=\"wrapProducto\"><a class=\"imagen\" href=\"https:\/\/www.milar.es\/horno-siemens-hb574aer4-iq300.html\"><img decoding=\"async\" src=\"https:\/\/www.milar.es\/estaticos\/extras\/fotos\/productos\/00\/00\/30\/68\/58\/4242003986141.jpg\"><\/a><h3><a href=\"https:\/\/www.milar.es\/horno-siemens-hb574aer4-iq300.html\">Horno Siemens HB574AER4 IQ300<\/a><\/h3><div class=\"bloquePrecio\"><div class=\"precioProducto\">0.00 EUR<\/div><\/div><\/div><\/li><li class=\"producto\"><div class=\"wrapProducto\"><a class=\"imagen\" href=\"https:\/\/www.milar.es\/placa-induccion-siemens-ex975lvv1e-3.html\"><img decoding=\"async\" src=\"https:\/\/www.milar.es\/estaticos\/extras\/fotos\/productos\/00\/00\/20\/55\/96\/4242003759783-web.jpg\"><\/a><h3><a href=\"https:\/\/www.milar.es\/placa-induccion-siemens-ex975lvv1e-3.html\">Placa de Inducci\u00f3n Siemens  EX975LVV1E<\/a><\/h3><div class=\"bloquePrecio\"><div class=\"precioProducto\">0.00 EUR<\/div><\/div><\/div><\/li><li class=\"producto\"><div class=\"wrapProducto\"><a class=\"imagen\" href=\"https:\/\/www.milar.es\/lava-secadora-siemens-wk14d543es.html\"><img decoding=\"async\" src=\"https:\/\/www.milar.es\/estaticos\/extras\/fotos\/productos\/00\/00\/24\/99\/51\/WK14D542ES-1-web.jpg\"><\/a><h3><a href=\"https:\/\/www.milar.es\/lava-secadora-siemens-wk14d543es.html\">Lavadora secadora siemens WK14D543ES<\/a><\/h3><div class=\"bloquePrecio\"><div class=\"precioProducto\">0.00 EUR<\/div><\/div><\/div><\/li><\/ul><\/div>\n\n\n\n<p>No te pierdas estos otros art\u00edculos relacionados con la <a href=\"https:\/\/www.milar.es\/climatizacion-del-hogar.html\" target=\"_blank\" rel=\"noreferrer noopener\">climatizaci\u00f3n <\/a>para tu hogar:<\/p>\n\n\n\n<p><a href=\"https:\/\/www.milar.es\/blog\/comparativa-de-aire-acondicionado-cual-debo-instalar-en-mi-hogar\/\" target=\"_blank\" rel=\"noreferrer noopener\">Comparativa de aire acondicionado, \u00bfcu\u00e1l debo instalar en mi hogar?<\/a><\/p>\n\n\n\n<p><a href=\"https:\/\/www.milar.es\/blog\/aire-acondicionado-inteligente-guia-definitiva-sobre-los-modelos-de-ultima-generacion\/\" target=\"_blank\" rel=\"noreferrer noopener\">Aire acondicionado inteligente, gu\u00eda definitiva sobre los modelos de \u00faltima generaci\u00f3n<\/a><\/p>\n","protected":false},"excerpt":{"rendered":"El verano avanza y es cada vez m\u00e1s caluroso, de manera que contar con equipos de aire acondicionado ser\u00e1 de gran ayuda para poder gozar de confort en casa. A continuaci\u00f3n, te ofrecemos unos consejos para poder disfrutar de tu aire de una forma eficiente: Como ves, peque\u00f1os gestos pueden&#8230; <a class=\"view-article\" href=\"https:\/\/www.milar.es\/blog\/eficiencia-aire-acondiconado-fujitsu\/\">Ver art\u00edculo<\/a>","protected":false},"author":1,"featured_media":12080,"comment_status":"closed","ping_status":"closed","sticky":false,"template":"","format":"standard","meta":{"footnotes":""},"categories":[18,1,15],"tags":[],"class_list":["post-12079","post","type-post","status-publish","format-standard","has-post-thumbnail","hentry","category-calefaccion-y-clima","category-entretenimiento","category-hogar"],"yoast_head":"<!-- This site is optimized with the Yoast SEO plugin v27.5 - https:\/\/yoast.com\/product\/yoast-seo-wordpress\/ -->\n<title>5 consejos (y alguno m\u00e1s) para un uso m\u00e1s eficiente de tu aire acondicionado - Milar Tendencias de electrodom\u00e9sticos<\/title>\n<meta name=\"robots\" content=\"index, follow, max-snippet:-1, max-image-preview:large, max-video-preview:-1\" \/>\n<link rel=\"canonical\" href=\"https:\/\/www.milar.es\/blog\/eficiencia-aire-acondiconado-fujitsu\/\" \/>\n<meta property=\"og:locale\" content=\"es_ES\" \/>\n<meta property=\"og:type\" content=\"article\" \/>\n<meta property=\"og:title\" content=\"5 consejos (y alguno m\u00e1s) para un uso m\u00e1s eficiente de tu aire acondicionado - Milar Tendencias de electrodom\u00e9sticos\" \/>\n<meta property=\"og:description\" content=\"El verano avanza y es cada vez m\u00e1s caluroso, de manera que contar con equipos de aire acondicionado ser\u00e1 de gran ayuda para poder gozar de confort en casa. A continuaci\u00f3n, te ofrecemos unos consejos para poder disfrutar de tu aire de una forma eficiente: Como ves, peque\u00f1os gestos pueden... Ver art\u00edculo\" \/>\n<meta property=\"og:url\" content=\"https:\/\/www.milar.es\/blog\/eficiencia-aire-acondiconado-fujitsu\/\" \/>\n<meta property=\"og:site_name\" content=\"Milar Tendencias de electrodom\u00e9sticos\" \/>\n<meta property=\"article:published_time\" content=\"2022-06-22T13:37:23+00:00\" \/>\n<meta property=\"article:modified_time\" content=\"2025-03-12T08:22:06+00:00\" \/>\n<meta property=\"og:image\" content=\"https:\/\/www.milar.es\/blog\/wp-content\/uploads\/2022\/06\/aire-acondicionado-fujitsu.jpg\" \/>\n\t<meta property=\"og:image:width\" content=\"700\" \/>\n\t<meta property=\"og:image:height\" content=\"500\" \/>\n\t<meta property=\"og:image:type\" content=\"image\/jpeg\" \/>\n<meta name=\"author\" content=\"Milar\" \/>\n<meta name=\"twitter:card\" content=\"summary_large_image\" \/>\n<meta name=\"twitter:label1\" content=\"Escrito por\" \/>\n\t<meta name=\"twitter:data1\" content=\"Milar\" \/>\n\t<meta name=\"twitter:label2\" content=\"Tiempo de lectura\" \/>\n\t<meta name=\"twitter:data2\" content=\"4 minutos\" \/>\n<script type=\"application\/ld+json\" class=\"yoast-schema-graph\">{\"@context\":\"https:\\\/\\\/schema.org\",\"@graph\":[{\"@type\":\"Article\",\"@id\":\"https:\\\/\\\/www.milar.es\\\/blog\\\/eficiencia-aire-acondiconado-fujitsu\\\/#article\",\"isPartOf\":{\"@id\":\"https:\\\/\\\/www.milar.es\\\/blog\\\/eficiencia-aire-acondiconado-fujitsu\\\/\"},\"author\":{\"name\":\"Milar\",\"@id\":\"https:\\\/\\\/www.milar.es\\\/blog\\\/#\\\/schema\\\/person\\\/a63c4965e2d32a22be88aabb90c4f11f\"},\"headline\":\"5 consejos (y alguno m\u00e1s) para un uso m\u00e1s eficiente de tu aire acondicionado\",\"datePublished\":\"2022-06-22T13:37:23+00:00\",\"dateModified\":\"2025-03-12T08:22:06+00:00\",\"mainEntityOfPage\":{\"@id\":\"https:\\\/\\\/www.milar.es\\\/blog\\\/eficiencia-aire-acondiconado-fujitsu\\\/\"},\"wordCount\":782,\"image\":{\"@id\":\"https:\\\/\\\/www.milar.es\\\/blog\\\/eficiencia-aire-acondiconado-fujitsu\\\/#primaryimage\"},\"thumbnailUrl\":\"https:\\\/\\\/www.milar.es\\\/blog\\\/wp-content\\\/uploads\\\/2022\\\/06\\\/aire-acondicionado-fujitsu.jpg\",\"articleSection\":[\"Calefacci\u00f3n y clima\",\"Entretenimiento\",\"Hogar\"],\"inLanguage\":\"es\"},{\"@type\":\"WebPage\",\"@id\":\"https:\\\/\\\/www.milar.es\\\/blog\\\/eficiencia-aire-acondiconado-fujitsu\\\/\",\"url\":\"https:\\\/\\\/www.milar.es\\\/blog\\\/eficiencia-aire-acondiconado-fujitsu\\\/\",\"name\":\"5 consejos (y alguno m\u00e1s) para un uso m\u00e1s eficiente de tu aire acondicionado - Milar Tendencias de electrodom\u00e9sticos\",\"isPartOf\":{\"@id\":\"https:\\\/\\\/www.milar.es\\\/blog\\\/#website\"},\"primaryImageOfPage\":{\"@id\":\"https:\\\/\\\/www.milar.es\\\/blog\\\/eficiencia-aire-acondiconado-fujitsu\\\/#primaryimage\"},\"image\":{\"@id\":\"https:\\\/\\\/www.milar.es\\\/blog\\\/eficiencia-aire-acondiconado-fujitsu\\\/#primaryimage\"},\"thumbnailUrl\":\"https:\\\/\\\/www.milar.es\\\/blog\\\/wp-content\\\/uploads\\\/2022\\\/06\\\/aire-acondicionado-fujitsu.jpg\",\"datePublished\":\"2022-06-22T13:37:23+00:00\",\"dateModified\":\"2025-03-12T08:22:06+00:00\",\"author\":{\"@id\":\"https:\\\/\\\/www.milar.es\\\/blog\\\/#\\\/schema\\\/person\\\/a63c4965e2d32a22be88aabb90c4f11f\"},\"breadcrumb\":{\"@id\":\"https:\\\/\\\/www.milar.es\\\/blog\\\/eficiencia-aire-acondiconado-fujitsu\\\/#breadcrumb\"},\"inLanguage\":\"es\",\"potentialAction\":[{\"@type\":\"ReadAction\",\"target\":[\"https:\\\/\\\/www.milar.es\\\/blog\\\/eficiencia-aire-acondiconado-fujitsu\\\/\"]}]},{\"@type\":\"ImageObject\",\"inLanguage\":\"es\",\"@id\":\"https:\\\/\\\/www.milar.es\\\/blog\\\/eficiencia-aire-acondiconado-fujitsu\\\/#primaryimage\",\"url\":\"https:\\\/\\\/www.milar.es\\\/blog\\\/wp-content\\\/uploads\\\/2022\\\/06\\\/aire-acondicionado-fujitsu.jpg\",\"contentUrl\":\"https:\\\/\\\/www.milar.es\\\/blog\\\/wp-content\\\/uploads\\\/2022\\\/06\\\/aire-acondicionado-fujitsu.jpg\",\"width\":700,\"height\":500,\"caption\":\"aire acondicionado fujitsu\"},{\"@type\":\"BreadcrumbList\",\"@id\":\"https:\\\/\\\/www.milar.es\\\/blog\\\/eficiencia-aire-acondiconado-fujitsu\\\/#breadcrumb\",\"itemListElement\":[{\"@type\":\"ListItem\",\"position\":1,\"name\":\"Home\",\"item\":\"https:\\\/\\\/www.milar.es\\\/blog\\\/\"},{\"@type\":\"ListItem\",\"position\":2,\"name\":\"5 consejos (y alguno m\u00e1s) para un uso m\u00e1s eficiente de tu aire acondicionado\"}]},{\"@type\":\"WebSite\",\"@id\":\"https:\\\/\\\/www.milar.es\\\/blog\\\/#website\",\"url\":\"https:\\\/\\\/www.milar.es\\\/blog\\\/\",\"name\":\"Milar Tendencias de electrodom\u00e9sticos\",\"description\":\"\",\"potentialAction\":[{\"@type\":\"SearchAction\",\"target\":{\"@type\":\"EntryPoint\",\"urlTemplate\":\"https:\\\/\\\/www.milar.es\\\/blog\\\/?s={search_term_string}\"},\"query-input\":{\"@type\":\"PropertyValueSpecification\",\"valueRequired\":true,\"valueName\":\"search_term_string\"}}],\"inLanguage\":\"es\"},{\"@type\":\"Person\",\"@id\":\"https:\\\/\\\/www.milar.es\\\/blog\\\/#\\\/schema\\\/person\\\/a63c4965e2d32a22be88aabb90c4f11f\",\"name\":\"Milar\",\"image\":{\"@type\":\"ImageObject\",\"inLanguage\":\"es\",\"@id\":\"https:\\\/\\\/secure.gravatar.com\\\/avatar\\\/1ff5211459d04644acdbe2d949c2a8626dc0f1e355d4830331235d147f36505a?s=96&d=mm&r=g\",\"url\":\"https:\\\/\\\/secure.gravatar.com\\\/avatar\\\/1ff5211459d04644acdbe2d949c2a8626dc0f1e355d4830331235d147f36505a?s=96&d=mm&r=g\",\"contentUrl\":\"https:\\\/\\\/secure.gravatar.com\\\/avatar\\\/1ff5211459d04644acdbe2d949c2a8626dc0f1e355d4830331235d147f36505a?s=96&d=mm&r=g\",\"caption\":\"Milar\"}}]}<\/script>\n<!-- \/ Yoast SEO plugin. -->","yoast_head_json":{"title":"5 consejos (y alguno m\u00e1s) para un uso m\u00e1s eficiente de tu aire acondicionado - Milar Tendencias de electrodom\u00e9sticos","robots":{"index":"index","follow":"follow","max-snippet":"max-snippet:-1","max-image-preview":"max-image-preview:large","max-video-preview":"max-video-preview:-1"},"canonical":"https:\/\/www.milar.es\/blog\/eficiencia-aire-acondiconado-fujitsu\/","og_locale":"es_ES","og_type":"article","og_title":"5 consejos (y alguno m\u00e1s) para un uso m\u00e1s eficiente de tu aire acondicionado - Milar Tendencias de electrodom\u00e9sticos","og_description":"El verano avanza y es cada vez m\u00e1s caluroso, de manera que contar con equipos de aire acondicionado ser\u00e1 de gran ayuda para poder gozar de confort en casa. A continuaci\u00f3n, te ofrecemos unos consejos para poder disfrutar de tu aire de una forma eficiente: Como ves, peque\u00f1os gestos pueden... Ver art\u00edculo","og_url":"https:\/\/www.milar.es\/blog\/eficiencia-aire-acondiconado-fujitsu\/","og_site_name":"Milar Tendencias de electrodom\u00e9sticos","article_published_time":"2022-06-22T13:37:23+00:00","article_modified_time":"2025-03-12T08:22:06+00:00","og_image":[{"width":700,"height":500,"url":"https:\/\/www.milar.es\/blog\/wp-content\/uploads\/2022\/06\/aire-acondicionado-fujitsu.jpg","type":"image\/jpeg"}],"author":"Milar","twitter_card":"summary_large_image","twitter_misc":{"Escrito por":"Milar","Tiempo de lectura":"4 minutos"},"schema":{"@context":"https:\/\/schema.org","@graph":[{"@type":"Article","@id":"https:\/\/www.milar.es\/blog\/eficiencia-aire-acondiconado-fujitsu\/#article","isPartOf":{"@id":"https:\/\/www.milar.es\/blog\/eficiencia-aire-acondiconado-fujitsu\/"},"author":{"name":"Milar","@id":"https:\/\/www.milar.es\/blog\/#\/schema\/person\/a63c4965e2d32a22be88aabb90c4f11f"},"headline":"5 consejos (y alguno m\u00e1s) para un uso m\u00e1s eficiente de tu aire acondicionado","datePublished":"2022-06-22T13:37:23+00:00","dateModified":"2025-03-12T08:22:06+00:00","mainEntityOfPage":{"@id":"https:\/\/www.milar.es\/blog\/eficiencia-aire-acondiconado-fujitsu\/"},"wordCount":782,"image":{"@id":"https:\/\/www.milar.es\/blog\/eficiencia-aire-acondiconado-fujitsu\/#primaryimage"},"thumbnailUrl":"https:\/\/www.milar.es\/blog\/wp-content\/uploads\/2022\/06\/aire-acondicionado-fujitsu.jpg","articleSection":["Calefacci\u00f3n y clima","Entretenimiento","Hogar"],"inLanguage":"es"},{"@type":"WebPage","@id":"https:\/\/www.milar.es\/blog\/eficiencia-aire-acondiconado-fujitsu\/","url":"https:\/\/www.milar.es\/blog\/eficiencia-aire-acondiconado-fujitsu\/","name":"5 consejos (y alguno m\u00e1s) para un uso m\u00e1s eficiente de tu aire acondicionado - Milar Tendencias de electrodom\u00e9sticos","isPartOf":{"@id":"https:\/\/www.milar.es\/blog\/#website"},"primaryImageOfPage":{"@id":"https:\/\/www.milar.es\/blog\/eficiencia-aire-acondiconado-fujitsu\/#primaryimage"},"image":{"@id":"https:\/\/www.milar.es\/blog\/eficiencia-aire-acondiconado-fujitsu\/#primaryimage"},"thumbnailUrl":"https:\/\/www.milar.es\/blog\/wp-content\/uploads\/2022\/06\/aire-acondicionado-fujitsu.jpg","datePublished":"2022-06-22T13:37:23+00:00","dateModified":"2025-03-12T08:22:06+00:00","author":{"@id":"https:\/\/www.milar.es\/blog\/#\/schema\/person\/a63c4965e2d32a22be88aabb90c4f11f"},"breadcrumb":{"@id":"https:\/\/www.milar.es\/blog\/eficiencia-aire-acondiconado-fujitsu\/#breadcrumb"},"inLanguage":"es","potentialAction":[{"@type":"ReadAction","target":["https:\/\/www.milar.es\/blog\/eficiencia-aire-acondiconado-fujitsu\/"]}]},{"@type":"ImageObject","inLanguage":"es","@id":"https:\/\/www.milar.es\/blog\/eficiencia-aire-acondiconado-fujitsu\/#primaryimage","url":"https:\/\/www.milar.es\/blog\/wp-content\/uploads\/2022\/06\/aire-acondicionado-fujitsu.jpg","contentUrl":"https:\/\/www.milar.es\/blog\/wp-content\/uploads\/2022\/06\/aire-acondicionado-fujitsu.jpg","width":700,"height":500,"caption":"aire acondicionado fujitsu"},{"@type":"BreadcrumbList","@id":"https:\/\/www.milar.es\/blog\/eficiencia-aire-acondiconado-fujitsu\/#breadcrumb","itemListElement":[{"@type":"ListItem","position":1,"name":"Home","item":"https:\/\/www.milar.es\/blog\/"},{"@type":"ListItem","position":2,"name":"5 consejos (y alguno m\u00e1s) para un uso m\u00e1s eficiente de tu aire acondicionado"}]},{"@type":"WebSite","@id":"https:\/\/www.milar.es\/blog\/#website","url":"https:\/\/www.milar.es\/blog\/","name":"Milar Tendencias de electrodom\u00e9sticos","description":"","potentialAction":[{"@type":"SearchAction","target":{"@type":"EntryPoint","urlTemplate":"https:\/\/www.milar.es\/blog\/?s={search_term_string}"},"query-input":{"@type":"PropertyValueSpecification","valueRequired":true,"valueName":"search_term_string"}}],"inLanguage":"es"},{"@type":"Person","@id":"https:\/\/www.milar.es\/blog\/#\/schema\/person\/a63c4965e2d32a22be88aabb90c4f11f","name":"Milar","image":{"@type":"ImageObject","inLanguage":"es","@id":"https:\/\/secure.gravatar.com\/avatar\/1ff5211459d04644acdbe2d949c2a8626dc0f1e355d4830331235d147f36505a?s=96&d=mm&r=g","url":"https:\/\/secure.gravatar.com\/avatar\/1ff5211459d04644acdbe2d949c2a8626dc0f1e355d4830331235d147f36505a?s=96&d=mm&r=g","contentUrl":"https:\/\/secure.gravatar.com\/avatar\/1ff5211459d04644acdbe2d949c2a8626dc0f1e355d4830331235d147f36505a?s=96&d=mm&r=g","caption":"Milar"}}]}},"_links":{"self":[{"href":"https:\/\/www.milar.es\/blog\/wp-json\/wp\/v2\/posts\/12079","targetHints":{"allow":["GET"]}}],"collection":[{"href":"https:\/\/www.milar.es\/blog\/wp-json\/wp\/v2\/posts"}],"about":[{"href":"https:\/\/www.milar.es\/blog\/wp-json\/wp\/v2\/types\/post"}],"author":[{"embeddable":true,"href":"https:\/\/www.milar.es\/blog\/wp-json\/wp\/v2\/users\/1"}],"replies":[{"embeddable":true,"href":"https:\/\/www.milar.es\/blog\/wp-json\/wp\/v2\/comments?post=12079"}],"version-history":[{"count":9,"href":"https:\/\/www.milar.es\/blog\/wp-json\/wp\/v2\/posts\/12079\/revisions"}],"predecessor-version":[{"id":14606,"href":"https:\/\/www.milar.es\/blog\/wp-json\/wp\/v2\/posts\/12079\/revisions\/14606"}],"wp:featuredmedia":[{"embeddable":true,"href":"https:\/\/www.milar.es\/blog\/wp-json\/wp\/v2\/media\/12080"}],"wp:attachment":[{"href":"https:\/\/www.milar.es\/blog\/wp-json\/wp\/v2\/media?parent=12079"}],"wp:term":[{"taxonomy":"category","embeddable":true,"href":"https:\/\/www.milar.es\/blog\/wp-json\/wp\/v2\/categories?post=12079"},{"taxonomy":"post_tag","embeddable":true,"href":"https:\/\/www.milar.es\/blog\/wp-json\/wp\/v2\/tags?post=12079"}],"curies":[{"name":"wp","href":"https:\/\/api.w.org\/{rel}","templated":true}]}}