{"id":11452,"date":"2022-01-12T11:09:00","date_gmt":"2022-01-12T11:09:00","guid":{"rendered":"https:\/\/www.milar.es\/blog\/?p=11452"},"modified":"2025-08-04T12:43:21","modified_gmt":"2025-08-04T12:43:21","slug":"descubre-la-secadora-mas-eficiente-de-mercado","status":"publish","type":"post","link":"https:\/\/www.milar.es\/blog\/descubre-la-secadora-mas-eficiente-de-mercado\/","title":{"rendered":"Descubre la secadora m\u00e1s eficiente de mercado, la LG RC80V9AV2W de 8kg"},"content":{"rendered":"\n<p>\u00bfEst\u00e1s pensando en renovar la<strong> <a href=\"https:\/\/www.milar.es\/secadoras-cocina.html\">secadora<\/a> <\/strong>de tu hogar y no sabes qu\u00e9 modelo se ajusta a lo que buscas? Desde <strong><a href=\"https:\/\/www.milar.es\/\">Milar<\/a><\/strong> te presentamos la <strong>secadora m\u00e1s eficiente que es el modelo de <a href=\"https:\/\/www.milar.es\/lg.html\">LG<\/a> RC80V9AV2W de 8kg<\/strong> que te permitir\u00e1 obtener los mejores resultados en todas tus prendas. Con esta <strong>secadora LG<\/strong> podr\u00e1s <strong>ahorrar energ\u00eda y tiempo<\/strong> en cada ciclo de secado de la ropa gracias a que incorpora novedosas tecnolog\u00edas. A continuaci\u00f3n, te contamos todo lo que necesitas saber sobre este modelo de <strong>secadora m\u00e1s eficiente<\/strong>. <\/p>\n\n\n<div class=\"wp-block-image\">\n<figure class=\"aligncenter size-large\"><img loading=\"lazy\" decoding=\"async\" width=\"700\" height=\"466\" src=\"https:\/\/www.milar.es\/blog\/wp-content\/uploads\/2022\/01\/Vivace_Banner_Global_Social_Health_Product_A_revised_Alt-1-700x466.png\" alt=\"1200 x800\" class=\"wp-image-11540\" srcset=\"https:\/\/www.milar.es\/blog\/wp-content\/uploads\/2022\/01\/Vivace_Banner_Global_Social_Health_Product_A_revised_Alt-1-700x466.png 700w, https:\/\/www.milar.es\/blog\/wp-content\/uploads\/2022\/01\/Vivace_Banner_Global_Social_Health_Product_A_revised_Alt-1-250x166.png 250w, https:\/\/www.milar.es\/blog\/wp-content\/uploads\/2022\/01\/Vivace_Banner_Global_Social_Health_Product_A_revised_Alt-1-768x511.png 768w, https:\/\/www.milar.es\/blog\/wp-content\/uploads\/2022\/01\/Vivace_Banner_Global_Social_Health_Product_A_revised_Alt-1-120x80.png 120w, https:\/\/www.milar.es\/blog\/wp-content\/uploads\/2022\/01\/Vivace_Banner_Global_Social_Health_Product_A_revised_Alt-1.png 1200w\" sizes=\"auto, (max-width: 700px) 100vw, 700px\" \/><\/figure>\n<\/div>\n\n\n<h2 class=\"wp-block-heading has-text-align-center\">La secadora m\u00e1s eficiente del mercado<\/h2>\n\n\n\n<p>La <strong>secadora LG RC80V9AV2W de 8kg<\/strong> es la <strong>m\u00e1s eficientes del mercado <\/strong>ya que cuenta con diferentes tecnolog\u00edas que garantizan que el consumo sea menor. De esta manera, la <strong>secadora LG<\/strong> tiene una <strong>calificaci\u00f3n energ\u00e9tica un 10% m\u00e1s eficiente que A+++ (la m\u00e1xima clasificaci\u00f3n posible en la categor\u00eda).<\/strong><\/p>\n\n\n\n<p>Esto se debe a que <strong>LG<\/strong> ha desarrollado las mejores innovaciones para que sus productos cuenten con una <strong>durabilidad m\u00e1xima<\/strong>. Por eso, las <strong>secadoras LG <\/strong>cuentan con una <strong>garant\u00eda de 10 a\u00f1os<\/strong> tanto en el motor como en el <strong>sistema de secado de bomba de calor Dual Inverter<\/strong>. Este modelo de <strong>secadora LG RC80V9AV2W de 8kg<\/strong>, cuenta con este exclusivo sistema de secado que gracias a sus dos cilindros, garantiza una mayor estabilidad <strong>eliminado las vibraciones excesivas<\/strong> y con ello el nivel de ruido es menor. Adem\u00e1s, como se produce un <strong>secado m\u00e1s r\u00e1pido<\/strong> de todas tus prendas el <strong>consumo de energ\u00eda es menor<\/strong>. Esto es gracias a la <strong>tecnolog\u00eda EcoHybrid<\/strong> que incorpora que adem\u00e1s de que seca tus prendas un 24% m\u00e1s r\u00e1pido, tambi\u00e9n podr\u00e1s ahorrar hasta un 21% de electricidad gracias a su <strong>modo ECO<\/strong>.<\/p>\n\n\n<div class=\"wp-block-image\">\n<figure class=\"aligncenter size-large\"><img loading=\"lazy\" decoding=\"async\" width=\"700\" height=\"602\" src=\"https:\/\/www.milar.es\/blog\/wp-content\/uploads\/2022\/01\/Global_NewClassic_2018_HeroBanner_1600x800_B_D-700x602.png\" alt=\"secadora m\u00e1s eficiente\" class=\"wp-image-11465\" srcset=\"https:\/\/www.milar.es\/blog\/wp-content\/uploads\/2022\/01\/Global_NewClassic_2018_HeroBanner_1600x800_B_D-700x602.png 700w, https:\/\/www.milar.es\/blog\/wp-content\/uploads\/2022\/01\/Global_NewClassic_2018_HeroBanner_1600x800_B_D-250x215.png 250w, https:\/\/www.milar.es\/blog\/wp-content\/uploads\/2022\/01\/Global_NewClassic_2018_HeroBanner_1600x800_B_D-768x661.png 768w, https:\/\/www.milar.es\/blog\/wp-content\/uploads\/2022\/01\/Global_NewClassic_2018_HeroBanner_1600x800_B_D-120x103.png 120w, https:\/\/www.milar.es\/blog\/wp-content\/uploads\/2022\/01\/Global_NewClassic_2018_HeroBanner_1600x800_B_D.png 930w\" sizes=\"auto, (max-width: 700px) 100vw, 700px\" \/><\/figure>\n<\/div>\n\n\n<h2 class=\"wp-block-heading has-text-align-center\">Secado delicado de todas tus prendas<\/h2>\n\n\n\n<p>Este <a href=\"https:\/\/www.milar.es\/blog\/tipos-de-secadoras-diferencias-y-ventajas-de-cada-tipo-de-secadora-de-ropa\/\" target=\"_blank\" rel=\"noreferrer noopener\"><strong>tipo de <\/strong> <strong>secadoras <\/strong><\/a><strong>m\u00e1s eficientes del mercado <\/strong>garantizan un cuidado excepcional de todas tus prendas mientras realiza el ciclo de secado. Por eso, esta <strong>secadora LG <\/strong>seca todas tus prendas a <strong>baja temperatura<\/strong> para proteger los tejidos de todas tus prendas. De esta manera, mediante el secado a baja temepratura, <strong>evitar\u00e1s que la ropa se encoja o desgaste<\/strong> para que la puedas usar durante mucho m\u00e1s tiempo.<\/p>\n\n\n\n<p>Adem\u00e1s, se <strong>eliminan hasta el 99.9% de los al\u00e9rgenos de las prendas<\/strong> para que la higiene sea superior. Esta secadora es ideal para personas con<strong> dermatitis o alergias<\/strong>. <\/p>\n\n\n\n<p>Con esta <strong>secadora m\u00e1s eficiente<\/strong> podr\u00e1s olvidarte de limpiar el condensador ya que incorpora un sistema de autolimpieza para garantizar el correcto funcionamiento de tu secadora. Esta funci\u00f3n con <strong>sistema de autolimpieza del condensador <\/strong>mediante un spray de agua a presi\u00f3n,<strong> elimina los restos de part\u00edculas<\/strong> para asegurar un buen rendimiento de tu <strong>secadora LG<\/strong>.<\/p>\n\n\n\n<p>Adem\u00e1s, estas <strong>secadoras LG<\/strong> cuentan con las \u00faltimas tecnolog\u00edas para garantizar un control total gracias a la <strong>app ThinQ<\/strong>. De esta manera, vas a controlar en todo momento el estado de tu secadora y el programa de secado que est\u00e1s utilizando est\u00e9s donde est\u00e9s. <\/p>\n\n\n\n<p>Esperamos que este blog os haya servido para conocer todas las caracter\u00edsticas que incorpora la <strong>secadora m\u00e1s eficiente<\/strong> del mercado. Con esta <strong>secadora<\/strong> <strong>LG RC80V9AV2W de 8kg<\/strong> ahorrar\u00e1s en cada lavado al mismo tiempo que obtienes los mejores resultados en tus prendas. Con nosotros tambi\u00e9n puedes descubrir <a href=\"https:\/\/www.milar.es\/blog\/cuanto-consume-una-secadora-ropa-electrica-al-mes-segun-etiquetado-energetico\/\">cu\u00e1nto consume una secadora de ropa el\u00e9ctrica al mes<\/a> y otras dudas de este electrodom\u00e9stico en nuestro blog. Si quieres comprar alg\u00fan modelo de <strong>secadora LG <\/strong>puedes consultar todos los modelos que tenemos disponibles en <strong>nuestras tiendas de Milar<\/strong>.<\/p>\n\n\n\n<p>Os dejamos los siguientes art\u00edculos que os pueden resultar interesantes.<\/p>\n\n\n\n<p><strong><a href=\"https:\/\/www.milar.es\/blog\/lavadoras-lg-con-motor-ai-direct-drive\/\">Lavadoras LG con motor AI Direct Drive<\/a><\/strong><\/p>\n\n\n\n<p><strong><a href=\"https:\/\/www.milar.es\/blog\/lg-quadwash-limpia-y-cuida-tu-vajilla\/\">LG QuadWash, limpia y cuida tu vajilla<\/a><\/strong><\/p>\n\n\n\n<p><a href=\"https:\/\/www.milar.es\/blog\/horno-microondas-4-en-1-de-lg-como-funciona\/\"><strong>Horno microondas 4 en 1 de LG \u00bfc\u00f3mo funciona?<\/strong><\/a><\/p>\n\n\n\n<p><\/p>\n\n\n\n<p><\/p>\n\n\n\n<p><\/p>\n","protected":false},"excerpt":{"rendered":"\u00bfEst\u00e1s pensando en renovar la secadora de tu hogar y no sabes qu\u00e9 modelo se ajusta a lo que buscas? Desde Milar te presentamos la secadora m\u00e1s eficiente que es el modelo de LG RC80V9AV2W de 8kg que te permitir\u00e1 obtener los mejores resultados en todas tus prendas. Con esta&#8230; <a class=\"view-article\" href=\"https:\/\/www.milar.es\/blog\/descubre-la-secadora-mas-eficiente-de-mercado\/\">Ver art\u00edculo<\/a>","protected":false},"author":1,"featured_media":11540,"comment_status":"closed","ping_status":"closed","sticky":false,"template":"","format":"standard","meta":{"footnotes":""},"categories":[2,28],"tags":[],"class_list":["post-11452","post","type-post","status-publish","format-standard","has-post-thumbnail","hentry","category-electrodomesticos","category-lo-ultimo"],"yoast_head":"<!-- This site is optimized with the Yoast SEO plugin v27.5 - https:\/\/yoast.com\/product\/yoast-seo-wordpress\/ -->\n<title>Descubre la secadora m\u00e1s eficiente de mercado, la LG RC80V9AV2W de 8kg - Milar Tendencias de electrodom\u00e9sticos<\/title>\n<meta name=\"description\" content=\"\u00bfQuieres descubrir la secadora m\u00e1s eficiente del mercado? Desde Milar te contamos todas las caracter\u00edsticas de la nueva secadora LG de 8 kg.\" \/>\n<meta name=\"robots\" content=\"index, follow, max-snippet:-1, max-image-preview:large, max-video-preview:-1\" \/>\n<link rel=\"canonical\" href=\"https:\/\/www.milar.es\/blog\/descubre-la-secadora-mas-eficiente-de-mercado\/\" \/>\n<meta property=\"og:locale\" content=\"es_ES\" \/>\n<meta property=\"og:type\" content=\"article\" \/>\n<meta property=\"og:title\" content=\"Descubre la secadora m\u00e1s eficiente de mercado, la LG RC80V9AV2W de 8kg - Milar Tendencias de electrodom\u00e9sticos\" \/>\n<meta property=\"og:description\" content=\"\u00bfQuieres descubrir la secadora m\u00e1s eficiente del mercado? Desde Milar te contamos todas las caracter\u00edsticas de la nueva secadora LG de 8 kg.\" \/>\n<meta property=\"og:url\" content=\"https:\/\/www.milar.es\/blog\/descubre-la-secadora-mas-eficiente-de-mercado\/\" \/>\n<meta property=\"og:site_name\" content=\"Milar Tendencias de electrodom\u00e9sticos\" \/>\n<meta property=\"article:published_time\" content=\"2022-01-12T11:09:00+00:00\" \/>\n<meta property=\"article:modified_time\" content=\"2025-08-04T12:43:21+00:00\" \/>\n<meta property=\"og:image\" content=\"https:\/\/www.milar.es\/blog\/wp-content\/uploads\/2022\/01\/Vivace_Banner_Global_Social_Health_Product_A_revised_Alt-1.png\" \/>\n\t<meta property=\"og:image:width\" content=\"1200\" \/>\n\t<meta property=\"og:image:height\" content=\"799\" \/>\n\t<meta property=\"og:image:type\" content=\"image\/png\" \/>\n<meta name=\"author\" content=\"Milar\" \/>\n<meta name=\"twitter:card\" content=\"summary_large_image\" \/>\n<meta name=\"twitter:label1\" content=\"Escrito por\" \/>\n\t<meta name=\"twitter:data1\" content=\"Milar\" \/>\n\t<meta name=\"twitter:label2\" content=\"Tiempo de lectura\" \/>\n\t<meta name=\"twitter:data2\" content=\"4 minutos\" \/>\n<script type=\"application\/ld+json\" class=\"yoast-schema-graph\">{\"@context\":\"https:\\\/\\\/schema.org\",\"@graph\":[{\"@type\":\"Article\",\"@id\":\"https:\\\/\\\/www.milar.es\\\/blog\\\/descubre-la-secadora-mas-eficiente-de-mercado\\\/#article\",\"isPartOf\":{\"@id\":\"https:\\\/\\\/www.milar.es\\\/blog\\\/descubre-la-secadora-mas-eficiente-de-mercado\\\/\"},\"author\":{\"name\":\"Milar\",\"@id\":\"https:\\\/\\\/www.milar.es\\\/blog\\\/#\\\/schema\\\/person\\\/a63c4965e2d32a22be88aabb90c4f11f\"},\"headline\":\"Descubre la secadora m\u00e1s eficiente de mercado, la LG RC80V9AV2W de 8kg\",\"datePublished\":\"2022-01-12T11:09:00+00:00\",\"dateModified\":\"2025-08-04T12:43:21+00:00\",\"mainEntityOfPage\":{\"@id\":\"https:\\\/\\\/www.milar.es\\\/blog\\\/descubre-la-secadora-mas-eficiente-de-mercado\\\/\"},\"wordCount\":673,\"image\":{\"@id\":\"https:\\\/\\\/www.milar.es\\\/blog\\\/descubre-la-secadora-mas-eficiente-de-mercado\\\/#primaryimage\"},\"thumbnailUrl\":\"https:\\\/\\\/www.milar.es\\\/blog\\\/wp-content\\\/uploads\\\/2022\\\/01\\\/Vivace_Banner_Global_Social_Health_Product_A_revised_Alt-1.png\",\"articleSection\":[\"Electrodom\u00e9sticos\",\"Lo \u00faltimo\"],\"inLanguage\":\"es\"},{\"@type\":\"WebPage\",\"@id\":\"https:\\\/\\\/www.milar.es\\\/blog\\\/descubre-la-secadora-mas-eficiente-de-mercado\\\/\",\"url\":\"https:\\\/\\\/www.milar.es\\\/blog\\\/descubre-la-secadora-mas-eficiente-de-mercado\\\/\",\"name\":\"Descubre la secadora m\u00e1s eficiente de mercado, la LG RC80V9AV2W de 8kg - Milar Tendencias de electrodom\u00e9sticos\",\"isPartOf\":{\"@id\":\"https:\\\/\\\/www.milar.es\\\/blog\\\/#website\"},\"primaryImageOfPage\":{\"@id\":\"https:\\\/\\\/www.milar.es\\\/blog\\\/descubre-la-secadora-mas-eficiente-de-mercado\\\/#primaryimage\"},\"image\":{\"@id\":\"https:\\\/\\\/www.milar.es\\\/blog\\\/descubre-la-secadora-mas-eficiente-de-mercado\\\/#primaryimage\"},\"thumbnailUrl\":\"https:\\\/\\\/www.milar.es\\\/blog\\\/wp-content\\\/uploads\\\/2022\\\/01\\\/Vivace_Banner_Global_Social_Health_Product_A_revised_Alt-1.png\",\"datePublished\":\"2022-01-12T11:09:00+00:00\",\"dateModified\":\"2025-08-04T12:43:21+00:00\",\"author\":{\"@id\":\"https:\\\/\\\/www.milar.es\\\/blog\\\/#\\\/schema\\\/person\\\/a63c4965e2d32a22be88aabb90c4f11f\"},\"description\":\"\u00bfQuieres descubrir la secadora m\u00e1s eficiente del mercado? Desde Milar te contamos todas las caracter\u00edsticas de la nueva secadora LG de 8 kg.\",\"breadcrumb\":{\"@id\":\"https:\\\/\\\/www.milar.es\\\/blog\\\/descubre-la-secadora-mas-eficiente-de-mercado\\\/#breadcrumb\"},\"inLanguage\":\"es\",\"potentialAction\":[{\"@type\":\"ReadAction\",\"target\":[\"https:\\\/\\\/www.milar.es\\\/blog\\\/descubre-la-secadora-mas-eficiente-de-mercado\\\/\"]}]},{\"@type\":\"ImageObject\",\"inLanguage\":\"es\",\"@id\":\"https:\\\/\\\/www.milar.es\\\/blog\\\/descubre-la-secadora-mas-eficiente-de-mercado\\\/#primaryimage\",\"url\":\"https:\\\/\\\/www.milar.es\\\/blog\\\/wp-content\\\/uploads\\\/2022\\\/01\\\/Vivace_Banner_Global_Social_Health_Product_A_revised_Alt-1.png\",\"contentUrl\":\"https:\\\/\\\/www.milar.es\\\/blog\\\/wp-content\\\/uploads\\\/2022\\\/01\\\/Vivace_Banner_Global_Social_Health_Product_A_revised_Alt-1.png\",\"width\":1200,\"height\":799,\"caption\":\"1200 x800\"},{\"@type\":\"BreadcrumbList\",\"@id\":\"https:\\\/\\\/www.milar.es\\\/blog\\\/descubre-la-secadora-mas-eficiente-de-mercado\\\/#breadcrumb\",\"itemListElement\":[{\"@type\":\"ListItem\",\"position\":1,\"name\":\"Home\",\"item\":\"https:\\\/\\\/www.milar.es\\\/blog\\\/\"},{\"@type\":\"ListItem\",\"position\":2,\"name\":\"Descubre la secadora m\u00e1s eficiente de mercado, la LG RC80V9AV2W de 8kg\"}]},{\"@type\":\"WebSite\",\"@id\":\"https:\\\/\\\/www.milar.es\\\/blog\\\/#website\",\"url\":\"https:\\\/\\\/www.milar.es\\\/blog\\\/\",\"name\":\"Milar Tendencias de electrodom\u00e9sticos\",\"description\":\"\",\"potentialAction\":[{\"@type\":\"SearchAction\",\"target\":{\"@type\":\"EntryPoint\",\"urlTemplate\":\"https:\\\/\\\/www.milar.es\\\/blog\\\/?s={search_term_string}\"},\"query-input\":{\"@type\":\"PropertyValueSpecification\",\"valueRequired\":true,\"valueName\":\"search_term_string\"}}],\"inLanguage\":\"es\"},{\"@type\":\"Person\",\"@id\":\"https:\\\/\\\/www.milar.es\\\/blog\\\/#\\\/schema\\\/person\\\/a63c4965e2d32a22be88aabb90c4f11f\",\"name\":\"Milar\",\"image\":{\"@type\":\"ImageObject\",\"inLanguage\":\"es\",\"@id\":\"https:\\\/\\\/secure.gravatar.com\\\/avatar\\\/1ff5211459d04644acdbe2d949c2a8626dc0f1e355d4830331235d147f36505a?s=96&d=mm&r=g\",\"url\":\"https:\\\/\\\/secure.gravatar.com\\\/avatar\\\/1ff5211459d04644acdbe2d949c2a8626dc0f1e355d4830331235d147f36505a?s=96&d=mm&r=g\",\"contentUrl\":\"https:\\\/\\\/secure.gravatar.com\\\/avatar\\\/1ff5211459d04644acdbe2d949c2a8626dc0f1e355d4830331235d147f36505a?s=96&d=mm&r=g\",\"caption\":\"Milar\"}}]}<\/script>\n<!-- \/ Yoast SEO plugin. -->","yoast_head_json":{"title":"Descubre la secadora m\u00e1s eficiente de mercado, la LG RC80V9AV2W de 8kg - Milar Tendencias de electrodom\u00e9sticos","description":"\u00bfQuieres descubrir la secadora m\u00e1s eficiente del mercado? Desde Milar te contamos todas las caracter\u00edsticas de la nueva secadora LG de 8 kg.","robots":{"index":"index","follow":"follow","max-snippet":"max-snippet:-1","max-image-preview":"max-image-preview:large","max-video-preview":"max-video-preview:-1"},"canonical":"https:\/\/www.milar.es\/blog\/descubre-la-secadora-mas-eficiente-de-mercado\/","og_locale":"es_ES","og_type":"article","og_title":"Descubre la secadora m\u00e1s eficiente de mercado, la LG RC80V9AV2W de 8kg - Milar Tendencias de electrodom\u00e9sticos","og_description":"\u00bfQuieres descubrir la secadora m\u00e1s eficiente del mercado? Desde Milar te contamos todas las caracter\u00edsticas de la nueva secadora LG de 8 kg.","og_url":"https:\/\/www.milar.es\/blog\/descubre-la-secadora-mas-eficiente-de-mercado\/","og_site_name":"Milar Tendencias de electrodom\u00e9sticos","article_published_time":"2022-01-12T11:09:00+00:00","article_modified_time":"2025-08-04T12:43:21+00:00","og_image":[{"width":1200,"height":799,"url":"https:\/\/www.milar.es\/blog\/wp-content\/uploads\/2022\/01\/Vivace_Banner_Global_Social_Health_Product_A_revised_Alt-1.png","type":"image\/png"}],"author":"Milar","twitter_card":"summary_large_image","twitter_misc":{"Escrito por":"Milar","Tiempo de lectura":"4 minutos"},"schema":{"@context":"https:\/\/schema.org","@graph":[{"@type":"Article","@id":"https:\/\/www.milar.es\/blog\/descubre-la-secadora-mas-eficiente-de-mercado\/#article","isPartOf":{"@id":"https:\/\/www.milar.es\/blog\/descubre-la-secadora-mas-eficiente-de-mercado\/"},"author":{"name":"Milar","@id":"https:\/\/www.milar.es\/blog\/#\/schema\/person\/a63c4965e2d32a22be88aabb90c4f11f"},"headline":"Descubre la secadora m\u00e1s eficiente de mercado, la LG RC80V9AV2W de 8kg","datePublished":"2022-01-12T11:09:00+00:00","dateModified":"2025-08-04T12:43:21+00:00","mainEntityOfPage":{"@id":"https:\/\/www.milar.es\/blog\/descubre-la-secadora-mas-eficiente-de-mercado\/"},"wordCount":673,"image":{"@id":"https:\/\/www.milar.es\/blog\/descubre-la-secadora-mas-eficiente-de-mercado\/#primaryimage"},"thumbnailUrl":"https:\/\/www.milar.es\/blog\/wp-content\/uploads\/2022\/01\/Vivace_Banner_Global_Social_Health_Product_A_revised_Alt-1.png","articleSection":["Electrodom\u00e9sticos","Lo \u00faltimo"],"inLanguage":"es"},{"@type":"WebPage","@id":"https:\/\/www.milar.es\/blog\/descubre-la-secadora-mas-eficiente-de-mercado\/","url":"https:\/\/www.milar.es\/blog\/descubre-la-secadora-mas-eficiente-de-mercado\/","name":"Descubre la secadora m\u00e1s eficiente de mercado, la LG RC80V9AV2W de 8kg - Milar Tendencias de electrodom\u00e9sticos","isPartOf":{"@id":"https:\/\/www.milar.es\/blog\/#website"},"primaryImageOfPage":{"@id":"https:\/\/www.milar.es\/blog\/descubre-la-secadora-mas-eficiente-de-mercado\/#primaryimage"},"image":{"@id":"https:\/\/www.milar.es\/blog\/descubre-la-secadora-mas-eficiente-de-mercado\/#primaryimage"},"thumbnailUrl":"https:\/\/www.milar.es\/blog\/wp-content\/uploads\/2022\/01\/Vivace_Banner_Global_Social_Health_Product_A_revised_Alt-1.png","datePublished":"2022-01-12T11:09:00+00:00","dateModified":"2025-08-04T12:43:21+00:00","author":{"@id":"https:\/\/www.milar.es\/blog\/#\/schema\/person\/a63c4965e2d32a22be88aabb90c4f11f"},"description":"\u00bfQuieres descubrir la secadora m\u00e1s eficiente del mercado? Desde Milar te contamos todas las caracter\u00edsticas de la nueva secadora LG de 8 kg.","breadcrumb":{"@id":"https:\/\/www.milar.es\/blog\/descubre-la-secadora-mas-eficiente-de-mercado\/#breadcrumb"},"inLanguage":"es","potentialAction":[{"@type":"ReadAction","target":["https:\/\/www.milar.es\/blog\/descubre-la-secadora-mas-eficiente-de-mercado\/"]}]},{"@type":"ImageObject","inLanguage":"es","@id":"https:\/\/www.milar.es\/blog\/descubre-la-secadora-mas-eficiente-de-mercado\/#primaryimage","url":"https:\/\/www.milar.es\/blog\/wp-content\/uploads\/2022\/01\/Vivace_Banner_Global_Social_Health_Product_A_revised_Alt-1.png","contentUrl":"https:\/\/www.milar.es\/blog\/wp-content\/uploads\/2022\/01\/Vivace_Banner_Global_Social_Health_Product_A_revised_Alt-1.png","width":1200,"height":799,"caption":"1200 x800"},{"@type":"BreadcrumbList","@id":"https:\/\/www.milar.es\/blog\/descubre-la-secadora-mas-eficiente-de-mercado\/#breadcrumb","itemListElement":[{"@type":"ListItem","position":1,"name":"Home","item":"https:\/\/www.milar.es\/blog\/"},{"@type":"ListItem","position":2,"name":"Descubre la secadora m\u00e1s eficiente de mercado, la LG RC80V9AV2W de 8kg"}]},{"@type":"WebSite","@id":"https:\/\/www.milar.es\/blog\/#website","url":"https:\/\/www.milar.es\/blog\/","name":"Milar Tendencias de electrodom\u00e9sticos","description":"","potentialAction":[{"@type":"SearchAction","target":{"@type":"EntryPoint","urlTemplate":"https:\/\/www.milar.es\/blog\/?s={search_term_string}"},"query-input":{"@type":"PropertyValueSpecification","valueRequired":true,"valueName":"search_term_string"}}],"inLanguage":"es"},{"@type":"Person","@id":"https:\/\/www.milar.es\/blog\/#\/schema\/person\/a63c4965e2d32a22be88aabb90c4f11f","name":"Milar","image":{"@type":"ImageObject","inLanguage":"es","@id":"https:\/\/secure.gravatar.com\/avatar\/1ff5211459d04644acdbe2d949c2a8626dc0f1e355d4830331235d147f36505a?s=96&d=mm&r=g","url":"https:\/\/secure.gravatar.com\/avatar\/1ff5211459d04644acdbe2d949c2a8626dc0f1e355d4830331235d147f36505a?s=96&d=mm&r=g","contentUrl":"https:\/\/secure.gravatar.com\/avatar\/1ff5211459d04644acdbe2d949c2a8626dc0f1e355d4830331235d147f36505a?s=96&d=mm&r=g","caption":"Milar"}}]}},"_links":{"self":[{"href":"https:\/\/www.milar.es\/blog\/wp-json\/wp\/v2\/posts\/11452","targetHints":{"allow":["GET"]}}],"collection":[{"href":"https:\/\/www.milar.es\/blog\/wp-json\/wp\/v2\/posts"}],"about":[{"href":"https:\/\/www.milar.es\/blog\/wp-json\/wp\/v2\/types\/post"}],"author":[{"embeddable":true,"href":"https:\/\/www.milar.es\/blog\/wp-json\/wp\/v2\/users\/1"}],"replies":[{"embeddable":true,"href":"https:\/\/www.milar.es\/blog\/wp-json\/wp\/v2\/comments?post=11452"}],"version-history":[{"count":9,"href":"https:\/\/www.milar.es\/blog\/wp-json\/wp\/v2\/posts\/11452\/revisions"}],"predecessor-version":[{"id":14954,"href":"https:\/\/www.milar.es\/blog\/wp-json\/wp\/v2\/posts\/11452\/revisions\/14954"}],"wp:featuredmedia":[{"embeddable":true,"href":"https:\/\/www.milar.es\/blog\/wp-json\/wp\/v2\/media\/11540"}],"wp:attachment":[{"href":"https:\/\/www.milar.es\/blog\/wp-json\/wp\/v2\/media?parent=11452"}],"wp:term":[{"taxonomy":"category","embeddable":true,"href":"https:\/\/www.milar.es\/blog\/wp-json\/wp\/v2\/categories?post=11452"},{"taxonomy":"post_tag","embeddable":true,"href":"https:\/\/www.milar.es\/blog\/wp-json\/wp\/v2\/tags?post=11452"}],"curies":[{"name":"wp","href":"https:\/\/api.w.org\/{rel}","templated":true}]}}