{"id":11230,"date":"2021-11-24T16:15:00","date_gmt":"2021-11-24T16:15:00","guid":{"rendered":"https:\/\/www.milar.es\/blog\/?p=11230"},"modified":"2024-07-01T11:23:41","modified_gmt":"2024-07-01T11:23:41","slug":"lavavajillas-programables-como-funcionan","status":"publish","type":"post","link":"https:\/\/www.milar.es\/blog\/lavavajillas-programables-como-funcionan\/","title":{"rendered":"Lavavajillas programables \u00bfC\u00f3mo funcionan?"},"content":{"rendered":"\n<p>\u00bfEst\u00e1s pensando renovar tu <strong><a href=\"https:\/\/www.milar.es\/lavavajillas-cocina.html\">lavavajillas<\/a><\/strong> y no sabes cu\u00e1l escoger? Actualmente, los modelos m\u00e1s recomendados son los<strong> lavavajillas programables,<\/strong> ya que puedes elegir el momento del d\u00eda en que prefieres que se laven todos tus platos. De esta manera, podr\u00e1s <strong>ahorrar dinero y tiempo<\/strong>, obteniendo los mejores resultados. \u00bfQuieres conocer m\u00e1s? Desde <strong><a href=\"https:\/\/www.milar.es\/\">Milar<\/a><\/strong> te contamos c\u00f3mo funcionan estos <strong>lavavajillas programables<\/strong>. \u00a1No te lo pierdas!<\/p>\n\n\n<div class=\"wp-block-image\">\n<figure class=\"aligncenter size-large\"><img loading=\"lazy\" decoding=\"async\" width=\"700\" height=\"467\" src=\"https:\/\/www.milar.es\/blog\/wp-content\/uploads\/2021\/11\/lavavajillas-programable-700x467.jpg\" alt=\"lavavajillas programable\" class=\"wp-image-11231\" srcset=\"https:\/\/www.milar.es\/blog\/wp-content\/uploads\/2021\/11\/lavavajillas-programable-700x467.jpg 700w, https:\/\/www.milar.es\/blog\/wp-content\/uploads\/2021\/11\/lavavajillas-programable-250x167.jpg 250w, https:\/\/www.milar.es\/blog\/wp-content\/uploads\/2021\/11\/lavavajillas-programable-768x512.jpg 768w, https:\/\/www.milar.es\/blog\/wp-content\/uploads\/2021\/11\/lavavajillas-programable-120x80.jpg 120w, https:\/\/www.milar.es\/blog\/wp-content\/uploads\/2021\/11\/lavavajillas-programable.jpg 1200w\" sizes=\"auto, (max-width: 700px) 100vw, 700px\" \/><\/figure>\n<\/div>\n\n\n<h2 class=\"wp-block-heading has-text-align-center\">\u00bfQu\u00e9 son los lavavajillas programables integrables?<\/h2>\n\n\n\n<p>Si buscas que tu lavavajillas tenga un dise\u00f1o discreto y acorde con la est\u00e9tica de tu cocina, un <strong>lavavajillas programable integrable<\/strong> es lo que est\u00e1s buscando.  De esta manera podr\u00e1s tener tu lavavajillas dentro del mueble de la cocina, as\u00ed tu <strong>lavavajillas programable<\/strong> pasar\u00e1 totalmente desapercibido ya que estar\u00e1 integrado con el resto del mobiliario de la cocina. As\u00ed, podr\u00e1s tener el mismo dise\u00f1o en tu cocina si que se observen ninguno de tus electrodom\u00e9sticos. <\/p>\n\n\n\n<p>Estos<strong> lavavajillas programables<\/strong> permitir\u00e1 que ahorres en tus facturas gracias a la funci\u00f3n<strong> inicio diferido<\/strong>. Por eso es importante que antes de comprar cualquier modelo de lavavajillas, te asegures de que incluya esta funci\u00f3n. Pero, \u00bfsabes exactamente como funciona? Con la funci\u00f3n de tu <strong>lavavajillas programable<\/strong>, podr\u00e1s indicar la hora de finalizaci\u00f3n del programa o la del comienzo. De esta manera tendr\u00e1s tus platos limpios y secos en el momento que quieras. <\/p>\n\n\n\n<p>Adem\u00e1s, al seleccionar las horas en las que quieres poner tu <strong>lavavajillas  puedes elegir las m\u00e1s baratas<\/strong> para que el consumo sea menor. As\u00ed podr\u00e1s programar tu lavavajillas en las horas en las que la energ\u00eda est\u00e1 m\u00e1s barata gracias a la <strong>funci\u00f3n de inicio diferido<\/strong> que incorpora el propio lavavajillas. Aunque tu lavavajillas sea muy eficiente, si utilizas la opci\u00f3n de programar puedes <strong>reducir a la mitad el gasto de tus facturas<\/strong>. As\u00ed que no te lo pienses m\u00e1s y elije tu <strong>lavavajillas programable integrable<\/strong> favorito.<\/p>\n\n\n\n<h2 class=\"wp-block-heading has-text-align-center\">\u00bfC\u00f3mo funciona el lavavajillas programable?<\/h2>\n\n\n\n<p>El funcionamiento de este programa es muy sencillo, solo debes tener en cuenta la duraci\u00f3n del ciclo que est\u00b4\u00e1s seleccionando para lavar tus platos y ajustarlo a las horas que quieras. Por eso es importante conocer el <strong>lavavajillas programable hora<\/strong> de los programas para que tus platos est\u00e9n limpios y secos cuando lo necesites.<\/p>\n\n\n\n<p>Para ello, deber\u00e1s elegir el programa de lavado que quieras y seleccionar la <strong>funci\u00f3n de inicio diferido<\/strong>. Tras ello, debes indicar el n\u00famero de horas que vas a retardar el comienzo del programa y pulsar el bot\u00f3n de puesta en marcha que incorpora tu <strong>lavavajillas programable<\/strong>. Como ves se trata de un <strong>proceso sencillo y r\u00e1pido<\/strong> que puedes llevar a cabo en tu d\u00eda a d\u00eda.<\/p>\n\n\n\n<h2 class=\"wp-block-heading has-text-align-center\">Modelos de lavavajillas programables para tu hogar<\/h2>\n\n\n\n<p>El <a href=\"https:\/\/www.milar.es\/lavavajillas-integrables-bosch-sgi4hcs48e.html\"><strong>lavavajillas Integrables Bosch SGI4HCS48E<\/strong><\/a> tiene una capacidad para 14 servicios y es totalmente integrable en tu cocina. Adem\u00e1s, este <strong><a href=\"https:\/\/www.milar.es\/lavavajillas-cocina\/de-bosch.html\">lavavajillas Bosch<\/a> programable<\/strong> incluye la <strong>opci\u00f3n de inicio &#8211; diferido<\/strong> con la que podr\u00e1s ahorrar en tus facturas. Este lavavajillas <strong><a href=\"https:\/\/www.milar.es\/bosch.html\">Bosch<\/a><\/strong> te permitir\u00e1 <strong>obtener los mejores resultados<\/strong> gracias a sus diferentes <strong>programas como es el ECO, el Autom\u00e1tico o el Silencioso<\/strong>.<\/p>\n\n\n<div class=\"wp-block-image\">\n<figure class=\"aligncenter size-large\"><a href=\"https:\/\/www.milar.es\/lavavajillas-integrables-bosch-sgi4hcs48e.html\"><img loading=\"lazy\" decoding=\"async\" width=\"700\" height=\"256\" src=\"https:\/\/www.milar.es\/blog\/wp-content\/uploads\/2021\/11\/lavavajillas-integrables-bosch-700x256.jpg\" alt=\"Lavavajillas Integrables Bosch SGI4HCS48E\" class=\"wp-image-11232\" srcset=\"https:\/\/www.milar.es\/blog\/wp-content\/uploads\/2021\/11\/lavavajillas-integrables-bosch-700x256.jpg 700w, https:\/\/www.milar.es\/blog\/wp-content\/uploads\/2021\/11\/lavavajillas-integrables-bosch-250x91.jpg 250w, https:\/\/www.milar.es\/blog\/wp-content\/uploads\/2021\/11\/lavavajillas-integrables-bosch-768x281.jpg 768w, https:\/\/www.milar.es\/blog\/wp-content\/uploads\/2021\/11\/lavavajillas-integrables-bosch-120x44.jpg 120w, https:\/\/www.milar.es\/blog\/wp-content\/uploads\/2021\/11\/lavavajillas-integrables-bosch.jpg 1200w\" sizes=\"auto, (max-width: 700px) 100vw, 700px\" \/><\/a><\/figure>\n<\/div>\n\n\n<p>Este <strong><a href=\"https:\/\/www.milar.es\/lavavajillas-libre-instalacion-bosch-sms2hki00e-d.html\">lavavajillas Libre Instalaci\u00f3n Bosch SMS2HKI00E D<\/a><\/strong> te permitir\u00e1 de <strong>los mejores resultados<\/strong> en tu vajilla gracias a sus <strong>6 programas<\/strong>. Adem\u00e1s, tiene una capacidad para <strong>12 cubiertos<\/strong> y capacidad de lavar si tu lavavajillas  est\u00e1 a la <strong>mitad de su carga<\/strong>. Est\u00e1 disponible en <strong>color acero inoxidable<\/strong> y tiene una <strong>clasificaci\u00f3n energ\u00e9tica D<\/strong>.<\/p>\n\n\n<div class=\"wp-block-image\">\n<figure class=\"aligncenter size-large\"><a href=\"https:\/\/www.milar.es\/lavavajillas-libre-instalacion-bosch-sms2hki00e-d.html\"><img loading=\"lazy\" decoding=\"async\" width=\"700\" height=\"256\" src=\"https:\/\/www.milar.es\/blog\/wp-content\/uploads\/2021\/11\/lavavajillas-libre-instalacion-bosch-700x256.jpg\" alt=\"Lavavajillas Libre Instalaci\u00f3n Bosch SMS2HKI00E D\" class=\"wp-image-11233\" srcset=\"https:\/\/www.milar.es\/blog\/wp-content\/uploads\/2021\/11\/lavavajillas-libre-instalacion-bosch-700x256.jpg 700w, https:\/\/www.milar.es\/blog\/wp-content\/uploads\/2021\/11\/lavavajillas-libre-instalacion-bosch-250x91.jpg 250w, https:\/\/www.milar.es\/blog\/wp-content\/uploads\/2021\/11\/lavavajillas-libre-instalacion-bosch-768x281.jpg 768w, https:\/\/www.milar.es\/blog\/wp-content\/uploads\/2021\/11\/lavavajillas-libre-instalacion-bosch-120x44.jpg 120w, https:\/\/www.milar.es\/blog\/wp-content\/uploads\/2021\/11\/lavavajillas-libre-instalacion-bosch.jpg 1200w\" sizes=\"auto, (max-width: 700px) 100vw, 700px\" \/><\/a><\/figure>\n<\/div>\n\n\n<p>El<strong> lavavajillas programable Balay<\/strong>, <strong><a href=\"https:\/\/www.milar.es\/lavavajillas-libre-instalacion-balay-3vs6660ia-aplusplusplus.html\">lavavajillas Libre Instalaci\u00f3n Balay 3VS6660IA C<\/a><\/strong>, tiene una capacidad para <strong>13 cubiertos<\/strong>. Este <strong><a href=\"https:\/\/www.milar.es\/lavavajillas-cocina\/de-balay.html\">lavavajillas Balay<\/a> <\/strong>cuenta con <strong>4 niveles distintos de temperatura<\/strong> para que tus platos est\u00e9n siempre perfectos y brillantes tras cada lavado. Adem\u00e1s, cuenta con la <strong>opci\u00f3n de inicio- diferido<\/strong> con la que ahorrar\u00e1s poniendo el lavavajillas en las horas m\u00e1s baratas. Tambi\u00e9n se trata de un modelo que te permitir\u00e1 organizar perfectamente los utensilios en su interior gracias a sus soportes abatibles y a tratarse de un <strong><a href=\"https:\/\/www.milar.es\/blog\/lavavajillas-con-3-bandejas-gran-capacidad-de-los-lavavajillas-balay\/\">lavavajillas con 3 bandejas<\/a><\/strong>. Y para controlar perfectamente <strong><a href=\"https:\/\/www.milar.es\/blog\/formas-de-limpiar-el-lavavajillas-guia-definitiva\/\">c\u00f3mo limpiar el lavavajillas<\/a><\/strong>, este modelo incorpora su <strong>programa especial Plus de limpieza de cuba.<\/strong><\/p>\n\n\n<div class=\"wp-block-image\">\n<figure class=\"aligncenter size-large\"><a href=\"https:\/\/www.milar.es\/lavavajillas-libre-instalacion-balay-3vs6660ia-aplusplusplus.html\"><img loading=\"lazy\" decoding=\"async\" width=\"700\" height=\"256\" src=\"https:\/\/www.milar.es\/blog\/wp-content\/uploads\/2021\/11\/lavavajillas-libre-instalacion-balay-700x256.jpg\" alt=\"Lavavajillas Libre Instalaci\u00f3n Balay 3VS6660IA C\" class=\"wp-image-11234\" srcset=\"https:\/\/www.milar.es\/blog\/wp-content\/uploads\/2021\/11\/lavavajillas-libre-instalacion-balay-700x256.jpg 700w, https:\/\/www.milar.es\/blog\/wp-content\/uploads\/2021\/11\/lavavajillas-libre-instalacion-balay-250x91.jpg 250w, https:\/\/www.milar.es\/blog\/wp-content\/uploads\/2021\/11\/lavavajillas-libre-instalacion-balay-768x281.jpg 768w, https:\/\/www.milar.es\/blog\/wp-content\/uploads\/2021\/11\/lavavajillas-libre-instalacion-balay-120x44.jpg 120w, https:\/\/www.milar.es\/blog\/wp-content\/uploads\/2021\/11\/lavavajillas-libre-instalacion-balay.jpg 1200w\" sizes=\"auto, (max-width: 700px) 100vw, 700px\" \/><\/a><\/figure>\n<\/div>\n\n\n<p>Este <strong><a href=\"https:\/\/www.milar.es\/lavavajillas-integrables-balay-3vf5330np-aplusplus.html\">lavavajillas Integrable Balay 3VF5330NP E<\/a><\/strong> permitir\u00e1 que disfrutes de un silencio total ya que es <strong>muy silencioso y solo emite 48 dB de nivel de ruido<\/strong>. Adem\u00e1s, este<strong> lavavajillas <a href=\"https:\/\/www.milar.es\/balay.html\">Balay<\/a><\/strong> cuenta con la <strong>opci\u00f3n de inicio &#8211; diferido<\/strong> y cuenta con una <strong>funci\u00f3n especial <\/strong>para garantizar el m\u00e1ximo <strong>cuidado del cristal<\/strong> de toda tu vajilla. \u00a1No te puedes quedar sin el tuyo!<\/p>\n\n\n<div class=\"wp-block-image\">\n<figure class=\"aligncenter size-large\"><a href=\"https:\/\/www.milar.es\/lavavajillas-integrables-balay-3vf5330np-aplusplus.html\"><img loading=\"lazy\" decoding=\"async\" width=\"700\" height=\"256\" src=\"https:\/\/www.milar.es\/blog\/wp-content\/uploads\/2021\/11\/lavavajillas-integrables-balay-700x256.jpg\" alt=\"Lavavajillas Integrables Balay 3VF5330NP E\" class=\"wp-image-11235\" srcset=\"https:\/\/www.milar.es\/blog\/wp-content\/uploads\/2021\/11\/lavavajillas-integrables-balay-700x256.jpg 700w, https:\/\/www.milar.es\/blog\/wp-content\/uploads\/2021\/11\/lavavajillas-integrables-balay-250x91.jpg 250w, https:\/\/www.milar.es\/blog\/wp-content\/uploads\/2021\/11\/lavavajillas-integrables-balay-768x281.jpg 768w, https:\/\/www.milar.es\/blog\/wp-content\/uploads\/2021\/11\/lavavajillas-integrables-balay-120x44.jpg 120w, https:\/\/www.milar.es\/blog\/wp-content\/uploads\/2021\/11\/lavavajillas-integrables-balay.jpg 1200w\" sizes=\"auto, (max-width: 700px) 100vw, 700px\" \/><\/a><\/figure>\n<\/div>\n\n\n<p>Como puedes ver, elegir un <strong>lavavajillas programable<\/strong> ser\u00e1 un acierto. Esperamos que este post os haya servido para elegir un modelo u otro de lavavajillas. Si tienes alguna duda, puedes visitar nuestras tiendas <strong>Milar<\/strong> y nuestros expertos estar\u00e1n encantados de resolverlas.<\/p>\n\n\n\n<p>Os dejamos los siguientes art\u00edculos que os puedes resultar interesantes.<\/p>\n\n\n\n<p><strong><a href=\"https:\/\/www.milar.es\/blog\/diferencias-entre-un-lavavajillas-integrable-y-un-panelable\/\">Diferencias entre un lavavajillas integrable y un panelable<\/a><\/strong><\/p>\n\n\n\n<p><strong><a href=\"https:\/\/www.milar.es\/blog\/nuevos-lavavajillas-bosch-consigue-los-mejores-modelos\/\">Nuevos lavavajillas Bosch, consigue los mejores modelos<\/a><\/strong><\/p>\n\n\n\n<p><strong><a href=\"https:\/\/www.milar.es\/blog\/como-colocar-las-copas-en-el-lavavajillas-para-su-total-proteccion\/\">\u00bfC\u00f3mo colocar las copas en el lavavajillas para su total protecci\u00f3n?<\/a><\/strong><\/p>\n","protected":false},"excerpt":{"rendered":"\u00bfEst\u00e1s pensando renovar tu lavavajillas y no sabes cu\u00e1l escoger? Actualmente, los modelos m\u00e1s recomendados son los lavavajillas programables, ya que puedes elegir el momento del d\u00eda en que prefieres que se laven todos tus platos. De esta manera, podr\u00e1s ahorrar dinero y tiempo, obteniendo los mejores resultados. \u00bfQuieres conocer&#8230; <a class=\"view-article\" href=\"https:\/\/www.milar.es\/blog\/lavavajillas-programables-como-funcionan\/\">Ver art\u00edculo<\/a>","protected":false},"author":1,"featured_media":11231,"comment_status":"closed","ping_status":"closed","sticky":false,"template":"","format":"standard","meta":{"footnotes":""},"categories":[2,12],"tags":[],"class_list":["post-11230","post","type-post","status-publish","format-standard","has-post-thumbnail","hentry","category-electrodomesticos","category-lavavajillas"],"yoast_head":"<!-- This site is optimized with the Yoast SEO plugin v27.5 - https:\/\/yoast.com\/product\/yoast-seo-wordpress\/ -->\n<title>Lavavajillas programables \u00bfC\u00f3mo funcionan? - Milar Tendencias de electrodom\u00e9sticos<\/title>\n<meta name=\"description\" content=\"\u00bfQuieres ahorrar en tus facturas? En este post de Milar te contamos todo lo que necesitas saber sobre los lavavajillas programables.\" \/>\n<meta name=\"robots\" content=\"index, follow, max-snippet:-1, max-image-preview:large, max-video-preview:-1\" \/>\n<link rel=\"canonical\" href=\"https:\/\/www.milar.es\/blog\/lavavajillas-programables-como-funcionan\/\" \/>\n<meta property=\"og:locale\" content=\"es_ES\" \/>\n<meta property=\"og:type\" content=\"article\" \/>\n<meta property=\"og:title\" content=\"Lavavajillas programables \u00bfC\u00f3mo funcionan? - Milar Tendencias de electrodom\u00e9sticos\" \/>\n<meta property=\"og:description\" content=\"\u00bfQuieres ahorrar en tus facturas? En este post de Milar te contamos todo lo que necesitas saber sobre los lavavajillas programables.\" \/>\n<meta property=\"og:url\" content=\"https:\/\/www.milar.es\/blog\/lavavajillas-programables-como-funcionan\/\" \/>\n<meta property=\"og:site_name\" content=\"Milar Tendencias de electrodom\u00e9sticos\" \/>\n<meta property=\"article:published_time\" content=\"2021-11-24T16:15:00+00:00\" \/>\n<meta property=\"article:modified_time\" content=\"2024-07-01T11:23:41+00:00\" \/>\n<meta property=\"og:image\" content=\"https:\/\/www.milar.es\/blog\/wp-content\/uploads\/2021\/11\/lavavajillas-programable.jpg\" \/>\n\t<meta property=\"og:image:width\" content=\"1200\" \/>\n\t<meta property=\"og:image:height\" content=\"800\" \/>\n\t<meta property=\"og:image:type\" content=\"image\/jpeg\" \/>\n<meta name=\"author\" content=\"Milar\" \/>\n<meta name=\"twitter:card\" content=\"summary_large_image\" \/>\n<meta name=\"twitter:label1\" content=\"Escrito por\" \/>\n\t<meta name=\"twitter:data1\" content=\"Milar\" \/>\n\t<meta name=\"twitter:label2\" content=\"Tiempo de lectura\" \/>\n\t<meta name=\"twitter:data2\" content=\"5 minutos\" \/>\n<script type=\"application\/ld+json\" class=\"yoast-schema-graph\">{\"@context\":\"https:\\\/\\\/schema.org\",\"@graph\":[{\"@type\":\"Article\",\"@id\":\"https:\\\/\\\/www.milar.es\\\/blog\\\/lavavajillas-programables-como-funcionan\\\/#article\",\"isPartOf\":{\"@id\":\"https:\\\/\\\/www.milar.es\\\/blog\\\/lavavajillas-programables-como-funcionan\\\/\"},\"author\":{\"name\":\"Milar\",\"@id\":\"https:\\\/\\\/www.milar.es\\\/blog\\\/#\\\/schema\\\/person\\\/a63c4965e2d32a22be88aabb90c4f11f\"},\"headline\":\"Lavavajillas programables \u00bfC\u00f3mo funcionan?\",\"datePublished\":\"2021-11-24T16:15:00+00:00\",\"dateModified\":\"2024-07-01T11:23:41+00:00\",\"mainEntityOfPage\":{\"@id\":\"https:\\\/\\\/www.milar.es\\\/blog\\\/lavavajillas-programables-como-funcionan\\\/\"},\"wordCount\":865,\"image\":{\"@id\":\"https:\\\/\\\/www.milar.es\\\/blog\\\/lavavajillas-programables-como-funcionan\\\/#primaryimage\"},\"thumbnailUrl\":\"https:\\\/\\\/www.milar.es\\\/blog\\\/wp-content\\\/uploads\\\/2021\\\/11\\\/lavavajillas-programable.jpg\",\"articleSection\":[\"Electrodom\u00e9sticos\",\"Lavavajillas\"],\"inLanguage\":\"es\"},{\"@type\":\"WebPage\",\"@id\":\"https:\\\/\\\/www.milar.es\\\/blog\\\/lavavajillas-programables-como-funcionan\\\/\",\"url\":\"https:\\\/\\\/www.milar.es\\\/blog\\\/lavavajillas-programables-como-funcionan\\\/\",\"name\":\"Lavavajillas programables \u00bfC\u00f3mo funcionan? - Milar Tendencias de electrodom\u00e9sticos\",\"isPartOf\":{\"@id\":\"https:\\\/\\\/www.milar.es\\\/blog\\\/#website\"},\"primaryImageOfPage\":{\"@id\":\"https:\\\/\\\/www.milar.es\\\/blog\\\/lavavajillas-programables-como-funcionan\\\/#primaryimage\"},\"image\":{\"@id\":\"https:\\\/\\\/www.milar.es\\\/blog\\\/lavavajillas-programables-como-funcionan\\\/#primaryimage\"},\"thumbnailUrl\":\"https:\\\/\\\/www.milar.es\\\/blog\\\/wp-content\\\/uploads\\\/2021\\\/11\\\/lavavajillas-programable.jpg\",\"datePublished\":\"2021-11-24T16:15:00+00:00\",\"dateModified\":\"2024-07-01T11:23:41+00:00\",\"author\":{\"@id\":\"https:\\\/\\\/www.milar.es\\\/blog\\\/#\\\/schema\\\/person\\\/a63c4965e2d32a22be88aabb90c4f11f\"},\"description\":\"\u00bfQuieres ahorrar en tus facturas? En este post de Milar te contamos todo lo que necesitas saber sobre los lavavajillas programables.\",\"breadcrumb\":{\"@id\":\"https:\\\/\\\/www.milar.es\\\/blog\\\/lavavajillas-programables-como-funcionan\\\/#breadcrumb\"},\"inLanguage\":\"es\",\"potentialAction\":[{\"@type\":\"ReadAction\",\"target\":[\"https:\\\/\\\/www.milar.es\\\/blog\\\/lavavajillas-programables-como-funcionan\\\/\"]}]},{\"@type\":\"ImageObject\",\"inLanguage\":\"es\",\"@id\":\"https:\\\/\\\/www.milar.es\\\/blog\\\/lavavajillas-programables-como-funcionan\\\/#primaryimage\",\"url\":\"https:\\\/\\\/www.milar.es\\\/blog\\\/wp-content\\\/uploads\\\/2021\\\/11\\\/lavavajillas-programable.jpg\",\"contentUrl\":\"https:\\\/\\\/www.milar.es\\\/blog\\\/wp-content\\\/uploads\\\/2021\\\/11\\\/lavavajillas-programable.jpg\",\"width\":1200,\"height\":800,\"caption\":\"lavavajillas programable\"},{\"@type\":\"BreadcrumbList\",\"@id\":\"https:\\\/\\\/www.milar.es\\\/blog\\\/lavavajillas-programables-como-funcionan\\\/#breadcrumb\",\"itemListElement\":[{\"@type\":\"ListItem\",\"position\":1,\"name\":\"Home\",\"item\":\"https:\\\/\\\/www.milar.es\\\/blog\\\/\"},{\"@type\":\"ListItem\",\"position\":2,\"name\":\"Lavavajillas programables \u00bfC\u00f3mo funcionan?\"}]},{\"@type\":\"WebSite\",\"@id\":\"https:\\\/\\\/www.milar.es\\\/blog\\\/#website\",\"url\":\"https:\\\/\\\/www.milar.es\\\/blog\\\/\",\"name\":\"Milar Tendencias de electrodom\u00e9sticos\",\"description\":\"\",\"potentialAction\":[{\"@type\":\"SearchAction\",\"target\":{\"@type\":\"EntryPoint\",\"urlTemplate\":\"https:\\\/\\\/www.milar.es\\\/blog\\\/?s={search_term_string}\"},\"query-input\":{\"@type\":\"PropertyValueSpecification\",\"valueRequired\":true,\"valueName\":\"search_term_string\"}}],\"inLanguage\":\"es\"},{\"@type\":\"Person\",\"@id\":\"https:\\\/\\\/www.milar.es\\\/blog\\\/#\\\/schema\\\/person\\\/a63c4965e2d32a22be88aabb90c4f11f\",\"name\":\"Milar\",\"image\":{\"@type\":\"ImageObject\",\"inLanguage\":\"es\",\"@id\":\"https:\\\/\\\/secure.gravatar.com\\\/avatar\\\/1ff5211459d04644acdbe2d949c2a8626dc0f1e355d4830331235d147f36505a?s=96&d=mm&r=g\",\"url\":\"https:\\\/\\\/secure.gravatar.com\\\/avatar\\\/1ff5211459d04644acdbe2d949c2a8626dc0f1e355d4830331235d147f36505a?s=96&d=mm&r=g\",\"contentUrl\":\"https:\\\/\\\/secure.gravatar.com\\\/avatar\\\/1ff5211459d04644acdbe2d949c2a8626dc0f1e355d4830331235d147f36505a?s=96&d=mm&r=g\",\"caption\":\"Milar\"}}]}<\/script>\n<!-- \/ Yoast SEO plugin. -->","yoast_head_json":{"title":"Lavavajillas programables \u00bfC\u00f3mo funcionan? - Milar Tendencias de electrodom\u00e9sticos","description":"\u00bfQuieres ahorrar en tus facturas? En este post de Milar te contamos todo lo que necesitas saber sobre los lavavajillas programables.","robots":{"index":"index","follow":"follow","max-snippet":"max-snippet:-1","max-image-preview":"max-image-preview:large","max-video-preview":"max-video-preview:-1"},"canonical":"https:\/\/www.milar.es\/blog\/lavavajillas-programables-como-funcionan\/","og_locale":"es_ES","og_type":"article","og_title":"Lavavajillas programables \u00bfC\u00f3mo funcionan? - Milar Tendencias de electrodom\u00e9sticos","og_description":"\u00bfQuieres ahorrar en tus facturas? En este post de Milar te contamos todo lo que necesitas saber sobre los lavavajillas programables.","og_url":"https:\/\/www.milar.es\/blog\/lavavajillas-programables-como-funcionan\/","og_site_name":"Milar Tendencias de electrodom\u00e9sticos","article_published_time":"2021-11-24T16:15:00+00:00","article_modified_time":"2024-07-01T11:23:41+00:00","og_image":[{"width":1200,"height":800,"url":"https:\/\/www.milar.es\/blog\/wp-content\/uploads\/2021\/11\/lavavajillas-programable.jpg","type":"image\/jpeg"}],"author":"Milar","twitter_card":"summary_large_image","twitter_misc":{"Escrito por":"Milar","Tiempo de lectura":"5 minutos"},"schema":{"@context":"https:\/\/schema.org","@graph":[{"@type":"Article","@id":"https:\/\/www.milar.es\/blog\/lavavajillas-programables-como-funcionan\/#article","isPartOf":{"@id":"https:\/\/www.milar.es\/blog\/lavavajillas-programables-como-funcionan\/"},"author":{"name":"Milar","@id":"https:\/\/www.milar.es\/blog\/#\/schema\/person\/a63c4965e2d32a22be88aabb90c4f11f"},"headline":"Lavavajillas programables \u00bfC\u00f3mo funcionan?","datePublished":"2021-11-24T16:15:00+00:00","dateModified":"2024-07-01T11:23:41+00:00","mainEntityOfPage":{"@id":"https:\/\/www.milar.es\/blog\/lavavajillas-programables-como-funcionan\/"},"wordCount":865,"image":{"@id":"https:\/\/www.milar.es\/blog\/lavavajillas-programables-como-funcionan\/#primaryimage"},"thumbnailUrl":"https:\/\/www.milar.es\/blog\/wp-content\/uploads\/2021\/11\/lavavajillas-programable.jpg","articleSection":["Electrodom\u00e9sticos","Lavavajillas"],"inLanguage":"es"},{"@type":"WebPage","@id":"https:\/\/www.milar.es\/blog\/lavavajillas-programables-como-funcionan\/","url":"https:\/\/www.milar.es\/blog\/lavavajillas-programables-como-funcionan\/","name":"Lavavajillas programables \u00bfC\u00f3mo funcionan? - Milar Tendencias de electrodom\u00e9sticos","isPartOf":{"@id":"https:\/\/www.milar.es\/blog\/#website"},"primaryImageOfPage":{"@id":"https:\/\/www.milar.es\/blog\/lavavajillas-programables-como-funcionan\/#primaryimage"},"image":{"@id":"https:\/\/www.milar.es\/blog\/lavavajillas-programables-como-funcionan\/#primaryimage"},"thumbnailUrl":"https:\/\/www.milar.es\/blog\/wp-content\/uploads\/2021\/11\/lavavajillas-programable.jpg","datePublished":"2021-11-24T16:15:00+00:00","dateModified":"2024-07-01T11:23:41+00:00","author":{"@id":"https:\/\/www.milar.es\/blog\/#\/schema\/person\/a63c4965e2d32a22be88aabb90c4f11f"},"description":"\u00bfQuieres ahorrar en tus facturas? En este post de Milar te contamos todo lo que necesitas saber sobre los lavavajillas programables.","breadcrumb":{"@id":"https:\/\/www.milar.es\/blog\/lavavajillas-programables-como-funcionan\/#breadcrumb"},"inLanguage":"es","potentialAction":[{"@type":"ReadAction","target":["https:\/\/www.milar.es\/blog\/lavavajillas-programables-como-funcionan\/"]}]},{"@type":"ImageObject","inLanguage":"es","@id":"https:\/\/www.milar.es\/blog\/lavavajillas-programables-como-funcionan\/#primaryimage","url":"https:\/\/www.milar.es\/blog\/wp-content\/uploads\/2021\/11\/lavavajillas-programable.jpg","contentUrl":"https:\/\/www.milar.es\/blog\/wp-content\/uploads\/2021\/11\/lavavajillas-programable.jpg","width":1200,"height":800,"caption":"lavavajillas programable"},{"@type":"BreadcrumbList","@id":"https:\/\/www.milar.es\/blog\/lavavajillas-programables-como-funcionan\/#breadcrumb","itemListElement":[{"@type":"ListItem","position":1,"name":"Home","item":"https:\/\/www.milar.es\/blog\/"},{"@type":"ListItem","position":2,"name":"Lavavajillas programables \u00bfC\u00f3mo funcionan?"}]},{"@type":"WebSite","@id":"https:\/\/www.milar.es\/blog\/#website","url":"https:\/\/www.milar.es\/blog\/","name":"Milar Tendencias de electrodom\u00e9sticos","description":"","potentialAction":[{"@type":"SearchAction","target":{"@type":"EntryPoint","urlTemplate":"https:\/\/www.milar.es\/blog\/?s={search_term_string}"},"query-input":{"@type":"PropertyValueSpecification","valueRequired":true,"valueName":"search_term_string"}}],"inLanguage":"es"},{"@type":"Person","@id":"https:\/\/www.milar.es\/blog\/#\/schema\/person\/a63c4965e2d32a22be88aabb90c4f11f","name":"Milar","image":{"@type":"ImageObject","inLanguage":"es","@id":"https:\/\/secure.gravatar.com\/avatar\/1ff5211459d04644acdbe2d949c2a8626dc0f1e355d4830331235d147f36505a?s=96&d=mm&r=g","url":"https:\/\/secure.gravatar.com\/avatar\/1ff5211459d04644acdbe2d949c2a8626dc0f1e355d4830331235d147f36505a?s=96&d=mm&r=g","contentUrl":"https:\/\/secure.gravatar.com\/avatar\/1ff5211459d04644acdbe2d949c2a8626dc0f1e355d4830331235d147f36505a?s=96&d=mm&r=g","caption":"Milar"}}]}},"_links":{"self":[{"href":"https:\/\/www.milar.es\/blog\/wp-json\/wp\/v2\/posts\/11230","targetHints":{"allow":["GET"]}}],"collection":[{"href":"https:\/\/www.milar.es\/blog\/wp-json\/wp\/v2\/posts"}],"about":[{"href":"https:\/\/www.milar.es\/blog\/wp-json\/wp\/v2\/types\/post"}],"author":[{"embeddable":true,"href":"https:\/\/www.milar.es\/blog\/wp-json\/wp\/v2\/users\/1"}],"replies":[{"embeddable":true,"href":"https:\/\/www.milar.es\/blog\/wp-json\/wp\/v2\/comments?post=11230"}],"version-history":[{"count":5,"href":"https:\/\/www.milar.es\/blog\/wp-json\/wp\/v2\/posts\/11230\/revisions"}],"predecessor-version":[{"id":14109,"href":"https:\/\/www.milar.es\/blog\/wp-json\/wp\/v2\/posts\/11230\/revisions\/14109"}],"wp:featuredmedia":[{"embeddable":true,"href":"https:\/\/www.milar.es\/blog\/wp-json\/wp\/v2\/media\/11231"}],"wp:attachment":[{"href":"https:\/\/www.milar.es\/blog\/wp-json\/wp\/v2\/media?parent=11230"}],"wp:term":[{"taxonomy":"category","embeddable":true,"href":"https:\/\/www.milar.es\/blog\/wp-json\/wp\/v2\/categories?post=11230"},{"taxonomy":"post_tag","embeddable":true,"href":"https:\/\/www.milar.es\/blog\/wp-json\/wp\/v2\/tags?post=11230"}],"curies":[{"name":"wp","href":"https:\/\/api.w.org\/{rel}","templated":true}]}}