{"id":10270,"date":"2023-11-02T10:34:21","date_gmt":"2023-11-02T10:34:21","guid":{"rendered":"https:\/\/www.milar.es\/blog\/?p=10270"},"modified":"2025-10-16T12:30:41","modified_gmt":"2025-10-16T12:30:41","slug":"comparativa-lavavajillas-integrables-que-modelo-instalar","status":"publish","type":"post","link":"https:\/\/www.milar.es\/blog\/comparativa-lavavajillas-integrables-que-modelo-instalar\/","title":{"rendered":"Comparativa lavavajillas integrables, \u00bfqu\u00e9 modelo instalar?"},"content":{"rendered":"\n<p>Cada vez son m\u00e1s los usuarios que buscan en su cocina un dise\u00f1o muy minimalista, simple y a la vez manejable, con <strong>grandes electrodom\u00e9sticos<\/strong> que hagan las tareas del hogar m\u00e1s c\u00f3modas. \u00bfQu\u00e9 mejor manera de conseguir comodidad limpiando nuestra vajilla que con un<strong> <a href=\"https:\/\/www.milar.es\/lavavajillas-integrables-cocina.html\" target=\"_blank\" rel=\"noreferrer noopener\">lavavajillas integrable<\/a><\/strong>?. Para hac\u00e9rtelo todo m\u00e1s f\u00e1cil, en <strong><a href=\"https:\/\/www.milar.es\/\" target=\"_blank\" rel=\"noreferrer noopener\">Milar<\/a> <\/strong>te presentamos una <strong>comparativa de lavavajillas integrables<\/strong> para saber cu\u00e1l instalar en tu hogar.  \u00bfEmpezamos?<\/p>\n\n\n<div class=\"wp-block-image\">\n<figure class=\"aligncenter size-large\"><img loading=\"lazy\" decoding=\"async\" width=\"700\" height=\"467\" src=\"https:\/\/www.milar.es\/blog\/wp-content\/uploads\/2021\/09\/comparativa-lavavajillas-integrables-700x467.jpg\" alt=\"comparativa lavavajillas integrables\" class=\"wp-image-10271\" srcset=\"https:\/\/www.milar.es\/blog\/wp-content\/uploads\/2021\/09\/comparativa-lavavajillas-integrables-700x467.jpg 700w, https:\/\/www.milar.es\/blog\/wp-content\/uploads\/2021\/09\/comparativa-lavavajillas-integrables-250x167.jpg 250w, https:\/\/www.milar.es\/blog\/wp-content\/uploads\/2021\/09\/comparativa-lavavajillas-integrables-768x512.jpg 768w, https:\/\/www.milar.es\/blog\/wp-content\/uploads\/2021\/09\/comparativa-lavavajillas-integrables-120x80.jpg 120w, https:\/\/www.milar.es\/blog\/wp-content\/uploads\/2021\/09\/comparativa-lavavajillas-integrables.jpg 1200w\" sizes=\"auto, (max-width: 700px) 100vw, 700px\" \/><\/figure>\n<\/div>\n\n\n<h2 class=\"wp-block-heading has-text-align-center\">&nbsp;\u00bfPor qu\u00e9 instalar un lavavajillas integrable?<\/h2>\n\n\n\n<p>Cuando estamos buscando un <strong><a href=\"https:\/\/www.milar.es\/lavavajillas-cocina.html\" target=\"_blank\" rel=\"noreferrer noopener\">lavavajillas<\/a><\/strong>, lo primero que se nos viene a la mente es que sea muy eficaz. Es decir, que toda la vajilla salga impoluta, sin restos de comida, y seca. En este sentido, los <strong>lavavajillas integrables<\/strong> han venido a revolucionar tu cocina de una manera muy precisa. <\/p>\n\n\n\n<p>Con estos modelos vamos a conseguir una mayor sensaci\u00f3n de amplitud y limpieza en nuestra cocina, pues quedan totalmente <strong>ocultos <\/strong>a la vista. Entonces, \u00bfc\u00f3mo se instala un lavavajillas integrable? Tendr\u00e1s que colocarlo en un punto estrat\u00e9gico, cerca de una toma de agua. En este punto podr\u00edas pensar, \u00bfentonces que diferencia existe entre estos aparatos con respecto a los <strong>lavavajillas de libre instalaci\u00f3n<\/strong>? Pues que en los <strong>lavavajillas integrables<\/strong> es necesario que el aparato vaya unido a la puerta, para que quede oculto y parezca un mobiliario m\u00e1s de la cocina. F\u00e1cil, \u00bfno?<\/p>\n\n\n\n<p>Entonces, \u00bfc\u00f3mo distingo un<strong> lavavajillas integrable<\/strong> de un <strong>lavavajillas panelable<\/strong>? Pues que estos \u00faltimos van con una chapa o un panel adherido a la puerta. De este modo, este aparato queda cubierto pero solo de forma parcial. <\/p>\n\n\n\n<h2 class=\"wp-block-heading has-text-align-center\">Conoce todo lo que te van a proporcionar los lavavajillas integrables <\/h2>\n\n\n\n<p>Antes de ponernos a nombrar las caracter\u00edsticas m\u00e1s destacadas de los lavavajillas integrables, deber\u00e1s conocer sus <strong>medidas<\/strong>. Son m\u00e1s o menos est\u00e1ndar, aunque siempre existen algunas variaciones. Lo habitual son los <strong>lavavajillas integrables de 45 cm de ancho<\/strong> y los <strong>lavavajillas integrables de 60 cm de ancho<\/strong>, los de medida est\u00e1ndar. <\/p>\n\n\n\n<p>Es recomendable optar por un <strong>lavavajillas integrable eficiente<\/strong>, para poder reducir lo m\u00e1ximo posible el consumo de energ\u00eda durante el funcionamiento. Por eso, los lavavajillas integrables m\u00e1s potentes integran programas que ajustan autom\u00e1ticamente el ciclo de lavado para lograr un mayor ahorro de los recursos utilizados. <\/p>\n\n\n\n<p>Tampoco debes dejar de valorar la <strong>capacidad de un lavavajillas integrable<\/strong>. Para un piso peque\u00f1o, con un<strong> lavavajillas integrable de 7 cubiertos<\/strong>. Por el contrario, si tu familia es numerosa, es recomendable optar por un<strong> lavavajillas integrable de 13 servicios<\/strong>. <\/p>\n\n\n\n<p>Los lavavajillas integrables tienen el <strong>panel de mandos oculto<\/strong>. \u00bfC\u00f3mo sabemos si el lavavajillas est\u00e1 funcionando? Todos los modelos incorporan sistemas que proyectan un<strong> haz de luz<\/strong> sobre el suelo, que se mantendr\u00e1 encendido mientras el programa de lavado est\u00e9 en marcha. Por su parte, cuando termine el ciclo de lavado se apagar\u00e1. <\/p>\n\n\n\n<p>Ahora ya sabes perfectamente qu\u00e9 caracter\u00edsticas buscar en un&nbsp;<strong>lavavajillas integrable&nbsp;<\/strong>para conseguir limpiar tu vajilla de la mejor manera posible. Recuerda tambi\u00e9n informarte sobre <strong><a href=\"https:\/\/www.milar.es\/blog\/formas-de-limpiar-el-lavavajillas-guia-definitiva\/\">c\u00f3mo limpiar el lavavajillas<\/a><\/strong> para asegurarte un rendimiento siempre \u00f3ptimo.<\/p>\n\n\n\n<p>Nosotros te dejamos por aqu\u00ed una comparativa de<strong> lavavajillas integrables <\/strong>disponibles en nuestro cat\u00e1logo, para que instales en tu casa solo lo mejor.&nbsp;En&nbsp;<strong>Milar<\/strong>&nbsp;contamos con <strong><a href=\"https:\/\/www.milar.es\/lavavajillas-cocina\/de-balay.html\" target=\"_blank\" rel=\"noreferrer noopener\">lavavajillas Balay<\/a><\/strong> e incluso <strong><a href=\"https:\/\/www.milar.es\/lavavajillas-cocina\/de-fagor.html\" target=\"_blank\" rel=\"noreferrer noopener\">lavavajillas Fagor<\/a><\/strong>, entre otras marcas.<\/p>\n\n\n\n<h2 class=\"wp-block-heading has-text-align-center\">Comparativa de lavavajillas integrables, los modelos m\u00e1s punteros<\/h2>\n\n\n\n<p>Uno de los modelos m\u00e1s vers\u00e1tiles del mercado es este <strong><a href=\"https:\/\/www.milar.es\/lavavajillas-integrables-bosch-smv2itx18e-e.html\" target=\"_blank\" rel=\"noreferrer noopener\">lavavajillas integrable Bosch SMV2ITX18E E<\/a><\/strong>. \u00bfPor qu\u00e9? Pues porque podr\u00e1s programar el ciclo de lavado que desees desde tu m\u00f3vil y la aplicaci\u00f3n&nbsp;<strong>Home Connect<\/strong>. Adem\u00e1s, el motor de este<strong> <a href=\"https:\/\/www.milar.es\/lavavajillas-cocina\/de-bosch.html\" target=\"_blank\" rel=\"noreferrer noopener\">lavavajillas Bosch<\/a><\/strong> es <strong>ExtraSilence <\/strong>y el nivel de ruido m\u00e1ximo es de<strong> 48 dB<\/strong>. Este modelo <strong><a href=\"https:\/\/www.milar.es\/bosch.html\" target=\"_blank\" rel=\"noreferrer noopener\">Bosch<\/a><\/strong> cuenta con una gran variedad<strong> programas de lavado<\/strong>, para que limpies tu vajilla dependiendo del nivel de suciedad y de las necesidades del momento.<\/p>\n\n\n<div class=\"carrusel\"><ul class=\"recomendacion\"><li class=\"producto\"><div class=\"wrapProducto\"><a class=\"imagen\" href=\"https:\/\/www.milar.es\/mando-a-distancia-dcu-tecnologic-universal-30902050.html\"><img decoding=\"async\" src=\"https:\/\/www.milar.es\/estaticos\/extras\/fotos\/productos\/00\/00\/25\/47\/86\/8436556992766.jpg\"><\/a><h3><a href=\"https:\/\/www.milar.es\/mando-a-distancia-dcu-tecnologic-universal-30902050.html\">Mando a distancia Dcu tecnologic UNIVERSAL 30902050 <\/a><\/h3><div class=\"bloquePrecio\"><div class=\"precioProducto\">6.90 EUR<\/div><\/div><\/div><\/li><\/ul><\/div>\n\n\n\n<p>Otro de los modelos de lavavajillas integrables mejor valorados es este <strong>lavavajillas Integrable AEG FSB52637P E<\/strong>. De <strong>60 cm<\/strong>&nbsp;de anchura, conseguir\u00e1s una vajilla cuidada y limpia por mucho que pasen los a\u00f1os con este modelo <strong><a href=\"https:\/\/www.milar.es\/aeg.html\" target=\"_blank\" rel=\"noreferrer noopener\">AEG<\/a><\/strong>. Adem\u00e1s, es muy eficiente al incorporar la tecnolog\u00eda <strong>AirDry <\/strong>\u00bfC\u00f3mo funciona? AirDry abre la puerta de este <strong><a href=\"https:\/\/www.milar.es\/lavavajillas-cocina\/de-aeg.html\" target=\"_blank\" rel=\"noreferrer noopener\">lavavajillas AEG<\/a><\/strong> de forma autom\u00e1tica durante los \u00faltimos 10 minutos de la fase de secado. As\u00ed, se crea una corriente natural de aire y se reduce el consumo energ\u00e9tico.<\/p>\n\n\n<div class=\"carrusel\"><ul class=\"recomendacion\"><li class=\"producto\"><div class=\"wrapProducto\"><a class=\"imagen\" href=\"https:\/\/www.milar.es\/mando-a-distancia-dcu-tecnologic-universal-30902050.html\"><img decoding=\"async\" src=\"https:\/\/www.milar.es\/estaticos\/extras\/fotos\/productos\/00\/00\/25\/47\/86\/8436556992766.jpg\"><\/a><h3><a href=\"https:\/\/www.milar.es\/mando-a-distancia-dcu-tecnologic-universal-30902050.html\">Mando a distancia Dcu tecnologic UNIVERSAL 30902050 <\/a><\/h3><div class=\"bloquePrecio\"><div class=\"precioProducto\">6.90 EUR<\/div><\/div><\/div><\/li><\/ul><\/div>\n\n\n\n<p>Despu\u00e9s de conocer un poco m\u00e1s acerca de estos aparatos gracias a la <strong>comparativa de lavavajillas integrables<\/strong>, \u00bfa qu\u00e9 esperas para instalarlos en tu casa y conseguir la sensaci\u00f3n de amplitud que te mereces? En\u00a0<strong>Milar\u00a0<\/strong>contamos con\u00a0<strong>lavavajillas integrables <\/strong>para todo tipo de bolsillos y de diferentes modelos. Y si te ha quedado alguna otra duda, puedes echar un vistazo otros art\u00edculos como saber cu\u00e1les son <a href=\"https:\/\/www.milar.es\/blog\/cuales-son-los-lavavajillas-mas-silenciosos\/\">los mejores lavavajillas silenciosos<\/a> o leer las opiniones de otros usuarios que han instalado estos electrodom\u00e9sticos en su hogar.<\/p>\n\n\n\n<p>Te dejamos estos art\u00edculos que pueden interesarte. \u00a1Nos vemos en la pr\u00f3xima!<\/p>\n\n\n\n<p><strong><a href=\"https:\/\/www.milar.es\/blog\/nuevos-lavavajillas-bosch-consigue-los-mejores-modelos\/\" target=\"_blank\" rel=\"noreferrer noopener\">Nuevos lavavajillas Bosch, consigue los mejores modelos<\/a><\/strong><\/p>\n\n\n\n<p><strong><a href=\"https:\/\/www.milar.es\/blog\/como-colocar-las-copas-en-el-lavavajillas-para-su-total-proteccion\/\" target=\"_blank\" rel=\"noreferrer noopener\">\u00bfC\u00f3mo colocar las copas en el lavavajillas para su total protecci\u00f3n?<\/a><\/strong><\/p>\n\n\n\n<p><strong><a href=\"https:\/\/www.milar.es\/blog\/diferencias-entre-un-lavavajillas-integrable-y-un-panelable\/\" target=\"_blank\" rel=\"noreferrer noopener\">Diferencias entre un lavavajillas integrable y un panelable<\/a><\/strong><\/p>\n","protected":false},"excerpt":{"rendered":"Cada vez son m\u00e1s los usuarios que buscan en su cocina un dise\u00f1o muy minimalista, simple y a la vez manejable, con grandes electrodom\u00e9sticos que hagan las tareas del hogar m\u00e1s c\u00f3modas. \u00bfQu\u00e9 mejor manera de conseguir comodidad limpiando nuestra vajilla que con un lavavajillas integrable?. Para hac\u00e9rtelo todo m\u00e1s&#8230; <a class=\"view-article\" href=\"https:\/\/www.milar.es\/blog\/comparativa-lavavajillas-integrables-que-modelo-instalar\/\">Ver art\u00edculo<\/a>","protected":false},"author":1,"featured_media":10271,"comment_status":"closed","ping_status":"closed","sticky":false,"template":"","format":"standard","meta":{"footnotes":""},"categories":[39,12],"tags":[],"class_list":["post-10270","post","type-post","status-publish","format-standard","has-post-thumbnail","hentry","category-comparativas","category-lavavajillas"],"yoast_head":"<!-- This site is optimized with the Yoast SEO plugin v27.5 - https:\/\/yoast.com\/product\/yoast-seo-wordpress\/ -->\n<title>Comparativa lavavajillas integrables, \u00bfqu\u00e9 modelo instalar? - Milar Tendencias de electrodom\u00e9sticos<\/title>\n<meta name=\"description\" content=\"En Milar te traemos una comparativa de lavavajillas integrables. \u00a1Coge papel y boli y no te pierdas sus prestaciones m\u00e1s destacadas!\" \/>\n<meta name=\"robots\" content=\"index, follow, max-snippet:-1, max-image-preview:large, max-video-preview:-1\" \/>\n<link rel=\"canonical\" href=\"https:\/\/www.milar.es\/blog\/comparativa-lavavajillas-integrables-que-modelo-instalar\/\" \/>\n<meta property=\"og:locale\" content=\"es_ES\" \/>\n<meta property=\"og:type\" content=\"article\" \/>\n<meta property=\"og:title\" content=\"Comparativa lavavajillas integrables, \u00bfqu\u00e9 modelo instalar? - Milar Tendencias de electrodom\u00e9sticos\" \/>\n<meta property=\"og:description\" content=\"En Milar te traemos una comparativa de lavavajillas integrables. \u00a1Coge papel y boli y no te pierdas sus prestaciones m\u00e1s destacadas!\" \/>\n<meta property=\"og:url\" content=\"https:\/\/www.milar.es\/blog\/comparativa-lavavajillas-integrables-que-modelo-instalar\/\" \/>\n<meta property=\"og:site_name\" content=\"Milar Tendencias de electrodom\u00e9sticos\" \/>\n<meta property=\"article:published_time\" content=\"2023-11-02T10:34:21+00:00\" \/>\n<meta property=\"article:modified_time\" content=\"2025-10-16T12:30:41+00:00\" \/>\n<meta property=\"og:image\" content=\"https:\/\/www.milar.es\/blog\/wp-content\/uploads\/2021\/09\/comparativa-lavavajillas-integrables.jpg\" \/>\n\t<meta property=\"og:image:width\" content=\"1200\" \/>\n\t<meta property=\"og:image:height\" content=\"800\" \/>\n\t<meta property=\"og:image:type\" content=\"image\/jpeg\" \/>\n<meta name=\"author\" content=\"Milar\" \/>\n<meta name=\"twitter:card\" content=\"summary_large_image\" \/>\n<meta name=\"twitter:label1\" content=\"Escrito por\" \/>\n\t<meta name=\"twitter:data1\" content=\"Milar\" \/>\n\t<meta name=\"twitter:label2\" content=\"Tiempo de lectura\" \/>\n\t<meta name=\"twitter:data2\" content=\"5 minutos\" \/>\n<script type=\"application\/ld+json\" class=\"yoast-schema-graph\">{\"@context\":\"https:\\\/\\\/schema.org\",\"@graph\":[{\"@type\":\"Article\",\"@id\":\"https:\\\/\\\/www.milar.es\\\/blog\\\/comparativa-lavavajillas-integrables-que-modelo-instalar\\\/#article\",\"isPartOf\":{\"@id\":\"https:\\\/\\\/www.milar.es\\\/blog\\\/comparativa-lavavajillas-integrables-que-modelo-instalar\\\/\"},\"author\":{\"name\":\"Milar\",\"@id\":\"https:\\\/\\\/www.milar.es\\\/blog\\\/#\\\/schema\\\/person\\\/a63c4965e2d32a22be88aabb90c4f11f\"},\"headline\":\"Comparativa lavavajillas integrables, \u00bfqu\u00e9 modelo instalar?\",\"datePublished\":\"2023-11-02T10:34:21+00:00\",\"dateModified\":\"2025-10-16T12:30:41+00:00\",\"mainEntityOfPage\":{\"@id\":\"https:\\\/\\\/www.milar.es\\\/blog\\\/comparativa-lavavajillas-integrables-que-modelo-instalar\\\/\"},\"wordCount\":897,\"image\":{\"@id\":\"https:\\\/\\\/www.milar.es\\\/blog\\\/comparativa-lavavajillas-integrables-que-modelo-instalar\\\/#primaryimage\"},\"thumbnailUrl\":\"https:\\\/\\\/www.milar.es\\\/blog\\\/wp-content\\\/uploads\\\/2021\\\/09\\\/comparativa-lavavajillas-integrables.jpg\",\"articleSection\":[\"Comparativas\",\"Lavavajillas\"],\"inLanguage\":\"es\"},{\"@type\":\"WebPage\",\"@id\":\"https:\\\/\\\/www.milar.es\\\/blog\\\/comparativa-lavavajillas-integrables-que-modelo-instalar\\\/\",\"url\":\"https:\\\/\\\/www.milar.es\\\/blog\\\/comparativa-lavavajillas-integrables-que-modelo-instalar\\\/\",\"name\":\"Comparativa lavavajillas integrables, \u00bfqu\u00e9 modelo instalar? - Milar Tendencias de electrodom\u00e9sticos\",\"isPartOf\":{\"@id\":\"https:\\\/\\\/www.milar.es\\\/blog\\\/#website\"},\"primaryImageOfPage\":{\"@id\":\"https:\\\/\\\/www.milar.es\\\/blog\\\/comparativa-lavavajillas-integrables-que-modelo-instalar\\\/#primaryimage\"},\"image\":{\"@id\":\"https:\\\/\\\/www.milar.es\\\/blog\\\/comparativa-lavavajillas-integrables-que-modelo-instalar\\\/#primaryimage\"},\"thumbnailUrl\":\"https:\\\/\\\/www.milar.es\\\/blog\\\/wp-content\\\/uploads\\\/2021\\\/09\\\/comparativa-lavavajillas-integrables.jpg\",\"datePublished\":\"2023-11-02T10:34:21+00:00\",\"dateModified\":\"2025-10-16T12:30:41+00:00\",\"author\":{\"@id\":\"https:\\\/\\\/www.milar.es\\\/blog\\\/#\\\/schema\\\/person\\\/a63c4965e2d32a22be88aabb90c4f11f\"},\"description\":\"En Milar te traemos una comparativa de lavavajillas integrables. \u00a1Coge papel y boli y no te pierdas sus prestaciones m\u00e1s destacadas!\",\"breadcrumb\":{\"@id\":\"https:\\\/\\\/www.milar.es\\\/blog\\\/comparativa-lavavajillas-integrables-que-modelo-instalar\\\/#breadcrumb\"},\"inLanguage\":\"es\",\"potentialAction\":[{\"@type\":\"ReadAction\",\"target\":[\"https:\\\/\\\/www.milar.es\\\/blog\\\/comparativa-lavavajillas-integrables-que-modelo-instalar\\\/\"]}]},{\"@type\":\"ImageObject\",\"inLanguage\":\"es\",\"@id\":\"https:\\\/\\\/www.milar.es\\\/blog\\\/comparativa-lavavajillas-integrables-que-modelo-instalar\\\/#primaryimage\",\"url\":\"https:\\\/\\\/www.milar.es\\\/blog\\\/wp-content\\\/uploads\\\/2021\\\/09\\\/comparativa-lavavajillas-integrables.jpg\",\"contentUrl\":\"https:\\\/\\\/www.milar.es\\\/blog\\\/wp-content\\\/uploads\\\/2021\\\/09\\\/comparativa-lavavajillas-integrables.jpg\",\"width\":1200,\"height\":800,\"caption\":\"SSUCv3H4sIAAAAAAAACoRUTY+bMBS8V+p\\\/QD4vEsYG7D2veqvUe9WDjV+CFYIRNq2qVf57zYfBoHRXucTzxvPePE\\\/y\\\/vVLkiAprK7Ra\\\/I+nfxZt+1o3SCcNp2Hs5cVH6BTMMQIKO3MoEUbg1K4uunEHTzYjW07wY+5iKwTbrRgo2ZqAHG3Ts90smnoq3WmvvWNcSYuKOiN1W7GbVzAORkuMSCUkTCLxKhtRudg2PBouFo4uHo3h\\\/HCbn4u5yQU5qK\\\/4UvoB5i+BbS2WNqMcqp8hw4FdOnyH4lvxqhEdCp5G3R3eyqlbQ1tKzowo91Fly+\\\/NtNX6Oq\\\/0\\\/yPyNkALYhl7asPBJBheeFZWvGqTqkqWSpFVaaQS8m4wgwwm7ss0uj2x2\\\/tPm9mFRWj0iba1G9Ti3Z+kqhzP+had9fomnHNnKFwrTZj54ZpZBRso9aYXki\\\/0tfk4jUh4I2w1tNVwOPH84k196hPZ9xseFVFyr\\\/udMQkJzllVcWqosRlyTmKs9lorzOPEwYc+9YIBVPT7eGOqcWFl6N5hUPKngQ4cHK6c85ZDhxa7JwQ61Ar8V47JHwlsKzcCaewewrLMGGcLYyQyClid+2ZJ49PxyMlYy8f7YGUvPpwRlKx4rNFEUb5Jz5ohrPVx+EfxnO0OvzDnHwgUpaYUVbQLXAHGwizjGKac7LVDy4Qofn0Eizf6mcTvoW\\\/zhnZJU4eEK4mp97n8jNbx9fTEyBWAsugpqkkACmVDKecX1h6KWrJlMxy\\\/\\\/G3Hv8AAAD\\\/\\\/wMAdTDe1r8FAAA=\"},{\"@type\":\"BreadcrumbList\",\"@id\":\"https:\\\/\\\/www.milar.es\\\/blog\\\/comparativa-lavavajillas-integrables-que-modelo-instalar\\\/#breadcrumb\",\"itemListElement\":[{\"@type\":\"ListItem\",\"position\":1,\"name\":\"Home\",\"item\":\"https:\\\/\\\/www.milar.es\\\/blog\\\/\"},{\"@type\":\"ListItem\",\"position\":2,\"name\":\"Comparativa lavavajillas integrables, \u00bfqu\u00e9 modelo instalar?\"}]},{\"@type\":\"WebSite\",\"@id\":\"https:\\\/\\\/www.milar.es\\\/blog\\\/#website\",\"url\":\"https:\\\/\\\/www.milar.es\\\/blog\\\/\",\"name\":\"Milar Tendencias de electrodom\u00e9sticos\",\"description\":\"\",\"potentialAction\":[{\"@type\":\"SearchAction\",\"target\":{\"@type\":\"EntryPoint\",\"urlTemplate\":\"https:\\\/\\\/www.milar.es\\\/blog\\\/?s={search_term_string}\"},\"query-input\":{\"@type\":\"PropertyValueSpecification\",\"valueRequired\":true,\"valueName\":\"search_term_string\"}}],\"inLanguage\":\"es\"},{\"@type\":\"Person\",\"@id\":\"https:\\\/\\\/www.milar.es\\\/blog\\\/#\\\/schema\\\/person\\\/a63c4965e2d32a22be88aabb90c4f11f\",\"name\":\"Milar\",\"image\":{\"@type\":\"ImageObject\",\"inLanguage\":\"es\",\"@id\":\"https:\\\/\\\/secure.gravatar.com\\\/avatar\\\/1ff5211459d04644acdbe2d949c2a8626dc0f1e355d4830331235d147f36505a?s=96&d=mm&r=g\",\"url\":\"https:\\\/\\\/secure.gravatar.com\\\/avatar\\\/1ff5211459d04644acdbe2d949c2a8626dc0f1e355d4830331235d147f36505a?s=96&d=mm&r=g\",\"contentUrl\":\"https:\\\/\\\/secure.gravatar.com\\\/avatar\\\/1ff5211459d04644acdbe2d949c2a8626dc0f1e355d4830331235d147f36505a?s=96&d=mm&r=g\",\"caption\":\"Milar\"}}]}<\/script>\n<!-- \/ Yoast SEO plugin. -->","yoast_head_json":{"title":"Comparativa lavavajillas integrables, \u00bfqu\u00e9 modelo instalar? - Milar Tendencias de electrodom\u00e9sticos","description":"En Milar te traemos una comparativa de lavavajillas integrables. \u00a1Coge papel y boli y no te pierdas sus prestaciones m\u00e1s destacadas!","robots":{"index":"index","follow":"follow","max-snippet":"max-snippet:-1","max-image-preview":"max-image-preview:large","max-video-preview":"max-video-preview:-1"},"canonical":"https:\/\/www.milar.es\/blog\/comparativa-lavavajillas-integrables-que-modelo-instalar\/","og_locale":"es_ES","og_type":"article","og_title":"Comparativa lavavajillas integrables, \u00bfqu\u00e9 modelo instalar? - Milar Tendencias de electrodom\u00e9sticos","og_description":"En Milar te traemos una comparativa de lavavajillas integrables. \u00a1Coge papel y boli y no te pierdas sus prestaciones m\u00e1s destacadas!","og_url":"https:\/\/www.milar.es\/blog\/comparativa-lavavajillas-integrables-que-modelo-instalar\/","og_site_name":"Milar Tendencias de electrodom\u00e9sticos","article_published_time":"2023-11-02T10:34:21+00:00","article_modified_time":"2025-10-16T12:30:41+00:00","og_image":[{"width":1200,"height":800,"url":"https:\/\/www.milar.es\/blog\/wp-content\/uploads\/2021\/09\/comparativa-lavavajillas-integrables.jpg","type":"image\/jpeg"}],"author":"Milar","twitter_card":"summary_large_image","twitter_misc":{"Escrito por":"Milar","Tiempo de lectura":"5 minutos"},"schema":{"@context":"https:\/\/schema.org","@graph":[{"@type":"Article","@id":"https:\/\/www.milar.es\/blog\/comparativa-lavavajillas-integrables-que-modelo-instalar\/#article","isPartOf":{"@id":"https:\/\/www.milar.es\/blog\/comparativa-lavavajillas-integrables-que-modelo-instalar\/"},"author":{"name":"Milar","@id":"https:\/\/www.milar.es\/blog\/#\/schema\/person\/a63c4965e2d32a22be88aabb90c4f11f"},"headline":"Comparativa lavavajillas integrables, \u00bfqu\u00e9 modelo instalar?","datePublished":"2023-11-02T10:34:21+00:00","dateModified":"2025-10-16T12:30:41+00:00","mainEntityOfPage":{"@id":"https:\/\/www.milar.es\/blog\/comparativa-lavavajillas-integrables-que-modelo-instalar\/"},"wordCount":897,"image":{"@id":"https:\/\/www.milar.es\/blog\/comparativa-lavavajillas-integrables-que-modelo-instalar\/#primaryimage"},"thumbnailUrl":"https:\/\/www.milar.es\/blog\/wp-content\/uploads\/2021\/09\/comparativa-lavavajillas-integrables.jpg","articleSection":["Comparativas","Lavavajillas"],"inLanguage":"es"},{"@type":"WebPage","@id":"https:\/\/www.milar.es\/blog\/comparativa-lavavajillas-integrables-que-modelo-instalar\/","url":"https:\/\/www.milar.es\/blog\/comparativa-lavavajillas-integrables-que-modelo-instalar\/","name":"Comparativa lavavajillas integrables, \u00bfqu\u00e9 modelo instalar? - Milar Tendencias de electrodom\u00e9sticos","isPartOf":{"@id":"https:\/\/www.milar.es\/blog\/#website"},"primaryImageOfPage":{"@id":"https:\/\/www.milar.es\/blog\/comparativa-lavavajillas-integrables-que-modelo-instalar\/#primaryimage"},"image":{"@id":"https:\/\/www.milar.es\/blog\/comparativa-lavavajillas-integrables-que-modelo-instalar\/#primaryimage"},"thumbnailUrl":"https:\/\/www.milar.es\/blog\/wp-content\/uploads\/2021\/09\/comparativa-lavavajillas-integrables.jpg","datePublished":"2023-11-02T10:34:21+00:00","dateModified":"2025-10-16T12:30:41+00:00","author":{"@id":"https:\/\/www.milar.es\/blog\/#\/schema\/person\/a63c4965e2d32a22be88aabb90c4f11f"},"description":"En Milar te traemos una comparativa de lavavajillas integrables. \u00a1Coge papel y boli y no te pierdas sus prestaciones m\u00e1s destacadas!","breadcrumb":{"@id":"https:\/\/www.milar.es\/blog\/comparativa-lavavajillas-integrables-que-modelo-instalar\/#breadcrumb"},"inLanguage":"es","potentialAction":[{"@type":"ReadAction","target":["https:\/\/www.milar.es\/blog\/comparativa-lavavajillas-integrables-que-modelo-instalar\/"]}]},{"@type":"ImageObject","inLanguage":"es","@id":"https:\/\/www.milar.es\/blog\/comparativa-lavavajillas-integrables-que-modelo-instalar\/#primaryimage","url":"https:\/\/www.milar.es\/blog\/wp-content\/uploads\/2021\/09\/comparativa-lavavajillas-integrables.jpg","contentUrl":"https:\/\/www.milar.es\/blog\/wp-content\/uploads\/2021\/09\/comparativa-lavavajillas-integrables.jpg","width":1200,"height":800,"caption":"SSUCv3H4sIAAAAAAAACoRUTY+bMBS8V+p\/QD4vEsYG7D2veqvUe9WDjV+CFYIRNq2qVf57zYfBoHRXucTzxvPePE\/y\/vVLkiAprK7Ra\/I+nfxZt+1o3SCcNp2Hs5cVH6BTMMQIKO3MoEUbg1K4uunEHTzYjW07wY+5iKwTbrRgo2ZqAHG3Ts90smnoq3WmvvWNcSYuKOiN1W7GbVzAORkuMSCUkTCLxKhtRudg2PBouFo4uHo3h\/HCbn4u5yQU5qK\/4UvoB5i+BbS2WNqMcqp8hw4FdOnyH4lvxqhEdCp5G3R3eyqlbQ1tKzowo91Fly+\/NtNX6Oq\/0\/yPyNkALYhl7asPBJBheeFZWvGqTqkqWSpFVaaQS8m4wgwwm7ss0uj2x2\/tPm9mFRWj0iba1G9Ti3Z+kqhzP+had9fomnHNnKFwrTZj54ZpZBRso9aYXki\/0tfk4jUh4I2w1tNVwOPH84k196hPZ9xseFVFyr\/udMQkJzllVcWqosRlyTmKs9lorzOPEwYc+9YIBVPT7eGOqcWFl6N5hUPKngQ4cHK6c85ZDhxa7JwQ61Ar8V47JHwlsKzcCaewewrLMGGcLYyQyClid+2ZJ49PxyMlYy8f7YGUvPpwRlKx4rNFEUb5Jz5ohrPVx+EfxnO0OvzDnHwgUpaYUVbQLXAHGwizjGKac7LVDy4Qofn0Eizf6mcTvoW\/zhnZJU4eEK4mp97n8jNbx9fTEyBWAsugpqkkACmVDKecX1h6KWrJlMxy\/\/G3Hv8AAAD\/\/wMAdTDe1r8FAAA="},{"@type":"BreadcrumbList","@id":"https:\/\/www.milar.es\/blog\/comparativa-lavavajillas-integrables-que-modelo-instalar\/#breadcrumb","itemListElement":[{"@type":"ListItem","position":1,"name":"Home","item":"https:\/\/www.milar.es\/blog\/"},{"@type":"ListItem","position":2,"name":"Comparativa lavavajillas integrables, \u00bfqu\u00e9 modelo instalar?"}]},{"@type":"WebSite","@id":"https:\/\/www.milar.es\/blog\/#website","url":"https:\/\/www.milar.es\/blog\/","name":"Milar Tendencias de electrodom\u00e9sticos","description":"","potentialAction":[{"@type":"SearchAction","target":{"@type":"EntryPoint","urlTemplate":"https:\/\/www.milar.es\/blog\/?s={search_term_string}"},"query-input":{"@type":"PropertyValueSpecification","valueRequired":true,"valueName":"search_term_string"}}],"inLanguage":"es"},{"@type":"Person","@id":"https:\/\/www.milar.es\/blog\/#\/schema\/person\/a63c4965e2d32a22be88aabb90c4f11f","name":"Milar","image":{"@type":"ImageObject","inLanguage":"es","@id":"https:\/\/secure.gravatar.com\/avatar\/1ff5211459d04644acdbe2d949c2a8626dc0f1e355d4830331235d147f36505a?s=96&d=mm&r=g","url":"https:\/\/secure.gravatar.com\/avatar\/1ff5211459d04644acdbe2d949c2a8626dc0f1e355d4830331235d147f36505a?s=96&d=mm&r=g","contentUrl":"https:\/\/secure.gravatar.com\/avatar\/1ff5211459d04644acdbe2d949c2a8626dc0f1e355d4830331235d147f36505a?s=96&d=mm&r=g","caption":"Milar"}}]}},"_links":{"self":[{"href":"https:\/\/www.milar.es\/blog\/wp-json\/wp\/v2\/posts\/10270","targetHints":{"allow":["GET"]}}],"collection":[{"href":"https:\/\/www.milar.es\/blog\/wp-json\/wp\/v2\/posts"}],"about":[{"href":"https:\/\/www.milar.es\/blog\/wp-json\/wp\/v2\/types\/post"}],"author":[{"embeddable":true,"href":"https:\/\/www.milar.es\/blog\/wp-json\/wp\/v2\/users\/1"}],"replies":[{"embeddable":true,"href":"https:\/\/www.milar.es\/blog\/wp-json\/wp\/v2\/comments?post=10270"}],"version-history":[{"count":17,"href":"https:\/\/www.milar.es\/blog\/wp-json\/wp\/v2\/posts\/10270\/revisions"}],"predecessor-version":[{"id":15071,"href":"https:\/\/www.milar.es\/blog\/wp-json\/wp\/v2\/posts\/10270\/revisions\/15071"}],"wp:featuredmedia":[{"embeddable":true,"href":"https:\/\/www.milar.es\/blog\/wp-json\/wp\/v2\/media\/10271"}],"wp:attachment":[{"href":"https:\/\/www.milar.es\/blog\/wp-json\/wp\/v2\/media?parent=10270"}],"wp:term":[{"taxonomy":"category","embeddable":true,"href":"https:\/\/www.milar.es\/blog\/wp-json\/wp\/v2\/categories?post=10270"},{"taxonomy":"post_tag","embeddable":true,"href":"https:\/\/www.milar.es\/blog\/wp-json\/wp\/v2\/tags?post=10270"}],"curies":[{"name":"wp","href":"https:\/\/api.w.org\/{rel}","templated":true}]}}