{"id":10075,"date":"2021-09-14T14:00:12","date_gmt":"2021-09-14T14:00:12","guid":{"rendered":"https:\/\/www.milar.es\/blog\/?p=10075"},"modified":"2025-10-02T14:27:54","modified_gmt":"2025-10-02T14:27:54","slug":"como-utilizar-una-lavadora-i-dos-de-bosch","status":"publish","type":"post","link":"https:\/\/www.milar.es\/blog\/como-utilizar-una-lavadora-i-dos-de-bosch\/","title":{"rendered":"C\u00f3mo utilizar una lavadora i-DOS de Bosch"},"content":{"rendered":"\n<p>Cuando llega el momento de poner la <strong><a href=\"https:\/\/www.milar.es\/lavadoras-cocina.html\" target=\"_blank\" rel=\"noreferrer noopener\">lavadora<\/a><\/strong>, el proceso es autom\u00e1tico. Primero metes la ropa en el tambor, despu\u00e9s introduces detergente y suavizante en sus correspondientes cajetines y, por \u00faltimo, seleccionas el programa. Parece algo f\u00e1cil, s\u00ed. Pero, \u00bfy si te digo que puede ser que est\u00e9s desperdiciando detergente y suavizante, adem\u00e1s de gastando agua de m\u00e1s en cada lavado? Este problema acaba con las <strong>lavadoras i-DOS de Bosch<\/strong>. \u00bfQuieres conocer todo lo que van a proporcionarte estos modelos <strong><a href=\"https:\/\/www.milar.es\/bosch.html\" target=\"_blank\" rel=\"noreferrer noopener\">Bosch<\/a><\/strong>? No te pierdas todo lo que tenemos que contarte en este post de <strong><a href=\"https:\/\/www.milar.es\/\" target=\"_blank\" rel=\"noreferrer noopener\">Milar<\/a><\/strong>. <\/p>\n\n\n\n<div class=\"wp-block-image\"><figure class=\"aligncenter size-large\"><img loading=\"lazy\" decoding=\"async\" width=\"700\" height=\"467\" src=\"https:\/\/www.milar.es\/blog\/wp-content\/uploads\/2021\/09\/lavadora-i-dos-bosch-700x467.jpg\" alt=\"lavadora i-dos bosch\" class=\"wp-image-10077\" srcset=\"https:\/\/www.milar.es\/blog\/wp-content\/uploads\/2021\/09\/lavadora-i-dos-bosch-700x467.jpg 700w, https:\/\/www.milar.es\/blog\/wp-content\/uploads\/2021\/09\/lavadora-i-dos-bosch-250x167.jpg 250w, https:\/\/www.milar.es\/blog\/wp-content\/uploads\/2021\/09\/lavadora-i-dos-bosch-768x512.jpg 768w, https:\/\/www.milar.es\/blog\/wp-content\/uploads\/2021\/09\/lavadora-i-dos-bosch-120x80.jpg 120w, https:\/\/www.milar.es\/blog\/wp-content\/uploads\/2021\/09\/lavadora-i-dos-bosch.jpg 1200w\" sizes=\"auto, (max-width: 700px) 100vw, 700px\" \/><\/figure><\/div>\n\n\n\n<h2 class=\"has-text-align-center wp-block-heading\">\u00bfC\u00f3mo funcionan las lavadoras i-DOS de Bosch?<\/h2>\n\n\n\n<p>Hay varios aspectos generales que debes saber a la hora de elegir estos modelos Bosch. Y es que las<strong> lavadoras i-DOS de Bosch <\/strong>presentan una serie de prestaciones que se distinguen de los modelos de otras marcas. Pero, \u00bfqu\u00e9 es exactamente la tecnolog\u00eda i-DOS de Bosch?<\/p>\n\n\n\n<p>Es un sistema de <strong>autodosificaci\u00f3n inteligente de detergente y suavizante<\/strong>, con el que vamos a conseguir un consumo mucho m\u00e1s eficiente lavado tras lavado en estas <strong><a href=\"https:\/\/www.milar.es\/lavadoras-cocina\/de-bosch.html\" target=\"_blank\" rel=\"noreferrer noopener\">lavadoras Bosch<\/a><\/strong>. \u00bfPor qu\u00e9? Pues porque muchas veces introducimos detergente y suavizante de m\u00e1s. Algo que no solo puede traducirse en un mayor consumo de agua, al tener que realizar aclarados adicionales, tambi\u00e9n podremos estropear las prendas debido a esa sobredosificaci\u00f3n. Gracias a las <strong>lavadoras i-DOS de Bosch<\/strong> conseguiremos una reducci\u00f3n de hasta <strong>10 litros de agua<\/strong> por ciclo de lavado y de un <strong>38% del consumo de detergente<\/strong>, ahorr\u00e1ndonos esa necesidad de realizar aclarados adicionales. Suena bien, \u00bfno? <\/p>\n\n\n\n<figure class=\"wp-block-embed is-type-video is-provider-youtube wp-block-embed-youtube wp-embed-aspect-16-9 wp-has-aspect-ratio\"><div class=\"wp-block-embed__wrapper\">\n<iframe loading=\"lazy\" title=\"\ud83d\udca7 Lavadora i-DOS con autodosificaci\u00f3n inteligente del detergente y suavizante\" width=\"900\" height=\"506\" src=\"https:\/\/www.youtube.com\/embed\/7oS5zUdbUrY?feature=oembed\" frameborder=\"0\" allow=\"accelerometer; autoplay; clipboard-write; encrypted-media; gyroscope; picture-in-picture; web-share\" allowfullscreen><\/iframe>\n<\/div><\/figure>\n\n\n\n<p>Adem\u00e1s, es muy f\u00e1cil de usar. Tan solo tendr\u00e1s que introducir las prendas a lavar en tus<a href=\"https:\/\/www.milar.es\/lavadoras-pequenas.html\"> <strong>lavadoras peque\u00f1as<\/strong><\/a><strong> Bosch<\/strong> y seleccionar <strong>Start<\/strong>. A partir de ahora no tendr\u00e1s que hacer nada m\u00e1s. Ser\u00e1 el propio electrodom\u00e9stico quien medir\u00e1 desde sus sensores grado de turbiedad del agua, el tipo de tejido y la cantidad de ropa introducida.  <\/p>\n\n\n\n<p>A partir de ah\u00ed, establecer\u00e1 los ajustes de temperatura, las revoluciones y la cantidad de detergente y de suavizante necesaria para dicha colada a trav\u00e9s de sus <strong>programas autom\u00e1ticos<\/strong>. Por ejemplo, si haces uso de la <strong>Tecnolog\u00eda ActiveWater<\/strong>, siempre tendr\u00e1s garantizado el m\u00ednimo consumo de agua lavado tras lavado. <\/p>\n\n\n\n<h2 class=\"has-text-align-center wp-block-heading\">Pros de instalar una lavadora i-DOS Bosch en tu hogar<\/h2>\n\n\n\n<p>Tal y como hemos dicho al principio,&nbsp;hay razones de sobra para dar el paso a las lavadoras Bosch. Uno de ellos es que solamente tendr\u00e1s que rellenar el <strong>cajet\u00edn <\/strong>una vez cada <strong>20 lavados<\/strong>. Pero, las lavadoras <strong>i-DOS de Bosch<\/strong> van mucho m\u00e1s all\u00e1, introduciendo prestaciones varias que te van a proporcionar una comodidad inigualable.<\/p>\n\n\n\n<p>&#8211; <strong>Consumo<\/strong>. Como ya hemos apuntado m\u00e1s arriba, optando por una <strong>lavadora i-DOS Bosch<\/strong> siempre tendr\u00e1s el <strong>consumo \u00f3ptimo <\/strong>en cada ciclo de lavado. Esto no solo se resume en un <strong>menor gasto energ\u00e9tico<\/strong>, tambi\u00e9n haremos nuestro granito de arena y seremos mucho m\u00e1s eficientes con el medioambiente. <\/p>\n\n\n\n<p>&#8211; <strong>Ruido<\/strong>. Estos modelos Bosch son tan <strong>silenciosos <\/strong>como un <strong>susurro<\/strong>. Y es que incorporan el motor&nbsp;<strong>EcoSilence<\/strong>, que no produce fricci\u00f3n y elimina el ruido m\u00e1s molesto convirti\u00e9ndola en modelos de lavadoras muy silenciosas, con los que siempre obtendr\u00e1s el m\u00ednimo nivel de decibelios posible. <\/p>\n\n\n\n<p>&#8211; <strong>Limpieza<\/strong>. Quiz\u00e1s llegado a este punto te has preguntado c\u00f3mo <strong>limpiar el cajet\u00edn <\/strong>de la <strong>lavadora i-DOS Bosch<\/strong>. Ya sea porque va siendo hora de lavar este accesorio o porque vas a echar un detergente distinto que el que usas habitualmente, para ropa oscura o delicada por ejemplo, solamente tendr\u00e1s que seguir estos pasos. Primero tendr\u00e1s que<strong> limpiar los dep\u00f3sitos del cajet\u00edn<\/strong>, para que se eliminen los restos del producto anterior. Despu\u00e9s, solamente tendr\u00e1s que pasar una bayeta h\u00fameda y podr\u00e1s volver a beneficiarte de estos electrodom\u00e9sticos <strong>Bosch<\/strong>. <\/p>\n\n\n\n<p>&#8211; <strong>Conectividad<\/strong>. \u00bfY si te digo que puedes controlar la<strong> lavadora i-DOS Bosch<\/strong> est\u00e9s donde est\u00e9s? Como incluyen <strong>wifi <\/strong>podr\u00e1s conectar este electrodom\u00e9stico a tu smartphone o tablet desde la aplicaci\u00f3n <strong>Home Connect<\/strong>. As\u00ed, ser\u00e1 este aparato quien se adapte a ti y todo ser\u00e1 mucho m\u00e1s sencillo. <\/p>\n\n\n\n<h2 class=\"has-text-align-center wp-block-heading\">\u00bfQu\u00e9 modelo de lavadora i-DOS Bosch puedo elegir?<\/h2>\n\n\n\n<p>En <strong>Milar <\/strong>contamos con un amplio cat\u00e1logo de <strong>lavadoras i-DOS Bosch<\/strong> para cada necesidad. Escoge muy bien dependiendo de tu presupuesto, de tus necesidades de lavado y del tama\u00f1o de tu familia. Aqu\u00ed os dejamos una comparativa de algunos modelos <strong>Bosch con i-DOS<\/strong> para que conozc\u00e1is sus prestaciones m\u00e1s a fondo. <\/p>\n\n\n\n<p>Esta <strong><a href=\"https:\/\/www.milar.es\/lavadora-bosch-wau24s5xes-aplusplusplus.html\" target=\"_blank\" rel=\"noreferrer noopener\">lavadora Bosch WAU24S5XES C<\/a><\/strong> cuenta con muy buenas opiniones debido a la gran cantidad de programas que incorpora. Podr\u00e1s hacer uso del <strong>inicio diferido<\/strong> para programar cuando deseas que termine el ciclo de lavado de este modelo <strong>Bosch <\/strong>hasta en un plazo de <strong>24 horas<\/strong>. Gracias a esto podremos aprovechar los tramos de luz m\u00e1s baratas o incluso programar este electrodom\u00e9stico para que termine de lavar la ropa justo cuando vuelvas del trabajo, por ejemplo. Tambi\u00e9n podr\u00e1s hacer uso de su <strong>Programa Ropa oscura<\/strong>, para que este tipo de tejidos nunca pierdan su color. <\/p>\n\n\n\n<div class=\"wp-block-image\"><figure class=\"aligncenter size-large\"><a href=\"https:\/\/www.milar.es\/lavadora-bosch-wau24s5xes-aplusplusplus.html\"><img loading=\"lazy\" decoding=\"async\" width=\"700\" height=\"256\" src=\"https:\/\/www.milar.es\/blog\/wp-content\/uploads\/2021\/09\/BANNER-NUEVO-2021-09-01T120321.930-700x256.jpg\" alt=\"Lavadora Bosch WAU24S5XES C\" class=\"wp-image-10079\" srcset=\"https:\/\/www.milar.es\/blog\/wp-content\/uploads\/2021\/09\/BANNER-NUEVO-2021-09-01T120321.930-700x256.jpg 700w, https:\/\/www.milar.es\/blog\/wp-content\/uploads\/2021\/09\/BANNER-NUEVO-2021-09-01T120321.930-250x91.jpg 250w, https:\/\/www.milar.es\/blog\/wp-content\/uploads\/2021\/09\/BANNER-NUEVO-2021-09-01T120321.930-768x281.jpg 768w, https:\/\/www.milar.es\/blog\/wp-content\/uploads\/2021\/09\/BANNER-NUEVO-2021-09-01T120321.930-120x44.jpg 120w, https:\/\/www.milar.es\/blog\/wp-content\/uploads\/2021\/09\/BANNER-NUEVO-2021-09-01T120321.930.jpg 1200w\" sizes=\"auto, (max-width: 700px) 100vw, 700px\" \/><\/a><\/figure><\/div>\n\n\n\n<p>En <strong>Milar<\/strong>, tambi\u00e9n puedes optar por esta <strong><a href=\"https:\/\/www.milar.es\/lavadora-bosch-wau28ph1es-aplusplusplus.html\" target=\"_blank\" rel=\"noreferrer noopener\">lavadora Bosch WAU28PH1ES C<\/a><\/strong>. Gracias a sus <strong>9 kg de capacidad<\/strong>, podr\u00e1s lavar toda tu colada en un solo ciclo de lavado. Adem\u00e1s, con este modelo <strong>Bosch <\/strong>nunca m\u00e1s volver\u00e1s a tener problemas con el <strong>ruido<\/strong>. \u00bfPor qu\u00e9? Pues porque gracias a su <strong>tambor VarioDrum<\/strong> y sus <strong>paneles antivibraci\u00f3n<\/strong> siempre tendremos garantizado la mayor eficacia en cada lavado y un nivel m\u00ednimo de decibelios. <\/p>\n\n\n\n<div class=\"wp-block-image\"><figure class=\"aligncenter size-large\"><a href=\"https:\/\/www.milar.es\/lavadora-bosch-wau28ph1es-aplusplusplus.html\"><img loading=\"lazy\" decoding=\"async\" width=\"700\" height=\"256\" src=\"https:\/\/www.milar.es\/blog\/wp-content\/uploads\/2021\/09\/BANNER-NUEVO-2021-09-01T122952.078-700x256.jpg\" alt=\"Lavadora Bosch WAU28PH1ES C\" class=\"wp-image-10082\" srcset=\"https:\/\/www.milar.es\/blog\/wp-content\/uploads\/2021\/09\/BANNER-NUEVO-2021-09-01T122952.078-700x256.jpg 700w, https:\/\/www.milar.es\/blog\/wp-content\/uploads\/2021\/09\/BANNER-NUEVO-2021-09-01T122952.078-250x91.jpg 250w, https:\/\/www.milar.es\/blog\/wp-content\/uploads\/2021\/09\/BANNER-NUEVO-2021-09-01T122952.078-768x281.jpg 768w, https:\/\/www.milar.es\/blog\/wp-content\/uploads\/2021\/09\/BANNER-NUEVO-2021-09-01T122952.078-120x44.jpg 120w, https:\/\/www.milar.es\/blog\/wp-content\/uploads\/2021\/09\/BANNER-NUEVO-2021-09-01T122952.078.jpg 1200w\" sizes=\"auto, (max-width: 700px) 100vw, 700px\" \/><\/a><\/figure><\/div>\n\n\n\n<p>\u00bfNecesitas una mayor capacidad de lavado? No te preocupes porque tambi\u00e9n puedes instalar esta <strong><a href=\"https:\/\/www.milar.es\/lavadora-bosch-wal28ph0es-c.html\">lavadora Bosch WAL28PH0ES C<\/a><\/strong>. Con sus <strong>10 kg de capacidad de lavado<\/strong>, este modelo <strong>Bosch <\/strong>es muy \u00f3ptimo para aquellos hogares numerosos y que tengan que lavar ropa d\u00eda s\u00ed d\u00eda tambi\u00e9n. Como es muy vers\u00e1til, tambi\u00e9n podr\u00e1s hacer uso del <strong>Programa R\u00e1pido de 30 min<\/strong>, para cargas peque\u00f1as y poco sucias, y en tan solo media hora tu ropa favorita volver\u00e1 a estar limpia. \u00bfA qu\u00e9 suena genial?<\/p>\n\n\n\n<div class=\"wp-block-image\"><figure class=\"aligncenter size-large\"><a href=\"https:\/\/www.milar.es\/lavadora-bosch-wal28ph0es-c.html\"><img loading=\"lazy\" decoding=\"async\" width=\"700\" height=\"256\" src=\"https:\/\/www.milar.es\/blog\/wp-content\/uploads\/2021\/09\/BANNER-NUEVO-2021-09-01T125555.323-700x256.jpg\" alt=\"Lavadora Bosch WAL28PH0ES C\" class=\"wp-image-10084\" srcset=\"https:\/\/www.milar.es\/blog\/wp-content\/uploads\/2021\/09\/BANNER-NUEVO-2021-09-01T125555.323-700x256.jpg 700w, https:\/\/www.milar.es\/blog\/wp-content\/uploads\/2021\/09\/BANNER-NUEVO-2021-09-01T125555.323-250x91.jpg 250w, https:\/\/www.milar.es\/blog\/wp-content\/uploads\/2021\/09\/BANNER-NUEVO-2021-09-01T125555.323-768x281.jpg 768w, https:\/\/www.milar.es\/blog\/wp-content\/uploads\/2021\/09\/BANNER-NUEVO-2021-09-01T125555.323-120x44.jpg 120w, https:\/\/www.milar.es\/blog\/wp-content\/uploads\/2021\/09\/BANNER-NUEVO-2021-09-01T125555.323.jpg 1200w\" sizes=\"auto, (max-width: 700px) 100vw, 700px\" \/><\/a><\/figure><\/div>\n\n\n\n<p>No podemos dejar de mostrar esta <strong><a href=\"https:\/\/www.milar.es\/lavadora-bosch-wau28phxes-aplusplusplus.html\" target=\"_blank\" rel=\"noreferrer noopener\">lavadora Bosch WAU28PHXES C<\/a><\/strong>, pues obtendr\u00e1s una absoluta tranquilidad lavado tras lavado. Al ser un modelo <strong>Bosch <\/strong>de<strong> acero inoxidable<\/strong>, podr\u00e1s limpiar su exterior de una manera muy f\u00e1cil. \u00bfSe te ha olvidado introducir alguna prenda y ya ha empezado a funcionar la lavadora? Tan solo pulsa <strong>Pausa+Carga<\/strong> y esta <strong>lavadora Bosch <\/strong>interrumpir\u00e1 el proceso de lavado, para que puedas meter la ropa olvidada. <\/p>\n\n\n\n<div class=\"wp-block-image\"><figure class=\"aligncenter size-large\"><a href=\"https:\/\/www.milar.es\/lavadora-bosch-wau28phxes-aplusplusplus.html\"><img loading=\"lazy\" decoding=\"async\" width=\"700\" height=\"256\" src=\"https:\/\/www.milar.es\/blog\/wp-content\/uploads\/2021\/09\/BANNER-NUEVO-2021-09-01T131430.681-700x256.jpg\" alt=\"Lavadora Bosch WAU28PHXES C\" class=\"wp-image-10088\" srcset=\"https:\/\/www.milar.es\/blog\/wp-content\/uploads\/2021\/09\/BANNER-NUEVO-2021-09-01T131430.681-700x256.jpg 700w, https:\/\/www.milar.es\/blog\/wp-content\/uploads\/2021\/09\/BANNER-NUEVO-2021-09-01T131430.681-250x91.jpg 250w, https:\/\/www.milar.es\/blog\/wp-content\/uploads\/2021\/09\/BANNER-NUEVO-2021-09-01T131430.681-768x281.jpg 768w, https:\/\/www.milar.es\/blog\/wp-content\/uploads\/2021\/09\/BANNER-NUEVO-2021-09-01T131430.681-120x44.jpg 120w, https:\/\/www.milar.es\/blog\/wp-content\/uploads\/2021\/09\/BANNER-NUEVO-2021-09-01T131430.681.jpg 1200w\" sizes=\"auto, (max-width: 700px) 100vw, 700px\" \/><\/a><\/figure><\/div>\n\n\n\n<p>Despu\u00e9s de conocer todo lo que puede proporcionarte una <strong><a href=\"https:\/\/www.milar.es\/blog\/lavadora-8-kg-que-puedo-lavar-en-una-lavadora-de-8kg\/\">lavadora 8 kg<\/a> i-DOS Bosch<\/strong>, ya no tendr\u00e1s que preocuparte por el consumo de tu lavadora. No dudes en visitar la p\u00e1gina web de\u00a0<strong>Milar\u00a0<\/strong>para hacerte con la <strong>lavadora Bosch con i-DOS<\/strong> al\u00a0<strong>precio\u00a0<\/strong>que m\u00e1s se ajusta a tus intereses o la <strong><a href=\"https:\/\/www.milar.es\/blog\/es-la-lavadora-de-doble-tambor-una-buena-opcion-para-tu-hogar\/\" target=\"_blank\" rel=\"noreferrer noopener\">lavadora de doble tambor<\/a><\/strong> perfecta para ti. \u00a1Encuentra el mejor en nuestras tiendas! <\/p>\n\n\n\n<p>Te dejamos otros art\u00edculos que pueden ser de tu inter\u00e9s. \u00a1Hasta la pr\u00f3xima! <\/p>\n\n\n\n<p><strong><a href=\"https:\/\/www.milar.es\/blog\/como-secar-el-edredon-secadora-bosch\/\" target=\"_blank\" rel=\"noreferrer noopener\">\u00bfC\u00f3mo secar el edred\u00f3n en una secadora Bosch?<\/a><\/strong><\/p>\n\n\n\n<p><strong><a href=\"https:\/\/www.milar.es\/blog\/nuevas-lavadoras-de-bosch-comparativa-de-modelos\/\" target=\"_blank\" rel=\"noreferrer noopener\">Nuevas lavadoras de Bosch: Comparativa de modelos<\/a><\/strong><\/p>\n\n\n\n<p><strong><a href=\"https:\/\/www.milar.es\/blog\/comparativa-entre-lavadoras-balay-y-lavadoras-bosch\/\" target=\"_blank\" rel=\"noreferrer noopener\">Comparativa entre lavadoras Balay y lavadoras Bosch<\/a><\/strong><\/p>\n","protected":false},"excerpt":{"rendered":"Cuando llega el momento de poner la lavadora, el proceso es autom\u00e1tico. Primero metes la ropa en el tambor, despu\u00e9s introduces detergente y suavizante en sus correspondientes cajetines y, por \u00faltimo, seleccionas el programa. Parece algo f\u00e1cil, s\u00ed. Pero, \u00bfy si te digo que puede ser que est\u00e9s desperdiciando detergente&#8230; <a class=\"view-article\" href=\"https:\/\/www.milar.es\/blog\/como-utilizar-una-lavadora-i-dos-de-bosch\/\">Ver art\u00edculo<\/a>","protected":false},"author":1,"featured_media":10077,"comment_status":"closed","ping_status":"closed","sticky":false,"template":"","format":"standard","meta":{"footnotes":""},"categories":[2,14],"tags":[],"class_list":["post-10075","post","type-post","status-publish","format-standard","has-post-thumbnail","hentry","category-electrodomesticos","category-lavadoras"],"yoast_head":"<!-- This site is optimized with the Yoast SEO plugin v27.5 - https:\/\/yoast.com\/product\/yoast-seo-wordpress\/ -->\n<title>C\u00f3mo utilizar una lavadora i-DOS de Bosch - Milar Tendencias de electrodom\u00e9sticos<\/title>\n<meta name=\"description\" content=\"Dejar\u00e1s de desperdiciar detergente y suavizante y gastar agua de m\u00e1s con una lavadora i-DOS de Bosch, disponible en Milar al mejor precio.\" \/>\n<meta name=\"robots\" content=\"index, follow, max-snippet:-1, max-image-preview:large, max-video-preview:-1\" \/>\n<link rel=\"canonical\" href=\"https:\/\/www.milar.es\/blog\/como-utilizar-una-lavadora-i-dos-de-bosch\/\" \/>\n<meta property=\"og:locale\" content=\"es_ES\" \/>\n<meta property=\"og:type\" content=\"article\" \/>\n<meta property=\"og:title\" content=\"C\u00f3mo utilizar una lavadora i-DOS de Bosch - Milar Tendencias de electrodom\u00e9sticos\" \/>\n<meta property=\"og:description\" content=\"Dejar\u00e1s de desperdiciar detergente y suavizante y gastar agua de m\u00e1s con una lavadora i-DOS de Bosch, disponible en Milar al mejor precio.\" \/>\n<meta property=\"og:url\" content=\"https:\/\/www.milar.es\/blog\/como-utilizar-una-lavadora-i-dos-de-bosch\/\" \/>\n<meta property=\"og:site_name\" content=\"Milar Tendencias de electrodom\u00e9sticos\" \/>\n<meta property=\"article:published_time\" content=\"2021-09-14T14:00:12+00:00\" \/>\n<meta property=\"article:modified_time\" content=\"2025-10-02T14:27:54+00:00\" \/>\n<meta property=\"og:image\" content=\"https:\/\/www.milar.es\/blog\/wp-content\/uploads\/2021\/09\/lavadora-i-dos-bosch.jpg\" \/>\n\t<meta property=\"og:image:width\" content=\"1200\" \/>\n\t<meta property=\"og:image:height\" content=\"800\" \/>\n\t<meta property=\"og:image:type\" content=\"image\/jpeg\" \/>\n<meta name=\"author\" content=\"Milar\" \/>\n<meta name=\"twitter:card\" content=\"summary_large_image\" \/>\n<meta name=\"twitter:label1\" content=\"Escrito por\" \/>\n\t<meta name=\"twitter:data1\" content=\"Milar\" \/>\n\t<meta name=\"twitter:label2\" content=\"Tiempo de lectura\" \/>\n\t<meta name=\"twitter:data2\" content=\"7 minutos\" \/>\n<script type=\"application\/ld+json\" class=\"yoast-schema-graph\">{\"@context\":\"https:\\\/\\\/schema.org\",\"@graph\":[{\"@type\":\"Article\",\"@id\":\"https:\\\/\\\/www.milar.es\\\/blog\\\/como-utilizar-una-lavadora-i-dos-de-bosch\\\/#article\",\"isPartOf\":{\"@id\":\"https:\\\/\\\/www.milar.es\\\/blog\\\/como-utilizar-una-lavadora-i-dos-de-bosch\\\/\"},\"author\":{\"name\":\"Milar\",\"@id\":\"https:\\\/\\\/www.milar.es\\\/blog\\\/#\\\/schema\\\/person\\\/a63c4965e2d32a22be88aabb90c4f11f\"},\"headline\":\"C\u00f3mo utilizar una lavadora i-DOS de Bosch\",\"datePublished\":\"2021-09-14T14:00:12+00:00\",\"dateModified\":\"2025-10-02T14:27:54+00:00\",\"mainEntityOfPage\":{\"@id\":\"https:\\\/\\\/www.milar.es\\\/blog\\\/como-utilizar-una-lavadora-i-dos-de-bosch\\\/\"},\"wordCount\":1248,\"image\":{\"@id\":\"https:\\\/\\\/www.milar.es\\\/blog\\\/como-utilizar-una-lavadora-i-dos-de-bosch\\\/#primaryimage\"},\"thumbnailUrl\":\"https:\\\/\\\/www.milar.es\\\/blog\\\/wp-content\\\/uploads\\\/2021\\\/09\\\/lavadora-i-dos-bosch.jpg\",\"articleSection\":[\"Electrodom\u00e9sticos\",\"Lavadoras\"],\"inLanguage\":\"es\"},{\"@type\":\"WebPage\",\"@id\":\"https:\\\/\\\/www.milar.es\\\/blog\\\/como-utilizar-una-lavadora-i-dos-de-bosch\\\/\",\"url\":\"https:\\\/\\\/www.milar.es\\\/blog\\\/como-utilizar-una-lavadora-i-dos-de-bosch\\\/\",\"name\":\"C\u00f3mo utilizar una lavadora i-DOS de Bosch - Milar Tendencias de electrodom\u00e9sticos\",\"isPartOf\":{\"@id\":\"https:\\\/\\\/www.milar.es\\\/blog\\\/#website\"},\"primaryImageOfPage\":{\"@id\":\"https:\\\/\\\/www.milar.es\\\/blog\\\/como-utilizar-una-lavadora-i-dos-de-bosch\\\/#primaryimage\"},\"image\":{\"@id\":\"https:\\\/\\\/www.milar.es\\\/blog\\\/como-utilizar-una-lavadora-i-dos-de-bosch\\\/#primaryimage\"},\"thumbnailUrl\":\"https:\\\/\\\/www.milar.es\\\/blog\\\/wp-content\\\/uploads\\\/2021\\\/09\\\/lavadora-i-dos-bosch.jpg\",\"datePublished\":\"2021-09-14T14:00:12+00:00\",\"dateModified\":\"2025-10-02T14:27:54+00:00\",\"author\":{\"@id\":\"https:\\\/\\\/www.milar.es\\\/blog\\\/#\\\/schema\\\/person\\\/a63c4965e2d32a22be88aabb90c4f11f\"},\"description\":\"Dejar\u00e1s de desperdiciar detergente y suavizante y gastar agua de m\u00e1s con una lavadora i-DOS de Bosch, disponible en Milar al mejor precio.\",\"breadcrumb\":{\"@id\":\"https:\\\/\\\/www.milar.es\\\/blog\\\/como-utilizar-una-lavadora-i-dos-de-bosch\\\/#breadcrumb\"},\"inLanguage\":\"es\",\"potentialAction\":[{\"@type\":\"ReadAction\",\"target\":[\"https:\\\/\\\/www.milar.es\\\/blog\\\/como-utilizar-una-lavadora-i-dos-de-bosch\\\/\"]}]},{\"@type\":\"ImageObject\",\"inLanguage\":\"es\",\"@id\":\"https:\\\/\\\/www.milar.es\\\/blog\\\/como-utilizar-una-lavadora-i-dos-de-bosch\\\/#primaryimage\",\"url\":\"https:\\\/\\\/www.milar.es\\\/blog\\\/wp-content\\\/uploads\\\/2021\\\/09\\\/lavadora-i-dos-bosch.jpg\",\"contentUrl\":\"https:\\\/\\\/www.milar.es\\\/blog\\\/wp-content\\\/uploads\\\/2021\\\/09\\\/lavadora-i-dos-bosch.jpg\",\"width\":1200,\"height\":800,\"caption\":\"lavadora i-dos bosch\"},{\"@type\":\"BreadcrumbList\",\"@id\":\"https:\\\/\\\/www.milar.es\\\/blog\\\/como-utilizar-una-lavadora-i-dos-de-bosch\\\/#breadcrumb\",\"itemListElement\":[{\"@type\":\"ListItem\",\"position\":1,\"name\":\"Home\",\"item\":\"https:\\\/\\\/www.milar.es\\\/blog\\\/\"},{\"@type\":\"ListItem\",\"position\":2,\"name\":\"C\u00f3mo utilizar una lavadora i-DOS de Bosch\"}]},{\"@type\":\"WebSite\",\"@id\":\"https:\\\/\\\/www.milar.es\\\/blog\\\/#website\",\"url\":\"https:\\\/\\\/www.milar.es\\\/blog\\\/\",\"name\":\"Milar Tendencias de electrodom\u00e9sticos\",\"description\":\"\",\"potentialAction\":[{\"@type\":\"SearchAction\",\"target\":{\"@type\":\"EntryPoint\",\"urlTemplate\":\"https:\\\/\\\/www.milar.es\\\/blog\\\/?s={search_term_string}\"},\"query-input\":{\"@type\":\"PropertyValueSpecification\",\"valueRequired\":true,\"valueName\":\"search_term_string\"}}],\"inLanguage\":\"es\"},{\"@type\":\"Person\",\"@id\":\"https:\\\/\\\/www.milar.es\\\/blog\\\/#\\\/schema\\\/person\\\/a63c4965e2d32a22be88aabb90c4f11f\",\"name\":\"Milar\",\"image\":{\"@type\":\"ImageObject\",\"inLanguage\":\"es\",\"@id\":\"https:\\\/\\\/secure.gravatar.com\\\/avatar\\\/1ff5211459d04644acdbe2d949c2a8626dc0f1e355d4830331235d147f36505a?s=96&d=mm&r=g\",\"url\":\"https:\\\/\\\/secure.gravatar.com\\\/avatar\\\/1ff5211459d04644acdbe2d949c2a8626dc0f1e355d4830331235d147f36505a?s=96&d=mm&r=g\",\"contentUrl\":\"https:\\\/\\\/secure.gravatar.com\\\/avatar\\\/1ff5211459d04644acdbe2d949c2a8626dc0f1e355d4830331235d147f36505a?s=96&d=mm&r=g\",\"caption\":\"Milar\"}}]}<\/script>\n<!-- \/ Yoast SEO plugin. -->","yoast_head_json":{"title":"C\u00f3mo utilizar una lavadora i-DOS de Bosch - Milar Tendencias de electrodom\u00e9sticos","description":"Dejar\u00e1s de desperdiciar detergente y suavizante y gastar agua de m\u00e1s con una lavadora i-DOS de Bosch, disponible en Milar al mejor precio.","robots":{"index":"index","follow":"follow","max-snippet":"max-snippet:-1","max-image-preview":"max-image-preview:large","max-video-preview":"max-video-preview:-1"},"canonical":"https:\/\/www.milar.es\/blog\/como-utilizar-una-lavadora-i-dos-de-bosch\/","og_locale":"es_ES","og_type":"article","og_title":"C\u00f3mo utilizar una lavadora i-DOS de Bosch - Milar Tendencias de electrodom\u00e9sticos","og_description":"Dejar\u00e1s de desperdiciar detergente y suavizante y gastar agua de m\u00e1s con una lavadora i-DOS de Bosch, disponible en Milar al mejor precio.","og_url":"https:\/\/www.milar.es\/blog\/como-utilizar-una-lavadora-i-dos-de-bosch\/","og_site_name":"Milar Tendencias de electrodom\u00e9sticos","article_published_time":"2021-09-14T14:00:12+00:00","article_modified_time":"2025-10-02T14:27:54+00:00","og_image":[{"width":1200,"height":800,"url":"https:\/\/www.milar.es\/blog\/wp-content\/uploads\/2021\/09\/lavadora-i-dos-bosch.jpg","type":"image\/jpeg"}],"author":"Milar","twitter_card":"summary_large_image","twitter_misc":{"Escrito por":"Milar","Tiempo de lectura":"7 minutos"},"schema":{"@context":"https:\/\/schema.org","@graph":[{"@type":"Article","@id":"https:\/\/www.milar.es\/blog\/como-utilizar-una-lavadora-i-dos-de-bosch\/#article","isPartOf":{"@id":"https:\/\/www.milar.es\/blog\/como-utilizar-una-lavadora-i-dos-de-bosch\/"},"author":{"name":"Milar","@id":"https:\/\/www.milar.es\/blog\/#\/schema\/person\/a63c4965e2d32a22be88aabb90c4f11f"},"headline":"C\u00f3mo utilizar una lavadora i-DOS de Bosch","datePublished":"2021-09-14T14:00:12+00:00","dateModified":"2025-10-02T14:27:54+00:00","mainEntityOfPage":{"@id":"https:\/\/www.milar.es\/blog\/como-utilizar-una-lavadora-i-dos-de-bosch\/"},"wordCount":1248,"image":{"@id":"https:\/\/www.milar.es\/blog\/como-utilizar-una-lavadora-i-dos-de-bosch\/#primaryimage"},"thumbnailUrl":"https:\/\/www.milar.es\/blog\/wp-content\/uploads\/2021\/09\/lavadora-i-dos-bosch.jpg","articleSection":["Electrodom\u00e9sticos","Lavadoras"],"inLanguage":"es"},{"@type":"WebPage","@id":"https:\/\/www.milar.es\/blog\/como-utilizar-una-lavadora-i-dos-de-bosch\/","url":"https:\/\/www.milar.es\/blog\/como-utilizar-una-lavadora-i-dos-de-bosch\/","name":"C\u00f3mo utilizar una lavadora i-DOS de Bosch - Milar Tendencias de electrodom\u00e9sticos","isPartOf":{"@id":"https:\/\/www.milar.es\/blog\/#website"},"primaryImageOfPage":{"@id":"https:\/\/www.milar.es\/blog\/como-utilizar-una-lavadora-i-dos-de-bosch\/#primaryimage"},"image":{"@id":"https:\/\/www.milar.es\/blog\/como-utilizar-una-lavadora-i-dos-de-bosch\/#primaryimage"},"thumbnailUrl":"https:\/\/www.milar.es\/blog\/wp-content\/uploads\/2021\/09\/lavadora-i-dos-bosch.jpg","datePublished":"2021-09-14T14:00:12+00:00","dateModified":"2025-10-02T14:27:54+00:00","author":{"@id":"https:\/\/www.milar.es\/blog\/#\/schema\/person\/a63c4965e2d32a22be88aabb90c4f11f"},"description":"Dejar\u00e1s de desperdiciar detergente y suavizante y gastar agua de m\u00e1s con una lavadora i-DOS de Bosch, disponible en Milar al mejor precio.","breadcrumb":{"@id":"https:\/\/www.milar.es\/blog\/como-utilizar-una-lavadora-i-dos-de-bosch\/#breadcrumb"},"inLanguage":"es","potentialAction":[{"@type":"ReadAction","target":["https:\/\/www.milar.es\/blog\/como-utilizar-una-lavadora-i-dos-de-bosch\/"]}]},{"@type":"ImageObject","inLanguage":"es","@id":"https:\/\/www.milar.es\/blog\/como-utilizar-una-lavadora-i-dos-de-bosch\/#primaryimage","url":"https:\/\/www.milar.es\/blog\/wp-content\/uploads\/2021\/09\/lavadora-i-dos-bosch.jpg","contentUrl":"https:\/\/www.milar.es\/blog\/wp-content\/uploads\/2021\/09\/lavadora-i-dos-bosch.jpg","width":1200,"height":800,"caption":"lavadora i-dos bosch"},{"@type":"BreadcrumbList","@id":"https:\/\/www.milar.es\/blog\/como-utilizar-una-lavadora-i-dos-de-bosch\/#breadcrumb","itemListElement":[{"@type":"ListItem","position":1,"name":"Home","item":"https:\/\/www.milar.es\/blog\/"},{"@type":"ListItem","position":2,"name":"C\u00f3mo utilizar una lavadora i-DOS de Bosch"}]},{"@type":"WebSite","@id":"https:\/\/www.milar.es\/blog\/#website","url":"https:\/\/www.milar.es\/blog\/","name":"Milar Tendencias de electrodom\u00e9sticos","description":"","potentialAction":[{"@type":"SearchAction","target":{"@type":"EntryPoint","urlTemplate":"https:\/\/www.milar.es\/blog\/?s={search_term_string}"},"query-input":{"@type":"PropertyValueSpecification","valueRequired":true,"valueName":"search_term_string"}}],"inLanguage":"es"},{"@type":"Person","@id":"https:\/\/www.milar.es\/blog\/#\/schema\/person\/a63c4965e2d32a22be88aabb90c4f11f","name":"Milar","image":{"@type":"ImageObject","inLanguage":"es","@id":"https:\/\/secure.gravatar.com\/avatar\/1ff5211459d04644acdbe2d949c2a8626dc0f1e355d4830331235d147f36505a?s=96&d=mm&r=g","url":"https:\/\/secure.gravatar.com\/avatar\/1ff5211459d04644acdbe2d949c2a8626dc0f1e355d4830331235d147f36505a?s=96&d=mm&r=g","contentUrl":"https:\/\/secure.gravatar.com\/avatar\/1ff5211459d04644acdbe2d949c2a8626dc0f1e355d4830331235d147f36505a?s=96&d=mm&r=g","caption":"Milar"}}]}},"_links":{"self":[{"href":"https:\/\/www.milar.es\/blog\/wp-json\/wp\/v2\/posts\/10075","targetHints":{"allow":["GET"]}}],"collection":[{"href":"https:\/\/www.milar.es\/blog\/wp-json\/wp\/v2\/posts"}],"about":[{"href":"https:\/\/www.milar.es\/blog\/wp-json\/wp\/v2\/types\/post"}],"author":[{"embeddable":true,"href":"https:\/\/www.milar.es\/blog\/wp-json\/wp\/v2\/users\/1"}],"replies":[{"embeddable":true,"href":"https:\/\/www.milar.es\/blog\/wp-json\/wp\/v2\/comments?post=10075"}],"version-history":[{"count":28,"href":"https:\/\/www.milar.es\/blog\/wp-json\/wp\/v2\/posts\/10075\/revisions"}],"predecessor-version":[{"id":13219,"href":"https:\/\/www.milar.es\/blog\/wp-json\/wp\/v2\/posts\/10075\/revisions\/13219"}],"wp:featuredmedia":[{"embeddable":true,"href":"https:\/\/www.milar.es\/blog\/wp-json\/wp\/v2\/media\/10077"}],"wp:attachment":[{"href":"https:\/\/www.milar.es\/blog\/wp-json\/wp\/v2\/media?parent=10075"}],"wp:term":[{"taxonomy":"category","embeddable":true,"href":"https:\/\/www.milar.es\/blog\/wp-json\/wp\/v2\/categories?post=10075"},{"taxonomy":"post_tag","embeddable":true,"href":"https:\/\/www.milar.es\/blog\/wp-json\/wp\/v2\/tags?post=10075"}],"curies":[{"name":"wp","href":"https:\/\/api.w.org\/{rel}","templated":true}]}}